{"id":66025,"date":"2021-04-22T10:19:16","date_gmt":"2021-04-22T13:19:16","guid":{"rendered":"https:\/\/noticiasmercedinas.com\/site\/?p=66025"},"modified":"2021-04-22T10:19:16","modified_gmt":"2021-04-22T13:19:16","slug":"barrio-san-jorge-consiguen-que-se-inicien-obras-pero-las-perdidas-de-agua-continuan","status":"publish","type":"post","link":"https:\/\/noticiasmercedinas.com\/site\/2021\/04\/22\/barrio-san-jorge-consiguen-que-se-inicien-obras-pero-las-perdidas-de-agua-continuan\/","title":{"rendered":"Barrio San Jorge: consiguen que se inicien obras, pero las p\u00e9rdidas de agua contin\u00faan"},"content":{"rendered":"<p><img loading=\"lazy\" decoding=\"async\" class=\"alignnone size-full wp-image-66026\" src=\"https:\/\/noticiasmercedinas.com\/site\/wp-content\/uploads\/2021\/04\/agua.jpg\" alt=\"\" width=\"774\" height=\"544\" srcset=\"https:\/\/noticiasmercedinas.com\/site\/wp-content\/uploads\/2021\/04\/agua.jpg 774w, https:\/\/noticiasmercedinas.com\/site\/wp-content\/uploads\/2021\/04\/agua-300x211.jpg 300w, https:\/\/noticiasmercedinas.com\/site\/wp-content\/uploads\/2021\/04\/agua-768x540.jpg 768w, https:\/\/noticiasmercedinas.com\/site\/wp-content\/uploads\/2021\/04\/agua-640x450.jpg 640w, https:\/\/noticiasmercedinas.com\/site\/wp-content\/uploads\/2021\/04\/agua-681x479.jpg 681w\" sizes=\"auto, (max-width: 774px) 100vw, 774px\" \/><\/p>\n<p>\u201cLos vecinos del barrio San Jorge seguimos unidos buscando el mantenimiento del barrio, y para ello pagamos las tasas\u201d, se\u00f1alaron este jueves, en vistas de la continuidad de las perdidas de agua que han denunciado reiteradas veces.<\/p>\n<p>Hace unos meses, presentaron un petitorio al Ejecutivo municipal que dio origen al expediente 482\/2021 y pas\u00f3 a Obras P\u00fablicas. Pero al no obtener respuestas se lo llevaron a los distintos bloques de concejales y el expediente encontr\u00f3 eco. As\u00ed fue que comenzaron lentamente las obras, aunque hay una p\u00e9rdida de agua potable que se ha hecho m\u00e1s evidente al realizar el zanjeo que requirieron.<\/p>\n<p>Lo que se\u00f1alan una vez m\u00e1s es la elocuente p\u00e9rdida de agua potable en la ca\u00f1er\u00eda que corre a la vera de la calle 108 entre 125 y ruta 41, a mano izquierda, justamente en esa direcci\u00f3n.<\/p>\n<p>\u201cHace al menos 20 a\u00f1os se registra tal p\u00e9rdida, que con el paso del tiempo se ha ido acentuando, lo que torna escandaloso el derroche del elemento vital para la vida. Hace 10 a\u00f1os, a instancias de tres o cuatro vecinos de la calle 108, el entonces Intendente Carlos Selva, y despu\u00e9s de reiteradas denuncias formales y medi\u00e1ticas, se acerc\u00f3 al barrio, acompa\u00f1ado por varios funcionarios y empleados municipales del \u00e1rea. Fue informado, observ\u00f3, pero nada se solucion\u00f3\u201d, recordaron.<\/p>\n<blockquote><p>\u00abCabe preguntarse si siempre la dirigencia ir\u00e1 detr\u00e1s de las necesidades, cabe preguntarse si no hubi\u00e9ramos ahorrado miles y miles de pesos en gasto energ\u00e9tico y miles y miles de litros de agua potable\u00bb, expresaron<\/p><\/blockquote>\n<p>\u201cEn la actualidad, y despu\u00e9s del petitorio de 9 puntos presentado ante el Municipio con la firma de 89 vecinos, que dio origen al Expediente 482\/2021, los vecinos observan con benepl\u00e1cito la realizaci\u00f3n incipiente de las tareas de mantenimiento solicitado. Hasta la fecha se ha comenzado con la recolecci\u00f3n de ramas y productos de poda y se est\u00e1 efectuando el zanjeo y desmalezamiento sobre 108, en la mano se\u00f1alada. Es en esta instancia en la que salta a la vista de todos, el desperdicio de agua potable, en verdaderos \u201cmanantiales\u201d que borbotean a lo largo de la ca\u00f1er\u00eda en no menos de seis puntos clave\u201d, agregaron.<\/p>\n<p>\u201cCuando se escuchan las quejas de muchos vecinos urbanos acerca de la falta de la provisi\u00f3n de agua potable; cuando se sabe del gasto el\u00e9ctrico que implica el mantenimiento de las bombas trabajando; cuando se eval\u00faa la negligencia durante 20 a\u00f1os y hasta la denuncia expresa en el expediente 482 iniciado por este grupo de vecinos (y a pesar de comunicaciones telef\u00f3nicas reiteradas con funcionarios de Obras P\u00fablicas y hasta de Salud sobre el tema)\u2026 cabe preguntarse si siempre la dirigencia ir\u00e1 detr\u00e1s de las necesidades, cabe preguntarse si no hubi\u00e9ramos ahorrado miles y miles de pesos en gasto energ\u00e9tico y miles y miles de litros de agua potable\u201d, expresaron los vecinos y plantearon que ojal\u00e1 la tarea conjunta de concejales y Ejecutivo local logre responder a los reclamos.<\/p>\n","protected":false},"excerpt":{"rendered":"<p>\u25a0 Destacan que luego de a\u00f1os de reclamos comenzaron lentamente las obras. Pero se\u00f1alan grave p\u00e9rdida por la ca\u00f1er\u00eda que corre a la vera de la calle 108 entre 125 y ruta 41, a mano izquierda.<\/p>\n","protected":false},"author":2,"featured_media":66026,"comment_status":"open","ping_status":"open","sticky":false,"template":"","format":"standard","meta":{"footnotes":""},"categories":[3],"tags":[2410,3396,239],"class_list":["post-66025","post","type-post","status-publish","format-standard","has-post-thumbnail","hentry","category-sociedad","tag-agua-potable","tag-barrio-san-jorge","tag-vecinos"],"yoast_head":"<!-- This site is optimized with the Yoast SEO plugin v27.4 - https:\/\/yoast.com\/product\/yoast-seo-wordpress\/ -->\n<title>Barrio San Jorge: consiguen que se inicien obras, pero las p\u00e9rdidas de agua contin\u00faan<\/title>\n<meta name=\"robots\" content=\"index, follow, max-snippet:-1, max-image-preview:large, max-video-preview:-1\" \/>\n<link rel=\"canonical\" href=\"https:\/\/noticiasmercedinas.com\/site\/2021\/04\/22\/barrio-san-jorge-consiguen-que-se-inicien-obras-pero-las-perdidas-de-agua-continuan\/\" \/>\n<meta property=\"og:locale\" content=\"es_ES\" \/>\n<meta property=\"og:type\" content=\"article\" \/>\n<meta property=\"og:title\" content=\"Barrio San Jorge: consiguen que se inicien obras, pero las p\u00e9rdidas de agua contin\u00faan\" \/>\n<meta property=\"og:description\" content=\"\u25a0 Destacan que luego de a\u00f1os de reclamos comenzaron lentamente las obras. Pero se\u00f1alan grave p\u00e9rdida por la ca\u00f1er\u00eda que corre a la vera de la calle 108 entre 125 y ruta 41, a mano izquierda.\" \/>\n<meta property=\"og:url\" content=\"https:\/\/noticiasmercedinas.com\/site\/2021\/04\/22\/barrio-san-jorge-consiguen-que-se-inicien-obras-pero-las-perdidas-de-agua-continuan\/\" \/>\n<meta property=\"og:site_name\" content=\"NOTICIASMERCEDINAS.COM\" \/>\n<meta property=\"article:publisher\" content=\"https:\/\/www.facebook.com\/noticiasmercedinas\/\" \/>\n<meta property=\"article:author\" content=\"https:\/\/www.facebook.com\/cristian.falabella\" \/>\n<meta property=\"article:published_time\" content=\"2021-04-22T13:19:16+00:00\" \/>\n<meta property=\"og:image\" content=\"https:\/\/noticiasmercedinas.com\/site\/wp-content\/uploads\/2021\/04\/agua.jpg\" \/>\n\t<meta property=\"og:image:width\" content=\"774\" \/>\n\t<meta property=\"og:image:height\" content=\"544\" \/>\n\t<meta property=\"og:image:type\" content=\"image\/jpeg\" \/>\n<meta name=\"author\" content=\"Cristian Falabella NOTICIASMERCEDINAS.COM\" \/>\n<meta name=\"twitter:card\" content=\"summary_large_image\" \/>\n<meta name=\"twitter:creator\" content=\"@https:\/\/twitter.com\/NOTMERCEDINAS\" \/>\n<meta name=\"twitter:site\" content=\"@notmercedinas\" \/>\n<meta name=\"twitter:label1\" content=\"Escrito por\" \/>\n\t<meta name=\"twitter:data1\" content=\"Cristian Falabella NOTICIASMERCEDINAS.COM\" \/>\n\t<meta name=\"twitter:label2\" content=\"Tiempo de lectura\" \/>\n\t<meta name=\"twitter:data2\" content=\"3 minutos\" \/>\n<script type=\"application\/ld+json\" class=\"yoast-schema-graph\">{\"@context\":\"https:\\\/\\\/schema.org\",\"@graph\":[{\"@type\":\"Article\",\"@id\":\"https:\\\/\\\/noticiasmercedinas.com\\\/site\\\/2021\\\/04\\\/22\\\/barrio-san-jorge-consiguen-que-se-inicien-obras-pero-las-perdidas-de-agua-continuan\\\/#article\",\"isPartOf\":{\"@id\":\"https:\\\/\\\/noticiasmercedinas.com\\\/site\\\/2021\\\/04\\\/22\\\/barrio-san-jorge-consiguen-que-se-inicien-obras-pero-las-perdidas-de-agua-continuan\\\/\"},\"author\":{\"name\":\"Cristian Falabella NOTICIASMERCEDINAS.COM\",\"@id\":\"https:\\\/\\\/noticiasmercedinas.com\\\/site\\\/#\\\/schema\\\/person\\\/d481a9696a5feaec13a60e2bbd991a6a\"},\"headline\":\"Barrio San Jorge: consiguen que se inicien obras, pero las p\u00e9rdidas de agua contin\u00faan\",\"datePublished\":\"2021-04-22T13:19:16+00:00\",\"mainEntityOfPage\":{\"@id\":\"https:\\\/\\\/noticiasmercedinas.com\\\/site\\\/2021\\\/04\\\/22\\\/barrio-san-jorge-consiguen-que-se-inicien-obras-pero-las-perdidas-de-agua-continuan\\\/\"},\"wordCount\":526,\"commentCount\":0,\"publisher\":{\"@id\":\"https:\\\/\\\/noticiasmercedinas.com\\\/site\\\/#organization\"},\"image\":{\"@id\":\"https:\\\/\\\/noticiasmercedinas.com\\\/site\\\/2021\\\/04\\\/22\\\/barrio-san-jorge-consiguen-que-se-inicien-obras-pero-las-perdidas-de-agua-continuan\\\/#primaryimage\"},\"thumbnailUrl\":\"https:\\\/\\\/noticiasmercedinas.com\\\/site\\\/wp-content\\\/uploads\\\/2021\\\/04\\\/agua.jpg\",\"keywords\":[\"agua potable\",\"barrio san jorge\",\"vecinos\"],\"articleSection\":[\"Sociedad\"],\"inLanguage\":\"es\",\"potentialAction\":[{\"@type\":\"CommentAction\",\"name\":\"Comment\",\"target\":[\"https:\\\/\\\/noticiasmercedinas.com\\\/site\\\/2021\\\/04\\\/22\\\/barrio-san-jorge-consiguen-que-se-inicien-obras-pero-las-perdidas-de-agua-continuan\\\/#respond\"]}]},{\"@type\":\"WebPage\",\"@id\":\"https:\\\/\\\/noticiasmercedinas.com\\\/site\\\/2021\\\/04\\\/22\\\/barrio-san-jorge-consiguen-que-se-inicien-obras-pero-las-perdidas-de-agua-continuan\\\/\",\"url\":\"https:\\\/\\\/noticiasmercedinas.com\\\/site\\\/2021\\\/04\\\/22\\\/barrio-san-jorge-consiguen-que-se-inicien-obras-pero-las-perdidas-de-agua-continuan\\\/\",\"name\":\"Barrio San Jorge: consiguen que se inicien obras, pero las p\u00e9rdidas de agua contin\u00faan\",\"isPartOf\":{\"@id\":\"https:\\\/\\\/noticiasmercedinas.com\\\/site\\\/#website\"},\"primaryImageOfPage\":{\"@id\":\"https:\\\/\\\/noticiasmercedinas.com\\\/site\\\/2021\\\/04\\\/22\\\/barrio-san-jorge-consiguen-que-se-inicien-obras-pero-las-perdidas-de-agua-continuan\\\/#primaryimage\"},\"image\":{\"@id\":\"https:\\\/\\\/noticiasmercedinas.com\\\/site\\\/2021\\\/04\\\/22\\\/barrio-san-jorge-consiguen-que-se-inicien-obras-pero-las-perdidas-de-agua-continuan\\\/#primaryimage\"},\"thumbnailUrl\":\"https:\\\/\\\/noticiasmercedinas.com\\\/site\\\/wp-content\\\/uploads\\\/2021\\\/04\\\/agua.jpg\",\"datePublished\":\"2021-04-22T13:19:16+00:00\",\"breadcrumb\":{\"@id\":\"https:\\\/\\\/noticiasmercedinas.com\\\/site\\\/2021\\\/04\\\/22\\\/barrio-san-jorge-consiguen-que-se-inicien-obras-pero-las-perdidas-de-agua-continuan\\\/#breadcrumb\"},\"inLanguage\":\"es\",\"potentialAction\":[{\"@type\":\"ReadAction\",\"target\":[\"https:\\\/\\\/noticiasmercedinas.com\\\/site\\\/2021\\\/04\\\/22\\\/barrio-san-jorge-consiguen-que-se-inicien-obras-pero-las-perdidas-de-agua-continuan\\\/\"]}]},{\"@type\":\"ImageObject\",\"inLanguage\":\"es\",\"@id\":\"https:\\\/\\\/noticiasmercedinas.com\\\/site\\\/2021\\\/04\\\/22\\\/barrio-san-jorge-consiguen-que-se-inicien-obras-pero-las-perdidas-de-agua-continuan\\\/#primaryimage\",\"url\":\"https:\\\/\\\/noticiasmercedinas.com\\\/site\\\/wp-content\\\/uploads\\\/2021\\\/04\\\/agua.jpg\",\"contentUrl\":\"https:\\\/\\\/noticiasmercedinas.com\\\/site\\\/wp-content\\\/uploads\\\/2021\\\/04\\\/agua.jpg\",\"width\":774,\"height\":544},{\"@type\":\"BreadcrumbList\",\"@id\":\"https:\\\/\\\/noticiasmercedinas.com\\\/site\\\/2021\\\/04\\\/22\\\/barrio-san-jorge-consiguen-que-se-inicien-obras-pero-las-perdidas-de-agua-continuan\\\/#breadcrumb\",\"itemListElement\":[{\"@type\":\"ListItem\",\"position\":1,\"name\":\"Portada\",\"item\":\"https:\\\/\\\/noticiasmercedinas.com\\\/site\\\/\"},{\"@type\":\"ListItem\",\"position\":2,\"name\":\"Barrio San Jorge: consiguen que se inicien obras, pero las p\u00e9rdidas de agua contin\u00faan\"}]},{\"@type\":\"WebSite\",\"@id\":\"https:\\\/\\\/noticiasmercedinas.com\\\/site\\\/#website\",\"url\":\"https:\\\/\\\/noticiasmercedinas.com\\\/site\\\/\",\"name\":\"NOTICIASMERCEDINAS.COM\",\"description\":\"Mercedes, Buenos Aires, Argentina\",\"publisher\":{\"@id\":\"https:\\\/\\\/noticiasmercedinas.com\\\/site\\\/#organization\"},\"potentialAction\":[{\"@type\":\"SearchAction\",\"target\":{\"@type\":\"EntryPoint\",\"urlTemplate\":\"https:\\\/\\\/noticiasmercedinas.com\\\/site\\\/?s={search_term_string}\"},\"query-input\":{\"@type\":\"PropertyValueSpecification\",\"valueRequired\":true,\"valueName\":\"search_term_string\"}}],\"inLanguage\":\"es\"},{\"@type\":\"Organization\",\"@id\":\"https:\\\/\\\/noticiasmercedinas.com\\\/site\\\/#organization\",\"name\":\"NOTICIASMERCEDINAS.COM\",\"url\":\"https:\\\/\\\/noticiasmercedinas.com\\\/site\\\/\",\"logo\":{\"@type\":\"ImageObject\",\"inLanguage\":\"es\",\"@id\":\"https:\\\/\\\/noticiasmercedinas.com\\\/site\\\/#\\\/schema\\\/logo\\\/image\\\/\",\"url\":\"https:\\\/\\\/noticiasmercedinas.com\\\/site\\\/wp-content\\\/uploads\\\/2020\\\/06\\\/LOGO-512.jpg\",\"contentUrl\":\"https:\\\/\\\/noticiasmercedinas.com\\\/site\\\/wp-content\\\/uploads\\\/2020\\\/06\\\/LOGO-512.jpg\",\"width\":512,\"height\":512,\"caption\":\"NOTICIASMERCEDINAS.COM\"},\"image\":{\"@id\":\"https:\\\/\\\/noticiasmercedinas.com\\\/site\\\/#\\\/schema\\\/logo\\\/image\\\/\"},\"sameAs\":[\"https:\\\/\\\/www.facebook.com\\\/noticiasmercedinas\\\/\",\"https:\\\/\\\/x.com\\\/notmercedinas\",\"https:\\\/\\\/www.instagram.com\\\/noticiasmercedinas\\\/\"]},{\"@type\":\"Person\",\"@id\":\"https:\\\/\\\/noticiasmercedinas.com\\\/site\\\/#\\\/schema\\\/person\\\/d481a9696a5feaec13a60e2bbd991a6a\",\"name\":\"Cristian Falabella NOTICIASMERCEDINAS.COM\",\"image\":{\"@type\":\"ImageObject\",\"inLanguage\":\"es\",\"@id\":\"https:\\\/\\\/secure.gravatar.com\\\/avatar\\\/0dbbfc45970cc46bcd0e57766228574ff3511d6eed045b182f536f0f478c1f06?s=96&d=mm&r=g\",\"url\":\"https:\\\/\\\/secure.gravatar.com\\\/avatar\\\/0dbbfc45970cc46bcd0e57766228574ff3511d6eed045b182f536f0f478c1f06?s=96&d=mm&r=g\",\"contentUrl\":\"https:\\\/\\\/secure.gravatar.com\\\/avatar\\\/0dbbfc45970cc46bcd0e57766228574ff3511d6eed045b182f536f0f478c1f06?s=96&d=mm&r=g\",\"caption\":\"Cristian Falabella NOTICIASMERCEDINAS.COM\"},\"description\":\"Periodista, editor de Noticias Mercedinas. Pas\u00f3 por varias redacciones y emprendimientos de prensa, en distintos formatos y \u00e9pocas. Se especializ\u00f3 --y sigue haci\u00e9ndolo-- en comunicaci\u00f3n en la web y en junio de 2006 fund\u00f3 este diario digital.\",\"sameAs\":[\"https:\\\/\\\/noticiasmercedinas.com\",\"https:\\\/\\\/www.facebook.com\\\/cristian.falabella\",\"https:\\\/\\\/www.instagram.com\\\/noticiasmercedinas\\\/\",\"https:\\\/\\\/x.com\\\/https:\\\/\\\/twitter.com\\\/NOTMERCEDINAS\"],\"url\":\"https:\\\/\\\/noticiasmercedinas.com\\\/site\\\/author\\\/as000384\\\/\"}]}<\/script>\n<!-- \/ Yoast SEO plugin. -->","yoast_head_json":{"title":"Barrio San Jorge: consiguen que se inicien obras, pero las p\u00e9rdidas de agua contin\u00faan","robots":{"index":"index","follow":"follow","max-snippet":"max-snippet:-1","max-image-preview":"max-image-preview:large","max-video-preview":"max-video-preview:-1"},"canonical":"https:\/\/noticiasmercedinas.com\/site\/2021\/04\/22\/barrio-san-jorge-consiguen-que-se-inicien-obras-pero-las-perdidas-de-agua-continuan\/","og_locale":"es_ES","og_type":"article","og_title":"Barrio San Jorge: consiguen que se inicien obras, pero las p\u00e9rdidas de agua contin\u00faan","og_description":"\u25a0 Destacan que luego de a\u00f1os de reclamos comenzaron lentamente las obras. Pero se\u00f1alan grave p\u00e9rdida por la ca\u00f1er\u00eda que corre a la vera de la calle 108 entre 125 y ruta 41, a mano izquierda.","og_url":"https:\/\/noticiasmercedinas.com\/site\/2021\/04\/22\/barrio-san-jorge-consiguen-que-se-inicien-obras-pero-las-perdidas-de-agua-continuan\/","og_site_name":"NOTICIASMERCEDINAS.COM","article_publisher":"https:\/\/www.facebook.com\/noticiasmercedinas\/","article_author":"https:\/\/www.facebook.com\/cristian.falabella","article_published_time":"2021-04-22T13:19:16+00:00","og_image":[{"width":774,"height":544,"url":"https:\/\/noticiasmercedinas.com\/site\/wp-content\/uploads\/2021\/04\/agua.jpg","type":"image\/jpeg"}],"author":"Cristian Falabella NOTICIASMERCEDINAS.COM","twitter_card":"summary_large_image","twitter_creator":"@https:\/\/twitter.com\/NOTMERCEDINAS","twitter_site":"@notmercedinas","twitter_misc":{"Escrito por":"Cristian Falabella NOTICIASMERCEDINAS.COM","Tiempo de lectura":"3 minutos"},"schema":{"@context":"https:\/\/schema.org","@graph":[{"@type":"Article","@id":"https:\/\/noticiasmercedinas.com\/site\/2021\/04\/22\/barrio-san-jorge-consiguen-que-se-inicien-obras-pero-las-perdidas-de-agua-continuan\/#article","isPartOf":{"@id":"https:\/\/noticiasmercedinas.com\/site\/2021\/04\/22\/barrio-san-jorge-consiguen-que-se-inicien-obras-pero-las-perdidas-de-agua-continuan\/"},"author":{"name":"Cristian Falabella NOTICIASMERCEDINAS.COM","@id":"https:\/\/noticiasmercedinas.com\/site\/#\/schema\/person\/d481a9696a5feaec13a60e2bbd991a6a"},"headline":"Barrio San Jorge: consiguen que se inicien obras, pero las p\u00e9rdidas de agua contin\u00faan","datePublished":"2021-04-22T13:19:16+00:00","mainEntityOfPage":{"@id":"https:\/\/noticiasmercedinas.com\/site\/2021\/04\/22\/barrio-san-jorge-consiguen-que-se-inicien-obras-pero-las-perdidas-de-agua-continuan\/"},"wordCount":526,"commentCount":0,"publisher":{"@id":"https:\/\/noticiasmercedinas.com\/site\/#organization"},"image":{"@id":"https:\/\/noticiasmercedinas.com\/site\/2021\/04\/22\/barrio-san-jorge-consiguen-que-se-inicien-obras-pero-las-perdidas-de-agua-continuan\/#primaryimage"},"thumbnailUrl":"https:\/\/noticiasmercedinas.com\/site\/wp-content\/uploads\/2021\/04\/agua.jpg","keywords":["agua potable","barrio san jorge","vecinos"],"articleSection":["Sociedad"],"inLanguage":"es","potentialAction":[{"@type":"CommentAction","name":"Comment","target":["https:\/\/noticiasmercedinas.com\/site\/2021\/04\/22\/barrio-san-jorge-consiguen-que-se-inicien-obras-pero-las-perdidas-de-agua-continuan\/#respond"]}]},{"@type":"WebPage","@id":"https:\/\/noticiasmercedinas.com\/site\/2021\/04\/22\/barrio-san-jorge-consiguen-que-se-inicien-obras-pero-las-perdidas-de-agua-continuan\/","url":"https:\/\/noticiasmercedinas.com\/site\/2021\/04\/22\/barrio-san-jorge-consiguen-que-se-inicien-obras-pero-las-perdidas-de-agua-continuan\/","name":"Barrio San Jorge: consiguen que se inicien obras, pero las p\u00e9rdidas de agua contin\u00faan","isPartOf":{"@id":"https:\/\/noticiasmercedinas.com\/site\/#website"},"primaryImageOfPage":{"@id":"https:\/\/noticiasmercedinas.com\/site\/2021\/04\/22\/barrio-san-jorge-consiguen-que-se-inicien-obras-pero-las-perdidas-de-agua-continuan\/#primaryimage"},"image":{"@id":"https:\/\/noticiasmercedinas.com\/site\/2021\/04\/22\/barrio-san-jorge-consiguen-que-se-inicien-obras-pero-las-perdidas-de-agua-continuan\/#primaryimage"},"thumbnailUrl":"https:\/\/noticiasmercedinas.com\/site\/wp-content\/uploads\/2021\/04\/agua.jpg","datePublished":"2021-04-22T13:19:16+00:00","breadcrumb":{"@id":"https:\/\/noticiasmercedinas.com\/site\/2021\/04\/22\/barrio-san-jorge-consiguen-que-se-inicien-obras-pero-las-perdidas-de-agua-continuan\/#breadcrumb"},"inLanguage":"es","potentialAction":[{"@type":"ReadAction","target":["https:\/\/noticiasmercedinas.com\/site\/2021\/04\/22\/barrio-san-jorge-consiguen-que-se-inicien-obras-pero-las-perdidas-de-agua-continuan\/"]}]},{"@type":"ImageObject","inLanguage":"es","@id":"https:\/\/noticiasmercedinas.com\/site\/2021\/04\/22\/barrio-san-jorge-consiguen-que-se-inicien-obras-pero-las-perdidas-de-agua-continuan\/#primaryimage","url":"https:\/\/noticiasmercedinas.com\/site\/wp-content\/uploads\/2021\/04\/agua.jpg","contentUrl":"https:\/\/noticiasmercedinas.com\/site\/wp-content\/uploads\/2021\/04\/agua.jpg","width":774,"height":544},{"@type":"BreadcrumbList","@id":"https:\/\/noticiasmercedinas.com\/site\/2021\/04\/22\/barrio-san-jorge-consiguen-que-se-inicien-obras-pero-las-perdidas-de-agua-continuan\/#breadcrumb","itemListElement":[{"@type":"ListItem","position":1,"name":"Portada","item":"https:\/\/noticiasmercedinas.com\/site\/"},{"@type":"ListItem","position":2,"name":"Barrio San Jorge: consiguen que se inicien obras, pero las p\u00e9rdidas de agua contin\u00faan"}]},{"@type":"WebSite","@id":"https:\/\/noticiasmercedinas.com\/site\/#website","url":"https:\/\/noticiasmercedinas.com\/site\/","name":"NOTICIASMERCEDINAS.COM","description":"Mercedes, Buenos Aires, Argentina","publisher":{"@id":"https:\/\/noticiasmercedinas.com\/site\/#organization"},"potentialAction":[{"@type":"SearchAction","target":{"@type":"EntryPoint","urlTemplate":"https:\/\/noticiasmercedinas.com\/site\/?s={search_term_string}"},"query-input":{"@type":"PropertyValueSpecification","valueRequired":true,"valueName":"search_term_string"}}],"inLanguage":"es"},{"@type":"Organization","@id":"https:\/\/noticiasmercedinas.com\/site\/#organization","name":"NOTICIASMERCEDINAS.COM","url":"https:\/\/noticiasmercedinas.com\/site\/","logo":{"@type":"ImageObject","inLanguage":"es","@id":"https:\/\/noticiasmercedinas.com\/site\/#\/schema\/logo\/image\/","url":"https:\/\/noticiasmercedinas.com\/site\/wp-content\/uploads\/2020\/06\/LOGO-512.jpg","contentUrl":"https:\/\/noticiasmercedinas.com\/site\/wp-content\/uploads\/2020\/06\/LOGO-512.jpg","width":512,"height":512,"caption":"NOTICIASMERCEDINAS.COM"},"image":{"@id":"https:\/\/noticiasmercedinas.com\/site\/#\/schema\/logo\/image\/"},"sameAs":["https:\/\/www.facebook.com\/noticiasmercedinas\/","https:\/\/x.com\/notmercedinas","https:\/\/www.instagram.com\/noticiasmercedinas\/"]},{"@type":"Person","@id":"https:\/\/noticiasmercedinas.com\/site\/#\/schema\/person\/d481a9696a5feaec13a60e2bbd991a6a","name":"Cristian Falabella NOTICIASMERCEDINAS.COM","image":{"@type":"ImageObject","inLanguage":"es","@id":"https:\/\/secure.gravatar.com\/avatar\/0dbbfc45970cc46bcd0e57766228574ff3511d6eed045b182f536f0f478c1f06?s=96&d=mm&r=g","url":"https:\/\/secure.gravatar.com\/avatar\/0dbbfc45970cc46bcd0e57766228574ff3511d6eed045b182f536f0f478c1f06?s=96&d=mm&r=g","contentUrl":"https:\/\/secure.gravatar.com\/avatar\/0dbbfc45970cc46bcd0e57766228574ff3511d6eed045b182f536f0f478c1f06?s=96&d=mm&r=g","caption":"Cristian Falabella NOTICIASMERCEDINAS.COM"},"description":"Periodista, editor de Noticias Mercedinas. Pas\u00f3 por varias redacciones y emprendimientos de prensa, en distintos formatos y \u00e9pocas. Se especializ\u00f3 --y sigue haci\u00e9ndolo-- en comunicaci\u00f3n en la web y en junio de 2006 fund\u00f3 este diario digital.","sameAs":["https:\/\/noticiasmercedinas.com","https:\/\/www.facebook.com\/cristian.falabella","https:\/\/www.instagram.com\/noticiasmercedinas\/","https:\/\/x.com\/https:\/\/twitter.com\/NOTMERCEDINAS"],"url":"https:\/\/noticiasmercedinas.com\/site\/author\/as000384\/"}]}},"amp_enabled":true,"_links":{"self":[{"href":"https:\/\/noticiasmercedinas.com\/site\/wp-json\/wp\/v2\/posts\/66025","targetHints":{"allow":["GET"]}}],"collection":[{"href":"https:\/\/noticiasmercedinas.com\/site\/wp-json\/wp\/v2\/posts"}],"about":[{"href":"https:\/\/noticiasmercedinas.com\/site\/wp-json\/wp\/v2\/types\/post"}],"author":[{"embeddable":true,"href":"https:\/\/noticiasmercedinas.com\/site\/wp-json\/wp\/v2\/users\/2"}],"replies":[{"embeddable":true,"href":"https:\/\/noticiasmercedinas.com\/site\/wp-json\/wp\/v2\/comments?post=66025"}],"version-history":[{"count":1,"href":"https:\/\/noticiasmercedinas.com\/site\/wp-json\/wp\/v2\/posts\/66025\/revisions"}],"predecessor-version":[{"id":66027,"href":"https:\/\/noticiasmercedinas.com\/site\/wp-json\/wp\/v2\/posts\/66025\/revisions\/66027"}],"wp:featuredmedia":[{"embeddable":true,"href":"https:\/\/noticiasmercedinas.com\/site\/wp-json\/wp\/v2\/media\/66026"}],"wp:attachment":[{"href":"https:\/\/noticiasmercedinas.com\/site\/wp-json\/wp\/v2\/media?parent=66025"}],"wp:term":[{"taxonomy":"category","embeddable":true,"href":"https:\/\/noticiasmercedinas.com\/site\/wp-json\/wp\/v2\/categories?post=66025"},{"taxonomy":"post_tag","embeddable":true,"href":"https:\/\/noticiasmercedinas.com\/site\/wp-json\/wp\/v2\/tags?post=66025"}],"curies":[{"name":"wp","href":"https:\/\/api.w.org\/{rel}","templated":true}]}}