{"id":66038,"date":"2021-04-22T12:01:00","date_gmt":"2021-04-22T15:01:00","guid":{"rendered":"https:\/\/noticiasmercedinas.com\/site\/?p=66038"},"modified":"2021-04-22T22:47:01","modified_gmt":"2021-04-23T01:47:01","slug":"cassiani-alerto-que-el-colapso-es-inminente-y-llamo-a-la-solidaridad","status":"publish","type":"post","link":"https:\/\/noticiasmercedinas.com\/site\/2021\/04\/22\/cassiani-alerto-que-el-colapso-es-inminente-y-llamo-a-la-solidaridad\/","title":{"rendered":"Cassiani alert\u00f3 que el colapso es inminente y llam\u00f3 a la solidaridad"},"content":{"rendered":"<p><img loading=\"lazy\" decoding=\"async\" class=\"alignnone size-full wp-image-49630\" src=\"https:\/\/noticiasmercedinas.com\/site\/wp-content\/uploads\/2020\/07\/covid-06.jpg\" alt=\"\" width=\"640\" height=\"386\" srcset=\"https:\/\/noticiasmercedinas.com\/site\/wp-content\/uploads\/2020\/07\/covid-06.jpg 640w, https:\/\/noticiasmercedinas.com\/site\/wp-content\/uploads\/2020\/07\/covid-06-300x181.jpg 300w\" sizes=\"auto, (max-width: 640px) 100vw, 640px\" \/><\/p>\n<p>Ante una situaci\u00f3n \u201cangustiante\u201d y una ocupaci\u00f3n de camas creciente, el director del hospital Dubarry hizo un llamado a la comunidad para pedir respeto a las normas y solidaridad ante un panorama que se viene en el marco de esta segunda ola de coronavirus, a la que defini\u00f3 como \u201cuna nueva pandemia\u201d por sus caracter\u00edsticas particulares, y si bien anunci\u00f3 que sumar\u00e1n unas 16 camas y m\u00e1s recursos humanos a los existentes, dijo que el colapso del sistema se avizora.<\/p>\n<p>Con unas 400 personas que lo siguieron a trav\u00e9s de las redes locales, el doctor <strong>Pablo Cassiani<\/strong>, como director del Hospital Dubarry, se expres\u00f3 a media ma\u00f1ana a trav\u00e9s de su cuenta de Facebook para poder charlar y alertar a los vecinos para que tengan idea del estado de situaci\u00f3n actual en la que est\u00e1 inmerso el sistema de salud.<\/p>\n<blockquote><p>\u00abHoy hay un escenario distinto, hay m\u00e1s movimiento, una continuidad en el reunionismo familiar que es el principal foco de contagio, a veces no cumplimos normas b\u00e1sicas de higiene como el lavado de manos o el uso del cubreboca\u00bb<\/p><\/blockquote>\n<p>\u201cEstamos sumamente preocupados, angustiados, cansados, es una situaci\u00f3n dif\u00edcil la que nos atraviesa. Muchos preguntan acerca de esta segunda ola, yo la defino como una nueva pandemia. No estamos frente a la misma que tuvimos en el 2020 sino que es algo distinto\u201d, dijo y marc\u00f3 que tres son las caracter\u00edsticas:<\/p>\n<p>&#8212; \u201cC\u00f3mo estamos viviendo esta pandemia como sociedad y c\u00f3mo la viv\u00edamos en abril de 2020, cuando ni siquiera ten\u00edamos casos pero est\u00e1bamos como comunidad angustiados por la entrada del virus a este pueblo. La sociedad hac\u00eda mucho, se cuidaba, respetaba las normas sanitarias y tem\u00eda a este virus que no sab\u00eda qu\u00e9 era, solo ve\u00edamos los escenarios de Europa. El sistema se pudo preparar, sumar camas y durante 2020 a ning\u00fan mercedino le falt\u00f3 una cama. Hoy hay un escenario distinto, hay m\u00e1s movimiento, una continuidad en el reunionismo familiar que es el principal foco de contagio, a veces no cumplimos normas b\u00e1sicas de higiene como el lavado de manos o el uso del cubreboca\u201d.<\/p>\n<p>&#8212; \u201cOtra diferencia tiene que ver con el virus, que ha ido mutando y generando nuevas cepas que ya est\u00e1n en nuestro entorno, como la del Reino Unido, y la cepa Manaos que no la tenemos en Mercedes pero ya hay circulaci\u00f3n comunitaria en el AMBA y empezar\u00e1 a circular en nuestro medio. Son cepas m\u00e1s virulentas y contagiosas\u201d.<\/p>\n<p>&#8212; \u201cEl tercer factor que genera es c\u00f3mo est\u00e1 el sistema de salud, que se supo fortalecer pero luego de un a\u00f1o de batalla ha sufrido bajas, hemos perdido compa\u00f1eros y compa\u00f1eras que ya no est\u00e1n con nosotros, hemos pasado situaciones personales que han hecho que el estado de \u00e1nimo decaiga y no hemos tenido ning\u00fan d\u00eda de descanso. Yo creo que del a\u00f1o pasado a este he envejecido mucho por esto\u201d.<\/p>\n<p>De esta manera Cassiani destac\u00f3 c\u00f3mo se vive como sociedad, las caracter\u00edsticas nuevas del virus y c\u00f3mo est\u00e1 el sistema de salud para contenerlo, lo que a su entender significa \u201cuna nueva pandemia\u201d.<\/p>\n<blockquote><p>\u00abLa velocidad de ocupaci\u00f3n de camas es mayor que la velocidad en que se desocupan. Todos los d\u00edas tenemos una ocupaci\u00f3n mayor, y en Mercedes en cuanto a camas es muy bueno lo que hemos podido conseguir\u00bb<\/p><\/blockquote>\n<p>\u201cNos preocupa la cantidad de contagios e internaciones diarias\u201d, se\u00f1al\u00f3 luego. \u201cEstamos internando hasta 6 pacientes por d\u00eda, mientras otros 10 se van evaluados o sin criterios de internaci\u00f3n. La velocidad de ocupaci\u00f3n de camas es mayor que la velocidad en que se desocupan. Todos los d\u00edas tenemos una ocupaci\u00f3n mayor, y en Mercedes en cuanto a camas es muy bueno lo que hemos podido conseguir. Todo lo que vemos es gracias a la solidaridad de todos. Tenemos 32 camas para pacientes Covid-19, de las cuales 18 est\u00e1n en terapia y 14 est\u00e1n en tercer piso. Es un n\u00famero muy importante porque los hospitales mas grandes de la provincia tienen igual o menor cantidad de camas en terapia. Ese n\u00famero sin embargo de 32 camas totales es un n\u00famero finito y escaso frente a la realidad que estamos viviendo. No alcanza y estamos haciendo un enroque gigante de servicios y dispositivos para el fin de semana ganar 16 camas m\u00e1s, lo que ser\u00eda sumar un 50 por ciento, pero ser\u00e1 insuficiente sobre lo que vivimos. No estamos en el pico de la ola, le falta crecer y sin embargo el sistema empieza a saturarse y luego viene el colapso\u201d, alert\u00f3 Cassiani.<\/p>\n<blockquote><p>\u00abEl a\u00f1o pasado dec\u00edamos que esta enfermedad es tremenda en adultos mayores, pero lo que vemos es que se contagian menos estos adultos mayores y se contagian m\u00e1s los j\u00f3venes\u00bb<\/p><\/blockquote>\n<p>\u201cTenemos un 75 por ciento de ocupaci\u00f3n sobre esas 32 camas. Tenemos una comuni\u00f3n muy estrecha con la cl\u00ednica, podemos derivar pacientes que tiene cobertura y dejar camas para los que no la tienen. Hay absoluta confianza para cuidar los recursos y vemos una disminuci\u00f3n del promedio de edad. El a\u00f1o pasado dec\u00edamos que esta enfermedad es tremenda en adultos mayores, pero lo que vemos es que se contagian menos estos adultos mayores y se contagian m\u00e1s los j\u00f3venes. A partir del mes de abril se ve una ca\u00edda abrupta en el contagio de mayores, quiz\u00e1 producto de la vacunaci\u00f3n, o de que los adultos mayores saben que produce mucha mortalidad, pero vemos m\u00e1s internaci\u00f3n de j\u00f3venes. Baj\u00f3 el promedio de internaci\u00f3n a 54 a\u00f1os en cl\u00ednica m\u00e9dica y a 60 a\u00f1os en terapia intensiva, cuando era de 65 y 70 respectivamente el a\u00f1o pasado. Vienen pacientes con neumon\u00edas m\u00e1s importantes y agresivas. Hay pacientes que est\u00e1n sin antecedentes, incluso algunos que hacen deportes, y son invadidos por el virus que devasta el sistema inmunitario\u201d, plante\u00f3 el director del Hospital en su informe p\u00fablico de la situaci\u00f3n, esta ma\u00f1ana.<\/p>\n<blockquote><p>\u00abTen\u00edamos un plan A y un plan B, pero ya estamos ejecutando el plan C y en nuestra ciudad, si contin\u00faa por este sendero y no bajamos los contagios e internaciones, vamos a una situaci\u00f3n muy triste\u00bb<\/p><\/blockquote>\n<p>\u201cLos recursos son finitos, uno puede agregar camas pero \u00e9stas por s\u00ed solas no representan una soluci\u00f3n. Se necesitan bocas de ox\u00edgeno, medicamentos, recursos humanos. Hay un conjunto de profesionales, trabajadores y trabajadoras, cuidando al paciente para tratar de que mejore sus condiciones cl\u00ednicas. Y con estas 16 camas hemos conseguido nombramientos desde provincia y el lunes se est\u00e1n incorporando. Siguen siendo pocos y no hay mucho m\u00e1s. Ten\u00edamos un plan A y un plan B, pero ya estamos ejecutando el plan C y en nuestra ciudad, si contin\u00faa por este sendero y no bajamos los contagios e internaciones, vamos a una situaci\u00f3n muy triste. Yo estoy trabajando hasta 20 horas por d\u00eda, pero de ninguna manera alcanzar\u00e1 el recurso. No podremos derivar pacientes\u201d, alert\u00f3 y se\u00f1al\u00f3 que est\u00e1n viniendo pacientes de otras localidades que est\u00e1n siendo recibidos. \u201cAlgunos incluso ambulatorios, que llegan boqueando a las puertas del hospital, se desmayan en la guardia y hay que internarlos. Cuidaremos el recurso para todos los mercedinos y mercedinas pero la situaci\u00f3n es penosa, angustiante y parece de pel\u00edcula de ciencia ficci\u00f3n. Uno no termina de entender la realidad que esto implica. Incluso mi viejo que a\u00fan no se contagi\u00f3 quiz\u00e1 no tenga una cama en terapia intensiva. El recurso es escaso y tenemos que cuidarlo entre todos, y la mejor forma es evitar ocasiones de contagio. El mayor foco de contagio est\u00e1 dentro de nuestras casas, cuando uno hace una reuni\u00f3n social con 4 amigos o un matrimonio con sus hijos vienen a cenar a casa. Vienen todos en perfecto estado y al otro d\u00eda alguno tiene s\u00edntomas y luego todos se pueden enfermar\u201d, se\u00f1al\u00f3.<\/p>\n<p>Cassiani llam\u00f3, en este contexto, a ejercitar la \u201csolidaridad mercedina\u201d: \u201cEstamos haciendo un esfuerzo descomunal, estamos tratando de sumar m\u00e1s recursos y de tomar m\u00e1s conciencia. Necesitamos estar m\u00e1s unidos y preparados que nunca para vencer a este virus. Para que a nadie le falta una cama\u201d, dijo.<\/p>\n<p>\u201cLa situaci\u00f3n es angustiante, la ocupaci\u00f3n de camas es creciente. El sistema de salud se fue preparando cada vez m\u00e1s, hay trabajadores a toda hora, pero sufrimos mucho con los pacientes que no evolucionan, y eso nos repercute, porque no somos de piedra, tenemos coraz\u00f3n y nos angustia cuando perdemos a un paciente o a un familiar. Nos angustiar\u00e1 m\u00e1s cuando un paciente no pueda internarse por falta de camas o de ox\u00edgeno\u201d, dijo y pidi\u00f3 a todos los que lo estaban siguiendo que replique este mensaje para que todos puedan tener conciencia de cu\u00e1l es el estado de atenci\u00f3n del sistema. \u201cVamos a poner todo, como lo hicimos hasta ahora, pero llamamos a cuidarse y respetar las normas\u201d, concluy\u00f3 Cassiani y record\u00f3 que est\u00e1 \u201ca disposici\u00f3n de todos\u201d.<\/p>\n<figure id=\"attachment_66039\" aria-describedby=\"caption-attachment-66039\" style=\"width: 684px\" class=\"wp-caption alignnone\"><img loading=\"lazy\" decoding=\"async\" class=\"wp-image-66039 size-full\" src=\"https:\/\/noticiasmercedinas.com\/site\/wp-content\/uploads\/2021\/04\/cassiani_vivo.jpg\" alt=\"\" width=\"684\" height=\"423\" srcset=\"https:\/\/noticiasmercedinas.com\/site\/wp-content\/uploads\/2021\/04\/cassiani_vivo.jpg 684w, https:\/\/noticiasmercedinas.com\/site\/wp-content\/uploads\/2021\/04\/cassiani_vivo-300x186.jpg 300w, https:\/\/noticiasmercedinas.com\/site\/wp-content\/uploads\/2021\/04\/cassiani_vivo-682x423.jpg 682w, https:\/\/noticiasmercedinas.com\/site\/wp-content\/uploads\/2021\/04\/cassiani_vivo-640x396.jpg 640w, https:\/\/noticiasmercedinas.com\/site\/wp-content\/uploads\/2021\/04\/cassiani_vivo-681x421.jpg 681w\" sizes=\"auto, (max-width: 684px) 100vw, 684px\" \/><figcaption id=\"caption-attachment-66039\" class=\"wp-caption-text\">El doctor Cassiani, en un alto en su labor, hizo un \u00abvivo\u00bb parea creare conciencia e informar<\/figcaption><\/figure>\n","protected":false},"excerpt":{"rendered":"<p>\u25a0 Si bien inform\u00f3 que sumar\u00e1n 16 nuevas camas y m\u00e1s profesionales a trabajar, dijo que por las caracter\u00edsticas actuales no ser\u00e1n suficientes. \u201cEstamos internando hasta 6 pacientes por d\u00eda\u00bb, puntualiz\u00f3.<\/p>\n","protected":false},"author":2,"featured_media":49630,"comment_status":"open","ping_status":"open","sticky":false,"template":"","format":"standard","meta":{"footnotes":""},"categories":[10],"tags":[8392,144],"class_list":["post-66038","post","type-post","status-publish","format-standard","has-post-thumbnail","hentry","category-especiales","tag-coronavirus","tag-pablo-cassiani"],"yoast_head":"<!-- This site is optimized with the Yoast SEO plugin v27.4 - https:\/\/yoast.com\/product\/yoast-seo-wordpress\/ -->\n<title>Cassiani alert\u00f3 que el colapso es inminente y llam\u00f3 a la solidaridad<\/title>\n<meta name=\"robots\" content=\"index, follow, max-snippet:-1, max-image-preview:large, max-video-preview:-1\" \/>\n<link rel=\"canonical\" href=\"https:\/\/noticiasmercedinas.com\/site\/2021\/04\/22\/cassiani-alerto-que-el-colapso-es-inminente-y-llamo-a-la-solidaridad\/\" \/>\n<meta property=\"og:locale\" content=\"es_ES\" \/>\n<meta property=\"og:type\" content=\"article\" \/>\n<meta property=\"og:title\" content=\"Cassiani alert\u00f3 que el colapso es inminente y llam\u00f3 a la solidaridad\" \/>\n<meta property=\"og:description\" content=\"\u25a0 Si bien inform\u00f3 que sumar\u00e1n 16 nuevas camas y m\u00e1s profesionales a trabajar, dijo que por las caracter\u00edsticas actuales no ser\u00e1n suficientes. \u201cEstamos internando hasta 6 pacientes por d\u00eda&quot;, puntualiz\u00f3.\" \/>\n<meta property=\"og:url\" content=\"https:\/\/noticiasmercedinas.com\/site\/2021\/04\/22\/cassiani-alerto-que-el-colapso-es-inminente-y-llamo-a-la-solidaridad\/\" \/>\n<meta property=\"og:site_name\" content=\"NOTICIASMERCEDINAS.COM\" \/>\n<meta property=\"article:publisher\" content=\"https:\/\/www.facebook.com\/noticiasmercedinas\/\" \/>\n<meta property=\"article:author\" content=\"https:\/\/www.facebook.com\/cristian.falabella\" \/>\n<meta property=\"article:published_time\" content=\"2021-04-22T15:01:00+00:00\" \/>\n<meta property=\"article:modified_time\" content=\"2021-04-23T01:47:01+00:00\" \/>\n<meta property=\"og:image\" content=\"https:\/\/noticiasmercedinas.com\/site\/wp-content\/uploads\/2020\/07\/covid-06.jpg\" \/>\n\t<meta property=\"og:image:width\" content=\"640\" \/>\n\t<meta property=\"og:image:height\" content=\"386\" \/>\n\t<meta property=\"og:image:type\" content=\"image\/jpeg\" \/>\n<meta name=\"author\" content=\"Cristian Falabella NOTICIASMERCEDINAS.COM\" \/>\n<meta name=\"twitter:card\" content=\"summary_large_image\" \/>\n<meta name=\"twitter:creator\" content=\"@https:\/\/twitter.com\/NOTMERCEDINAS\" \/>\n<meta name=\"twitter:site\" content=\"@notmercedinas\" \/>\n<meta name=\"twitter:label1\" content=\"Escrito por\" \/>\n\t<meta name=\"twitter:data1\" content=\"Cristian Falabella NOTICIASMERCEDINAS.COM\" \/>\n\t<meta name=\"twitter:label2\" content=\"Tiempo de lectura\" \/>\n\t<meta name=\"twitter:data2\" content=\"7 minutos\" \/>\n<script type=\"application\/ld+json\" class=\"yoast-schema-graph\">{\"@context\":\"https:\\\/\\\/schema.org\",\"@graph\":[{\"@type\":\"Article\",\"@id\":\"https:\\\/\\\/noticiasmercedinas.com\\\/site\\\/2021\\\/04\\\/22\\\/cassiani-alerto-que-el-colapso-es-inminente-y-llamo-a-la-solidaridad\\\/#article\",\"isPartOf\":{\"@id\":\"https:\\\/\\\/noticiasmercedinas.com\\\/site\\\/2021\\\/04\\\/22\\\/cassiani-alerto-que-el-colapso-es-inminente-y-llamo-a-la-solidaridad\\\/\"},\"author\":{\"name\":\"Cristian Falabella NOTICIASMERCEDINAS.COM\",\"@id\":\"https:\\\/\\\/noticiasmercedinas.com\\\/site\\\/#\\\/schema\\\/person\\\/d481a9696a5feaec13a60e2bbd991a6a\"},\"headline\":\"Cassiani alert\u00f3 que el colapso es inminente y llam\u00f3 a la solidaridad\",\"datePublished\":\"2021-04-22T15:01:00+00:00\",\"dateModified\":\"2021-04-23T01:47:01+00:00\",\"mainEntityOfPage\":{\"@id\":\"https:\\\/\\\/noticiasmercedinas.com\\\/site\\\/2021\\\/04\\\/22\\\/cassiani-alerto-que-el-colapso-es-inminente-y-llamo-a-la-solidaridad\\\/\"},\"wordCount\":1589,\"commentCount\":0,\"publisher\":{\"@id\":\"https:\\\/\\\/noticiasmercedinas.com\\\/site\\\/#organization\"},\"image\":{\"@id\":\"https:\\\/\\\/noticiasmercedinas.com\\\/site\\\/2021\\\/04\\\/22\\\/cassiani-alerto-que-el-colapso-es-inminente-y-llamo-a-la-solidaridad\\\/#primaryimage\"},\"thumbnailUrl\":\"https:\\\/\\\/noticiasmercedinas.com\\\/site\\\/wp-content\\\/uploads\\\/2020\\\/07\\\/covid-06.jpg\",\"keywords\":[\"coronavirus\",\"pablo cassiani\"],\"articleSection\":[\"Covid-19\"],\"inLanguage\":\"es\",\"potentialAction\":[{\"@type\":\"CommentAction\",\"name\":\"Comment\",\"target\":[\"https:\\\/\\\/noticiasmercedinas.com\\\/site\\\/2021\\\/04\\\/22\\\/cassiani-alerto-que-el-colapso-es-inminente-y-llamo-a-la-solidaridad\\\/#respond\"]}]},{\"@type\":\"WebPage\",\"@id\":\"https:\\\/\\\/noticiasmercedinas.com\\\/site\\\/2021\\\/04\\\/22\\\/cassiani-alerto-que-el-colapso-es-inminente-y-llamo-a-la-solidaridad\\\/\",\"url\":\"https:\\\/\\\/noticiasmercedinas.com\\\/site\\\/2021\\\/04\\\/22\\\/cassiani-alerto-que-el-colapso-es-inminente-y-llamo-a-la-solidaridad\\\/\",\"name\":\"Cassiani alert\u00f3 que el colapso es inminente y llam\u00f3 a la solidaridad\",\"isPartOf\":{\"@id\":\"https:\\\/\\\/noticiasmercedinas.com\\\/site\\\/#website\"},\"primaryImageOfPage\":{\"@id\":\"https:\\\/\\\/noticiasmercedinas.com\\\/site\\\/2021\\\/04\\\/22\\\/cassiani-alerto-que-el-colapso-es-inminente-y-llamo-a-la-solidaridad\\\/#primaryimage\"},\"image\":{\"@id\":\"https:\\\/\\\/noticiasmercedinas.com\\\/site\\\/2021\\\/04\\\/22\\\/cassiani-alerto-que-el-colapso-es-inminente-y-llamo-a-la-solidaridad\\\/#primaryimage\"},\"thumbnailUrl\":\"https:\\\/\\\/noticiasmercedinas.com\\\/site\\\/wp-content\\\/uploads\\\/2020\\\/07\\\/covid-06.jpg\",\"datePublished\":\"2021-04-22T15:01:00+00:00\",\"dateModified\":\"2021-04-23T01:47:01+00:00\",\"breadcrumb\":{\"@id\":\"https:\\\/\\\/noticiasmercedinas.com\\\/site\\\/2021\\\/04\\\/22\\\/cassiani-alerto-que-el-colapso-es-inminente-y-llamo-a-la-solidaridad\\\/#breadcrumb\"},\"inLanguage\":\"es\",\"potentialAction\":[{\"@type\":\"ReadAction\",\"target\":[\"https:\\\/\\\/noticiasmercedinas.com\\\/site\\\/2021\\\/04\\\/22\\\/cassiani-alerto-que-el-colapso-es-inminente-y-llamo-a-la-solidaridad\\\/\"]}]},{\"@type\":\"ImageObject\",\"inLanguage\":\"es\",\"@id\":\"https:\\\/\\\/noticiasmercedinas.com\\\/site\\\/2021\\\/04\\\/22\\\/cassiani-alerto-que-el-colapso-es-inminente-y-llamo-a-la-solidaridad\\\/#primaryimage\",\"url\":\"https:\\\/\\\/noticiasmercedinas.com\\\/site\\\/wp-content\\\/uploads\\\/2020\\\/07\\\/covid-06.jpg\",\"contentUrl\":\"https:\\\/\\\/noticiasmercedinas.com\\\/site\\\/wp-content\\\/uploads\\\/2020\\\/07\\\/covid-06.jpg\",\"width\":640,\"height\":386},{\"@type\":\"BreadcrumbList\",\"@id\":\"https:\\\/\\\/noticiasmercedinas.com\\\/site\\\/2021\\\/04\\\/22\\\/cassiani-alerto-que-el-colapso-es-inminente-y-llamo-a-la-solidaridad\\\/#breadcrumb\",\"itemListElement\":[{\"@type\":\"ListItem\",\"position\":1,\"name\":\"Portada\",\"item\":\"https:\\\/\\\/noticiasmercedinas.com\\\/site\\\/\"},{\"@type\":\"ListItem\",\"position\":2,\"name\":\"Cassiani alert\u00f3 que el colapso es inminente y llam\u00f3 a la solidaridad\"}]},{\"@type\":\"WebSite\",\"@id\":\"https:\\\/\\\/noticiasmercedinas.com\\\/site\\\/#website\",\"url\":\"https:\\\/\\\/noticiasmercedinas.com\\\/site\\\/\",\"name\":\"NOTICIASMERCEDINAS.COM\",\"description\":\"Mercedes, Buenos Aires, Argentina\",\"publisher\":{\"@id\":\"https:\\\/\\\/noticiasmercedinas.com\\\/site\\\/#organization\"},\"potentialAction\":[{\"@type\":\"SearchAction\",\"target\":{\"@type\":\"EntryPoint\",\"urlTemplate\":\"https:\\\/\\\/noticiasmercedinas.com\\\/site\\\/?s={search_term_string}\"},\"query-input\":{\"@type\":\"PropertyValueSpecification\",\"valueRequired\":true,\"valueName\":\"search_term_string\"}}],\"inLanguage\":\"es\"},{\"@type\":\"Organization\",\"@id\":\"https:\\\/\\\/noticiasmercedinas.com\\\/site\\\/#organization\",\"name\":\"NOTICIASMERCEDINAS.COM\",\"url\":\"https:\\\/\\\/noticiasmercedinas.com\\\/site\\\/\",\"logo\":{\"@type\":\"ImageObject\",\"inLanguage\":\"es\",\"@id\":\"https:\\\/\\\/noticiasmercedinas.com\\\/site\\\/#\\\/schema\\\/logo\\\/image\\\/\",\"url\":\"https:\\\/\\\/noticiasmercedinas.com\\\/site\\\/wp-content\\\/uploads\\\/2020\\\/06\\\/LOGO-512.jpg\",\"contentUrl\":\"https:\\\/\\\/noticiasmercedinas.com\\\/site\\\/wp-content\\\/uploads\\\/2020\\\/06\\\/LOGO-512.jpg\",\"width\":512,\"height\":512,\"caption\":\"NOTICIASMERCEDINAS.COM\"},\"image\":{\"@id\":\"https:\\\/\\\/noticiasmercedinas.com\\\/site\\\/#\\\/schema\\\/logo\\\/image\\\/\"},\"sameAs\":[\"https:\\\/\\\/www.facebook.com\\\/noticiasmercedinas\\\/\",\"https:\\\/\\\/x.com\\\/notmercedinas\",\"https:\\\/\\\/www.instagram.com\\\/noticiasmercedinas\\\/\"]},{\"@type\":\"Person\",\"@id\":\"https:\\\/\\\/noticiasmercedinas.com\\\/site\\\/#\\\/schema\\\/person\\\/d481a9696a5feaec13a60e2bbd991a6a\",\"name\":\"Cristian Falabella NOTICIASMERCEDINAS.COM\",\"image\":{\"@type\":\"ImageObject\",\"inLanguage\":\"es\",\"@id\":\"https:\\\/\\\/secure.gravatar.com\\\/avatar\\\/0dbbfc45970cc46bcd0e57766228574ff3511d6eed045b182f536f0f478c1f06?s=96&d=mm&r=g\",\"url\":\"https:\\\/\\\/secure.gravatar.com\\\/avatar\\\/0dbbfc45970cc46bcd0e57766228574ff3511d6eed045b182f536f0f478c1f06?s=96&d=mm&r=g\",\"contentUrl\":\"https:\\\/\\\/secure.gravatar.com\\\/avatar\\\/0dbbfc45970cc46bcd0e57766228574ff3511d6eed045b182f536f0f478c1f06?s=96&d=mm&r=g\",\"caption\":\"Cristian Falabella NOTICIASMERCEDINAS.COM\"},\"description\":\"Periodista, editor de Noticias Mercedinas. Pas\u00f3 por varias redacciones y emprendimientos de prensa, en distintos formatos y \u00e9pocas. Se especializ\u00f3 --y sigue haci\u00e9ndolo-- en comunicaci\u00f3n en la web y en junio de 2006 fund\u00f3 este diario digital.\",\"sameAs\":[\"https:\\\/\\\/noticiasmercedinas.com\",\"https:\\\/\\\/www.facebook.com\\\/cristian.falabella\",\"https:\\\/\\\/www.instagram.com\\\/noticiasmercedinas\\\/\",\"https:\\\/\\\/x.com\\\/https:\\\/\\\/twitter.com\\\/NOTMERCEDINAS\"],\"url\":\"https:\\\/\\\/noticiasmercedinas.com\\\/site\\\/author\\\/as000384\\\/\"}]}<\/script>\n<!-- \/ Yoast SEO plugin. -->","yoast_head_json":{"title":"Cassiani alert\u00f3 que el colapso es inminente y llam\u00f3 a la solidaridad","robots":{"index":"index","follow":"follow","max-snippet":"max-snippet:-1","max-image-preview":"max-image-preview:large","max-video-preview":"max-video-preview:-1"},"canonical":"https:\/\/noticiasmercedinas.com\/site\/2021\/04\/22\/cassiani-alerto-que-el-colapso-es-inminente-y-llamo-a-la-solidaridad\/","og_locale":"es_ES","og_type":"article","og_title":"Cassiani alert\u00f3 que el colapso es inminente y llam\u00f3 a la solidaridad","og_description":"\u25a0 Si bien inform\u00f3 que sumar\u00e1n 16 nuevas camas y m\u00e1s profesionales a trabajar, dijo que por las caracter\u00edsticas actuales no ser\u00e1n suficientes. \u201cEstamos internando hasta 6 pacientes por d\u00eda\", puntualiz\u00f3.","og_url":"https:\/\/noticiasmercedinas.com\/site\/2021\/04\/22\/cassiani-alerto-que-el-colapso-es-inminente-y-llamo-a-la-solidaridad\/","og_site_name":"NOTICIASMERCEDINAS.COM","article_publisher":"https:\/\/www.facebook.com\/noticiasmercedinas\/","article_author":"https:\/\/www.facebook.com\/cristian.falabella","article_published_time":"2021-04-22T15:01:00+00:00","article_modified_time":"2021-04-23T01:47:01+00:00","og_image":[{"width":640,"height":386,"url":"https:\/\/noticiasmercedinas.com\/site\/wp-content\/uploads\/2020\/07\/covid-06.jpg","type":"image\/jpeg"}],"author":"Cristian Falabella NOTICIASMERCEDINAS.COM","twitter_card":"summary_large_image","twitter_creator":"@https:\/\/twitter.com\/NOTMERCEDINAS","twitter_site":"@notmercedinas","twitter_misc":{"Escrito por":"Cristian Falabella NOTICIASMERCEDINAS.COM","Tiempo de lectura":"7 minutos"},"schema":{"@context":"https:\/\/schema.org","@graph":[{"@type":"Article","@id":"https:\/\/noticiasmercedinas.com\/site\/2021\/04\/22\/cassiani-alerto-que-el-colapso-es-inminente-y-llamo-a-la-solidaridad\/#article","isPartOf":{"@id":"https:\/\/noticiasmercedinas.com\/site\/2021\/04\/22\/cassiani-alerto-que-el-colapso-es-inminente-y-llamo-a-la-solidaridad\/"},"author":{"name":"Cristian Falabella NOTICIASMERCEDINAS.COM","@id":"https:\/\/noticiasmercedinas.com\/site\/#\/schema\/person\/d481a9696a5feaec13a60e2bbd991a6a"},"headline":"Cassiani alert\u00f3 que el colapso es inminente y llam\u00f3 a la solidaridad","datePublished":"2021-04-22T15:01:00+00:00","dateModified":"2021-04-23T01:47:01+00:00","mainEntityOfPage":{"@id":"https:\/\/noticiasmercedinas.com\/site\/2021\/04\/22\/cassiani-alerto-que-el-colapso-es-inminente-y-llamo-a-la-solidaridad\/"},"wordCount":1589,"commentCount":0,"publisher":{"@id":"https:\/\/noticiasmercedinas.com\/site\/#organization"},"image":{"@id":"https:\/\/noticiasmercedinas.com\/site\/2021\/04\/22\/cassiani-alerto-que-el-colapso-es-inminente-y-llamo-a-la-solidaridad\/#primaryimage"},"thumbnailUrl":"https:\/\/noticiasmercedinas.com\/site\/wp-content\/uploads\/2020\/07\/covid-06.jpg","keywords":["coronavirus","pablo cassiani"],"articleSection":["Covid-19"],"inLanguage":"es","potentialAction":[{"@type":"CommentAction","name":"Comment","target":["https:\/\/noticiasmercedinas.com\/site\/2021\/04\/22\/cassiani-alerto-que-el-colapso-es-inminente-y-llamo-a-la-solidaridad\/#respond"]}]},{"@type":"WebPage","@id":"https:\/\/noticiasmercedinas.com\/site\/2021\/04\/22\/cassiani-alerto-que-el-colapso-es-inminente-y-llamo-a-la-solidaridad\/","url":"https:\/\/noticiasmercedinas.com\/site\/2021\/04\/22\/cassiani-alerto-que-el-colapso-es-inminente-y-llamo-a-la-solidaridad\/","name":"Cassiani alert\u00f3 que el colapso es inminente y llam\u00f3 a la solidaridad","isPartOf":{"@id":"https:\/\/noticiasmercedinas.com\/site\/#website"},"primaryImageOfPage":{"@id":"https:\/\/noticiasmercedinas.com\/site\/2021\/04\/22\/cassiani-alerto-que-el-colapso-es-inminente-y-llamo-a-la-solidaridad\/#primaryimage"},"image":{"@id":"https:\/\/noticiasmercedinas.com\/site\/2021\/04\/22\/cassiani-alerto-que-el-colapso-es-inminente-y-llamo-a-la-solidaridad\/#primaryimage"},"thumbnailUrl":"https:\/\/noticiasmercedinas.com\/site\/wp-content\/uploads\/2020\/07\/covid-06.jpg","datePublished":"2021-04-22T15:01:00+00:00","dateModified":"2021-04-23T01:47:01+00:00","breadcrumb":{"@id":"https:\/\/noticiasmercedinas.com\/site\/2021\/04\/22\/cassiani-alerto-que-el-colapso-es-inminente-y-llamo-a-la-solidaridad\/#breadcrumb"},"inLanguage":"es","potentialAction":[{"@type":"ReadAction","target":["https:\/\/noticiasmercedinas.com\/site\/2021\/04\/22\/cassiani-alerto-que-el-colapso-es-inminente-y-llamo-a-la-solidaridad\/"]}]},{"@type":"ImageObject","inLanguage":"es","@id":"https:\/\/noticiasmercedinas.com\/site\/2021\/04\/22\/cassiani-alerto-que-el-colapso-es-inminente-y-llamo-a-la-solidaridad\/#primaryimage","url":"https:\/\/noticiasmercedinas.com\/site\/wp-content\/uploads\/2020\/07\/covid-06.jpg","contentUrl":"https:\/\/noticiasmercedinas.com\/site\/wp-content\/uploads\/2020\/07\/covid-06.jpg","width":640,"height":386},{"@type":"BreadcrumbList","@id":"https:\/\/noticiasmercedinas.com\/site\/2021\/04\/22\/cassiani-alerto-que-el-colapso-es-inminente-y-llamo-a-la-solidaridad\/#breadcrumb","itemListElement":[{"@type":"ListItem","position":1,"name":"Portada","item":"https:\/\/noticiasmercedinas.com\/site\/"},{"@type":"ListItem","position":2,"name":"Cassiani alert\u00f3 que el colapso es inminente y llam\u00f3 a la solidaridad"}]},{"@type":"WebSite","@id":"https:\/\/noticiasmercedinas.com\/site\/#website","url":"https:\/\/noticiasmercedinas.com\/site\/","name":"NOTICIASMERCEDINAS.COM","description":"Mercedes, Buenos Aires, Argentina","publisher":{"@id":"https:\/\/noticiasmercedinas.com\/site\/#organization"},"potentialAction":[{"@type":"SearchAction","target":{"@type":"EntryPoint","urlTemplate":"https:\/\/noticiasmercedinas.com\/site\/?s={search_term_string}"},"query-input":{"@type":"PropertyValueSpecification","valueRequired":true,"valueName":"search_term_string"}}],"inLanguage":"es"},{"@type":"Organization","@id":"https:\/\/noticiasmercedinas.com\/site\/#organization","name":"NOTICIASMERCEDINAS.COM","url":"https:\/\/noticiasmercedinas.com\/site\/","logo":{"@type":"ImageObject","inLanguage":"es","@id":"https:\/\/noticiasmercedinas.com\/site\/#\/schema\/logo\/image\/","url":"https:\/\/noticiasmercedinas.com\/site\/wp-content\/uploads\/2020\/06\/LOGO-512.jpg","contentUrl":"https:\/\/noticiasmercedinas.com\/site\/wp-content\/uploads\/2020\/06\/LOGO-512.jpg","width":512,"height":512,"caption":"NOTICIASMERCEDINAS.COM"},"image":{"@id":"https:\/\/noticiasmercedinas.com\/site\/#\/schema\/logo\/image\/"},"sameAs":["https:\/\/www.facebook.com\/noticiasmercedinas\/","https:\/\/x.com\/notmercedinas","https:\/\/www.instagram.com\/noticiasmercedinas\/"]},{"@type":"Person","@id":"https:\/\/noticiasmercedinas.com\/site\/#\/schema\/person\/d481a9696a5feaec13a60e2bbd991a6a","name":"Cristian Falabella NOTICIASMERCEDINAS.COM","image":{"@type":"ImageObject","inLanguage":"es","@id":"https:\/\/secure.gravatar.com\/avatar\/0dbbfc45970cc46bcd0e57766228574ff3511d6eed045b182f536f0f478c1f06?s=96&d=mm&r=g","url":"https:\/\/secure.gravatar.com\/avatar\/0dbbfc45970cc46bcd0e57766228574ff3511d6eed045b182f536f0f478c1f06?s=96&d=mm&r=g","contentUrl":"https:\/\/secure.gravatar.com\/avatar\/0dbbfc45970cc46bcd0e57766228574ff3511d6eed045b182f536f0f478c1f06?s=96&d=mm&r=g","caption":"Cristian Falabella NOTICIASMERCEDINAS.COM"},"description":"Periodista, editor de Noticias Mercedinas. Pas\u00f3 por varias redacciones y emprendimientos de prensa, en distintos formatos y \u00e9pocas. Se especializ\u00f3 --y sigue haci\u00e9ndolo-- en comunicaci\u00f3n en la web y en junio de 2006 fund\u00f3 este diario digital.","sameAs":["https:\/\/noticiasmercedinas.com","https:\/\/www.facebook.com\/cristian.falabella","https:\/\/www.instagram.com\/noticiasmercedinas\/","https:\/\/x.com\/https:\/\/twitter.com\/NOTMERCEDINAS"],"url":"https:\/\/noticiasmercedinas.com\/site\/author\/as000384\/"}]}},"amp_enabled":true,"_links":{"self":[{"href":"https:\/\/noticiasmercedinas.com\/site\/wp-json\/wp\/v2\/posts\/66038","targetHints":{"allow":["GET"]}}],"collection":[{"href":"https:\/\/noticiasmercedinas.com\/site\/wp-json\/wp\/v2\/posts"}],"about":[{"href":"https:\/\/noticiasmercedinas.com\/site\/wp-json\/wp\/v2\/types\/post"}],"author":[{"embeddable":true,"href":"https:\/\/noticiasmercedinas.com\/site\/wp-json\/wp\/v2\/users\/2"}],"replies":[{"embeddable":true,"href":"https:\/\/noticiasmercedinas.com\/site\/wp-json\/wp\/v2\/comments?post=66038"}],"version-history":[{"count":3,"href":"https:\/\/noticiasmercedinas.com\/site\/wp-json\/wp\/v2\/posts\/66038\/revisions"}],"predecessor-version":[{"id":66072,"href":"https:\/\/noticiasmercedinas.com\/site\/wp-json\/wp\/v2\/posts\/66038\/revisions\/66072"}],"wp:featuredmedia":[{"embeddable":true,"href":"https:\/\/noticiasmercedinas.com\/site\/wp-json\/wp\/v2\/media\/49630"}],"wp:attachment":[{"href":"https:\/\/noticiasmercedinas.com\/site\/wp-json\/wp\/v2\/media?parent=66038"}],"wp:term":[{"taxonomy":"category","embeddable":true,"href":"https:\/\/noticiasmercedinas.com\/site\/wp-json\/wp\/v2\/categories?post=66038"},{"taxonomy":"post_tag","embeddable":true,"href":"https:\/\/noticiasmercedinas.com\/site\/wp-json\/wp\/v2\/tags?post=66038"}],"curies":[{"name":"wp","href":"https:\/\/api.w.org\/{rel}","templated":true}]}}