{"id":66068,"date":"2021-04-22T20:50:12","date_gmt":"2021-04-22T23:50:12","guid":{"rendered":"https:\/\/noticiasmercedinas.com\/site\/?p=66068"},"modified":"2021-04-22T20:50:12","modified_gmt":"2021-04-22T23:50:12","slug":"rayuelas-un-dispositivo-de-salud-deporte-e-integracion","status":"publish","type":"post","link":"https:\/\/noticiasmercedinas.com\/site\/2021\/04\/22\/rayuelas-un-dispositivo-de-salud-deporte-e-integracion\/","title":{"rendered":"\u201cRayuelas\u201d, un dispositivo de salud, deporte e integraci\u00f3n"},"content":{"rendered":"<p><img loading=\"lazy\" decoding=\"async\" class=\"alignnone size-full wp-image-66069\" src=\"https:\/\/noticiasmercedinas.com\/site\/wp-content\/uploads\/2021\/04\/DSC06233.jpg\" alt=\"\" width=\"895\" height=\"626\" srcset=\"https:\/\/noticiasmercedinas.com\/site\/wp-content\/uploads\/2021\/04\/DSC06233.jpg 895w, https:\/\/noticiasmercedinas.com\/site\/wp-content\/uploads\/2021\/04\/DSC06233-300x210.jpg 300w, https:\/\/noticiasmercedinas.com\/site\/wp-content\/uploads\/2021\/04\/DSC06233-768x537.jpg 768w, https:\/\/noticiasmercedinas.com\/site\/wp-content\/uploads\/2021\/04\/DSC06233-640x448.jpg 640w, https:\/\/noticiasmercedinas.com\/site\/wp-content\/uploads\/2021\/04\/DSC06233-681x476.jpg 681w\" sizes=\"auto, (max-width: 895px) 100vw, 895px\" \/><\/p>\n<p>El intendente Juan Ustarroz present\u00f3 el proyecto Rayuelas, junto con el director del Hospital Baldomero Sommer, que articular\u00e1 trabajos con otros dispositivos sanitarios, deportivos y sociales que est\u00e1n funcionando en la ciudad.<\/p>\n<p>La presentaci\u00f3n de esta nueva propuesta se concret\u00f3 en el Complejo La Trocha y cont\u00f3 con la presencia del primer mandatario municipal y tambi\u00e9n el director del Hospital Sommer, Gustavo Marrone. Estuvieron en el lanzamiento el coordinador del programa en Mercedes Fernando Saldivia y la coordinadora de Deportes Mariana Saboredo.<\/p>\n<p>El Proyecto Rayuelas se origina en el Hospital Nacional Baldomero Sommer con la necesidad de trabajar sobre el proyecto de vida de los ni\u00f1os que viven con sus familias dentro del Hospital y en la zona de influencia a trav\u00e9s del deporte social, educaci\u00f3n y atenci\u00f3n primaria de la salud.<\/p>\n<p>\u201cQuiero agradecerle al director del Sommer la gentileza que tuvo de acercarnos a la ciudad un proyecto como Rayuelas que es para trabajar desde el deporte la atenci\u00f3n primaria de la salud y otros aspectos. Yo hace a\u00f1os conoc\u00ed la propuesta del \u201cf\u00fatbol callejero\u201d que est\u00e1 incluido en este proyecto y es una experiencia reconocida internacionalmente. Creemos que vienen tiempos donde la solidaridad y la uni\u00f3n nos van a hacer salir de la situaci\u00f3n actual y m\u00e1s a\u00fan si compartimos experiencias como \u00e9sta de Rayuelas\u201d, explic\u00f3 el intendente municipal.<\/p>\n<p>El que tambi\u00e9n dio su parecer fue el director del Hospital Sommer, Gustavo Marrone, quien viene implementando ese proyecto en el nosocomio de General Rodr\u00edguez desde hace a\u00f1os. \u201cNosotros reconocemos estas actividades art\u00edsticas, culturales y deportivas que se presentan en Rayuelas como derechos de ni\u00f1os y adolescentes. Estamos orgullosos de poder llegar con el programa a Mercedes, que es municipio conducido de gran manera por un excelente intendente\u201d, cont\u00f3 el director del Sommer.<\/p>\n<p>Desde el a\u00f1o 2006 \u00abRayuelas\u00bb se consolid\u00f3 como un espacio de promoci\u00f3n y prevenci\u00f3n de los derechos a trav\u00e9s de acciones deportivas, recreativas y educativas concretas para intervenir con ni\u00f1os, ni\u00f1as y j\u00f3venes de entre 6 y 18 a\u00f1o.<\/p>\n<p>El Proyecto \u00abRayuelas|\u00bb en el marco de un trabajo articulado entre Hospital Sommer y la Municipalidad de la ciudad de Mercedes realizara una capacitaci\u00f3n destinada a los referentes de programas municipales sobre el deporte como herramienta de inclusi\u00f3n social. Ser\u00e1n 4 encuentros y est\u00e1n compuestas por instancias te\u00f3ricas y pr\u00e1cticas.<\/p>\n<p><iframe loading=\"lazy\" title=\"Presentamos el programa Rayuelas\" width=\"640\" height=\"360\" src=\"https:\/\/www.youtube.com\/embed\/1s1fI7gSxeg?feature=oembed\" frameborder=\"0\" allow=\"accelerometer; autoplay; clipboard-write; encrypted-media; gyroscope; picture-in-picture; web-share\" referrerpolicy=\"strict-origin-when-cross-origin\" allowfullscreen><\/iframe><\/p>\n","protected":false},"excerpt":{"rendered":"<p>\u25a0 La presentaci\u00f3n de esta nueva propuesta se concret\u00f3 en el Complejo La Trocha y cont\u00f3 con la presencia del primer mandatario municipal y tambi\u00e9n el director del Hospital Sommer, Gustavo Marrone<\/p>\n","protected":false},"author":16,"featured_media":66069,"comment_status":"open","ping_status":"open","sticky":false,"template":"","format":"standard","meta":{"footnotes":""},"categories":[3],"tags":[11851,71],"class_list":["post-66068","post","type-post","status-publish","format-standard","has-post-thumbnail","hentry","category-sociedad","tag-rayuela","tag-salud"],"yoast_head":"<!-- This site is optimized with the Yoast SEO plugin v27.5 - https:\/\/yoast.com\/product\/yoast-seo-wordpress\/ -->\n<title>\u201cRayuelas\u201d, un dispositivo de salud, deporte e integraci\u00f3n<\/title>\n<meta name=\"robots\" content=\"index, follow, max-snippet:-1, max-image-preview:large, max-video-preview:-1\" \/>\n<link rel=\"canonical\" href=\"https:\/\/noticiasmercedinas.com\/site\/2021\/04\/22\/rayuelas-un-dispositivo-de-salud-deporte-e-integracion\/\" \/>\n<meta property=\"og:locale\" content=\"es_ES\" \/>\n<meta property=\"og:type\" content=\"article\" \/>\n<meta property=\"og:title\" content=\"\u201cRayuelas\u201d, un dispositivo de salud, deporte e integraci\u00f3n\" \/>\n<meta property=\"og:description\" content=\"\u25a0 La presentaci\u00f3n de esta nueva propuesta se concret\u00f3 en el Complejo La Trocha y cont\u00f3 con la presencia del primer mandatario municipal y tambi\u00e9n el director del Hospital Sommer, Gustavo Marrone\" \/>\n<meta property=\"og:url\" content=\"https:\/\/noticiasmercedinas.com\/site\/2021\/04\/22\/rayuelas-un-dispositivo-de-salud-deporte-e-integracion\/\" \/>\n<meta property=\"og:site_name\" content=\"NOTICIASMERCEDINAS.COM\" \/>\n<meta property=\"article:publisher\" content=\"https:\/\/www.facebook.com\/noticiasmercedinas\/\" \/>\n<meta property=\"article:published_time\" content=\"2021-04-22T23:50:12+00:00\" \/>\n<meta property=\"og:image\" content=\"https:\/\/noticiasmercedinas.com\/site\/wp-content\/uploads\/2021\/04\/DSC06233.jpg\" \/>\n\t<meta property=\"og:image:width\" content=\"895\" \/>\n\t<meta property=\"og:image:height\" content=\"626\" \/>\n\t<meta property=\"og:image:type\" content=\"image\/jpeg\" \/>\n<meta name=\"author\" content=\"NOTICIASMERCEDINAS.COM\" \/>\n<meta name=\"twitter:card\" content=\"summary_large_image\" \/>\n<meta name=\"twitter:creator\" content=\"@notmercedinas\" \/>\n<meta name=\"twitter:site\" content=\"@notmercedinas\" \/>\n<meta name=\"twitter:label1\" content=\"Escrito por\" \/>\n\t<meta name=\"twitter:data1\" content=\"NOTICIASMERCEDINAS.COM\" \/>\n\t<meta name=\"twitter:label2\" content=\"Tiempo de lectura\" \/>\n\t<meta name=\"twitter:data2\" content=\"2 minutos\" \/>\n<script type=\"application\/ld+json\" class=\"yoast-schema-graph\">{\"@context\":\"https:\\\/\\\/schema.org\",\"@graph\":[{\"@type\":\"Article\",\"@id\":\"https:\\\/\\\/noticiasmercedinas.com\\\/site\\\/2021\\\/04\\\/22\\\/rayuelas-un-dispositivo-de-salud-deporte-e-integracion\\\/#article\",\"isPartOf\":{\"@id\":\"https:\\\/\\\/noticiasmercedinas.com\\\/site\\\/2021\\\/04\\\/22\\\/rayuelas-un-dispositivo-de-salud-deporte-e-integracion\\\/\"},\"author\":{\"name\":\"NOTICIASMERCEDINAS.COM\",\"@id\":\"https:\\\/\\\/noticiasmercedinas.com\\\/site\\\/#\\\/schema\\\/person\\\/84b59c099c28ff2e8b77d4ceec5d8063\"},\"headline\":\"\u201cRayuelas\u201d, un dispositivo de salud, deporte e integraci\u00f3n\",\"datePublished\":\"2021-04-22T23:50:12+00:00\",\"mainEntityOfPage\":{\"@id\":\"https:\\\/\\\/noticiasmercedinas.com\\\/site\\\/2021\\\/04\\\/22\\\/rayuelas-un-dispositivo-de-salud-deporte-e-integracion\\\/\"},\"wordCount\":430,\"commentCount\":0,\"publisher\":{\"@id\":\"https:\\\/\\\/noticiasmercedinas.com\\\/site\\\/#organization\"},\"image\":{\"@id\":\"https:\\\/\\\/noticiasmercedinas.com\\\/site\\\/2021\\\/04\\\/22\\\/rayuelas-un-dispositivo-de-salud-deporte-e-integracion\\\/#primaryimage\"},\"thumbnailUrl\":\"https:\\\/\\\/noticiasmercedinas.com\\\/site\\\/wp-content\\\/uploads\\\/2021\\\/04\\\/DSC06233.jpg\",\"keywords\":[\"rayuela\",\"salud\"],\"articleSection\":[\"Sociedad\"],\"inLanguage\":\"es\",\"potentialAction\":[{\"@type\":\"CommentAction\",\"name\":\"Comment\",\"target\":[\"https:\\\/\\\/noticiasmercedinas.com\\\/site\\\/2021\\\/04\\\/22\\\/rayuelas-un-dispositivo-de-salud-deporte-e-integracion\\\/#respond\"]}]},{\"@type\":\"WebPage\",\"@id\":\"https:\\\/\\\/noticiasmercedinas.com\\\/site\\\/2021\\\/04\\\/22\\\/rayuelas-un-dispositivo-de-salud-deporte-e-integracion\\\/\",\"url\":\"https:\\\/\\\/noticiasmercedinas.com\\\/site\\\/2021\\\/04\\\/22\\\/rayuelas-un-dispositivo-de-salud-deporte-e-integracion\\\/\",\"name\":\"\u201cRayuelas\u201d, un dispositivo de salud, deporte e integraci\u00f3n\",\"isPartOf\":{\"@id\":\"https:\\\/\\\/noticiasmercedinas.com\\\/site\\\/#website\"},\"primaryImageOfPage\":{\"@id\":\"https:\\\/\\\/noticiasmercedinas.com\\\/site\\\/2021\\\/04\\\/22\\\/rayuelas-un-dispositivo-de-salud-deporte-e-integracion\\\/#primaryimage\"},\"image\":{\"@id\":\"https:\\\/\\\/noticiasmercedinas.com\\\/site\\\/2021\\\/04\\\/22\\\/rayuelas-un-dispositivo-de-salud-deporte-e-integracion\\\/#primaryimage\"},\"thumbnailUrl\":\"https:\\\/\\\/noticiasmercedinas.com\\\/site\\\/wp-content\\\/uploads\\\/2021\\\/04\\\/DSC06233.jpg\",\"datePublished\":\"2021-04-22T23:50:12+00:00\",\"breadcrumb\":{\"@id\":\"https:\\\/\\\/noticiasmercedinas.com\\\/site\\\/2021\\\/04\\\/22\\\/rayuelas-un-dispositivo-de-salud-deporte-e-integracion\\\/#breadcrumb\"},\"inLanguage\":\"es\",\"potentialAction\":[{\"@type\":\"ReadAction\",\"target\":[\"https:\\\/\\\/noticiasmercedinas.com\\\/site\\\/2021\\\/04\\\/22\\\/rayuelas-un-dispositivo-de-salud-deporte-e-integracion\\\/\"]}]},{\"@type\":\"ImageObject\",\"inLanguage\":\"es\",\"@id\":\"https:\\\/\\\/noticiasmercedinas.com\\\/site\\\/2021\\\/04\\\/22\\\/rayuelas-un-dispositivo-de-salud-deporte-e-integracion\\\/#primaryimage\",\"url\":\"https:\\\/\\\/noticiasmercedinas.com\\\/site\\\/wp-content\\\/uploads\\\/2021\\\/04\\\/DSC06233.jpg\",\"contentUrl\":\"https:\\\/\\\/noticiasmercedinas.com\\\/site\\\/wp-content\\\/uploads\\\/2021\\\/04\\\/DSC06233.jpg\",\"width\":895,\"height\":626},{\"@type\":\"BreadcrumbList\",\"@id\":\"https:\\\/\\\/noticiasmercedinas.com\\\/site\\\/2021\\\/04\\\/22\\\/rayuelas-un-dispositivo-de-salud-deporte-e-integracion\\\/#breadcrumb\",\"itemListElement\":[{\"@type\":\"ListItem\",\"position\":1,\"name\":\"Portada\",\"item\":\"https:\\\/\\\/noticiasmercedinas.com\\\/site\\\/\"},{\"@type\":\"ListItem\",\"position\":2,\"name\":\"\u201cRayuelas\u201d, un dispositivo de salud, deporte e integraci\u00f3n\"}]},{\"@type\":\"WebSite\",\"@id\":\"https:\\\/\\\/noticiasmercedinas.com\\\/site\\\/#website\",\"url\":\"https:\\\/\\\/noticiasmercedinas.com\\\/site\\\/\",\"name\":\"NOTICIASMERCEDINAS.COM\",\"description\":\"Mercedes, Buenos Aires, Argentina\",\"publisher\":{\"@id\":\"https:\\\/\\\/noticiasmercedinas.com\\\/site\\\/#organization\"},\"potentialAction\":[{\"@type\":\"SearchAction\",\"target\":{\"@type\":\"EntryPoint\",\"urlTemplate\":\"https:\\\/\\\/noticiasmercedinas.com\\\/site\\\/?s={search_term_string}\"},\"query-input\":{\"@type\":\"PropertyValueSpecification\",\"valueRequired\":true,\"valueName\":\"search_term_string\"}}],\"inLanguage\":\"es\"},{\"@type\":\"Organization\",\"@id\":\"https:\\\/\\\/noticiasmercedinas.com\\\/site\\\/#organization\",\"name\":\"NOTICIASMERCEDINAS.COM\",\"url\":\"https:\\\/\\\/noticiasmercedinas.com\\\/site\\\/\",\"logo\":{\"@type\":\"ImageObject\",\"inLanguage\":\"es\",\"@id\":\"https:\\\/\\\/noticiasmercedinas.com\\\/site\\\/#\\\/schema\\\/logo\\\/image\\\/\",\"url\":\"https:\\\/\\\/noticiasmercedinas.com\\\/site\\\/wp-content\\\/uploads\\\/2020\\\/06\\\/LOGO-512.jpg\",\"contentUrl\":\"https:\\\/\\\/noticiasmercedinas.com\\\/site\\\/wp-content\\\/uploads\\\/2020\\\/06\\\/LOGO-512.jpg\",\"width\":512,\"height\":512,\"caption\":\"NOTICIASMERCEDINAS.COM\"},\"image\":{\"@id\":\"https:\\\/\\\/noticiasmercedinas.com\\\/site\\\/#\\\/schema\\\/logo\\\/image\\\/\"},\"sameAs\":[\"https:\\\/\\\/www.facebook.com\\\/noticiasmercedinas\\\/\",\"https:\\\/\\\/x.com\\\/notmercedinas\",\"https:\\\/\\\/www.instagram.com\\\/noticiasmercedinas\\\/\"]},{\"@type\":\"Person\",\"@id\":\"https:\\\/\\\/noticiasmercedinas.com\\\/site\\\/#\\\/schema\\\/person\\\/84b59c099c28ff2e8b77d4ceec5d8063\",\"name\":\"NOTICIASMERCEDINAS.COM\",\"image\":{\"@type\":\"ImageObject\",\"inLanguage\":\"es\",\"@id\":\"https:\\\/\\\/secure.gravatar.com\\\/avatar\\\/4dfbf16b4d17945bfb6341b2d19043457132fcf478a5ee04f42e959fd8f5df0a?s=96&d=mm&r=g\",\"url\":\"https:\\\/\\\/secure.gravatar.com\\\/avatar\\\/4dfbf16b4d17945bfb6341b2d19043457132fcf478a5ee04f42e959fd8f5df0a?s=96&d=mm&r=g\",\"contentUrl\":\"https:\\\/\\\/secure.gravatar.com\\\/avatar\\\/4dfbf16b4d17945bfb6341b2d19043457132fcf478a5ee04f42e959fd8f5df0a?s=96&d=mm&r=g\",\"caption\":\"NOTICIASMERCEDINAS.COM\"},\"url\":\"https:\\\/\\\/noticiasmercedinas.com\\\/site\\\/author\\\/anonimo\\\/\"}]}<\/script>\n<!-- \/ Yoast SEO plugin. -->","yoast_head_json":{"title":"\u201cRayuelas\u201d, un dispositivo de salud, deporte e integraci\u00f3n","robots":{"index":"index","follow":"follow","max-snippet":"max-snippet:-1","max-image-preview":"max-image-preview:large","max-video-preview":"max-video-preview:-1"},"canonical":"https:\/\/noticiasmercedinas.com\/site\/2021\/04\/22\/rayuelas-un-dispositivo-de-salud-deporte-e-integracion\/","og_locale":"es_ES","og_type":"article","og_title":"\u201cRayuelas\u201d, un dispositivo de salud, deporte e integraci\u00f3n","og_description":"\u25a0 La presentaci\u00f3n de esta nueva propuesta se concret\u00f3 en el Complejo La Trocha y cont\u00f3 con la presencia del primer mandatario municipal y tambi\u00e9n el director del Hospital Sommer, Gustavo Marrone","og_url":"https:\/\/noticiasmercedinas.com\/site\/2021\/04\/22\/rayuelas-un-dispositivo-de-salud-deporte-e-integracion\/","og_site_name":"NOTICIASMERCEDINAS.COM","article_publisher":"https:\/\/www.facebook.com\/noticiasmercedinas\/","article_published_time":"2021-04-22T23:50:12+00:00","og_image":[{"width":895,"height":626,"url":"https:\/\/noticiasmercedinas.com\/site\/wp-content\/uploads\/2021\/04\/DSC06233.jpg","type":"image\/jpeg"}],"author":"NOTICIASMERCEDINAS.COM","twitter_card":"summary_large_image","twitter_creator":"@notmercedinas","twitter_site":"@notmercedinas","twitter_misc":{"Escrito por":"NOTICIASMERCEDINAS.COM","Tiempo de lectura":"2 minutos"},"schema":{"@context":"https:\/\/schema.org","@graph":[{"@type":"Article","@id":"https:\/\/noticiasmercedinas.com\/site\/2021\/04\/22\/rayuelas-un-dispositivo-de-salud-deporte-e-integracion\/#article","isPartOf":{"@id":"https:\/\/noticiasmercedinas.com\/site\/2021\/04\/22\/rayuelas-un-dispositivo-de-salud-deporte-e-integracion\/"},"author":{"name":"NOTICIASMERCEDINAS.COM","@id":"https:\/\/noticiasmercedinas.com\/site\/#\/schema\/person\/84b59c099c28ff2e8b77d4ceec5d8063"},"headline":"\u201cRayuelas\u201d, un dispositivo de salud, deporte e integraci\u00f3n","datePublished":"2021-04-22T23:50:12+00:00","mainEntityOfPage":{"@id":"https:\/\/noticiasmercedinas.com\/site\/2021\/04\/22\/rayuelas-un-dispositivo-de-salud-deporte-e-integracion\/"},"wordCount":430,"commentCount":0,"publisher":{"@id":"https:\/\/noticiasmercedinas.com\/site\/#organization"},"image":{"@id":"https:\/\/noticiasmercedinas.com\/site\/2021\/04\/22\/rayuelas-un-dispositivo-de-salud-deporte-e-integracion\/#primaryimage"},"thumbnailUrl":"https:\/\/noticiasmercedinas.com\/site\/wp-content\/uploads\/2021\/04\/DSC06233.jpg","keywords":["rayuela","salud"],"articleSection":["Sociedad"],"inLanguage":"es","potentialAction":[{"@type":"CommentAction","name":"Comment","target":["https:\/\/noticiasmercedinas.com\/site\/2021\/04\/22\/rayuelas-un-dispositivo-de-salud-deporte-e-integracion\/#respond"]}]},{"@type":"WebPage","@id":"https:\/\/noticiasmercedinas.com\/site\/2021\/04\/22\/rayuelas-un-dispositivo-de-salud-deporte-e-integracion\/","url":"https:\/\/noticiasmercedinas.com\/site\/2021\/04\/22\/rayuelas-un-dispositivo-de-salud-deporte-e-integracion\/","name":"\u201cRayuelas\u201d, un dispositivo de salud, deporte e integraci\u00f3n","isPartOf":{"@id":"https:\/\/noticiasmercedinas.com\/site\/#website"},"primaryImageOfPage":{"@id":"https:\/\/noticiasmercedinas.com\/site\/2021\/04\/22\/rayuelas-un-dispositivo-de-salud-deporte-e-integracion\/#primaryimage"},"image":{"@id":"https:\/\/noticiasmercedinas.com\/site\/2021\/04\/22\/rayuelas-un-dispositivo-de-salud-deporte-e-integracion\/#primaryimage"},"thumbnailUrl":"https:\/\/noticiasmercedinas.com\/site\/wp-content\/uploads\/2021\/04\/DSC06233.jpg","datePublished":"2021-04-22T23:50:12+00:00","breadcrumb":{"@id":"https:\/\/noticiasmercedinas.com\/site\/2021\/04\/22\/rayuelas-un-dispositivo-de-salud-deporte-e-integracion\/#breadcrumb"},"inLanguage":"es","potentialAction":[{"@type":"ReadAction","target":["https:\/\/noticiasmercedinas.com\/site\/2021\/04\/22\/rayuelas-un-dispositivo-de-salud-deporte-e-integracion\/"]}]},{"@type":"ImageObject","inLanguage":"es","@id":"https:\/\/noticiasmercedinas.com\/site\/2021\/04\/22\/rayuelas-un-dispositivo-de-salud-deporte-e-integracion\/#primaryimage","url":"https:\/\/noticiasmercedinas.com\/site\/wp-content\/uploads\/2021\/04\/DSC06233.jpg","contentUrl":"https:\/\/noticiasmercedinas.com\/site\/wp-content\/uploads\/2021\/04\/DSC06233.jpg","width":895,"height":626},{"@type":"BreadcrumbList","@id":"https:\/\/noticiasmercedinas.com\/site\/2021\/04\/22\/rayuelas-un-dispositivo-de-salud-deporte-e-integracion\/#breadcrumb","itemListElement":[{"@type":"ListItem","position":1,"name":"Portada","item":"https:\/\/noticiasmercedinas.com\/site\/"},{"@type":"ListItem","position":2,"name":"\u201cRayuelas\u201d, un dispositivo de salud, deporte e integraci\u00f3n"}]},{"@type":"WebSite","@id":"https:\/\/noticiasmercedinas.com\/site\/#website","url":"https:\/\/noticiasmercedinas.com\/site\/","name":"NOTICIASMERCEDINAS.COM","description":"Mercedes, Buenos Aires, Argentina","publisher":{"@id":"https:\/\/noticiasmercedinas.com\/site\/#organization"},"potentialAction":[{"@type":"SearchAction","target":{"@type":"EntryPoint","urlTemplate":"https:\/\/noticiasmercedinas.com\/site\/?s={search_term_string}"},"query-input":{"@type":"PropertyValueSpecification","valueRequired":true,"valueName":"search_term_string"}}],"inLanguage":"es"},{"@type":"Organization","@id":"https:\/\/noticiasmercedinas.com\/site\/#organization","name":"NOTICIASMERCEDINAS.COM","url":"https:\/\/noticiasmercedinas.com\/site\/","logo":{"@type":"ImageObject","inLanguage":"es","@id":"https:\/\/noticiasmercedinas.com\/site\/#\/schema\/logo\/image\/","url":"https:\/\/noticiasmercedinas.com\/site\/wp-content\/uploads\/2020\/06\/LOGO-512.jpg","contentUrl":"https:\/\/noticiasmercedinas.com\/site\/wp-content\/uploads\/2020\/06\/LOGO-512.jpg","width":512,"height":512,"caption":"NOTICIASMERCEDINAS.COM"},"image":{"@id":"https:\/\/noticiasmercedinas.com\/site\/#\/schema\/logo\/image\/"},"sameAs":["https:\/\/www.facebook.com\/noticiasmercedinas\/","https:\/\/x.com\/notmercedinas","https:\/\/www.instagram.com\/noticiasmercedinas\/"]},{"@type":"Person","@id":"https:\/\/noticiasmercedinas.com\/site\/#\/schema\/person\/84b59c099c28ff2e8b77d4ceec5d8063","name":"NOTICIASMERCEDINAS.COM","image":{"@type":"ImageObject","inLanguage":"es","@id":"https:\/\/secure.gravatar.com\/avatar\/4dfbf16b4d17945bfb6341b2d19043457132fcf478a5ee04f42e959fd8f5df0a?s=96&d=mm&r=g","url":"https:\/\/secure.gravatar.com\/avatar\/4dfbf16b4d17945bfb6341b2d19043457132fcf478a5ee04f42e959fd8f5df0a?s=96&d=mm&r=g","contentUrl":"https:\/\/secure.gravatar.com\/avatar\/4dfbf16b4d17945bfb6341b2d19043457132fcf478a5ee04f42e959fd8f5df0a?s=96&d=mm&r=g","caption":"NOTICIASMERCEDINAS.COM"},"url":"https:\/\/noticiasmercedinas.com\/site\/author\/anonimo\/"}]}},"amp_enabled":true,"_links":{"self":[{"href":"https:\/\/noticiasmercedinas.com\/site\/wp-json\/wp\/v2\/posts\/66068","targetHints":{"allow":["GET"]}}],"collection":[{"href":"https:\/\/noticiasmercedinas.com\/site\/wp-json\/wp\/v2\/posts"}],"about":[{"href":"https:\/\/noticiasmercedinas.com\/site\/wp-json\/wp\/v2\/types\/post"}],"author":[{"embeddable":true,"href":"https:\/\/noticiasmercedinas.com\/site\/wp-json\/wp\/v2\/users\/16"}],"replies":[{"embeddable":true,"href":"https:\/\/noticiasmercedinas.com\/site\/wp-json\/wp\/v2\/comments?post=66068"}],"version-history":[{"count":1,"href":"https:\/\/noticiasmercedinas.com\/site\/wp-json\/wp\/v2\/posts\/66068\/revisions"}],"predecessor-version":[{"id":66070,"href":"https:\/\/noticiasmercedinas.com\/site\/wp-json\/wp\/v2\/posts\/66068\/revisions\/66070"}],"wp:featuredmedia":[{"embeddable":true,"href":"https:\/\/noticiasmercedinas.com\/site\/wp-json\/wp\/v2\/media\/66069"}],"wp:attachment":[{"href":"https:\/\/noticiasmercedinas.com\/site\/wp-json\/wp\/v2\/media?parent=66068"}],"wp:term":[{"taxonomy":"category","embeddable":true,"href":"https:\/\/noticiasmercedinas.com\/site\/wp-json\/wp\/v2\/categories?post=66068"},{"taxonomy":"post_tag","embeddable":true,"href":"https:\/\/noticiasmercedinas.com\/site\/wp-json\/wp\/v2\/tags?post=66068"}],"curies":[{"name":"wp","href":"https:\/\/api.w.org\/{rel}","templated":true}]}}