{"id":66338,"date":"2021-04-27T15:02:45","date_gmt":"2021-04-27T18:02:45","guid":{"rendered":"https:\/\/noticiasmercedinas.com\/site\/?p=66338"},"modified":"2021-04-27T15:02:45","modified_gmt":"2021-04-27T18:02:45","slug":"jardin-maternal-arco-iris-se-suma-a-la-comunidad-educativa-local","status":"publish","type":"post","link":"https:\/\/noticiasmercedinas.com\/site\/2021\/04\/27\/jardin-maternal-arco-iris-se-suma-a-la-comunidad-educativa-local\/","title":{"rendered":"Jard\u00edn Maternal \u00abArco Iris\u00bb se suma a la comunidad educativa local"},"content":{"rendered":"<p><img loading=\"lazy\" decoding=\"async\" class=\"alignnone size-full wp-image-66339\" src=\"https:\/\/noticiasmercedinas.com\/site\/wp-content\/uploads\/2021\/04\/176636969_10159190678500498_9169181716781569639_n.jpg\" alt=\"\" width=\"960\" height=\"720\" srcset=\"https:\/\/noticiasmercedinas.com\/site\/wp-content\/uploads\/2021\/04\/176636969_10159190678500498_9169181716781569639_n.jpg 960w, https:\/\/noticiasmercedinas.com\/site\/wp-content\/uploads\/2021\/04\/176636969_10159190678500498_9169181716781569639_n-300x225.jpg 300w, https:\/\/noticiasmercedinas.com\/site\/wp-content\/uploads\/2021\/04\/176636969_10159190678500498_9169181716781569639_n-768x576.jpg 768w, https:\/\/noticiasmercedinas.com\/site\/wp-content\/uploads\/2021\/04\/176636969_10159190678500498_9169181716781569639_n-80x60.jpg 80w, https:\/\/noticiasmercedinas.com\/site\/wp-content\/uploads\/2021\/04\/176636969_10159190678500498_9169181716781569639_n-160x120.jpg 160w, https:\/\/noticiasmercedinas.com\/site\/wp-content\/uploads\/2021\/04\/176636969_10159190678500498_9169181716781569639_n-100x75.jpg 100w, https:\/\/noticiasmercedinas.com\/site\/wp-content\/uploads\/2021\/04\/176636969_10159190678500498_9169181716781569639_n-200x150.jpg 200w, https:\/\/noticiasmercedinas.com\/site\/wp-content\/uploads\/2021\/04\/176636969_10159190678500498_9169181716781569639_n-180x135.jpg 180w, https:\/\/noticiasmercedinas.com\/site\/wp-content\/uploads\/2021\/04\/176636969_10159190678500498_9169181716781569639_n-360x270.jpg 360w, https:\/\/noticiasmercedinas.com\/site\/wp-content\/uploads\/2021\/04\/176636969_10159190678500498_9169181716781569639_n-238x178.jpg 238w, https:\/\/noticiasmercedinas.com\/site\/wp-content\/uploads\/2021\/04\/176636969_10159190678500498_9169181716781569639_n-476x356.jpg 476w, https:\/\/noticiasmercedinas.com\/site\/wp-content\/uploads\/2021\/04\/176636969_10159190678500498_9169181716781569639_n-640x480.jpg 640w, https:\/\/noticiasmercedinas.com\/site\/wp-content\/uploads\/2021\/04\/176636969_10159190678500498_9169181716781569639_n-681x511.jpg 681w\" sizes=\"auto, (max-width: 960px) 100vw, 960px\" \/><\/p>\n<p>Tras la quiebra y<a href=\"https:\/\/noticiasmercedinas.com\/site\/2020\/06\/11\/jardin-maternal-soltate-anuncio-su-cierre\/\" target=\"_blank\" rel=\"noopener\"><strong><span style=\"color: #000080;\"> cierre del jard\u00edn maternal Soltate<\/span><\/strong><\/a>, en el marco de esta pandemia, ha surgido una nueva propuesta emanada del sue\u00f1o y esfuerzo de algunas de quienes eran docentes en el lugar. Se trata del <strong>Jard\u00edn Maternal \u00abArco Iris\u00bb<\/strong>.<\/p>\n<p>Y para conocer algo sobre c\u00f3mo es la pedagog\u00eda que aplicar\u00e1n, cu\u00e1ndo arrancan, qu\u00e9 salas tendr\u00e1n y cu\u00e1l ser\u00e1 la oferta para la comunidad, fue consultada\u00a0<strong>Josefina Lor\u00e9<\/strong>, una de las responsables de este envi\u00f3 naciente emprendimiento.<\/p>\n<p>\u00abVamos a contar con doble turno (ma\u00f1ana y tarde) en los horarios de 8:00 a 12:00; y de 13:00 a 17:00 horas. Trabajaremos m\u00e1s que nada en base a la pedagog\u00eda Montessori, la cual hace referencia al libre movimiento, la independencia, la exploraci\u00f3n, y el presentar a los ni\u00f1os situaciones que deban resolver y no siempre intervenir, sino permitirles pensar y accionar para resolver\u00bb, dijo.<\/p>\n<p>Es as\u00ed que en Jard\u00edn Maternal \u00abArco Iris\u00bb contar\u00e1n con salas de 1 y 2 a\u00f1os. Sal\u00f3n de usos m\u00faltiples, amplio patio y galer\u00eda.<\/p>\n<p>\u00abNosotras comenzamos con esta idea de cooperativa de trabajo educativa (la cual no hay a\u00fan en Mercedes), a ra\u00edz de la p\u00e9rdida de trabajo en plena pandemia. El jard\u00edn maternal donde trabaj\u00e1bamos present\u00f3 quiebra en junio del a\u00f1o pasado, lo cual nos hicieron saber de un d\u00eda para otro a trav\u00e9s de un mensaje y sin pagar al equipo docente desde marzo de 2020. A ra\u00edz de esta situaci\u00f3n y luego de acudir al Ministerio de Trabajo, se nos plante\u00f3 la idea de continuar con nuestra fuente de trabajo y que los ni\u00f1os y familias no se queden sin jard\u00edn. Es por esto que nos pusimos en marcha, y estuvimos hasta noviembre cocinando diversas cosas con ayuda de la comunidad, del intendente y todo el municipio, para recaudar fondos que ser\u00edan para solventar gastos del hoy jard\u00edn\u00bb, remarc\u00f3 Lor\u00e9.<\/p>\n<p>As\u00ed las cosas, en noviembre el municipio les cedi\u00f3 el espacio del CIC para realizar talleres culturales de verano, en donde pudieron seguir recaudando hasta finalizar el mes de febrero. \u00abAhora en marzo tuvimos la posibilidad de encontrar y alquilar la casa donde va a funcionar el jard\u00edn, y la estamos acondicionado para reencontrarnos con los nenes en el mes de mayo\u00bb, coment\u00f3 Josefina.<\/p>\n<p>Quienes conformaron este jard\u00edn maternal son 4 docentes de nivel inicial: Cintia Gonz\u00e1lez Cintia, Cynthia Acosta, Noelia Torres\u00a0 y Josefina Lor\u00e9.<\/p>\n<p>Las inscripciones siguen abiertas durante el a\u00f1o. Las familias interesadas pueden comunicarse v\u00eda Facebook a <a href=\"https:\/\/www.facebook.com\/arcoiris.arcoiris.73157203\" target=\"_blank\" rel=\"noopener\"><span style=\"color: #000080;\"><strong>Maternal Arcoiris<\/strong><\/span><\/a>. V\u00eda Instagram: <a href=\"https:\/\/www.instagram.com\/jmarcoiris\/\" target=\"_blank\" rel=\"noopener\"><span style=\"color: #000080;\"><strong>@jmarcoiris<\/strong><\/span><\/a>. Y v\u00eda telef\u00f3nica al n\u00famero 2324 680598.<\/p>\n","protected":false},"excerpt":{"rendered":"<p>\u25a0 Abre en mayo. Contar\u00e1n con salas de 1 y 2 a\u00f1os. Sal\u00f3n de usos m\u00faltiples, amplio patio y galer\u00eda. Se trata de ex maestras de Soltate que armaron una cooperativa de trabajo<\/p>\n","protected":false},"author":2,"featured_media":66339,"comment_status":"open","ping_status":"open","sticky":false,"template":"","format":"standard","meta":{"footnotes":""},"categories":[3],"tags":[11878,38,3483,11879],"class_list":["post-66338","post","type-post","status-publish","format-standard","has-post-thumbnail","hentry","category-sociedad","tag-arcoiris","tag-educacion","tag-jardin-maternal","tag-josefina-lore"],"yoast_head":"<!-- This site is optimized with the Yoast SEO plugin v27.5 - https:\/\/yoast.com\/product\/yoast-seo-wordpress\/ -->\n<title>Jard\u00edn Maternal &quot;Arco Iris&quot; se suma a la comunidad educativa local<\/title>\n<meta name=\"robots\" content=\"index, follow, max-snippet:-1, max-image-preview:large, max-video-preview:-1\" \/>\n<link rel=\"canonical\" href=\"https:\/\/noticiasmercedinas.com\/site\/2021\/04\/27\/jardin-maternal-arco-iris-se-suma-a-la-comunidad-educativa-local\/\" \/>\n<meta property=\"og:locale\" content=\"es_ES\" \/>\n<meta property=\"og:type\" content=\"article\" \/>\n<meta property=\"og:title\" content=\"Jard\u00edn Maternal &quot;Arco Iris&quot; se suma a la comunidad educativa local\" \/>\n<meta property=\"og:description\" content=\"\u25a0 Abre en mayo. Contar\u00e1n con salas de 1 y 2 a\u00f1os. Sal\u00f3n de usos m\u00faltiples, amplio patio y galer\u00eda. Se trata de ex maestras de Soltate que armaron una cooperativa de trabajo\" \/>\n<meta property=\"og:url\" content=\"https:\/\/noticiasmercedinas.com\/site\/2021\/04\/27\/jardin-maternal-arco-iris-se-suma-a-la-comunidad-educativa-local\/\" \/>\n<meta property=\"og:site_name\" content=\"NOTICIASMERCEDINAS.COM\" \/>\n<meta property=\"article:publisher\" content=\"https:\/\/www.facebook.com\/noticiasmercedinas\/\" \/>\n<meta property=\"article:author\" content=\"https:\/\/www.facebook.com\/cristian.falabella\" \/>\n<meta property=\"article:published_time\" content=\"2021-04-27T18:02:45+00:00\" \/>\n<meta property=\"og:image\" content=\"https:\/\/noticiasmercedinas.com\/site\/wp-content\/uploads\/2021\/04\/176636969_10159190678500498_9169181716781569639_n.jpg\" \/>\n\t<meta property=\"og:image:width\" content=\"960\" \/>\n\t<meta property=\"og:image:height\" content=\"720\" \/>\n\t<meta property=\"og:image:type\" content=\"image\/jpeg\" \/>\n<meta name=\"author\" content=\"Cristian Falabella NOTICIASMERCEDINAS.COM\" \/>\n<meta name=\"twitter:card\" content=\"summary_large_image\" \/>\n<meta name=\"twitter:creator\" content=\"@https:\/\/twitter.com\/NOTMERCEDINAS\" \/>\n<meta name=\"twitter:site\" content=\"@notmercedinas\" \/>\n<meta name=\"twitter:label1\" content=\"Escrito por\" \/>\n\t<meta name=\"twitter:data1\" content=\"Cristian Falabella NOTICIASMERCEDINAS.COM\" \/>\n\t<meta name=\"twitter:label2\" content=\"Tiempo de lectura\" \/>\n\t<meta name=\"twitter:data2\" content=\"3 minutos\" \/>\n<script type=\"application\/ld+json\" class=\"yoast-schema-graph\">{\"@context\":\"https:\\\/\\\/schema.org\",\"@graph\":[{\"@type\":\"Article\",\"@id\":\"https:\\\/\\\/noticiasmercedinas.com\\\/site\\\/2021\\\/04\\\/27\\\/jardin-maternal-arco-iris-se-suma-a-la-comunidad-educativa-local\\\/#article\",\"isPartOf\":{\"@id\":\"https:\\\/\\\/noticiasmercedinas.com\\\/site\\\/2021\\\/04\\\/27\\\/jardin-maternal-arco-iris-se-suma-a-la-comunidad-educativa-local\\\/\"},\"author\":{\"name\":\"Cristian Falabella NOTICIASMERCEDINAS.COM\",\"@id\":\"https:\\\/\\\/noticiasmercedinas.com\\\/site\\\/#\\\/schema\\\/person\\\/d481a9696a5feaec13a60e2bbd991a6a\"},\"headline\":\"Jard\u00edn Maternal \u00abArco Iris\u00bb se suma a la comunidad educativa local\",\"datePublished\":\"2021-04-27T18:02:45+00:00\",\"mainEntityOfPage\":{\"@id\":\"https:\\\/\\\/noticiasmercedinas.com\\\/site\\\/2021\\\/04\\\/27\\\/jardin-maternal-arco-iris-se-suma-a-la-comunidad-educativa-local\\\/\"},\"wordCount\":463,\"commentCount\":0,\"publisher\":{\"@id\":\"https:\\\/\\\/noticiasmercedinas.com\\\/site\\\/#organization\"},\"image\":{\"@id\":\"https:\\\/\\\/noticiasmercedinas.com\\\/site\\\/2021\\\/04\\\/27\\\/jardin-maternal-arco-iris-se-suma-a-la-comunidad-educativa-local\\\/#primaryimage\"},\"thumbnailUrl\":\"https:\\\/\\\/noticiasmercedinas.com\\\/site\\\/wp-content\\\/uploads\\\/2021\\\/04\\\/176636969_10159190678500498_9169181716781569639_n.jpg\",\"keywords\":[\"arcoiris\",\"educacion\",\"jard\u00edn maternal\",\"josefina lore\"],\"articleSection\":[\"Sociedad\"],\"inLanguage\":\"es\",\"potentialAction\":[{\"@type\":\"CommentAction\",\"name\":\"Comment\",\"target\":[\"https:\\\/\\\/noticiasmercedinas.com\\\/site\\\/2021\\\/04\\\/27\\\/jardin-maternal-arco-iris-se-suma-a-la-comunidad-educativa-local\\\/#respond\"]}]},{\"@type\":\"WebPage\",\"@id\":\"https:\\\/\\\/noticiasmercedinas.com\\\/site\\\/2021\\\/04\\\/27\\\/jardin-maternal-arco-iris-se-suma-a-la-comunidad-educativa-local\\\/\",\"url\":\"https:\\\/\\\/noticiasmercedinas.com\\\/site\\\/2021\\\/04\\\/27\\\/jardin-maternal-arco-iris-se-suma-a-la-comunidad-educativa-local\\\/\",\"name\":\"Jard\u00edn Maternal \\\"Arco Iris\\\" se suma a la comunidad educativa local\",\"isPartOf\":{\"@id\":\"https:\\\/\\\/noticiasmercedinas.com\\\/site\\\/#website\"},\"primaryImageOfPage\":{\"@id\":\"https:\\\/\\\/noticiasmercedinas.com\\\/site\\\/2021\\\/04\\\/27\\\/jardin-maternal-arco-iris-se-suma-a-la-comunidad-educativa-local\\\/#primaryimage\"},\"image\":{\"@id\":\"https:\\\/\\\/noticiasmercedinas.com\\\/site\\\/2021\\\/04\\\/27\\\/jardin-maternal-arco-iris-se-suma-a-la-comunidad-educativa-local\\\/#primaryimage\"},\"thumbnailUrl\":\"https:\\\/\\\/noticiasmercedinas.com\\\/site\\\/wp-content\\\/uploads\\\/2021\\\/04\\\/176636969_10159190678500498_9169181716781569639_n.jpg\",\"datePublished\":\"2021-04-27T18:02:45+00:00\",\"breadcrumb\":{\"@id\":\"https:\\\/\\\/noticiasmercedinas.com\\\/site\\\/2021\\\/04\\\/27\\\/jardin-maternal-arco-iris-se-suma-a-la-comunidad-educativa-local\\\/#breadcrumb\"},\"inLanguage\":\"es\",\"potentialAction\":[{\"@type\":\"ReadAction\",\"target\":[\"https:\\\/\\\/noticiasmercedinas.com\\\/site\\\/2021\\\/04\\\/27\\\/jardin-maternal-arco-iris-se-suma-a-la-comunidad-educativa-local\\\/\"]}]},{\"@type\":\"ImageObject\",\"inLanguage\":\"es\",\"@id\":\"https:\\\/\\\/noticiasmercedinas.com\\\/site\\\/2021\\\/04\\\/27\\\/jardin-maternal-arco-iris-se-suma-a-la-comunidad-educativa-local\\\/#primaryimage\",\"url\":\"https:\\\/\\\/noticiasmercedinas.com\\\/site\\\/wp-content\\\/uploads\\\/2021\\\/04\\\/176636969_10159190678500498_9169181716781569639_n.jpg\",\"contentUrl\":\"https:\\\/\\\/noticiasmercedinas.com\\\/site\\\/wp-content\\\/uploads\\\/2021\\\/04\\\/176636969_10159190678500498_9169181716781569639_n.jpg\",\"width\":960,\"height\":720},{\"@type\":\"BreadcrumbList\",\"@id\":\"https:\\\/\\\/noticiasmercedinas.com\\\/site\\\/2021\\\/04\\\/27\\\/jardin-maternal-arco-iris-se-suma-a-la-comunidad-educativa-local\\\/#breadcrumb\",\"itemListElement\":[{\"@type\":\"ListItem\",\"position\":1,\"name\":\"Portada\",\"item\":\"https:\\\/\\\/noticiasmercedinas.com\\\/site\\\/\"},{\"@type\":\"ListItem\",\"position\":2,\"name\":\"Jard\u00edn Maternal \u00abArco Iris\u00bb se suma a la comunidad educativa local\"}]},{\"@type\":\"WebSite\",\"@id\":\"https:\\\/\\\/noticiasmercedinas.com\\\/site\\\/#website\",\"url\":\"https:\\\/\\\/noticiasmercedinas.com\\\/site\\\/\",\"name\":\"NOTICIASMERCEDINAS.COM\",\"description\":\"Mercedes, Buenos Aires, Argentina\",\"publisher\":{\"@id\":\"https:\\\/\\\/noticiasmercedinas.com\\\/site\\\/#organization\"},\"potentialAction\":[{\"@type\":\"SearchAction\",\"target\":{\"@type\":\"EntryPoint\",\"urlTemplate\":\"https:\\\/\\\/noticiasmercedinas.com\\\/site\\\/?s={search_term_string}\"},\"query-input\":{\"@type\":\"PropertyValueSpecification\",\"valueRequired\":true,\"valueName\":\"search_term_string\"}}],\"inLanguage\":\"es\"},{\"@type\":\"Organization\",\"@id\":\"https:\\\/\\\/noticiasmercedinas.com\\\/site\\\/#organization\",\"name\":\"NOTICIASMERCEDINAS.COM\",\"url\":\"https:\\\/\\\/noticiasmercedinas.com\\\/site\\\/\",\"logo\":{\"@type\":\"ImageObject\",\"inLanguage\":\"es\",\"@id\":\"https:\\\/\\\/noticiasmercedinas.com\\\/site\\\/#\\\/schema\\\/logo\\\/image\\\/\",\"url\":\"https:\\\/\\\/noticiasmercedinas.com\\\/site\\\/wp-content\\\/uploads\\\/2020\\\/06\\\/LOGO-512.jpg\",\"contentUrl\":\"https:\\\/\\\/noticiasmercedinas.com\\\/site\\\/wp-content\\\/uploads\\\/2020\\\/06\\\/LOGO-512.jpg\",\"width\":512,\"height\":512,\"caption\":\"NOTICIASMERCEDINAS.COM\"},\"image\":{\"@id\":\"https:\\\/\\\/noticiasmercedinas.com\\\/site\\\/#\\\/schema\\\/logo\\\/image\\\/\"},\"sameAs\":[\"https:\\\/\\\/www.facebook.com\\\/noticiasmercedinas\\\/\",\"https:\\\/\\\/x.com\\\/notmercedinas\",\"https:\\\/\\\/www.instagram.com\\\/noticiasmercedinas\\\/\"]},{\"@type\":\"Person\",\"@id\":\"https:\\\/\\\/noticiasmercedinas.com\\\/site\\\/#\\\/schema\\\/person\\\/d481a9696a5feaec13a60e2bbd991a6a\",\"name\":\"Cristian Falabella NOTICIASMERCEDINAS.COM\",\"image\":{\"@type\":\"ImageObject\",\"inLanguage\":\"es\",\"@id\":\"https:\\\/\\\/secure.gravatar.com\\\/avatar\\\/0dbbfc45970cc46bcd0e57766228574ff3511d6eed045b182f536f0f478c1f06?s=96&d=mm&r=g\",\"url\":\"https:\\\/\\\/secure.gravatar.com\\\/avatar\\\/0dbbfc45970cc46bcd0e57766228574ff3511d6eed045b182f536f0f478c1f06?s=96&d=mm&r=g\",\"contentUrl\":\"https:\\\/\\\/secure.gravatar.com\\\/avatar\\\/0dbbfc45970cc46bcd0e57766228574ff3511d6eed045b182f536f0f478c1f06?s=96&d=mm&r=g\",\"caption\":\"Cristian Falabella NOTICIASMERCEDINAS.COM\"},\"description\":\"Periodista, editor de Noticias Mercedinas. Pas\u00f3 por varias redacciones y emprendimientos de prensa, en distintos formatos y \u00e9pocas. Se especializ\u00f3 --y sigue haci\u00e9ndolo-- en comunicaci\u00f3n en la web y en junio de 2006 fund\u00f3 este diario digital.\",\"sameAs\":[\"https:\\\/\\\/noticiasmercedinas.com\",\"https:\\\/\\\/www.facebook.com\\\/cristian.falabella\",\"https:\\\/\\\/www.instagram.com\\\/noticiasmercedinas\\\/\",\"https:\\\/\\\/x.com\\\/https:\\\/\\\/twitter.com\\\/NOTMERCEDINAS\"],\"url\":\"https:\\\/\\\/noticiasmercedinas.com\\\/site\\\/author\\\/as000384\\\/\"}]}<\/script>\n<!-- \/ Yoast SEO plugin. -->","yoast_head_json":{"title":"Jard\u00edn Maternal \"Arco Iris\" se suma a la comunidad educativa local","robots":{"index":"index","follow":"follow","max-snippet":"max-snippet:-1","max-image-preview":"max-image-preview:large","max-video-preview":"max-video-preview:-1"},"canonical":"https:\/\/noticiasmercedinas.com\/site\/2021\/04\/27\/jardin-maternal-arco-iris-se-suma-a-la-comunidad-educativa-local\/","og_locale":"es_ES","og_type":"article","og_title":"Jard\u00edn Maternal \"Arco Iris\" se suma a la comunidad educativa local","og_description":"\u25a0 Abre en mayo. Contar\u00e1n con salas de 1 y 2 a\u00f1os. Sal\u00f3n de usos m\u00faltiples, amplio patio y galer\u00eda. Se trata de ex maestras de Soltate que armaron una cooperativa de trabajo","og_url":"https:\/\/noticiasmercedinas.com\/site\/2021\/04\/27\/jardin-maternal-arco-iris-se-suma-a-la-comunidad-educativa-local\/","og_site_name":"NOTICIASMERCEDINAS.COM","article_publisher":"https:\/\/www.facebook.com\/noticiasmercedinas\/","article_author":"https:\/\/www.facebook.com\/cristian.falabella","article_published_time":"2021-04-27T18:02:45+00:00","og_image":[{"width":960,"height":720,"url":"https:\/\/noticiasmercedinas.com\/site\/wp-content\/uploads\/2021\/04\/176636969_10159190678500498_9169181716781569639_n.jpg","type":"image\/jpeg"}],"author":"Cristian Falabella NOTICIASMERCEDINAS.COM","twitter_card":"summary_large_image","twitter_creator":"@https:\/\/twitter.com\/NOTMERCEDINAS","twitter_site":"@notmercedinas","twitter_misc":{"Escrito por":"Cristian Falabella NOTICIASMERCEDINAS.COM","Tiempo de lectura":"3 minutos"},"schema":{"@context":"https:\/\/schema.org","@graph":[{"@type":"Article","@id":"https:\/\/noticiasmercedinas.com\/site\/2021\/04\/27\/jardin-maternal-arco-iris-se-suma-a-la-comunidad-educativa-local\/#article","isPartOf":{"@id":"https:\/\/noticiasmercedinas.com\/site\/2021\/04\/27\/jardin-maternal-arco-iris-se-suma-a-la-comunidad-educativa-local\/"},"author":{"name":"Cristian Falabella NOTICIASMERCEDINAS.COM","@id":"https:\/\/noticiasmercedinas.com\/site\/#\/schema\/person\/d481a9696a5feaec13a60e2bbd991a6a"},"headline":"Jard\u00edn Maternal \u00abArco Iris\u00bb se suma a la comunidad educativa local","datePublished":"2021-04-27T18:02:45+00:00","mainEntityOfPage":{"@id":"https:\/\/noticiasmercedinas.com\/site\/2021\/04\/27\/jardin-maternal-arco-iris-se-suma-a-la-comunidad-educativa-local\/"},"wordCount":463,"commentCount":0,"publisher":{"@id":"https:\/\/noticiasmercedinas.com\/site\/#organization"},"image":{"@id":"https:\/\/noticiasmercedinas.com\/site\/2021\/04\/27\/jardin-maternal-arco-iris-se-suma-a-la-comunidad-educativa-local\/#primaryimage"},"thumbnailUrl":"https:\/\/noticiasmercedinas.com\/site\/wp-content\/uploads\/2021\/04\/176636969_10159190678500498_9169181716781569639_n.jpg","keywords":["arcoiris","educacion","jard\u00edn maternal","josefina lore"],"articleSection":["Sociedad"],"inLanguage":"es","potentialAction":[{"@type":"CommentAction","name":"Comment","target":["https:\/\/noticiasmercedinas.com\/site\/2021\/04\/27\/jardin-maternal-arco-iris-se-suma-a-la-comunidad-educativa-local\/#respond"]}]},{"@type":"WebPage","@id":"https:\/\/noticiasmercedinas.com\/site\/2021\/04\/27\/jardin-maternal-arco-iris-se-suma-a-la-comunidad-educativa-local\/","url":"https:\/\/noticiasmercedinas.com\/site\/2021\/04\/27\/jardin-maternal-arco-iris-se-suma-a-la-comunidad-educativa-local\/","name":"Jard\u00edn Maternal \"Arco Iris\" se suma a la comunidad educativa local","isPartOf":{"@id":"https:\/\/noticiasmercedinas.com\/site\/#website"},"primaryImageOfPage":{"@id":"https:\/\/noticiasmercedinas.com\/site\/2021\/04\/27\/jardin-maternal-arco-iris-se-suma-a-la-comunidad-educativa-local\/#primaryimage"},"image":{"@id":"https:\/\/noticiasmercedinas.com\/site\/2021\/04\/27\/jardin-maternal-arco-iris-se-suma-a-la-comunidad-educativa-local\/#primaryimage"},"thumbnailUrl":"https:\/\/noticiasmercedinas.com\/site\/wp-content\/uploads\/2021\/04\/176636969_10159190678500498_9169181716781569639_n.jpg","datePublished":"2021-04-27T18:02:45+00:00","breadcrumb":{"@id":"https:\/\/noticiasmercedinas.com\/site\/2021\/04\/27\/jardin-maternal-arco-iris-se-suma-a-la-comunidad-educativa-local\/#breadcrumb"},"inLanguage":"es","potentialAction":[{"@type":"ReadAction","target":["https:\/\/noticiasmercedinas.com\/site\/2021\/04\/27\/jardin-maternal-arco-iris-se-suma-a-la-comunidad-educativa-local\/"]}]},{"@type":"ImageObject","inLanguage":"es","@id":"https:\/\/noticiasmercedinas.com\/site\/2021\/04\/27\/jardin-maternal-arco-iris-se-suma-a-la-comunidad-educativa-local\/#primaryimage","url":"https:\/\/noticiasmercedinas.com\/site\/wp-content\/uploads\/2021\/04\/176636969_10159190678500498_9169181716781569639_n.jpg","contentUrl":"https:\/\/noticiasmercedinas.com\/site\/wp-content\/uploads\/2021\/04\/176636969_10159190678500498_9169181716781569639_n.jpg","width":960,"height":720},{"@type":"BreadcrumbList","@id":"https:\/\/noticiasmercedinas.com\/site\/2021\/04\/27\/jardin-maternal-arco-iris-se-suma-a-la-comunidad-educativa-local\/#breadcrumb","itemListElement":[{"@type":"ListItem","position":1,"name":"Portada","item":"https:\/\/noticiasmercedinas.com\/site\/"},{"@type":"ListItem","position":2,"name":"Jard\u00edn Maternal \u00abArco Iris\u00bb se suma a la comunidad educativa local"}]},{"@type":"WebSite","@id":"https:\/\/noticiasmercedinas.com\/site\/#website","url":"https:\/\/noticiasmercedinas.com\/site\/","name":"NOTICIASMERCEDINAS.COM","description":"Mercedes, Buenos Aires, Argentina","publisher":{"@id":"https:\/\/noticiasmercedinas.com\/site\/#organization"},"potentialAction":[{"@type":"SearchAction","target":{"@type":"EntryPoint","urlTemplate":"https:\/\/noticiasmercedinas.com\/site\/?s={search_term_string}"},"query-input":{"@type":"PropertyValueSpecification","valueRequired":true,"valueName":"search_term_string"}}],"inLanguage":"es"},{"@type":"Organization","@id":"https:\/\/noticiasmercedinas.com\/site\/#organization","name":"NOTICIASMERCEDINAS.COM","url":"https:\/\/noticiasmercedinas.com\/site\/","logo":{"@type":"ImageObject","inLanguage":"es","@id":"https:\/\/noticiasmercedinas.com\/site\/#\/schema\/logo\/image\/","url":"https:\/\/noticiasmercedinas.com\/site\/wp-content\/uploads\/2020\/06\/LOGO-512.jpg","contentUrl":"https:\/\/noticiasmercedinas.com\/site\/wp-content\/uploads\/2020\/06\/LOGO-512.jpg","width":512,"height":512,"caption":"NOTICIASMERCEDINAS.COM"},"image":{"@id":"https:\/\/noticiasmercedinas.com\/site\/#\/schema\/logo\/image\/"},"sameAs":["https:\/\/www.facebook.com\/noticiasmercedinas\/","https:\/\/x.com\/notmercedinas","https:\/\/www.instagram.com\/noticiasmercedinas\/"]},{"@type":"Person","@id":"https:\/\/noticiasmercedinas.com\/site\/#\/schema\/person\/d481a9696a5feaec13a60e2bbd991a6a","name":"Cristian Falabella NOTICIASMERCEDINAS.COM","image":{"@type":"ImageObject","inLanguage":"es","@id":"https:\/\/secure.gravatar.com\/avatar\/0dbbfc45970cc46bcd0e57766228574ff3511d6eed045b182f536f0f478c1f06?s=96&d=mm&r=g","url":"https:\/\/secure.gravatar.com\/avatar\/0dbbfc45970cc46bcd0e57766228574ff3511d6eed045b182f536f0f478c1f06?s=96&d=mm&r=g","contentUrl":"https:\/\/secure.gravatar.com\/avatar\/0dbbfc45970cc46bcd0e57766228574ff3511d6eed045b182f536f0f478c1f06?s=96&d=mm&r=g","caption":"Cristian Falabella NOTICIASMERCEDINAS.COM"},"description":"Periodista, editor de Noticias Mercedinas. Pas\u00f3 por varias redacciones y emprendimientos de prensa, en distintos formatos y \u00e9pocas. Se especializ\u00f3 --y sigue haci\u00e9ndolo-- en comunicaci\u00f3n en la web y en junio de 2006 fund\u00f3 este diario digital.","sameAs":["https:\/\/noticiasmercedinas.com","https:\/\/www.facebook.com\/cristian.falabella","https:\/\/www.instagram.com\/noticiasmercedinas\/","https:\/\/x.com\/https:\/\/twitter.com\/NOTMERCEDINAS"],"url":"https:\/\/noticiasmercedinas.com\/site\/author\/as000384\/"}]}},"amp_enabled":true,"_links":{"self":[{"href":"https:\/\/noticiasmercedinas.com\/site\/wp-json\/wp\/v2\/posts\/66338","targetHints":{"allow":["GET"]}}],"collection":[{"href":"https:\/\/noticiasmercedinas.com\/site\/wp-json\/wp\/v2\/posts"}],"about":[{"href":"https:\/\/noticiasmercedinas.com\/site\/wp-json\/wp\/v2\/types\/post"}],"author":[{"embeddable":true,"href":"https:\/\/noticiasmercedinas.com\/site\/wp-json\/wp\/v2\/users\/2"}],"replies":[{"embeddable":true,"href":"https:\/\/noticiasmercedinas.com\/site\/wp-json\/wp\/v2\/comments?post=66338"}],"version-history":[{"count":1,"href":"https:\/\/noticiasmercedinas.com\/site\/wp-json\/wp\/v2\/posts\/66338\/revisions"}],"predecessor-version":[{"id":66340,"href":"https:\/\/noticiasmercedinas.com\/site\/wp-json\/wp\/v2\/posts\/66338\/revisions\/66340"}],"wp:featuredmedia":[{"embeddable":true,"href":"https:\/\/noticiasmercedinas.com\/site\/wp-json\/wp\/v2\/media\/66339"}],"wp:attachment":[{"href":"https:\/\/noticiasmercedinas.com\/site\/wp-json\/wp\/v2\/media?parent=66338"}],"wp:term":[{"taxonomy":"category","embeddable":true,"href":"https:\/\/noticiasmercedinas.com\/site\/wp-json\/wp\/v2\/categories?post=66338"},{"taxonomy":"post_tag","embeddable":true,"href":"https:\/\/noticiasmercedinas.com\/site\/wp-json\/wp\/v2\/tags?post=66338"}],"curies":[{"name":"wp","href":"https:\/\/api.w.org\/{rel}","templated":true}]}}