{"id":66374,"date":"2021-04-28T08:16:53","date_gmt":"2021-04-28T11:16:53","guid":{"rendered":"https:\/\/noticiasmercedinas.com\/site\/?p=66374"},"modified":"2021-04-28T08:17:54","modified_gmt":"2021-04-28T11:17:54","slug":"la-cancion-diego-ya-puede-oirse-en-youtube","status":"publish","type":"post","link":"https:\/\/noticiasmercedinas.com\/site\/2021\/04\/28\/la-cancion-diego-ya-puede-oirse-en-youtube\/","title":{"rendered":"La canci\u00f3n \u00abDiego\u00bb ya puede o\u00edrse en YouTube"},"content":{"rendered":"<p>\u00abDiego\u00bb es una canci\u00f3n de \u00abChori y Los Comodines\u00bb que desde este martes comenz\u00f3 a hacerse o\u00edr a trav\u00e9s de la difusi\u00f3n en las redes sociales a trav\u00e9s de internet.<\/p>\n<p>En su letra el reconocido artista local plasm\u00f3 el po\u00e9tico fragmento del relato de <strong>V\u00edctor Hugo Morales<\/strong> sobre el segundo gol de Diego Armando Maradona a Inglaterra en el Mundial de M\u00e9xico 86, con su propia m\u00fasica, y la interpretaci\u00f3n filmada y grabada junto a \u00abLos Comodines\u00bb (<strong>Walter Chori Perruolo<\/strong> &#8211; voz, guitarras ac\u00fastica y el\u00e9ctrica; <strong>Dami\u00e1n Tessore<\/strong> &#8211; bajo; <strong>Maximiliano Rodriguez<\/strong> &#8211; bater\u00eda) est\u00e1 causando una muy buena impresi\u00f3n.<\/p>\n<p>Seg\u00fan coment\u00f3 el propio autor a este medio, el propio V\u00edctor Hugo Morales ya debe haberla escuchado.<\/p>\n<p>En el video (grabado en <strong>Piruca Estudio<\/strong>, Mercedes) adem\u00e1s se puede ver el arte de <strong>Jorge Blanco<\/strong> en sus murales en las paredes de la ciudad, especialmente dedicados a <strong>Diego Maradona<\/strong>.<\/p>\n<blockquote><p>\u00abSer\u00e1 un simple futbolero de dos temas\u00bb, coment\u00f3 Perruolo a este medio y dijo que le pidi\u00f3 autorizaci\u00f3n a la esposa de V\u00edctor Hugo<\/p><\/blockquote>\n<p>\u00abEsto es parte de un simple que voy a publicar en Spotify, con este tema y el viejo tema que tengo de Rom\u00e1n (Riquelme)\u00bb, destac\u00f3 Perruolo.<\/p>\n<p>\u00abSer\u00e1 un simple futbolero de dos temas\u00bb, coment\u00f3 a este medio y dijo que le pidi\u00f3 autorizaci\u00f3n a la esposa de V\u00edctor Hugo. \u00abA \u00e9l ya le debe haber llegado, yo le coment\u00e9 a ella que iba a utilizar el relato como letra\u00bb, dijo.<\/p>\n<p><img loading=\"lazy\" decoding=\"async\" class=\"alignnone size-full wp-image-66377\" src=\"https:\/\/noticiasmercedinas.com\/site\/wp-content\/uploads\/2021\/04\/walterperruolo.jpg\" alt=\"\" width=\"732\" height=\"446\" srcset=\"https:\/\/noticiasmercedinas.com\/site\/wp-content\/uploads\/2021\/04\/walterperruolo.jpg 732w, https:\/\/noticiasmercedinas.com\/site\/wp-content\/uploads\/2021\/04\/walterperruolo-300x183.jpg 300w, https:\/\/noticiasmercedinas.com\/site\/wp-content\/uploads\/2021\/04\/walterperruolo-640x390.jpg 640w, https:\/\/noticiasmercedinas.com\/site\/wp-content\/uploads\/2021\/04\/walterperruolo-681x415.jpg 681w\" sizes=\"auto, (max-width: 732px) 100vw, 732px\" \/><\/p>\n","protected":false},"excerpt":{"rendered":"<p>\u25a0 Ser\u00e1 parte de un simple con dos temas \u00abfutboleros\u00bb que Chori y Los Comodines publicar\u00e1n en Spotify. Plasm\u00f3 el relato de V\u00edctor Hugo Morales del segundo gol de Maradona a Inglaterra en 1986.<\/p>\n","protected":false},"author":2,"featured_media":66377,"comment_status":"open","ping_status":"open","sticky":false,"template":"","format":"video","meta":{"footnotes":""},"categories":[4],"tags":[11349,714,10796,679,5097,11221,11702,11882,237],"class_list":["post-66374","post","type-post","status-publish","format-video","has-post-thumbnail","hentry","category-cultura","tag-chori-y-los-comodines","tag-damian-tessore","tag-diego-maradona","tag-jorge-blanco","tag-maximiliano-rodriguez","tag-piruca-estudio","tag-spotify","tag-victor-hugo-morales","tag-walter-perruolo","post_format-post-format-video"],"yoast_head":"<!-- This site is optimized with the Yoast SEO plugin v27.5 - https:\/\/yoast.com\/product\/yoast-seo-wordpress\/ -->\n<title>La canci\u00f3n &quot;Diego&quot; ya puede o\u00edrse en YouTube<\/title>\n<meta name=\"robots\" content=\"index, follow, max-snippet:-1, max-image-preview:large, max-video-preview:-1\" \/>\n<link rel=\"canonical\" href=\"https:\/\/noticiasmercedinas.com\/site\/2021\/04\/28\/la-cancion-diego-ya-puede-oirse-en-youtube\/\" \/>\n<meta property=\"og:locale\" content=\"es_ES\" \/>\n<meta property=\"og:type\" content=\"article\" \/>\n<meta property=\"og:title\" content=\"La canci\u00f3n &quot;Diego&quot; ya puede o\u00edrse en YouTube\" \/>\n<meta property=\"og:description\" content=\"\u25a0 Ser\u00e1 parte de un simple con dos temas &quot;futboleros&quot; que Chori y Los Comodines publicar\u00e1n en Spotify. Plasm\u00f3 el relato de V\u00edctor Hugo Morales del segundo gol de Maradona a Inglaterra en 1986.\" \/>\n<meta property=\"og:url\" content=\"https:\/\/noticiasmercedinas.com\/site\/2021\/04\/28\/la-cancion-diego-ya-puede-oirse-en-youtube\/\" \/>\n<meta property=\"og:site_name\" content=\"NOTICIASMERCEDINAS.COM\" \/>\n<meta property=\"article:publisher\" content=\"https:\/\/www.facebook.com\/noticiasmercedinas\/\" \/>\n<meta property=\"article:author\" content=\"https:\/\/www.facebook.com\/cristian.falabella\" \/>\n<meta property=\"article:published_time\" content=\"2021-04-28T11:16:53+00:00\" \/>\n<meta property=\"article:modified_time\" content=\"2021-04-28T11:17:54+00:00\" \/>\n<meta property=\"og:image\" content=\"https:\/\/noticiasmercedinas.com\/site\/wp-content\/uploads\/2021\/04\/walterperruolo.jpg\" \/>\n\t<meta property=\"og:image:width\" content=\"732\" \/>\n\t<meta property=\"og:image:height\" content=\"446\" \/>\n\t<meta property=\"og:image:type\" content=\"image\/jpeg\" \/>\n<meta name=\"author\" content=\"Cristian Falabella NOTICIASMERCEDINAS.COM\" \/>\n<meta name=\"twitter:card\" content=\"summary_large_image\" \/>\n<meta name=\"twitter:creator\" content=\"@https:\/\/twitter.com\/NOTMERCEDINAS\" \/>\n<meta name=\"twitter:site\" content=\"@notmercedinas\" \/>\n<meta name=\"twitter:label1\" content=\"Escrito por\" \/>\n\t<meta name=\"twitter:data1\" content=\"Cristian Falabella NOTICIASMERCEDINAS.COM\" \/>\n\t<meta name=\"twitter:label2\" content=\"Tiempo de lectura\" \/>\n\t<meta name=\"twitter:data2\" content=\"2 minutos\" \/>\n<script type=\"application\/ld+json\" class=\"yoast-schema-graph\">{\"@context\":\"https:\\\/\\\/schema.org\",\"@graph\":[{\"@type\":\"Article\",\"@id\":\"https:\\\/\\\/noticiasmercedinas.com\\\/site\\\/2021\\\/04\\\/28\\\/la-cancion-diego-ya-puede-oirse-en-youtube\\\/#article\",\"isPartOf\":{\"@id\":\"https:\\\/\\\/noticiasmercedinas.com\\\/site\\\/2021\\\/04\\\/28\\\/la-cancion-diego-ya-puede-oirse-en-youtube\\\/\"},\"author\":{\"name\":\"Cristian Falabella NOTICIASMERCEDINAS.COM\",\"@id\":\"https:\\\/\\\/noticiasmercedinas.com\\\/site\\\/#\\\/schema\\\/person\\\/d481a9696a5feaec13a60e2bbd991a6a\"},\"headline\":\"La canci\u00f3n \u00abDiego\u00bb ya puede o\u00edrse en YouTube\",\"datePublished\":\"2021-04-28T11:16:53+00:00\",\"dateModified\":\"2021-04-28T11:17:54+00:00\",\"mainEntityOfPage\":{\"@id\":\"https:\\\/\\\/noticiasmercedinas.com\\\/site\\\/2021\\\/04\\\/28\\\/la-cancion-diego-ya-puede-oirse-en-youtube\\\/\"},\"wordCount\":274,\"commentCount\":0,\"publisher\":{\"@id\":\"https:\\\/\\\/noticiasmercedinas.com\\\/site\\\/#organization\"},\"image\":{\"@id\":\"https:\\\/\\\/noticiasmercedinas.com\\\/site\\\/2021\\\/04\\\/28\\\/la-cancion-diego-ya-puede-oirse-en-youtube\\\/#primaryimage\"},\"thumbnailUrl\":\"https:\\\/\\\/noticiasmercedinas.com\\\/site\\\/wp-content\\\/uploads\\\/2021\\\/04\\\/walterperruolo.jpg\",\"keywords\":[\"chori y los comodines\",\"damian tessore\",\"diego maradona\",\"Jorge Blanco\",\"Maximiliano Rodr\u00edguez\",\"piruca estudio\",\"spotify\",\"V\u00edctor Hugo Morales\",\"walter perruolo\"],\"articleSection\":[\"Cultura\"],\"inLanguage\":\"es\",\"potentialAction\":[{\"@type\":\"CommentAction\",\"name\":\"Comment\",\"target\":[\"https:\\\/\\\/noticiasmercedinas.com\\\/site\\\/2021\\\/04\\\/28\\\/la-cancion-diego-ya-puede-oirse-en-youtube\\\/#respond\"]}]},{\"@type\":\"WebPage\",\"@id\":\"https:\\\/\\\/noticiasmercedinas.com\\\/site\\\/2021\\\/04\\\/28\\\/la-cancion-diego-ya-puede-oirse-en-youtube\\\/\",\"url\":\"https:\\\/\\\/noticiasmercedinas.com\\\/site\\\/2021\\\/04\\\/28\\\/la-cancion-diego-ya-puede-oirse-en-youtube\\\/\",\"name\":\"La canci\u00f3n \\\"Diego\\\" ya puede o\u00edrse en YouTube\",\"isPartOf\":{\"@id\":\"https:\\\/\\\/noticiasmercedinas.com\\\/site\\\/#website\"},\"primaryImageOfPage\":{\"@id\":\"https:\\\/\\\/noticiasmercedinas.com\\\/site\\\/2021\\\/04\\\/28\\\/la-cancion-diego-ya-puede-oirse-en-youtube\\\/#primaryimage\"},\"image\":{\"@id\":\"https:\\\/\\\/noticiasmercedinas.com\\\/site\\\/2021\\\/04\\\/28\\\/la-cancion-diego-ya-puede-oirse-en-youtube\\\/#primaryimage\"},\"thumbnailUrl\":\"https:\\\/\\\/noticiasmercedinas.com\\\/site\\\/wp-content\\\/uploads\\\/2021\\\/04\\\/walterperruolo.jpg\",\"datePublished\":\"2021-04-28T11:16:53+00:00\",\"dateModified\":\"2021-04-28T11:17:54+00:00\",\"breadcrumb\":{\"@id\":\"https:\\\/\\\/noticiasmercedinas.com\\\/site\\\/2021\\\/04\\\/28\\\/la-cancion-diego-ya-puede-oirse-en-youtube\\\/#breadcrumb\"},\"inLanguage\":\"es\",\"potentialAction\":[{\"@type\":\"ReadAction\",\"target\":[\"https:\\\/\\\/noticiasmercedinas.com\\\/site\\\/2021\\\/04\\\/28\\\/la-cancion-diego-ya-puede-oirse-en-youtube\\\/\"]}]},{\"@type\":\"ImageObject\",\"inLanguage\":\"es\",\"@id\":\"https:\\\/\\\/noticiasmercedinas.com\\\/site\\\/2021\\\/04\\\/28\\\/la-cancion-diego-ya-puede-oirse-en-youtube\\\/#primaryimage\",\"url\":\"https:\\\/\\\/noticiasmercedinas.com\\\/site\\\/wp-content\\\/uploads\\\/2021\\\/04\\\/walterperruolo.jpg\",\"contentUrl\":\"https:\\\/\\\/noticiasmercedinas.com\\\/site\\\/wp-content\\\/uploads\\\/2021\\\/04\\\/walterperruolo.jpg\",\"width\":732,\"height\":446},{\"@type\":\"BreadcrumbList\",\"@id\":\"https:\\\/\\\/noticiasmercedinas.com\\\/site\\\/2021\\\/04\\\/28\\\/la-cancion-diego-ya-puede-oirse-en-youtube\\\/#breadcrumb\",\"itemListElement\":[{\"@type\":\"ListItem\",\"position\":1,\"name\":\"Portada\",\"item\":\"https:\\\/\\\/noticiasmercedinas.com\\\/site\\\/\"},{\"@type\":\"ListItem\",\"position\":2,\"name\":\"La canci\u00f3n \u00abDiego\u00bb ya puede o\u00edrse en YouTube\"}]},{\"@type\":\"WebSite\",\"@id\":\"https:\\\/\\\/noticiasmercedinas.com\\\/site\\\/#website\",\"url\":\"https:\\\/\\\/noticiasmercedinas.com\\\/site\\\/\",\"name\":\"NOTICIASMERCEDINAS.COM\",\"description\":\"Mercedes, Buenos Aires, Argentina\",\"publisher\":{\"@id\":\"https:\\\/\\\/noticiasmercedinas.com\\\/site\\\/#organization\"},\"potentialAction\":[{\"@type\":\"SearchAction\",\"target\":{\"@type\":\"EntryPoint\",\"urlTemplate\":\"https:\\\/\\\/noticiasmercedinas.com\\\/site\\\/?s={search_term_string}\"},\"query-input\":{\"@type\":\"PropertyValueSpecification\",\"valueRequired\":true,\"valueName\":\"search_term_string\"}}],\"inLanguage\":\"es\"},{\"@type\":\"Organization\",\"@id\":\"https:\\\/\\\/noticiasmercedinas.com\\\/site\\\/#organization\",\"name\":\"NOTICIASMERCEDINAS.COM\",\"url\":\"https:\\\/\\\/noticiasmercedinas.com\\\/site\\\/\",\"logo\":{\"@type\":\"ImageObject\",\"inLanguage\":\"es\",\"@id\":\"https:\\\/\\\/noticiasmercedinas.com\\\/site\\\/#\\\/schema\\\/logo\\\/image\\\/\",\"url\":\"https:\\\/\\\/noticiasmercedinas.com\\\/site\\\/wp-content\\\/uploads\\\/2020\\\/06\\\/LOGO-512.jpg\",\"contentUrl\":\"https:\\\/\\\/noticiasmercedinas.com\\\/site\\\/wp-content\\\/uploads\\\/2020\\\/06\\\/LOGO-512.jpg\",\"width\":512,\"height\":512,\"caption\":\"NOTICIASMERCEDINAS.COM\"},\"image\":{\"@id\":\"https:\\\/\\\/noticiasmercedinas.com\\\/site\\\/#\\\/schema\\\/logo\\\/image\\\/\"},\"sameAs\":[\"https:\\\/\\\/www.facebook.com\\\/noticiasmercedinas\\\/\",\"https:\\\/\\\/x.com\\\/notmercedinas\",\"https:\\\/\\\/www.instagram.com\\\/noticiasmercedinas\\\/\"]},{\"@type\":\"Person\",\"@id\":\"https:\\\/\\\/noticiasmercedinas.com\\\/site\\\/#\\\/schema\\\/person\\\/d481a9696a5feaec13a60e2bbd991a6a\",\"name\":\"Cristian Falabella NOTICIASMERCEDINAS.COM\",\"image\":{\"@type\":\"ImageObject\",\"inLanguage\":\"es\",\"@id\":\"https:\\\/\\\/secure.gravatar.com\\\/avatar\\\/0dbbfc45970cc46bcd0e57766228574ff3511d6eed045b182f536f0f478c1f06?s=96&d=mm&r=g\",\"url\":\"https:\\\/\\\/secure.gravatar.com\\\/avatar\\\/0dbbfc45970cc46bcd0e57766228574ff3511d6eed045b182f536f0f478c1f06?s=96&d=mm&r=g\",\"contentUrl\":\"https:\\\/\\\/secure.gravatar.com\\\/avatar\\\/0dbbfc45970cc46bcd0e57766228574ff3511d6eed045b182f536f0f478c1f06?s=96&d=mm&r=g\",\"caption\":\"Cristian Falabella NOTICIASMERCEDINAS.COM\"},\"description\":\"Periodista, editor de Noticias Mercedinas. Pas\u00f3 por varias redacciones y emprendimientos de prensa, en distintos formatos y \u00e9pocas. Se especializ\u00f3 --y sigue haci\u00e9ndolo-- en comunicaci\u00f3n en la web y en junio de 2006 fund\u00f3 este diario digital.\",\"sameAs\":[\"https:\\\/\\\/noticiasmercedinas.com\",\"https:\\\/\\\/www.facebook.com\\\/cristian.falabella\",\"https:\\\/\\\/www.instagram.com\\\/noticiasmercedinas\\\/\",\"https:\\\/\\\/x.com\\\/https:\\\/\\\/twitter.com\\\/NOTMERCEDINAS\"],\"url\":\"https:\\\/\\\/noticiasmercedinas.com\\\/site\\\/author\\\/as000384\\\/\"}]}<\/script>\n<!-- \/ Yoast SEO plugin. -->","yoast_head_json":{"title":"La canci\u00f3n \"Diego\" ya puede o\u00edrse en YouTube","robots":{"index":"index","follow":"follow","max-snippet":"max-snippet:-1","max-image-preview":"max-image-preview:large","max-video-preview":"max-video-preview:-1"},"canonical":"https:\/\/noticiasmercedinas.com\/site\/2021\/04\/28\/la-cancion-diego-ya-puede-oirse-en-youtube\/","og_locale":"es_ES","og_type":"article","og_title":"La canci\u00f3n \"Diego\" ya puede o\u00edrse en YouTube","og_description":"\u25a0 Ser\u00e1 parte de un simple con dos temas \"futboleros\" que Chori y Los Comodines publicar\u00e1n en Spotify. Plasm\u00f3 el relato de V\u00edctor Hugo Morales del segundo gol de Maradona a Inglaterra en 1986.","og_url":"https:\/\/noticiasmercedinas.com\/site\/2021\/04\/28\/la-cancion-diego-ya-puede-oirse-en-youtube\/","og_site_name":"NOTICIASMERCEDINAS.COM","article_publisher":"https:\/\/www.facebook.com\/noticiasmercedinas\/","article_author":"https:\/\/www.facebook.com\/cristian.falabella","article_published_time":"2021-04-28T11:16:53+00:00","article_modified_time":"2021-04-28T11:17:54+00:00","og_image":[{"width":732,"height":446,"url":"https:\/\/noticiasmercedinas.com\/site\/wp-content\/uploads\/2021\/04\/walterperruolo.jpg","type":"image\/jpeg"}],"author":"Cristian Falabella NOTICIASMERCEDINAS.COM","twitter_card":"summary_large_image","twitter_creator":"@https:\/\/twitter.com\/NOTMERCEDINAS","twitter_site":"@notmercedinas","twitter_misc":{"Escrito por":"Cristian Falabella NOTICIASMERCEDINAS.COM","Tiempo de lectura":"2 minutos"},"schema":{"@context":"https:\/\/schema.org","@graph":[{"@type":"Article","@id":"https:\/\/noticiasmercedinas.com\/site\/2021\/04\/28\/la-cancion-diego-ya-puede-oirse-en-youtube\/#article","isPartOf":{"@id":"https:\/\/noticiasmercedinas.com\/site\/2021\/04\/28\/la-cancion-diego-ya-puede-oirse-en-youtube\/"},"author":{"name":"Cristian Falabella NOTICIASMERCEDINAS.COM","@id":"https:\/\/noticiasmercedinas.com\/site\/#\/schema\/person\/d481a9696a5feaec13a60e2bbd991a6a"},"headline":"La canci\u00f3n \u00abDiego\u00bb ya puede o\u00edrse en YouTube","datePublished":"2021-04-28T11:16:53+00:00","dateModified":"2021-04-28T11:17:54+00:00","mainEntityOfPage":{"@id":"https:\/\/noticiasmercedinas.com\/site\/2021\/04\/28\/la-cancion-diego-ya-puede-oirse-en-youtube\/"},"wordCount":274,"commentCount":0,"publisher":{"@id":"https:\/\/noticiasmercedinas.com\/site\/#organization"},"image":{"@id":"https:\/\/noticiasmercedinas.com\/site\/2021\/04\/28\/la-cancion-diego-ya-puede-oirse-en-youtube\/#primaryimage"},"thumbnailUrl":"https:\/\/noticiasmercedinas.com\/site\/wp-content\/uploads\/2021\/04\/walterperruolo.jpg","keywords":["chori y los comodines","damian tessore","diego maradona","Jorge Blanco","Maximiliano Rodr\u00edguez","piruca estudio","spotify","V\u00edctor Hugo Morales","walter perruolo"],"articleSection":["Cultura"],"inLanguage":"es","potentialAction":[{"@type":"CommentAction","name":"Comment","target":["https:\/\/noticiasmercedinas.com\/site\/2021\/04\/28\/la-cancion-diego-ya-puede-oirse-en-youtube\/#respond"]}]},{"@type":"WebPage","@id":"https:\/\/noticiasmercedinas.com\/site\/2021\/04\/28\/la-cancion-diego-ya-puede-oirse-en-youtube\/","url":"https:\/\/noticiasmercedinas.com\/site\/2021\/04\/28\/la-cancion-diego-ya-puede-oirse-en-youtube\/","name":"La canci\u00f3n \"Diego\" ya puede o\u00edrse en YouTube","isPartOf":{"@id":"https:\/\/noticiasmercedinas.com\/site\/#website"},"primaryImageOfPage":{"@id":"https:\/\/noticiasmercedinas.com\/site\/2021\/04\/28\/la-cancion-diego-ya-puede-oirse-en-youtube\/#primaryimage"},"image":{"@id":"https:\/\/noticiasmercedinas.com\/site\/2021\/04\/28\/la-cancion-diego-ya-puede-oirse-en-youtube\/#primaryimage"},"thumbnailUrl":"https:\/\/noticiasmercedinas.com\/site\/wp-content\/uploads\/2021\/04\/walterperruolo.jpg","datePublished":"2021-04-28T11:16:53+00:00","dateModified":"2021-04-28T11:17:54+00:00","breadcrumb":{"@id":"https:\/\/noticiasmercedinas.com\/site\/2021\/04\/28\/la-cancion-diego-ya-puede-oirse-en-youtube\/#breadcrumb"},"inLanguage":"es","potentialAction":[{"@type":"ReadAction","target":["https:\/\/noticiasmercedinas.com\/site\/2021\/04\/28\/la-cancion-diego-ya-puede-oirse-en-youtube\/"]}]},{"@type":"ImageObject","inLanguage":"es","@id":"https:\/\/noticiasmercedinas.com\/site\/2021\/04\/28\/la-cancion-diego-ya-puede-oirse-en-youtube\/#primaryimage","url":"https:\/\/noticiasmercedinas.com\/site\/wp-content\/uploads\/2021\/04\/walterperruolo.jpg","contentUrl":"https:\/\/noticiasmercedinas.com\/site\/wp-content\/uploads\/2021\/04\/walterperruolo.jpg","width":732,"height":446},{"@type":"BreadcrumbList","@id":"https:\/\/noticiasmercedinas.com\/site\/2021\/04\/28\/la-cancion-diego-ya-puede-oirse-en-youtube\/#breadcrumb","itemListElement":[{"@type":"ListItem","position":1,"name":"Portada","item":"https:\/\/noticiasmercedinas.com\/site\/"},{"@type":"ListItem","position":2,"name":"La canci\u00f3n \u00abDiego\u00bb ya puede o\u00edrse en YouTube"}]},{"@type":"WebSite","@id":"https:\/\/noticiasmercedinas.com\/site\/#website","url":"https:\/\/noticiasmercedinas.com\/site\/","name":"NOTICIASMERCEDINAS.COM","description":"Mercedes, Buenos Aires, Argentina","publisher":{"@id":"https:\/\/noticiasmercedinas.com\/site\/#organization"},"potentialAction":[{"@type":"SearchAction","target":{"@type":"EntryPoint","urlTemplate":"https:\/\/noticiasmercedinas.com\/site\/?s={search_term_string}"},"query-input":{"@type":"PropertyValueSpecification","valueRequired":true,"valueName":"search_term_string"}}],"inLanguage":"es"},{"@type":"Organization","@id":"https:\/\/noticiasmercedinas.com\/site\/#organization","name":"NOTICIASMERCEDINAS.COM","url":"https:\/\/noticiasmercedinas.com\/site\/","logo":{"@type":"ImageObject","inLanguage":"es","@id":"https:\/\/noticiasmercedinas.com\/site\/#\/schema\/logo\/image\/","url":"https:\/\/noticiasmercedinas.com\/site\/wp-content\/uploads\/2020\/06\/LOGO-512.jpg","contentUrl":"https:\/\/noticiasmercedinas.com\/site\/wp-content\/uploads\/2020\/06\/LOGO-512.jpg","width":512,"height":512,"caption":"NOTICIASMERCEDINAS.COM"},"image":{"@id":"https:\/\/noticiasmercedinas.com\/site\/#\/schema\/logo\/image\/"},"sameAs":["https:\/\/www.facebook.com\/noticiasmercedinas\/","https:\/\/x.com\/notmercedinas","https:\/\/www.instagram.com\/noticiasmercedinas\/"]},{"@type":"Person","@id":"https:\/\/noticiasmercedinas.com\/site\/#\/schema\/person\/d481a9696a5feaec13a60e2bbd991a6a","name":"Cristian Falabella NOTICIASMERCEDINAS.COM","image":{"@type":"ImageObject","inLanguage":"es","@id":"https:\/\/secure.gravatar.com\/avatar\/0dbbfc45970cc46bcd0e57766228574ff3511d6eed045b182f536f0f478c1f06?s=96&d=mm&r=g","url":"https:\/\/secure.gravatar.com\/avatar\/0dbbfc45970cc46bcd0e57766228574ff3511d6eed045b182f536f0f478c1f06?s=96&d=mm&r=g","contentUrl":"https:\/\/secure.gravatar.com\/avatar\/0dbbfc45970cc46bcd0e57766228574ff3511d6eed045b182f536f0f478c1f06?s=96&d=mm&r=g","caption":"Cristian Falabella NOTICIASMERCEDINAS.COM"},"description":"Periodista, editor de Noticias Mercedinas. Pas\u00f3 por varias redacciones y emprendimientos de prensa, en distintos formatos y \u00e9pocas. Se especializ\u00f3 --y sigue haci\u00e9ndolo-- en comunicaci\u00f3n en la web y en junio de 2006 fund\u00f3 este diario digital.","sameAs":["https:\/\/noticiasmercedinas.com","https:\/\/www.facebook.com\/cristian.falabella","https:\/\/www.instagram.com\/noticiasmercedinas\/","https:\/\/x.com\/https:\/\/twitter.com\/NOTMERCEDINAS"],"url":"https:\/\/noticiasmercedinas.com\/site\/author\/as000384\/"}]}},"amp_enabled":true,"_links":{"self":[{"href":"https:\/\/noticiasmercedinas.com\/site\/wp-json\/wp\/v2\/posts\/66374","targetHints":{"allow":["GET"]}}],"collection":[{"href":"https:\/\/noticiasmercedinas.com\/site\/wp-json\/wp\/v2\/posts"}],"about":[{"href":"https:\/\/noticiasmercedinas.com\/site\/wp-json\/wp\/v2\/types\/post"}],"author":[{"embeddable":true,"href":"https:\/\/noticiasmercedinas.com\/site\/wp-json\/wp\/v2\/users\/2"}],"replies":[{"embeddable":true,"href":"https:\/\/noticiasmercedinas.com\/site\/wp-json\/wp\/v2\/comments?post=66374"}],"version-history":[{"count":3,"href":"https:\/\/noticiasmercedinas.com\/site\/wp-json\/wp\/v2\/posts\/66374\/revisions"}],"predecessor-version":[{"id":66379,"href":"https:\/\/noticiasmercedinas.com\/site\/wp-json\/wp\/v2\/posts\/66374\/revisions\/66379"}],"wp:featuredmedia":[{"embeddable":true,"href":"https:\/\/noticiasmercedinas.com\/site\/wp-json\/wp\/v2\/media\/66377"}],"wp:attachment":[{"href":"https:\/\/noticiasmercedinas.com\/site\/wp-json\/wp\/v2\/media?parent=66374"}],"wp:term":[{"taxonomy":"category","embeddable":true,"href":"https:\/\/noticiasmercedinas.com\/site\/wp-json\/wp\/v2\/categories?post=66374"},{"taxonomy":"post_tag","embeddable":true,"href":"https:\/\/noticiasmercedinas.com\/site\/wp-json\/wp\/v2\/tags?post=66374"}],"curies":[{"name":"wp","href":"https:\/\/api.w.org\/{rel}","templated":true}]}}