{"id":66574,"date":"2021-04-30T19:30:44","date_gmt":"2021-04-30T22:30:44","guid":{"rendered":"https:\/\/noticiasmercedinas.com\/site\/?p=66574"},"modified":"2021-04-30T19:30:44","modified_gmt":"2021-04-30T22:30:44","slug":"inauguraron-pavimento-de-pasaje-15-entre-40-y-42","status":"publish","type":"post","link":"https:\/\/noticiasmercedinas.com\/site\/2021\/04\/30\/inauguraron-pavimento-de-pasaje-15-entre-40-y-42\/","title":{"rendered":"Inauguraron pavimento de pasaje 15 entre 40 y 42"},"content":{"rendered":"<p><img loading=\"lazy\" decoding=\"async\" class=\"alignnone size-full wp-image-66576\" src=\"https:\/\/noticiasmercedinas.com\/site\/wp-content\/uploads\/2021\/04\/DSCF6160.jpg\" alt=\"\" width=\"939\" height=\"626\" srcset=\"https:\/\/noticiasmercedinas.com\/site\/wp-content\/uploads\/2021\/04\/DSCF6160.jpg 939w, https:\/\/noticiasmercedinas.com\/site\/wp-content\/uploads\/2021\/04\/DSCF6160-300x200.jpg 300w, https:\/\/noticiasmercedinas.com\/site\/wp-content\/uploads\/2021\/04\/DSCF6160-768x512.jpg 768w, https:\/\/noticiasmercedinas.com\/site\/wp-content\/uploads\/2021\/04\/DSCF6160-640x427.jpg 640w, https:\/\/noticiasmercedinas.com\/site\/wp-content\/uploads\/2021\/04\/DSCF6160-681x454.jpg 681w\" sizes=\"auto, (max-width: 939px) 100vw, 939px\" \/><\/p>\n<p>Este viernes fue el d\u00eda en que se dej\u00f3 inaugurado el pavimento del pasaje en calle 15 entre 40 y 42, una obra diagramada y llevada adelante por el municipio para jerarquizar el acceso a varios barrios.<\/p>\n<p>El intendente Juan Ustarroz y el ministro Eduardo De Pedro dejaron inaugurada la gran obra de infraestructura realizada con hormig\u00f3n, farolas, boulevard, veredas, reforestaci\u00f3n, iluminaci\u00f3n led, seguridad vial, y accesos inclusivos como parte de la construcci\u00f3n.<\/p>\n<p>En primer lugar, el intendente Juan Ignacio Ustarroz salud\u00f3 a todos los presentes. \u201cHoy parado en este lugar recuerdo cuando recuperamos La Trocha junto a todos los vecinos, cuando comenzamos con una de las primeras obras en la Avenida 29 de la Avenida 40 a calle 42, despu\u00e9s cuando hicimos la calle 42 y hoy cerramos este circuito y lo hacemos de la mejor manera posible\u201d, dijo. Seguidamente pidi\u00f3 \u201cun gran aplauso para todos los trabajadores que hicieron realidad esto que es el progreso y el desarrollo de una ciudad\u201d.<\/p>\n<p>\u201cEs una alegr\u00eda inmensa porque se demuestra como la unidad, la planificaci\u00f3n de una ciudad, como so\u00f1ar y hacer entre todos a esta gran ciudad es posible\u201d, subray\u00f3 el intendente Ustarroz y describi\u00f3 que \u201cse empez\u00f3 de a poco, recuperando cuadrillas para hacer bacheo, zanjeo, toma de junta, cordones, y hoy ya dejamos formalmente inaugurada la primera cuadra, cien por ciento hecha, por nuestros trabajadores y trabajadoras municipales, la alegr\u00eda es inmensa\u201d.<\/p>\n<p><img loading=\"lazy\" decoding=\"async\" class=\"alignnone size-full wp-image-66577\" src=\"https:\/\/noticiasmercedinas.com\/site\/wp-content\/uploads\/2021\/04\/SJA_5820.jpg\" alt=\"\" width=\"939\" height=\"626\" srcset=\"https:\/\/noticiasmercedinas.com\/site\/wp-content\/uploads\/2021\/04\/SJA_5820.jpg 939w, https:\/\/noticiasmercedinas.com\/site\/wp-content\/uploads\/2021\/04\/SJA_5820-300x200.jpg 300w, https:\/\/noticiasmercedinas.com\/site\/wp-content\/uploads\/2021\/04\/SJA_5820-768x512.jpg 768w, https:\/\/noticiasmercedinas.com\/site\/wp-content\/uploads\/2021\/04\/SJA_5820-640x427.jpg 640w, https:\/\/noticiasmercedinas.com\/site\/wp-content\/uploads\/2021\/04\/SJA_5820-681x454.jpg 681w\" sizes=\"auto, (max-width: 939px) 100vw, 939px\" \/><\/p>\n<p>Ustarroz recalc\u00f3: \u201cEstoy muy orgulloso por cada uno de los trabajadores y trabajadoras municipales, por los funcionarios y funcionarias, con quienes estamos todos en el mismo proyecto, que es sacar adelante a nuestra ciudad y a nuestro pa\u00eds\u201d.<\/p>\n<p>\u201cY debemos decir tambi\u00e9n que adem\u00e1s de esto que hoy pisamos como realidad, tambi\u00e9n gracias a un Estado Nacional y Provincial presente, estaremos firmando en breve proyectos para hacer viviendas en nuestra ciudad, m\u00e1s cloacas, para construir espacios de primera infancia, escuelas, para poder desarrollar el sector industrial planificado\u201d, agreg\u00f3 y pidi\u00f3 \u00aba todo el pueblo que nos unamos en esta batalla que tenemos por delante para vencer a este virus que vino a poner patas para arriba al mundo, pero que tambi\u00e9n vino a darnos la oportunidad como sociedad, como Estado, como trabajadores y trabajadoras, de unirnos y construir entre todos la ciudad que so\u00f1amos y el pa\u00eds que nos merecemos\u201d.<\/p>\n<p>El ministro del interior, Eduardo \u00abWado\u00bb De Pedro manifest\u00f3\u00a0 que quiso estar presente porque \u00abesta obra es de los hitos importantes de la ciudad\u00bb: \u00abCuando el intendente Ustarroz asumi\u00f3 la intendencia no ten\u00edamos recursos, no ten\u00edamos el apoyo del Gobierno Provincial ni Nacional, pero lo que hicimos como una l\u00f3gica de gesti\u00f3n fue ayudarnos, reivindicar y apoyarnos en los trabajadores y trabajadoras de la municipalidad, del corral\u00f3n, y esos a\u00f1os de gesti\u00f3n con pocos recursos fueron para nosotros un aprendizaje central\u201d, dijo.<\/p>\n<p>En este sentido, De Pedro se\u00f1al\u00f3: \u201cRecuerdo esas jornadas solidarias donde no ten\u00edamos mucho para mostrar a la sociedad -no ten\u00edamos fondos- y lo que hicimos fue empezar junto a los trabajadores, funcionarios, todo el personal del corral\u00f3n, a demostrarle a nuestros vecinos y vecinas que ten\u00edamos ganas de resolver los problemas. Me parece que es muy importante recordar de d\u00f3nde venimos, y nosotros venimos de una gesti\u00f3n solidaria, con valores, donde los trabajadores y los funcionarios est\u00e1n en la misma l\u00ednea y donde sabemos que el compromiso de una gesti\u00f3n es factible que se vea reflejado en la sociedad, si ese compromiso est\u00e1 dentro de los trabajadores\u201d.<\/p>\n<p>\u201cEn este d\u00eda previo a la conmemoraci\u00f3n del d\u00eda del trabajador, quiero desearles un muy feliz d\u00eda y un aplauso fuerte a los trabajadores y trabajadoras de la Municipalidad\u201d resalt\u00f3 el ministro del Interior, Eduardo De Pedro.<\/p>\n<p>Estuvieron tambi\u00e9n presentes Avelino Zurro, secretario de Municipios de la Naci\u00f3n, Santiago R\u00e9vora, Sub secretario de Asuntos Municipales de la Provincia de Buenos Aires, Juan Pablo L\u00f3pez, director nacional, funcionarios locales y especialmente las y los trabajadores que hicieron posible la obra.<\/p>\n<p>Luis Ponce, subsecretario de Servicios P\u00fablicos, expres\u00f3 que \u201ces un d\u00eda de mucha alegr\u00eda, hist\u00f3rico para el Corral\u00f3n Municipal, esto es algo que ven\u00edamos so\u00f1ando desde hace muchos a\u00f1os, donde arrancamos con una cuadrilla de hormig\u00f3n que comenz\u00f3 haciendo veredas en los barrios, que despu\u00e9s hizo bacheos, arrancamos con las plazas inclusivas y hoy podemos, despu\u00e9s de muchos a\u00f1os de capacitaci\u00f3n lograr esta gran obra\u201d y agradeci\u00f3 al intendente por la confianza, al ministro del Interior por los recursos econ\u00f3micos para poder comprar el hormig\u00f3n: \u201cEsta es una gran obra que pudimos hacer entre todos juntos, unidos, cuid\u00e1ndonos\u201d, destac\u00f3 Ponce.<\/p>\n<p><img loading=\"lazy\" decoding=\"async\" class=\"alignnone size-full wp-image-66575\" src=\"https:\/\/noticiasmercedinas.com\/site\/wp-content\/uploads\/2021\/04\/SJA_5771.jpg\" alt=\"\" width=\"939\" height=\"626\" srcset=\"https:\/\/noticiasmercedinas.com\/site\/wp-content\/uploads\/2021\/04\/SJA_5771.jpg 939w, https:\/\/noticiasmercedinas.com\/site\/wp-content\/uploads\/2021\/04\/SJA_5771-300x200.jpg 300w, https:\/\/noticiasmercedinas.com\/site\/wp-content\/uploads\/2021\/04\/SJA_5771-768x512.jpg 768w, https:\/\/noticiasmercedinas.com\/site\/wp-content\/uploads\/2021\/04\/SJA_5771-640x427.jpg 640w, https:\/\/noticiasmercedinas.com\/site\/wp-content\/uploads\/2021\/04\/SJA_5771-681x454.jpg 681w\" sizes=\"auto, (max-width: 939px) 100vw, 939px\" \/><\/p>\n","protected":false},"excerpt":{"rendered":"<p>\u25a0 La obra fue realizada con hormig\u00f3n, farolas, boulevard, veredas, reforestaci\u00f3n, iluminaci\u00f3n led, seguridad vial, y accesos inclusivos. En la apertura estuvo el ministro del Interior<\/p>\n","protected":false},"author":16,"featured_media":66576,"comment_status":"open","ping_status":"open","sticky":false,"template":"","format":"standard","meta":{"footnotes":""},"categories":[3],"tags":[211,8447,36],"class_list":["post-66574","post","type-post","status-publish","format-standard","has-post-thumbnail","hentry","category-sociedad","tag-asfalto","tag-calle-15","tag-obras"],"yoast_head":"<!-- This site is optimized with the Yoast SEO plugin v27.5 - https:\/\/yoast.com\/product\/yoast-seo-wordpress\/ -->\n<title>Inauguraron pavimento de pasaje 15 entre 40 y 42<\/title>\n<meta name=\"robots\" content=\"index, follow, max-snippet:-1, max-image-preview:large, max-video-preview:-1\" \/>\n<link rel=\"canonical\" href=\"https:\/\/noticiasmercedinas.com\/site\/2021\/04\/30\/inauguraron-pavimento-de-pasaje-15-entre-40-y-42\/\" \/>\n<meta property=\"og:locale\" content=\"es_ES\" \/>\n<meta property=\"og:type\" content=\"article\" \/>\n<meta property=\"og:title\" content=\"Inauguraron pavimento de pasaje 15 entre 40 y 42\" \/>\n<meta property=\"og:description\" content=\"\u25a0 La obra fue realizada con hormig\u00f3n, farolas, boulevard, veredas, reforestaci\u00f3n, iluminaci\u00f3n led, seguridad vial, y accesos inclusivos. En la apertura estuvo el ministro del Interior\" \/>\n<meta property=\"og:url\" content=\"https:\/\/noticiasmercedinas.com\/site\/2021\/04\/30\/inauguraron-pavimento-de-pasaje-15-entre-40-y-42\/\" \/>\n<meta property=\"og:site_name\" content=\"NOTICIASMERCEDINAS.COM\" \/>\n<meta property=\"article:publisher\" content=\"https:\/\/www.facebook.com\/noticiasmercedinas\/\" \/>\n<meta property=\"article:published_time\" content=\"2021-04-30T22:30:44+00:00\" \/>\n<meta property=\"og:image\" content=\"https:\/\/noticiasmercedinas.com\/site\/wp-content\/uploads\/2021\/04\/DSCF6160.jpg\" \/>\n\t<meta property=\"og:image:width\" content=\"939\" \/>\n\t<meta property=\"og:image:height\" content=\"626\" \/>\n\t<meta property=\"og:image:type\" content=\"image\/jpeg\" \/>\n<meta name=\"author\" content=\"NOTICIASMERCEDINAS.COM\" \/>\n<meta name=\"twitter:card\" content=\"summary_large_image\" \/>\n<meta name=\"twitter:creator\" content=\"@notmercedinas\" \/>\n<meta name=\"twitter:site\" content=\"@notmercedinas\" \/>\n<meta name=\"twitter:label1\" content=\"Escrito por\" \/>\n\t<meta name=\"twitter:data1\" content=\"NOTICIASMERCEDINAS.COM\" \/>\n\t<meta name=\"twitter:label2\" content=\"Tiempo de lectura\" \/>\n\t<meta name=\"twitter:data2\" content=\"4 minutos\" \/>\n<script type=\"application\/ld+json\" class=\"yoast-schema-graph\">{\"@context\":\"https:\\\/\\\/schema.org\",\"@graph\":[{\"@type\":\"Article\",\"@id\":\"https:\\\/\\\/noticiasmercedinas.com\\\/site\\\/2021\\\/04\\\/30\\\/inauguraron-pavimento-de-pasaje-15-entre-40-y-42\\\/#article\",\"isPartOf\":{\"@id\":\"https:\\\/\\\/noticiasmercedinas.com\\\/site\\\/2021\\\/04\\\/30\\\/inauguraron-pavimento-de-pasaje-15-entre-40-y-42\\\/\"},\"author\":{\"name\":\"NOTICIASMERCEDINAS.COM\",\"@id\":\"https:\\\/\\\/noticiasmercedinas.com\\\/site\\\/#\\\/schema\\\/person\\\/84b59c099c28ff2e8b77d4ceec5d8063\"},\"headline\":\"Inauguraron pavimento de pasaje 15 entre 40 y 42\",\"datePublished\":\"2021-04-30T22:30:44+00:00\",\"mainEntityOfPage\":{\"@id\":\"https:\\\/\\\/noticiasmercedinas.com\\\/site\\\/2021\\\/04\\\/30\\\/inauguraron-pavimento-de-pasaje-15-entre-40-y-42\\\/\"},\"wordCount\":812,\"commentCount\":0,\"publisher\":{\"@id\":\"https:\\\/\\\/noticiasmercedinas.com\\\/site\\\/#organization\"},\"image\":{\"@id\":\"https:\\\/\\\/noticiasmercedinas.com\\\/site\\\/2021\\\/04\\\/30\\\/inauguraron-pavimento-de-pasaje-15-entre-40-y-42\\\/#primaryimage\"},\"thumbnailUrl\":\"https:\\\/\\\/noticiasmercedinas.com\\\/site\\\/wp-content\\\/uploads\\\/2021\\\/04\\\/DSCF6160.jpg\",\"keywords\":[\"asfalto\",\"calle 15\",\"obras\"],\"articleSection\":[\"Sociedad\"],\"inLanguage\":\"es\",\"potentialAction\":[{\"@type\":\"CommentAction\",\"name\":\"Comment\",\"target\":[\"https:\\\/\\\/noticiasmercedinas.com\\\/site\\\/2021\\\/04\\\/30\\\/inauguraron-pavimento-de-pasaje-15-entre-40-y-42\\\/#respond\"]}]},{\"@type\":\"WebPage\",\"@id\":\"https:\\\/\\\/noticiasmercedinas.com\\\/site\\\/2021\\\/04\\\/30\\\/inauguraron-pavimento-de-pasaje-15-entre-40-y-42\\\/\",\"url\":\"https:\\\/\\\/noticiasmercedinas.com\\\/site\\\/2021\\\/04\\\/30\\\/inauguraron-pavimento-de-pasaje-15-entre-40-y-42\\\/\",\"name\":\"Inauguraron pavimento de pasaje 15 entre 40 y 42\",\"isPartOf\":{\"@id\":\"https:\\\/\\\/noticiasmercedinas.com\\\/site\\\/#website\"},\"primaryImageOfPage\":{\"@id\":\"https:\\\/\\\/noticiasmercedinas.com\\\/site\\\/2021\\\/04\\\/30\\\/inauguraron-pavimento-de-pasaje-15-entre-40-y-42\\\/#primaryimage\"},\"image\":{\"@id\":\"https:\\\/\\\/noticiasmercedinas.com\\\/site\\\/2021\\\/04\\\/30\\\/inauguraron-pavimento-de-pasaje-15-entre-40-y-42\\\/#primaryimage\"},\"thumbnailUrl\":\"https:\\\/\\\/noticiasmercedinas.com\\\/site\\\/wp-content\\\/uploads\\\/2021\\\/04\\\/DSCF6160.jpg\",\"datePublished\":\"2021-04-30T22:30:44+00:00\",\"breadcrumb\":{\"@id\":\"https:\\\/\\\/noticiasmercedinas.com\\\/site\\\/2021\\\/04\\\/30\\\/inauguraron-pavimento-de-pasaje-15-entre-40-y-42\\\/#breadcrumb\"},\"inLanguage\":\"es\",\"potentialAction\":[{\"@type\":\"ReadAction\",\"target\":[\"https:\\\/\\\/noticiasmercedinas.com\\\/site\\\/2021\\\/04\\\/30\\\/inauguraron-pavimento-de-pasaje-15-entre-40-y-42\\\/\"]}]},{\"@type\":\"ImageObject\",\"inLanguage\":\"es\",\"@id\":\"https:\\\/\\\/noticiasmercedinas.com\\\/site\\\/2021\\\/04\\\/30\\\/inauguraron-pavimento-de-pasaje-15-entre-40-y-42\\\/#primaryimage\",\"url\":\"https:\\\/\\\/noticiasmercedinas.com\\\/site\\\/wp-content\\\/uploads\\\/2021\\\/04\\\/DSCF6160.jpg\",\"contentUrl\":\"https:\\\/\\\/noticiasmercedinas.com\\\/site\\\/wp-content\\\/uploads\\\/2021\\\/04\\\/DSCF6160.jpg\",\"width\":939,\"height\":626},{\"@type\":\"BreadcrumbList\",\"@id\":\"https:\\\/\\\/noticiasmercedinas.com\\\/site\\\/2021\\\/04\\\/30\\\/inauguraron-pavimento-de-pasaje-15-entre-40-y-42\\\/#breadcrumb\",\"itemListElement\":[{\"@type\":\"ListItem\",\"position\":1,\"name\":\"Portada\",\"item\":\"https:\\\/\\\/noticiasmercedinas.com\\\/site\\\/\"},{\"@type\":\"ListItem\",\"position\":2,\"name\":\"Inauguraron pavimento de pasaje 15 entre 40 y 42\"}]},{\"@type\":\"WebSite\",\"@id\":\"https:\\\/\\\/noticiasmercedinas.com\\\/site\\\/#website\",\"url\":\"https:\\\/\\\/noticiasmercedinas.com\\\/site\\\/\",\"name\":\"NOTICIASMERCEDINAS.COM\",\"description\":\"Mercedes, Buenos Aires, Argentina\",\"publisher\":{\"@id\":\"https:\\\/\\\/noticiasmercedinas.com\\\/site\\\/#organization\"},\"potentialAction\":[{\"@type\":\"SearchAction\",\"target\":{\"@type\":\"EntryPoint\",\"urlTemplate\":\"https:\\\/\\\/noticiasmercedinas.com\\\/site\\\/?s={search_term_string}\"},\"query-input\":{\"@type\":\"PropertyValueSpecification\",\"valueRequired\":true,\"valueName\":\"search_term_string\"}}],\"inLanguage\":\"es\"},{\"@type\":\"Organization\",\"@id\":\"https:\\\/\\\/noticiasmercedinas.com\\\/site\\\/#organization\",\"name\":\"NOTICIASMERCEDINAS.COM\",\"url\":\"https:\\\/\\\/noticiasmercedinas.com\\\/site\\\/\",\"logo\":{\"@type\":\"ImageObject\",\"inLanguage\":\"es\",\"@id\":\"https:\\\/\\\/noticiasmercedinas.com\\\/site\\\/#\\\/schema\\\/logo\\\/image\\\/\",\"url\":\"https:\\\/\\\/noticiasmercedinas.com\\\/site\\\/wp-content\\\/uploads\\\/2020\\\/06\\\/LOGO-512.jpg\",\"contentUrl\":\"https:\\\/\\\/noticiasmercedinas.com\\\/site\\\/wp-content\\\/uploads\\\/2020\\\/06\\\/LOGO-512.jpg\",\"width\":512,\"height\":512,\"caption\":\"NOTICIASMERCEDINAS.COM\"},\"image\":{\"@id\":\"https:\\\/\\\/noticiasmercedinas.com\\\/site\\\/#\\\/schema\\\/logo\\\/image\\\/\"},\"sameAs\":[\"https:\\\/\\\/www.facebook.com\\\/noticiasmercedinas\\\/\",\"https:\\\/\\\/x.com\\\/notmercedinas\",\"https:\\\/\\\/www.instagram.com\\\/noticiasmercedinas\\\/\"]},{\"@type\":\"Person\",\"@id\":\"https:\\\/\\\/noticiasmercedinas.com\\\/site\\\/#\\\/schema\\\/person\\\/84b59c099c28ff2e8b77d4ceec5d8063\",\"name\":\"NOTICIASMERCEDINAS.COM\",\"image\":{\"@type\":\"ImageObject\",\"inLanguage\":\"es\",\"@id\":\"https:\\\/\\\/secure.gravatar.com\\\/avatar\\\/4dfbf16b4d17945bfb6341b2d19043457132fcf478a5ee04f42e959fd8f5df0a?s=96&d=mm&r=g\",\"url\":\"https:\\\/\\\/secure.gravatar.com\\\/avatar\\\/4dfbf16b4d17945bfb6341b2d19043457132fcf478a5ee04f42e959fd8f5df0a?s=96&d=mm&r=g\",\"contentUrl\":\"https:\\\/\\\/secure.gravatar.com\\\/avatar\\\/4dfbf16b4d17945bfb6341b2d19043457132fcf478a5ee04f42e959fd8f5df0a?s=96&d=mm&r=g\",\"caption\":\"NOTICIASMERCEDINAS.COM\"},\"url\":\"https:\\\/\\\/noticiasmercedinas.com\\\/site\\\/author\\\/anonimo\\\/\"}]}<\/script>\n<!-- \/ Yoast SEO plugin. -->","yoast_head_json":{"title":"Inauguraron pavimento de pasaje 15 entre 40 y 42","robots":{"index":"index","follow":"follow","max-snippet":"max-snippet:-1","max-image-preview":"max-image-preview:large","max-video-preview":"max-video-preview:-1"},"canonical":"https:\/\/noticiasmercedinas.com\/site\/2021\/04\/30\/inauguraron-pavimento-de-pasaje-15-entre-40-y-42\/","og_locale":"es_ES","og_type":"article","og_title":"Inauguraron pavimento de pasaje 15 entre 40 y 42","og_description":"\u25a0 La obra fue realizada con hormig\u00f3n, farolas, boulevard, veredas, reforestaci\u00f3n, iluminaci\u00f3n led, seguridad vial, y accesos inclusivos. En la apertura estuvo el ministro del Interior","og_url":"https:\/\/noticiasmercedinas.com\/site\/2021\/04\/30\/inauguraron-pavimento-de-pasaje-15-entre-40-y-42\/","og_site_name":"NOTICIASMERCEDINAS.COM","article_publisher":"https:\/\/www.facebook.com\/noticiasmercedinas\/","article_published_time":"2021-04-30T22:30:44+00:00","og_image":[{"width":939,"height":626,"url":"https:\/\/noticiasmercedinas.com\/site\/wp-content\/uploads\/2021\/04\/DSCF6160.jpg","type":"image\/jpeg"}],"author":"NOTICIASMERCEDINAS.COM","twitter_card":"summary_large_image","twitter_creator":"@notmercedinas","twitter_site":"@notmercedinas","twitter_misc":{"Escrito por":"NOTICIASMERCEDINAS.COM","Tiempo de lectura":"4 minutos"},"schema":{"@context":"https:\/\/schema.org","@graph":[{"@type":"Article","@id":"https:\/\/noticiasmercedinas.com\/site\/2021\/04\/30\/inauguraron-pavimento-de-pasaje-15-entre-40-y-42\/#article","isPartOf":{"@id":"https:\/\/noticiasmercedinas.com\/site\/2021\/04\/30\/inauguraron-pavimento-de-pasaje-15-entre-40-y-42\/"},"author":{"name":"NOTICIASMERCEDINAS.COM","@id":"https:\/\/noticiasmercedinas.com\/site\/#\/schema\/person\/84b59c099c28ff2e8b77d4ceec5d8063"},"headline":"Inauguraron pavimento de pasaje 15 entre 40 y 42","datePublished":"2021-04-30T22:30:44+00:00","mainEntityOfPage":{"@id":"https:\/\/noticiasmercedinas.com\/site\/2021\/04\/30\/inauguraron-pavimento-de-pasaje-15-entre-40-y-42\/"},"wordCount":812,"commentCount":0,"publisher":{"@id":"https:\/\/noticiasmercedinas.com\/site\/#organization"},"image":{"@id":"https:\/\/noticiasmercedinas.com\/site\/2021\/04\/30\/inauguraron-pavimento-de-pasaje-15-entre-40-y-42\/#primaryimage"},"thumbnailUrl":"https:\/\/noticiasmercedinas.com\/site\/wp-content\/uploads\/2021\/04\/DSCF6160.jpg","keywords":["asfalto","calle 15","obras"],"articleSection":["Sociedad"],"inLanguage":"es","potentialAction":[{"@type":"CommentAction","name":"Comment","target":["https:\/\/noticiasmercedinas.com\/site\/2021\/04\/30\/inauguraron-pavimento-de-pasaje-15-entre-40-y-42\/#respond"]}]},{"@type":"WebPage","@id":"https:\/\/noticiasmercedinas.com\/site\/2021\/04\/30\/inauguraron-pavimento-de-pasaje-15-entre-40-y-42\/","url":"https:\/\/noticiasmercedinas.com\/site\/2021\/04\/30\/inauguraron-pavimento-de-pasaje-15-entre-40-y-42\/","name":"Inauguraron pavimento de pasaje 15 entre 40 y 42","isPartOf":{"@id":"https:\/\/noticiasmercedinas.com\/site\/#website"},"primaryImageOfPage":{"@id":"https:\/\/noticiasmercedinas.com\/site\/2021\/04\/30\/inauguraron-pavimento-de-pasaje-15-entre-40-y-42\/#primaryimage"},"image":{"@id":"https:\/\/noticiasmercedinas.com\/site\/2021\/04\/30\/inauguraron-pavimento-de-pasaje-15-entre-40-y-42\/#primaryimage"},"thumbnailUrl":"https:\/\/noticiasmercedinas.com\/site\/wp-content\/uploads\/2021\/04\/DSCF6160.jpg","datePublished":"2021-04-30T22:30:44+00:00","breadcrumb":{"@id":"https:\/\/noticiasmercedinas.com\/site\/2021\/04\/30\/inauguraron-pavimento-de-pasaje-15-entre-40-y-42\/#breadcrumb"},"inLanguage":"es","potentialAction":[{"@type":"ReadAction","target":["https:\/\/noticiasmercedinas.com\/site\/2021\/04\/30\/inauguraron-pavimento-de-pasaje-15-entre-40-y-42\/"]}]},{"@type":"ImageObject","inLanguage":"es","@id":"https:\/\/noticiasmercedinas.com\/site\/2021\/04\/30\/inauguraron-pavimento-de-pasaje-15-entre-40-y-42\/#primaryimage","url":"https:\/\/noticiasmercedinas.com\/site\/wp-content\/uploads\/2021\/04\/DSCF6160.jpg","contentUrl":"https:\/\/noticiasmercedinas.com\/site\/wp-content\/uploads\/2021\/04\/DSCF6160.jpg","width":939,"height":626},{"@type":"BreadcrumbList","@id":"https:\/\/noticiasmercedinas.com\/site\/2021\/04\/30\/inauguraron-pavimento-de-pasaje-15-entre-40-y-42\/#breadcrumb","itemListElement":[{"@type":"ListItem","position":1,"name":"Portada","item":"https:\/\/noticiasmercedinas.com\/site\/"},{"@type":"ListItem","position":2,"name":"Inauguraron pavimento de pasaje 15 entre 40 y 42"}]},{"@type":"WebSite","@id":"https:\/\/noticiasmercedinas.com\/site\/#website","url":"https:\/\/noticiasmercedinas.com\/site\/","name":"NOTICIASMERCEDINAS.COM","description":"Mercedes, Buenos Aires, Argentina","publisher":{"@id":"https:\/\/noticiasmercedinas.com\/site\/#organization"},"potentialAction":[{"@type":"SearchAction","target":{"@type":"EntryPoint","urlTemplate":"https:\/\/noticiasmercedinas.com\/site\/?s={search_term_string}"},"query-input":{"@type":"PropertyValueSpecification","valueRequired":true,"valueName":"search_term_string"}}],"inLanguage":"es"},{"@type":"Organization","@id":"https:\/\/noticiasmercedinas.com\/site\/#organization","name":"NOTICIASMERCEDINAS.COM","url":"https:\/\/noticiasmercedinas.com\/site\/","logo":{"@type":"ImageObject","inLanguage":"es","@id":"https:\/\/noticiasmercedinas.com\/site\/#\/schema\/logo\/image\/","url":"https:\/\/noticiasmercedinas.com\/site\/wp-content\/uploads\/2020\/06\/LOGO-512.jpg","contentUrl":"https:\/\/noticiasmercedinas.com\/site\/wp-content\/uploads\/2020\/06\/LOGO-512.jpg","width":512,"height":512,"caption":"NOTICIASMERCEDINAS.COM"},"image":{"@id":"https:\/\/noticiasmercedinas.com\/site\/#\/schema\/logo\/image\/"},"sameAs":["https:\/\/www.facebook.com\/noticiasmercedinas\/","https:\/\/x.com\/notmercedinas","https:\/\/www.instagram.com\/noticiasmercedinas\/"]},{"@type":"Person","@id":"https:\/\/noticiasmercedinas.com\/site\/#\/schema\/person\/84b59c099c28ff2e8b77d4ceec5d8063","name":"NOTICIASMERCEDINAS.COM","image":{"@type":"ImageObject","inLanguage":"es","@id":"https:\/\/secure.gravatar.com\/avatar\/4dfbf16b4d17945bfb6341b2d19043457132fcf478a5ee04f42e959fd8f5df0a?s=96&d=mm&r=g","url":"https:\/\/secure.gravatar.com\/avatar\/4dfbf16b4d17945bfb6341b2d19043457132fcf478a5ee04f42e959fd8f5df0a?s=96&d=mm&r=g","contentUrl":"https:\/\/secure.gravatar.com\/avatar\/4dfbf16b4d17945bfb6341b2d19043457132fcf478a5ee04f42e959fd8f5df0a?s=96&d=mm&r=g","caption":"NOTICIASMERCEDINAS.COM"},"url":"https:\/\/noticiasmercedinas.com\/site\/author\/anonimo\/"}]}},"amp_enabled":true,"_links":{"self":[{"href":"https:\/\/noticiasmercedinas.com\/site\/wp-json\/wp\/v2\/posts\/66574","targetHints":{"allow":["GET"]}}],"collection":[{"href":"https:\/\/noticiasmercedinas.com\/site\/wp-json\/wp\/v2\/posts"}],"about":[{"href":"https:\/\/noticiasmercedinas.com\/site\/wp-json\/wp\/v2\/types\/post"}],"author":[{"embeddable":true,"href":"https:\/\/noticiasmercedinas.com\/site\/wp-json\/wp\/v2\/users\/16"}],"replies":[{"embeddable":true,"href":"https:\/\/noticiasmercedinas.com\/site\/wp-json\/wp\/v2\/comments?post=66574"}],"version-history":[{"count":1,"href":"https:\/\/noticiasmercedinas.com\/site\/wp-json\/wp\/v2\/posts\/66574\/revisions"}],"predecessor-version":[{"id":66578,"href":"https:\/\/noticiasmercedinas.com\/site\/wp-json\/wp\/v2\/posts\/66574\/revisions\/66578"}],"wp:featuredmedia":[{"embeddable":true,"href":"https:\/\/noticiasmercedinas.com\/site\/wp-json\/wp\/v2\/media\/66576"}],"wp:attachment":[{"href":"https:\/\/noticiasmercedinas.com\/site\/wp-json\/wp\/v2\/media?parent=66574"}],"wp:term":[{"taxonomy":"category","embeddable":true,"href":"https:\/\/noticiasmercedinas.com\/site\/wp-json\/wp\/v2\/categories?post=66574"},{"taxonomy":"post_tag","embeddable":true,"href":"https:\/\/noticiasmercedinas.com\/site\/wp-json\/wp\/v2\/tags?post=66574"}],"curies":[{"name":"wp","href":"https:\/\/api.w.org\/{rel}","templated":true}]}}