{"id":66855,"date":"2021-05-06T09:18:41","date_gmt":"2021-05-06T12:18:41","guid":{"rendered":"https:\/\/noticiasmercedinas.com\/site\/?p=66855"},"modified":"2021-05-06T09:18:41","modified_gmt":"2021-05-06T12:18:41","slug":"promueven-capacitaciones-a-emprendedores-en-contexto-de-pandemia","status":"publish","type":"post","link":"https:\/\/noticiasmercedinas.com\/site\/2021\/05\/06\/promueven-capacitaciones-a-emprendedores-en-contexto-de-pandemia\/","title":{"rendered":"Promueven capacitaciones a emprendedores en contexto de pandemia"},"content":{"rendered":"<p><img loading=\"lazy\" decoding=\"async\" class=\"alignnone size-full wp-image-66856\" src=\"https:\/\/noticiasmercedinas.com\/site\/wp-content\/uploads\/2021\/05\/177033869_2885628715098295_4429443655532571346_n.jpg\" alt=\"\" width=\"720\" height=\"729\" srcset=\"https:\/\/noticiasmercedinas.com\/site\/wp-content\/uploads\/2021\/05\/177033869_2885628715098295_4429443655532571346_n.jpg 720w, https:\/\/noticiasmercedinas.com\/site\/wp-content\/uploads\/2021\/05\/177033869_2885628715098295_4429443655532571346_n-296x300.jpg 296w, https:\/\/noticiasmercedinas.com\/site\/wp-content\/uploads\/2021\/05\/177033869_2885628715098295_4429443655532571346_n-640x648.jpg 640w, https:\/\/noticiasmercedinas.com\/site\/wp-content\/uploads\/2021\/05\/177033869_2885628715098295_4429443655532571346_n-681x690.jpg 681w\" sizes=\"auto, (max-width: 720px) 100vw, 720px\" \/><\/p>\n<p>Desde la Direcci\u00f3n de Producci\u00f3n y la oficina de Empleo del municipio siguen recibiendo CV y organizando capacitaciones en l\u00ednea para los vecinos en contexto de pandemia.<\/p>\n<p>Dependiente de la Direcci\u00f3n de Producci\u00f3n del Municipio, a cargo de Patricio Ballesty, la oficina de Empleo promociona cursos de capacitaci\u00f3n on line y env\u00eda perfiles de potenciales trabajadores para cubrir vacantes en empresas de la ciudad y la zona.<\/p>\n<p>Con Griselda y Fabiana, el trabajo de la oficina se ve potenciado a trav\u00e9s de las redes sociales, como en Facebook, donde en la p\u00e1gina \u201c<span style=\"color: #000080;\"><strong><a style=\"color: #000080;\" href=\"https:\/\/www.facebook.com\/empleomercedes\" target=\"_blank\" rel=\"noopener\">Empleo, orientaci\u00f3n y capacitaci\u00f3n<\/a><\/strong><\/span>\u201d promocionan y actualizan la informaci\u00f3n para los interesados en cursos virtuales que brinda la Municipalidad, como el de \u201cManipulaci\u00f3n de alimentos\u201d que comenz\u00f3 este lunes 3 de mayo y hay una segunda posibilidad la semana del lunes 17 de mayo.<\/p>\n<p>\u201cTrabajamos junto al Ministerio de Trabajo de Naci\u00f3n\u201d, coment\u00f3 Fabiana y remarc\u00f3 que \u201ca trav\u00e9s de ellos tenemos l\u00edneas de trabajo que pueden ser pasant\u00edas pagas y por otro lado tambi\u00e9n pasant\u00edas directas con cualquier empleador que necesite cubrir una vacante. Nosotros enviamos el CV con el perfil que ellos necesitan\u201d.<\/p>\n<p>Es as\u00ed que la oficina tiene una variada cartilla de demandas de puestos como en empresas metal\u00fargicas, huertas agroecol\u00f3gicas, empresas del \u00e1rea de salud o para distribuidoras en la zona. \u201cA trav\u00e9s del mail pueden enviar los CV a la oficina de Empleo\u201d, se\u00f1al\u00f3 Griselda, e indic\u00f3 que los mismos son ingresados a un banco de datos y son analizados los perfiles ofrecidos para cotejar con demandas de empresas y empleadores.<\/p>\n<p>\u201cTanto en Facebook como en Instagram la oficina actualiza la informaci\u00f3n d\u00eda a d\u00eda\u201d, explic\u00f3 Griselda.<\/p>\n<p>Adem\u00e1s publicitan cursos de capacitaci\u00f3n virtuales que muchas veces tienen una importante demanda, como el de \u201cFuturos emprendedores\u201d de la UTN La Plata, del que \u201cen menos de dos horas se llen\u00f3 el cupo\u201d, tal cual coment\u00f3 la referente de la oficina que indic\u00f3 estar\u00e1n pidiendo un nuevo cupo para volver a abrirlo en breve.<\/p>\n<p>Quienes est\u00e1n a la b\u00fasqueda de capacitaciones o quieren enviar CV pueden hacerlo al correo electr\u00f3nico oficinadeempleo@mercedes.gob.ar o comunicarse al tel\u00e9fono 02324 434862.<\/p>\n<p><img loading=\"lazy\" decoding=\"async\" class=\"alignnone size-full wp-image-66857\" src=\"https:\/\/noticiasmercedinas.com\/site\/wp-content\/uploads\/2021\/05\/177565183_2886296791698154_25403433065672071_n.jpg\" alt=\"\" width=\"720\" height=\"582\" srcset=\"https:\/\/noticiasmercedinas.com\/site\/wp-content\/uploads\/2021\/05\/177565183_2886296791698154_25403433065672071_n.jpg 720w, https:\/\/noticiasmercedinas.com\/site\/wp-content\/uploads\/2021\/05\/177565183_2886296791698154_25403433065672071_n-300x243.jpg 300w, https:\/\/noticiasmercedinas.com\/site\/wp-content\/uploads\/2021\/05\/177565183_2886296791698154_25403433065672071_n-640x517.jpg 640w, https:\/\/noticiasmercedinas.com\/site\/wp-content\/uploads\/2021\/05\/177565183_2886296791698154_25403433065672071_n-681x550.jpg 681w\" sizes=\"auto, (max-width: 720px) 100vw, 720px\" \/><\/p>\n","protected":false},"excerpt":{"rendered":"<p>Desde la Direcci\u00f3n de Producci\u00f3n y la oficina de Empleo del municipio siguen recibiendo CV y organizando capacitaciones en l\u00ednea para los vecinos en contexto de pandemia. Dependiente de la Direcci\u00f3n de Producci\u00f3n del Municipio, a cargo de Patricio Ballesty, la oficina de Empleo promociona cursos de capacitaci\u00f3n on line y env\u00eda perfiles de potenciales [&hellip;]<\/p>\n","protected":false},"author":16,"featured_media":66856,"comment_status":"open","ping_status":"open","sticky":false,"template":"","format":"standard","meta":{"footnotes":""},"categories":[74],"tags":[8617,8855,11925],"class_list":["post-66855","post","type-post","status-publish","format-standard","has-post-thumbnail","hentry","category-emprendimientos","tag-capacitaciones","tag-cursos-online","tag-oficina-de-empleo"],"yoast_head":"<!-- This site is optimized with the Yoast SEO plugin v27.5 - https:\/\/yoast.com\/product\/yoast-seo-wordpress\/ -->\n<title>Promueven capacitaciones a emprendedores en contexto de pandemia<\/title>\n<meta name=\"robots\" content=\"index, follow, max-snippet:-1, max-image-preview:large, max-video-preview:-1\" \/>\n<link rel=\"canonical\" href=\"https:\/\/noticiasmercedinas.com\/site\/2021\/05\/06\/promueven-capacitaciones-a-emprendedores-en-contexto-de-pandemia\/\" \/>\n<meta property=\"og:locale\" content=\"es_ES\" \/>\n<meta property=\"og:type\" content=\"article\" \/>\n<meta property=\"og:title\" content=\"Promueven capacitaciones a emprendedores en contexto de pandemia\" \/>\n<meta property=\"og:description\" content=\"Desde la Direcci\u00f3n de Producci\u00f3n y la oficina de Empleo del municipio siguen recibiendo CV y organizando capacitaciones en l\u00ednea para los vecinos en contexto de pandemia. Dependiente de la Direcci\u00f3n de Producci\u00f3n del Municipio, a cargo de Patricio Ballesty, la oficina de Empleo promociona cursos de capacitaci\u00f3n on line y env\u00eda perfiles de potenciales [&hellip;]\" \/>\n<meta property=\"og:url\" content=\"https:\/\/noticiasmercedinas.com\/site\/2021\/05\/06\/promueven-capacitaciones-a-emprendedores-en-contexto-de-pandemia\/\" \/>\n<meta property=\"og:site_name\" content=\"NOTICIASMERCEDINAS.COM\" \/>\n<meta property=\"article:publisher\" content=\"https:\/\/www.facebook.com\/noticiasmercedinas\/\" \/>\n<meta property=\"article:published_time\" content=\"2021-05-06T12:18:41+00:00\" \/>\n<meta property=\"og:image\" content=\"https:\/\/noticiasmercedinas.com\/site\/wp-content\/uploads\/2021\/05\/177033869_2885628715098295_4429443655532571346_n.jpg\" \/>\n\t<meta property=\"og:image:width\" content=\"720\" \/>\n\t<meta property=\"og:image:height\" content=\"729\" \/>\n\t<meta property=\"og:image:type\" content=\"image\/jpeg\" \/>\n<meta name=\"author\" content=\"NOTICIASMERCEDINAS.COM\" \/>\n<meta name=\"twitter:card\" content=\"summary_large_image\" \/>\n<meta name=\"twitter:creator\" content=\"@notmercedinas\" \/>\n<meta name=\"twitter:site\" content=\"@notmercedinas\" \/>\n<meta name=\"twitter:label1\" content=\"Escrito por\" \/>\n\t<meta name=\"twitter:data1\" content=\"NOTICIASMERCEDINAS.COM\" \/>\n\t<meta name=\"twitter:label2\" content=\"Tiempo de lectura\" \/>\n\t<meta name=\"twitter:data2\" content=\"2 minutos\" \/>\n<script type=\"application\/ld+json\" class=\"yoast-schema-graph\">{\"@context\":\"https:\\\/\\\/schema.org\",\"@graph\":[{\"@type\":\"Article\",\"@id\":\"https:\\\/\\\/noticiasmercedinas.com\\\/site\\\/2021\\\/05\\\/06\\\/promueven-capacitaciones-a-emprendedores-en-contexto-de-pandemia\\\/#article\",\"isPartOf\":{\"@id\":\"https:\\\/\\\/noticiasmercedinas.com\\\/site\\\/2021\\\/05\\\/06\\\/promueven-capacitaciones-a-emprendedores-en-contexto-de-pandemia\\\/\"},\"author\":{\"name\":\"NOTICIASMERCEDINAS.COM\",\"@id\":\"https:\\\/\\\/noticiasmercedinas.com\\\/site\\\/#\\\/schema\\\/person\\\/84b59c099c28ff2e8b77d4ceec5d8063\"},\"headline\":\"Promueven capacitaciones a emprendedores en contexto de pandemia\",\"datePublished\":\"2021-05-06T12:18:41+00:00\",\"mainEntityOfPage\":{\"@id\":\"https:\\\/\\\/noticiasmercedinas.com\\\/site\\\/2021\\\/05\\\/06\\\/promueven-capacitaciones-a-emprendedores-en-contexto-de-pandemia\\\/\"},\"wordCount\":392,\"commentCount\":0,\"publisher\":{\"@id\":\"https:\\\/\\\/noticiasmercedinas.com\\\/site\\\/#organization\"},\"image\":{\"@id\":\"https:\\\/\\\/noticiasmercedinas.com\\\/site\\\/2021\\\/05\\\/06\\\/promueven-capacitaciones-a-emprendedores-en-contexto-de-pandemia\\\/#primaryimage\"},\"thumbnailUrl\":\"https:\\\/\\\/noticiasmercedinas.com\\\/site\\\/wp-content\\\/uploads\\\/2021\\\/05\\\/177033869_2885628715098295_4429443655532571346_n.jpg\",\"keywords\":[\"capacitaciones\",\"cursos online\",\"oficina de empleo\"],\"articleSection\":[\"Emprendimientos\"],\"inLanguage\":\"es\",\"potentialAction\":[{\"@type\":\"CommentAction\",\"name\":\"Comment\",\"target\":[\"https:\\\/\\\/noticiasmercedinas.com\\\/site\\\/2021\\\/05\\\/06\\\/promueven-capacitaciones-a-emprendedores-en-contexto-de-pandemia\\\/#respond\"]}]},{\"@type\":\"WebPage\",\"@id\":\"https:\\\/\\\/noticiasmercedinas.com\\\/site\\\/2021\\\/05\\\/06\\\/promueven-capacitaciones-a-emprendedores-en-contexto-de-pandemia\\\/\",\"url\":\"https:\\\/\\\/noticiasmercedinas.com\\\/site\\\/2021\\\/05\\\/06\\\/promueven-capacitaciones-a-emprendedores-en-contexto-de-pandemia\\\/\",\"name\":\"Promueven capacitaciones a emprendedores en contexto de pandemia\",\"isPartOf\":{\"@id\":\"https:\\\/\\\/noticiasmercedinas.com\\\/site\\\/#website\"},\"primaryImageOfPage\":{\"@id\":\"https:\\\/\\\/noticiasmercedinas.com\\\/site\\\/2021\\\/05\\\/06\\\/promueven-capacitaciones-a-emprendedores-en-contexto-de-pandemia\\\/#primaryimage\"},\"image\":{\"@id\":\"https:\\\/\\\/noticiasmercedinas.com\\\/site\\\/2021\\\/05\\\/06\\\/promueven-capacitaciones-a-emprendedores-en-contexto-de-pandemia\\\/#primaryimage\"},\"thumbnailUrl\":\"https:\\\/\\\/noticiasmercedinas.com\\\/site\\\/wp-content\\\/uploads\\\/2021\\\/05\\\/177033869_2885628715098295_4429443655532571346_n.jpg\",\"datePublished\":\"2021-05-06T12:18:41+00:00\",\"breadcrumb\":{\"@id\":\"https:\\\/\\\/noticiasmercedinas.com\\\/site\\\/2021\\\/05\\\/06\\\/promueven-capacitaciones-a-emprendedores-en-contexto-de-pandemia\\\/#breadcrumb\"},\"inLanguage\":\"es\",\"potentialAction\":[{\"@type\":\"ReadAction\",\"target\":[\"https:\\\/\\\/noticiasmercedinas.com\\\/site\\\/2021\\\/05\\\/06\\\/promueven-capacitaciones-a-emprendedores-en-contexto-de-pandemia\\\/\"]}]},{\"@type\":\"ImageObject\",\"inLanguage\":\"es\",\"@id\":\"https:\\\/\\\/noticiasmercedinas.com\\\/site\\\/2021\\\/05\\\/06\\\/promueven-capacitaciones-a-emprendedores-en-contexto-de-pandemia\\\/#primaryimage\",\"url\":\"https:\\\/\\\/noticiasmercedinas.com\\\/site\\\/wp-content\\\/uploads\\\/2021\\\/05\\\/177033869_2885628715098295_4429443655532571346_n.jpg\",\"contentUrl\":\"https:\\\/\\\/noticiasmercedinas.com\\\/site\\\/wp-content\\\/uploads\\\/2021\\\/05\\\/177033869_2885628715098295_4429443655532571346_n.jpg\",\"width\":720,\"height\":729},{\"@type\":\"BreadcrumbList\",\"@id\":\"https:\\\/\\\/noticiasmercedinas.com\\\/site\\\/2021\\\/05\\\/06\\\/promueven-capacitaciones-a-emprendedores-en-contexto-de-pandemia\\\/#breadcrumb\",\"itemListElement\":[{\"@type\":\"ListItem\",\"position\":1,\"name\":\"Portada\",\"item\":\"https:\\\/\\\/noticiasmercedinas.com\\\/site\\\/\"},{\"@type\":\"ListItem\",\"position\":2,\"name\":\"Promueven capacitaciones a emprendedores en contexto de pandemia\"}]},{\"@type\":\"WebSite\",\"@id\":\"https:\\\/\\\/noticiasmercedinas.com\\\/site\\\/#website\",\"url\":\"https:\\\/\\\/noticiasmercedinas.com\\\/site\\\/\",\"name\":\"NOTICIASMERCEDINAS.COM\",\"description\":\"Mercedes, Buenos Aires, Argentina\",\"publisher\":{\"@id\":\"https:\\\/\\\/noticiasmercedinas.com\\\/site\\\/#organization\"},\"potentialAction\":[{\"@type\":\"SearchAction\",\"target\":{\"@type\":\"EntryPoint\",\"urlTemplate\":\"https:\\\/\\\/noticiasmercedinas.com\\\/site\\\/?s={search_term_string}\"},\"query-input\":{\"@type\":\"PropertyValueSpecification\",\"valueRequired\":true,\"valueName\":\"search_term_string\"}}],\"inLanguage\":\"es\"},{\"@type\":\"Organization\",\"@id\":\"https:\\\/\\\/noticiasmercedinas.com\\\/site\\\/#organization\",\"name\":\"NOTICIASMERCEDINAS.COM\",\"url\":\"https:\\\/\\\/noticiasmercedinas.com\\\/site\\\/\",\"logo\":{\"@type\":\"ImageObject\",\"inLanguage\":\"es\",\"@id\":\"https:\\\/\\\/noticiasmercedinas.com\\\/site\\\/#\\\/schema\\\/logo\\\/image\\\/\",\"url\":\"https:\\\/\\\/noticiasmercedinas.com\\\/site\\\/wp-content\\\/uploads\\\/2020\\\/06\\\/LOGO-512.jpg\",\"contentUrl\":\"https:\\\/\\\/noticiasmercedinas.com\\\/site\\\/wp-content\\\/uploads\\\/2020\\\/06\\\/LOGO-512.jpg\",\"width\":512,\"height\":512,\"caption\":\"NOTICIASMERCEDINAS.COM\"},\"image\":{\"@id\":\"https:\\\/\\\/noticiasmercedinas.com\\\/site\\\/#\\\/schema\\\/logo\\\/image\\\/\"},\"sameAs\":[\"https:\\\/\\\/www.facebook.com\\\/noticiasmercedinas\\\/\",\"https:\\\/\\\/x.com\\\/notmercedinas\",\"https:\\\/\\\/www.instagram.com\\\/noticiasmercedinas\\\/\"]},{\"@type\":\"Person\",\"@id\":\"https:\\\/\\\/noticiasmercedinas.com\\\/site\\\/#\\\/schema\\\/person\\\/84b59c099c28ff2e8b77d4ceec5d8063\",\"name\":\"NOTICIASMERCEDINAS.COM\",\"image\":{\"@type\":\"ImageObject\",\"inLanguage\":\"es\",\"@id\":\"https:\\\/\\\/secure.gravatar.com\\\/avatar\\\/4dfbf16b4d17945bfb6341b2d19043457132fcf478a5ee04f42e959fd8f5df0a?s=96&d=mm&r=g\",\"url\":\"https:\\\/\\\/secure.gravatar.com\\\/avatar\\\/4dfbf16b4d17945bfb6341b2d19043457132fcf478a5ee04f42e959fd8f5df0a?s=96&d=mm&r=g\",\"contentUrl\":\"https:\\\/\\\/secure.gravatar.com\\\/avatar\\\/4dfbf16b4d17945bfb6341b2d19043457132fcf478a5ee04f42e959fd8f5df0a?s=96&d=mm&r=g\",\"caption\":\"NOTICIASMERCEDINAS.COM\"},\"url\":\"https:\\\/\\\/noticiasmercedinas.com\\\/site\\\/author\\\/anonimo\\\/\"}]}<\/script>\n<!-- \/ Yoast SEO plugin. -->","yoast_head_json":{"title":"Promueven capacitaciones a emprendedores en contexto de pandemia","robots":{"index":"index","follow":"follow","max-snippet":"max-snippet:-1","max-image-preview":"max-image-preview:large","max-video-preview":"max-video-preview:-1"},"canonical":"https:\/\/noticiasmercedinas.com\/site\/2021\/05\/06\/promueven-capacitaciones-a-emprendedores-en-contexto-de-pandemia\/","og_locale":"es_ES","og_type":"article","og_title":"Promueven capacitaciones a emprendedores en contexto de pandemia","og_description":"Desde la Direcci\u00f3n de Producci\u00f3n y la oficina de Empleo del municipio siguen recibiendo CV y organizando capacitaciones en l\u00ednea para los vecinos en contexto de pandemia. Dependiente de la Direcci\u00f3n de Producci\u00f3n del Municipio, a cargo de Patricio Ballesty, la oficina de Empleo promociona cursos de capacitaci\u00f3n on line y env\u00eda perfiles de potenciales [&hellip;]","og_url":"https:\/\/noticiasmercedinas.com\/site\/2021\/05\/06\/promueven-capacitaciones-a-emprendedores-en-contexto-de-pandemia\/","og_site_name":"NOTICIASMERCEDINAS.COM","article_publisher":"https:\/\/www.facebook.com\/noticiasmercedinas\/","article_published_time":"2021-05-06T12:18:41+00:00","og_image":[{"width":720,"height":729,"url":"https:\/\/noticiasmercedinas.com\/site\/wp-content\/uploads\/2021\/05\/177033869_2885628715098295_4429443655532571346_n.jpg","type":"image\/jpeg"}],"author":"NOTICIASMERCEDINAS.COM","twitter_card":"summary_large_image","twitter_creator":"@notmercedinas","twitter_site":"@notmercedinas","twitter_misc":{"Escrito por":"NOTICIASMERCEDINAS.COM","Tiempo de lectura":"2 minutos"},"schema":{"@context":"https:\/\/schema.org","@graph":[{"@type":"Article","@id":"https:\/\/noticiasmercedinas.com\/site\/2021\/05\/06\/promueven-capacitaciones-a-emprendedores-en-contexto-de-pandemia\/#article","isPartOf":{"@id":"https:\/\/noticiasmercedinas.com\/site\/2021\/05\/06\/promueven-capacitaciones-a-emprendedores-en-contexto-de-pandemia\/"},"author":{"name":"NOTICIASMERCEDINAS.COM","@id":"https:\/\/noticiasmercedinas.com\/site\/#\/schema\/person\/84b59c099c28ff2e8b77d4ceec5d8063"},"headline":"Promueven capacitaciones a emprendedores en contexto de pandemia","datePublished":"2021-05-06T12:18:41+00:00","mainEntityOfPage":{"@id":"https:\/\/noticiasmercedinas.com\/site\/2021\/05\/06\/promueven-capacitaciones-a-emprendedores-en-contexto-de-pandemia\/"},"wordCount":392,"commentCount":0,"publisher":{"@id":"https:\/\/noticiasmercedinas.com\/site\/#organization"},"image":{"@id":"https:\/\/noticiasmercedinas.com\/site\/2021\/05\/06\/promueven-capacitaciones-a-emprendedores-en-contexto-de-pandemia\/#primaryimage"},"thumbnailUrl":"https:\/\/noticiasmercedinas.com\/site\/wp-content\/uploads\/2021\/05\/177033869_2885628715098295_4429443655532571346_n.jpg","keywords":["capacitaciones","cursos online","oficina de empleo"],"articleSection":["Emprendimientos"],"inLanguage":"es","potentialAction":[{"@type":"CommentAction","name":"Comment","target":["https:\/\/noticiasmercedinas.com\/site\/2021\/05\/06\/promueven-capacitaciones-a-emprendedores-en-contexto-de-pandemia\/#respond"]}]},{"@type":"WebPage","@id":"https:\/\/noticiasmercedinas.com\/site\/2021\/05\/06\/promueven-capacitaciones-a-emprendedores-en-contexto-de-pandemia\/","url":"https:\/\/noticiasmercedinas.com\/site\/2021\/05\/06\/promueven-capacitaciones-a-emprendedores-en-contexto-de-pandemia\/","name":"Promueven capacitaciones a emprendedores en contexto de pandemia","isPartOf":{"@id":"https:\/\/noticiasmercedinas.com\/site\/#website"},"primaryImageOfPage":{"@id":"https:\/\/noticiasmercedinas.com\/site\/2021\/05\/06\/promueven-capacitaciones-a-emprendedores-en-contexto-de-pandemia\/#primaryimage"},"image":{"@id":"https:\/\/noticiasmercedinas.com\/site\/2021\/05\/06\/promueven-capacitaciones-a-emprendedores-en-contexto-de-pandemia\/#primaryimage"},"thumbnailUrl":"https:\/\/noticiasmercedinas.com\/site\/wp-content\/uploads\/2021\/05\/177033869_2885628715098295_4429443655532571346_n.jpg","datePublished":"2021-05-06T12:18:41+00:00","breadcrumb":{"@id":"https:\/\/noticiasmercedinas.com\/site\/2021\/05\/06\/promueven-capacitaciones-a-emprendedores-en-contexto-de-pandemia\/#breadcrumb"},"inLanguage":"es","potentialAction":[{"@type":"ReadAction","target":["https:\/\/noticiasmercedinas.com\/site\/2021\/05\/06\/promueven-capacitaciones-a-emprendedores-en-contexto-de-pandemia\/"]}]},{"@type":"ImageObject","inLanguage":"es","@id":"https:\/\/noticiasmercedinas.com\/site\/2021\/05\/06\/promueven-capacitaciones-a-emprendedores-en-contexto-de-pandemia\/#primaryimage","url":"https:\/\/noticiasmercedinas.com\/site\/wp-content\/uploads\/2021\/05\/177033869_2885628715098295_4429443655532571346_n.jpg","contentUrl":"https:\/\/noticiasmercedinas.com\/site\/wp-content\/uploads\/2021\/05\/177033869_2885628715098295_4429443655532571346_n.jpg","width":720,"height":729},{"@type":"BreadcrumbList","@id":"https:\/\/noticiasmercedinas.com\/site\/2021\/05\/06\/promueven-capacitaciones-a-emprendedores-en-contexto-de-pandemia\/#breadcrumb","itemListElement":[{"@type":"ListItem","position":1,"name":"Portada","item":"https:\/\/noticiasmercedinas.com\/site\/"},{"@type":"ListItem","position":2,"name":"Promueven capacitaciones a emprendedores en contexto de pandemia"}]},{"@type":"WebSite","@id":"https:\/\/noticiasmercedinas.com\/site\/#website","url":"https:\/\/noticiasmercedinas.com\/site\/","name":"NOTICIASMERCEDINAS.COM","description":"Mercedes, Buenos Aires, Argentina","publisher":{"@id":"https:\/\/noticiasmercedinas.com\/site\/#organization"},"potentialAction":[{"@type":"SearchAction","target":{"@type":"EntryPoint","urlTemplate":"https:\/\/noticiasmercedinas.com\/site\/?s={search_term_string}"},"query-input":{"@type":"PropertyValueSpecification","valueRequired":true,"valueName":"search_term_string"}}],"inLanguage":"es"},{"@type":"Organization","@id":"https:\/\/noticiasmercedinas.com\/site\/#organization","name":"NOTICIASMERCEDINAS.COM","url":"https:\/\/noticiasmercedinas.com\/site\/","logo":{"@type":"ImageObject","inLanguage":"es","@id":"https:\/\/noticiasmercedinas.com\/site\/#\/schema\/logo\/image\/","url":"https:\/\/noticiasmercedinas.com\/site\/wp-content\/uploads\/2020\/06\/LOGO-512.jpg","contentUrl":"https:\/\/noticiasmercedinas.com\/site\/wp-content\/uploads\/2020\/06\/LOGO-512.jpg","width":512,"height":512,"caption":"NOTICIASMERCEDINAS.COM"},"image":{"@id":"https:\/\/noticiasmercedinas.com\/site\/#\/schema\/logo\/image\/"},"sameAs":["https:\/\/www.facebook.com\/noticiasmercedinas\/","https:\/\/x.com\/notmercedinas","https:\/\/www.instagram.com\/noticiasmercedinas\/"]},{"@type":"Person","@id":"https:\/\/noticiasmercedinas.com\/site\/#\/schema\/person\/84b59c099c28ff2e8b77d4ceec5d8063","name":"NOTICIASMERCEDINAS.COM","image":{"@type":"ImageObject","inLanguage":"es","@id":"https:\/\/secure.gravatar.com\/avatar\/4dfbf16b4d17945bfb6341b2d19043457132fcf478a5ee04f42e959fd8f5df0a?s=96&d=mm&r=g","url":"https:\/\/secure.gravatar.com\/avatar\/4dfbf16b4d17945bfb6341b2d19043457132fcf478a5ee04f42e959fd8f5df0a?s=96&d=mm&r=g","contentUrl":"https:\/\/secure.gravatar.com\/avatar\/4dfbf16b4d17945bfb6341b2d19043457132fcf478a5ee04f42e959fd8f5df0a?s=96&d=mm&r=g","caption":"NOTICIASMERCEDINAS.COM"},"url":"https:\/\/noticiasmercedinas.com\/site\/author\/anonimo\/"}]}},"amp_enabled":true,"_links":{"self":[{"href":"https:\/\/noticiasmercedinas.com\/site\/wp-json\/wp\/v2\/posts\/66855","targetHints":{"allow":["GET"]}}],"collection":[{"href":"https:\/\/noticiasmercedinas.com\/site\/wp-json\/wp\/v2\/posts"}],"about":[{"href":"https:\/\/noticiasmercedinas.com\/site\/wp-json\/wp\/v2\/types\/post"}],"author":[{"embeddable":true,"href":"https:\/\/noticiasmercedinas.com\/site\/wp-json\/wp\/v2\/users\/16"}],"replies":[{"embeddable":true,"href":"https:\/\/noticiasmercedinas.com\/site\/wp-json\/wp\/v2\/comments?post=66855"}],"version-history":[{"count":1,"href":"https:\/\/noticiasmercedinas.com\/site\/wp-json\/wp\/v2\/posts\/66855\/revisions"}],"predecessor-version":[{"id":66858,"href":"https:\/\/noticiasmercedinas.com\/site\/wp-json\/wp\/v2\/posts\/66855\/revisions\/66858"}],"wp:featuredmedia":[{"embeddable":true,"href":"https:\/\/noticiasmercedinas.com\/site\/wp-json\/wp\/v2\/media\/66856"}],"wp:attachment":[{"href":"https:\/\/noticiasmercedinas.com\/site\/wp-json\/wp\/v2\/media?parent=66855"}],"wp:term":[{"taxonomy":"category","embeddable":true,"href":"https:\/\/noticiasmercedinas.com\/site\/wp-json\/wp\/v2\/categories?post=66855"},{"taxonomy":"post_tag","embeddable":true,"href":"https:\/\/noticiasmercedinas.com\/site\/wp-json\/wp\/v2\/tags?post=66855"}],"curies":[{"name":"wp","href":"https:\/\/api.w.org\/{rel}","templated":true}]}}