{"id":67047,"date":"2021-05-10T11:20:55","date_gmt":"2021-05-10T14:20:55","guid":{"rendered":"https:\/\/noticiasmercedinas.com\/site\/?p=67047"},"modified":"2021-05-10T11:20:55","modified_gmt":"2021-05-10T14:20:55","slug":"seminaristas-le-regalaron-una-cancion-a-la-virgen-de-lujan","status":"publish","type":"post","link":"https:\/\/noticiasmercedinas.com\/site\/2021\/05\/10\/seminaristas-le-regalaron-una-cancion-a-la-virgen-de-lujan\/","title":{"rendered":"Seminaristas le regalaron una canci\u00f3n a la Virgen de Luj\u00e1n"},"content":{"rendered":"<p>Grabada en Piruca Estudio de la ciudad de Mercedes, la nueva canci\u00f3n de homenaje a la Virgen de Luj\u00e1n ya recorre las redes sociales y est\u00e1 en los hogares de muchas personas, luego de una interesante iniciativa de componerla y difundirla por parte de 4 seminaristas de la arquidi\u00f3cesis, encabezados por el talentoso m\u00fasico suipachense <strong>Manuel Asenzo<\/strong>, quien est\u00e1 cursando en el \u201cSanto Cura de Ars\u201d.<\/p>\n<p>\u201cManu\u201d Asenzo tiene desde hace un tiempo un compromiso con la m\u00fasica cat\u00f3lica y de hecho su <span style=\"color: #000080;\"><strong><a style=\"color: #000080;\" href=\"https:\/\/noticiasmercedinas.com\/site\/2019\/12\/17\/manuel-asenzo-lanzo-una-nueva-partida\/\">primer disco \u201cUna nueva partida\u201d<\/a><\/strong><\/span> (de 2019), est\u00e1 imbuido en ese contexto. Ahora en ocasi\u00f3n de la solemnidad de Nuestra Se\u00f1ora de Luj\u00e1n, junto a otros seminaristas de la arquidi\u00f3cesis de Mercedes-Luj\u00e1n decidi\u00f3 homenajearla con un regalo especial: la canci\u00f3n \u00abMar\u00eda de Luj\u00e1n\u00bb, compuesta por \u00e9l Manuel Asenzo y grabada junto con un grupo de compa\u00f1eros.<\/p>\n<blockquote><p>La obra musical, explic\u00f3 Manuel Asenzo, \u00abtrata de manifestar el amor del pueblo argentino que responde a la fidelidad de aquella que dio el gran &#8216;s\u00ed&#8217; y pide su intercesi\u00f3n\u00bb.<\/p><\/blockquote>\n<p>\u00abEscrib\u00ed esta canci\u00f3n, para expresar por medio de la m\u00fasica, lo que vivimos cuando vamos a Luj\u00e1n, la hermosa experiencia de ser peregrino, de caminar al encuentro de nuestra Madre abrazando nuestra propia vida &#8216;como viene&#8217; (dir\u00eda el Papa Francisco) y dej\u00e1ndola a los pies de Mar\u00eda\u00bb, reconoci\u00f3 el m\u00fasico que transita su camino hacia el sacerdocio, en la agencia AICA.<\/p>\n<p>La obra musical, explic\u00f3, \u00abtrata de manifestar el amor del pueblo argentino que responde a la fidelidad de aquella que dio el gran &#8216;s\u00ed&#8217; y pide su intercesi\u00f3n\u00bb.<\/p>\n<p>\u00abEst\u00e1 escrita en forma de chacarera, ya que es uno de los ritmos m\u00e1s populares en nuestro folclore. Intenta expresar en pocas palabras cuestiones muy profundas de nuestra experiencia de encuentro con ella\u00bb, detall\u00f3.<\/p>\n<p>La grabaci\u00f3n de la m\u00fasica fue realizada en \u201cPiruca Estudio\u201d en la ciudad de Mercedes y las tomas del video son en la bas\u00edlica de Nuestra Se\u00f1ora de Luj\u00e1n y tambi\u00e9n en las instalaciones del seminario Santo Cura de Ars. El video est\u00e1 disponible en YouTube y la grabaci\u00f3n en Spotify.<\/p>\n","protected":false},"excerpt":{"rendered":"<p>Grabada en Piruca Estudio de la ciudad de Mercedes, la nueva canci\u00f3n de homenaje a la Virgen de Luj\u00e1n ya recorre las redes sociales y est\u00e1 en los hogares de muchas personas, luego de una interesante iniciativa de componerla y difundirla por parte de 4 seminaristas de la arquidi\u00f3cesis, encabezados por el talentoso m\u00fasico suipachense [&hellip;]<\/p>\n","protected":false},"author":16,"featured_media":67048,"comment_status":"open","ping_status":"open","sticky":false,"template":"","format":"video","meta":{"footnotes":""},"categories":[4],"tags":[6541,88,11221,1231],"class_list":["post-67047","post","type-post","status-publish","format-video","has-post-thumbnail","hentry","category-cultura","tag-manuel-asenzo","tag-musica","tag-piruca-estudio","tag-virgen-de-lujan","post_format-post-format-video"],"yoast_head":"<!-- This site is optimized with the Yoast SEO plugin v27.4 - https:\/\/yoast.com\/product\/yoast-seo-wordpress\/ -->\n<title>Seminaristas le regalaron una canci\u00f3n a la Virgen de Luj\u00e1n<\/title>\n<meta name=\"robots\" content=\"index, follow, max-snippet:-1, max-image-preview:large, max-video-preview:-1\" \/>\n<link rel=\"canonical\" href=\"https:\/\/noticiasmercedinas.com\/site\/2021\/05\/10\/seminaristas-le-regalaron-una-cancion-a-la-virgen-de-lujan\/\" \/>\n<meta property=\"og:locale\" content=\"es_ES\" \/>\n<meta property=\"og:type\" content=\"article\" \/>\n<meta property=\"og:title\" content=\"Seminaristas le regalaron una canci\u00f3n a la Virgen de Luj\u00e1n\" \/>\n<meta property=\"og:description\" content=\"Grabada en Piruca Estudio de la ciudad de Mercedes, la nueva canci\u00f3n de homenaje a la Virgen de Luj\u00e1n ya recorre las redes sociales y est\u00e1 en los hogares de muchas personas, luego de una interesante iniciativa de componerla y difundirla por parte de 4 seminaristas de la arquidi\u00f3cesis, encabezados por el talentoso m\u00fasico suipachense [&hellip;]\" \/>\n<meta property=\"og:url\" content=\"https:\/\/noticiasmercedinas.com\/site\/2021\/05\/10\/seminaristas-le-regalaron-una-cancion-a-la-virgen-de-lujan\/\" \/>\n<meta property=\"og:site_name\" content=\"NOTICIASMERCEDINAS.COM\" \/>\n<meta property=\"article:publisher\" content=\"https:\/\/www.facebook.com\/noticiasmercedinas\/\" \/>\n<meta property=\"article:published_time\" content=\"2021-05-10T14:20:55+00:00\" \/>\n<meta property=\"og:image\" content=\"https:\/\/noticiasmercedinas.com\/site\/wp-content\/uploads\/2021\/05\/manuel_asenzo.jpg\" \/>\n\t<meta property=\"og:image:width\" content=\"746\" \/>\n\t<meta property=\"og:image:height\" content=\"416\" \/>\n\t<meta property=\"og:image:type\" content=\"image\/jpeg\" \/>\n<meta name=\"author\" content=\"NOTICIASMERCEDINAS.COM\" \/>\n<meta name=\"twitter:card\" content=\"summary_large_image\" \/>\n<meta name=\"twitter:creator\" content=\"@notmercedinas\" \/>\n<meta name=\"twitter:site\" content=\"@notmercedinas\" \/>\n<meta name=\"twitter:label1\" content=\"Escrito por\" \/>\n\t<meta name=\"twitter:data1\" content=\"NOTICIASMERCEDINAS.COM\" \/>\n\t<meta name=\"twitter:label2\" content=\"Tiempo de lectura\" \/>\n\t<meta name=\"twitter:data2\" content=\"2 minutos\" \/>\n<script type=\"application\/ld+json\" class=\"yoast-schema-graph\">{\"@context\":\"https:\\\/\\\/schema.org\",\"@graph\":[{\"@type\":\"Article\",\"@id\":\"https:\\\/\\\/noticiasmercedinas.com\\\/site\\\/2021\\\/05\\\/10\\\/seminaristas-le-regalaron-una-cancion-a-la-virgen-de-lujan\\\/#article\",\"isPartOf\":{\"@id\":\"https:\\\/\\\/noticiasmercedinas.com\\\/site\\\/2021\\\/05\\\/10\\\/seminaristas-le-regalaron-una-cancion-a-la-virgen-de-lujan\\\/\"},\"author\":{\"name\":\"NOTICIASMERCEDINAS.COM\",\"@id\":\"https:\\\/\\\/noticiasmercedinas.com\\\/site\\\/#\\\/schema\\\/person\\\/84b59c099c28ff2e8b77d4ceec5d8063\"},\"headline\":\"Seminaristas le regalaron una canci\u00f3n a la Virgen de Luj\u00e1n\",\"datePublished\":\"2021-05-10T14:20:55+00:00\",\"mainEntityOfPage\":{\"@id\":\"https:\\\/\\\/noticiasmercedinas.com\\\/site\\\/2021\\\/05\\\/10\\\/seminaristas-le-regalaron-una-cancion-a-la-virgen-de-lujan\\\/\"},\"wordCount\":385,\"commentCount\":0,\"publisher\":{\"@id\":\"https:\\\/\\\/noticiasmercedinas.com\\\/site\\\/#organization\"},\"image\":{\"@id\":\"https:\\\/\\\/noticiasmercedinas.com\\\/site\\\/2021\\\/05\\\/10\\\/seminaristas-le-regalaron-una-cancion-a-la-virgen-de-lujan\\\/#primaryimage\"},\"thumbnailUrl\":\"https:\\\/\\\/noticiasmercedinas.com\\\/site\\\/wp-content\\\/uploads\\\/2021\\\/05\\\/manuel_asenzo.jpg\",\"keywords\":[\"Manuel Asenzo\",\"musica\",\"piruca estudio\",\"virgen de lujan\"],\"articleSection\":[\"Cultura\"],\"inLanguage\":\"es\",\"potentialAction\":[{\"@type\":\"CommentAction\",\"name\":\"Comment\",\"target\":[\"https:\\\/\\\/noticiasmercedinas.com\\\/site\\\/2021\\\/05\\\/10\\\/seminaristas-le-regalaron-una-cancion-a-la-virgen-de-lujan\\\/#respond\"]}]},{\"@type\":\"WebPage\",\"@id\":\"https:\\\/\\\/noticiasmercedinas.com\\\/site\\\/2021\\\/05\\\/10\\\/seminaristas-le-regalaron-una-cancion-a-la-virgen-de-lujan\\\/\",\"url\":\"https:\\\/\\\/noticiasmercedinas.com\\\/site\\\/2021\\\/05\\\/10\\\/seminaristas-le-regalaron-una-cancion-a-la-virgen-de-lujan\\\/\",\"name\":\"Seminaristas le regalaron una canci\u00f3n a la Virgen de Luj\u00e1n\",\"isPartOf\":{\"@id\":\"https:\\\/\\\/noticiasmercedinas.com\\\/site\\\/#website\"},\"primaryImageOfPage\":{\"@id\":\"https:\\\/\\\/noticiasmercedinas.com\\\/site\\\/2021\\\/05\\\/10\\\/seminaristas-le-regalaron-una-cancion-a-la-virgen-de-lujan\\\/#primaryimage\"},\"image\":{\"@id\":\"https:\\\/\\\/noticiasmercedinas.com\\\/site\\\/2021\\\/05\\\/10\\\/seminaristas-le-regalaron-una-cancion-a-la-virgen-de-lujan\\\/#primaryimage\"},\"thumbnailUrl\":\"https:\\\/\\\/noticiasmercedinas.com\\\/site\\\/wp-content\\\/uploads\\\/2021\\\/05\\\/manuel_asenzo.jpg\",\"datePublished\":\"2021-05-10T14:20:55+00:00\",\"breadcrumb\":{\"@id\":\"https:\\\/\\\/noticiasmercedinas.com\\\/site\\\/2021\\\/05\\\/10\\\/seminaristas-le-regalaron-una-cancion-a-la-virgen-de-lujan\\\/#breadcrumb\"},\"inLanguage\":\"es\",\"potentialAction\":[{\"@type\":\"ReadAction\",\"target\":[\"https:\\\/\\\/noticiasmercedinas.com\\\/site\\\/2021\\\/05\\\/10\\\/seminaristas-le-regalaron-una-cancion-a-la-virgen-de-lujan\\\/\"]}]},{\"@type\":\"ImageObject\",\"inLanguage\":\"es\",\"@id\":\"https:\\\/\\\/noticiasmercedinas.com\\\/site\\\/2021\\\/05\\\/10\\\/seminaristas-le-regalaron-una-cancion-a-la-virgen-de-lujan\\\/#primaryimage\",\"url\":\"https:\\\/\\\/noticiasmercedinas.com\\\/site\\\/wp-content\\\/uploads\\\/2021\\\/05\\\/manuel_asenzo.jpg\",\"contentUrl\":\"https:\\\/\\\/noticiasmercedinas.com\\\/site\\\/wp-content\\\/uploads\\\/2021\\\/05\\\/manuel_asenzo.jpg\",\"width\":746,\"height\":416},{\"@type\":\"BreadcrumbList\",\"@id\":\"https:\\\/\\\/noticiasmercedinas.com\\\/site\\\/2021\\\/05\\\/10\\\/seminaristas-le-regalaron-una-cancion-a-la-virgen-de-lujan\\\/#breadcrumb\",\"itemListElement\":[{\"@type\":\"ListItem\",\"position\":1,\"name\":\"Portada\",\"item\":\"https:\\\/\\\/noticiasmercedinas.com\\\/site\\\/\"},{\"@type\":\"ListItem\",\"position\":2,\"name\":\"Seminaristas le regalaron una canci\u00f3n a la Virgen de Luj\u00e1n\"}]},{\"@type\":\"WebSite\",\"@id\":\"https:\\\/\\\/noticiasmercedinas.com\\\/site\\\/#website\",\"url\":\"https:\\\/\\\/noticiasmercedinas.com\\\/site\\\/\",\"name\":\"NOTICIASMERCEDINAS.COM\",\"description\":\"Mercedes, Buenos Aires, Argentina\",\"publisher\":{\"@id\":\"https:\\\/\\\/noticiasmercedinas.com\\\/site\\\/#organization\"},\"potentialAction\":[{\"@type\":\"SearchAction\",\"target\":{\"@type\":\"EntryPoint\",\"urlTemplate\":\"https:\\\/\\\/noticiasmercedinas.com\\\/site\\\/?s={search_term_string}\"},\"query-input\":{\"@type\":\"PropertyValueSpecification\",\"valueRequired\":true,\"valueName\":\"search_term_string\"}}],\"inLanguage\":\"es\"},{\"@type\":\"Organization\",\"@id\":\"https:\\\/\\\/noticiasmercedinas.com\\\/site\\\/#organization\",\"name\":\"NOTICIASMERCEDINAS.COM\",\"url\":\"https:\\\/\\\/noticiasmercedinas.com\\\/site\\\/\",\"logo\":{\"@type\":\"ImageObject\",\"inLanguage\":\"es\",\"@id\":\"https:\\\/\\\/noticiasmercedinas.com\\\/site\\\/#\\\/schema\\\/logo\\\/image\\\/\",\"url\":\"https:\\\/\\\/noticiasmercedinas.com\\\/site\\\/wp-content\\\/uploads\\\/2020\\\/06\\\/LOGO-512.jpg\",\"contentUrl\":\"https:\\\/\\\/noticiasmercedinas.com\\\/site\\\/wp-content\\\/uploads\\\/2020\\\/06\\\/LOGO-512.jpg\",\"width\":512,\"height\":512,\"caption\":\"NOTICIASMERCEDINAS.COM\"},\"image\":{\"@id\":\"https:\\\/\\\/noticiasmercedinas.com\\\/site\\\/#\\\/schema\\\/logo\\\/image\\\/\"},\"sameAs\":[\"https:\\\/\\\/www.facebook.com\\\/noticiasmercedinas\\\/\",\"https:\\\/\\\/x.com\\\/notmercedinas\",\"https:\\\/\\\/www.instagram.com\\\/noticiasmercedinas\\\/\"]},{\"@type\":\"Person\",\"@id\":\"https:\\\/\\\/noticiasmercedinas.com\\\/site\\\/#\\\/schema\\\/person\\\/84b59c099c28ff2e8b77d4ceec5d8063\",\"name\":\"NOTICIASMERCEDINAS.COM\",\"image\":{\"@type\":\"ImageObject\",\"inLanguage\":\"es\",\"@id\":\"https:\\\/\\\/secure.gravatar.com\\\/avatar\\\/4dfbf16b4d17945bfb6341b2d19043457132fcf478a5ee04f42e959fd8f5df0a?s=96&d=mm&r=g\",\"url\":\"https:\\\/\\\/secure.gravatar.com\\\/avatar\\\/4dfbf16b4d17945bfb6341b2d19043457132fcf478a5ee04f42e959fd8f5df0a?s=96&d=mm&r=g\",\"contentUrl\":\"https:\\\/\\\/secure.gravatar.com\\\/avatar\\\/4dfbf16b4d17945bfb6341b2d19043457132fcf478a5ee04f42e959fd8f5df0a?s=96&d=mm&r=g\",\"caption\":\"NOTICIASMERCEDINAS.COM\"},\"url\":\"https:\\\/\\\/noticiasmercedinas.com\\\/site\\\/author\\\/anonimo\\\/\"}]}<\/script>\n<!-- \/ Yoast SEO plugin. -->","yoast_head_json":{"title":"Seminaristas le regalaron una canci\u00f3n a la Virgen de Luj\u00e1n","robots":{"index":"index","follow":"follow","max-snippet":"max-snippet:-1","max-image-preview":"max-image-preview:large","max-video-preview":"max-video-preview:-1"},"canonical":"https:\/\/noticiasmercedinas.com\/site\/2021\/05\/10\/seminaristas-le-regalaron-una-cancion-a-la-virgen-de-lujan\/","og_locale":"es_ES","og_type":"article","og_title":"Seminaristas le regalaron una canci\u00f3n a la Virgen de Luj\u00e1n","og_description":"Grabada en Piruca Estudio de la ciudad de Mercedes, la nueva canci\u00f3n de homenaje a la Virgen de Luj\u00e1n ya recorre las redes sociales y est\u00e1 en los hogares de muchas personas, luego de una interesante iniciativa de componerla y difundirla por parte de 4 seminaristas de la arquidi\u00f3cesis, encabezados por el talentoso m\u00fasico suipachense [&hellip;]","og_url":"https:\/\/noticiasmercedinas.com\/site\/2021\/05\/10\/seminaristas-le-regalaron-una-cancion-a-la-virgen-de-lujan\/","og_site_name":"NOTICIASMERCEDINAS.COM","article_publisher":"https:\/\/www.facebook.com\/noticiasmercedinas\/","article_published_time":"2021-05-10T14:20:55+00:00","og_image":[{"width":746,"height":416,"url":"https:\/\/noticiasmercedinas.com\/site\/wp-content\/uploads\/2021\/05\/manuel_asenzo.jpg","type":"image\/jpeg"}],"author":"NOTICIASMERCEDINAS.COM","twitter_card":"summary_large_image","twitter_creator":"@notmercedinas","twitter_site":"@notmercedinas","twitter_misc":{"Escrito por":"NOTICIASMERCEDINAS.COM","Tiempo de lectura":"2 minutos"},"schema":{"@context":"https:\/\/schema.org","@graph":[{"@type":"Article","@id":"https:\/\/noticiasmercedinas.com\/site\/2021\/05\/10\/seminaristas-le-regalaron-una-cancion-a-la-virgen-de-lujan\/#article","isPartOf":{"@id":"https:\/\/noticiasmercedinas.com\/site\/2021\/05\/10\/seminaristas-le-regalaron-una-cancion-a-la-virgen-de-lujan\/"},"author":{"name":"NOTICIASMERCEDINAS.COM","@id":"https:\/\/noticiasmercedinas.com\/site\/#\/schema\/person\/84b59c099c28ff2e8b77d4ceec5d8063"},"headline":"Seminaristas le regalaron una canci\u00f3n a la Virgen de Luj\u00e1n","datePublished":"2021-05-10T14:20:55+00:00","mainEntityOfPage":{"@id":"https:\/\/noticiasmercedinas.com\/site\/2021\/05\/10\/seminaristas-le-regalaron-una-cancion-a-la-virgen-de-lujan\/"},"wordCount":385,"commentCount":0,"publisher":{"@id":"https:\/\/noticiasmercedinas.com\/site\/#organization"},"image":{"@id":"https:\/\/noticiasmercedinas.com\/site\/2021\/05\/10\/seminaristas-le-regalaron-una-cancion-a-la-virgen-de-lujan\/#primaryimage"},"thumbnailUrl":"https:\/\/noticiasmercedinas.com\/site\/wp-content\/uploads\/2021\/05\/manuel_asenzo.jpg","keywords":["Manuel Asenzo","musica","piruca estudio","virgen de lujan"],"articleSection":["Cultura"],"inLanguage":"es","potentialAction":[{"@type":"CommentAction","name":"Comment","target":["https:\/\/noticiasmercedinas.com\/site\/2021\/05\/10\/seminaristas-le-regalaron-una-cancion-a-la-virgen-de-lujan\/#respond"]}]},{"@type":"WebPage","@id":"https:\/\/noticiasmercedinas.com\/site\/2021\/05\/10\/seminaristas-le-regalaron-una-cancion-a-la-virgen-de-lujan\/","url":"https:\/\/noticiasmercedinas.com\/site\/2021\/05\/10\/seminaristas-le-regalaron-una-cancion-a-la-virgen-de-lujan\/","name":"Seminaristas le regalaron una canci\u00f3n a la Virgen de Luj\u00e1n","isPartOf":{"@id":"https:\/\/noticiasmercedinas.com\/site\/#website"},"primaryImageOfPage":{"@id":"https:\/\/noticiasmercedinas.com\/site\/2021\/05\/10\/seminaristas-le-regalaron-una-cancion-a-la-virgen-de-lujan\/#primaryimage"},"image":{"@id":"https:\/\/noticiasmercedinas.com\/site\/2021\/05\/10\/seminaristas-le-regalaron-una-cancion-a-la-virgen-de-lujan\/#primaryimage"},"thumbnailUrl":"https:\/\/noticiasmercedinas.com\/site\/wp-content\/uploads\/2021\/05\/manuel_asenzo.jpg","datePublished":"2021-05-10T14:20:55+00:00","breadcrumb":{"@id":"https:\/\/noticiasmercedinas.com\/site\/2021\/05\/10\/seminaristas-le-regalaron-una-cancion-a-la-virgen-de-lujan\/#breadcrumb"},"inLanguage":"es","potentialAction":[{"@type":"ReadAction","target":["https:\/\/noticiasmercedinas.com\/site\/2021\/05\/10\/seminaristas-le-regalaron-una-cancion-a-la-virgen-de-lujan\/"]}]},{"@type":"ImageObject","inLanguage":"es","@id":"https:\/\/noticiasmercedinas.com\/site\/2021\/05\/10\/seminaristas-le-regalaron-una-cancion-a-la-virgen-de-lujan\/#primaryimage","url":"https:\/\/noticiasmercedinas.com\/site\/wp-content\/uploads\/2021\/05\/manuel_asenzo.jpg","contentUrl":"https:\/\/noticiasmercedinas.com\/site\/wp-content\/uploads\/2021\/05\/manuel_asenzo.jpg","width":746,"height":416},{"@type":"BreadcrumbList","@id":"https:\/\/noticiasmercedinas.com\/site\/2021\/05\/10\/seminaristas-le-regalaron-una-cancion-a-la-virgen-de-lujan\/#breadcrumb","itemListElement":[{"@type":"ListItem","position":1,"name":"Portada","item":"https:\/\/noticiasmercedinas.com\/site\/"},{"@type":"ListItem","position":2,"name":"Seminaristas le regalaron una canci\u00f3n a la Virgen de Luj\u00e1n"}]},{"@type":"WebSite","@id":"https:\/\/noticiasmercedinas.com\/site\/#website","url":"https:\/\/noticiasmercedinas.com\/site\/","name":"NOTICIASMERCEDINAS.COM","description":"Mercedes, Buenos Aires, Argentina","publisher":{"@id":"https:\/\/noticiasmercedinas.com\/site\/#organization"},"potentialAction":[{"@type":"SearchAction","target":{"@type":"EntryPoint","urlTemplate":"https:\/\/noticiasmercedinas.com\/site\/?s={search_term_string}"},"query-input":{"@type":"PropertyValueSpecification","valueRequired":true,"valueName":"search_term_string"}}],"inLanguage":"es"},{"@type":"Organization","@id":"https:\/\/noticiasmercedinas.com\/site\/#organization","name":"NOTICIASMERCEDINAS.COM","url":"https:\/\/noticiasmercedinas.com\/site\/","logo":{"@type":"ImageObject","inLanguage":"es","@id":"https:\/\/noticiasmercedinas.com\/site\/#\/schema\/logo\/image\/","url":"https:\/\/noticiasmercedinas.com\/site\/wp-content\/uploads\/2020\/06\/LOGO-512.jpg","contentUrl":"https:\/\/noticiasmercedinas.com\/site\/wp-content\/uploads\/2020\/06\/LOGO-512.jpg","width":512,"height":512,"caption":"NOTICIASMERCEDINAS.COM"},"image":{"@id":"https:\/\/noticiasmercedinas.com\/site\/#\/schema\/logo\/image\/"},"sameAs":["https:\/\/www.facebook.com\/noticiasmercedinas\/","https:\/\/x.com\/notmercedinas","https:\/\/www.instagram.com\/noticiasmercedinas\/"]},{"@type":"Person","@id":"https:\/\/noticiasmercedinas.com\/site\/#\/schema\/person\/84b59c099c28ff2e8b77d4ceec5d8063","name":"NOTICIASMERCEDINAS.COM","image":{"@type":"ImageObject","inLanguage":"es","@id":"https:\/\/secure.gravatar.com\/avatar\/4dfbf16b4d17945bfb6341b2d19043457132fcf478a5ee04f42e959fd8f5df0a?s=96&d=mm&r=g","url":"https:\/\/secure.gravatar.com\/avatar\/4dfbf16b4d17945bfb6341b2d19043457132fcf478a5ee04f42e959fd8f5df0a?s=96&d=mm&r=g","contentUrl":"https:\/\/secure.gravatar.com\/avatar\/4dfbf16b4d17945bfb6341b2d19043457132fcf478a5ee04f42e959fd8f5df0a?s=96&d=mm&r=g","caption":"NOTICIASMERCEDINAS.COM"},"url":"https:\/\/noticiasmercedinas.com\/site\/author\/anonimo\/"}]}},"amp_enabled":true,"_links":{"self":[{"href":"https:\/\/noticiasmercedinas.com\/site\/wp-json\/wp\/v2\/posts\/67047","targetHints":{"allow":["GET"]}}],"collection":[{"href":"https:\/\/noticiasmercedinas.com\/site\/wp-json\/wp\/v2\/posts"}],"about":[{"href":"https:\/\/noticiasmercedinas.com\/site\/wp-json\/wp\/v2\/types\/post"}],"author":[{"embeddable":true,"href":"https:\/\/noticiasmercedinas.com\/site\/wp-json\/wp\/v2\/users\/16"}],"replies":[{"embeddable":true,"href":"https:\/\/noticiasmercedinas.com\/site\/wp-json\/wp\/v2\/comments?post=67047"}],"version-history":[{"count":1,"href":"https:\/\/noticiasmercedinas.com\/site\/wp-json\/wp\/v2\/posts\/67047\/revisions"}],"predecessor-version":[{"id":67049,"href":"https:\/\/noticiasmercedinas.com\/site\/wp-json\/wp\/v2\/posts\/67047\/revisions\/67049"}],"wp:featuredmedia":[{"embeddable":true,"href":"https:\/\/noticiasmercedinas.com\/site\/wp-json\/wp\/v2\/media\/67048"}],"wp:attachment":[{"href":"https:\/\/noticiasmercedinas.com\/site\/wp-json\/wp\/v2\/media?parent=67047"}],"wp:term":[{"taxonomy":"category","embeddable":true,"href":"https:\/\/noticiasmercedinas.com\/site\/wp-json\/wp\/v2\/categories?post=67047"},{"taxonomy":"post_tag","embeddable":true,"href":"https:\/\/noticiasmercedinas.com\/site\/wp-json\/wp\/v2\/tags?post=67047"}],"curies":[{"name":"wp","href":"https:\/\/api.w.org\/{rel}","templated":true}]}}