{"id":67068,"date":"2021-05-10T15:15:32","date_gmt":"2021-05-10T18:15:32","guid":{"rendered":"https:\/\/noticiasmercedinas.com\/site\/?p=67068"},"modified":"2021-05-10T15:16:17","modified_gmt":"2021-05-10T18:16:17","slug":"ferraresi-firmo-convenios-para-la-implementacion-de-procrear-ii-con-intendentes","status":"publish","type":"post","link":"https:\/\/noticiasmercedinas.com\/site\/2021\/05\/10\/ferraresi-firmo-convenios-para-la-implementacion-de-procrear-ii-con-intendentes\/","title":{"rendered":"Ferraresi firm\u00f3 convenios con intendentes para implementar Procrear II"},"content":{"rendered":"<p><img loading=\"lazy\" decoding=\"async\" class=\"alignnone size-full wp-image-67069\" src=\"https:\/\/noticiasmercedinas.com\/site\/wp-content\/uploads\/2021\/05\/iites.jpg\" alt=\"\" width=\"640\" height=\"347\" srcset=\"https:\/\/noticiasmercedinas.com\/site\/wp-content\/uploads\/2021\/05\/iites.jpg 640w, https:\/\/noticiasmercedinas.com\/site\/wp-content\/uploads\/2021\/05\/iites-300x163.jpg 300w\" sizes=\"auto, (max-width: 640px) 100vw, 640px\" \/><\/p>\n<p>El Ministerio de Desarrollo Territorial y H\u00e1bitat que conduce <strong>Jorge Ferraresi<\/strong> sigue avanzando con medidas que permitan brindar soluciones habitacionales en toda la provincia de Buenos Aires. En Merlo hubo una firma de acuerdos con los jefes comunales de los municipios de la primera secci\u00f3n electoral de la provincia. Estuvo <strong>Juan Ignacio Ustarroz<\/strong>.<\/p>\n<p>Estos acuerdos buscan facilitar las gestiones administrativas necesarias, que permitan optimizar la pol\u00edtica de cr\u00e9ditos y la construcci\u00f3n de viviendas proyectadas por el Gobierno Nacional. El rol de los municipios es asegurar las condiciones para avanzar con obras de infraestructura, aprobaci\u00f3n de planos presentados por las y los beneficiarios, que adem\u00e1s estar\u00e1n exentos del pago de los derechos de construcci\u00f3n y la tasa de visado, y ofrecer un sistema de ventanilla \u00fanica para la realizaci\u00f3n de tr\u00e1mites en el marco del Plan Casa Propia.<\/p>\n<p>Durante el encuentro, Ferraresi explic\u00f3 que \u201cel objetivo de estos acuerdos es lograr una din\u00e1mica m\u00e1s r\u00e1pida y eficiente para todos los tr\u00e1mites requeridos por los programas que impulsamos desde el Ministerio. El trabajo en conjunto con los municipios es fundamental, porque son ellos quienes van a generar una ventanilla \u00fanica donde se puedan llevar a cabo los mismos de forma priorizada y facilitar el trabajo a las familias que buscan acceder a su primera vivienda\u201d.<\/p>\n<p>Los municipios que adhirieron a este convenio son Escobar, General Las Heras, Hurlingham, Ituzaing\u00f3, Luj\u00e1n, Malvinas Argentinas, Marcos Paz, Tigre, San Fernando, General San Mart\u00edn, Mercedes, Moreno, Merlo, Mor\u00f3n y Navarro.<\/p>\n<p><strong>Entrega de viviendas Procrear en Merlo<\/strong><br \/>\nPrevio al encuentro con los intendentes de la primera secci\u00f3n, el ministro Ferraresi, junto al secretario de Desarrollo Territorial, Luciano Scatolini y el intendente de Merlo, Gustavo Men\u00e9ndez, entregaron la llave a 10 familias adjudicatarias del desarrollo urban\u00edstico de Procrear en esta localidad.<\/p>\n<p>Este predio cuenta con un total de 375 unidades habitacionales, de las cuales, tras la entrega de hoy, 70 ya fueron adjudicadas. Las viviendas de Merlo tienen una superficie que va desde los 74 a los 119 m2 seg\u00fan la tipolog\u00eda, con 8 de ellas adaptadas para personas con discapacidad.<\/p>\n<p>Se encuentra ubicado entre las calles Juana Manso, Avenida Argentina y Miguel Sanabria. Cuenta con d\u00faplex de 2 y 3 dormitorios; y viviendas unifamiliares de 2 y 3 dormitorios. Adem\u00e1s, el predio posee excelentes v\u00edas de acceso, cercan\u00eda a diferentes centros educativos, recreativos y de salud, y una completa infraestructura de servicios p\u00fablicos y espacios verdes.<\/p>\n","protected":false},"excerpt":{"rendered":"<p>\u25a0 El ministro Jorge Ferraresi suscribi\u00f3 hoy la firma de convenios de colaboraci\u00f3n en el marco del Procrear II con intendentes de la primera secci\u00f3n, entre ellos el de Mercedes<\/p>\n","protected":false},"author":16,"featured_media":67069,"comment_status":"open","ping_status":"open","sticky":false,"template":"","format":"standard","meta":{"footnotes":""},"categories":[16],"tags":[4223,5626,2965,4696,1029,1077,40,6646,95,23,1590,701,565,253,5348,10611,4698,9702],"class_list":["post-67068","post","type-post","status-publish","format-standard","has-post-thumbnail","hentry","category-politica","tag-escobar","tag-general-las-heras","tag-hurlingham","tag-ituzaingo","tag-jorge-ferraresi","tag-juan-ustarroz","tag-lujan","tag-malvinas-argentinas","tag-marcos-paz","tag-mercedes","tag-merlo","tag-moreno","tag-moron","tag-navarro","tag-procrear","tag-san-fernando","tag-tigre","tag-general-san-martin"],"yoast_head":"<!-- This site is optimized with the Yoast SEO plugin v27.4 - https:\/\/yoast.com\/product\/yoast-seo-wordpress\/ -->\n<title>Ferraresi firm\u00f3 convenios con intendentes para implementar Procrear II<\/title>\n<meta name=\"robots\" content=\"index, follow, max-snippet:-1, max-image-preview:large, max-video-preview:-1\" \/>\n<link rel=\"canonical\" href=\"https:\/\/noticiasmercedinas.com\/site\/2021\/05\/10\/ferraresi-firmo-convenios-para-la-implementacion-de-procrear-ii-con-intendentes\/\" \/>\n<meta property=\"og:locale\" content=\"es_ES\" \/>\n<meta property=\"og:type\" content=\"article\" \/>\n<meta property=\"og:title\" content=\"Ferraresi firm\u00f3 convenios con intendentes para implementar Procrear II\" \/>\n<meta property=\"og:description\" content=\"\u25a0 El ministro Jorge Ferraresi suscribi\u00f3 hoy la firma de convenios de colaboraci\u00f3n en el marco del Procrear II con intendentes de la primera secci\u00f3n, entre ellos el de Mercedes\" \/>\n<meta property=\"og:url\" content=\"https:\/\/noticiasmercedinas.com\/site\/2021\/05\/10\/ferraresi-firmo-convenios-para-la-implementacion-de-procrear-ii-con-intendentes\/\" \/>\n<meta property=\"og:site_name\" content=\"NOTICIASMERCEDINAS.COM\" \/>\n<meta property=\"article:publisher\" content=\"https:\/\/www.facebook.com\/noticiasmercedinas\/\" \/>\n<meta property=\"article:published_time\" content=\"2021-05-10T18:15:32+00:00\" \/>\n<meta property=\"article:modified_time\" content=\"2021-05-10T18:16:17+00:00\" \/>\n<meta property=\"og:image\" content=\"https:\/\/noticiasmercedinas.com\/site\/wp-content\/uploads\/2021\/05\/iites.jpg\" \/>\n\t<meta property=\"og:image:width\" content=\"640\" \/>\n\t<meta property=\"og:image:height\" content=\"347\" \/>\n\t<meta property=\"og:image:type\" content=\"image\/jpeg\" \/>\n<meta name=\"author\" content=\"NOTICIASMERCEDINAS.COM\" \/>\n<meta name=\"twitter:card\" content=\"summary_large_image\" \/>\n<meta name=\"twitter:creator\" content=\"@notmercedinas\" \/>\n<meta name=\"twitter:site\" content=\"@notmercedinas\" \/>\n<meta name=\"twitter:label1\" content=\"Escrito por\" \/>\n\t<meta name=\"twitter:data1\" content=\"NOTICIASMERCEDINAS.COM\" \/>\n\t<meta name=\"twitter:label2\" content=\"Tiempo de lectura\" \/>\n\t<meta name=\"twitter:data2\" content=\"2 minutos\" \/>\n<script type=\"application\/ld+json\" class=\"yoast-schema-graph\">{\"@context\":\"https:\\\/\\\/schema.org\",\"@graph\":[{\"@type\":\"Article\",\"@id\":\"https:\\\/\\\/noticiasmercedinas.com\\\/site\\\/2021\\\/05\\\/10\\\/ferraresi-firmo-convenios-para-la-implementacion-de-procrear-ii-con-intendentes\\\/#article\",\"isPartOf\":{\"@id\":\"https:\\\/\\\/noticiasmercedinas.com\\\/site\\\/2021\\\/05\\\/10\\\/ferraresi-firmo-convenios-para-la-implementacion-de-procrear-ii-con-intendentes\\\/\"},\"author\":{\"name\":\"NOTICIASMERCEDINAS.COM\",\"@id\":\"https:\\\/\\\/noticiasmercedinas.com\\\/site\\\/#\\\/schema\\\/person\\\/84b59c099c28ff2e8b77d4ceec5d8063\"},\"headline\":\"Ferraresi firm\u00f3 convenios con intendentes para implementar Procrear II\",\"datePublished\":\"2021-05-10T18:15:32+00:00\",\"dateModified\":\"2021-05-10T18:16:17+00:00\",\"mainEntityOfPage\":{\"@id\":\"https:\\\/\\\/noticiasmercedinas.com\\\/site\\\/2021\\\/05\\\/10\\\/ferraresi-firmo-convenios-para-la-implementacion-de-procrear-ii-con-intendentes\\\/\"},\"wordCount\":426,\"commentCount\":0,\"publisher\":{\"@id\":\"https:\\\/\\\/noticiasmercedinas.com\\\/site\\\/#organization\"},\"image\":{\"@id\":\"https:\\\/\\\/noticiasmercedinas.com\\\/site\\\/2021\\\/05\\\/10\\\/ferraresi-firmo-convenios-para-la-implementacion-de-procrear-ii-con-intendentes\\\/#primaryimage\"},\"thumbnailUrl\":\"https:\\\/\\\/noticiasmercedinas.com\\\/site\\\/wp-content\\\/uploads\\\/2021\\\/05\\\/iites.jpg\",\"keywords\":[\"escobar\",\"General Las Heras\",\"Hurlingham\",\"Ituzaing\u00f3\",\"Jorge Ferraresi\",\"Juan Ustarroz\",\"lujan\",\"malvinas argentinas\",\"marcos paz\",\"mercedes\",\"merlo\",\"moreno\",\"Mor\u00f3n\",\"navarro\",\"procrear\",\"San Fernando\",\"Tigre\",\"\u00a0 General San Mart\u00edn\"],\"articleSection\":[\"Politica\"],\"inLanguage\":\"es\",\"potentialAction\":[{\"@type\":\"CommentAction\",\"name\":\"Comment\",\"target\":[\"https:\\\/\\\/noticiasmercedinas.com\\\/site\\\/2021\\\/05\\\/10\\\/ferraresi-firmo-convenios-para-la-implementacion-de-procrear-ii-con-intendentes\\\/#respond\"]}]},{\"@type\":\"WebPage\",\"@id\":\"https:\\\/\\\/noticiasmercedinas.com\\\/site\\\/2021\\\/05\\\/10\\\/ferraresi-firmo-convenios-para-la-implementacion-de-procrear-ii-con-intendentes\\\/\",\"url\":\"https:\\\/\\\/noticiasmercedinas.com\\\/site\\\/2021\\\/05\\\/10\\\/ferraresi-firmo-convenios-para-la-implementacion-de-procrear-ii-con-intendentes\\\/\",\"name\":\"Ferraresi firm\u00f3 convenios con intendentes para implementar Procrear II\",\"isPartOf\":{\"@id\":\"https:\\\/\\\/noticiasmercedinas.com\\\/site\\\/#website\"},\"primaryImageOfPage\":{\"@id\":\"https:\\\/\\\/noticiasmercedinas.com\\\/site\\\/2021\\\/05\\\/10\\\/ferraresi-firmo-convenios-para-la-implementacion-de-procrear-ii-con-intendentes\\\/#primaryimage\"},\"image\":{\"@id\":\"https:\\\/\\\/noticiasmercedinas.com\\\/site\\\/2021\\\/05\\\/10\\\/ferraresi-firmo-convenios-para-la-implementacion-de-procrear-ii-con-intendentes\\\/#primaryimage\"},\"thumbnailUrl\":\"https:\\\/\\\/noticiasmercedinas.com\\\/site\\\/wp-content\\\/uploads\\\/2021\\\/05\\\/iites.jpg\",\"datePublished\":\"2021-05-10T18:15:32+00:00\",\"dateModified\":\"2021-05-10T18:16:17+00:00\",\"breadcrumb\":{\"@id\":\"https:\\\/\\\/noticiasmercedinas.com\\\/site\\\/2021\\\/05\\\/10\\\/ferraresi-firmo-convenios-para-la-implementacion-de-procrear-ii-con-intendentes\\\/#breadcrumb\"},\"inLanguage\":\"es\",\"potentialAction\":[{\"@type\":\"ReadAction\",\"target\":[\"https:\\\/\\\/noticiasmercedinas.com\\\/site\\\/2021\\\/05\\\/10\\\/ferraresi-firmo-convenios-para-la-implementacion-de-procrear-ii-con-intendentes\\\/\"]}]},{\"@type\":\"ImageObject\",\"inLanguage\":\"es\",\"@id\":\"https:\\\/\\\/noticiasmercedinas.com\\\/site\\\/2021\\\/05\\\/10\\\/ferraresi-firmo-convenios-para-la-implementacion-de-procrear-ii-con-intendentes\\\/#primaryimage\",\"url\":\"https:\\\/\\\/noticiasmercedinas.com\\\/site\\\/wp-content\\\/uploads\\\/2021\\\/05\\\/iites.jpg\",\"contentUrl\":\"https:\\\/\\\/noticiasmercedinas.com\\\/site\\\/wp-content\\\/uploads\\\/2021\\\/05\\\/iites.jpg\",\"width\":640,\"height\":347},{\"@type\":\"BreadcrumbList\",\"@id\":\"https:\\\/\\\/noticiasmercedinas.com\\\/site\\\/2021\\\/05\\\/10\\\/ferraresi-firmo-convenios-para-la-implementacion-de-procrear-ii-con-intendentes\\\/#breadcrumb\",\"itemListElement\":[{\"@type\":\"ListItem\",\"position\":1,\"name\":\"Portada\",\"item\":\"https:\\\/\\\/noticiasmercedinas.com\\\/site\\\/\"},{\"@type\":\"ListItem\",\"position\":2,\"name\":\"Ferraresi firm\u00f3 convenios con intendentes para implementar Procrear II\"}]},{\"@type\":\"WebSite\",\"@id\":\"https:\\\/\\\/noticiasmercedinas.com\\\/site\\\/#website\",\"url\":\"https:\\\/\\\/noticiasmercedinas.com\\\/site\\\/\",\"name\":\"NOTICIASMERCEDINAS.COM\",\"description\":\"Mercedes, Buenos Aires, Argentina\",\"publisher\":{\"@id\":\"https:\\\/\\\/noticiasmercedinas.com\\\/site\\\/#organization\"},\"potentialAction\":[{\"@type\":\"SearchAction\",\"target\":{\"@type\":\"EntryPoint\",\"urlTemplate\":\"https:\\\/\\\/noticiasmercedinas.com\\\/site\\\/?s={search_term_string}\"},\"query-input\":{\"@type\":\"PropertyValueSpecification\",\"valueRequired\":true,\"valueName\":\"search_term_string\"}}],\"inLanguage\":\"es\"},{\"@type\":\"Organization\",\"@id\":\"https:\\\/\\\/noticiasmercedinas.com\\\/site\\\/#organization\",\"name\":\"NOTICIASMERCEDINAS.COM\",\"url\":\"https:\\\/\\\/noticiasmercedinas.com\\\/site\\\/\",\"logo\":{\"@type\":\"ImageObject\",\"inLanguage\":\"es\",\"@id\":\"https:\\\/\\\/noticiasmercedinas.com\\\/site\\\/#\\\/schema\\\/logo\\\/image\\\/\",\"url\":\"https:\\\/\\\/noticiasmercedinas.com\\\/site\\\/wp-content\\\/uploads\\\/2020\\\/06\\\/LOGO-512.jpg\",\"contentUrl\":\"https:\\\/\\\/noticiasmercedinas.com\\\/site\\\/wp-content\\\/uploads\\\/2020\\\/06\\\/LOGO-512.jpg\",\"width\":512,\"height\":512,\"caption\":\"NOTICIASMERCEDINAS.COM\"},\"image\":{\"@id\":\"https:\\\/\\\/noticiasmercedinas.com\\\/site\\\/#\\\/schema\\\/logo\\\/image\\\/\"},\"sameAs\":[\"https:\\\/\\\/www.facebook.com\\\/noticiasmercedinas\\\/\",\"https:\\\/\\\/x.com\\\/notmercedinas\",\"https:\\\/\\\/www.instagram.com\\\/noticiasmercedinas\\\/\"]},{\"@type\":\"Person\",\"@id\":\"https:\\\/\\\/noticiasmercedinas.com\\\/site\\\/#\\\/schema\\\/person\\\/84b59c099c28ff2e8b77d4ceec5d8063\",\"name\":\"NOTICIASMERCEDINAS.COM\",\"image\":{\"@type\":\"ImageObject\",\"inLanguage\":\"es\",\"@id\":\"https:\\\/\\\/secure.gravatar.com\\\/avatar\\\/4dfbf16b4d17945bfb6341b2d19043457132fcf478a5ee04f42e959fd8f5df0a?s=96&d=mm&r=g\",\"url\":\"https:\\\/\\\/secure.gravatar.com\\\/avatar\\\/4dfbf16b4d17945bfb6341b2d19043457132fcf478a5ee04f42e959fd8f5df0a?s=96&d=mm&r=g\",\"contentUrl\":\"https:\\\/\\\/secure.gravatar.com\\\/avatar\\\/4dfbf16b4d17945bfb6341b2d19043457132fcf478a5ee04f42e959fd8f5df0a?s=96&d=mm&r=g\",\"caption\":\"NOTICIASMERCEDINAS.COM\"},\"url\":\"https:\\\/\\\/noticiasmercedinas.com\\\/site\\\/author\\\/anonimo\\\/\"}]}<\/script>\n<!-- \/ Yoast SEO plugin. -->","yoast_head_json":{"title":"Ferraresi firm\u00f3 convenios con intendentes para implementar Procrear II","robots":{"index":"index","follow":"follow","max-snippet":"max-snippet:-1","max-image-preview":"max-image-preview:large","max-video-preview":"max-video-preview:-1"},"canonical":"https:\/\/noticiasmercedinas.com\/site\/2021\/05\/10\/ferraresi-firmo-convenios-para-la-implementacion-de-procrear-ii-con-intendentes\/","og_locale":"es_ES","og_type":"article","og_title":"Ferraresi firm\u00f3 convenios con intendentes para implementar Procrear II","og_description":"\u25a0 El ministro Jorge Ferraresi suscribi\u00f3 hoy la firma de convenios de colaboraci\u00f3n en el marco del Procrear II con intendentes de la primera secci\u00f3n, entre ellos el de Mercedes","og_url":"https:\/\/noticiasmercedinas.com\/site\/2021\/05\/10\/ferraresi-firmo-convenios-para-la-implementacion-de-procrear-ii-con-intendentes\/","og_site_name":"NOTICIASMERCEDINAS.COM","article_publisher":"https:\/\/www.facebook.com\/noticiasmercedinas\/","article_published_time":"2021-05-10T18:15:32+00:00","article_modified_time":"2021-05-10T18:16:17+00:00","og_image":[{"width":640,"height":347,"url":"https:\/\/noticiasmercedinas.com\/site\/wp-content\/uploads\/2021\/05\/iites.jpg","type":"image\/jpeg"}],"author":"NOTICIASMERCEDINAS.COM","twitter_card":"summary_large_image","twitter_creator":"@notmercedinas","twitter_site":"@notmercedinas","twitter_misc":{"Escrito por":"NOTICIASMERCEDINAS.COM","Tiempo de lectura":"2 minutos"},"schema":{"@context":"https:\/\/schema.org","@graph":[{"@type":"Article","@id":"https:\/\/noticiasmercedinas.com\/site\/2021\/05\/10\/ferraresi-firmo-convenios-para-la-implementacion-de-procrear-ii-con-intendentes\/#article","isPartOf":{"@id":"https:\/\/noticiasmercedinas.com\/site\/2021\/05\/10\/ferraresi-firmo-convenios-para-la-implementacion-de-procrear-ii-con-intendentes\/"},"author":{"name":"NOTICIASMERCEDINAS.COM","@id":"https:\/\/noticiasmercedinas.com\/site\/#\/schema\/person\/84b59c099c28ff2e8b77d4ceec5d8063"},"headline":"Ferraresi firm\u00f3 convenios con intendentes para implementar Procrear II","datePublished":"2021-05-10T18:15:32+00:00","dateModified":"2021-05-10T18:16:17+00:00","mainEntityOfPage":{"@id":"https:\/\/noticiasmercedinas.com\/site\/2021\/05\/10\/ferraresi-firmo-convenios-para-la-implementacion-de-procrear-ii-con-intendentes\/"},"wordCount":426,"commentCount":0,"publisher":{"@id":"https:\/\/noticiasmercedinas.com\/site\/#organization"},"image":{"@id":"https:\/\/noticiasmercedinas.com\/site\/2021\/05\/10\/ferraresi-firmo-convenios-para-la-implementacion-de-procrear-ii-con-intendentes\/#primaryimage"},"thumbnailUrl":"https:\/\/noticiasmercedinas.com\/site\/wp-content\/uploads\/2021\/05\/iites.jpg","keywords":["escobar","General Las Heras","Hurlingham","Ituzaing\u00f3","Jorge Ferraresi","Juan Ustarroz","lujan","malvinas argentinas","marcos paz","mercedes","merlo","moreno","Mor\u00f3n","navarro","procrear","San Fernando","Tigre","\u00a0 General San Mart\u00edn"],"articleSection":["Politica"],"inLanguage":"es","potentialAction":[{"@type":"CommentAction","name":"Comment","target":["https:\/\/noticiasmercedinas.com\/site\/2021\/05\/10\/ferraresi-firmo-convenios-para-la-implementacion-de-procrear-ii-con-intendentes\/#respond"]}]},{"@type":"WebPage","@id":"https:\/\/noticiasmercedinas.com\/site\/2021\/05\/10\/ferraresi-firmo-convenios-para-la-implementacion-de-procrear-ii-con-intendentes\/","url":"https:\/\/noticiasmercedinas.com\/site\/2021\/05\/10\/ferraresi-firmo-convenios-para-la-implementacion-de-procrear-ii-con-intendentes\/","name":"Ferraresi firm\u00f3 convenios con intendentes para implementar Procrear II","isPartOf":{"@id":"https:\/\/noticiasmercedinas.com\/site\/#website"},"primaryImageOfPage":{"@id":"https:\/\/noticiasmercedinas.com\/site\/2021\/05\/10\/ferraresi-firmo-convenios-para-la-implementacion-de-procrear-ii-con-intendentes\/#primaryimage"},"image":{"@id":"https:\/\/noticiasmercedinas.com\/site\/2021\/05\/10\/ferraresi-firmo-convenios-para-la-implementacion-de-procrear-ii-con-intendentes\/#primaryimage"},"thumbnailUrl":"https:\/\/noticiasmercedinas.com\/site\/wp-content\/uploads\/2021\/05\/iites.jpg","datePublished":"2021-05-10T18:15:32+00:00","dateModified":"2021-05-10T18:16:17+00:00","breadcrumb":{"@id":"https:\/\/noticiasmercedinas.com\/site\/2021\/05\/10\/ferraresi-firmo-convenios-para-la-implementacion-de-procrear-ii-con-intendentes\/#breadcrumb"},"inLanguage":"es","potentialAction":[{"@type":"ReadAction","target":["https:\/\/noticiasmercedinas.com\/site\/2021\/05\/10\/ferraresi-firmo-convenios-para-la-implementacion-de-procrear-ii-con-intendentes\/"]}]},{"@type":"ImageObject","inLanguage":"es","@id":"https:\/\/noticiasmercedinas.com\/site\/2021\/05\/10\/ferraresi-firmo-convenios-para-la-implementacion-de-procrear-ii-con-intendentes\/#primaryimage","url":"https:\/\/noticiasmercedinas.com\/site\/wp-content\/uploads\/2021\/05\/iites.jpg","contentUrl":"https:\/\/noticiasmercedinas.com\/site\/wp-content\/uploads\/2021\/05\/iites.jpg","width":640,"height":347},{"@type":"BreadcrumbList","@id":"https:\/\/noticiasmercedinas.com\/site\/2021\/05\/10\/ferraresi-firmo-convenios-para-la-implementacion-de-procrear-ii-con-intendentes\/#breadcrumb","itemListElement":[{"@type":"ListItem","position":1,"name":"Portada","item":"https:\/\/noticiasmercedinas.com\/site\/"},{"@type":"ListItem","position":2,"name":"Ferraresi firm\u00f3 convenios con intendentes para implementar Procrear II"}]},{"@type":"WebSite","@id":"https:\/\/noticiasmercedinas.com\/site\/#website","url":"https:\/\/noticiasmercedinas.com\/site\/","name":"NOTICIASMERCEDINAS.COM","description":"Mercedes, Buenos Aires, Argentina","publisher":{"@id":"https:\/\/noticiasmercedinas.com\/site\/#organization"},"potentialAction":[{"@type":"SearchAction","target":{"@type":"EntryPoint","urlTemplate":"https:\/\/noticiasmercedinas.com\/site\/?s={search_term_string}"},"query-input":{"@type":"PropertyValueSpecification","valueRequired":true,"valueName":"search_term_string"}}],"inLanguage":"es"},{"@type":"Organization","@id":"https:\/\/noticiasmercedinas.com\/site\/#organization","name":"NOTICIASMERCEDINAS.COM","url":"https:\/\/noticiasmercedinas.com\/site\/","logo":{"@type":"ImageObject","inLanguage":"es","@id":"https:\/\/noticiasmercedinas.com\/site\/#\/schema\/logo\/image\/","url":"https:\/\/noticiasmercedinas.com\/site\/wp-content\/uploads\/2020\/06\/LOGO-512.jpg","contentUrl":"https:\/\/noticiasmercedinas.com\/site\/wp-content\/uploads\/2020\/06\/LOGO-512.jpg","width":512,"height":512,"caption":"NOTICIASMERCEDINAS.COM"},"image":{"@id":"https:\/\/noticiasmercedinas.com\/site\/#\/schema\/logo\/image\/"},"sameAs":["https:\/\/www.facebook.com\/noticiasmercedinas\/","https:\/\/x.com\/notmercedinas","https:\/\/www.instagram.com\/noticiasmercedinas\/"]},{"@type":"Person","@id":"https:\/\/noticiasmercedinas.com\/site\/#\/schema\/person\/84b59c099c28ff2e8b77d4ceec5d8063","name":"NOTICIASMERCEDINAS.COM","image":{"@type":"ImageObject","inLanguage":"es","@id":"https:\/\/secure.gravatar.com\/avatar\/4dfbf16b4d17945bfb6341b2d19043457132fcf478a5ee04f42e959fd8f5df0a?s=96&d=mm&r=g","url":"https:\/\/secure.gravatar.com\/avatar\/4dfbf16b4d17945bfb6341b2d19043457132fcf478a5ee04f42e959fd8f5df0a?s=96&d=mm&r=g","contentUrl":"https:\/\/secure.gravatar.com\/avatar\/4dfbf16b4d17945bfb6341b2d19043457132fcf478a5ee04f42e959fd8f5df0a?s=96&d=mm&r=g","caption":"NOTICIASMERCEDINAS.COM"},"url":"https:\/\/noticiasmercedinas.com\/site\/author\/anonimo\/"}]}},"amp_enabled":true,"_links":{"self":[{"href":"https:\/\/noticiasmercedinas.com\/site\/wp-json\/wp\/v2\/posts\/67068","targetHints":{"allow":["GET"]}}],"collection":[{"href":"https:\/\/noticiasmercedinas.com\/site\/wp-json\/wp\/v2\/posts"}],"about":[{"href":"https:\/\/noticiasmercedinas.com\/site\/wp-json\/wp\/v2\/types\/post"}],"author":[{"embeddable":true,"href":"https:\/\/noticiasmercedinas.com\/site\/wp-json\/wp\/v2\/users\/16"}],"replies":[{"embeddable":true,"href":"https:\/\/noticiasmercedinas.com\/site\/wp-json\/wp\/v2\/comments?post=67068"}],"version-history":[{"count":3,"href":"https:\/\/noticiasmercedinas.com\/site\/wp-json\/wp\/v2\/posts\/67068\/revisions"}],"predecessor-version":[{"id":67072,"href":"https:\/\/noticiasmercedinas.com\/site\/wp-json\/wp\/v2\/posts\/67068\/revisions\/67072"}],"wp:featuredmedia":[{"embeddable":true,"href":"https:\/\/noticiasmercedinas.com\/site\/wp-json\/wp\/v2\/media\/67069"}],"wp:attachment":[{"href":"https:\/\/noticiasmercedinas.com\/site\/wp-json\/wp\/v2\/media?parent=67068"}],"wp:term":[{"taxonomy":"category","embeddable":true,"href":"https:\/\/noticiasmercedinas.com\/site\/wp-json\/wp\/v2\/categories?post=67068"},{"taxonomy":"post_tag","embeddable":true,"href":"https:\/\/noticiasmercedinas.com\/site\/wp-json\/wp\/v2\/tags?post=67068"}],"curies":[{"name":"wp","href":"https:\/\/api.w.org\/{rel}","templated":true}]}}