{"id":67409,"date":"2021-05-15T20:40:49","date_gmt":"2021-05-15T23:40:49","guid":{"rendered":"https:\/\/noticiasmercedinas.com\/site\/?p=67409"},"modified":"2021-05-15T20:41:09","modified_gmt":"2021-05-15T23:41:09","slug":"peticion-particular-para-instalar-contenedores-de-ropa-usada-llega-al-concejo","status":"publish","type":"post","link":"https:\/\/noticiasmercedinas.com\/site\/2021\/05\/15\/peticion-particular-para-instalar-contenedores-de-ropa-usada-llega-al-concejo\/","title":{"rendered":"Petici\u00f3n para instalar contenedores de ropa usada llega al Concejo"},"content":{"rendered":"<figure id=\"attachment_22090\" aria-describedby=\"caption-attachment-22090\" style=\"width: 640px\" class=\"wp-caption alignnone\"><img loading=\"lazy\" decoding=\"async\" class=\"wp-image-22090 size-full\" src=\"https:\/\/noticiasmercedinas.com\/site\/wp-content\/uploads\/2019\/06\/veron.png\" alt=\"\" width=\"640\" height=\"440\" srcset=\"https:\/\/noticiasmercedinas.com\/site\/wp-content\/uploads\/2019\/06\/veron.png 640w, https:\/\/noticiasmercedinas.com\/site\/wp-content\/uploads\/2019\/06\/veron-300x206.png 300w\" sizes=\"auto, (max-width: 640px) 100vw, 640px\" \/><figcaption id=\"caption-attachment-22090\" class=\"wp-caption-text\">Miguel Ver\u00f3n, concejal mandato cumplido que realiza la petici\u00f3n<\/figcaption><\/figure>\n<p>Se present\u00f3 en el Concejo Deliberante una petici\u00f3n particular para que se instalen contenedores de ropa en desuso en distintos \u00e1mbitos de la ciudad, que pueden ser \u00fatiles a quienes desechen estos elementos y puedan ser aprovechados por otros que los necesiten.<\/p>\n<p>El planteo fue presentado por el concejal mandato cumplido <strong>Miguel Ver\u00f3n<\/strong>, quien se inspira en lo visto en algunos pa\u00edses como Espa\u00f1a o en la provincia de C\u00f3rdoba, donde se han implementado contenedores herm\u00e9ticos para alojar bolsones con ropas y abrigos.<\/p>\n<p>\u201cEstamos transitando el oto\u00f1o &#8211; invierno con muy bajas temperaturas\u201d, recuerda Ver\u00f3n y plantea a los ediles que en la actualidad la ropa de abrigo est\u00e1 en valores muy altos, lo que \u201chace imposible que much\u00edsimas personas pueden acceder a ellas\u201d.<\/p>\n<p>Por otra parte se\u00f1ala que muchas personas y familias poseen ropa de abrigo en muy buen estado y que en Mercedes hay entidades que se ocupan de proveer de ropa a los sectores m\u00e1s humildes, como Caritas, Los Vicentinos, Iglesia Metodista y roperitos barriales.<\/p>\n<p>\u201cPara muchos vecinos, no es f\u00e1cil ponerse en contacto con estas entidades, por distintos motivos horarios, forma de trasladar la ropa que disponen\u201d, precisa Ver\u00f3n. \u201cEstos vecinos con muy buena intenci\u00f3n lo colocan en bolsones prolijamente embaladas, en los contenedores de basura dispuestos en el casco c\u00e9ntrico, comprendida entre las 4 avenidas principales 1, 47,2 y 40\u201d, apunta pero marca que en esos contenedores \u201clos bolsones se contaminan con la basura org\u00e1nica, ah\u00ed o luego cuando los contenedores son descargados en el basural, se rompen las bolsas de polietileno\u201d.<\/p>\n<p>Lo que solicita entonces mediante una carta dirigida al presidente del Concejo, Mat\u00edas Dematei, es que se establezca o sancione una ordenanza para la colocaci\u00f3n en el espacio p\u00fablico, como plazas y avenidas, de contenedores herm\u00e9ticos, con una boca para recibir bolsones de ropa y abrigos, estandarizas, para su estiba o manejo manual.<\/p>\n<p>Y que tambi\u00e9n \u201cse establezca un padr\u00f3n de entidades y roperitos barriales, a quienes se les asignar\u00e1 toda la ropa que los ciudadanos donen. Como as\u00ed tambi\u00e9n al \u00e1rea de Desarrollo Social y Casa del Ni\u00f1o, donde acude mucha gente humilde solicitando asistencia, en este caso de indumentaria\u201d.<\/p>\n","protected":false},"excerpt":{"rendered":"<p>\u25a0 Se inspira en lo visto en algunos pa\u00edses y en la provincia de C\u00f3rdoba. La idea es que la ropa pueda ser aprovechada y no se contamine con la basura com\u00fan. Adem\u00e1s, que se cree un registro.<\/p>\n","protected":false},"author":16,"featured_media":22090,"comment_status":"open","ping_status":"open","sticky":false,"template":"","format":"standard","meta":{"footnotes":""},"categories":[16],"tags":[11611,5477,1183],"class_list":["post-67409","post","type-post","status-publish","format-standard","has-post-thumbnail","hentry","category-politica","tag-concejo-deliberente","tag-miguel-veron","tag-ropa"],"yoast_head":"<!-- This site is optimized with the Yoast SEO plugin v27.4 - https:\/\/yoast.com\/product\/yoast-seo-wordpress\/ -->\n<title>Petici\u00f3n para instalar contenedores de ropa usada llega al Concejo<\/title>\n<meta name=\"robots\" content=\"index, follow, max-snippet:-1, max-image-preview:large, max-video-preview:-1\" \/>\n<link rel=\"canonical\" href=\"https:\/\/noticiasmercedinas.com\/site\/2021\/05\/15\/peticion-particular-para-instalar-contenedores-de-ropa-usada-llega-al-concejo\/\" \/>\n<meta property=\"og:locale\" content=\"es_ES\" \/>\n<meta property=\"og:type\" content=\"article\" \/>\n<meta property=\"og:title\" content=\"Petici\u00f3n para instalar contenedores de ropa usada llega al Concejo\" \/>\n<meta property=\"og:description\" content=\"\u25a0 Se inspira en lo visto en algunos pa\u00edses y en la provincia de C\u00f3rdoba. La idea es que la ropa pueda ser aprovechada y no se contamine con la basura com\u00fan. Adem\u00e1s, que se cree un registro.\" \/>\n<meta property=\"og:url\" content=\"https:\/\/noticiasmercedinas.com\/site\/2021\/05\/15\/peticion-particular-para-instalar-contenedores-de-ropa-usada-llega-al-concejo\/\" \/>\n<meta property=\"og:site_name\" content=\"NOTICIASMERCEDINAS.COM\" \/>\n<meta property=\"article:publisher\" content=\"https:\/\/www.facebook.com\/noticiasmercedinas\/\" \/>\n<meta property=\"article:published_time\" content=\"2021-05-15T23:40:49+00:00\" \/>\n<meta property=\"article:modified_time\" content=\"2021-05-15T23:41:09+00:00\" \/>\n<meta property=\"og:image\" content=\"https:\/\/noticiasmercedinas.com\/site\/wp-content\/uploads\/2019\/06\/veron.png\" \/>\n\t<meta property=\"og:image:width\" content=\"640\" \/>\n\t<meta property=\"og:image:height\" content=\"440\" \/>\n\t<meta property=\"og:image:type\" content=\"image\/png\" \/>\n<meta name=\"author\" content=\"NOTICIASMERCEDINAS.COM\" \/>\n<meta name=\"twitter:card\" content=\"summary_large_image\" \/>\n<meta name=\"twitter:creator\" content=\"@notmercedinas\" \/>\n<meta name=\"twitter:site\" content=\"@notmercedinas\" \/>\n<meta name=\"twitter:label1\" content=\"Escrito por\" \/>\n\t<meta name=\"twitter:data1\" content=\"NOTICIASMERCEDINAS.COM\" \/>\n\t<meta name=\"twitter:label2\" content=\"Tiempo de lectura\" \/>\n\t<meta name=\"twitter:data2\" content=\"2 minutos\" \/>\n<script type=\"application\/ld+json\" class=\"yoast-schema-graph\">{\"@context\":\"https:\\\/\\\/schema.org\",\"@graph\":[{\"@type\":\"Article\",\"@id\":\"https:\\\/\\\/noticiasmercedinas.com\\\/site\\\/2021\\\/05\\\/15\\\/peticion-particular-para-instalar-contenedores-de-ropa-usada-llega-al-concejo\\\/#article\",\"isPartOf\":{\"@id\":\"https:\\\/\\\/noticiasmercedinas.com\\\/site\\\/2021\\\/05\\\/15\\\/peticion-particular-para-instalar-contenedores-de-ropa-usada-llega-al-concejo\\\/\"},\"author\":{\"name\":\"NOTICIASMERCEDINAS.COM\",\"@id\":\"https:\\\/\\\/noticiasmercedinas.com\\\/site\\\/#\\\/schema\\\/person\\\/84b59c099c28ff2e8b77d4ceec5d8063\"},\"headline\":\"Petici\u00f3n para instalar contenedores de ropa usada llega al Concejo\",\"datePublished\":\"2021-05-15T23:40:49+00:00\",\"dateModified\":\"2021-05-15T23:41:09+00:00\",\"mainEntityOfPage\":{\"@id\":\"https:\\\/\\\/noticiasmercedinas.com\\\/site\\\/2021\\\/05\\\/15\\\/peticion-particular-para-instalar-contenedores-de-ropa-usada-llega-al-concejo\\\/\"},\"wordCount\":407,\"commentCount\":0,\"publisher\":{\"@id\":\"https:\\\/\\\/noticiasmercedinas.com\\\/site\\\/#organization\"},\"image\":{\"@id\":\"https:\\\/\\\/noticiasmercedinas.com\\\/site\\\/2021\\\/05\\\/15\\\/peticion-particular-para-instalar-contenedores-de-ropa-usada-llega-al-concejo\\\/#primaryimage\"},\"thumbnailUrl\":\"https:\\\/\\\/noticiasmercedinas.com\\\/site\\\/wp-content\\\/uploads\\\/2019\\\/06\\\/veron.png\",\"keywords\":[\"concejo deliberente\",\"Miguel ver\u00f3n\",\"ropa\"],\"articleSection\":[\"Politica\"],\"inLanguage\":\"es\",\"potentialAction\":[{\"@type\":\"CommentAction\",\"name\":\"Comment\",\"target\":[\"https:\\\/\\\/noticiasmercedinas.com\\\/site\\\/2021\\\/05\\\/15\\\/peticion-particular-para-instalar-contenedores-de-ropa-usada-llega-al-concejo\\\/#respond\"]}]},{\"@type\":\"WebPage\",\"@id\":\"https:\\\/\\\/noticiasmercedinas.com\\\/site\\\/2021\\\/05\\\/15\\\/peticion-particular-para-instalar-contenedores-de-ropa-usada-llega-al-concejo\\\/\",\"url\":\"https:\\\/\\\/noticiasmercedinas.com\\\/site\\\/2021\\\/05\\\/15\\\/peticion-particular-para-instalar-contenedores-de-ropa-usada-llega-al-concejo\\\/\",\"name\":\"Petici\u00f3n para instalar contenedores de ropa usada llega al Concejo\",\"isPartOf\":{\"@id\":\"https:\\\/\\\/noticiasmercedinas.com\\\/site\\\/#website\"},\"primaryImageOfPage\":{\"@id\":\"https:\\\/\\\/noticiasmercedinas.com\\\/site\\\/2021\\\/05\\\/15\\\/peticion-particular-para-instalar-contenedores-de-ropa-usada-llega-al-concejo\\\/#primaryimage\"},\"image\":{\"@id\":\"https:\\\/\\\/noticiasmercedinas.com\\\/site\\\/2021\\\/05\\\/15\\\/peticion-particular-para-instalar-contenedores-de-ropa-usada-llega-al-concejo\\\/#primaryimage\"},\"thumbnailUrl\":\"https:\\\/\\\/noticiasmercedinas.com\\\/site\\\/wp-content\\\/uploads\\\/2019\\\/06\\\/veron.png\",\"datePublished\":\"2021-05-15T23:40:49+00:00\",\"dateModified\":\"2021-05-15T23:41:09+00:00\",\"breadcrumb\":{\"@id\":\"https:\\\/\\\/noticiasmercedinas.com\\\/site\\\/2021\\\/05\\\/15\\\/peticion-particular-para-instalar-contenedores-de-ropa-usada-llega-al-concejo\\\/#breadcrumb\"},\"inLanguage\":\"es\",\"potentialAction\":[{\"@type\":\"ReadAction\",\"target\":[\"https:\\\/\\\/noticiasmercedinas.com\\\/site\\\/2021\\\/05\\\/15\\\/peticion-particular-para-instalar-contenedores-de-ropa-usada-llega-al-concejo\\\/\"]}]},{\"@type\":\"ImageObject\",\"inLanguage\":\"es\",\"@id\":\"https:\\\/\\\/noticiasmercedinas.com\\\/site\\\/2021\\\/05\\\/15\\\/peticion-particular-para-instalar-contenedores-de-ropa-usada-llega-al-concejo\\\/#primaryimage\",\"url\":\"https:\\\/\\\/noticiasmercedinas.com\\\/site\\\/wp-content\\\/uploads\\\/2019\\\/06\\\/veron.png\",\"contentUrl\":\"https:\\\/\\\/noticiasmercedinas.com\\\/site\\\/wp-content\\\/uploads\\\/2019\\\/06\\\/veron.png\",\"width\":640,\"height\":440},{\"@type\":\"BreadcrumbList\",\"@id\":\"https:\\\/\\\/noticiasmercedinas.com\\\/site\\\/2021\\\/05\\\/15\\\/peticion-particular-para-instalar-contenedores-de-ropa-usada-llega-al-concejo\\\/#breadcrumb\",\"itemListElement\":[{\"@type\":\"ListItem\",\"position\":1,\"name\":\"Portada\",\"item\":\"https:\\\/\\\/noticiasmercedinas.com\\\/site\\\/\"},{\"@type\":\"ListItem\",\"position\":2,\"name\":\"Petici\u00f3n para instalar contenedores de ropa usada llega al Concejo\"}]},{\"@type\":\"WebSite\",\"@id\":\"https:\\\/\\\/noticiasmercedinas.com\\\/site\\\/#website\",\"url\":\"https:\\\/\\\/noticiasmercedinas.com\\\/site\\\/\",\"name\":\"NOTICIASMERCEDINAS.COM\",\"description\":\"Mercedes, Buenos Aires, Argentina\",\"publisher\":{\"@id\":\"https:\\\/\\\/noticiasmercedinas.com\\\/site\\\/#organization\"},\"potentialAction\":[{\"@type\":\"SearchAction\",\"target\":{\"@type\":\"EntryPoint\",\"urlTemplate\":\"https:\\\/\\\/noticiasmercedinas.com\\\/site\\\/?s={search_term_string}\"},\"query-input\":{\"@type\":\"PropertyValueSpecification\",\"valueRequired\":true,\"valueName\":\"search_term_string\"}}],\"inLanguage\":\"es\"},{\"@type\":\"Organization\",\"@id\":\"https:\\\/\\\/noticiasmercedinas.com\\\/site\\\/#organization\",\"name\":\"NOTICIASMERCEDINAS.COM\",\"url\":\"https:\\\/\\\/noticiasmercedinas.com\\\/site\\\/\",\"logo\":{\"@type\":\"ImageObject\",\"inLanguage\":\"es\",\"@id\":\"https:\\\/\\\/noticiasmercedinas.com\\\/site\\\/#\\\/schema\\\/logo\\\/image\\\/\",\"url\":\"https:\\\/\\\/noticiasmercedinas.com\\\/site\\\/wp-content\\\/uploads\\\/2020\\\/06\\\/LOGO-512.jpg\",\"contentUrl\":\"https:\\\/\\\/noticiasmercedinas.com\\\/site\\\/wp-content\\\/uploads\\\/2020\\\/06\\\/LOGO-512.jpg\",\"width\":512,\"height\":512,\"caption\":\"NOTICIASMERCEDINAS.COM\"},\"image\":{\"@id\":\"https:\\\/\\\/noticiasmercedinas.com\\\/site\\\/#\\\/schema\\\/logo\\\/image\\\/\"},\"sameAs\":[\"https:\\\/\\\/www.facebook.com\\\/noticiasmercedinas\\\/\",\"https:\\\/\\\/x.com\\\/notmercedinas\",\"https:\\\/\\\/www.instagram.com\\\/noticiasmercedinas\\\/\"]},{\"@type\":\"Person\",\"@id\":\"https:\\\/\\\/noticiasmercedinas.com\\\/site\\\/#\\\/schema\\\/person\\\/84b59c099c28ff2e8b77d4ceec5d8063\",\"name\":\"NOTICIASMERCEDINAS.COM\",\"image\":{\"@type\":\"ImageObject\",\"inLanguage\":\"es\",\"@id\":\"https:\\\/\\\/secure.gravatar.com\\\/avatar\\\/4dfbf16b4d17945bfb6341b2d19043457132fcf478a5ee04f42e959fd8f5df0a?s=96&d=mm&r=g\",\"url\":\"https:\\\/\\\/secure.gravatar.com\\\/avatar\\\/4dfbf16b4d17945bfb6341b2d19043457132fcf478a5ee04f42e959fd8f5df0a?s=96&d=mm&r=g\",\"contentUrl\":\"https:\\\/\\\/secure.gravatar.com\\\/avatar\\\/4dfbf16b4d17945bfb6341b2d19043457132fcf478a5ee04f42e959fd8f5df0a?s=96&d=mm&r=g\",\"caption\":\"NOTICIASMERCEDINAS.COM\"},\"url\":\"https:\\\/\\\/noticiasmercedinas.com\\\/site\\\/author\\\/anonimo\\\/\"}]}<\/script>\n<!-- \/ Yoast SEO plugin. -->","yoast_head_json":{"title":"Petici\u00f3n para instalar contenedores de ropa usada llega al Concejo","robots":{"index":"index","follow":"follow","max-snippet":"max-snippet:-1","max-image-preview":"max-image-preview:large","max-video-preview":"max-video-preview:-1"},"canonical":"https:\/\/noticiasmercedinas.com\/site\/2021\/05\/15\/peticion-particular-para-instalar-contenedores-de-ropa-usada-llega-al-concejo\/","og_locale":"es_ES","og_type":"article","og_title":"Petici\u00f3n para instalar contenedores de ropa usada llega al Concejo","og_description":"\u25a0 Se inspira en lo visto en algunos pa\u00edses y en la provincia de C\u00f3rdoba. La idea es que la ropa pueda ser aprovechada y no se contamine con la basura com\u00fan. Adem\u00e1s, que se cree un registro.","og_url":"https:\/\/noticiasmercedinas.com\/site\/2021\/05\/15\/peticion-particular-para-instalar-contenedores-de-ropa-usada-llega-al-concejo\/","og_site_name":"NOTICIASMERCEDINAS.COM","article_publisher":"https:\/\/www.facebook.com\/noticiasmercedinas\/","article_published_time":"2021-05-15T23:40:49+00:00","article_modified_time":"2021-05-15T23:41:09+00:00","og_image":[{"width":640,"height":440,"url":"https:\/\/noticiasmercedinas.com\/site\/wp-content\/uploads\/2019\/06\/veron.png","type":"image\/png"}],"author":"NOTICIASMERCEDINAS.COM","twitter_card":"summary_large_image","twitter_creator":"@notmercedinas","twitter_site":"@notmercedinas","twitter_misc":{"Escrito por":"NOTICIASMERCEDINAS.COM","Tiempo de lectura":"2 minutos"},"schema":{"@context":"https:\/\/schema.org","@graph":[{"@type":"Article","@id":"https:\/\/noticiasmercedinas.com\/site\/2021\/05\/15\/peticion-particular-para-instalar-contenedores-de-ropa-usada-llega-al-concejo\/#article","isPartOf":{"@id":"https:\/\/noticiasmercedinas.com\/site\/2021\/05\/15\/peticion-particular-para-instalar-contenedores-de-ropa-usada-llega-al-concejo\/"},"author":{"name":"NOTICIASMERCEDINAS.COM","@id":"https:\/\/noticiasmercedinas.com\/site\/#\/schema\/person\/84b59c099c28ff2e8b77d4ceec5d8063"},"headline":"Petici\u00f3n para instalar contenedores de ropa usada llega al Concejo","datePublished":"2021-05-15T23:40:49+00:00","dateModified":"2021-05-15T23:41:09+00:00","mainEntityOfPage":{"@id":"https:\/\/noticiasmercedinas.com\/site\/2021\/05\/15\/peticion-particular-para-instalar-contenedores-de-ropa-usada-llega-al-concejo\/"},"wordCount":407,"commentCount":0,"publisher":{"@id":"https:\/\/noticiasmercedinas.com\/site\/#organization"},"image":{"@id":"https:\/\/noticiasmercedinas.com\/site\/2021\/05\/15\/peticion-particular-para-instalar-contenedores-de-ropa-usada-llega-al-concejo\/#primaryimage"},"thumbnailUrl":"https:\/\/noticiasmercedinas.com\/site\/wp-content\/uploads\/2019\/06\/veron.png","keywords":["concejo deliberente","Miguel ver\u00f3n","ropa"],"articleSection":["Politica"],"inLanguage":"es","potentialAction":[{"@type":"CommentAction","name":"Comment","target":["https:\/\/noticiasmercedinas.com\/site\/2021\/05\/15\/peticion-particular-para-instalar-contenedores-de-ropa-usada-llega-al-concejo\/#respond"]}]},{"@type":"WebPage","@id":"https:\/\/noticiasmercedinas.com\/site\/2021\/05\/15\/peticion-particular-para-instalar-contenedores-de-ropa-usada-llega-al-concejo\/","url":"https:\/\/noticiasmercedinas.com\/site\/2021\/05\/15\/peticion-particular-para-instalar-contenedores-de-ropa-usada-llega-al-concejo\/","name":"Petici\u00f3n para instalar contenedores de ropa usada llega al Concejo","isPartOf":{"@id":"https:\/\/noticiasmercedinas.com\/site\/#website"},"primaryImageOfPage":{"@id":"https:\/\/noticiasmercedinas.com\/site\/2021\/05\/15\/peticion-particular-para-instalar-contenedores-de-ropa-usada-llega-al-concejo\/#primaryimage"},"image":{"@id":"https:\/\/noticiasmercedinas.com\/site\/2021\/05\/15\/peticion-particular-para-instalar-contenedores-de-ropa-usada-llega-al-concejo\/#primaryimage"},"thumbnailUrl":"https:\/\/noticiasmercedinas.com\/site\/wp-content\/uploads\/2019\/06\/veron.png","datePublished":"2021-05-15T23:40:49+00:00","dateModified":"2021-05-15T23:41:09+00:00","breadcrumb":{"@id":"https:\/\/noticiasmercedinas.com\/site\/2021\/05\/15\/peticion-particular-para-instalar-contenedores-de-ropa-usada-llega-al-concejo\/#breadcrumb"},"inLanguage":"es","potentialAction":[{"@type":"ReadAction","target":["https:\/\/noticiasmercedinas.com\/site\/2021\/05\/15\/peticion-particular-para-instalar-contenedores-de-ropa-usada-llega-al-concejo\/"]}]},{"@type":"ImageObject","inLanguage":"es","@id":"https:\/\/noticiasmercedinas.com\/site\/2021\/05\/15\/peticion-particular-para-instalar-contenedores-de-ropa-usada-llega-al-concejo\/#primaryimage","url":"https:\/\/noticiasmercedinas.com\/site\/wp-content\/uploads\/2019\/06\/veron.png","contentUrl":"https:\/\/noticiasmercedinas.com\/site\/wp-content\/uploads\/2019\/06\/veron.png","width":640,"height":440},{"@type":"BreadcrumbList","@id":"https:\/\/noticiasmercedinas.com\/site\/2021\/05\/15\/peticion-particular-para-instalar-contenedores-de-ropa-usada-llega-al-concejo\/#breadcrumb","itemListElement":[{"@type":"ListItem","position":1,"name":"Portada","item":"https:\/\/noticiasmercedinas.com\/site\/"},{"@type":"ListItem","position":2,"name":"Petici\u00f3n para instalar contenedores de ropa usada llega al Concejo"}]},{"@type":"WebSite","@id":"https:\/\/noticiasmercedinas.com\/site\/#website","url":"https:\/\/noticiasmercedinas.com\/site\/","name":"NOTICIASMERCEDINAS.COM","description":"Mercedes, Buenos Aires, Argentina","publisher":{"@id":"https:\/\/noticiasmercedinas.com\/site\/#organization"},"potentialAction":[{"@type":"SearchAction","target":{"@type":"EntryPoint","urlTemplate":"https:\/\/noticiasmercedinas.com\/site\/?s={search_term_string}"},"query-input":{"@type":"PropertyValueSpecification","valueRequired":true,"valueName":"search_term_string"}}],"inLanguage":"es"},{"@type":"Organization","@id":"https:\/\/noticiasmercedinas.com\/site\/#organization","name":"NOTICIASMERCEDINAS.COM","url":"https:\/\/noticiasmercedinas.com\/site\/","logo":{"@type":"ImageObject","inLanguage":"es","@id":"https:\/\/noticiasmercedinas.com\/site\/#\/schema\/logo\/image\/","url":"https:\/\/noticiasmercedinas.com\/site\/wp-content\/uploads\/2020\/06\/LOGO-512.jpg","contentUrl":"https:\/\/noticiasmercedinas.com\/site\/wp-content\/uploads\/2020\/06\/LOGO-512.jpg","width":512,"height":512,"caption":"NOTICIASMERCEDINAS.COM"},"image":{"@id":"https:\/\/noticiasmercedinas.com\/site\/#\/schema\/logo\/image\/"},"sameAs":["https:\/\/www.facebook.com\/noticiasmercedinas\/","https:\/\/x.com\/notmercedinas","https:\/\/www.instagram.com\/noticiasmercedinas\/"]},{"@type":"Person","@id":"https:\/\/noticiasmercedinas.com\/site\/#\/schema\/person\/84b59c099c28ff2e8b77d4ceec5d8063","name":"NOTICIASMERCEDINAS.COM","image":{"@type":"ImageObject","inLanguage":"es","@id":"https:\/\/secure.gravatar.com\/avatar\/4dfbf16b4d17945bfb6341b2d19043457132fcf478a5ee04f42e959fd8f5df0a?s=96&d=mm&r=g","url":"https:\/\/secure.gravatar.com\/avatar\/4dfbf16b4d17945bfb6341b2d19043457132fcf478a5ee04f42e959fd8f5df0a?s=96&d=mm&r=g","contentUrl":"https:\/\/secure.gravatar.com\/avatar\/4dfbf16b4d17945bfb6341b2d19043457132fcf478a5ee04f42e959fd8f5df0a?s=96&d=mm&r=g","caption":"NOTICIASMERCEDINAS.COM"},"url":"https:\/\/noticiasmercedinas.com\/site\/author\/anonimo\/"}]}},"amp_enabled":true,"_links":{"self":[{"href":"https:\/\/noticiasmercedinas.com\/site\/wp-json\/wp\/v2\/posts\/67409","targetHints":{"allow":["GET"]}}],"collection":[{"href":"https:\/\/noticiasmercedinas.com\/site\/wp-json\/wp\/v2\/posts"}],"about":[{"href":"https:\/\/noticiasmercedinas.com\/site\/wp-json\/wp\/v2\/types\/post"}],"author":[{"embeddable":true,"href":"https:\/\/noticiasmercedinas.com\/site\/wp-json\/wp\/v2\/users\/16"}],"replies":[{"embeddable":true,"href":"https:\/\/noticiasmercedinas.com\/site\/wp-json\/wp\/v2\/comments?post=67409"}],"version-history":[{"count":2,"href":"https:\/\/noticiasmercedinas.com\/site\/wp-json\/wp\/v2\/posts\/67409\/revisions"}],"predecessor-version":[{"id":67411,"href":"https:\/\/noticiasmercedinas.com\/site\/wp-json\/wp\/v2\/posts\/67409\/revisions\/67411"}],"wp:featuredmedia":[{"embeddable":true,"href":"https:\/\/noticiasmercedinas.com\/site\/wp-json\/wp\/v2\/media\/22090"}],"wp:attachment":[{"href":"https:\/\/noticiasmercedinas.com\/site\/wp-json\/wp\/v2\/media?parent=67409"}],"wp:term":[{"taxonomy":"category","embeddable":true,"href":"https:\/\/noticiasmercedinas.com\/site\/wp-json\/wp\/v2\/categories?post=67409"},{"taxonomy":"post_tag","embeddable":true,"href":"https:\/\/noticiasmercedinas.com\/site\/wp-json\/wp\/v2\/tags?post=67409"}],"curies":[{"name":"wp","href":"https:\/\/api.w.org\/{rel}","templated":true}]}}