{"id":67518,"date":"2021-05-17T19:14:31","date_gmt":"2021-05-17T22:14:31","guid":{"rendered":"https:\/\/noticiasmercedinas.com\/site\/?p=67518"},"modified":"2021-05-17T19:15:03","modified_gmt":"2021-05-17T22:15:03","slug":"dia-de-internet-la-hora-pico-de-consumo-se-traslado-de-las-2000-a-las-030","status":"publish","type":"post","link":"https:\/\/noticiasmercedinas.com\/site\/2021\/05\/17\/dia-de-internet-la-hora-pico-de-consumo-se-traslado-de-las-2000-a-las-030\/","title":{"rendered":"D\u00eda de Internet: hora pico de consumo se traslad\u00f3 de 20:00 a 0:30"},"content":{"rendered":"<p><img loading=\"lazy\" decoding=\"async\" class=\"alignnone size-large wp-image-67522\" src=\"https:\/\/noticiasmercedinas.com\/site\/wp-content\/uploads\/2021\/05\/Dia-de-Internet-2021-Telecom-Argentina-1024x576.jpg\" alt=\"\" width=\"640\" height=\"360\" srcset=\"https:\/\/noticiasmercedinas.com\/site\/wp-content\/uploads\/2021\/05\/Dia-de-Internet-2021-Telecom-Argentina-1024x576.jpg 1024w, https:\/\/noticiasmercedinas.com\/site\/wp-content\/uploads\/2021\/05\/Dia-de-Internet-2021-Telecom-Argentina-300x169.jpg 300w, https:\/\/noticiasmercedinas.com\/site\/wp-content\/uploads\/2021\/05\/Dia-de-Internet-2021-Telecom-Argentina-768x432.jpg 768w, https:\/\/noticiasmercedinas.com\/site\/wp-content\/uploads\/2021\/05\/Dia-de-Internet-2021-Telecom-Argentina-1536x864.jpg 1536w, https:\/\/noticiasmercedinas.com\/site\/wp-content\/uploads\/2021\/05\/Dia-de-Internet-2021-Telecom-Argentina-2048x1152.jpg 2048w, https:\/\/noticiasmercedinas.com\/site\/wp-content\/uploads\/2021\/05\/Dia-de-Internet-2021-Telecom-Argentina-640x360.jpg 640w, https:\/\/noticiasmercedinas.com\/site\/wp-content\/uploads\/2021\/05\/Dia-de-Internet-2021-Telecom-Argentina-1280x720.jpg 1280w, https:\/\/noticiasmercedinas.com\/site\/wp-content\/uploads\/2021\/05\/Dia-de-Internet-2021-Telecom-Argentina-681x383.jpg 681w, https:\/\/noticiasmercedinas.com\/site\/wp-content\/uploads\/2021\/05\/Dia-de-Internet-2021-Telecom-Argentina-1362x766.jpg 1362w\" sizes=\"auto, (max-width: 640px) 100vw, 640px\" \/><\/p>\n<p>Este 17 de mayo es el D\u00eda de Internet y desde Telecom Argentina dieron a conocer un informe sobre el consumo de los argentinos en la web y sus usos.<\/p>\n<p>\u00ab\u00bfC\u00f3mo usamos internet en el \u00faltimo a\u00f1o?\u00bb se llama el informe y destaca la performance en consumo de tr\u00e1fico en redes de Telecom Argentina entre marzo de 2020 y marzo de 2021 de las principales aplicaciones:<\/p>\n<p>-Streaming de video<br \/>\n-Streaming social<br \/>\n-Redes sociales<br \/>\n-Mensajer\u00eda<br \/>\n-Reuniones virtuales<br \/>\n-Gaming<br \/>\n-Nube<\/p>\n<p>El reporte anual de Telecom da cuenta de los usos que m\u00e1s crecimiento tuvieron en el marco de la pandemia, algo que ha crecido exponencialmente.<\/p>\n<p>El grupo Telecom concentrar servicios como Fibertel, Personal y Flow, y es uno de los proveedores m\u00e1s importantes de datos en\u00a0 la Argentina.<\/p>\n<p>Del reporte surgen algunos datos interesantes, como la elevada participaci\u00f3n de servicios como Zoom en el terreno de las reuniones virtuales, o Whats App en el de las mensajer\u00edas.<\/p>\n<p>Asimismo, se destaca que la hora pico de consumo se desplaz\u00f3 de las 20:00 horas a las 0:30 horas.<\/p>\n<p>Adem\u00e1s se destaca el uso de Instagram como abrumador, en el 69 por ciento dejando a Facebook con el 24 por ciento y a Twitter con el 3 por ciento mucho m\u00e1s atr\u00e1s.<\/p>\n<p><img loading=\"lazy\" decoding=\"async\" class=\"alignnone size-large wp-image-67523\" src=\"https:\/\/noticiasmercedinas.com\/site\/wp-content\/uploads\/2021\/05\/Dia-de-Internet-2021-Telecom-Argentina-8-1024x1024.jpeg\" alt=\"\" width=\"640\" height=\"640\" srcset=\"https:\/\/noticiasmercedinas.com\/site\/wp-content\/uploads\/2021\/05\/Dia-de-Internet-2021-Telecom-Argentina-8-1024x1024.jpeg 1024w, https:\/\/noticiasmercedinas.com\/site\/wp-content\/uploads\/2021\/05\/Dia-de-Internet-2021-Telecom-Argentina-8-300x300.jpeg 300w, https:\/\/noticiasmercedinas.com\/site\/wp-content\/uploads\/2021\/05\/Dia-de-Internet-2021-Telecom-Argentina-8-150x150.jpeg 150w, https:\/\/noticiasmercedinas.com\/site\/wp-content\/uploads\/2021\/05\/Dia-de-Internet-2021-Telecom-Argentina-8-768x768.jpeg 768w, https:\/\/noticiasmercedinas.com\/site\/wp-content\/uploads\/2021\/05\/Dia-de-Internet-2021-Telecom-Argentina-8-640x640.jpeg 640w, https:\/\/noticiasmercedinas.com\/site\/wp-content\/uploads\/2021\/05\/Dia-de-Internet-2021-Telecom-Argentina-8-681x681.jpeg 681w, https:\/\/noticiasmercedinas.com\/site\/wp-content\/uploads\/2021\/05\/Dia-de-Internet-2021-Telecom-Argentina-8.jpeg 1080w\" sizes=\"auto, (max-width: 640px) 100vw, 640px\" \/><\/p>\n<p><img loading=\"lazy\" decoding=\"async\" class=\"alignnone size-large wp-image-67524\" src=\"https:\/\/noticiasmercedinas.com\/site\/wp-content\/uploads\/2021\/05\/Dia-de-Internet-2021-Telecom-Argentina-9-1024x1024.jpeg\" alt=\"\" width=\"640\" height=\"640\" srcset=\"https:\/\/noticiasmercedinas.com\/site\/wp-content\/uploads\/2021\/05\/Dia-de-Internet-2021-Telecom-Argentina-9-1024x1024.jpeg 1024w, https:\/\/noticiasmercedinas.com\/site\/wp-content\/uploads\/2021\/05\/Dia-de-Internet-2021-Telecom-Argentina-9-300x300.jpeg 300w, https:\/\/noticiasmercedinas.com\/site\/wp-content\/uploads\/2021\/05\/Dia-de-Internet-2021-Telecom-Argentina-9-150x150.jpeg 150w, https:\/\/noticiasmercedinas.com\/site\/wp-content\/uploads\/2021\/05\/Dia-de-Internet-2021-Telecom-Argentina-9-768x768.jpeg 768w, https:\/\/noticiasmercedinas.com\/site\/wp-content\/uploads\/2021\/05\/Dia-de-Internet-2021-Telecom-Argentina-9-640x640.jpeg 640w, https:\/\/noticiasmercedinas.com\/site\/wp-content\/uploads\/2021\/05\/Dia-de-Internet-2021-Telecom-Argentina-9-681x681.jpeg 681w, https:\/\/noticiasmercedinas.com\/site\/wp-content\/uploads\/2021\/05\/Dia-de-Internet-2021-Telecom-Argentina-9.jpeg 1080w\" sizes=\"auto, (max-width: 640px) 100vw, 640px\" \/><\/p>\n<p><img loading=\"lazy\" decoding=\"async\" class=\"alignnone size-large wp-image-67525\" src=\"https:\/\/noticiasmercedinas.com\/site\/wp-content\/uploads\/2021\/05\/Dia-de-Internet-2021-Telecom-Argentina-5-1024x1024.jpeg\" alt=\"\" width=\"640\" height=\"640\" srcset=\"https:\/\/noticiasmercedinas.com\/site\/wp-content\/uploads\/2021\/05\/Dia-de-Internet-2021-Telecom-Argentina-5-1024x1024.jpeg 1024w, https:\/\/noticiasmercedinas.com\/site\/wp-content\/uploads\/2021\/05\/Dia-de-Internet-2021-Telecom-Argentina-5-300x300.jpeg 300w, https:\/\/noticiasmercedinas.com\/site\/wp-content\/uploads\/2021\/05\/Dia-de-Internet-2021-Telecom-Argentina-5-150x150.jpeg 150w, https:\/\/noticiasmercedinas.com\/site\/wp-content\/uploads\/2021\/05\/Dia-de-Internet-2021-Telecom-Argentina-5-768x768.jpeg 768w, https:\/\/noticiasmercedinas.com\/site\/wp-content\/uploads\/2021\/05\/Dia-de-Internet-2021-Telecom-Argentina-5-640x640.jpeg 640w, https:\/\/noticiasmercedinas.com\/site\/wp-content\/uploads\/2021\/05\/Dia-de-Internet-2021-Telecom-Argentina-5-681x681.jpeg 681w, https:\/\/noticiasmercedinas.com\/site\/wp-content\/uploads\/2021\/05\/Dia-de-Internet-2021-Telecom-Argentina-5.jpeg 1080w\" sizes=\"auto, (max-width: 640px) 100vw, 640px\" \/><\/p>\n<p>&nbsp;<\/p>\n","protected":false},"excerpt":{"rendered":"<p>Este 17 de mayo es el D\u00eda de Internet y desde Telecom Argentina dieron a conocer un informe sobre el consumo de los argentinos en la web y sus usos. \u00ab\u00bfC\u00f3mo usamos internet en el \u00faltimo a\u00f1o?\u00bb se llama el informe y destaca la performance en consumo de tr\u00e1fico en redes de Telecom Argentina entre [&hellip;]<\/p>\n","protected":false},"author":16,"featured_media":67522,"comment_status":"open","ping_status":"open","sticky":false,"template":"","format":"standard","meta":{"footnotes":""},"categories":[4210],"tags":[3430,4931,8241,655,24,8882],"class_list":["post-67518","post","type-post","status-publish","format-standard","has-post-thumbnail","hentry","category-medios","tag-facebook","tag-instagram","tag-internet","tag-redes-sociales","tag-telecom","tag-zoom"],"yoast_head":"<!-- This site is optimized with the Yoast SEO plugin v27.4 - https:\/\/yoast.com\/product\/yoast-seo-wordpress\/ -->\n<title>D\u00eda de Internet: hora pico de consumo se traslad\u00f3 de 20:00 a 0:30<\/title>\n<meta name=\"robots\" content=\"index, follow, max-snippet:-1, max-image-preview:large, max-video-preview:-1\" \/>\n<link rel=\"canonical\" href=\"https:\/\/noticiasmercedinas.com\/site\/2021\/05\/17\/dia-de-internet-la-hora-pico-de-consumo-se-traslado-de-las-2000-a-las-030\/\" \/>\n<meta property=\"og:locale\" content=\"es_ES\" \/>\n<meta property=\"og:type\" content=\"article\" \/>\n<meta property=\"og:title\" content=\"D\u00eda de Internet: hora pico de consumo se traslad\u00f3 de 20:00 a 0:30\" \/>\n<meta property=\"og:description\" content=\"Este 17 de mayo es el D\u00eda de Internet y desde Telecom Argentina dieron a conocer un informe sobre el consumo de los argentinos en la web y sus usos. \u00ab\u00bfC\u00f3mo usamos internet en el \u00faltimo a\u00f1o?\u00bb se llama el informe y destaca la performance en consumo de tr\u00e1fico en redes de Telecom Argentina entre [&hellip;]\" \/>\n<meta property=\"og:url\" content=\"https:\/\/noticiasmercedinas.com\/site\/2021\/05\/17\/dia-de-internet-la-hora-pico-de-consumo-se-traslado-de-las-2000-a-las-030\/\" \/>\n<meta property=\"og:site_name\" content=\"NOTICIASMERCEDINAS.COM\" \/>\n<meta property=\"article:publisher\" content=\"https:\/\/www.facebook.com\/noticiasmercedinas\/\" \/>\n<meta property=\"article:published_time\" content=\"2021-05-17T22:14:31+00:00\" \/>\n<meta property=\"article:modified_time\" content=\"2021-05-17T22:15:03+00:00\" \/>\n<meta property=\"og:image\" content=\"https:\/\/noticiasmercedinas.com\/site\/wp-content\/uploads\/2021\/05\/Dia-de-Internet-2021-Telecom-Argentina-scaled.jpg\" \/>\n\t<meta property=\"og:image:width\" content=\"2560\" \/>\n\t<meta property=\"og:image:height\" content=\"1440\" \/>\n\t<meta property=\"og:image:type\" content=\"image\/jpeg\" \/>\n<meta name=\"author\" content=\"NOTICIASMERCEDINAS.COM\" \/>\n<meta name=\"twitter:card\" content=\"summary_large_image\" \/>\n<meta name=\"twitter:creator\" content=\"@notmercedinas\" \/>\n<meta name=\"twitter:site\" content=\"@notmercedinas\" \/>\n<meta name=\"twitter:label1\" content=\"Escrito por\" \/>\n\t<meta name=\"twitter:data1\" content=\"NOTICIASMERCEDINAS.COM\" \/>\n\t<meta name=\"twitter:label2\" content=\"Tiempo de lectura\" \/>\n\t<meta name=\"twitter:data2\" content=\"2 minutos\" \/>\n<script type=\"application\/ld+json\" class=\"yoast-schema-graph\">{\"@context\":\"https:\\\/\\\/schema.org\",\"@graph\":[{\"@type\":\"Article\",\"@id\":\"https:\\\/\\\/noticiasmercedinas.com\\\/site\\\/2021\\\/05\\\/17\\\/dia-de-internet-la-hora-pico-de-consumo-se-traslado-de-las-2000-a-las-030\\\/#article\",\"isPartOf\":{\"@id\":\"https:\\\/\\\/noticiasmercedinas.com\\\/site\\\/2021\\\/05\\\/17\\\/dia-de-internet-la-hora-pico-de-consumo-se-traslado-de-las-2000-a-las-030\\\/\"},\"author\":{\"name\":\"NOTICIASMERCEDINAS.COM\",\"@id\":\"https:\\\/\\\/noticiasmercedinas.com\\\/site\\\/#\\\/schema\\\/person\\\/84b59c099c28ff2e8b77d4ceec5d8063\"},\"headline\":\"D\u00eda de Internet: hora pico de consumo se traslad\u00f3 de 20:00 a 0:30\",\"datePublished\":\"2021-05-17T22:14:31+00:00\",\"dateModified\":\"2021-05-17T22:15:03+00:00\",\"mainEntityOfPage\":{\"@id\":\"https:\\\/\\\/noticiasmercedinas.com\\\/site\\\/2021\\\/05\\\/17\\\/dia-de-internet-la-hora-pico-de-consumo-se-traslado-de-las-2000-a-las-030\\\/\"},\"wordCount\":224,\"commentCount\":0,\"publisher\":{\"@id\":\"https:\\\/\\\/noticiasmercedinas.com\\\/site\\\/#organization\"},\"image\":{\"@id\":\"https:\\\/\\\/noticiasmercedinas.com\\\/site\\\/2021\\\/05\\\/17\\\/dia-de-internet-la-hora-pico-de-consumo-se-traslado-de-las-2000-a-las-030\\\/#primaryimage\"},\"thumbnailUrl\":\"https:\\\/\\\/noticiasmercedinas.com\\\/site\\\/wp-content\\\/uploads\\\/2021\\\/05\\\/Dia-de-Internet-2021-Telecom-Argentina-scaled.jpg\",\"keywords\":[\"facebook\",\"Instagram\",\"internet\",\"redes sociales\",\"telecom\",\"Zoom\"],\"articleSection\":[\"Medios\"],\"inLanguage\":\"es\",\"potentialAction\":[{\"@type\":\"CommentAction\",\"name\":\"Comment\",\"target\":[\"https:\\\/\\\/noticiasmercedinas.com\\\/site\\\/2021\\\/05\\\/17\\\/dia-de-internet-la-hora-pico-de-consumo-se-traslado-de-las-2000-a-las-030\\\/#respond\"]}]},{\"@type\":\"WebPage\",\"@id\":\"https:\\\/\\\/noticiasmercedinas.com\\\/site\\\/2021\\\/05\\\/17\\\/dia-de-internet-la-hora-pico-de-consumo-se-traslado-de-las-2000-a-las-030\\\/\",\"url\":\"https:\\\/\\\/noticiasmercedinas.com\\\/site\\\/2021\\\/05\\\/17\\\/dia-de-internet-la-hora-pico-de-consumo-se-traslado-de-las-2000-a-las-030\\\/\",\"name\":\"D\u00eda de Internet: hora pico de consumo se traslad\u00f3 de 20:00 a 0:30\",\"isPartOf\":{\"@id\":\"https:\\\/\\\/noticiasmercedinas.com\\\/site\\\/#website\"},\"primaryImageOfPage\":{\"@id\":\"https:\\\/\\\/noticiasmercedinas.com\\\/site\\\/2021\\\/05\\\/17\\\/dia-de-internet-la-hora-pico-de-consumo-se-traslado-de-las-2000-a-las-030\\\/#primaryimage\"},\"image\":{\"@id\":\"https:\\\/\\\/noticiasmercedinas.com\\\/site\\\/2021\\\/05\\\/17\\\/dia-de-internet-la-hora-pico-de-consumo-se-traslado-de-las-2000-a-las-030\\\/#primaryimage\"},\"thumbnailUrl\":\"https:\\\/\\\/noticiasmercedinas.com\\\/site\\\/wp-content\\\/uploads\\\/2021\\\/05\\\/Dia-de-Internet-2021-Telecom-Argentina-scaled.jpg\",\"datePublished\":\"2021-05-17T22:14:31+00:00\",\"dateModified\":\"2021-05-17T22:15:03+00:00\",\"breadcrumb\":{\"@id\":\"https:\\\/\\\/noticiasmercedinas.com\\\/site\\\/2021\\\/05\\\/17\\\/dia-de-internet-la-hora-pico-de-consumo-se-traslado-de-las-2000-a-las-030\\\/#breadcrumb\"},\"inLanguage\":\"es\",\"potentialAction\":[{\"@type\":\"ReadAction\",\"target\":[\"https:\\\/\\\/noticiasmercedinas.com\\\/site\\\/2021\\\/05\\\/17\\\/dia-de-internet-la-hora-pico-de-consumo-se-traslado-de-las-2000-a-las-030\\\/\"]}]},{\"@type\":\"ImageObject\",\"inLanguage\":\"es\",\"@id\":\"https:\\\/\\\/noticiasmercedinas.com\\\/site\\\/2021\\\/05\\\/17\\\/dia-de-internet-la-hora-pico-de-consumo-se-traslado-de-las-2000-a-las-030\\\/#primaryimage\",\"url\":\"https:\\\/\\\/noticiasmercedinas.com\\\/site\\\/wp-content\\\/uploads\\\/2021\\\/05\\\/Dia-de-Internet-2021-Telecom-Argentina-scaled.jpg\",\"contentUrl\":\"https:\\\/\\\/noticiasmercedinas.com\\\/site\\\/wp-content\\\/uploads\\\/2021\\\/05\\\/Dia-de-Internet-2021-Telecom-Argentina-scaled.jpg\",\"width\":2560,\"height\":1440},{\"@type\":\"BreadcrumbList\",\"@id\":\"https:\\\/\\\/noticiasmercedinas.com\\\/site\\\/2021\\\/05\\\/17\\\/dia-de-internet-la-hora-pico-de-consumo-se-traslado-de-las-2000-a-las-030\\\/#breadcrumb\",\"itemListElement\":[{\"@type\":\"ListItem\",\"position\":1,\"name\":\"Portada\",\"item\":\"https:\\\/\\\/noticiasmercedinas.com\\\/site\\\/\"},{\"@type\":\"ListItem\",\"position\":2,\"name\":\"D\u00eda de Internet: hora pico de consumo se traslad\u00f3 de 20:00 a 0:30\"}]},{\"@type\":\"WebSite\",\"@id\":\"https:\\\/\\\/noticiasmercedinas.com\\\/site\\\/#website\",\"url\":\"https:\\\/\\\/noticiasmercedinas.com\\\/site\\\/\",\"name\":\"NOTICIASMERCEDINAS.COM\",\"description\":\"Mercedes, Buenos Aires, Argentina\",\"publisher\":{\"@id\":\"https:\\\/\\\/noticiasmercedinas.com\\\/site\\\/#organization\"},\"potentialAction\":[{\"@type\":\"SearchAction\",\"target\":{\"@type\":\"EntryPoint\",\"urlTemplate\":\"https:\\\/\\\/noticiasmercedinas.com\\\/site\\\/?s={search_term_string}\"},\"query-input\":{\"@type\":\"PropertyValueSpecification\",\"valueRequired\":true,\"valueName\":\"search_term_string\"}}],\"inLanguage\":\"es\"},{\"@type\":\"Organization\",\"@id\":\"https:\\\/\\\/noticiasmercedinas.com\\\/site\\\/#organization\",\"name\":\"NOTICIASMERCEDINAS.COM\",\"url\":\"https:\\\/\\\/noticiasmercedinas.com\\\/site\\\/\",\"logo\":{\"@type\":\"ImageObject\",\"inLanguage\":\"es\",\"@id\":\"https:\\\/\\\/noticiasmercedinas.com\\\/site\\\/#\\\/schema\\\/logo\\\/image\\\/\",\"url\":\"https:\\\/\\\/noticiasmercedinas.com\\\/site\\\/wp-content\\\/uploads\\\/2020\\\/06\\\/LOGO-512.jpg\",\"contentUrl\":\"https:\\\/\\\/noticiasmercedinas.com\\\/site\\\/wp-content\\\/uploads\\\/2020\\\/06\\\/LOGO-512.jpg\",\"width\":512,\"height\":512,\"caption\":\"NOTICIASMERCEDINAS.COM\"},\"image\":{\"@id\":\"https:\\\/\\\/noticiasmercedinas.com\\\/site\\\/#\\\/schema\\\/logo\\\/image\\\/\"},\"sameAs\":[\"https:\\\/\\\/www.facebook.com\\\/noticiasmercedinas\\\/\",\"https:\\\/\\\/x.com\\\/notmercedinas\",\"https:\\\/\\\/www.instagram.com\\\/noticiasmercedinas\\\/\"]},{\"@type\":\"Person\",\"@id\":\"https:\\\/\\\/noticiasmercedinas.com\\\/site\\\/#\\\/schema\\\/person\\\/84b59c099c28ff2e8b77d4ceec5d8063\",\"name\":\"NOTICIASMERCEDINAS.COM\",\"image\":{\"@type\":\"ImageObject\",\"inLanguage\":\"es\",\"@id\":\"https:\\\/\\\/secure.gravatar.com\\\/avatar\\\/4dfbf16b4d17945bfb6341b2d19043457132fcf478a5ee04f42e959fd8f5df0a?s=96&d=mm&r=g\",\"url\":\"https:\\\/\\\/secure.gravatar.com\\\/avatar\\\/4dfbf16b4d17945bfb6341b2d19043457132fcf478a5ee04f42e959fd8f5df0a?s=96&d=mm&r=g\",\"contentUrl\":\"https:\\\/\\\/secure.gravatar.com\\\/avatar\\\/4dfbf16b4d17945bfb6341b2d19043457132fcf478a5ee04f42e959fd8f5df0a?s=96&d=mm&r=g\",\"caption\":\"NOTICIASMERCEDINAS.COM\"},\"url\":\"https:\\\/\\\/noticiasmercedinas.com\\\/site\\\/author\\\/anonimo\\\/\"}]}<\/script>\n<!-- \/ Yoast SEO plugin. -->","yoast_head_json":{"title":"D\u00eda de Internet: hora pico de consumo se traslad\u00f3 de 20:00 a 0:30","robots":{"index":"index","follow":"follow","max-snippet":"max-snippet:-1","max-image-preview":"max-image-preview:large","max-video-preview":"max-video-preview:-1"},"canonical":"https:\/\/noticiasmercedinas.com\/site\/2021\/05\/17\/dia-de-internet-la-hora-pico-de-consumo-se-traslado-de-las-2000-a-las-030\/","og_locale":"es_ES","og_type":"article","og_title":"D\u00eda de Internet: hora pico de consumo se traslad\u00f3 de 20:00 a 0:30","og_description":"Este 17 de mayo es el D\u00eda de Internet y desde Telecom Argentina dieron a conocer un informe sobre el consumo de los argentinos en la web y sus usos. \u00ab\u00bfC\u00f3mo usamos internet en el \u00faltimo a\u00f1o?\u00bb se llama el informe y destaca la performance en consumo de tr\u00e1fico en redes de Telecom Argentina entre [&hellip;]","og_url":"https:\/\/noticiasmercedinas.com\/site\/2021\/05\/17\/dia-de-internet-la-hora-pico-de-consumo-se-traslado-de-las-2000-a-las-030\/","og_site_name":"NOTICIASMERCEDINAS.COM","article_publisher":"https:\/\/www.facebook.com\/noticiasmercedinas\/","article_published_time":"2021-05-17T22:14:31+00:00","article_modified_time":"2021-05-17T22:15:03+00:00","og_image":[{"width":2560,"height":1440,"url":"https:\/\/noticiasmercedinas.com\/site\/wp-content\/uploads\/2021\/05\/Dia-de-Internet-2021-Telecom-Argentina-scaled.jpg","type":"image\/jpeg"}],"author":"NOTICIASMERCEDINAS.COM","twitter_card":"summary_large_image","twitter_creator":"@notmercedinas","twitter_site":"@notmercedinas","twitter_misc":{"Escrito por":"NOTICIASMERCEDINAS.COM","Tiempo de lectura":"2 minutos"},"schema":{"@context":"https:\/\/schema.org","@graph":[{"@type":"Article","@id":"https:\/\/noticiasmercedinas.com\/site\/2021\/05\/17\/dia-de-internet-la-hora-pico-de-consumo-se-traslado-de-las-2000-a-las-030\/#article","isPartOf":{"@id":"https:\/\/noticiasmercedinas.com\/site\/2021\/05\/17\/dia-de-internet-la-hora-pico-de-consumo-se-traslado-de-las-2000-a-las-030\/"},"author":{"name":"NOTICIASMERCEDINAS.COM","@id":"https:\/\/noticiasmercedinas.com\/site\/#\/schema\/person\/84b59c099c28ff2e8b77d4ceec5d8063"},"headline":"D\u00eda de Internet: hora pico de consumo se traslad\u00f3 de 20:00 a 0:30","datePublished":"2021-05-17T22:14:31+00:00","dateModified":"2021-05-17T22:15:03+00:00","mainEntityOfPage":{"@id":"https:\/\/noticiasmercedinas.com\/site\/2021\/05\/17\/dia-de-internet-la-hora-pico-de-consumo-se-traslado-de-las-2000-a-las-030\/"},"wordCount":224,"commentCount":0,"publisher":{"@id":"https:\/\/noticiasmercedinas.com\/site\/#organization"},"image":{"@id":"https:\/\/noticiasmercedinas.com\/site\/2021\/05\/17\/dia-de-internet-la-hora-pico-de-consumo-se-traslado-de-las-2000-a-las-030\/#primaryimage"},"thumbnailUrl":"https:\/\/noticiasmercedinas.com\/site\/wp-content\/uploads\/2021\/05\/Dia-de-Internet-2021-Telecom-Argentina-scaled.jpg","keywords":["facebook","Instagram","internet","redes sociales","telecom","Zoom"],"articleSection":["Medios"],"inLanguage":"es","potentialAction":[{"@type":"CommentAction","name":"Comment","target":["https:\/\/noticiasmercedinas.com\/site\/2021\/05\/17\/dia-de-internet-la-hora-pico-de-consumo-se-traslado-de-las-2000-a-las-030\/#respond"]}]},{"@type":"WebPage","@id":"https:\/\/noticiasmercedinas.com\/site\/2021\/05\/17\/dia-de-internet-la-hora-pico-de-consumo-se-traslado-de-las-2000-a-las-030\/","url":"https:\/\/noticiasmercedinas.com\/site\/2021\/05\/17\/dia-de-internet-la-hora-pico-de-consumo-se-traslado-de-las-2000-a-las-030\/","name":"D\u00eda de Internet: hora pico de consumo se traslad\u00f3 de 20:00 a 0:30","isPartOf":{"@id":"https:\/\/noticiasmercedinas.com\/site\/#website"},"primaryImageOfPage":{"@id":"https:\/\/noticiasmercedinas.com\/site\/2021\/05\/17\/dia-de-internet-la-hora-pico-de-consumo-se-traslado-de-las-2000-a-las-030\/#primaryimage"},"image":{"@id":"https:\/\/noticiasmercedinas.com\/site\/2021\/05\/17\/dia-de-internet-la-hora-pico-de-consumo-se-traslado-de-las-2000-a-las-030\/#primaryimage"},"thumbnailUrl":"https:\/\/noticiasmercedinas.com\/site\/wp-content\/uploads\/2021\/05\/Dia-de-Internet-2021-Telecom-Argentina-scaled.jpg","datePublished":"2021-05-17T22:14:31+00:00","dateModified":"2021-05-17T22:15:03+00:00","breadcrumb":{"@id":"https:\/\/noticiasmercedinas.com\/site\/2021\/05\/17\/dia-de-internet-la-hora-pico-de-consumo-se-traslado-de-las-2000-a-las-030\/#breadcrumb"},"inLanguage":"es","potentialAction":[{"@type":"ReadAction","target":["https:\/\/noticiasmercedinas.com\/site\/2021\/05\/17\/dia-de-internet-la-hora-pico-de-consumo-se-traslado-de-las-2000-a-las-030\/"]}]},{"@type":"ImageObject","inLanguage":"es","@id":"https:\/\/noticiasmercedinas.com\/site\/2021\/05\/17\/dia-de-internet-la-hora-pico-de-consumo-se-traslado-de-las-2000-a-las-030\/#primaryimage","url":"https:\/\/noticiasmercedinas.com\/site\/wp-content\/uploads\/2021\/05\/Dia-de-Internet-2021-Telecom-Argentina-scaled.jpg","contentUrl":"https:\/\/noticiasmercedinas.com\/site\/wp-content\/uploads\/2021\/05\/Dia-de-Internet-2021-Telecom-Argentina-scaled.jpg","width":2560,"height":1440},{"@type":"BreadcrumbList","@id":"https:\/\/noticiasmercedinas.com\/site\/2021\/05\/17\/dia-de-internet-la-hora-pico-de-consumo-se-traslado-de-las-2000-a-las-030\/#breadcrumb","itemListElement":[{"@type":"ListItem","position":1,"name":"Portada","item":"https:\/\/noticiasmercedinas.com\/site\/"},{"@type":"ListItem","position":2,"name":"D\u00eda de Internet: hora pico de consumo se traslad\u00f3 de 20:00 a 0:30"}]},{"@type":"WebSite","@id":"https:\/\/noticiasmercedinas.com\/site\/#website","url":"https:\/\/noticiasmercedinas.com\/site\/","name":"NOTICIASMERCEDINAS.COM","description":"Mercedes, Buenos Aires, Argentina","publisher":{"@id":"https:\/\/noticiasmercedinas.com\/site\/#organization"},"potentialAction":[{"@type":"SearchAction","target":{"@type":"EntryPoint","urlTemplate":"https:\/\/noticiasmercedinas.com\/site\/?s={search_term_string}"},"query-input":{"@type":"PropertyValueSpecification","valueRequired":true,"valueName":"search_term_string"}}],"inLanguage":"es"},{"@type":"Organization","@id":"https:\/\/noticiasmercedinas.com\/site\/#organization","name":"NOTICIASMERCEDINAS.COM","url":"https:\/\/noticiasmercedinas.com\/site\/","logo":{"@type":"ImageObject","inLanguage":"es","@id":"https:\/\/noticiasmercedinas.com\/site\/#\/schema\/logo\/image\/","url":"https:\/\/noticiasmercedinas.com\/site\/wp-content\/uploads\/2020\/06\/LOGO-512.jpg","contentUrl":"https:\/\/noticiasmercedinas.com\/site\/wp-content\/uploads\/2020\/06\/LOGO-512.jpg","width":512,"height":512,"caption":"NOTICIASMERCEDINAS.COM"},"image":{"@id":"https:\/\/noticiasmercedinas.com\/site\/#\/schema\/logo\/image\/"},"sameAs":["https:\/\/www.facebook.com\/noticiasmercedinas\/","https:\/\/x.com\/notmercedinas","https:\/\/www.instagram.com\/noticiasmercedinas\/"]},{"@type":"Person","@id":"https:\/\/noticiasmercedinas.com\/site\/#\/schema\/person\/84b59c099c28ff2e8b77d4ceec5d8063","name":"NOTICIASMERCEDINAS.COM","image":{"@type":"ImageObject","inLanguage":"es","@id":"https:\/\/secure.gravatar.com\/avatar\/4dfbf16b4d17945bfb6341b2d19043457132fcf478a5ee04f42e959fd8f5df0a?s=96&d=mm&r=g","url":"https:\/\/secure.gravatar.com\/avatar\/4dfbf16b4d17945bfb6341b2d19043457132fcf478a5ee04f42e959fd8f5df0a?s=96&d=mm&r=g","contentUrl":"https:\/\/secure.gravatar.com\/avatar\/4dfbf16b4d17945bfb6341b2d19043457132fcf478a5ee04f42e959fd8f5df0a?s=96&d=mm&r=g","caption":"NOTICIASMERCEDINAS.COM"},"url":"https:\/\/noticiasmercedinas.com\/site\/author\/anonimo\/"}]}},"amp_enabled":true,"_links":{"self":[{"href":"https:\/\/noticiasmercedinas.com\/site\/wp-json\/wp\/v2\/posts\/67518","targetHints":{"allow":["GET"]}}],"collection":[{"href":"https:\/\/noticiasmercedinas.com\/site\/wp-json\/wp\/v2\/posts"}],"about":[{"href":"https:\/\/noticiasmercedinas.com\/site\/wp-json\/wp\/v2\/types\/post"}],"author":[{"embeddable":true,"href":"https:\/\/noticiasmercedinas.com\/site\/wp-json\/wp\/v2\/users\/16"}],"replies":[{"embeddable":true,"href":"https:\/\/noticiasmercedinas.com\/site\/wp-json\/wp\/v2\/comments?post=67518"}],"version-history":[{"count":2,"href":"https:\/\/noticiasmercedinas.com\/site\/wp-json\/wp\/v2\/posts\/67518\/revisions"}],"predecessor-version":[{"id":67527,"href":"https:\/\/noticiasmercedinas.com\/site\/wp-json\/wp\/v2\/posts\/67518\/revisions\/67527"}],"wp:featuredmedia":[{"embeddable":true,"href":"https:\/\/noticiasmercedinas.com\/site\/wp-json\/wp\/v2\/media\/67522"}],"wp:attachment":[{"href":"https:\/\/noticiasmercedinas.com\/site\/wp-json\/wp\/v2\/media?parent=67518"}],"wp:term":[{"taxonomy":"category","embeddable":true,"href":"https:\/\/noticiasmercedinas.com\/site\/wp-json\/wp\/v2\/categories?post=67518"},{"taxonomy":"post_tag","embeddable":true,"href":"https:\/\/noticiasmercedinas.com\/site\/wp-json\/wp\/v2\/tags?post=67518"}],"curies":[{"name":"wp","href":"https:\/\/api.w.org\/{rel}","templated":true}]}}