{"id":6753,"date":"2018-11-14T15:10:35","date_gmt":"2018-11-14T18:10:35","guid":{"rendered":"https:\/\/noticiasmercedinas.com\/site\/?p=6753"},"modified":"2018-11-14T15:10:35","modified_gmt":"2018-11-14T18:10:35","slug":"tanna-ramponi-se-presenta-en-el-museo-de-arte","status":"publish","type":"post","link":"https:\/\/noticiasmercedinas.com\/site\/2018\/11\/14\/tanna-ramponi-se-presenta-en-el-museo-de-arte\/","title":{"rendered":"Tanna Ramponi se presenta en el Museo de Arte"},"content":{"rendered":"<p><img loading=\"lazy\" decoding=\"async\" class=\"alignnone size-large wp-image-6754\" src=\"https:\/\/noticiasmercedinas.com\/site\/wp-content\/uploads\/2018\/11\/Tanna-MAMMusic-724x1024.jpg\" alt=\"\" width=\"640\" height=\"905\" srcset=\"https:\/\/noticiasmercedinas.com\/site\/wp-content\/uploads\/2018\/11\/Tanna-MAMMusic-724x1024.jpg 724w, https:\/\/noticiasmercedinas.com\/site\/wp-content\/uploads\/2018\/11\/Tanna-MAMMusic-212x300.jpg 212w, https:\/\/noticiasmercedinas.com\/site\/wp-content\/uploads\/2018\/11\/Tanna-MAMMusic-768x1086.jpg 768w, https:\/\/noticiasmercedinas.com\/site\/wp-content\/uploads\/2018\/11\/Tanna-MAMMusic-640x905.jpg 640w, https:\/\/noticiasmercedinas.com\/site\/wp-content\/uploads\/2018\/11\/Tanna-MAMMusic-1280x1810.jpg 1280w, https:\/\/noticiasmercedinas.com\/site\/wp-content\/uploads\/2018\/11\/Tanna-MAMMusic-681x963.jpg 681w, https:\/\/noticiasmercedinas.com\/site\/wp-content\/uploads\/2018\/11\/Tanna-MAMMusic-1362x1926.jpg 1362w, https:\/\/noticiasmercedinas.com\/site\/wp-content\/uploads\/2018\/11\/Tanna-MAMMusic.jpg 1754w\" sizes=\"auto, (max-width: 640px) 100vw, 640px\" \/><\/p>\n<p>El 18 de noviembre ser\u00e1 la nueva cita que propone, como todos los meses, el museo de Arte de la Municipalidad de Mercedes con su ciclo de ac\u00fasticos MAMMusic. Por \u00e9l ya han pasado artistas de renombre en nuestra ciudad brindando cada uno un espect\u00e1culo digno de reconocimiento.<\/p>\n<p>Para esta oportunidad, los productores del evento han pensado en la <strong>Tanna Ramponi<\/strong>, esa joven mujer de cabello claro que va por los escenarios del folk norteamericano como si fuera (y casi lo es) el \u00fanico h\u00e1bitat compatible que le permitiera respirar.<\/p>\n<p>La Tanna ha conocido el blues siendo muy chica, a pesar de que en su casa no se escuchaba. De todos modos, se sinti\u00f3 identificada con la lucha y la esperanza de obtener los deseos m\u00e1s visearles de los negros y entendi\u00f3 que su camino estaba all\u00ed, rodeada de acordes que le resultaron siempre familiares. Esa especial afinidad con los comienzos de la m\u00fasica en EEUU.<\/p>\n<p>\u201cSoy coherente con mis pensamientos en cada paso que doy\u201d, dice la artista. \u201cHay un com\u00fan denominador en la m\u00fasica que hago y est\u00e1 en la gente que la hac\u00eda en sus comienzos: oprimidos y sacrificados. A ellos, mi homenaje\u201d.<\/p>\n<p>Sin embargo, lo que estaba buscando iba a aparecer m\u00e1s adelante en el tiempo: el country. A trav\u00e9s de sus viajes a distintos puntos de nuestro pa\u00eds, fue encontrando que hab\u00eda m\u00fasicos tan fan\u00e1ticos como ella.<\/p>\n<p>Es que su devoci\u00f3n por Jhonny Cash la llev\u00f3 a mezclarse entre los hombres buenos de la cultura folk: \u201cEl country es algo que empec\u00e9 a hacer cuando conoc\u00ed gente en el resto del pa\u00eds, sobre todo en C\u00f3rdoba, donde hay una movida muy grande de este g\u00e9nero y empec\u00e9 a girar con ellos\u201d.<\/p>\n<p>A los 15 a\u00f1os escuch\u00f3, por primera vez, al Rey de la m\u00fasica country y se transform\u00f3 en un referente indiscutible para la Tanna. Un ideal que se convirti\u00f3 en legado luego de su viaje a Nashville y la correspondiente visita a la casa donde Cash pas\u00f3 sus \u00faltimos d\u00edas de vida. \u201cFue m\u00edstico. Estuve en contacto con sus cosas, sus espacios, su ropa\u2026 fue muy fuerte\u201d.<\/p>\n<p>Quiz\u00e1s eso oblig\u00f3 a un cambio de parecer sobre un disco que ya estaba a punto de grabar. No era lo que buscaba porque entendi\u00f3, en el momento justo, que deb\u00eda escribir sus propias canciones. Y as\u00ed lo hizo. Y tal vez, el pr\u00f3ximo a\u00f1o pueda darlo a conocer.<\/p>\n<p>La Tanna Ramponi ser\u00e1 la protagonista del pr\u00f3ximo MAMMusic en la sala B del Museo de Arte. Har\u00e1 un recorrido de su m\u00fasica con un poco de blues, m\u00fasica irlandesa fusionada, folk norteamericano, country tradicional, rindiendo culto a la honestidad y sinceridad de los poetas que escribieron desde el coraz\u00f3n para contar su historia.<\/p>\n<p>Junto a <strong>Mayrand Roux<\/strong>, su compa\u00f1ero art\u00edstico sudafricano, estar\u00e1 tocando desde las 19.30, con entrada libre y gratuita.<\/p>\n","protected":false},"excerpt":{"rendered":"<p>El 18 de noviembre ser\u00e1 la nueva cita que propone, como todos los meses, el museo de Arte de la Municipalidad de Mercedes con su ciclo de ac\u00fasticos MAMMusic. Por \u00e9l ya han pasado artistas de renombre en nuestra ciudad brindando cada uno un espect\u00e1culo digno de reconocimiento. Para esta oportunidad, los productores del evento [&hellip;]<\/p>\n","protected":false},"author":2,"featured_media":6754,"comment_status":"open","ping_status":"open","sticky":false,"template":"","format":"standard","meta":{"footnotes":""},"categories":[4],"tags":[1087,192,1066,87,88,2042],"class_list":["post-6753","post","type-post","status-publish","format-standard","has-post-thumbnail","hentry","category-cultura","tag-blues","tag-mamm","tag-mamm-music","tag-museo-de-arte","tag-musica","tag-tanna-ramponi"],"yoast_head":"<!-- This site is optimized with the Yoast SEO plugin v27.5 - https:\/\/yoast.com\/product\/yoast-seo-wordpress\/ -->\n<title>Tanna Ramponi se presenta en el Museo de Arte<\/title>\n<meta name=\"robots\" content=\"index, follow, max-snippet:-1, max-image-preview:large, max-video-preview:-1\" \/>\n<link rel=\"canonical\" href=\"https:\/\/noticiasmercedinas.com\/site\/2018\/11\/14\/tanna-ramponi-se-presenta-en-el-museo-de-arte\/\" \/>\n<meta property=\"og:locale\" content=\"es_ES\" \/>\n<meta property=\"og:type\" content=\"article\" \/>\n<meta property=\"og:title\" content=\"Tanna Ramponi se presenta en el Museo de Arte\" \/>\n<meta property=\"og:description\" content=\"El 18 de noviembre ser\u00e1 la nueva cita que propone, como todos los meses, el museo de Arte de la Municipalidad de Mercedes con su ciclo de ac\u00fasticos MAMMusic. Por \u00e9l ya han pasado artistas de renombre en nuestra ciudad brindando cada uno un espect\u00e1culo digno de reconocimiento. Para esta oportunidad, los productores del evento [&hellip;]\" \/>\n<meta property=\"og:url\" content=\"https:\/\/noticiasmercedinas.com\/site\/2018\/11\/14\/tanna-ramponi-se-presenta-en-el-museo-de-arte\/\" \/>\n<meta property=\"og:site_name\" content=\"NOTICIASMERCEDINAS.COM\" \/>\n<meta property=\"article:publisher\" content=\"https:\/\/www.facebook.com\/noticiasmercedinas\/\" \/>\n<meta property=\"article:author\" content=\"https:\/\/www.facebook.com\/cristian.falabella\" \/>\n<meta property=\"article:published_time\" content=\"2018-11-14T18:10:35+00:00\" \/>\n<meta property=\"og:image\" content=\"https:\/\/noticiasmercedinas.com\/site\/wp-content\/uploads\/2018\/11\/Tanna-MAMMusic.jpg\" \/>\n\t<meta property=\"og:image:width\" content=\"1754\" \/>\n\t<meta property=\"og:image:height\" content=\"2480\" \/>\n\t<meta property=\"og:image:type\" content=\"image\/jpeg\" \/>\n<meta name=\"author\" content=\"Cristian Falabella NOTICIASMERCEDINAS.COM\" \/>\n<meta name=\"twitter:card\" content=\"summary_large_image\" \/>\n<meta name=\"twitter:creator\" content=\"@https:\/\/twitter.com\/NOTMERCEDINAS\" \/>\n<meta name=\"twitter:site\" content=\"@notmercedinas\" \/>\n<meta name=\"twitter:label1\" content=\"Escrito por\" \/>\n\t<meta name=\"twitter:data1\" content=\"Cristian Falabella NOTICIASMERCEDINAS.COM\" \/>\n\t<meta name=\"twitter:label2\" content=\"Tiempo de lectura\" \/>\n\t<meta name=\"twitter:data2\" content=\"3 minutos\" \/>\n<script type=\"application\/ld+json\" class=\"yoast-schema-graph\">{\"@context\":\"https:\\\/\\\/schema.org\",\"@graph\":[{\"@type\":\"Article\",\"@id\":\"https:\\\/\\\/noticiasmercedinas.com\\\/site\\\/2018\\\/11\\\/14\\\/tanna-ramponi-se-presenta-en-el-museo-de-arte\\\/#article\",\"isPartOf\":{\"@id\":\"https:\\\/\\\/noticiasmercedinas.com\\\/site\\\/2018\\\/11\\\/14\\\/tanna-ramponi-se-presenta-en-el-museo-de-arte\\\/\"},\"author\":{\"name\":\"Cristian Falabella NOTICIASMERCEDINAS.COM\",\"@id\":\"https:\\\/\\\/noticiasmercedinas.com\\\/site\\\/#\\\/schema\\\/person\\\/d481a9696a5feaec13a60e2bbd991a6a\"},\"headline\":\"Tanna Ramponi se presenta en el Museo de Arte\",\"datePublished\":\"2018-11-14T18:10:35+00:00\",\"mainEntityOfPage\":{\"@id\":\"https:\\\/\\\/noticiasmercedinas.com\\\/site\\\/2018\\\/11\\\/14\\\/tanna-ramponi-se-presenta-en-el-museo-de-arte\\\/\"},\"wordCount\":512,\"commentCount\":0,\"publisher\":{\"@id\":\"https:\\\/\\\/noticiasmercedinas.com\\\/site\\\/#organization\"},\"image\":{\"@id\":\"https:\\\/\\\/noticiasmercedinas.com\\\/site\\\/2018\\\/11\\\/14\\\/tanna-ramponi-se-presenta-en-el-museo-de-arte\\\/#primaryimage\"},\"thumbnailUrl\":\"https:\\\/\\\/noticiasmercedinas.com\\\/site\\\/wp-content\\\/uploads\\\/2018\\\/11\\\/Tanna-MAMMusic.jpg\",\"keywords\":[\"blues\",\"mamm\",\"mamm music\",\"museo de arte\",\"musica\",\"tanna ramponi\"],\"articleSection\":[\"Cultura\"],\"inLanguage\":\"es\",\"potentialAction\":[{\"@type\":\"CommentAction\",\"name\":\"Comment\",\"target\":[\"https:\\\/\\\/noticiasmercedinas.com\\\/site\\\/2018\\\/11\\\/14\\\/tanna-ramponi-se-presenta-en-el-museo-de-arte\\\/#respond\"]}]},{\"@type\":\"WebPage\",\"@id\":\"https:\\\/\\\/noticiasmercedinas.com\\\/site\\\/2018\\\/11\\\/14\\\/tanna-ramponi-se-presenta-en-el-museo-de-arte\\\/\",\"url\":\"https:\\\/\\\/noticiasmercedinas.com\\\/site\\\/2018\\\/11\\\/14\\\/tanna-ramponi-se-presenta-en-el-museo-de-arte\\\/\",\"name\":\"Tanna Ramponi se presenta en el Museo de Arte\",\"isPartOf\":{\"@id\":\"https:\\\/\\\/noticiasmercedinas.com\\\/site\\\/#website\"},\"primaryImageOfPage\":{\"@id\":\"https:\\\/\\\/noticiasmercedinas.com\\\/site\\\/2018\\\/11\\\/14\\\/tanna-ramponi-se-presenta-en-el-museo-de-arte\\\/#primaryimage\"},\"image\":{\"@id\":\"https:\\\/\\\/noticiasmercedinas.com\\\/site\\\/2018\\\/11\\\/14\\\/tanna-ramponi-se-presenta-en-el-museo-de-arte\\\/#primaryimage\"},\"thumbnailUrl\":\"https:\\\/\\\/noticiasmercedinas.com\\\/site\\\/wp-content\\\/uploads\\\/2018\\\/11\\\/Tanna-MAMMusic.jpg\",\"datePublished\":\"2018-11-14T18:10:35+00:00\",\"breadcrumb\":{\"@id\":\"https:\\\/\\\/noticiasmercedinas.com\\\/site\\\/2018\\\/11\\\/14\\\/tanna-ramponi-se-presenta-en-el-museo-de-arte\\\/#breadcrumb\"},\"inLanguage\":\"es\",\"potentialAction\":[{\"@type\":\"ReadAction\",\"target\":[\"https:\\\/\\\/noticiasmercedinas.com\\\/site\\\/2018\\\/11\\\/14\\\/tanna-ramponi-se-presenta-en-el-museo-de-arte\\\/\"]}]},{\"@type\":\"ImageObject\",\"inLanguage\":\"es\",\"@id\":\"https:\\\/\\\/noticiasmercedinas.com\\\/site\\\/2018\\\/11\\\/14\\\/tanna-ramponi-se-presenta-en-el-museo-de-arte\\\/#primaryimage\",\"url\":\"https:\\\/\\\/noticiasmercedinas.com\\\/site\\\/wp-content\\\/uploads\\\/2018\\\/11\\\/Tanna-MAMMusic.jpg\",\"contentUrl\":\"https:\\\/\\\/noticiasmercedinas.com\\\/site\\\/wp-content\\\/uploads\\\/2018\\\/11\\\/Tanna-MAMMusic.jpg\",\"width\":1754,\"height\":2480},{\"@type\":\"BreadcrumbList\",\"@id\":\"https:\\\/\\\/noticiasmercedinas.com\\\/site\\\/2018\\\/11\\\/14\\\/tanna-ramponi-se-presenta-en-el-museo-de-arte\\\/#breadcrumb\",\"itemListElement\":[{\"@type\":\"ListItem\",\"position\":1,\"name\":\"Portada\",\"item\":\"https:\\\/\\\/noticiasmercedinas.com\\\/site\\\/\"},{\"@type\":\"ListItem\",\"position\":2,\"name\":\"Tanna Ramponi se presenta en el Museo de Arte\"}]},{\"@type\":\"WebSite\",\"@id\":\"https:\\\/\\\/noticiasmercedinas.com\\\/site\\\/#website\",\"url\":\"https:\\\/\\\/noticiasmercedinas.com\\\/site\\\/\",\"name\":\"NOTICIASMERCEDINAS.COM\",\"description\":\"Mercedes, Buenos Aires, Argentina\",\"publisher\":{\"@id\":\"https:\\\/\\\/noticiasmercedinas.com\\\/site\\\/#organization\"},\"potentialAction\":[{\"@type\":\"SearchAction\",\"target\":{\"@type\":\"EntryPoint\",\"urlTemplate\":\"https:\\\/\\\/noticiasmercedinas.com\\\/site\\\/?s={search_term_string}\"},\"query-input\":{\"@type\":\"PropertyValueSpecification\",\"valueRequired\":true,\"valueName\":\"search_term_string\"}}],\"inLanguage\":\"es\"},{\"@type\":\"Organization\",\"@id\":\"https:\\\/\\\/noticiasmercedinas.com\\\/site\\\/#organization\",\"name\":\"NOTICIASMERCEDINAS.COM\",\"url\":\"https:\\\/\\\/noticiasmercedinas.com\\\/site\\\/\",\"logo\":{\"@type\":\"ImageObject\",\"inLanguage\":\"es\",\"@id\":\"https:\\\/\\\/noticiasmercedinas.com\\\/site\\\/#\\\/schema\\\/logo\\\/image\\\/\",\"url\":\"https:\\\/\\\/noticiasmercedinas.com\\\/site\\\/wp-content\\\/uploads\\\/2020\\\/06\\\/LOGO-512.jpg\",\"contentUrl\":\"https:\\\/\\\/noticiasmercedinas.com\\\/site\\\/wp-content\\\/uploads\\\/2020\\\/06\\\/LOGO-512.jpg\",\"width\":512,\"height\":512,\"caption\":\"NOTICIASMERCEDINAS.COM\"},\"image\":{\"@id\":\"https:\\\/\\\/noticiasmercedinas.com\\\/site\\\/#\\\/schema\\\/logo\\\/image\\\/\"},\"sameAs\":[\"https:\\\/\\\/www.facebook.com\\\/noticiasmercedinas\\\/\",\"https:\\\/\\\/x.com\\\/notmercedinas\",\"https:\\\/\\\/www.instagram.com\\\/noticiasmercedinas\\\/\"]},{\"@type\":\"Person\",\"@id\":\"https:\\\/\\\/noticiasmercedinas.com\\\/site\\\/#\\\/schema\\\/person\\\/d481a9696a5feaec13a60e2bbd991a6a\",\"name\":\"Cristian Falabella NOTICIASMERCEDINAS.COM\",\"image\":{\"@type\":\"ImageObject\",\"inLanguage\":\"es\",\"@id\":\"https:\\\/\\\/secure.gravatar.com\\\/avatar\\\/0dbbfc45970cc46bcd0e57766228574ff3511d6eed045b182f536f0f478c1f06?s=96&d=mm&r=g\",\"url\":\"https:\\\/\\\/secure.gravatar.com\\\/avatar\\\/0dbbfc45970cc46bcd0e57766228574ff3511d6eed045b182f536f0f478c1f06?s=96&d=mm&r=g\",\"contentUrl\":\"https:\\\/\\\/secure.gravatar.com\\\/avatar\\\/0dbbfc45970cc46bcd0e57766228574ff3511d6eed045b182f536f0f478c1f06?s=96&d=mm&r=g\",\"caption\":\"Cristian Falabella NOTICIASMERCEDINAS.COM\"},\"description\":\"Periodista, editor de Noticias Mercedinas. Pas\u00f3 por varias redacciones y emprendimientos de prensa, en distintos formatos y \u00e9pocas. Se especializ\u00f3 --y sigue haci\u00e9ndolo-- en comunicaci\u00f3n en la web y en junio de 2006 fund\u00f3 este diario digital.\",\"sameAs\":[\"https:\\\/\\\/noticiasmercedinas.com\",\"https:\\\/\\\/www.facebook.com\\\/cristian.falabella\",\"https:\\\/\\\/www.instagram.com\\\/noticiasmercedinas\\\/\",\"https:\\\/\\\/x.com\\\/https:\\\/\\\/twitter.com\\\/NOTMERCEDINAS\"],\"url\":\"https:\\\/\\\/noticiasmercedinas.com\\\/site\\\/author\\\/as000384\\\/\"}]}<\/script>\n<!-- \/ Yoast SEO plugin. -->","yoast_head_json":{"title":"Tanna Ramponi se presenta en el Museo de Arte","robots":{"index":"index","follow":"follow","max-snippet":"max-snippet:-1","max-image-preview":"max-image-preview:large","max-video-preview":"max-video-preview:-1"},"canonical":"https:\/\/noticiasmercedinas.com\/site\/2018\/11\/14\/tanna-ramponi-se-presenta-en-el-museo-de-arte\/","og_locale":"es_ES","og_type":"article","og_title":"Tanna Ramponi se presenta en el Museo de Arte","og_description":"El 18 de noviembre ser\u00e1 la nueva cita que propone, como todos los meses, el museo de Arte de la Municipalidad de Mercedes con su ciclo de ac\u00fasticos MAMMusic. Por \u00e9l ya han pasado artistas de renombre en nuestra ciudad brindando cada uno un espect\u00e1culo digno de reconocimiento. Para esta oportunidad, los productores del evento [&hellip;]","og_url":"https:\/\/noticiasmercedinas.com\/site\/2018\/11\/14\/tanna-ramponi-se-presenta-en-el-museo-de-arte\/","og_site_name":"NOTICIASMERCEDINAS.COM","article_publisher":"https:\/\/www.facebook.com\/noticiasmercedinas\/","article_author":"https:\/\/www.facebook.com\/cristian.falabella","article_published_time":"2018-11-14T18:10:35+00:00","og_image":[{"width":1754,"height":2480,"url":"https:\/\/noticiasmercedinas.com\/site\/wp-content\/uploads\/2018\/11\/Tanna-MAMMusic.jpg","type":"image\/jpeg"}],"author":"Cristian Falabella NOTICIASMERCEDINAS.COM","twitter_card":"summary_large_image","twitter_creator":"@https:\/\/twitter.com\/NOTMERCEDINAS","twitter_site":"@notmercedinas","twitter_misc":{"Escrito por":"Cristian Falabella NOTICIASMERCEDINAS.COM","Tiempo de lectura":"3 minutos"},"schema":{"@context":"https:\/\/schema.org","@graph":[{"@type":"Article","@id":"https:\/\/noticiasmercedinas.com\/site\/2018\/11\/14\/tanna-ramponi-se-presenta-en-el-museo-de-arte\/#article","isPartOf":{"@id":"https:\/\/noticiasmercedinas.com\/site\/2018\/11\/14\/tanna-ramponi-se-presenta-en-el-museo-de-arte\/"},"author":{"name":"Cristian Falabella NOTICIASMERCEDINAS.COM","@id":"https:\/\/noticiasmercedinas.com\/site\/#\/schema\/person\/d481a9696a5feaec13a60e2bbd991a6a"},"headline":"Tanna Ramponi se presenta en el Museo de Arte","datePublished":"2018-11-14T18:10:35+00:00","mainEntityOfPage":{"@id":"https:\/\/noticiasmercedinas.com\/site\/2018\/11\/14\/tanna-ramponi-se-presenta-en-el-museo-de-arte\/"},"wordCount":512,"commentCount":0,"publisher":{"@id":"https:\/\/noticiasmercedinas.com\/site\/#organization"},"image":{"@id":"https:\/\/noticiasmercedinas.com\/site\/2018\/11\/14\/tanna-ramponi-se-presenta-en-el-museo-de-arte\/#primaryimage"},"thumbnailUrl":"https:\/\/noticiasmercedinas.com\/site\/wp-content\/uploads\/2018\/11\/Tanna-MAMMusic.jpg","keywords":["blues","mamm","mamm music","museo de arte","musica","tanna ramponi"],"articleSection":["Cultura"],"inLanguage":"es","potentialAction":[{"@type":"CommentAction","name":"Comment","target":["https:\/\/noticiasmercedinas.com\/site\/2018\/11\/14\/tanna-ramponi-se-presenta-en-el-museo-de-arte\/#respond"]}]},{"@type":"WebPage","@id":"https:\/\/noticiasmercedinas.com\/site\/2018\/11\/14\/tanna-ramponi-se-presenta-en-el-museo-de-arte\/","url":"https:\/\/noticiasmercedinas.com\/site\/2018\/11\/14\/tanna-ramponi-se-presenta-en-el-museo-de-arte\/","name":"Tanna Ramponi se presenta en el Museo de Arte","isPartOf":{"@id":"https:\/\/noticiasmercedinas.com\/site\/#website"},"primaryImageOfPage":{"@id":"https:\/\/noticiasmercedinas.com\/site\/2018\/11\/14\/tanna-ramponi-se-presenta-en-el-museo-de-arte\/#primaryimage"},"image":{"@id":"https:\/\/noticiasmercedinas.com\/site\/2018\/11\/14\/tanna-ramponi-se-presenta-en-el-museo-de-arte\/#primaryimage"},"thumbnailUrl":"https:\/\/noticiasmercedinas.com\/site\/wp-content\/uploads\/2018\/11\/Tanna-MAMMusic.jpg","datePublished":"2018-11-14T18:10:35+00:00","breadcrumb":{"@id":"https:\/\/noticiasmercedinas.com\/site\/2018\/11\/14\/tanna-ramponi-se-presenta-en-el-museo-de-arte\/#breadcrumb"},"inLanguage":"es","potentialAction":[{"@type":"ReadAction","target":["https:\/\/noticiasmercedinas.com\/site\/2018\/11\/14\/tanna-ramponi-se-presenta-en-el-museo-de-arte\/"]}]},{"@type":"ImageObject","inLanguage":"es","@id":"https:\/\/noticiasmercedinas.com\/site\/2018\/11\/14\/tanna-ramponi-se-presenta-en-el-museo-de-arte\/#primaryimage","url":"https:\/\/noticiasmercedinas.com\/site\/wp-content\/uploads\/2018\/11\/Tanna-MAMMusic.jpg","contentUrl":"https:\/\/noticiasmercedinas.com\/site\/wp-content\/uploads\/2018\/11\/Tanna-MAMMusic.jpg","width":1754,"height":2480},{"@type":"BreadcrumbList","@id":"https:\/\/noticiasmercedinas.com\/site\/2018\/11\/14\/tanna-ramponi-se-presenta-en-el-museo-de-arte\/#breadcrumb","itemListElement":[{"@type":"ListItem","position":1,"name":"Portada","item":"https:\/\/noticiasmercedinas.com\/site\/"},{"@type":"ListItem","position":2,"name":"Tanna Ramponi se presenta en el Museo de Arte"}]},{"@type":"WebSite","@id":"https:\/\/noticiasmercedinas.com\/site\/#website","url":"https:\/\/noticiasmercedinas.com\/site\/","name":"NOTICIASMERCEDINAS.COM","description":"Mercedes, Buenos Aires, Argentina","publisher":{"@id":"https:\/\/noticiasmercedinas.com\/site\/#organization"},"potentialAction":[{"@type":"SearchAction","target":{"@type":"EntryPoint","urlTemplate":"https:\/\/noticiasmercedinas.com\/site\/?s={search_term_string}"},"query-input":{"@type":"PropertyValueSpecification","valueRequired":true,"valueName":"search_term_string"}}],"inLanguage":"es"},{"@type":"Organization","@id":"https:\/\/noticiasmercedinas.com\/site\/#organization","name":"NOTICIASMERCEDINAS.COM","url":"https:\/\/noticiasmercedinas.com\/site\/","logo":{"@type":"ImageObject","inLanguage":"es","@id":"https:\/\/noticiasmercedinas.com\/site\/#\/schema\/logo\/image\/","url":"https:\/\/noticiasmercedinas.com\/site\/wp-content\/uploads\/2020\/06\/LOGO-512.jpg","contentUrl":"https:\/\/noticiasmercedinas.com\/site\/wp-content\/uploads\/2020\/06\/LOGO-512.jpg","width":512,"height":512,"caption":"NOTICIASMERCEDINAS.COM"},"image":{"@id":"https:\/\/noticiasmercedinas.com\/site\/#\/schema\/logo\/image\/"},"sameAs":["https:\/\/www.facebook.com\/noticiasmercedinas\/","https:\/\/x.com\/notmercedinas","https:\/\/www.instagram.com\/noticiasmercedinas\/"]},{"@type":"Person","@id":"https:\/\/noticiasmercedinas.com\/site\/#\/schema\/person\/d481a9696a5feaec13a60e2bbd991a6a","name":"Cristian Falabella NOTICIASMERCEDINAS.COM","image":{"@type":"ImageObject","inLanguage":"es","@id":"https:\/\/secure.gravatar.com\/avatar\/0dbbfc45970cc46bcd0e57766228574ff3511d6eed045b182f536f0f478c1f06?s=96&d=mm&r=g","url":"https:\/\/secure.gravatar.com\/avatar\/0dbbfc45970cc46bcd0e57766228574ff3511d6eed045b182f536f0f478c1f06?s=96&d=mm&r=g","contentUrl":"https:\/\/secure.gravatar.com\/avatar\/0dbbfc45970cc46bcd0e57766228574ff3511d6eed045b182f536f0f478c1f06?s=96&d=mm&r=g","caption":"Cristian Falabella NOTICIASMERCEDINAS.COM"},"description":"Periodista, editor de Noticias Mercedinas. Pas\u00f3 por varias redacciones y emprendimientos de prensa, en distintos formatos y \u00e9pocas. Se especializ\u00f3 --y sigue haci\u00e9ndolo-- en comunicaci\u00f3n en la web y en junio de 2006 fund\u00f3 este diario digital.","sameAs":["https:\/\/noticiasmercedinas.com","https:\/\/www.facebook.com\/cristian.falabella","https:\/\/www.instagram.com\/noticiasmercedinas\/","https:\/\/x.com\/https:\/\/twitter.com\/NOTMERCEDINAS"],"url":"https:\/\/noticiasmercedinas.com\/site\/author\/as000384\/"}]}},"amp_enabled":true,"_links":{"self":[{"href":"https:\/\/noticiasmercedinas.com\/site\/wp-json\/wp\/v2\/posts\/6753","targetHints":{"allow":["GET"]}}],"collection":[{"href":"https:\/\/noticiasmercedinas.com\/site\/wp-json\/wp\/v2\/posts"}],"about":[{"href":"https:\/\/noticiasmercedinas.com\/site\/wp-json\/wp\/v2\/types\/post"}],"author":[{"embeddable":true,"href":"https:\/\/noticiasmercedinas.com\/site\/wp-json\/wp\/v2\/users\/2"}],"replies":[{"embeddable":true,"href":"https:\/\/noticiasmercedinas.com\/site\/wp-json\/wp\/v2\/comments?post=6753"}],"version-history":[{"count":1,"href":"https:\/\/noticiasmercedinas.com\/site\/wp-json\/wp\/v2\/posts\/6753\/revisions"}],"predecessor-version":[{"id":6755,"href":"https:\/\/noticiasmercedinas.com\/site\/wp-json\/wp\/v2\/posts\/6753\/revisions\/6755"}],"wp:featuredmedia":[{"embeddable":true,"href":"https:\/\/noticiasmercedinas.com\/site\/wp-json\/wp\/v2\/media\/6754"}],"wp:attachment":[{"href":"https:\/\/noticiasmercedinas.com\/site\/wp-json\/wp\/v2\/media?parent=6753"}],"wp:term":[{"taxonomy":"category","embeddable":true,"href":"https:\/\/noticiasmercedinas.com\/site\/wp-json\/wp\/v2\/categories?post=6753"},{"taxonomy":"post_tag","embeddable":true,"href":"https:\/\/noticiasmercedinas.com\/site\/wp-json\/wp\/v2\/tags?post=6753"}],"curies":[{"name":"wp","href":"https:\/\/api.w.org\/{rel}","templated":true}]}}