{"id":67586,"date":"2021-05-18T15:56:47","date_gmt":"2021-05-18T18:56:47","guid":{"rendered":"https:\/\/noticiasmercedinas.com\/site\/?p=67586"},"modified":"2021-05-18T15:56:47","modified_gmt":"2021-05-18T18:56:47","slug":"en-argentina-comer-tiene-que-ser-barato-porque-producimos-alimentos","status":"publish","type":"post","link":"https:\/\/noticiasmercedinas.com\/site\/2021\/05\/18\/en-argentina-comer-tiene-que-ser-barato-porque-producimos-alimentos\/","title":{"rendered":"\u201cEn Argentina comer tiene que ser barato, porque producimos alimentos\u201d"},"content":{"rendered":"<p><img loading=\"lazy\" decoding=\"async\" class=\"alignnone size-full wp-image-67587\" src=\"https:\/\/noticiasmercedinas.com\/site\/wp-content\/uploads\/2021\/05\/daniel_arroyo_1.jpg\" alt=\"\" width=\"640\" height=\"427\" srcset=\"https:\/\/noticiasmercedinas.com\/site\/wp-content\/uploads\/2021\/05\/daniel_arroyo_1.jpg 640w, https:\/\/noticiasmercedinas.com\/site\/wp-content\/uploads\/2021\/05\/daniel_arroyo_1-300x200.jpg 300w\" sizes=\"auto, (max-width: 640px) 100vw, 640px\" \/><\/p>\n<p>En el marco de la <a href=\"https:\/\/noticiasmercedinas.com\/site\/2021\/05\/18\/ustarroz-agradecio-el-apoyo-y-remarco-espiritu-de-equipo-y-de-unidad\/\"><span style=\"color: #000080;\"><strong>visita de varios ministros a Mercedes<\/strong><\/span><\/a>, uno de los presentes fue <strong>Daniel Arroyo<\/strong>, quien es responsable de la cartera de Desarrollo Social. Y ante los medios fue oportunidad propicia para escuchar su opini\u00f3n sobre la crisis que se vive en el sector de la carne con el aumento que oblig\u00f3 al cierre de las exportaciones.<\/p>\n<p>El precio de la carne oblig\u00f3 a tomar medidas y el ministro de Desarrollo Social reflexion\u00f3: \u201cSube el precio de los alimentos y sube la pobreza. El principal problema que tenemos hoy es el precio de los alimentos\u201d, dijo Arroyo.<\/p>\n<p>\u201cHay mucho por hacer y es clave que el productor le venda directamente al consumidor. Creo que en la intermediaci\u00f3n est\u00e1 el problema. Si el tambero saca el litro de leche de 18 a 20 pesos y termina en 70 u 80 pesos en la g\u00f3ndola, ah\u00ed hay un problema\u201d, ejemplific\u00f3 Arroyo.<\/p>\n<blockquote><p>\u00abHay mucho por hacer y es clave que el productor le venda directamente al consumidor. Creo que en la intermediaci\u00f3n est\u00e1 el problema\u00bb<\/p><\/blockquote>\n<p>\u201cNuestra tarea es generar desde el ministerio la canasta ahorro, productos que van a las ferias para bajar los precios. Luego hicimos 400 nuevos mercados centrales. La idea es que los productores tengan condiciones. Por eso tambi\u00e9n se pone en marcha desde el viernes la ley de g\u00f3ndolas, para que nadie pueda tener m\u00e1s del 30 por ciento de la g\u00f3ndola\u201d, agreg\u00f3 el ministro de Desarrollo Social de la Naci\u00f3n.<\/p>\n<p>\u201cY algo que hablamos siempre con el intendente Juan Ustarroz y est\u00e1n llevando adelante en Mercedes es el cr\u00e9dito no bancario. Tenemos problemas en el acceso al cr\u00e9dito, por eso damos una tasa del 3 por ciento para comprar m\u00e1quinas y herramientas. Hoy el gobierno tom\u00f3 una decisi\u00f3n muy importante y el desaf\u00edo es crear trabajo y la asistencia alimentaria\u201d, dijo luego. \u201cAdem\u00e1s hay que fortalecer a los peque\u00f1os productores\u201d, agreg\u00f3 e hizo menci\u00f3n a \u201c5 rubros que van a generar trabajo\u201d: \u201cLa construcci\u00f3n, la industria textil, el cuidado de personas, el reciclado y la producci\u00f3n de alimentos\u201d.<\/p>\n<p>\u201cEn Argentina comer tiene que ser barato, porque producimos alimentos\u201d, sentenci\u00f3 Arroyo y destac\u00f3 que la clave pasa por \u201cconversar y fortalecer el sistema de producci\u00f3n\u201d, ante las perspectivas de paro planteadas por distintos sectores.<\/p>\n","protected":false},"excerpt":{"rendered":"<p>\u00ad\u25a0 De visita en Mercedes, el ministro de Desarrollo Social dio su opini\u00f3n sobre la crisis que se vive en el sector de la carne con el aumento que oblig\u00f3 al cierre de las exportaciones.<\/p>\n","protected":false},"author":2,"featured_media":67587,"comment_status":"open","ping_status":"open","sticky":false,"template":"","format":"standard","meta":{"footnotes":""},"categories":[16],"tags":[3565,1604,44,23],"class_list":["post-67586","post","type-post","status-publish","format-standard","has-post-thumbnail","hentry","category-politica","tag-carne","tag-daniel-arroyo","tag-desarrollo-social","tag-mercedes"],"yoast_head":"<!-- This site is optimized with the Yoast SEO plugin v27.4 - https:\/\/yoast.com\/product\/yoast-seo-wordpress\/ -->\n<title>\u201cEn Argentina comer tiene que ser barato, porque producimos alimentos\u201d<\/title>\n<meta name=\"robots\" content=\"index, follow, max-snippet:-1, max-image-preview:large, max-video-preview:-1\" \/>\n<link rel=\"canonical\" href=\"https:\/\/noticiasmercedinas.com\/site\/2021\/05\/18\/en-argentina-comer-tiene-que-ser-barato-porque-producimos-alimentos\/\" \/>\n<meta property=\"og:locale\" content=\"es_ES\" \/>\n<meta property=\"og:type\" content=\"article\" \/>\n<meta property=\"og:title\" content=\"\u201cEn Argentina comer tiene que ser barato, porque producimos alimentos\u201d\" \/>\n<meta property=\"og:description\" content=\"\u00ad\u25a0 De visita en Mercedes, el ministro de Desarrollo Social dio su opini\u00f3n sobre la crisis que se vive en el sector de la carne con el aumento que oblig\u00f3 al cierre de las exportaciones.\" \/>\n<meta property=\"og:url\" content=\"https:\/\/noticiasmercedinas.com\/site\/2021\/05\/18\/en-argentina-comer-tiene-que-ser-barato-porque-producimos-alimentos\/\" \/>\n<meta property=\"og:site_name\" content=\"NOTICIASMERCEDINAS.COM\" \/>\n<meta property=\"article:publisher\" content=\"https:\/\/www.facebook.com\/noticiasmercedinas\/\" \/>\n<meta property=\"article:author\" content=\"https:\/\/www.facebook.com\/cristian.falabella\" \/>\n<meta property=\"article:published_time\" content=\"2021-05-18T18:56:47+00:00\" \/>\n<meta property=\"og:image\" content=\"https:\/\/noticiasmercedinas.com\/site\/wp-content\/uploads\/2021\/05\/daniel_arroyo_1.jpg\" \/>\n\t<meta property=\"og:image:width\" content=\"640\" \/>\n\t<meta property=\"og:image:height\" content=\"427\" \/>\n\t<meta property=\"og:image:type\" content=\"image\/jpeg\" \/>\n<meta name=\"author\" content=\"Cristian Falabella NOTICIASMERCEDINAS.COM\" \/>\n<meta name=\"twitter:card\" content=\"summary_large_image\" \/>\n<meta name=\"twitter:creator\" content=\"@https:\/\/twitter.com\/NOTMERCEDINAS\" \/>\n<meta name=\"twitter:site\" content=\"@notmercedinas\" \/>\n<meta name=\"twitter:label1\" content=\"Escrito por\" \/>\n\t<meta name=\"twitter:data1\" content=\"Cristian Falabella NOTICIASMERCEDINAS.COM\" \/>\n\t<meta name=\"twitter:label2\" content=\"Tiempo de lectura\" \/>\n\t<meta name=\"twitter:data2\" content=\"2 minutos\" \/>\n<script type=\"application\/ld+json\" class=\"yoast-schema-graph\">{\"@context\":\"https:\\\/\\\/schema.org\",\"@graph\":[{\"@type\":\"Article\",\"@id\":\"https:\\\/\\\/noticiasmercedinas.com\\\/site\\\/2021\\\/05\\\/18\\\/en-argentina-comer-tiene-que-ser-barato-porque-producimos-alimentos\\\/#article\",\"isPartOf\":{\"@id\":\"https:\\\/\\\/noticiasmercedinas.com\\\/site\\\/2021\\\/05\\\/18\\\/en-argentina-comer-tiene-que-ser-barato-porque-producimos-alimentos\\\/\"},\"author\":{\"name\":\"Cristian Falabella NOTICIASMERCEDINAS.COM\",\"@id\":\"https:\\\/\\\/noticiasmercedinas.com\\\/site\\\/#\\\/schema\\\/person\\\/d481a9696a5feaec13a60e2bbd991a6a\"},\"headline\":\"\u201cEn Argentina comer tiene que ser barato, porque producimos alimentos\u201d\",\"datePublished\":\"2021-05-18T18:56:47+00:00\",\"mainEntityOfPage\":{\"@id\":\"https:\\\/\\\/noticiasmercedinas.com\\\/site\\\/2021\\\/05\\\/18\\\/en-argentina-comer-tiene-que-ser-barato-porque-producimos-alimentos\\\/\"},\"wordCount\":401,\"commentCount\":0,\"publisher\":{\"@id\":\"https:\\\/\\\/noticiasmercedinas.com\\\/site\\\/#organization\"},\"image\":{\"@id\":\"https:\\\/\\\/noticiasmercedinas.com\\\/site\\\/2021\\\/05\\\/18\\\/en-argentina-comer-tiene-que-ser-barato-porque-producimos-alimentos\\\/#primaryimage\"},\"thumbnailUrl\":\"https:\\\/\\\/noticiasmercedinas.com\\\/site\\\/wp-content\\\/uploads\\\/2021\\\/05\\\/daniel_arroyo_1.jpg\",\"keywords\":[\"carne\",\"Daniel Arroyo\",\"desarrollo social\",\"mercedes\"],\"articleSection\":[\"Politica\"],\"inLanguage\":\"es\",\"potentialAction\":[{\"@type\":\"CommentAction\",\"name\":\"Comment\",\"target\":[\"https:\\\/\\\/noticiasmercedinas.com\\\/site\\\/2021\\\/05\\\/18\\\/en-argentina-comer-tiene-que-ser-barato-porque-producimos-alimentos\\\/#respond\"]}]},{\"@type\":\"WebPage\",\"@id\":\"https:\\\/\\\/noticiasmercedinas.com\\\/site\\\/2021\\\/05\\\/18\\\/en-argentina-comer-tiene-que-ser-barato-porque-producimos-alimentos\\\/\",\"url\":\"https:\\\/\\\/noticiasmercedinas.com\\\/site\\\/2021\\\/05\\\/18\\\/en-argentina-comer-tiene-que-ser-barato-porque-producimos-alimentos\\\/\",\"name\":\"\u201cEn Argentina comer tiene que ser barato, porque producimos alimentos\u201d\",\"isPartOf\":{\"@id\":\"https:\\\/\\\/noticiasmercedinas.com\\\/site\\\/#website\"},\"primaryImageOfPage\":{\"@id\":\"https:\\\/\\\/noticiasmercedinas.com\\\/site\\\/2021\\\/05\\\/18\\\/en-argentina-comer-tiene-que-ser-barato-porque-producimos-alimentos\\\/#primaryimage\"},\"image\":{\"@id\":\"https:\\\/\\\/noticiasmercedinas.com\\\/site\\\/2021\\\/05\\\/18\\\/en-argentina-comer-tiene-que-ser-barato-porque-producimos-alimentos\\\/#primaryimage\"},\"thumbnailUrl\":\"https:\\\/\\\/noticiasmercedinas.com\\\/site\\\/wp-content\\\/uploads\\\/2021\\\/05\\\/daniel_arroyo_1.jpg\",\"datePublished\":\"2021-05-18T18:56:47+00:00\",\"breadcrumb\":{\"@id\":\"https:\\\/\\\/noticiasmercedinas.com\\\/site\\\/2021\\\/05\\\/18\\\/en-argentina-comer-tiene-que-ser-barato-porque-producimos-alimentos\\\/#breadcrumb\"},\"inLanguage\":\"es\",\"potentialAction\":[{\"@type\":\"ReadAction\",\"target\":[\"https:\\\/\\\/noticiasmercedinas.com\\\/site\\\/2021\\\/05\\\/18\\\/en-argentina-comer-tiene-que-ser-barato-porque-producimos-alimentos\\\/\"]}]},{\"@type\":\"ImageObject\",\"inLanguage\":\"es\",\"@id\":\"https:\\\/\\\/noticiasmercedinas.com\\\/site\\\/2021\\\/05\\\/18\\\/en-argentina-comer-tiene-que-ser-barato-porque-producimos-alimentos\\\/#primaryimage\",\"url\":\"https:\\\/\\\/noticiasmercedinas.com\\\/site\\\/wp-content\\\/uploads\\\/2021\\\/05\\\/daniel_arroyo_1.jpg\",\"contentUrl\":\"https:\\\/\\\/noticiasmercedinas.com\\\/site\\\/wp-content\\\/uploads\\\/2021\\\/05\\\/daniel_arroyo_1.jpg\",\"width\":640,\"height\":427},{\"@type\":\"BreadcrumbList\",\"@id\":\"https:\\\/\\\/noticiasmercedinas.com\\\/site\\\/2021\\\/05\\\/18\\\/en-argentina-comer-tiene-que-ser-barato-porque-producimos-alimentos\\\/#breadcrumb\",\"itemListElement\":[{\"@type\":\"ListItem\",\"position\":1,\"name\":\"Portada\",\"item\":\"https:\\\/\\\/noticiasmercedinas.com\\\/site\\\/\"},{\"@type\":\"ListItem\",\"position\":2,\"name\":\"\u201cEn Argentina comer tiene que ser barato, porque producimos alimentos\u201d\"}]},{\"@type\":\"WebSite\",\"@id\":\"https:\\\/\\\/noticiasmercedinas.com\\\/site\\\/#website\",\"url\":\"https:\\\/\\\/noticiasmercedinas.com\\\/site\\\/\",\"name\":\"NOTICIASMERCEDINAS.COM\",\"description\":\"Mercedes, Buenos Aires, Argentina\",\"publisher\":{\"@id\":\"https:\\\/\\\/noticiasmercedinas.com\\\/site\\\/#organization\"},\"potentialAction\":[{\"@type\":\"SearchAction\",\"target\":{\"@type\":\"EntryPoint\",\"urlTemplate\":\"https:\\\/\\\/noticiasmercedinas.com\\\/site\\\/?s={search_term_string}\"},\"query-input\":{\"@type\":\"PropertyValueSpecification\",\"valueRequired\":true,\"valueName\":\"search_term_string\"}}],\"inLanguage\":\"es\"},{\"@type\":\"Organization\",\"@id\":\"https:\\\/\\\/noticiasmercedinas.com\\\/site\\\/#organization\",\"name\":\"NOTICIASMERCEDINAS.COM\",\"url\":\"https:\\\/\\\/noticiasmercedinas.com\\\/site\\\/\",\"logo\":{\"@type\":\"ImageObject\",\"inLanguage\":\"es\",\"@id\":\"https:\\\/\\\/noticiasmercedinas.com\\\/site\\\/#\\\/schema\\\/logo\\\/image\\\/\",\"url\":\"https:\\\/\\\/noticiasmercedinas.com\\\/site\\\/wp-content\\\/uploads\\\/2020\\\/06\\\/LOGO-512.jpg\",\"contentUrl\":\"https:\\\/\\\/noticiasmercedinas.com\\\/site\\\/wp-content\\\/uploads\\\/2020\\\/06\\\/LOGO-512.jpg\",\"width\":512,\"height\":512,\"caption\":\"NOTICIASMERCEDINAS.COM\"},\"image\":{\"@id\":\"https:\\\/\\\/noticiasmercedinas.com\\\/site\\\/#\\\/schema\\\/logo\\\/image\\\/\"},\"sameAs\":[\"https:\\\/\\\/www.facebook.com\\\/noticiasmercedinas\\\/\",\"https:\\\/\\\/x.com\\\/notmercedinas\",\"https:\\\/\\\/www.instagram.com\\\/noticiasmercedinas\\\/\"]},{\"@type\":\"Person\",\"@id\":\"https:\\\/\\\/noticiasmercedinas.com\\\/site\\\/#\\\/schema\\\/person\\\/d481a9696a5feaec13a60e2bbd991a6a\",\"name\":\"Cristian Falabella NOTICIASMERCEDINAS.COM\",\"image\":{\"@type\":\"ImageObject\",\"inLanguage\":\"es\",\"@id\":\"https:\\\/\\\/secure.gravatar.com\\\/avatar\\\/0dbbfc45970cc46bcd0e57766228574ff3511d6eed045b182f536f0f478c1f06?s=96&d=mm&r=g\",\"url\":\"https:\\\/\\\/secure.gravatar.com\\\/avatar\\\/0dbbfc45970cc46bcd0e57766228574ff3511d6eed045b182f536f0f478c1f06?s=96&d=mm&r=g\",\"contentUrl\":\"https:\\\/\\\/secure.gravatar.com\\\/avatar\\\/0dbbfc45970cc46bcd0e57766228574ff3511d6eed045b182f536f0f478c1f06?s=96&d=mm&r=g\",\"caption\":\"Cristian Falabella NOTICIASMERCEDINAS.COM\"},\"description\":\"Periodista, editor de Noticias Mercedinas. Pas\u00f3 por varias redacciones y emprendimientos de prensa, en distintos formatos y \u00e9pocas. Se especializ\u00f3 --y sigue haci\u00e9ndolo-- en comunicaci\u00f3n en la web y en junio de 2006 fund\u00f3 este diario digital.\",\"sameAs\":[\"https:\\\/\\\/noticiasmercedinas.com\",\"https:\\\/\\\/www.facebook.com\\\/cristian.falabella\",\"https:\\\/\\\/www.instagram.com\\\/noticiasmercedinas\\\/\",\"https:\\\/\\\/x.com\\\/https:\\\/\\\/twitter.com\\\/NOTMERCEDINAS\"],\"url\":\"https:\\\/\\\/noticiasmercedinas.com\\\/site\\\/author\\\/as000384\\\/\"}]}<\/script>\n<!-- \/ Yoast SEO plugin. -->","yoast_head_json":{"title":"\u201cEn Argentina comer tiene que ser barato, porque producimos alimentos\u201d","robots":{"index":"index","follow":"follow","max-snippet":"max-snippet:-1","max-image-preview":"max-image-preview:large","max-video-preview":"max-video-preview:-1"},"canonical":"https:\/\/noticiasmercedinas.com\/site\/2021\/05\/18\/en-argentina-comer-tiene-que-ser-barato-porque-producimos-alimentos\/","og_locale":"es_ES","og_type":"article","og_title":"\u201cEn Argentina comer tiene que ser barato, porque producimos alimentos\u201d","og_description":"\u00ad\u25a0 De visita en Mercedes, el ministro de Desarrollo Social dio su opini\u00f3n sobre la crisis que se vive en el sector de la carne con el aumento que oblig\u00f3 al cierre de las exportaciones.","og_url":"https:\/\/noticiasmercedinas.com\/site\/2021\/05\/18\/en-argentina-comer-tiene-que-ser-barato-porque-producimos-alimentos\/","og_site_name":"NOTICIASMERCEDINAS.COM","article_publisher":"https:\/\/www.facebook.com\/noticiasmercedinas\/","article_author":"https:\/\/www.facebook.com\/cristian.falabella","article_published_time":"2021-05-18T18:56:47+00:00","og_image":[{"width":640,"height":427,"url":"https:\/\/noticiasmercedinas.com\/site\/wp-content\/uploads\/2021\/05\/daniel_arroyo_1.jpg","type":"image\/jpeg"}],"author":"Cristian Falabella NOTICIASMERCEDINAS.COM","twitter_card":"summary_large_image","twitter_creator":"@https:\/\/twitter.com\/NOTMERCEDINAS","twitter_site":"@notmercedinas","twitter_misc":{"Escrito por":"Cristian Falabella NOTICIASMERCEDINAS.COM","Tiempo de lectura":"2 minutos"},"schema":{"@context":"https:\/\/schema.org","@graph":[{"@type":"Article","@id":"https:\/\/noticiasmercedinas.com\/site\/2021\/05\/18\/en-argentina-comer-tiene-que-ser-barato-porque-producimos-alimentos\/#article","isPartOf":{"@id":"https:\/\/noticiasmercedinas.com\/site\/2021\/05\/18\/en-argentina-comer-tiene-que-ser-barato-porque-producimos-alimentos\/"},"author":{"name":"Cristian Falabella NOTICIASMERCEDINAS.COM","@id":"https:\/\/noticiasmercedinas.com\/site\/#\/schema\/person\/d481a9696a5feaec13a60e2bbd991a6a"},"headline":"\u201cEn Argentina comer tiene que ser barato, porque producimos alimentos\u201d","datePublished":"2021-05-18T18:56:47+00:00","mainEntityOfPage":{"@id":"https:\/\/noticiasmercedinas.com\/site\/2021\/05\/18\/en-argentina-comer-tiene-que-ser-barato-porque-producimos-alimentos\/"},"wordCount":401,"commentCount":0,"publisher":{"@id":"https:\/\/noticiasmercedinas.com\/site\/#organization"},"image":{"@id":"https:\/\/noticiasmercedinas.com\/site\/2021\/05\/18\/en-argentina-comer-tiene-que-ser-barato-porque-producimos-alimentos\/#primaryimage"},"thumbnailUrl":"https:\/\/noticiasmercedinas.com\/site\/wp-content\/uploads\/2021\/05\/daniel_arroyo_1.jpg","keywords":["carne","Daniel Arroyo","desarrollo social","mercedes"],"articleSection":["Politica"],"inLanguage":"es","potentialAction":[{"@type":"CommentAction","name":"Comment","target":["https:\/\/noticiasmercedinas.com\/site\/2021\/05\/18\/en-argentina-comer-tiene-que-ser-barato-porque-producimos-alimentos\/#respond"]}]},{"@type":"WebPage","@id":"https:\/\/noticiasmercedinas.com\/site\/2021\/05\/18\/en-argentina-comer-tiene-que-ser-barato-porque-producimos-alimentos\/","url":"https:\/\/noticiasmercedinas.com\/site\/2021\/05\/18\/en-argentina-comer-tiene-que-ser-barato-porque-producimos-alimentos\/","name":"\u201cEn Argentina comer tiene que ser barato, porque producimos alimentos\u201d","isPartOf":{"@id":"https:\/\/noticiasmercedinas.com\/site\/#website"},"primaryImageOfPage":{"@id":"https:\/\/noticiasmercedinas.com\/site\/2021\/05\/18\/en-argentina-comer-tiene-que-ser-barato-porque-producimos-alimentos\/#primaryimage"},"image":{"@id":"https:\/\/noticiasmercedinas.com\/site\/2021\/05\/18\/en-argentina-comer-tiene-que-ser-barato-porque-producimos-alimentos\/#primaryimage"},"thumbnailUrl":"https:\/\/noticiasmercedinas.com\/site\/wp-content\/uploads\/2021\/05\/daniel_arroyo_1.jpg","datePublished":"2021-05-18T18:56:47+00:00","breadcrumb":{"@id":"https:\/\/noticiasmercedinas.com\/site\/2021\/05\/18\/en-argentina-comer-tiene-que-ser-barato-porque-producimos-alimentos\/#breadcrumb"},"inLanguage":"es","potentialAction":[{"@type":"ReadAction","target":["https:\/\/noticiasmercedinas.com\/site\/2021\/05\/18\/en-argentina-comer-tiene-que-ser-barato-porque-producimos-alimentos\/"]}]},{"@type":"ImageObject","inLanguage":"es","@id":"https:\/\/noticiasmercedinas.com\/site\/2021\/05\/18\/en-argentina-comer-tiene-que-ser-barato-porque-producimos-alimentos\/#primaryimage","url":"https:\/\/noticiasmercedinas.com\/site\/wp-content\/uploads\/2021\/05\/daniel_arroyo_1.jpg","contentUrl":"https:\/\/noticiasmercedinas.com\/site\/wp-content\/uploads\/2021\/05\/daniel_arroyo_1.jpg","width":640,"height":427},{"@type":"BreadcrumbList","@id":"https:\/\/noticiasmercedinas.com\/site\/2021\/05\/18\/en-argentina-comer-tiene-que-ser-barato-porque-producimos-alimentos\/#breadcrumb","itemListElement":[{"@type":"ListItem","position":1,"name":"Portada","item":"https:\/\/noticiasmercedinas.com\/site\/"},{"@type":"ListItem","position":2,"name":"\u201cEn Argentina comer tiene que ser barato, porque producimos alimentos\u201d"}]},{"@type":"WebSite","@id":"https:\/\/noticiasmercedinas.com\/site\/#website","url":"https:\/\/noticiasmercedinas.com\/site\/","name":"NOTICIASMERCEDINAS.COM","description":"Mercedes, Buenos Aires, Argentina","publisher":{"@id":"https:\/\/noticiasmercedinas.com\/site\/#organization"},"potentialAction":[{"@type":"SearchAction","target":{"@type":"EntryPoint","urlTemplate":"https:\/\/noticiasmercedinas.com\/site\/?s={search_term_string}"},"query-input":{"@type":"PropertyValueSpecification","valueRequired":true,"valueName":"search_term_string"}}],"inLanguage":"es"},{"@type":"Organization","@id":"https:\/\/noticiasmercedinas.com\/site\/#organization","name":"NOTICIASMERCEDINAS.COM","url":"https:\/\/noticiasmercedinas.com\/site\/","logo":{"@type":"ImageObject","inLanguage":"es","@id":"https:\/\/noticiasmercedinas.com\/site\/#\/schema\/logo\/image\/","url":"https:\/\/noticiasmercedinas.com\/site\/wp-content\/uploads\/2020\/06\/LOGO-512.jpg","contentUrl":"https:\/\/noticiasmercedinas.com\/site\/wp-content\/uploads\/2020\/06\/LOGO-512.jpg","width":512,"height":512,"caption":"NOTICIASMERCEDINAS.COM"},"image":{"@id":"https:\/\/noticiasmercedinas.com\/site\/#\/schema\/logo\/image\/"},"sameAs":["https:\/\/www.facebook.com\/noticiasmercedinas\/","https:\/\/x.com\/notmercedinas","https:\/\/www.instagram.com\/noticiasmercedinas\/"]},{"@type":"Person","@id":"https:\/\/noticiasmercedinas.com\/site\/#\/schema\/person\/d481a9696a5feaec13a60e2bbd991a6a","name":"Cristian Falabella NOTICIASMERCEDINAS.COM","image":{"@type":"ImageObject","inLanguage":"es","@id":"https:\/\/secure.gravatar.com\/avatar\/0dbbfc45970cc46bcd0e57766228574ff3511d6eed045b182f536f0f478c1f06?s=96&d=mm&r=g","url":"https:\/\/secure.gravatar.com\/avatar\/0dbbfc45970cc46bcd0e57766228574ff3511d6eed045b182f536f0f478c1f06?s=96&d=mm&r=g","contentUrl":"https:\/\/secure.gravatar.com\/avatar\/0dbbfc45970cc46bcd0e57766228574ff3511d6eed045b182f536f0f478c1f06?s=96&d=mm&r=g","caption":"Cristian Falabella NOTICIASMERCEDINAS.COM"},"description":"Periodista, editor de Noticias Mercedinas. Pas\u00f3 por varias redacciones y emprendimientos de prensa, en distintos formatos y \u00e9pocas. Se especializ\u00f3 --y sigue haci\u00e9ndolo-- en comunicaci\u00f3n en la web y en junio de 2006 fund\u00f3 este diario digital.","sameAs":["https:\/\/noticiasmercedinas.com","https:\/\/www.facebook.com\/cristian.falabella","https:\/\/www.instagram.com\/noticiasmercedinas\/","https:\/\/x.com\/https:\/\/twitter.com\/NOTMERCEDINAS"],"url":"https:\/\/noticiasmercedinas.com\/site\/author\/as000384\/"}]}},"amp_enabled":true,"_links":{"self":[{"href":"https:\/\/noticiasmercedinas.com\/site\/wp-json\/wp\/v2\/posts\/67586","targetHints":{"allow":["GET"]}}],"collection":[{"href":"https:\/\/noticiasmercedinas.com\/site\/wp-json\/wp\/v2\/posts"}],"about":[{"href":"https:\/\/noticiasmercedinas.com\/site\/wp-json\/wp\/v2\/types\/post"}],"author":[{"embeddable":true,"href":"https:\/\/noticiasmercedinas.com\/site\/wp-json\/wp\/v2\/users\/2"}],"replies":[{"embeddable":true,"href":"https:\/\/noticiasmercedinas.com\/site\/wp-json\/wp\/v2\/comments?post=67586"}],"version-history":[{"count":1,"href":"https:\/\/noticiasmercedinas.com\/site\/wp-json\/wp\/v2\/posts\/67586\/revisions"}],"predecessor-version":[{"id":67588,"href":"https:\/\/noticiasmercedinas.com\/site\/wp-json\/wp\/v2\/posts\/67586\/revisions\/67588"}],"wp:featuredmedia":[{"embeddable":true,"href":"https:\/\/noticiasmercedinas.com\/site\/wp-json\/wp\/v2\/media\/67587"}],"wp:attachment":[{"href":"https:\/\/noticiasmercedinas.com\/site\/wp-json\/wp\/v2\/media?parent=67586"}],"wp:term":[{"taxonomy":"category","embeddable":true,"href":"https:\/\/noticiasmercedinas.com\/site\/wp-json\/wp\/v2\/categories?post=67586"},{"taxonomy":"post_tag","embeddable":true,"href":"https:\/\/noticiasmercedinas.com\/site\/wp-json\/wp\/v2\/tags?post=67586"}],"curies":[{"name":"wp","href":"https:\/\/api.w.org\/{rel}","templated":true}]}}