{"id":67757,"date":"2021-05-21T10:21:52","date_gmt":"2021-05-21T13:21:52","guid":{"rendered":"https:\/\/noticiasmercedinas.com\/site\/?p=67757"},"modified":"2021-05-21T11:08:41","modified_gmt":"2021-05-21T14:08:41","slug":"se-suspende-todo-el-futbol","status":"publish","type":"post","link":"https:\/\/noticiasmercedinas.com\/site\/2021\/05\/21\/se-suspende-todo-el-futbol\/","title":{"rendered":"Se suspende todo el f\u00fatbol"},"content":{"rendered":"<p><img loading=\"lazy\" decoding=\"async\" class=\"alignnone size-full wp-image-67758\" src=\"https:\/\/noticiasmercedinas.com\/site\/wp-content\/uploads\/2021\/05\/afa.jpg\" alt=\"\" width=\"640\" height=\"480\" srcset=\"https:\/\/noticiasmercedinas.com\/site\/wp-content\/uploads\/2021\/05\/afa.jpg 640w, https:\/\/noticiasmercedinas.com\/site\/wp-content\/uploads\/2021\/05\/afa-300x225.jpg 300w, https:\/\/noticiasmercedinas.com\/site\/wp-content\/uploads\/2021\/05\/afa-80x60.jpg 80w, https:\/\/noticiasmercedinas.com\/site\/wp-content\/uploads\/2021\/05\/afa-160x120.jpg 160w, https:\/\/noticiasmercedinas.com\/site\/wp-content\/uploads\/2021\/05\/afa-100x75.jpg 100w, https:\/\/noticiasmercedinas.com\/site\/wp-content\/uploads\/2021\/05\/afa-200x150.jpg 200w, https:\/\/noticiasmercedinas.com\/site\/wp-content\/uploads\/2021\/05\/afa-180x135.jpg 180w, https:\/\/noticiasmercedinas.com\/site\/wp-content\/uploads\/2021\/05\/afa-360x270.jpg 360w, https:\/\/noticiasmercedinas.com\/site\/wp-content\/uploads\/2021\/05\/afa-238x178.jpg 238w, https:\/\/noticiasmercedinas.com\/site\/wp-content\/uploads\/2021\/05\/afa-476x356.jpg 476w\" sizes=\"auto, (max-width: 640px) 100vw, 640px\" \/><\/p>\n<p>La Liga Profesional de F\u00fatbol m\u00e1s la Asociaci\u00f3n del F\u00fatbol Argentino acaban de suspender todos sus torneos, ingresado en el marco de las nuevas medidas de restricciones ante el notable aumento de casos de Covid 19. De esta manera los integrantes de la Legi\u00f3n Mercedina no tendr\u00e1n acci\u00f3n al menos por espacios de 10 d\u00edas, hasta domingo 30 de mayo inclusive.<\/p>\n<p>Es el caso de Federico L\u00e9rtora que iba a disputar la semifinal ante Independiente en San Juan por el certamen de Primera en Col\u00f3n. Ya en el ascenso, la Primera Nacional, Nicol\u00e1s Dematei tampoco tendr\u00e1 su compromiso en Agropecuario que recib\u00eda a Atlanta el lunes 24 en Carlos Casares.<\/p>\n<p>La Primera B marcaba la visita de Flandria, con Emmanuel Culio, a Argentino de Quilmes el domingo 23. Por la misma categor\u00eda Defensores Unidos de Z\u00e1rate el s\u00e1bado 22 no se medir\u00e1 ante UAI Urquiza, en el \u201cCeleste\u201d juega Mauro Bustos. En lo que respecta a la Primera C, Luj\u00e1n (Mat\u00edas Caputo y Gonzalo P\u00e9rez) y General Lamadrid quedar\u00e1 para otra ocasi\u00f3n.<\/p>\n<p>Ya en lo que es el certamen del Federal A, dependiente del Consejo Federal que es parte de AFA, Douglas Haig de Pergamino (Rodrigo Torres) recib\u00eda a Gimnasia y Tiro de Salta. En Bah\u00eda Blanca, Olimpo, esperaban por Juventud de San Luis donde act\u00faa Facundo D\u00e9sima entre los arqueros.<\/p>\n<p><strong>Reserva<\/strong><br \/>\nEl panorama de la categor\u00eda de la Liga Profesional es otro, al menos este viernes, desde la 10 est\u00e1n jugando Boca vs. Newell\u00b4s. Por la tarde desde la 15 lo har\u00e1n River, sin Daniel Lucero con Covid 19, y Sarmiento que cuenta entre los convocado con Genaro Mustoni. Este torneo se detendr\u00e1 tras las semifinales.<\/p>\n","protected":false},"excerpt":{"rendered":"<p>\u25a0 La Liga Profesional de F\u00fatbol y la AFA con el ascenso y otros cert\u00e1menes desde la 20 de hoy no tendr\u00e1n disputa de partidos. Esto marca que los mercedinos no tendr\u00e1n sus compromisos. En principio la medida ser\u00e1 hasta el domingo 30 inclusive.<\/p>\n","protected":false},"author":6,"featured_media":67758,"comment_status":"open","ping_status":"open","sticky":false,"template":"","format":"standard","meta":{"footnotes":""},"categories":[5],"tags":[6424,2163,10570,592],"class_list":["post-67757","post","type-post","status-publish","format-standard","has-post-thumbnail","hentry","category-deportes","tag-afa","tag-legion-mercedina","tag-liga-profesional","tag-reserva"],"yoast_head":"<!-- This site is optimized with the Yoast SEO plugin v27.4 - https:\/\/yoast.com\/product\/yoast-seo-wordpress\/ -->\n<title>Se suspende todo el f\u00fatbol<\/title>\n<meta name=\"robots\" content=\"index, follow, max-snippet:-1, max-image-preview:large, max-video-preview:-1\" \/>\n<link rel=\"canonical\" href=\"https:\/\/noticiasmercedinas.com\/site\/2021\/05\/21\/se-suspende-todo-el-futbol\/\" \/>\n<meta property=\"og:locale\" content=\"es_ES\" \/>\n<meta property=\"og:type\" content=\"article\" \/>\n<meta property=\"og:title\" content=\"Se suspende todo el f\u00fatbol\" \/>\n<meta property=\"og:description\" content=\"\u25a0 La Liga Profesional de F\u00fatbol y la AFA con el ascenso y otros cert\u00e1menes desde la 20 de hoy no tendr\u00e1n disputa de partidos. Esto marca que los mercedinos no tendr\u00e1n sus compromisos. En principio la medida ser\u00e1 hasta el domingo 30 inclusive.\" \/>\n<meta property=\"og:url\" content=\"https:\/\/noticiasmercedinas.com\/site\/2021\/05\/21\/se-suspende-todo-el-futbol\/\" \/>\n<meta property=\"og:site_name\" content=\"NOTICIASMERCEDINAS.COM\" \/>\n<meta property=\"article:publisher\" content=\"https:\/\/www.facebook.com\/noticiasmercedinas\/\" \/>\n<meta property=\"article:published_time\" content=\"2021-05-21T13:21:52+00:00\" \/>\n<meta property=\"article:modified_time\" content=\"2021-05-21T14:08:41+00:00\" \/>\n<meta property=\"og:image\" content=\"https:\/\/noticiasmercedinas.com\/site\/wp-content\/uploads\/2021\/05\/afa.jpg\" \/>\n\t<meta property=\"og:image:width\" content=\"640\" \/>\n\t<meta property=\"og:image:height\" content=\"480\" \/>\n\t<meta property=\"og:image:type\" content=\"image\/jpeg\" \/>\n<meta name=\"author\" content=\"Juan Dagnino NOTICIASMERCEDINAS.COM\" \/>\n<meta name=\"twitter:card\" content=\"summary_large_image\" \/>\n<meta name=\"twitter:creator\" content=\"@notmercedinas\" \/>\n<meta name=\"twitter:site\" content=\"@notmercedinas\" \/>\n<meta name=\"twitter:label1\" content=\"Escrito por\" \/>\n\t<meta name=\"twitter:data1\" content=\"Juan Dagnino NOTICIASMERCEDINAS.COM\" \/>\n\t<meta name=\"twitter:label2\" content=\"Tiempo de lectura\" \/>\n\t<meta name=\"twitter:data2\" content=\"2 minutos\" \/>\n<script type=\"application\/ld+json\" class=\"yoast-schema-graph\">{\"@context\":\"https:\\\/\\\/schema.org\",\"@graph\":[{\"@type\":\"Article\",\"@id\":\"https:\\\/\\\/noticiasmercedinas.com\\\/site\\\/2021\\\/05\\\/21\\\/se-suspende-todo-el-futbol\\\/#article\",\"isPartOf\":{\"@id\":\"https:\\\/\\\/noticiasmercedinas.com\\\/site\\\/2021\\\/05\\\/21\\\/se-suspende-todo-el-futbol\\\/\"},\"author\":{\"name\":\"Juan Dagnino NOTICIASMERCEDINAS.COM\",\"@id\":\"https:\\\/\\\/noticiasmercedinas.com\\\/site\\\/#\\\/schema\\\/person\\\/8f2f09d666ef40986eba4a5e6f2a06f9\"},\"headline\":\"Se suspende todo el f\u00fatbol\",\"datePublished\":\"2021-05-21T13:21:52+00:00\",\"dateModified\":\"2021-05-21T14:08:41+00:00\",\"mainEntityOfPage\":{\"@id\":\"https:\\\/\\\/noticiasmercedinas.com\\\/site\\\/2021\\\/05\\\/21\\\/se-suspende-todo-el-futbol\\\/\"},\"wordCount\":301,\"commentCount\":0,\"publisher\":{\"@id\":\"https:\\\/\\\/noticiasmercedinas.com\\\/site\\\/#organization\"},\"image\":{\"@id\":\"https:\\\/\\\/noticiasmercedinas.com\\\/site\\\/2021\\\/05\\\/21\\\/se-suspende-todo-el-futbol\\\/#primaryimage\"},\"thumbnailUrl\":\"https:\\\/\\\/noticiasmercedinas.com\\\/site\\\/wp-content\\\/uploads\\\/2021\\\/05\\\/afa.jpg\",\"keywords\":[\"AFA\",\"legion mercedina\",\"liga profesional\",\"reserva\"],\"articleSection\":[\"Deportes\"],\"inLanguage\":\"es\",\"potentialAction\":[{\"@type\":\"CommentAction\",\"name\":\"Comment\",\"target\":[\"https:\\\/\\\/noticiasmercedinas.com\\\/site\\\/2021\\\/05\\\/21\\\/se-suspende-todo-el-futbol\\\/#respond\"]}]},{\"@type\":\"WebPage\",\"@id\":\"https:\\\/\\\/noticiasmercedinas.com\\\/site\\\/2021\\\/05\\\/21\\\/se-suspende-todo-el-futbol\\\/\",\"url\":\"https:\\\/\\\/noticiasmercedinas.com\\\/site\\\/2021\\\/05\\\/21\\\/se-suspende-todo-el-futbol\\\/\",\"name\":\"Se suspende todo el f\u00fatbol\",\"isPartOf\":{\"@id\":\"https:\\\/\\\/noticiasmercedinas.com\\\/site\\\/#website\"},\"primaryImageOfPage\":{\"@id\":\"https:\\\/\\\/noticiasmercedinas.com\\\/site\\\/2021\\\/05\\\/21\\\/se-suspende-todo-el-futbol\\\/#primaryimage\"},\"image\":{\"@id\":\"https:\\\/\\\/noticiasmercedinas.com\\\/site\\\/2021\\\/05\\\/21\\\/se-suspende-todo-el-futbol\\\/#primaryimage\"},\"thumbnailUrl\":\"https:\\\/\\\/noticiasmercedinas.com\\\/site\\\/wp-content\\\/uploads\\\/2021\\\/05\\\/afa.jpg\",\"datePublished\":\"2021-05-21T13:21:52+00:00\",\"dateModified\":\"2021-05-21T14:08:41+00:00\",\"breadcrumb\":{\"@id\":\"https:\\\/\\\/noticiasmercedinas.com\\\/site\\\/2021\\\/05\\\/21\\\/se-suspende-todo-el-futbol\\\/#breadcrumb\"},\"inLanguage\":\"es\",\"potentialAction\":[{\"@type\":\"ReadAction\",\"target\":[\"https:\\\/\\\/noticiasmercedinas.com\\\/site\\\/2021\\\/05\\\/21\\\/se-suspende-todo-el-futbol\\\/\"]}]},{\"@type\":\"ImageObject\",\"inLanguage\":\"es\",\"@id\":\"https:\\\/\\\/noticiasmercedinas.com\\\/site\\\/2021\\\/05\\\/21\\\/se-suspende-todo-el-futbol\\\/#primaryimage\",\"url\":\"https:\\\/\\\/noticiasmercedinas.com\\\/site\\\/wp-content\\\/uploads\\\/2021\\\/05\\\/afa.jpg\",\"contentUrl\":\"https:\\\/\\\/noticiasmercedinas.com\\\/site\\\/wp-content\\\/uploads\\\/2021\\\/05\\\/afa.jpg\",\"width\":640,\"height\":480},{\"@type\":\"BreadcrumbList\",\"@id\":\"https:\\\/\\\/noticiasmercedinas.com\\\/site\\\/2021\\\/05\\\/21\\\/se-suspende-todo-el-futbol\\\/#breadcrumb\",\"itemListElement\":[{\"@type\":\"ListItem\",\"position\":1,\"name\":\"Portada\",\"item\":\"https:\\\/\\\/noticiasmercedinas.com\\\/site\\\/\"},{\"@type\":\"ListItem\",\"position\":2,\"name\":\"Se suspende todo el f\u00fatbol\"}]},{\"@type\":\"WebSite\",\"@id\":\"https:\\\/\\\/noticiasmercedinas.com\\\/site\\\/#website\",\"url\":\"https:\\\/\\\/noticiasmercedinas.com\\\/site\\\/\",\"name\":\"NOTICIASMERCEDINAS.COM\",\"description\":\"Mercedes, Buenos Aires, Argentina\",\"publisher\":{\"@id\":\"https:\\\/\\\/noticiasmercedinas.com\\\/site\\\/#organization\"},\"potentialAction\":[{\"@type\":\"SearchAction\",\"target\":{\"@type\":\"EntryPoint\",\"urlTemplate\":\"https:\\\/\\\/noticiasmercedinas.com\\\/site\\\/?s={search_term_string}\"},\"query-input\":{\"@type\":\"PropertyValueSpecification\",\"valueRequired\":true,\"valueName\":\"search_term_string\"}}],\"inLanguage\":\"es\"},{\"@type\":\"Organization\",\"@id\":\"https:\\\/\\\/noticiasmercedinas.com\\\/site\\\/#organization\",\"name\":\"NOTICIASMERCEDINAS.COM\",\"url\":\"https:\\\/\\\/noticiasmercedinas.com\\\/site\\\/\",\"logo\":{\"@type\":\"ImageObject\",\"inLanguage\":\"es\",\"@id\":\"https:\\\/\\\/noticiasmercedinas.com\\\/site\\\/#\\\/schema\\\/logo\\\/image\\\/\",\"url\":\"https:\\\/\\\/noticiasmercedinas.com\\\/site\\\/wp-content\\\/uploads\\\/2020\\\/06\\\/LOGO-512.jpg\",\"contentUrl\":\"https:\\\/\\\/noticiasmercedinas.com\\\/site\\\/wp-content\\\/uploads\\\/2020\\\/06\\\/LOGO-512.jpg\",\"width\":512,\"height\":512,\"caption\":\"NOTICIASMERCEDINAS.COM\"},\"image\":{\"@id\":\"https:\\\/\\\/noticiasmercedinas.com\\\/site\\\/#\\\/schema\\\/logo\\\/image\\\/\"},\"sameAs\":[\"https:\\\/\\\/www.facebook.com\\\/noticiasmercedinas\\\/\",\"https:\\\/\\\/x.com\\\/notmercedinas\",\"https:\\\/\\\/www.instagram.com\\\/noticiasmercedinas\\\/\"]},{\"@type\":\"Person\",\"@id\":\"https:\\\/\\\/noticiasmercedinas.com\\\/site\\\/#\\\/schema\\\/person\\\/8f2f09d666ef40986eba4a5e6f2a06f9\",\"name\":\"Juan Dagnino NOTICIASMERCEDINAS.COM\",\"image\":{\"@type\":\"ImageObject\",\"inLanguage\":\"es\",\"@id\":\"https:\\\/\\\/secure.gravatar.com\\\/avatar\\\/fc7059a769f5a3cae65fadb228a3e4accf3a64b4b2305020d0a27e6d5333c91b?s=96&d=mm&r=g\",\"url\":\"https:\\\/\\\/secure.gravatar.com\\\/avatar\\\/fc7059a769f5a3cae65fadb228a3e4accf3a64b4b2305020d0a27e6d5333c91b?s=96&d=mm&r=g\",\"contentUrl\":\"https:\\\/\\\/secure.gravatar.com\\\/avatar\\\/fc7059a769f5a3cae65fadb228a3e4accf3a64b4b2305020d0a27e6d5333c91b?s=96&d=mm&r=g\",\"caption\":\"Juan Dagnino NOTICIASMERCEDINAS.COM\"},\"url\":\"https:\\\/\\\/noticiasmercedinas.com\\\/site\\\/author\\\/juandagnino\\\/\"}]}<\/script>\n<!-- \/ Yoast SEO plugin. -->","yoast_head_json":{"title":"Se suspende todo el f\u00fatbol","robots":{"index":"index","follow":"follow","max-snippet":"max-snippet:-1","max-image-preview":"max-image-preview:large","max-video-preview":"max-video-preview:-1"},"canonical":"https:\/\/noticiasmercedinas.com\/site\/2021\/05\/21\/se-suspende-todo-el-futbol\/","og_locale":"es_ES","og_type":"article","og_title":"Se suspende todo el f\u00fatbol","og_description":"\u25a0 La Liga Profesional de F\u00fatbol y la AFA con el ascenso y otros cert\u00e1menes desde la 20 de hoy no tendr\u00e1n disputa de partidos. Esto marca que los mercedinos no tendr\u00e1n sus compromisos. En principio la medida ser\u00e1 hasta el domingo 30 inclusive.","og_url":"https:\/\/noticiasmercedinas.com\/site\/2021\/05\/21\/se-suspende-todo-el-futbol\/","og_site_name":"NOTICIASMERCEDINAS.COM","article_publisher":"https:\/\/www.facebook.com\/noticiasmercedinas\/","article_published_time":"2021-05-21T13:21:52+00:00","article_modified_time":"2021-05-21T14:08:41+00:00","og_image":[{"width":640,"height":480,"url":"https:\/\/noticiasmercedinas.com\/site\/wp-content\/uploads\/2021\/05\/afa.jpg","type":"image\/jpeg"}],"author":"Juan Dagnino NOTICIASMERCEDINAS.COM","twitter_card":"summary_large_image","twitter_creator":"@notmercedinas","twitter_site":"@notmercedinas","twitter_misc":{"Escrito por":"Juan Dagnino NOTICIASMERCEDINAS.COM","Tiempo de lectura":"2 minutos"},"schema":{"@context":"https:\/\/schema.org","@graph":[{"@type":"Article","@id":"https:\/\/noticiasmercedinas.com\/site\/2021\/05\/21\/se-suspende-todo-el-futbol\/#article","isPartOf":{"@id":"https:\/\/noticiasmercedinas.com\/site\/2021\/05\/21\/se-suspende-todo-el-futbol\/"},"author":{"name":"Juan Dagnino NOTICIASMERCEDINAS.COM","@id":"https:\/\/noticiasmercedinas.com\/site\/#\/schema\/person\/8f2f09d666ef40986eba4a5e6f2a06f9"},"headline":"Se suspende todo el f\u00fatbol","datePublished":"2021-05-21T13:21:52+00:00","dateModified":"2021-05-21T14:08:41+00:00","mainEntityOfPage":{"@id":"https:\/\/noticiasmercedinas.com\/site\/2021\/05\/21\/se-suspende-todo-el-futbol\/"},"wordCount":301,"commentCount":0,"publisher":{"@id":"https:\/\/noticiasmercedinas.com\/site\/#organization"},"image":{"@id":"https:\/\/noticiasmercedinas.com\/site\/2021\/05\/21\/se-suspende-todo-el-futbol\/#primaryimage"},"thumbnailUrl":"https:\/\/noticiasmercedinas.com\/site\/wp-content\/uploads\/2021\/05\/afa.jpg","keywords":["AFA","legion mercedina","liga profesional","reserva"],"articleSection":["Deportes"],"inLanguage":"es","potentialAction":[{"@type":"CommentAction","name":"Comment","target":["https:\/\/noticiasmercedinas.com\/site\/2021\/05\/21\/se-suspende-todo-el-futbol\/#respond"]}]},{"@type":"WebPage","@id":"https:\/\/noticiasmercedinas.com\/site\/2021\/05\/21\/se-suspende-todo-el-futbol\/","url":"https:\/\/noticiasmercedinas.com\/site\/2021\/05\/21\/se-suspende-todo-el-futbol\/","name":"Se suspende todo el f\u00fatbol","isPartOf":{"@id":"https:\/\/noticiasmercedinas.com\/site\/#website"},"primaryImageOfPage":{"@id":"https:\/\/noticiasmercedinas.com\/site\/2021\/05\/21\/se-suspende-todo-el-futbol\/#primaryimage"},"image":{"@id":"https:\/\/noticiasmercedinas.com\/site\/2021\/05\/21\/se-suspende-todo-el-futbol\/#primaryimage"},"thumbnailUrl":"https:\/\/noticiasmercedinas.com\/site\/wp-content\/uploads\/2021\/05\/afa.jpg","datePublished":"2021-05-21T13:21:52+00:00","dateModified":"2021-05-21T14:08:41+00:00","breadcrumb":{"@id":"https:\/\/noticiasmercedinas.com\/site\/2021\/05\/21\/se-suspende-todo-el-futbol\/#breadcrumb"},"inLanguage":"es","potentialAction":[{"@type":"ReadAction","target":["https:\/\/noticiasmercedinas.com\/site\/2021\/05\/21\/se-suspende-todo-el-futbol\/"]}]},{"@type":"ImageObject","inLanguage":"es","@id":"https:\/\/noticiasmercedinas.com\/site\/2021\/05\/21\/se-suspende-todo-el-futbol\/#primaryimage","url":"https:\/\/noticiasmercedinas.com\/site\/wp-content\/uploads\/2021\/05\/afa.jpg","contentUrl":"https:\/\/noticiasmercedinas.com\/site\/wp-content\/uploads\/2021\/05\/afa.jpg","width":640,"height":480},{"@type":"BreadcrumbList","@id":"https:\/\/noticiasmercedinas.com\/site\/2021\/05\/21\/se-suspende-todo-el-futbol\/#breadcrumb","itemListElement":[{"@type":"ListItem","position":1,"name":"Portada","item":"https:\/\/noticiasmercedinas.com\/site\/"},{"@type":"ListItem","position":2,"name":"Se suspende todo el f\u00fatbol"}]},{"@type":"WebSite","@id":"https:\/\/noticiasmercedinas.com\/site\/#website","url":"https:\/\/noticiasmercedinas.com\/site\/","name":"NOTICIASMERCEDINAS.COM","description":"Mercedes, Buenos Aires, Argentina","publisher":{"@id":"https:\/\/noticiasmercedinas.com\/site\/#organization"},"potentialAction":[{"@type":"SearchAction","target":{"@type":"EntryPoint","urlTemplate":"https:\/\/noticiasmercedinas.com\/site\/?s={search_term_string}"},"query-input":{"@type":"PropertyValueSpecification","valueRequired":true,"valueName":"search_term_string"}}],"inLanguage":"es"},{"@type":"Organization","@id":"https:\/\/noticiasmercedinas.com\/site\/#organization","name":"NOTICIASMERCEDINAS.COM","url":"https:\/\/noticiasmercedinas.com\/site\/","logo":{"@type":"ImageObject","inLanguage":"es","@id":"https:\/\/noticiasmercedinas.com\/site\/#\/schema\/logo\/image\/","url":"https:\/\/noticiasmercedinas.com\/site\/wp-content\/uploads\/2020\/06\/LOGO-512.jpg","contentUrl":"https:\/\/noticiasmercedinas.com\/site\/wp-content\/uploads\/2020\/06\/LOGO-512.jpg","width":512,"height":512,"caption":"NOTICIASMERCEDINAS.COM"},"image":{"@id":"https:\/\/noticiasmercedinas.com\/site\/#\/schema\/logo\/image\/"},"sameAs":["https:\/\/www.facebook.com\/noticiasmercedinas\/","https:\/\/x.com\/notmercedinas","https:\/\/www.instagram.com\/noticiasmercedinas\/"]},{"@type":"Person","@id":"https:\/\/noticiasmercedinas.com\/site\/#\/schema\/person\/8f2f09d666ef40986eba4a5e6f2a06f9","name":"Juan Dagnino NOTICIASMERCEDINAS.COM","image":{"@type":"ImageObject","inLanguage":"es","@id":"https:\/\/secure.gravatar.com\/avatar\/fc7059a769f5a3cae65fadb228a3e4accf3a64b4b2305020d0a27e6d5333c91b?s=96&d=mm&r=g","url":"https:\/\/secure.gravatar.com\/avatar\/fc7059a769f5a3cae65fadb228a3e4accf3a64b4b2305020d0a27e6d5333c91b?s=96&d=mm&r=g","contentUrl":"https:\/\/secure.gravatar.com\/avatar\/fc7059a769f5a3cae65fadb228a3e4accf3a64b4b2305020d0a27e6d5333c91b?s=96&d=mm&r=g","caption":"Juan Dagnino NOTICIASMERCEDINAS.COM"},"url":"https:\/\/noticiasmercedinas.com\/site\/author\/juandagnino\/"}]}},"amp_enabled":true,"_links":{"self":[{"href":"https:\/\/noticiasmercedinas.com\/site\/wp-json\/wp\/v2\/posts\/67757","targetHints":{"allow":["GET"]}}],"collection":[{"href":"https:\/\/noticiasmercedinas.com\/site\/wp-json\/wp\/v2\/posts"}],"about":[{"href":"https:\/\/noticiasmercedinas.com\/site\/wp-json\/wp\/v2\/types\/post"}],"author":[{"embeddable":true,"href":"https:\/\/noticiasmercedinas.com\/site\/wp-json\/wp\/v2\/users\/6"}],"replies":[{"embeddable":true,"href":"https:\/\/noticiasmercedinas.com\/site\/wp-json\/wp\/v2\/comments?post=67757"}],"version-history":[{"count":2,"href":"https:\/\/noticiasmercedinas.com\/site\/wp-json\/wp\/v2\/posts\/67757\/revisions"}],"predecessor-version":[{"id":67768,"href":"https:\/\/noticiasmercedinas.com\/site\/wp-json\/wp\/v2\/posts\/67757\/revisions\/67768"}],"wp:featuredmedia":[{"embeddable":true,"href":"https:\/\/noticiasmercedinas.com\/site\/wp-json\/wp\/v2\/media\/67758"}],"wp:attachment":[{"href":"https:\/\/noticiasmercedinas.com\/site\/wp-json\/wp\/v2\/media?parent=67757"}],"wp:term":[{"taxonomy":"category","embeddable":true,"href":"https:\/\/noticiasmercedinas.com\/site\/wp-json\/wp\/v2\/categories?post=67757"},{"taxonomy":"post_tag","embeddable":true,"href":"https:\/\/noticiasmercedinas.com\/site\/wp-json\/wp\/v2\/tags?post=67757"}],"curies":[{"name":"wp","href":"https:\/\/api.w.org\/{rel}","templated":true}]}}