{"id":67857,"date":"2021-05-22T13:01:30","date_gmt":"2021-05-22T16:01:30","guid":{"rendered":"https:\/\/noticiasmercedinas.com\/site\/?p=67857"},"modified":"2021-05-22T13:01:57","modified_gmt":"2021-05-22T16:01:57","slug":"caritas-catedral-organiza-un-gran-locro-este-25-de-mayo","status":"publish","type":"post","link":"https:\/\/noticiasmercedinas.com\/site\/2021\/05\/22\/caritas-catedral-organiza-un-gran-locro-este-25-de-mayo\/","title":{"rendered":"C\u00e1ritas Catedral organiza un gran locro este 25 de mayo"},"content":{"rendered":"<p><img loading=\"lazy\" decoding=\"async\" class=\"alignnone wp-image-67863\" src=\"https:\/\/noticiasmercedinas.com\/site\/wp-content\/uploads\/2021\/05\/unnamed-1.jpg\" alt=\"\" width=\"640\" height=\"316\" srcset=\"https:\/\/noticiasmercedinas.com\/site\/wp-content\/uploads\/2021\/05\/unnamed-1.jpg 512w, https:\/\/noticiasmercedinas.com\/site\/wp-content\/uploads\/2021\/05\/unnamed-1-300x148.jpg 300w\" sizes=\"auto, (max-width: 640px) 100vw, 640px\" \/><\/p>\n<p>C\u00e1ritas Catedral organiza un locro ben\u00e9fico especial este 25 de mayo y con lo recaudado del mismo se plantean la compra de alimentos y otros insumos para familias necesitadas de la ciudad. Se pueden encargar porciones al 2324518867 \u00f3 2324513968.<\/p>\n<p>\u201cEs el cuarto a\u00f1o que haremos esto. Siempre tuvimos buena repercusi\u00f3n\u201d, coment\u00f3 <strong>Juan Carbone<\/strong> y destac\u00f3 que este 25 de mayo el locro estar\u00e1 cocinado por Carlos Ayala con panes caseros por Milagros Carbone.<\/p>\n<p>\u201cLa idea es recaudar fondos y la diferencia con anteriores a\u00f1os es que cuando hac\u00edamos el locro compr\u00e1bamos elementos faltantes, as\u00ed tuvimos batidora, licuadora y otros elementos de cocina. Este a\u00f1o seguro lo recaudado se usar\u00e1 para comprar alimentos ya que bajaron mucho las donaciones y es mucha la presi\u00f3n que estamos teniendo de familias lamentablemente\u201d, cont\u00f3 Carbone.<\/p>\n<p>\u201cEste es el primer evento del a\u00f1o, estamos trabajando cuatro d\u00edas a la semana todos separados por protocolo y nos lleva tiempo armar todo\u201d, agreg\u00f3 el responsable de C\u00e1ritas Catedral.<\/p>\n<p>Aceite yerba, leche y az\u00facar, b\u00e1sicamente, son los insumos que m\u00e1s necesitan.<\/p>\n<p>En cuanto al locro, adem\u00e1s, explicaron que lo que intentan es hacer un producto de calidad: \u201cSe trata de buscar un buen precio para la gente y de hacerlo rico, no queremos que compren de compromiso sino porque les gusta. La idea no es hacer algo que mezquine sino que sea un locro digno. Le pedimos solidaridad a la gente y no solamente comprando el locro o trayendo alimentos sino ayudando dando una mano. Adem\u00e1s este es un lugar abierto y los s\u00e1bados por la ma\u00f1ana es el d\u00eda en que todos pueden acercarse para colaborar\u201d, dijo y destac\u00f3 que luego de esta actividad del 25 se proyecta una campa\u00f1a de junta de abrigos y ser parte de la colecta nacional de C\u00e1ritas.<\/p>\n<p><img loading=\"lazy\" decoding=\"async\" class=\"alignnone size-full wp-image-67861\" src=\"https:\/\/noticiasmercedinas.com\/site\/wp-content\/uploads\/2021\/05\/02b5c9e8-b88a-4b0e-81c8-291cb15dfd6b-1.jpg\" alt=\"\" width=\"940\" height=\"788\" srcset=\"https:\/\/noticiasmercedinas.com\/site\/wp-content\/uploads\/2021\/05\/02b5c9e8-b88a-4b0e-81c8-291cb15dfd6b-1.jpg 940w, https:\/\/noticiasmercedinas.com\/site\/wp-content\/uploads\/2021\/05\/02b5c9e8-b88a-4b0e-81c8-291cb15dfd6b-1-300x251.jpg 300w, https:\/\/noticiasmercedinas.com\/site\/wp-content\/uploads\/2021\/05\/02b5c9e8-b88a-4b0e-81c8-291cb15dfd6b-1-768x644.jpg 768w, https:\/\/noticiasmercedinas.com\/site\/wp-content\/uploads\/2021\/05\/02b5c9e8-b88a-4b0e-81c8-291cb15dfd6b-1-640x537.jpg 640w, https:\/\/noticiasmercedinas.com\/site\/wp-content\/uploads\/2021\/05\/02b5c9e8-b88a-4b0e-81c8-291cb15dfd6b-1-681x571.jpg 681w\" sizes=\"auto, (max-width: 940px) 100vw, 940px\" \/><\/p>\n","protected":false},"excerpt":{"rendered":"<p>\u25a0 Con lo recaudado del mismo se plantean la compra de alimentos y otros insumos para familias necesitadas de la ciudad. Invita a sumarse al trabajo de la entidad.<\/p>\n","protected":false},"author":16,"featured_media":67863,"comment_status":"open","ping_status":"open","sticky":false,"template":"","format":"standard","meta":{"footnotes":""},"categories":[3],"tags":[1761,2933,5598],"class_list":["post-67857","post","type-post","status-publish","format-standard","has-post-thumbnail","hentry","category-sociedad","tag-25-de-mayo","tag-caritas-catedral","tag-locro"],"yoast_head":"<!-- This site is optimized with the Yoast SEO plugin v27.5 - https:\/\/yoast.com\/product\/yoast-seo-wordpress\/ -->\n<title>C\u00e1ritas Catedral organiza un gran locro este 25 de mayo<\/title>\n<meta name=\"robots\" content=\"index, follow, max-snippet:-1, max-image-preview:large, max-video-preview:-1\" \/>\n<link rel=\"canonical\" href=\"https:\/\/noticiasmercedinas.com\/site\/2021\/05\/22\/caritas-catedral-organiza-un-gran-locro-este-25-de-mayo\/\" \/>\n<meta property=\"og:locale\" content=\"es_ES\" \/>\n<meta property=\"og:type\" content=\"article\" \/>\n<meta property=\"og:title\" content=\"C\u00e1ritas Catedral organiza un gran locro este 25 de mayo\" \/>\n<meta property=\"og:description\" content=\"\u25a0 Con lo recaudado del mismo se plantean la compra de alimentos y otros insumos para familias necesitadas de la ciudad. Invita a sumarse al trabajo de la entidad.\" \/>\n<meta property=\"og:url\" content=\"https:\/\/noticiasmercedinas.com\/site\/2021\/05\/22\/caritas-catedral-organiza-un-gran-locro-este-25-de-mayo\/\" \/>\n<meta property=\"og:site_name\" content=\"NOTICIASMERCEDINAS.COM\" \/>\n<meta property=\"article:publisher\" content=\"https:\/\/www.facebook.com\/noticiasmercedinas\/\" \/>\n<meta property=\"article:published_time\" content=\"2021-05-22T16:01:30+00:00\" \/>\n<meta property=\"article:modified_time\" content=\"2021-05-22T16:01:57+00:00\" \/>\n<meta property=\"og:image\" content=\"https:\/\/noticiasmercedinas.com\/site\/wp-content\/uploads\/2021\/05\/unnamed-1.jpg\" \/>\n\t<meta property=\"og:image:width\" content=\"512\" \/>\n\t<meta property=\"og:image:height\" content=\"253\" \/>\n\t<meta property=\"og:image:type\" content=\"image\/jpeg\" \/>\n<meta name=\"author\" content=\"NOTICIASMERCEDINAS.COM\" \/>\n<meta name=\"twitter:card\" content=\"summary_large_image\" \/>\n<meta name=\"twitter:creator\" content=\"@notmercedinas\" \/>\n<meta name=\"twitter:site\" content=\"@notmercedinas\" \/>\n<meta name=\"twitter:label1\" content=\"Escrito por\" \/>\n\t<meta name=\"twitter:data1\" content=\"NOTICIASMERCEDINAS.COM\" \/>\n\t<meta name=\"twitter:label2\" content=\"Tiempo de lectura\" \/>\n\t<meta name=\"twitter:data2\" content=\"2 minutos\" \/>\n<script type=\"application\/ld+json\" class=\"yoast-schema-graph\">{\"@context\":\"https:\\\/\\\/schema.org\",\"@graph\":[{\"@type\":\"Article\",\"@id\":\"https:\\\/\\\/noticiasmercedinas.com\\\/site\\\/2021\\\/05\\\/22\\\/caritas-catedral-organiza-un-gran-locro-este-25-de-mayo\\\/#article\",\"isPartOf\":{\"@id\":\"https:\\\/\\\/noticiasmercedinas.com\\\/site\\\/2021\\\/05\\\/22\\\/caritas-catedral-organiza-un-gran-locro-este-25-de-mayo\\\/\"},\"author\":{\"name\":\"NOTICIASMERCEDINAS.COM\",\"@id\":\"https:\\\/\\\/noticiasmercedinas.com\\\/site\\\/#\\\/schema\\\/person\\\/84b59c099c28ff2e8b77d4ceec5d8063\"},\"headline\":\"C\u00e1ritas Catedral organiza un gran locro este 25 de mayo\",\"datePublished\":\"2021-05-22T16:01:30+00:00\",\"dateModified\":\"2021-05-22T16:01:57+00:00\",\"mainEntityOfPage\":{\"@id\":\"https:\\\/\\\/noticiasmercedinas.com\\\/site\\\/2021\\\/05\\\/22\\\/caritas-catedral-organiza-un-gran-locro-este-25-de-mayo\\\/\"},\"wordCount\":323,\"commentCount\":0,\"publisher\":{\"@id\":\"https:\\\/\\\/noticiasmercedinas.com\\\/site\\\/#organization\"},\"image\":{\"@id\":\"https:\\\/\\\/noticiasmercedinas.com\\\/site\\\/2021\\\/05\\\/22\\\/caritas-catedral-organiza-un-gran-locro-este-25-de-mayo\\\/#primaryimage\"},\"thumbnailUrl\":\"https:\\\/\\\/noticiasmercedinas.com\\\/site\\\/wp-content\\\/uploads\\\/2021\\\/05\\\/unnamed-1.jpg\",\"keywords\":[\"25 de mayo\",\"caritas catedral\",\"locro\"],\"articleSection\":[\"Sociedad\"],\"inLanguage\":\"es\",\"potentialAction\":[{\"@type\":\"CommentAction\",\"name\":\"Comment\",\"target\":[\"https:\\\/\\\/noticiasmercedinas.com\\\/site\\\/2021\\\/05\\\/22\\\/caritas-catedral-organiza-un-gran-locro-este-25-de-mayo\\\/#respond\"]}]},{\"@type\":\"WebPage\",\"@id\":\"https:\\\/\\\/noticiasmercedinas.com\\\/site\\\/2021\\\/05\\\/22\\\/caritas-catedral-organiza-un-gran-locro-este-25-de-mayo\\\/\",\"url\":\"https:\\\/\\\/noticiasmercedinas.com\\\/site\\\/2021\\\/05\\\/22\\\/caritas-catedral-organiza-un-gran-locro-este-25-de-mayo\\\/\",\"name\":\"C\u00e1ritas Catedral organiza un gran locro este 25 de mayo\",\"isPartOf\":{\"@id\":\"https:\\\/\\\/noticiasmercedinas.com\\\/site\\\/#website\"},\"primaryImageOfPage\":{\"@id\":\"https:\\\/\\\/noticiasmercedinas.com\\\/site\\\/2021\\\/05\\\/22\\\/caritas-catedral-organiza-un-gran-locro-este-25-de-mayo\\\/#primaryimage\"},\"image\":{\"@id\":\"https:\\\/\\\/noticiasmercedinas.com\\\/site\\\/2021\\\/05\\\/22\\\/caritas-catedral-organiza-un-gran-locro-este-25-de-mayo\\\/#primaryimage\"},\"thumbnailUrl\":\"https:\\\/\\\/noticiasmercedinas.com\\\/site\\\/wp-content\\\/uploads\\\/2021\\\/05\\\/unnamed-1.jpg\",\"datePublished\":\"2021-05-22T16:01:30+00:00\",\"dateModified\":\"2021-05-22T16:01:57+00:00\",\"breadcrumb\":{\"@id\":\"https:\\\/\\\/noticiasmercedinas.com\\\/site\\\/2021\\\/05\\\/22\\\/caritas-catedral-organiza-un-gran-locro-este-25-de-mayo\\\/#breadcrumb\"},\"inLanguage\":\"es\",\"potentialAction\":[{\"@type\":\"ReadAction\",\"target\":[\"https:\\\/\\\/noticiasmercedinas.com\\\/site\\\/2021\\\/05\\\/22\\\/caritas-catedral-organiza-un-gran-locro-este-25-de-mayo\\\/\"]}]},{\"@type\":\"ImageObject\",\"inLanguage\":\"es\",\"@id\":\"https:\\\/\\\/noticiasmercedinas.com\\\/site\\\/2021\\\/05\\\/22\\\/caritas-catedral-organiza-un-gran-locro-este-25-de-mayo\\\/#primaryimage\",\"url\":\"https:\\\/\\\/noticiasmercedinas.com\\\/site\\\/wp-content\\\/uploads\\\/2021\\\/05\\\/unnamed-1.jpg\",\"contentUrl\":\"https:\\\/\\\/noticiasmercedinas.com\\\/site\\\/wp-content\\\/uploads\\\/2021\\\/05\\\/unnamed-1.jpg\",\"width\":512,\"height\":253},{\"@type\":\"BreadcrumbList\",\"@id\":\"https:\\\/\\\/noticiasmercedinas.com\\\/site\\\/2021\\\/05\\\/22\\\/caritas-catedral-organiza-un-gran-locro-este-25-de-mayo\\\/#breadcrumb\",\"itemListElement\":[{\"@type\":\"ListItem\",\"position\":1,\"name\":\"Portada\",\"item\":\"https:\\\/\\\/noticiasmercedinas.com\\\/site\\\/\"},{\"@type\":\"ListItem\",\"position\":2,\"name\":\"C\u00e1ritas Catedral organiza un gran locro este 25 de mayo\"}]},{\"@type\":\"WebSite\",\"@id\":\"https:\\\/\\\/noticiasmercedinas.com\\\/site\\\/#website\",\"url\":\"https:\\\/\\\/noticiasmercedinas.com\\\/site\\\/\",\"name\":\"NOTICIASMERCEDINAS.COM\",\"description\":\"Mercedes, Buenos Aires, Argentina\",\"publisher\":{\"@id\":\"https:\\\/\\\/noticiasmercedinas.com\\\/site\\\/#organization\"},\"potentialAction\":[{\"@type\":\"SearchAction\",\"target\":{\"@type\":\"EntryPoint\",\"urlTemplate\":\"https:\\\/\\\/noticiasmercedinas.com\\\/site\\\/?s={search_term_string}\"},\"query-input\":{\"@type\":\"PropertyValueSpecification\",\"valueRequired\":true,\"valueName\":\"search_term_string\"}}],\"inLanguage\":\"es\"},{\"@type\":\"Organization\",\"@id\":\"https:\\\/\\\/noticiasmercedinas.com\\\/site\\\/#organization\",\"name\":\"NOTICIASMERCEDINAS.COM\",\"url\":\"https:\\\/\\\/noticiasmercedinas.com\\\/site\\\/\",\"logo\":{\"@type\":\"ImageObject\",\"inLanguage\":\"es\",\"@id\":\"https:\\\/\\\/noticiasmercedinas.com\\\/site\\\/#\\\/schema\\\/logo\\\/image\\\/\",\"url\":\"https:\\\/\\\/noticiasmercedinas.com\\\/site\\\/wp-content\\\/uploads\\\/2020\\\/06\\\/LOGO-512.jpg\",\"contentUrl\":\"https:\\\/\\\/noticiasmercedinas.com\\\/site\\\/wp-content\\\/uploads\\\/2020\\\/06\\\/LOGO-512.jpg\",\"width\":512,\"height\":512,\"caption\":\"NOTICIASMERCEDINAS.COM\"},\"image\":{\"@id\":\"https:\\\/\\\/noticiasmercedinas.com\\\/site\\\/#\\\/schema\\\/logo\\\/image\\\/\"},\"sameAs\":[\"https:\\\/\\\/www.facebook.com\\\/noticiasmercedinas\\\/\",\"https:\\\/\\\/x.com\\\/notmercedinas\",\"https:\\\/\\\/www.instagram.com\\\/noticiasmercedinas\\\/\"]},{\"@type\":\"Person\",\"@id\":\"https:\\\/\\\/noticiasmercedinas.com\\\/site\\\/#\\\/schema\\\/person\\\/84b59c099c28ff2e8b77d4ceec5d8063\",\"name\":\"NOTICIASMERCEDINAS.COM\",\"image\":{\"@type\":\"ImageObject\",\"inLanguage\":\"es\",\"@id\":\"https:\\\/\\\/secure.gravatar.com\\\/avatar\\\/4dfbf16b4d17945bfb6341b2d19043457132fcf478a5ee04f42e959fd8f5df0a?s=96&d=mm&r=g\",\"url\":\"https:\\\/\\\/secure.gravatar.com\\\/avatar\\\/4dfbf16b4d17945bfb6341b2d19043457132fcf478a5ee04f42e959fd8f5df0a?s=96&d=mm&r=g\",\"contentUrl\":\"https:\\\/\\\/secure.gravatar.com\\\/avatar\\\/4dfbf16b4d17945bfb6341b2d19043457132fcf478a5ee04f42e959fd8f5df0a?s=96&d=mm&r=g\",\"caption\":\"NOTICIASMERCEDINAS.COM\"},\"url\":\"https:\\\/\\\/noticiasmercedinas.com\\\/site\\\/author\\\/anonimo\\\/\"}]}<\/script>\n<!-- \/ Yoast SEO plugin. -->","yoast_head_json":{"title":"C\u00e1ritas Catedral organiza un gran locro este 25 de mayo","robots":{"index":"index","follow":"follow","max-snippet":"max-snippet:-1","max-image-preview":"max-image-preview:large","max-video-preview":"max-video-preview:-1"},"canonical":"https:\/\/noticiasmercedinas.com\/site\/2021\/05\/22\/caritas-catedral-organiza-un-gran-locro-este-25-de-mayo\/","og_locale":"es_ES","og_type":"article","og_title":"C\u00e1ritas Catedral organiza un gran locro este 25 de mayo","og_description":"\u25a0 Con lo recaudado del mismo se plantean la compra de alimentos y otros insumos para familias necesitadas de la ciudad. Invita a sumarse al trabajo de la entidad.","og_url":"https:\/\/noticiasmercedinas.com\/site\/2021\/05\/22\/caritas-catedral-organiza-un-gran-locro-este-25-de-mayo\/","og_site_name":"NOTICIASMERCEDINAS.COM","article_publisher":"https:\/\/www.facebook.com\/noticiasmercedinas\/","article_published_time":"2021-05-22T16:01:30+00:00","article_modified_time":"2021-05-22T16:01:57+00:00","og_image":[{"width":512,"height":253,"url":"https:\/\/noticiasmercedinas.com\/site\/wp-content\/uploads\/2021\/05\/unnamed-1.jpg","type":"image\/jpeg"}],"author":"NOTICIASMERCEDINAS.COM","twitter_card":"summary_large_image","twitter_creator":"@notmercedinas","twitter_site":"@notmercedinas","twitter_misc":{"Escrito por":"NOTICIASMERCEDINAS.COM","Tiempo de lectura":"2 minutos"},"schema":{"@context":"https:\/\/schema.org","@graph":[{"@type":"Article","@id":"https:\/\/noticiasmercedinas.com\/site\/2021\/05\/22\/caritas-catedral-organiza-un-gran-locro-este-25-de-mayo\/#article","isPartOf":{"@id":"https:\/\/noticiasmercedinas.com\/site\/2021\/05\/22\/caritas-catedral-organiza-un-gran-locro-este-25-de-mayo\/"},"author":{"name":"NOTICIASMERCEDINAS.COM","@id":"https:\/\/noticiasmercedinas.com\/site\/#\/schema\/person\/84b59c099c28ff2e8b77d4ceec5d8063"},"headline":"C\u00e1ritas Catedral organiza un gran locro este 25 de mayo","datePublished":"2021-05-22T16:01:30+00:00","dateModified":"2021-05-22T16:01:57+00:00","mainEntityOfPage":{"@id":"https:\/\/noticiasmercedinas.com\/site\/2021\/05\/22\/caritas-catedral-organiza-un-gran-locro-este-25-de-mayo\/"},"wordCount":323,"commentCount":0,"publisher":{"@id":"https:\/\/noticiasmercedinas.com\/site\/#organization"},"image":{"@id":"https:\/\/noticiasmercedinas.com\/site\/2021\/05\/22\/caritas-catedral-organiza-un-gran-locro-este-25-de-mayo\/#primaryimage"},"thumbnailUrl":"https:\/\/noticiasmercedinas.com\/site\/wp-content\/uploads\/2021\/05\/unnamed-1.jpg","keywords":["25 de mayo","caritas catedral","locro"],"articleSection":["Sociedad"],"inLanguage":"es","potentialAction":[{"@type":"CommentAction","name":"Comment","target":["https:\/\/noticiasmercedinas.com\/site\/2021\/05\/22\/caritas-catedral-organiza-un-gran-locro-este-25-de-mayo\/#respond"]}]},{"@type":"WebPage","@id":"https:\/\/noticiasmercedinas.com\/site\/2021\/05\/22\/caritas-catedral-organiza-un-gran-locro-este-25-de-mayo\/","url":"https:\/\/noticiasmercedinas.com\/site\/2021\/05\/22\/caritas-catedral-organiza-un-gran-locro-este-25-de-mayo\/","name":"C\u00e1ritas Catedral organiza un gran locro este 25 de mayo","isPartOf":{"@id":"https:\/\/noticiasmercedinas.com\/site\/#website"},"primaryImageOfPage":{"@id":"https:\/\/noticiasmercedinas.com\/site\/2021\/05\/22\/caritas-catedral-organiza-un-gran-locro-este-25-de-mayo\/#primaryimage"},"image":{"@id":"https:\/\/noticiasmercedinas.com\/site\/2021\/05\/22\/caritas-catedral-organiza-un-gran-locro-este-25-de-mayo\/#primaryimage"},"thumbnailUrl":"https:\/\/noticiasmercedinas.com\/site\/wp-content\/uploads\/2021\/05\/unnamed-1.jpg","datePublished":"2021-05-22T16:01:30+00:00","dateModified":"2021-05-22T16:01:57+00:00","breadcrumb":{"@id":"https:\/\/noticiasmercedinas.com\/site\/2021\/05\/22\/caritas-catedral-organiza-un-gran-locro-este-25-de-mayo\/#breadcrumb"},"inLanguage":"es","potentialAction":[{"@type":"ReadAction","target":["https:\/\/noticiasmercedinas.com\/site\/2021\/05\/22\/caritas-catedral-organiza-un-gran-locro-este-25-de-mayo\/"]}]},{"@type":"ImageObject","inLanguage":"es","@id":"https:\/\/noticiasmercedinas.com\/site\/2021\/05\/22\/caritas-catedral-organiza-un-gran-locro-este-25-de-mayo\/#primaryimage","url":"https:\/\/noticiasmercedinas.com\/site\/wp-content\/uploads\/2021\/05\/unnamed-1.jpg","contentUrl":"https:\/\/noticiasmercedinas.com\/site\/wp-content\/uploads\/2021\/05\/unnamed-1.jpg","width":512,"height":253},{"@type":"BreadcrumbList","@id":"https:\/\/noticiasmercedinas.com\/site\/2021\/05\/22\/caritas-catedral-organiza-un-gran-locro-este-25-de-mayo\/#breadcrumb","itemListElement":[{"@type":"ListItem","position":1,"name":"Portada","item":"https:\/\/noticiasmercedinas.com\/site\/"},{"@type":"ListItem","position":2,"name":"C\u00e1ritas Catedral organiza un gran locro este 25 de mayo"}]},{"@type":"WebSite","@id":"https:\/\/noticiasmercedinas.com\/site\/#website","url":"https:\/\/noticiasmercedinas.com\/site\/","name":"NOTICIASMERCEDINAS.COM","description":"Mercedes, Buenos Aires, Argentina","publisher":{"@id":"https:\/\/noticiasmercedinas.com\/site\/#organization"},"potentialAction":[{"@type":"SearchAction","target":{"@type":"EntryPoint","urlTemplate":"https:\/\/noticiasmercedinas.com\/site\/?s={search_term_string}"},"query-input":{"@type":"PropertyValueSpecification","valueRequired":true,"valueName":"search_term_string"}}],"inLanguage":"es"},{"@type":"Organization","@id":"https:\/\/noticiasmercedinas.com\/site\/#organization","name":"NOTICIASMERCEDINAS.COM","url":"https:\/\/noticiasmercedinas.com\/site\/","logo":{"@type":"ImageObject","inLanguage":"es","@id":"https:\/\/noticiasmercedinas.com\/site\/#\/schema\/logo\/image\/","url":"https:\/\/noticiasmercedinas.com\/site\/wp-content\/uploads\/2020\/06\/LOGO-512.jpg","contentUrl":"https:\/\/noticiasmercedinas.com\/site\/wp-content\/uploads\/2020\/06\/LOGO-512.jpg","width":512,"height":512,"caption":"NOTICIASMERCEDINAS.COM"},"image":{"@id":"https:\/\/noticiasmercedinas.com\/site\/#\/schema\/logo\/image\/"},"sameAs":["https:\/\/www.facebook.com\/noticiasmercedinas\/","https:\/\/x.com\/notmercedinas","https:\/\/www.instagram.com\/noticiasmercedinas\/"]},{"@type":"Person","@id":"https:\/\/noticiasmercedinas.com\/site\/#\/schema\/person\/84b59c099c28ff2e8b77d4ceec5d8063","name":"NOTICIASMERCEDINAS.COM","image":{"@type":"ImageObject","inLanguage":"es","@id":"https:\/\/secure.gravatar.com\/avatar\/4dfbf16b4d17945bfb6341b2d19043457132fcf478a5ee04f42e959fd8f5df0a?s=96&d=mm&r=g","url":"https:\/\/secure.gravatar.com\/avatar\/4dfbf16b4d17945bfb6341b2d19043457132fcf478a5ee04f42e959fd8f5df0a?s=96&d=mm&r=g","contentUrl":"https:\/\/secure.gravatar.com\/avatar\/4dfbf16b4d17945bfb6341b2d19043457132fcf478a5ee04f42e959fd8f5df0a?s=96&d=mm&r=g","caption":"NOTICIASMERCEDINAS.COM"},"url":"https:\/\/noticiasmercedinas.com\/site\/author\/anonimo\/"}]}},"amp_enabled":true,"_links":{"self":[{"href":"https:\/\/noticiasmercedinas.com\/site\/wp-json\/wp\/v2\/posts\/67857","targetHints":{"allow":["GET"]}}],"collection":[{"href":"https:\/\/noticiasmercedinas.com\/site\/wp-json\/wp\/v2\/posts"}],"about":[{"href":"https:\/\/noticiasmercedinas.com\/site\/wp-json\/wp\/v2\/types\/post"}],"author":[{"embeddable":true,"href":"https:\/\/noticiasmercedinas.com\/site\/wp-json\/wp\/v2\/users\/16"}],"replies":[{"embeddable":true,"href":"https:\/\/noticiasmercedinas.com\/site\/wp-json\/wp\/v2\/comments?post=67857"}],"version-history":[{"count":3,"href":"https:\/\/noticiasmercedinas.com\/site\/wp-json\/wp\/v2\/posts\/67857\/revisions"}],"predecessor-version":[{"id":67865,"href":"https:\/\/noticiasmercedinas.com\/site\/wp-json\/wp\/v2\/posts\/67857\/revisions\/67865"}],"wp:featuredmedia":[{"embeddable":true,"href":"https:\/\/noticiasmercedinas.com\/site\/wp-json\/wp\/v2\/media\/67863"}],"wp:attachment":[{"href":"https:\/\/noticiasmercedinas.com\/site\/wp-json\/wp\/v2\/media?parent=67857"}],"wp:term":[{"taxonomy":"category","embeddable":true,"href":"https:\/\/noticiasmercedinas.com\/site\/wp-json\/wp\/v2\/categories?post=67857"},{"taxonomy":"post_tag","embeddable":true,"href":"https:\/\/noticiasmercedinas.com\/site\/wp-json\/wp\/v2\/tags?post=67857"}],"curies":[{"name":"wp","href":"https:\/\/api.w.org\/{rel}","templated":true}]}}