{"id":68350,"date":"2021-05-31T14:49:05","date_gmt":"2021-05-31T17:49:05","guid":{"rendered":"https:\/\/noticiasmercedinas.com\/site\/?p=68350"},"modified":"2021-05-31T14:49:05","modified_gmt":"2021-05-31T17:49:05","slug":"wado-de-pedro-en-c5n-hablo-de-todo","status":"publish","type":"post","link":"https:\/\/noticiasmercedinas.com\/site\/2021\/05\/31\/wado-de-pedro-en-c5n-hablo-de-todo\/","title":{"rendered":"\u00abWado\u00bb De Pedro en C5N, habl\u00f3 de todo"},"content":{"rendered":"<p>El ministro del Interior de la Naci\u00f3n, <strong>Eduardo \u00abWado\u00bb de Pedro<\/strong>, estuvo este\u00a0 domingo por la noche en C5N para ser entrevistado y habl\u00f3, durante poco menos de una hora de diferentes tem\u00e1ticas que hacen a su gesti\u00f3n como funcionario clave del gobierno de Alberto Fern\u00e1ndez. Adem\u00e1s critic\u00f3 a Mauricio Macri.<\/p>\n<p>El mercedino De Pedro es un hombre de dar pocas entrevistas, aunque de a poco viene cambiando ese perfil.<\/p>\n<p>D\u00edas pasados hab\u00eda aceptado un reportaje <span style=\"color: #000080;\"><a style=\"color: #000080;\" href=\"https:\/\/noticiasmercedinas.com\/site\/2021\/04\/14\/de-pedro-han-inventado-muchas-cosas\/\" target=\"_blank\" rel=\"noopener\"><strong>de parte de Nicol\u00e1s Wi\u00f1azky en Todo Noticias <\/strong><\/a><\/span>y ahora fue al canal C5N, donde estuve conversando con <strong>Iv\u00e1n Schargrodsky<\/strong> y su equipo en el programa \u00abHagan algo\u00bb.<\/p>\n<p>\u00abHablamos de la pandemia, las vacunas y de todo lo que estamos haciendo para construir una Argentina federal, justa y equitativa\u00bb, sintetiz\u00f3 De Pedro al concluir la emisi\u00f3n period\u00edstica.<\/p>\n<p>Uno de los temas que m\u00e1s repercusi\u00f3n tuvo en el\u00a0di\u00e1logo con C5N, fue lo ateniente a la realizaci\u00f3n de la Copa Am\u00e9rica. De Pedro dijo que ser\u00eda \u201cmuy dif\u00edcil con la situaci\u00f3n sanitaria que hay en el resto de las provincias\u201d que se lleve a cabo el torneo de selecciones sudamericanas: \u201cDesde el diagn\u00f3stico sanitario, vemos muy dif\u00edcil que se pueda jugar en Argentina. Por supuesto, el presidente junto al Ministerio de Salud van a tomar ma\u00f1ana la decisi\u00f3n\u201d, indic\u00f3 por hoy y\u00a0agreg\u00f3 la necesidad de ser \u201ccoherentes con lo que venimos diciendo que es cuidar la salud y la vida de los argentinos y argentinas\u201d. Adem\u00e1s se refiri\u00f3 a una charla con Alberto Fern\u00e1ndez sobre la situaci\u00f3n de las provincias en que se realizar\u00edan los partidos de f\u00fatbol.<\/p>\n<p>\u201cEstuve conversando con el Presidente respecto de la situaci\u00f3n sanitaria de las distintas jurisdicciones. Estuvimos analizando la situaci\u00f3n epidemiol\u00f3gica de Mendoza, C\u00f3rdoba, la Ciudad de Buenos Aires, Tucum\u00e1n y Santa Fe. Algunas de ellas son sedes para que se haga la Copa Am\u00e9rica. Con lo cual\u2026 Hasta hoy, lo son\u201d, afirm\u00f3 sobre algunos de los lugares que, al final, se supo, no tendr\u00e1n que organizar la log\u00edstica que implicaba la competencia.<\/p>\n<p>Sobre el ex presidente Mauricio Macri y sus \u00faltimas declaraciones, dijo que \u00abno tiene registro del da\u00f1o que hizo\u00bb y que \u00absubestima la inteligencia de la sociedad\u00bb: \u00abHoy estamos discutiendo adem\u00e1s de la pandemia una deuda con el Fondo Monetario Internacional que es similar al monto que el FMI ofrece al mundo para resolver la pandemia\u00bb, indic\u00f3.<\/p>\n<p>\u00abHay que tomar conciencia: hablar de 50 mil millones de d\u00f3lares parece mucho y Mauricio Macri tom\u00f3 100 mil millones de d\u00f3lares, 44 mil al fondo monetario, un monto similar al que propone aportar para tratar de terminar con la pandemia en el mundo. Ese dinero en Argentina no est\u00e1 en puentes, en obras, en rutas, en\u00a0 el sistema ferroviario, en universidades, en tecnolog\u00eda, no est\u00e1 en el Estado ni se lo prest\u00f3 a las compa\u00f1\u00edas para que mejoren su producci\u00f3n\u00bb, dijo y remarc\u00f3 que se pidieron m\u00e1s de 50 mil millones de d\u00f3lares a fondos de inversi\u00f3n. \u00abVeo un ex presidente que no tiene registro del da\u00f1o que hizo\u00bb, sostuvo.<\/p>\n","protected":false},"excerpt":{"rendered":"<p>\u25a0 El ministro del Interior trat\u00f3 diferentes tem\u00e1ticas que hacen a su gesti\u00f3n como funcionario clave del gobierno de Alberto Fern\u00e1ndez. Adem\u00e1s critic\u00f3 a Mauricio Macri.<\/p>\n","protected":false},"author":16,"featured_media":68353,"comment_status":"open","ping_status":"open","sticky":false,"template":"","format":"video","meta":{"footnotes":""},"categories":[16],"tags":[4249,7494],"class_list":["post-68350","post","type-post","status-publish","format-video","has-post-thumbnail","hentry","category-politica","tag-c5n","tag-eduardo-wado-de-pedro-2","post_format-post-format-video"],"yoast_head":"<!-- This site is optimized with the Yoast SEO plugin v27.5 - https:\/\/yoast.com\/product\/yoast-seo-wordpress\/ -->\n<title>&quot;Wado&quot; De Pedro en C5N, habl\u00f3 de todo<\/title>\n<meta name=\"robots\" content=\"index, follow, max-snippet:-1, max-image-preview:large, max-video-preview:-1\" \/>\n<link rel=\"canonical\" href=\"https:\/\/noticiasmercedinas.com\/site\/2021\/05\/31\/wado-de-pedro-en-c5n-hablo-de-todo\/\" \/>\n<meta property=\"og:locale\" content=\"es_ES\" \/>\n<meta property=\"og:type\" content=\"article\" \/>\n<meta property=\"og:title\" content=\"&quot;Wado&quot; De Pedro en C5N, habl\u00f3 de todo\" \/>\n<meta property=\"og:description\" content=\"\u25a0 El ministro del Interior trat\u00f3 diferentes tem\u00e1ticas que hacen a su gesti\u00f3n como funcionario clave del gobierno de Alberto Fern\u00e1ndez. Adem\u00e1s critic\u00f3 a Mauricio Macri.\" \/>\n<meta property=\"og:url\" content=\"https:\/\/noticiasmercedinas.com\/site\/2021\/05\/31\/wado-de-pedro-en-c5n-hablo-de-todo\/\" \/>\n<meta property=\"og:site_name\" content=\"NOTICIASMERCEDINAS.COM\" \/>\n<meta property=\"article:publisher\" content=\"https:\/\/www.facebook.com\/noticiasmercedinas\/\" \/>\n<meta property=\"article:published_time\" content=\"2021-05-31T17:49:05+00:00\" \/>\n<meta property=\"og:image\" content=\"https:\/\/noticiasmercedinas.com\/site\/wp-content\/uploads\/2021\/05\/c5n.jpg\" \/>\n\t<meta property=\"og:image:width\" content=\"652\" \/>\n\t<meta property=\"og:image:height\" content=\"407\" \/>\n\t<meta property=\"og:image:type\" content=\"image\/jpeg\" \/>\n<meta name=\"author\" content=\"NOTICIASMERCEDINAS.COM\" \/>\n<meta name=\"twitter:card\" content=\"summary_large_image\" \/>\n<meta name=\"twitter:creator\" content=\"@notmercedinas\" \/>\n<meta name=\"twitter:site\" content=\"@notmercedinas\" \/>\n<meta name=\"twitter:label1\" content=\"Escrito por\" \/>\n\t<meta name=\"twitter:data1\" content=\"NOTICIASMERCEDINAS.COM\" \/>\n\t<meta name=\"twitter:label2\" content=\"Tiempo de lectura\" \/>\n\t<meta name=\"twitter:data2\" content=\"3 minutos\" \/>\n<script type=\"application\/ld+json\" class=\"yoast-schema-graph\">{\"@context\":\"https:\\\/\\\/schema.org\",\"@graph\":[{\"@type\":\"Article\",\"@id\":\"https:\\\/\\\/noticiasmercedinas.com\\\/site\\\/2021\\\/05\\\/31\\\/wado-de-pedro-en-c5n-hablo-de-todo\\\/#article\",\"isPartOf\":{\"@id\":\"https:\\\/\\\/noticiasmercedinas.com\\\/site\\\/2021\\\/05\\\/31\\\/wado-de-pedro-en-c5n-hablo-de-todo\\\/\"},\"author\":{\"name\":\"NOTICIASMERCEDINAS.COM\",\"@id\":\"https:\\\/\\\/noticiasmercedinas.com\\\/site\\\/#\\\/schema\\\/person\\\/84b59c099c28ff2e8b77d4ceec5d8063\"},\"headline\":\"\u00abWado\u00bb De Pedro en C5N, habl\u00f3 de todo\",\"datePublished\":\"2021-05-31T17:49:05+00:00\",\"mainEntityOfPage\":{\"@id\":\"https:\\\/\\\/noticiasmercedinas.com\\\/site\\\/2021\\\/05\\\/31\\\/wado-de-pedro-en-c5n-hablo-de-todo\\\/\"},\"wordCount\":559,\"commentCount\":0,\"publisher\":{\"@id\":\"https:\\\/\\\/noticiasmercedinas.com\\\/site\\\/#organization\"},\"image\":{\"@id\":\"https:\\\/\\\/noticiasmercedinas.com\\\/site\\\/2021\\\/05\\\/31\\\/wado-de-pedro-en-c5n-hablo-de-todo\\\/#primaryimage\"},\"thumbnailUrl\":\"https:\\\/\\\/noticiasmercedinas.com\\\/site\\\/wp-content\\\/uploads\\\/2021\\\/05\\\/c5n.jpg\",\"keywords\":[\"c5N\",\"Eduardo wado de Pedro\"],\"articleSection\":[\"Politica\"],\"inLanguage\":\"es\",\"potentialAction\":[{\"@type\":\"CommentAction\",\"name\":\"Comment\",\"target\":[\"https:\\\/\\\/noticiasmercedinas.com\\\/site\\\/2021\\\/05\\\/31\\\/wado-de-pedro-en-c5n-hablo-de-todo\\\/#respond\"]}]},{\"@type\":\"WebPage\",\"@id\":\"https:\\\/\\\/noticiasmercedinas.com\\\/site\\\/2021\\\/05\\\/31\\\/wado-de-pedro-en-c5n-hablo-de-todo\\\/\",\"url\":\"https:\\\/\\\/noticiasmercedinas.com\\\/site\\\/2021\\\/05\\\/31\\\/wado-de-pedro-en-c5n-hablo-de-todo\\\/\",\"name\":\"\\\"Wado\\\" De Pedro en C5N, habl\u00f3 de todo\",\"isPartOf\":{\"@id\":\"https:\\\/\\\/noticiasmercedinas.com\\\/site\\\/#website\"},\"primaryImageOfPage\":{\"@id\":\"https:\\\/\\\/noticiasmercedinas.com\\\/site\\\/2021\\\/05\\\/31\\\/wado-de-pedro-en-c5n-hablo-de-todo\\\/#primaryimage\"},\"image\":{\"@id\":\"https:\\\/\\\/noticiasmercedinas.com\\\/site\\\/2021\\\/05\\\/31\\\/wado-de-pedro-en-c5n-hablo-de-todo\\\/#primaryimage\"},\"thumbnailUrl\":\"https:\\\/\\\/noticiasmercedinas.com\\\/site\\\/wp-content\\\/uploads\\\/2021\\\/05\\\/c5n.jpg\",\"datePublished\":\"2021-05-31T17:49:05+00:00\",\"breadcrumb\":{\"@id\":\"https:\\\/\\\/noticiasmercedinas.com\\\/site\\\/2021\\\/05\\\/31\\\/wado-de-pedro-en-c5n-hablo-de-todo\\\/#breadcrumb\"},\"inLanguage\":\"es\",\"potentialAction\":[{\"@type\":\"ReadAction\",\"target\":[\"https:\\\/\\\/noticiasmercedinas.com\\\/site\\\/2021\\\/05\\\/31\\\/wado-de-pedro-en-c5n-hablo-de-todo\\\/\"]}]},{\"@type\":\"ImageObject\",\"inLanguage\":\"es\",\"@id\":\"https:\\\/\\\/noticiasmercedinas.com\\\/site\\\/2021\\\/05\\\/31\\\/wado-de-pedro-en-c5n-hablo-de-todo\\\/#primaryimage\",\"url\":\"https:\\\/\\\/noticiasmercedinas.com\\\/site\\\/wp-content\\\/uploads\\\/2021\\\/05\\\/c5n.jpg\",\"contentUrl\":\"https:\\\/\\\/noticiasmercedinas.com\\\/site\\\/wp-content\\\/uploads\\\/2021\\\/05\\\/c5n.jpg\",\"width\":652,\"height\":407},{\"@type\":\"BreadcrumbList\",\"@id\":\"https:\\\/\\\/noticiasmercedinas.com\\\/site\\\/2021\\\/05\\\/31\\\/wado-de-pedro-en-c5n-hablo-de-todo\\\/#breadcrumb\",\"itemListElement\":[{\"@type\":\"ListItem\",\"position\":1,\"name\":\"Portada\",\"item\":\"https:\\\/\\\/noticiasmercedinas.com\\\/site\\\/\"},{\"@type\":\"ListItem\",\"position\":2,\"name\":\"\u00abWado\u00bb De Pedro en C5N, habl\u00f3 de todo\"}]},{\"@type\":\"WebSite\",\"@id\":\"https:\\\/\\\/noticiasmercedinas.com\\\/site\\\/#website\",\"url\":\"https:\\\/\\\/noticiasmercedinas.com\\\/site\\\/\",\"name\":\"NOTICIASMERCEDINAS.COM\",\"description\":\"Mercedes, Buenos Aires, Argentina\",\"publisher\":{\"@id\":\"https:\\\/\\\/noticiasmercedinas.com\\\/site\\\/#organization\"},\"potentialAction\":[{\"@type\":\"SearchAction\",\"target\":{\"@type\":\"EntryPoint\",\"urlTemplate\":\"https:\\\/\\\/noticiasmercedinas.com\\\/site\\\/?s={search_term_string}\"},\"query-input\":{\"@type\":\"PropertyValueSpecification\",\"valueRequired\":true,\"valueName\":\"search_term_string\"}}],\"inLanguage\":\"es\"},{\"@type\":\"Organization\",\"@id\":\"https:\\\/\\\/noticiasmercedinas.com\\\/site\\\/#organization\",\"name\":\"NOTICIASMERCEDINAS.COM\",\"url\":\"https:\\\/\\\/noticiasmercedinas.com\\\/site\\\/\",\"logo\":{\"@type\":\"ImageObject\",\"inLanguage\":\"es\",\"@id\":\"https:\\\/\\\/noticiasmercedinas.com\\\/site\\\/#\\\/schema\\\/logo\\\/image\\\/\",\"url\":\"https:\\\/\\\/noticiasmercedinas.com\\\/site\\\/wp-content\\\/uploads\\\/2020\\\/06\\\/LOGO-512.jpg\",\"contentUrl\":\"https:\\\/\\\/noticiasmercedinas.com\\\/site\\\/wp-content\\\/uploads\\\/2020\\\/06\\\/LOGO-512.jpg\",\"width\":512,\"height\":512,\"caption\":\"NOTICIASMERCEDINAS.COM\"},\"image\":{\"@id\":\"https:\\\/\\\/noticiasmercedinas.com\\\/site\\\/#\\\/schema\\\/logo\\\/image\\\/\"},\"sameAs\":[\"https:\\\/\\\/www.facebook.com\\\/noticiasmercedinas\\\/\",\"https:\\\/\\\/x.com\\\/notmercedinas\",\"https:\\\/\\\/www.instagram.com\\\/noticiasmercedinas\\\/\"]},{\"@type\":\"Person\",\"@id\":\"https:\\\/\\\/noticiasmercedinas.com\\\/site\\\/#\\\/schema\\\/person\\\/84b59c099c28ff2e8b77d4ceec5d8063\",\"name\":\"NOTICIASMERCEDINAS.COM\",\"image\":{\"@type\":\"ImageObject\",\"inLanguage\":\"es\",\"@id\":\"https:\\\/\\\/secure.gravatar.com\\\/avatar\\\/4dfbf16b4d17945bfb6341b2d19043457132fcf478a5ee04f42e959fd8f5df0a?s=96&d=mm&r=g\",\"url\":\"https:\\\/\\\/secure.gravatar.com\\\/avatar\\\/4dfbf16b4d17945bfb6341b2d19043457132fcf478a5ee04f42e959fd8f5df0a?s=96&d=mm&r=g\",\"contentUrl\":\"https:\\\/\\\/secure.gravatar.com\\\/avatar\\\/4dfbf16b4d17945bfb6341b2d19043457132fcf478a5ee04f42e959fd8f5df0a?s=96&d=mm&r=g\",\"caption\":\"NOTICIASMERCEDINAS.COM\"},\"url\":\"https:\\\/\\\/noticiasmercedinas.com\\\/site\\\/author\\\/anonimo\\\/\"}]}<\/script>\n<!-- \/ Yoast SEO plugin. -->","yoast_head_json":{"title":"\"Wado\" De Pedro en C5N, habl\u00f3 de todo","robots":{"index":"index","follow":"follow","max-snippet":"max-snippet:-1","max-image-preview":"max-image-preview:large","max-video-preview":"max-video-preview:-1"},"canonical":"https:\/\/noticiasmercedinas.com\/site\/2021\/05\/31\/wado-de-pedro-en-c5n-hablo-de-todo\/","og_locale":"es_ES","og_type":"article","og_title":"\"Wado\" De Pedro en C5N, habl\u00f3 de todo","og_description":"\u25a0 El ministro del Interior trat\u00f3 diferentes tem\u00e1ticas que hacen a su gesti\u00f3n como funcionario clave del gobierno de Alberto Fern\u00e1ndez. Adem\u00e1s critic\u00f3 a Mauricio Macri.","og_url":"https:\/\/noticiasmercedinas.com\/site\/2021\/05\/31\/wado-de-pedro-en-c5n-hablo-de-todo\/","og_site_name":"NOTICIASMERCEDINAS.COM","article_publisher":"https:\/\/www.facebook.com\/noticiasmercedinas\/","article_published_time":"2021-05-31T17:49:05+00:00","og_image":[{"width":652,"height":407,"url":"https:\/\/noticiasmercedinas.com\/site\/wp-content\/uploads\/2021\/05\/c5n.jpg","type":"image\/jpeg"}],"author":"NOTICIASMERCEDINAS.COM","twitter_card":"summary_large_image","twitter_creator":"@notmercedinas","twitter_site":"@notmercedinas","twitter_misc":{"Escrito por":"NOTICIASMERCEDINAS.COM","Tiempo de lectura":"3 minutos"},"schema":{"@context":"https:\/\/schema.org","@graph":[{"@type":"Article","@id":"https:\/\/noticiasmercedinas.com\/site\/2021\/05\/31\/wado-de-pedro-en-c5n-hablo-de-todo\/#article","isPartOf":{"@id":"https:\/\/noticiasmercedinas.com\/site\/2021\/05\/31\/wado-de-pedro-en-c5n-hablo-de-todo\/"},"author":{"name":"NOTICIASMERCEDINAS.COM","@id":"https:\/\/noticiasmercedinas.com\/site\/#\/schema\/person\/84b59c099c28ff2e8b77d4ceec5d8063"},"headline":"\u00abWado\u00bb De Pedro en C5N, habl\u00f3 de todo","datePublished":"2021-05-31T17:49:05+00:00","mainEntityOfPage":{"@id":"https:\/\/noticiasmercedinas.com\/site\/2021\/05\/31\/wado-de-pedro-en-c5n-hablo-de-todo\/"},"wordCount":559,"commentCount":0,"publisher":{"@id":"https:\/\/noticiasmercedinas.com\/site\/#organization"},"image":{"@id":"https:\/\/noticiasmercedinas.com\/site\/2021\/05\/31\/wado-de-pedro-en-c5n-hablo-de-todo\/#primaryimage"},"thumbnailUrl":"https:\/\/noticiasmercedinas.com\/site\/wp-content\/uploads\/2021\/05\/c5n.jpg","keywords":["c5N","Eduardo wado de Pedro"],"articleSection":["Politica"],"inLanguage":"es","potentialAction":[{"@type":"CommentAction","name":"Comment","target":["https:\/\/noticiasmercedinas.com\/site\/2021\/05\/31\/wado-de-pedro-en-c5n-hablo-de-todo\/#respond"]}]},{"@type":"WebPage","@id":"https:\/\/noticiasmercedinas.com\/site\/2021\/05\/31\/wado-de-pedro-en-c5n-hablo-de-todo\/","url":"https:\/\/noticiasmercedinas.com\/site\/2021\/05\/31\/wado-de-pedro-en-c5n-hablo-de-todo\/","name":"\"Wado\" De Pedro en C5N, habl\u00f3 de todo","isPartOf":{"@id":"https:\/\/noticiasmercedinas.com\/site\/#website"},"primaryImageOfPage":{"@id":"https:\/\/noticiasmercedinas.com\/site\/2021\/05\/31\/wado-de-pedro-en-c5n-hablo-de-todo\/#primaryimage"},"image":{"@id":"https:\/\/noticiasmercedinas.com\/site\/2021\/05\/31\/wado-de-pedro-en-c5n-hablo-de-todo\/#primaryimage"},"thumbnailUrl":"https:\/\/noticiasmercedinas.com\/site\/wp-content\/uploads\/2021\/05\/c5n.jpg","datePublished":"2021-05-31T17:49:05+00:00","breadcrumb":{"@id":"https:\/\/noticiasmercedinas.com\/site\/2021\/05\/31\/wado-de-pedro-en-c5n-hablo-de-todo\/#breadcrumb"},"inLanguage":"es","potentialAction":[{"@type":"ReadAction","target":["https:\/\/noticiasmercedinas.com\/site\/2021\/05\/31\/wado-de-pedro-en-c5n-hablo-de-todo\/"]}]},{"@type":"ImageObject","inLanguage":"es","@id":"https:\/\/noticiasmercedinas.com\/site\/2021\/05\/31\/wado-de-pedro-en-c5n-hablo-de-todo\/#primaryimage","url":"https:\/\/noticiasmercedinas.com\/site\/wp-content\/uploads\/2021\/05\/c5n.jpg","contentUrl":"https:\/\/noticiasmercedinas.com\/site\/wp-content\/uploads\/2021\/05\/c5n.jpg","width":652,"height":407},{"@type":"BreadcrumbList","@id":"https:\/\/noticiasmercedinas.com\/site\/2021\/05\/31\/wado-de-pedro-en-c5n-hablo-de-todo\/#breadcrumb","itemListElement":[{"@type":"ListItem","position":1,"name":"Portada","item":"https:\/\/noticiasmercedinas.com\/site\/"},{"@type":"ListItem","position":2,"name":"\u00abWado\u00bb De Pedro en C5N, habl\u00f3 de todo"}]},{"@type":"WebSite","@id":"https:\/\/noticiasmercedinas.com\/site\/#website","url":"https:\/\/noticiasmercedinas.com\/site\/","name":"NOTICIASMERCEDINAS.COM","description":"Mercedes, Buenos Aires, Argentina","publisher":{"@id":"https:\/\/noticiasmercedinas.com\/site\/#organization"},"potentialAction":[{"@type":"SearchAction","target":{"@type":"EntryPoint","urlTemplate":"https:\/\/noticiasmercedinas.com\/site\/?s={search_term_string}"},"query-input":{"@type":"PropertyValueSpecification","valueRequired":true,"valueName":"search_term_string"}}],"inLanguage":"es"},{"@type":"Organization","@id":"https:\/\/noticiasmercedinas.com\/site\/#organization","name":"NOTICIASMERCEDINAS.COM","url":"https:\/\/noticiasmercedinas.com\/site\/","logo":{"@type":"ImageObject","inLanguage":"es","@id":"https:\/\/noticiasmercedinas.com\/site\/#\/schema\/logo\/image\/","url":"https:\/\/noticiasmercedinas.com\/site\/wp-content\/uploads\/2020\/06\/LOGO-512.jpg","contentUrl":"https:\/\/noticiasmercedinas.com\/site\/wp-content\/uploads\/2020\/06\/LOGO-512.jpg","width":512,"height":512,"caption":"NOTICIASMERCEDINAS.COM"},"image":{"@id":"https:\/\/noticiasmercedinas.com\/site\/#\/schema\/logo\/image\/"},"sameAs":["https:\/\/www.facebook.com\/noticiasmercedinas\/","https:\/\/x.com\/notmercedinas","https:\/\/www.instagram.com\/noticiasmercedinas\/"]},{"@type":"Person","@id":"https:\/\/noticiasmercedinas.com\/site\/#\/schema\/person\/84b59c099c28ff2e8b77d4ceec5d8063","name":"NOTICIASMERCEDINAS.COM","image":{"@type":"ImageObject","inLanguage":"es","@id":"https:\/\/secure.gravatar.com\/avatar\/4dfbf16b4d17945bfb6341b2d19043457132fcf478a5ee04f42e959fd8f5df0a?s=96&d=mm&r=g","url":"https:\/\/secure.gravatar.com\/avatar\/4dfbf16b4d17945bfb6341b2d19043457132fcf478a5ee04f42e959fd8f5df0a?s=96&d=mm&r=g","contentUrl":"https:\/\/secure.gravatar.com\/avatar\/4dfbf16b4d17945bfb6341b2d19043457132fcf478a5ee04f42e959fd8f5df0a?s=96&d=mm&r=g","caption":"NOTICIASMERCEDINAS.COM"},"url":"https:\/\/noticiasmercedinas.com\/site\/author\/anonimo\/"}]}},"amp_enabled":true,"_links":{"self":[{"href":"https:\/\/noticiasmercedinas.com\/site\/wp-json\/wp\/v2\/posts\/68350","targetHints":{"allow":["GET"]}}],"collection":[{"href":"https:\/\/noticiasmercedinas.com\/site\/wp-json\/wp\/v2\/posts"}],"about":[{"href":"https:\/\/noticiasmercedinas.com\/site\/wp-json\/wp\/v2\/types\/post"}],"author":[{"embeddable":true,"href":"https:\/\/noticiasmercedinas.com\/site\/wp-json\/wp\/v2\/users\/16"}],"replies":[{"embeddable":true,"href":"https:\/\/noticiasmercedinas.com\/site\/wp-json\/wp\/v2\/comments?post=68350"}],"version-history":[{"count":3,"href":"https:\/\/noticiasmercedinas.com\/site\/wp-json\/wp\/v2\/posts\/68350\/revisions"}],"predecessor-version":[{"id":68355,"href":"https:\/\/noticiasmercedinas.com\/site\/wp-json\/wp\/v2\/posts\/68350\/revisions\/68355"}],"wp:featuredmedia":[{"embeddable":true,"href":"https:\/\/noticiasmercedinas.com\/site\/wp-json\/wp\/v2\/media\/68353"}],"wp:attachment":[{"href":"https:\/\/noticiasmercedinas.com\/site\/wp-json\/wp\/v2\/media?parent=68350"}],"wp:term":[{"taxonomy":"category","embeddable":true,"href":"https:\/\/noticiasmercedinas.com\/site\/wp-json\/wp\/v2\/categories?post=68350"},{"taxonomy":"post_tag","embeddable":true,"href":"https:\/\/noticiasmercedinas.com\/site\/wp-json\/wp\/v2\/tags?post=68350"}],"curies":[{"name":"wp","href":"https:\/\/api.w.org\/{rel}","templated":true}]}}