{"id":68431,"date":"2021-06-01T20:42:28","date_gmt":"2021-06-01T23:42:28","guid":{"rendered":"https:\/\/noticiasmercedinas.com\/site\/?p=68431"},"modified":"2021-06-01T20:42:28","modified_gmt":"2021-06-01T23:42:28","slug":"tareas-de-limpieza-fue-el-turno-del-arroyo-leguizamon","status":"publish","type":"post","link":"https:\/\/noticiasmercedinas.com\/site\/2021\/06\/01\/tareas-de-limpieza-fue-el-turno-del-arroyo-leguizamon\/","title":{"rendered":"Tareas de limpieza: fue el turno del Arroyo Leguizam\u00f3n"},"content":{"rendered":"<p><img loading=\"lazy\" decoding=\"async\" class=\"alignnone size-full wp-image-68432\" src=\"https:\/\/noticiasmercedinas.com\/site\/wp-content\/uploads\/2021\/06\/5-2.jpg\" alt=\"\" width=\"960\" height=\"720\" srcset=\"https:\/\/noticiasmercedinas.com\/site\/wp-content\/uploads\/2021\/06\/5-2.jpg 960w, https:\/\/noticiasmercedinas.com\/site\/wp-content\/uploads\/2021\/06\/5-2-300x225.jpg 300w, https:\/\/noticiasmercedinas.com\/site\/wp-content\/uploads\/2021\/06\/5-2-768x576.jpg 768w, https:\/\/noticiasmercedinas.com\/site\/wp-content\/uploads\/2021\/06\/5-2-80x60.jpg 80w, https:\/\/noticiasmercedinas.com\/site\/wp-content\/uploads\/2021\/06\/5-2-160x120.jpg 160w, https:\/\/noticiasmercedinas.com\/site\/wp-content\/uploads\/2021\/06\/5-2-100x75.jpg 100w, https:\/\/noticiasmercedinas.com\/site\/wp-content\/uploads\/2021\/06\/5-2-200x150.jpg 200w, https:\/\/noticiasmercedinas.com\/site\/wp-content\/uploads\/2021\/06\/5-2-180x135.jpg 180w, https:\/\/noticiasmercedinas.com\/site\/wp-content\/uploads\/2021\/06\/5-2-360x270.jpg 360w, https:\/\/noticiasmercedinas.com\/site\/wp-content\/uploads\/2021\/06\/5-2-238x178.jpg 238w, https:\/\/noticiasmercedinas.com\/site\/wp-content\/uploads\/2021\/06\/5-2-476x356.jpg 476w, https:\/\/noticiasmercedinas.com\/site\/wp-content\/uploads\/2021\/06\/5-2-640x480.jpg 640w, https:\/\/noticiasmercedinas.com\/site\/wp-content\/uploads\/2021\/06\/5-2-681x511.jpg 681w\" sizes=\"auto, (max-width: 960px) 100vw, 960px\" \/><\/p>\n<p>La direcci\u00f3n de Ambiente de la Municipalidad contin\u00faa aplicando las pol\u00edticas de cuidado ambiental impulsadas por el intendente Juan Ustarroz. En esta ocasi\u00f3n el Arroyo Leguizam\u00f3n fue parte del plan integral de cuidado ambiental. All\u00ed se recolectaron m\u00e1s de 50 kilos de residuos como papel, cart\u00f3n, bolsas de residuos, latas, botellas de vidrio y pa\u00f1ales, entre otras cosas.<\/p>\n<p>La Direcci\u00f3n de Ambiente Municipal, en el marco del Programa de Limpieza y Educaci\u00f3n Ambiental en \u00c1reas Naturales Protegidas, procedi\u00f3 a limpiar y acondicionar el Arroyo Leguizam\u00f3n y su desembocadura en el R\u00edo Luj\u00e1n.<\/p>\n<p>La intervenci\u00f3n del mismo tuvo como objetivo limpiar y buscar la generaci\u00f3n de conciencia sobre la importancia del cuidado ambiental y sectores p\u00fablicos, para la valorizaci\u00f3n de las mismas.<\/p>\n<p>En dicho lugar, se recolectaron m\u00e1s de 50 kg de residuos como papel, cart\u00f3n, bolsas de residuos, latas, botellas de vidrio, pa\u00f1ales, entre otras cosas.<\/p>\n<p>Estas visitas se realizan los jueves, cada dos semanas, para concretar una limpieza general del lugar, colocar carteler\u00eda y visibilizar estas \u00c1reas Naturales.<\/p>\n<p>Los lugares de intervenci\u00f3n van rotando: Arroyo de Oro, Arroyo Fr\u00edas, Arroyo de las Pulgas, Arroyo y Reserva del Balta, R\u00edo Luj\u00e1n.<\/p>\n<p>El Programa de Limpieza de \u00c1reas Naturales, impulsado por el Municipio de Mercedes, est\u00e1 realizando arduas tareas semanales de educaci\u00f3n y acci\u00f3n ambiental para generar conciencia y dejar los espacios en \u00f3ptimas condiciones<\/p>\n","protected":false},"excerpt":{"rendered":"<p>La direcci\u00f3n de Ambiente de la Municipalidad contin\u00faa aplicando las pol\u00edticas de cuidado ambiental impulsadas por el intendente Juan Ustarroz. En esta ocasi\u00f3n el Arroyo Leguizam\u00f3n fue parte del plan integral de cuidado ambiental. All\u00ed se recolectaron m\u00e1s de 50 kilos de residuos como papel, cart\u00f3n, bolsas de residuos, latas, botellas de vidrio y pa\u00f1ales, [&hellip;]<\/p>\n","protected":false},"author":16,"featured_media":68432,"comment_status":"open","ping_status":"open","sticky":false,"template":"","format":"standard","meta":{"footnotes":""},"categories":[5754],"tags":[12065,3185],"class_list":["post-68431","post","type-post","status-publish","format-standard","has-post-thumbnail","hentry","category-medio-ambiente","tag-arroyos","tag-limpieza"],"yoast_head":"<!-- This site is optimized with the Yoast SEO plugin v27.5 - https:\/\/yoast.com\/product\/yoast-seo-wordpress\/ -->\n<title>Tareas de limpieza: fue el turno del Arroyo Leguizam\u00f3n<\/title>\n<meta name=\"robots\" content=\"index, follow, max-snippet:-1, max-image-preview:large, max-video-preview:-1\" \/>\n<link rel=\"canonical\" href=\"https:\/\/noticiasmercedinas.com\/site\/2021\/06\/01\/tareas-de-limpieza-fue-el-turno-del-arroyo-leguizamon\/\" \/>\n<meta property=\"og:locale\" content=\"es_ES\" \/>\n<meta property=\"og:type\" content=\"article\" \/>\n<meta property=\"og:title\" content=\"Tareas de limpieza: fue el turno del Arroyo Leguizam\u00f3n\" \/>\n<meta property=\"og:description\" content=\"La direcci\u00f3n de Ambiente de la Municipalidad contin\u00faa aplicando las pol\u00edticas de cuidado ambiental impulsadas por el intendente Juan Ustarroz. En esta ocasi\u00f3n el Arroyo Leguizam\u00f3n fue parte del plan integral de cuidado ambiental. All\u00ed se recolectaron m\u00e1s de 50 kilos de residuos como papel, cart\u00f3n, bolsas de residuos, latas, botellas de vidrio y pa\u00f1ales, [&hellip;]\" \/>\n<meta property=\"og:url\" content=\"https:\/\/noticiasmercedinas.com\/site\/2021\/06\/01\/tareas-de-limpieza-fue-el-turno-del-arroyo-leguizamon\/\" \/>\n<meta property=\"og:site_name\" content=\"NOTICIASMERCEDINAS.COM\" \/>\n<meta property=\"article:publisher\" content=\"https:\/\/www.facebook.com\/noticiasmercedinas\/\" \/>\n<meta property=\"article:published_time\" content=\"2021-06-01T23:42:28+00:00\" \/>\n<meta property=\"og:image\" content=\"https:\/\/noticiasmercedinas.com\/site\/wp-content\/uploads\/2021\/06\/5-2.jpg\" \/>\n\t<meta property=\"og:image:width\" content=\"960\" \/>\n\t<meta property=\"og:image:height\" content=\"720\" \/>\n\t<meta property=\"og:image:type\" content=\"image\/jpeg\" \/>\n<meta name=\"author\" content=\"NOTICIASMERCEDINAS.COM\" \/>\n<meta name=\"twitter:card\" content=\"summary_large_image\" \/>\n<meta name=\"twitter:creator\" content=\"@notmercedinas\" \/>\n<meta name=\"twitter:site\" content=\"@notmercedinas\" \/>\n<meta name=\"twitter:label1\" content=\"Escrito por\" \/>\n\t<meta name=\"twitter:data1\" content=\"NOTICIASMERCEDINAS.COM\" \/>\n\t<meta name=\"twitter:label2\" content=\"Tiempo de lectura\" \/>\n\t<meta name=\"twitter:data2\" content=\"2 minutos\" \/>\n<script type=\"application\/ld+json\" class=\"yoast-schema-graph\">{\"@context\":\"https:\\\/\\\/schema.org\",\"@graph\":[{\"@type\":\"Article\",\"@id\":\"https:\\\/\\\/noticiasmercedinas.com\\\/site\\\/2021\\\/06\\\/01\\\/tareas-de-limpieza-fue-el-turno-del-arroyo-leguizamon\\\/#article\",\"isPartOf\":{\"@id\":\"https:\\\/\\\/noticiasmercedinas.com\\\/site\\\/2021\\\/06\\\/01\\\/tareas-de-limpieza-fue-el-turno-del-arroyo-leguizamon\\\/\"},\"author\":{\"name\":\"NOTICIASMERCEDINAS.COM\",\"@id\":\"https:\\\/\\\/noticiasmercedinas.com\\\/site\\\/#\\\/schema\\\/person\\\/84b59c099c28ff2e8b77d4ceec5d8063\"},\"headline\":\"Tareas de limpieza: fue el turno del Arroyo Leguizam\u00f3n\",\"datePublished\":\"2021-06-01T23:42:28+00:00\",\"mainEntityOfPage\":{\"@id\":\"https:\\\/\\\/noticiasmercedinas.com\\\/site\\\/2021\\\/06\\\/01\\\/tareas-de-limpieza-fue-el-turno-del-arroyo-leguizamon\\\/\"},\"wordCount\":259,\"commentCount\":0,\"publisher\":{\"@id\":\"https:\\\/\\\/noticiasmercedinas.com\\\/site\\\/#organization\"},\"image\":{\"@id\":\"https:\\\/\\\/noticiasmercedinas.com\\\/site\\\/2021\\\/06\\\/01\\\/tareas-de-limpieza-fue-el-turno-del-arroyo-leguizamon\\\/#primaryimage\"},\"thumbnailUrl\":\"https:\\\/\\\/noticiasmercedinas.com\\\/site\\\/wp-content\\\/uploads\\\/2021\\\/06\\\/5-2.jpg\",\"keywords\":[\"arroyos\",\"limpieza\"],\"articleSection\":[\"Ambiente\"],\"inLanguage\":\"es\",\"potentialAction\":[{\"@type\":\"CommentAction\",\"name\":\"Comment\",\"target\":[\"https:\\\/\\\/noticiasmercedinas.com\\\/site\\\/2021\\\/06\\\/01\\\/tareas-de-limpieza-fue-el-turno-del-arroyo-leguizamon\\\/#respond\"]}]},{\"@type\":\"WebPage\",\"@id\":\"https:\\\/\\\/noticiasmercedinas.com\\\/site\\\/2021\\\/06\\\/01\\\/tareas-de-limpieza-fue-el-turno-del-arroyo-leguizamon\\\/\",\"url\":\"https:\\\/\\\/noticiasmercedinas.com\\\/site\\\/2021\\\/06\\\/01\\\/tareas-de-limpieza-fue-el-turno-del-arroyo-leguizamon\\\/\",\"name\":\"Tareas de limpieza: fue el turno del Arroyo Leguizam\u00f3n\",\"isPartOf\":{\"@id\":\"https:\\\/\\\/noticiasmercedinas.com\\\/site\\\/#website\"},\"primaryImageOfPage\":{\"@id\":\"https:\\\/\\\/noticiasmercedinas.com\\\/site\\\/2021\\\/06\\\/01\\\/tareas-de-limpieza-fue-el-turno-del-arroyo-leguizamon\\\/#primaryimage\"},\"image\":{\"@id\":\"https:\\\/\\\/noticiasmercedinas.com\\\/site\\\/2021\\\/06\\\/01\\\/tareas-de-limpieza-fue-el-turno-del-arroyo-leguizamon\\\/#primaryimage\"},\"thumbnailUrl\":\"https:\\\/\\\/noticiasmercedinas.com\\\/site\\\/wp-content\\\/uploads\\\/2021\\\/06\\\/5-2.jpg\",\"datePublished\":\"2021-06-01T23:42:28+00:00\",\"breadcrumb\":{\"@id\":\"https:\\\/\\\/noticiasmercedinas.com\\\/site\\\/2021\\\/06\\\/01\\\/tareas-de-limpieza-fue-el-turno-del-arroyo-leguizamon\\\/#breadcrumb\"},\"inLanguage\":\"es\",\"potentialAction\":[{\"@type\":\"ReadAction\",\"target\":[\"https:\\\/\\\/noticiasmercedinas.com\\\/site\\\/2021\\\/06\\\/01\\\/tareas-de-limpieza-fue-el-turno-del-arroyo-leguizamon\\\/\"]}]},{\"@type\":\"ImageObject\",\"inLanguage\":\"es\",\"@id\":\"https:\\\/\\\/noticiasmercedinas.com\\\/site\\\/2021\\\/06\\\/01\\\/tareas-de-limpieza-fue-el-turno-del-arroyo-leguizamon\\\/#primaryimage\",\"url\":\"https:\\\/\\\/noticiasmercedinas.com\\\/site\\\/wp-content\\\/uploads\\\/2021\\\/06\\\/5-2.jpg\",\"contentUrl\":\"https:\\\/\\\/noticiasmercedinas.com\\\/site\\\/wp-content\\\/uploads\\\/2021\\\/06\\\/5-2.jpg\",\"width\":960,\"height\":720},{\"@type\":\"BreadcrumbList\",\"@id\":\"https:\\\/\\\/noticiasmercedinas.com\\\/site\\\/2021\\\/06\\\/01\\\/tareas-de-limpieza-fue-el-turno-del-arroyo-leguizamon\\\/#breadcrumb\",\"itemListElement\":[{\"@type\":\"ListItem\",\"position\":1,\"name\":\"Portada\",\"item\":\"https:\\\/\\\/noticiasmercedinas.com\\\/site\\\/\"},{\"@type\":\"ListItem\",\"position\":2,\"name\":\"Tareas de limpieza: fue el turno del Arroyo Leguizam\u00f3n\"}]},{\"@type\":\"WebSite\",\"@id\":\"https:\\\/\\\/noticiasmercedinas.com\\\/site\\\/#website\",\"url\":\"https:\\\/\\\/noticiasmercedinas.com\\\/site\\\/\",\"name\":\"NOTICIASMERCEDINAS.COM\",\"description\":\"Mercedes, Buenos Aires, Argentina\",\"publisher\":{\"@id\":\"https:\\\/\\\/noticiasmercedinas.com\\\/site\\\/#organization\"},\"potentialAction\":[{\"@type\":\"SearchAction\",\"target\":{\"@type\":\"EntryPoint\",\"urlTemplate\":\"https:\\\/\\\/noticiasmercedinas.com\\\/site\\\/?s={search_term_string}\"},\"query-input\":{\"@type\":\"PropertyValueSpecification\",\"valueRequired\":true,\"valueName\":\"search_term_string\"}}],\"inLanguage\":\"es\"},{\"@type\":\"Organization\",\"@id\":\"https:\\\/\\\/noticiasmercedinas.com\\\/site\\\/#organization\",\"name\":\"NOTICIASMERCEDINAS.COM\",\"url\":\"https:\\\/\\\/noticiasmercedinas.com\\\/site\\\/\",\"logo\":{\"@type\":\"ImageObject\",\"inLanguage\":\"es\",\"@id\":\"https:\\\/\\\/noticiasmercedinas.com\\\/site\\\/#\\\/schema\\\/logo\\\/image\\\/\",\"url\":\"https:\\\/\\\/noticiasmercedinas.com\\\/site\\\/wp-content\\\/uploads\\\/2020\\\/06\\\/LOGO-512.jpg\",\"contentUrl\":\"https:\\\/\\\/noticiasmercedinas.com\\\/site\\\/wp-content\\\/uploads\\\/2020\\\/06\\\/LOGO-512.jpg\",\"width\":512,\"height\":512,\"caption\":\"NOTICIASMERCEDINAS.COM\"},\"image\":{\"@id\":\"https:\\\/\\\/noticiasmercedinas.com\\\/site\\\/#\\\/schema\\\/logo\\\/image\\\/\"},\"sameAs\":[\"https:\\\/\\\/www.facebook.com\\\/noticiasmercedinas\\\/\",\"https:\\\/\\\/x.com\\\/notmercedinas\",\"https:\\\/\\\/www.instagram.com\\\/noticiasmercedinas\\\/\"]},{\"@type\":\"Person\",\"@id\":\"https:\\\/\\\/noticiasmercedinas.com\\\/site\\\/#\\\/schema\\\/person\\\/84b59c099c28ff2e8b77d4ceec5d8063\",\"name\":\"NOTICIASMERCEDINAS.COM\",\"image\":{\"@type\":\"ImageObject\",\"inLanguage\":\"es\",\"@id\":\"https:\\\/\\\/secure.gravatar.com\\\/avatar\\\/4dfbf16b4d17945bfb6341b2d19043457132fcf478a5ee04f42e959fd8f5df0a?s=96&d=mm&r=g\",\"url\":\"https:\\\/\\\/secure.gravatar.com\\\/avatar\\\/4dfbf16b4d17945bfb6341b2d19043457132fcf478a5ee04f42e959fd8f5df0a?s=96&d=mm&r=g\",\"contentUrl\":\"https:\\\/\\\/secure.gravatar.com\\\/avatar\\\/4dfbf16b4d17945bfb6341b2d19043457132fcf478a5ee04f42e959fd8f5df0a?s=96&d=mm&r=g\",\"caption\":\"NOTICIASMERCEDINAS.COM\"},\"url\":\"https:\\\/\\\/noticiasmercedinas.com\\\/site\\\/author\\\/anonimo\\\/\"}]}<\/script>\n<!-- \/ Yoast SEO plugin. -->","yoast_head_json":{"title":"Tareas de limpieza: fue el turno del Arroyo Leguizam\u00f3n","robots":{"index":"index","follow":"follow","max-snippet":"max-snippet:-1","max-image-preview":"max-image-preview:large","max-video-preview":"max-video-preview:-1"},"canonical":"https:\/\/noticiasmercedinas.com\/site\/2021\/06\/01\/tareas-de-limpieza-fue-el-turno-del-arroyo-leguizamon\/","og_locale":"es_ES","og_type":"article","og_title":"Tareas de limpieza: fue el turno del Arroyo Leguizam\u00f3n","og_description":"La direcci\u00f3n de Ambiente de la Municipalidad contin\u00faa aplicando las pol\u00edticas de cuidado ambiental impulsadas por el intendente Juan Ustarroz. En esta ocasi\u00f3n el Arroyo Leguizam\u00f3n fue parte del plan integral de cuidado ambiental. All\u00ed se recolectaron m\u00e1s de 50 kilos de residuos como papel, cart\u00f3n, bolsas de residuos, latas, botellas de vidrio y pa\u00f1ales, [&hellip;]","og_url":"https:\/\/noticiasmercedinas.com\/site\/2021\/06\/01\/tareas-de-limpieza-fue-el-turno-del-arroyo-leguizamon\/","og_site_name":"NOTICIASMERCEDINAS.COM","article_publisher":"https:\/\/www.facebook.com\/noticiasmercedinas\/","article_published_time":"2021-06-01T23:42:28+00:00","og_image":[{"width":960,"height":720,"url":"https:\/\/noticiasmercedinas.com\/site\/wp-content\/uploads\/2021\/06\/5-2.jpg","type":"image\/jpeg"}],"author":"NOTICIASMERCEDINAS.COM","twitter_card":"summary_large_image","twitter_creator":"@notmercedinas","twitter_site":"@notmercedinas","twitter_misc":{"Escrito por":"NOTICIASMERCEDINAS.COM","Tiempo de lectura":"2 minutos"},"schema":{"@context":"https:\/\/schema.org","@graph":[{"@type":"Article","@id":"https:\/\/noticiasmercedinas.com\/site\/2021\/06\/01\/tareas-de-limpieza-fue-el-turno-del-arroyo-leguizamon\/#article","isPartOf":{"@id":"https:\/\/noticiasmercedinas.com\/site\/2021\/06\/01\/tareas-de-limpieza-fue-el-turno-del-arroyo-leguizamon\/"},"author":{"name":"NOTICIASMERCEDINAS.COM","@id":"https:\/\/noticiasmercedinas.com\/site\/#\/schema\/person\/84b59c099c28ff2e8b77d4ceec5d8063"},"headline":"Tareas de limpieza: fue el turno del Arroyo Leguizam\u00f3n","datePublished":"2021-06-01T23:42:28+00:00","mainEntityOfPage":{"@id":"https:\/\/noticiasmercedinas.com\/site\/2021\/06\/01\/tareas-de-limpieza-fue-el-turno-del-arroyo-leguizamon\/"},"wordCount":259,"commentCount":0,"publisher":{"@id":"https:\/\/noticiasmercedinas.com\/site\/#organization"},"image":{"@id":"https:\/\/noticiasmercedinas.com\/site\/2021\/06\/01\/tareas-de-limpieza-fue-el-turno-del-arroyo-leguizamon\/#primaryimage"},"thumbnailUrl":"https:\/\/noticiasmercedinas.com\/site\/wp-content\/uploads\/2021\/06\/5-2.jpg","keywords":["arroyos","limpieza"],"articleSection":["Ambiente"],"inLanguage":"es","potentialAction":[{"@type":"CommentAction","name":"Comment","target":["https:\/\/noticiasmercedinas.com\/site\/2021\/06\/01\/tareas-de-limpieza-fue-el-turno-del-arroyo-leguizamon\/#respond"]}]},{"@type":"WebPage","@id":"https:\/\/noticiasmercedinas.com\/site\/2021\/06\/01\/tareas-de-limpieza-fue-el-turno-del-arroyo-leguizamon\/","url":"https:\/\/noticiasmercedinas.com\/site\/2021\/06\/01\/tareas-de-limpieza-fue-el-turno-del-arroyo-leguizamon\/","name":"Tareas de limpieza: fue el turno del Arroyo Leguizam\u00f3n","isPartOf":{"@id":"https:\/\/noticiasmercedinas.com\/site\/#website"},"primaryImageOfPage":{"@id":"https:\/\/noticiasmercedinas.com\/site\/2021\/06\/01\/tareas-de-limpieza-fue-el-turno-del-arroyo-leguizamon\/#primaryimage"},"image":{"@id":"https:\/\/noticiasmercedinas.com\/site\/2021\/06\/01\/tareas-de-limpieza-fue-el-turno-del-arroyo-leguizamon\/#primaryimage"},"thumbnailUrl":"https:\/\/noticiasmercedinas.com\/site\/wp-content\/uploads\/2021\/06\/5-2.jpg","datePublished":"2021-06-01T23:42:28+00:00","breadcrumb":{"@id":"https:\/\/noticiasmercedinas.com\/site\/2021\/06\/01\/tareas-de-limpieza-fue-el-turno-del-arroyo-leguizamon\/#breadcrumb"},"inLanguage":"es","potentialAction":[{"@type":"ReadAction","target":["https:\/\/noticiasmercedinas.com\/site\/2021\/06\/01\/tareas-de-limpieza-fue-el-turno-del-arroyo-leguizamon\/"]}]},{"@type":"ImageObject","inLanguage":"es","@id":"https:\/\/noticiasmercedinas.com\/site\/2021\/06\/01\/tareas-de-limpieza-fue-el-turno-del-arroyo-leguizamon\/#primaryimage","url":"https:\/\/noticiasmercedinas.com\/site\/wp-content\/uploads\/2021\/06\/5-2.jpg","contentUrl":"https:\/\/noticiasmercedinas.com\/site\/wp-content\/uploads\/2021\/06\/5-2.jpg","width":960,"height":720},{"@type":"BreadcrumbList","@id":"https:\/\/noticiasmercedinas.com\/site\/2021\/06\/01\/tareas-de-limpieza-fue-el-turno-del-arroyo-leguizamon\/#breadcrumb","itemListElement":[{"@type":"ListItem","position":1,"name":"Portada","item":"https:\/\/noticiasmercedinas.com\/site\/"},{"@type":"ListItem","position":2,"name":"Tareas de limpieza: fue el turno del Arroyo Leguizam\u00f3n"}]},{"@type":"WebSite","@id":"https:\/\/noticiasmercedinas.com\/site\/#website","url":"https:\/\/noticiasmercedinas.com\/site\/","name":"NOTICIASMERCEDINAS.COM","description":"Mercedes, Buenos Aires, Argentina","publisher":{"@id":"https:\/\/noticiasmercedinas.com\/site\/#organization"},"potentialAction":[{"@type":"SearchAction","target":{"@type":"EntryPoint","urlTemplate":"https:\/\/noticiasmercedinas.com\/site\/?s={search_term_string}"},"query-input":{"@type":"PropertyValueSpecification","valueRequired":true,"valueName":"search_term_string"}}],"inLanguage":"es"},{"@type":"Organization","@id":"https:\/\/noticiasmercedinas.com\/site\/#organization","name":"NOTICIASMERCEDINAS.COM","url":"https:\/\/noticiasmercedinas.com\/site\/","logo":{"@type":"ImageObject","inLanguage":"es","@id":"https:\/\/noticiasmercedinas.com\/site\/#\/schema\/logo\/image\/","url":"https:\/\/noticiasmercedinas.com\/site\/wp-content\/uploads\/2020\/06\/LOGO-512.jpg","contentUrl":"https:\/\/noticiasmercedinas.com\/site\/wp-content\/uploads\/2020\/06\/LOGO-512.jpg","width":512,"height":512,"caption":"NOTICIASMERCEDINAS.COM"},"image":{"@id":"https:\/\/noticiasmercedinas.com\/site\/#\/schema\/logo\/image\/"},"sameAs":["https:\/\/www.facebook.com\/noticiasmercedinas\/","https:\/\/x.com\/notmercedinas","https:\/\/www.instagram.com\/noticiasmercedinas\/"]},{"@type":"Person","@id":"https:\/\/noticiasmercedinas.com\/site\/#\/schema\/person\/84b59c099c28ff2e8b77d4ceec5d8063","name":"NOTICIASMERCEDINAS.COM","image":{"@type":"ImageObject","inLanguage":"es","@id":"https:\/\/secure.gravatar.com\/avatar\/4dfbf16b4d17945bfb6341b2d19043457132fcf478a5ee04f42e959fd8f5df0a?s=96&d=mm&r=g","url":"https:\/\/secure.gravatar.com\/avatar\/4dfbf16b4d17945bfb6341b2d19043457132fcf478a5ee04f42e959fd8f5df0a?s=96&d=mm&r=g","contentUrl":"https:\/\/secure.gravatar.com\/avatar\/4dfbf16b4d17945bfb6341b2d19043457132fcf478a5ee04f42e959fd8f5df0a?s=96&d=mm&r=g","caption":"NOTICIASMERCEDINAS.COM"},"url":"https:\/\/noticiasmercedinas.com\/site\/author\/anonimo\/"}]}},"amp_enabled":true,"_links":{"self":[{"href":"https:\/\/noticiasmercedinas.com\/site\/wp-json\/wp\/v2\/posts\/68431","targetHints":{"allow":["GET"]}}],"collection":[{"href":"https:\/\/noticiasmercedinas.com\/site\/wp-json\/wp\/v2\/posts"}],"about":[{"href":"https:\/\/noticiasmercedinas.com\/site\/wp-json\/wp\/v2\/types\/post"}],"author":[{"embeddable":true,"href":"https:\/\/noticiasmercedinas.com\/site\/wp-json\/wp\/v2\/users\/16"}],"replies":[{"embeddable":true,"href":"https:\/\/noticiasmercedinas.com\/site\/wp-json\/wp\/v2\/comments?post=68431"}],"version-history":[{"count":1,"href":"https:\/\/noticiasmercedinas.com\/site\/wp-json\/wp\/v2\/posts\/68431\/revisions"}],"predecessor-version":[{"id":68433,"href":"https:\/\/noticiasmercedinas.com\/site\/wp-json\/wp\/v2\/posts\/68431\/revisions\/68433"}],"wp:featuredmedia":[{"embeddable":true,"href":"https:\/\/noticiasmercedinas.com\/site\/wp-json\/wp\/v2\/media\/68432"}],"wp:attachment":[{"href":"https:\/\/noticiasmercedinas.com\/site\/wp-json\/wp\/v2\/media?parent=68431"}],"wp:term":[{"taxonomy":"category","embeddable":true,"href":"https:\/\/noticiasmercedinas.com\/site\/wp-json\/wp\/v2\/categories?post=68431"},{"taxonomy":"post_tag","embeddable":true,"href":"https:\/\/noticiasmercedinas.com\/site\/wp-json\/wp\/v2\/tags?post=68431"}],"curies":[{"name":"wp","href":"https:\/\/api.w.org\/{rel}","templated":true}]}}