{"id":68647,"date":"2021-06-04T22:53:33","date_gmt":"2021-06-05T01:53:33","guid":{"rendered":"https:\/\/noticiasmercedinas.com\/site\/?p=68647"},"modified":"2021-06-05T10:22:08","modified_gmt":"2021-06-05T13:22:08","slug":"lertora-campeon-con-colon","status":"publish","type":"post","link":"https:\/\/noticiasmercedinas.com\/site\/2021\/06\/04\/lertora-campeon-con-colon\/","title":{"rendered":"L\u00e9rtora campe\u00f3n con Col\u00f3n"},"content":{"rendered":"<figure id=\"attachment_68648\" aria-describedby=\"caption-attachment-68648\" style=\"width: 1024px\" class=\"wp-caption alignnone\"><img loading=\"lazy\" decoding=\"async\" class=\"wp-image-68648 size-full\" src=\"https:\/\/noticiasmercedinas.com\/site\/wp-content\/uploads\/2021\/06\/381284_pion.jpg\" alt=\"\" width=\"1024\" height=\"680\" srcset=\"https:\/\/noticiasmercedinas.com\/site\/wp-content\/uploads\/2021\/06\/381284_pion.jpg 1024w, https:\/\/noticiasmercedinas.com\/site\/wp-content\/uploads\/2021\/06\/381284_pion-300x199.jpg 300w, https:\/\/noticiasmercedinas.com\/site\/wp-content\/uploads\/2021\/06\/381284_pion-768x510.jpg 768w, https:\/\/noticiasmercedinas.com\/site\/wp-content\/uploads\/2021\/06\/381284_pion-1022x680.jpg 1022w, https:\/\/noticiasmercedinas.com\/site\/wp-content\/uploads\/2021\/06\/381284_pion-640x425.jpg 640w, https:\/\/noticiasmercedinas.com\/site\/wp-content\/uploads\/2021\/06\/381284_pion-681x452.jpg 681w\" sizes=\"auto, (max-width: 1024px) 100vw, 1024px\" \/><figcaption id=\"caption-attachment-68648\" class=\"wp-caption-text\">Col\u00f3n campe\u00f3n de Primera.<\/figcaption><\/figure>\n<p>Lleg\u00f3 el d\u00eda, ese que todo club y futbolista quiere vivir, esta vez sin hinchas en el estadio del Bicentenario de San Juan donde se jug\u00f3 la \u00fanica final de la Copa de la Liga Profesional de F\u00fatbol, entre Col\u00f3n y Racing. El \u201cSabalero\u201d siendo gran animador de la temporada mientras que la \u201cAcademia\u201d con una remontada final a partir de la clasificaci\u00f3n.<\/p>\n<p>Los 90 minutos ofrecieron un primer tiempo sin goles, con ausencia de un dominador, apareciendo la sed de gloria de Col\u00f3n que encontr\u00f3 la manera de quebrar a Racing. Primero con Aliendro, m\u00e1s tarde Bernardi y Castro sellaron un sue\u00f1o: el t\u00edtulo de campe\u00f3n para un Col\u00f3n que por primera vez se consagr\u00f3 en Primera sin dejar dudas. Siendo parte del once inicial el mercedino Federico L\u00e9rtora.<\/p>\n<p>Si bien se perdi\u00f3 unos pocos partidos, por lesi\u00f3n, en buena parte de los que estuvo el mercedino fue el jugador de la mitad de la cancha. Lo hizo recuperando y asistiendo, mostrando personalidad y sacando chapa de experiencia en los encuentros definitorios, anotando un penal.<\/p>\n<p>Para Col\u00f3n, tras no poder lograr la Sudamericana, este t\u00edtulo representa mucho y aquellos jugadores que quedaron de aquel plantel tuvieron revancha.<\/p>\n<p>https:\/\/twitter.com\/LigaAFA\/status\/1400969843113971715<\/p>\n<p>Con 30 a\u00f1os L\u00e9rtora es campe\u00f3n. Sus inicios en el f\u00fatbol fueron en el Club Estudiantes de Mercedes, de all\u00ed a Ferro donde debut\u00f3 por aquel entonces en el Nacional B en 2008. El a\u00f1o 2012 lo encontr\u00f3 en Primera en Godoy Cruz, 2015 Arsenal y 2016 Belgrano de C\u00f3rdoba para pasar a Col\u00f3n en 2019. Tiene m\u00e1s de 350 partidos en primera y unos 17 goles convertidos entre torneos locales y copas que lleg\u00f3 a disputar.<\/p>\n<p><strong>Estad\u00edsticas<\/strong><br \/>\nCol\u00f3n integr\u00f3 la Zona A resultando primero, donde gan\u00f3 7 partidos, empat\u00f3 4 y s\u00f3lo cay\u00f3 en dos oportunidades (3-2 ante River y 2-1 frente a Racing).<\/p>\n<p>El \u201cSabalero\u201d anot\u00f3 23 goles y s\u00f3lo recibi\u00f3 10, en esa fase clasificatoria si se toma una general fue el segundo de la temporada por detr\u00e1s de V\u00e9lez en al Zona B que lleg\u00f3 a los 31 contras los 25 de Col\u00f3n.<\/p>\n<p>Ya en la fase de eliminaci\u00f3n, en cuarto de final fue empate y penales a favor de los de Santa Fe ante Talleres de C\u00f3rdoba, ya en la semifinal fue 2-0 con Independiente de Avellaneda y hoy en la final el contundente 3-0 sobre Racing para ganarse la primera estrella en la m\u00e1xima categor\u00eda, salud campe\u00f3n.<\/p>\n<p><img loading=\"lazy\" decoding=\"async\" class=\"alignnone size-full wp-image-68649\" src=\"https:\/\/noticiasmercedinas.com\/site\/wp-content\/uploads\/2021\/06\/EQUIPO.jpg\" alt=\"\" width=\"640\" height=\"449\" srcset=\"https:\/\/noticiasmercedinas.com\/site\/wp-content\/uploads\/2021\/06\/EQUIPO.jpg 640w, https:\/\/noticiasmercedinas.com\/site\/wp-content\/uploads\/2021\/06\/EQUIPO-300x210.jpg 300w\" sizes=\"auto, (max-width: 640px) 100vw, 640px\" \/><\/p>\n","protected":false},"excerpt":{"rendered":"<p>\u25a0 El 3-0 en la final de la Copa de la Liga sobre Racing le dio el primer t\u00edtulo al \u201cSabalero\u201d. El futbolista mercedino fue titular y festej\u00f3 con sus compa\u00f1eros el m\u00e1ximo logro en la historia del club santafesino.<\/p>\n","protected":false},"author":6,"featured_media":68648,"comment_status":"open","ping_status":"open","sticky":false,"template":"","format":"standard","meta":{"footnotes":""},"categories":[5],"tags":[12095,5871,27,10570],"class_list":["post-68647","post","type-post","status-publish","format-standard","has-post-thumbnail","hentry","category-deportes","tag-colon-de-santa-fe","tag-federico-lertora","tag-futbol","tag-liga-profesional"],"yoast_head":"<!-- This site is optimized with the Yoast SEO plugin v27.4 - https:\/\/yoast.com\/product\/yoast-seo-wordpress\/ -->\n<title>L\u00e9rtora campe\u00f3n con Col\u00f3n<\/title>\n<meta name=\"robots\" content=\"index, follow, max-snippet:-1, max-image-preview:large, max-video-preview:-1\" \/>\n<link rel=\"canonical\" href=\"https:\/\/noticiasmercedinas.com\/site\/2021\/06\/04\/lertora-campeon-con-colon\/\" \/>\n<meta property=\"og:locale\" content=\"es_ES\" \/>\n<meta property=\"og:type\" content=\"article\" \/>\n<meta property=\"og:title\" content=\"L\u00e9rtora campe\u00f3n con Col\u00f3n\" \/>\n<meta property=\"og:description\" content=\"\u25a0 El 3-0 en la final de la Copa de la Liga sobre Racing le dio el primer t\u00edtulo al \u201cSabalero\u201d. El futbolista mercedino fue titular y festej\u00f3 con sus compa\u00f1eros el m\u00e1ximo logro en la historia del club santafesino.\" \/>\n<meta property=\"og:url\" content=\"https:\/\/noticiasmercedinas.com\/site\/2021\/06\/04\/lertora-campeon-con-colon\/\" \/>\n<meta property=\"og:site_name\" content=\"NOTICIASMERCEDINAS.COM\" \/>\n<meta property=\"article:publisher\" content=\"https:\/\/www.facebook.com\/noticiasmercedinas\/\" \/>\n<meta property=\"article:published_time\" content=\"2021-06-05T01:53:33+00:00\" \/>\n<meta property=\"article:modified_time\" content=\"2021-06-05T13:22:08+00:00\" \/>\n<meta property=\"og:image\" content=\"https:\/\/noticiasmercedinas.com\/site\/wp-content\/uploads\/2021\/06\/381284_pion.jpg\" \/>\n\t<meta property=\"og:image:width\" content=\"1024\" \/>\n\t<meta property=\"og:image:height\" content=\"680\" \/>\n\t<meta property=\"og:image:type\" content=\"image\/jpeg\" \/>\n<meta name=\"author\" content=\"Juan Dagnino NOTICIASMERCEDINAS.COM\" \/>\n<meta name=\"twitter:card\" content=\"summary_large_image\" \/>\n<meta name=\"twitter:creator\" content=\"@notmercedinas\" \/>\n<meta name=\"twitter:site\" content=\"@notmercedinas\" \/>\n<meta name=\"twitter:label1\" content=\"Escrito por\" \/>\n\t<meta name=\"twitter:data1\" content=\"Juan Dagnino NOTICIASMERCEDINAS.COM\" \/>\n\t<meta name=\"twitter:label2\" content=\"Tiempo de lectura\" \/>\n\t<meta name=\"twitter:data2\" content=\"3 minutos\" \/>\n<script type=\"application\/ld+json\" class=\"yoast-schema-graph\">{\"@context\":\"https:\\\/\\\/schema.org\",\"@graph\":[{\"@type\":\"Article\",\"@id\":\"https:\\\/\\\/noticiasmercedinas.com\\\/site\\\/2021\\\/06\\\/04\\\/lertora-campeon-con-colon\\\/#article\",\"isPartOf\":{\"@id\":\"https:\\\/\\\/noticiasmercedinas.com\\\/site\\\/2021\\\/06\\\/04\\\/lertora-campeon-con-colon\\\/\"},\"author\":{\"name\":\"Juan Dagnino NOTICIASMERCEDINAS.COM\",\"@id\":\"https:\\\/\\\/noticiasmercedinas.com\\\/site\\\/#\\\/schema\\\/person\\\/8f2f09d666ef40986eba4a5e6f2a06f9\"},\"headline\":\"L\u00e9rtora campe\u00f3n con Col\u00f3n\",\"datePublished\":\"2021-06-05T01:53:33+00:00\",\"dateModified\":\"2021-06-05T13:22:08+00:00\",\"mainEntityOfPage\":{\"@id\":\"https:\\\/\\\/noticiasmercedinas.com\\\/site\\\/2021\\\/06\\\/04\\\/lertora-campeon-con-colon\\\/\"},\"wordCount\":445,\"commentCount\":0,\"publisher\":{\"@id\":\"https:\\\/\\\/noticiasmercedinas.com\\\/site\\\/#organization\"},\"image\":{\"@id\":\"https:\\\/\\\/noticiasmercedinas.com\\\/site\\\/2021\\\/06\\\/04\\\/lertora-campeon-con-colon\\\/#primaryimage\"},\"thumbnailUrl\":\"https:\\\/\\\/noticiasmercedinas.com\\\/site\\\/wp-content\\\/uploads\\\/2021\\\/06\\\/381284_pion.jpg\",\"keywords\":[\"colon de santa fe\",\"Federico L\u00e9rtora\",\"futbol\",\"liga profesional\"],\"articleSection\":[\"Deportes\"],\"inLanguage\":\"es\",\"potentialAction\":[{\"@type\":\"CommentAction\",\"name\":\"Comment\",\"target\":[\"https:\\\/\\\/noticiasmercedinas.com\\\/site\\\/2021\\\/06\\\/04\\\/lertora-campeon-con-colon\\\/#respond\"]}]},{\"@type\":\"WebPage\",\"@id\":\"https:\\\/\\\/noticiasmercedinas.com\\\/site\\\/2021\\\/06\\\/04\\\/lertora-campeon-con-colon\\\/\",\"url\":\"https:\\\/\\\/noticiasmercedinas.com\\\/site\\\/2021\\\/06\\\/04\\\/lertora-campeon-con-colon\\\/\",\"name\":\"L\u00e9rtora campe\u00f3n con Col\u00f3n\",\"isPartOf\":{\"@id\":\"https:\\\/\\\/noticiasmercedinas.com\\\/site\\\/#website\"},\"primaryImageOfPage\":{\"@id\":\"https:\\\/\\\/noticiasmercedinas.com\\\/site\\\/2021\\\/06\\\/04\\\/lertora-campeon-con-colon\\\/#primaryimage\"},\"image\":{\"@id\":\"https:\\\/\\\/noticiasmercedinas.com\\\/site\\\/2021\\\/06\\\/04\\\/lertora-campeon-con-colon\\\/#primaryimage\"},\"thumbnailUrl\":\"https:\\\/\\\/noticiasmercedinas.com\\\/site\\\/wp-content\\\/uploads\\\/2021\\\/06\\\/381284_pion.jpg\",\"datePublished\":\"2021-06-05T01:53:33+00:00\",\"dateModified\":\"2021-06-05T13:22:08+00:00\",\"breadcrumb\":{\"@id\":\"https:\\\/\\\/noticiasmercedinas.com\\\/site\\\/2021\\\/06\\\/04\\\/lertora-campeon-con-colon\\\/#breadcrumb\"},\"inLanguage\":\"es\",\"potentialAction\":[{\"@type\":\"ReadAction\",\"target\":[\"https:\\\/\\\/noticiasmercedinas.com\\\/site\\\/2021\\\/06\\\/04\\\/lertora-campeon-con-colon\\\/\"]}]},{\"@type\":\"ImageObject\",\"inLanguage\":\"es\",\"@id\":\"https:\\\/\\\/noticiasmercedinas.com\\\/site\\\/2021\\\/06\\\/04\\\/lertora-campeon-con-colon\\\/#primaryimage\",\"url\":\"https:\\\/\\\/noticiasmercedinas.com\\\/site\\\/wp-content\\\/uploads\\\/2021\\\/06\\\/381284_pion.jpg\",\"contentUrl\":\"https:\\\/\\\/noticiasmercedinas.com\\\/site\\\/wp-content\\\/uploads\\\/2021\\\/06\\\/381284_pion.jpg\",\"width\":1024,\"height\":680},{\"@type\":\"BreadcrumbList\",\"@id\":\"https:\\\/\\\/noticiasmercedinas.com\\\/site\\\/2021\\\/06\\\/04\\\/lertora-campeon-con-colon\\\/#breadcrumb\",\"itemListElement\":[{\"@type\":\"ListItem\",\"position\":1,\"name\":\"Portada\",\"item\":\"https:\\\/\\\/noticiasmercedinas.com\\\/site\\\/\"},{\"@type\":\"ListItem\",\"position\":2,\"name\":\"L\u00e9rtora campe\u00f3n con Col\u00f3n\"}]},{\"@type\":\"WebSite\",\"@id\":\"https:\\\/\\\/noticiasmercedinas.com\\\/site\\\/#website\",\"url\":\"https:\\\/\\\/noticiasmercedinas.com\\\/site\\\/\",\"name\":\"NOTICIASMERCEDINAS.COM\",\"description\":\"Mercedes, Buenos Aires, Argentina\",\"publisher\":{\"@id\":\"https:\\\/\\\/noticiasmercedinas.com\\\/site\\\/#organization\"},\"potentialAction\":[{\"@type\":\"SearchAction\",\"target\":{\"@type\":\"EntryPoint\",\"urlTemplate\":\"https:\\\/\\\/noticiasmercedinas.com\\\/site\\\/?s={search_term_string}\"},\"query-input\":{\"@type\":\"PropertyValueSpecification\",\"valueRequired\":true,\"valueName\":\"search_term_string\"}}],\"inLanguage\":\"es\"},{\"@type\":\"Organization\",\"@id\":\"https:\\\/\\\/noticiasmercedinas.com\\\/site\\\/#organization\",\"name\":\"NOTICIASMERCEDINAS.COM\",\"url\":\"https:\\\/\\\/noticiasmercedinas.com\\\/site\\\/\",\"logo\":{\"@type\":\"ImageObject\",\"inLanguage\":\"es\",\"@id\":\"https:\\\/\\\/noticiasmercedinas.com\\\/site\\\/#\\\/schema\\\/logo\\\/image\\\/\",\"url\":\"https:\\\/\\\/noticiasmercedinas.com\\\/site\\\/wp-content\\\/uploads\\\/2020\\\/06\\\/LOGO-512.jpg\",\"contentUrl\":\"https:\\\/\\\/noticiasmercedinas.com\\\/site\\\/wp-content\\\/uploads\\\/2020\\\/06\\\/LOGO-512.jpg\",\"width\":512,\"height\":512,\"caption\":\"NOTICIASMERCEDINAS.COM\"},\"image\":{\"@id\":\"https:\\\/\\\/noticiasmercedinas.com\\\/site\\\/#\\\/schema\\\/logo\\\/image\\\/\"},\"sameAs\":[\"https:\\\/\\\/www.facebook.com\\\/noticiasmercedinas\\\/\",\"https:\\\/\\\/x.com\\\/notmercedinas\",\"https:\\\/\\\/www.instagram.com\\\/noticiasmercedinas\\\/\"]},{\"@type\":\"Person\",\"@id\":\"https:\\\/\\\/noticiasmercedinas.com\\\/site\\\/#\\\/schema\\\/person\\\/8f2f09d666ef40986eba4a5e6f2a06f9\",\"name\":\"Juan Dagnino NOTICIASMERCEDINAS.COM\",\"image\":{\"@type\":\"ImageObject\",\"inLanguage\":\"es\",\"@id\":\"https:\\\/\\\/secure.gravatar.com\\\/avatar\\\/fc7059a769f5a3cae65fadb228a3e4accf3a64b4b2305020d0a27e6d5333c91b?s=96&d=mm&r=g\",\"url\":\"https:\\\/\\\/secure.gravatar.com\\\/avatar\\\/fc7059a769f5a3cae65fadb228a3e4accf3a64b4b2305020d0a27e6d5333c91b?s=96&d=mm&r=g\",\"contentUrl\":\"https:\\\/\\\/secure.gravatar.com\\\/avatar\\\/fc7059a769f5a3cae65fadb228a3e4accf3a64b4b2305020d0a27e6d5333c91b?s=96&d=mm&r=g\",\"caption\":\"Juan Dagnino NOTICIASMERCEDINAS.COM\"},\"url\":\"https:\\\/\\\/noticiasmercedinas.com\\\/site\\\/author\\\/juandagnino\\\/\"}]}<\/script>\n<!-- \/ Yoast SEO plugin. -->","yoast_head_json":{"title":"L\u00e9rtora campe\u00f3n con Col\u00f3n","robots":{"index":"index","follow":"follow","max-snippet":"max-snippet:-1","max-image-preview":"max-image-preview:large","max-video-preview":"max-video-preview:-1"},"canonical":"https:\/\/noticiasmercedinas.com\/site\/2021\/06\/04\/lertora-campeon-con-colon\/","og_locale":"es_ES","og_type":"article","og_title":"L\u00e9rtora campe\u00f3n con Col\u00f3n","og_description":"\u25a0 El 3-0 en la final de la Copa de la Liga sobre Racing le dio el primer t\u00edtulo al \u201cSabalero\u201d. El futbolista mercedino fue titular y festej\u00f3 con sus compa\u00f1eros el m\u00e1ximo logro en la historia del club santafesino.","og_url":"https:\/\/noticiasmercedinas.com\/site\/2021\/06\/04\/lertora-campeon-con-colon\/","og_site_name":"NOTICIASMERCEDINAS.COM","article_publisher":"https:\/\/www.facebook.com\/noticiasmercedinas\/","article_published_time":"2021-06-05T01:53:33+00:00","article_modified_time":"2021-06-05T13:22:08+00:00","og_image":[{"width":1024,"height":680,"url":"https:\/\/noticiasmercedinas.com\/site\/wp-content\/uploads\/2021\/06\/381284_pion.jpg","type":"image\/jpeg"}],"author":"Juan Dagnino NOTICIASMERCEDINAS.COM","twitter_card":"summary_large_image","twitter_creator":"@notmercedinas","twitter_site":"@notmercedinas","twitter_misc":{"Escrito por":"Juan Dagnino NOTICIASMERCEDINAS.COM","Tiempo de lectura":"3 minutos"},"schema":{"@context":"https:\/\/schema.org","@graph":[{"@type":"Article","@id":"https:\/\/noticiasmercedinas.com\/site\/2021\/06\/04\/lertora-campeon-con-colon\/#article","isPartOf":{"@id":"https:\/\/noticiasmercedinas.com\/site\/2021\/06\/04\/lertora-campeon-con-colon\/"},"author":{"name":"Juan Dagnino NOTICIASMERCEDINAS.COM","@id":"https:\/\/noticiasmercedinas.com\/site\/#\/schema\/person\/8f2f09d666ef40986eba4a5e6f2a06f9"},"headline":"L\u00e9rtora campe\u00f3n con Col\u00f3n","datePublished":"2021-06-05T01:53:33+00:00","dateModified":"2021-06-05T13:22:08+00:00","mainEntityOfPage":{"@id":"https:\/\/noticiasmercedinas.com\/site\/2021\/06\/04\/lertora-campeon-con-colon\/"},"wordCount":445,"commentCount":0,"publisher":{"@id":"https:\/\/noticiasmercedinas.com\/site\/#organization"},"image":{"@id":"https:\/\/noticiasmercedinas.com\/site\/2021\/06\/04\/lertora-campeon-con-colon\/#primaryimage"},"thumbnailUrl":"https:\/\/noticiasmercedinas.com\/site\/wp-content\/uploads\/2021\/06\/381284_pion.jpg","keywords":["colon de santa fe","Federico L\u00e9rtora","futbol","liga profesional"],"articleSection":["Deportes"],"inLanguage":"es","potentialAction":[{"@type":"CommentAction","name":"Comment","target":["https:\/\/noticiasmercedinas.com\/site\/2021\/06\/04\/lertora-campeon-con-colon\/#respond"]}]},{"@type":"WebPage","@id":"https:\/\/noticiasmercedinas.com\/site\/2021\/06\/04\/lertora-campeon-con-colon\/","url":"https:\/\/noticiasmercedinas.com\/site\/2021\/06\/04\/lertora-campeon-con-colon\/","name":"L\u00e9rtora campe\u00f3n con Col\u00f3n","isPartOf":{"@id":"https:\/\/noticiasmercedinas.com\/site\/#website"},"primaryImageOfPage":{"@id":"https:\/\/noticiasmercedinas.com\/site\/2021\/06\/04\/lertora-campeon-con-colon\/#primaryimage"},"image":{"@id":"https:\/\/noticiasmercedinas.com\/site\/2021\/06\/04\/lertora-campeon-con-colon\/#primaryimage"},"thumbnailUrl":"https:\/\/noticiasmercedinas.com\/site\/wp-content\/uploads\/2021\/06\/381284_pion.jpg","datePublished":"2021-06-05T01:53:33+00:00","dateModified":"2021-06-05T13:22:08+00:00","breadcrumb":{"@id":"https:\/\/noticiasmercedinas.com\/site\/2021\/06\/04\/lertora-campeon-con-colon\/#breadcrumb"},"inLanguage":"es","potentialAction":[{"@type":"ReadAction","target":["https:\/\/noticiasmercedinas.com\/site\/2021\/06\/04\/lertora-campeon-con-colon\/"]}]},{"@type":"ImageObject","inLanguage":"es","@id":"https:\/\/noticiasmercedinas.com\/site\/2021\/06\/04\/lertora-campeon-con-colon\/#primaryimage","url":"https:\/\/noticiasmercedinas.com\/site\/wp-content\/uploads\/2021\/06\/381284_pion.jpg","contentUrl":"https:\/\/noticiasmercedinas.com\/site\/wp-content\/uploads\/2021\/06\/381284_pion.jpg","width":1024,"height":680},{"@type":"BreadcrumbList","@id":"https:\/\/noticiasmercedinas.com\/site\/2021\/06\/04\/lertora-campeon-con-colon\/#breadcrumb","itemListElement":[{"@type":"ListItem","position":1,"name":"Portada","item":"https:\/\/noticiasmercedinas.com\/site\/"},{"@type":"ListItem","position":2,"name":"L\u00e9rtora campe\u00f3n con Col\u00f3n"}]},{"@type":"WebSite","@id":"https:\/\/noticiasmercedinas.com\/site\/#website","url":"https:\/\/noticiasmercedinas.com\/site\/","name":"NOTICIASMERCEDINAS.COM","description":"Mercedes, Buenos Aires, Argentina","publisher":{"@id":"https:\/\/noticiasmercedinas.com\/site\/#organization"},"potentialAction":[{"@type":"SearchAction","target":{"@type":"EntryPoint","urlTemplate":"https:\/\/noticiasmercedinas.com\/site\/?s={search_term_string}"},"query-input":{"@type":"PropertyValueSpecification","valueRequired":true,"valueName":"search_term_string"}}],"inLanguage":"es"},{"@type":"Organization","@id":"https:\/\/noticiasmercedinas.com\/site\/#organization","name":"NOTICIASMERCEDINAS.COM","url":"https:\/\/noticiasmercedinas.com\/site\/","logo":{"@type":"ImageObject","inLanguage":"es","@id":"https:\/\/noticiasmercedinas.com\/site\/#\/schema\/logo\/image\/","url":"https:\/\/noticiasmercedinas.com\/site\/wp-content\/uploads\/2020\/06\/LOGO-512.jpg","contentUrl":"https:\/\/noticiasmercedinas.com\/site\/wp-content\/uploads\/2020\/06\/LOGO-512.jpg","width":512,"height":512,"caption":"NOTICIASMERCEDINAS.COM"},"image":{"@id":"https:\/\/noticiasmercedinas.com\/site\/#\/schema\/logo\/image\/"},"sameAs":["https:\/\/www.facebook.com\/noticiasmercedinas\/","https:\/\/x.com\/notmercedinas","https:\/\/www.instagram.com\/noticiasmercedinas\/"]},{"@type":"Person","@id":"https:\/\/noticiasmercedinas.com\/site\/#\/schema\/person\/8f2f09d666ef40986eba4a5e6f2a06f9","name":"Juan Dagnino NOTICIASMERCEDINAS.COM","image":{"@type":"ImageObject","inLanguage":"es","@id":"https:\/\/secure.gravatar.com\/avatar\/fc7059a769f5a3cae65fadb228a3e4accf3a64b4b2305020d0a27e6d5333c91b?s=96&d=mm&r=g","url":"https:\/\/secure.gravatar.com\/avatar\/fc7059a769f5a3cae65fadb228a3e4accf3a64b4b2305020d0a27e6d5333c91b?s=96&d=mm&r=g","contentUrl":"https:\/\/secure.gravatar.com\/avatar\/fc7059a769f5a3cae65fadb228a3e4accf3a64b4b2305020d0a27e6d5333c91b?s=96&d=mm&r=g","caption":"Juan Dagnino NOTICIASMERCEDINAS.COM"},"url":"https:\/\/noticiasmercedinas.com\/site\/author\/juandagnino\/"}]}},"amp_enabled":true,"_links":{"self":[{"href":"https:\/\/noticiasmercedinas.com\/site\/wp-json\/wp\/v2\/posts\/68647","targetHints":{"allow":["GET"]}}],"collection":[{"href":"https:\/\/noticiasmercedinas.com\/site\/wp-json\/wp\/v2\/posts"}],"about":[{"href":"https:\/\/noticiasmercedinas.com\/site\/wp-json\/wp\/v2\/types\/post"}],"author":[{"embeddable":true,"href":"https:\/\/noticiasmercedinas.com\/site\/wp-json\/wp\/v2\/users\/6"}],"replies":[{"embeddable":true,"href":"https:\/\/noticiasmercedinas.com\/site\/wp-json\/wp\/v2\/comments?post=68647"}],"version-history":[{"count":4,"href":"https:\/\/noticiasmercedinas.com\/site\/wp-json\/wp\/v2\/posts\/68647\/revisions"}],"predecessor-version":[{"id":68665,"href":"https:\/\/noticiasmercedinas.com\/site\/wp-json\/wp\/v2\/posts\/68647\/revisions\/68665"}],"wp:featuredmedia":[{"embeddable":true,"href":"https:\/\/noticiasmercedinas.com\/site\/wp-json\/wp\/v2\/media\/68648"}],"wp:attachment":[{"href":"https:\/\/noticiasmercedinas.com\/site\/wp-json\/wp\/v2\/media?parent=68647"}],"wp:term":[{"taxonomy":"category","embeddable":true,"href":"https:\/\/noticiasmercedinas.com\/site\/wp-json\/wp\/v2\/categories?post=68647"},{"taxonomy":"post_tag","embeddable":true,"href":"https:\/\/noticiasmercedinas.com\/site\/wp-json\/wp\/v2\/tags?post=68647"}],"curies":[{"name":"wp","href":"https:\/\/api.w.org\/{rel}","templated":true}]}}