{"id":6921,"date":"2018-11-16T15:35:06","date_gmt":"2018-11-16T18:35:06","guid":{"rendered":"https:\/\/noticiasmercedinas.com\/site\/?p=6921"},"modified":"2018-11-16T21:49:57","modified_gmt":"2018-11-17T00:49:57","slug":"ana-darritchon-destaco-la-importancia-de-la-muestra-de-educacion-y-trabajo","status":"publish","type":"post","link":"https:\/\/noticiasmercedinas.com\/site\/2018\/11\/16\/ana-darritchon-destaco-la-importancia-de-la-muestra-de-educacion-y-trabajo\/","title":{"rendered":"Ana Darritchon destac\u00f3 la importancia de la Muestra de Educaci\u00f3n y Trabajo"},"content":{"rendered":"<p><strong>\u201cEs bueno que los chicos puedan ver en un solo lugar muchas opciones para poder despu\u00e9s definir su futuro\u201d, valor\u00f3 la presidente del Consejo Escolar. La 5a Exposici\u00f3n sobre avenida 29 se lleva adelante este viernes<\/strong><\/p>\n<figure id=\"attachment_6923\" aria-describedby=\"caption-attachment-6923\" style=\"width: 640px\" class=\"wp-caption alignnone\"><img loading=\"lazy\" decoding=\"async\" class=\"wp-image-6923 size-full\" src=\"https:\/\/noticiasmercedinas.com\/site\/wp-content\/uploads\/2018\/11\/28888b12-a902-428b-bde7-5ed271f6cf76.jpg\" alt=\"\" width=\"640\" height=\"362\" srcset=\"https:\/\/noticiasmercedinas.com\/site\/wp-content\/uploads\/2018\/11\/28888b12-a902-428b-bde7-5ed271f6cf76.jpg 640w, https:\/\/noticiasmercedinas.com\/site\/wp-content\/uploads\/2018\/11\/28888b12-a902-428b-bde7-5ed271f6cf76-300x170.jpg 300w\" sizes=\"auto, (max-width: 640px) 100vw, 640px\" \/><figcaption id=\"caption-attachment-6923\" class=\"wp-caption-text\">Ana Darritchon junto a Sabrina Vi\u00f1ales, en el stand del CFP 402<\/figcaption><\/figure>\n<audio class=\"wp-audio-shortcode\" id=\"audio-6921-1\" preload=\"none\" style=\"width: 100%;\" controls=\"controls\"><source type=\"audio\/mpeg\" src=\"https:\/\/noticiasmercedinas.com\/site\/wp-content\/uploads\/2018\/11\/WhatsApp-Audio-2018-11-16-at-3.20.14-PM.mp3?_=1\" \/><a href=\"https:\/\/noticiasmercedinas.com\/site\/wp-content\/uploads\/2018\/11\/WhatsApp-Audio-2018-11-16-at-3.20.14-PM.mp3\">https:\/\/noticiasmercedinas.com\/site\/wp-content\/uploads\/2018\/11\/WhatsApp-Audio-2018-11-16-at-3.20.14-PM.mp3<\/a><\/audio>\n<p>La presidenta del Consejo Escolar, <strong>Ana Darritchon<\/strong>, estuvo participando de la apertura de la <strong>Muestra de Educaci\u00f3n y Trabajo<\/strong> 2018 COPRET.<\/p>\n<p>La 5a Exposici\u00f3n sobre avenida 29 se lleva adelante este viernes en una carpa frente al Palacio Municipal. Este a\u00f1o con incorporaci\u00f3n de algunas empresas, el Parque Log\u00edstico Mercedes y el Sector Industrial Planificado, las instituciones educativas dependientes de COPRET y del IPFL muestran los trabajos realizados durante el a\u00f1o, presentan las ofertas 2019 y las posibilidades de inserci\u00f3n en el mundo del trabajo a trav\u00e9s de la educaci\u00f3n.<\/p>\n<p>\u201cEs muy beneficioso esto para los chicos\u201d, remarc\u00f3 la presidenta del Consejo Escolar de Mercedes. \u201cLa comunidad tiene la posibilidad de ver lo que hacemos en las escuelas p\u00fablicas y a los alumnos les gusta poder mostrar lo que ellos hacen. Nosotros colaboramos con los insumos y estamos atentos a las necesidades que podamos cubrir para que ellos puedan seguir avanzando en sus conocimientos. Este a\u00f1o por suerte participan m\u00e1s empresas que en otras ediciones, lo cual es muy beneficioso para los chicos\u201d, indic\u00f3 Darritchon, entrevistada por NOTICIASMERCEDINAS.COM, y destac\u00f3 la posibilidad de que puedan dejar sus curr\u00edculum en cada uno de los stands comerciales.<\/p>\n<p>\u201cLa idea de esta carpa es que los chicos vean que lo que aprenden en la escuela tiene una salida real. Que vale la pena poder terminar sus estudios secundarios y seguir capacit\u00e1ndose, y muchos vienen tambi\u00e9n para definir su orientaci\u00f3n. Para la ciudad es una muestra muy importante y desde el a\u00f1o pasado tenemos el acompa\u00f1amiento de las autoridades provinciales, lo que le da un valor agregado a la muestra\u201d, expres\u00f3 Darritchon.<\/p>\n<p>En la muestra se encuentra de todo, desde lo que tiene que ver con lo artesanal o manual como la cocina y la reposter\u00eda, hasta la inform\u00e1tica y la programaci\u00f3n: \u201cEs importante que est\u00e9 presente todo el abanico de posibilidades que brindan nuestras escuelas. Es bueno que los chicos puedan ver en un solo lugar muchas opciones para poder despu\u00e9s definir su futuro\u201d, valor\u00f3 Ana Darritchon.<\/p>\n<p><img loading=\"lazy\" decoding=\"async\" class=\"alignnone size-large wp-image-6924\" src=\"https:\/\/noticiasmercedinas.com\/site\/wp-content\/uploads\/2018\/11\/IMG_20181116_120158-1024x576.jpg\" alt=\"\" width=\"640\" height=\"360\" srcset=\"https:\/\/noticiasmercedinas.com\/site\/wp-content\/uploads\/2018\/11\/IMG_20181116_120158-1024x576.jpg 1024w, https:\/\/noticiasmercedinas.com\/site\/wp-content\/uploads\/2018\/11\/IMG_20181116_120158-300x169.jpg 300w, https:\/\/noticiasmercedinas.com\/site\/wp-content\/uploads\/2018\/11\/IMG_20181116_120158-768x432.jpg 768w, https:\/\/noticiasmercedinas.com\/site\/wp-content\/uploads\/2018\/11\/IMG_20181116_120158-640x360.jpg 640w, https:\/\/noticiasmercedinas.com\/site\/wp-content\/uploads\/2018\/11\/IMG_20181116_120158-1280x720.jpg 1280w, https:\/\/noticiasmercedinas.com\/site\/wp-content\/uploads\/2018\/11\/IMG_20181116_120158-681x383.jpg 681w, https:\/\/noticiasmercedinas.com\/site\/wp-content\/uploads\/2018\/11\/IMG_20181116_120158-1362x766.jpg 1362w\" sizes=\"auto, (max-width: 640px) 100vw, 640px\" \/><\/p>\n<p>&nbsp;<\/p>\n","protected":false},"excerpt":{"rendered":"<p>\u201cEs bueno que los chicos puedan ver en un solo lugar muchas opciones para poder despu\u00e9s definir su futuro\u201d, valor\u00f3 la presidente del Consejo Escolar. La 5a Exposici\u00f3n sobre avenida 29 se lleva adelante este viernes La presidenta del Consejo Escolar, Ana Darritchon, estuvo participando de la apertura de la Muestra de Educaci\u00f3n y Trabajo [&hellip;]<\/p>\n","protected":false},"author":2,"featured_media":6923,"comment_status":"open","ping_status":"open","sticky":false,"template":"","format":"standard","meta":{"footnotes":""},"categories":[3],"tags":[815,2183,267,2149,38,2182],"class_list":["post-6921","post","type-post","status-publish","format-standard","has-post-thumbnail","hentry","category-sociedad","tag-ana-darritchon","tag-cfp-402","tag-consejo-escolar","tag-copret","tag-educacion","tag-muestra-de-educacion-y-trabajo"],"yoast_head":"<!-- This site is optimized with the Yoast SEO plugin v27.5 - https:\/\/yoast.com\/product\/yoast-seo-wordpress\/ -->\n<title>Ana Darritchon destac\u00f3 la importancia de la Muestra de Educaci\u00f3n y Trabajo<\/title>\n<meta name=\"robots\" content=\"index, follow, max-snippet:-1, max-image-preview:large, max-video-preview:-1\" \/>\n<link rel=\"canonical\" href=\"https:\/\/noticiasmercedinas.com\/site\/2018\/11\/16\/ana-darritchon-destaco-la-importancia-de-la-muestra-de-educacion-y-trabajo\/\" \/>\n<meta property=\"og:locale\" content=\"es_ES\" \/>\n<meta property=\"og:type\" content=\"article\" \/>\n<meta property=\"og:title\" content=\"Ana Darritchon destac\u00f3 la importancia de la Muestra de Educaci\u00f3n y Trabajo\" \/>\n<meta property=\"og:description\" content=\"\u201cEs bueno que los chicos puedan ver en un solo lugar muchas opciones para poder despu\u00e9s definir su futuro\u201d, valor\u00f3 la presidente del Consejo Escolar. La 5a Exposici\u00f3n sobre avenida 29 se lleva adelante este viernes La presidenta del Consejo Escolar, Ana Darritchon, estuvo participando de la apertura de la Muestra de Educaci\u00f3n y Trabajo [&hellip;]\" \/>\n<meta property=\"og:url\" content=\"https:\/\/noticiasmercedinas.com\/site\/2018\/11\/16\/ana-darritchon-destaco-la-importancia-de-la-muestra-de-educacion-y-trabajo\/\" \/>\n<meta property=\"og:site_name\" content=\"NOTICIASMERCEDINAS.COM\" \/>\n<meta property=\"article:publisher\" content=\"https:\/\/www.facebook.com\/noticiasmercedinas\/\" \/>\n<meta property=\"article:author\" content=\"https:\/\/www.facebook.com\/cristian.falabella\" \/>\n<meta property=\"article:published_time\" content=\"2018-11-16T18:35:06+00:00\" \/>\n<meta property=\"article:modified_time\" content=\"2018-11-17T00:49:57+00:00\" \/>\n<meta property=\"og:image\" content=\"https:\/\/noticiasmercedinas.com\/site\/wp-content\/uploads\/2018\/11\/28888b12-a902-428b-bde7-5ed271f6cf76.jpg\" \/>\n\t<meta property=\"og:image:width\" content=\"640\" \/>\n\t<meta property=\"og:image:height\" content=\"362\" \/>\n\t<meta property=\"og:image:type\" content=\"image\/jpeg\" \/>\n<meta name=\"author\" content=\"Cristian Falabella NOTICIASMERCEDINAS.COM\" \/>\n<meta name=\"twitter:card\" content=\"summary_large_image\" \/>\n<meta name=\"twitter:creator\" content=\"@https:\/\/twitter.com\/NOTMERCEDINAS\" \/>\n<meta name=\"twitter:site\" content=\"@notmercedinas\" \/>\n<meta name=\"twitter:label1\" content=\"Escrito por\" \/>\n\t<meta name=\"twitter:data1\" content=\"Cristian Falabella NOTICIASMERCEDINAS.COM\" \/>\n\t<meta name=\"twitter:label2\" content=\"Tiempo de lectura\" \/>\n\t<meta name=\"twitter:data2\" content=\"2 minutos\" \/>\n<script type=\"application\/ld+json\" class=\"yoast-schema-graph\">{\"@context\":\"https:\\\/\\\/schema.org\",\"@graph\":[{\"@type\":\"Article\",\"@id\":\"https:\\\/\\\/noticiasmercedinas.com\\\/site\\\/2018\\\/11\\\/16\\\/ana-darritchon-destaco-la-importancia-de-la-muestra-de-educacion-y-trabajo\\\/#article\",\"isPartOf\":{\"@id\":\"https:\\\/\\\/noticiasmercedinas.com\\\/site\\\/2018\\\/11\\\/16\\\/ana-darritchon-destaco-la-importancia-de-la-muestra-de-educacion-y-trabajo\\\/\"},\"author\":{\"name\":\"Cristian Falabella NOTICIASMERCEDINAS.COM\",\"@id\":\"https:\\\/\\\/noticiasmercedinas.com\\\/site\\\/#\\\/schema\\\/person\\\/d481a9696a5feaec13a60e2bbd991a6a\"},\"headline\":\"Ana Darritchon destac\u00f3 la importancia de la Muestra de Educaci\u00f3n y Trabajo\",\"datePublished\":\"2018-11-16T18:35:06+00:00\",\"dateModified\":\"2018-11-17T00:49:57+00:00\",\"mainEntityOfPage\":{\"@id\":\"https:\\\/\\\/noticiasmercedinas.com\\\/site\\\/2018\\\/11\\\/16\\\/ana-darritchon-destaco-la-importancia-de-la-muestra-de-educacion-y-trabajo\\\/\"},\"wordCount\":439,\"commentCount\":1,\"publisher\":{\"@id\":\"https:\\\/\\\/noticiasmercedinas.com\\\/site\\\/#organization\"},\"image\":{\"@id\":\"https:\\\/\\\/noticiasmercedinas.com\\\/site\\\/2018\\\/11\\\/16\\\/ana-darritchon-destaco-la-importancia-de-la-muestra-de-educacion-y-trabajo\\\/#primaryimage\"},\"thumbnailUrl\":\"https:\\\/\\\/noticiasmercedinas.com\\\/site\\\/wp-content\\\/uploads\\\/2018\\\/11\\\/28888b12-a902-428b-bde7-5ed271f6cf76.jpg\",\"keywords\":[\"Ana Darritchon\",\"cfp 402\",\"consejo escolar\",\"copret\",\"educacion\",\"Muestra de Educaci\u00f3n y Trabajo\"],\"articleSection\":[\"Sociedad\"],\"inLanguage\":\"es\",\"potentialAction\":[{\"@type\":\"CommentAction\",\"name\":\"Comment\",\"target\":[\"https:\\\/\\\/noticiasmercedinas.com\\\/site\\\/2018\\\/11\\\/16\\\/ana-darritchon-destaco-la-importancia-de-la-muestra-de-educacion-y-trabajo\\\/#respond\"]}]},{\"@type\":\"WebPage\",\"@id\":\"https:\\\/\\\/noticiasmercedinas.com\\\/site\\\/2018\\\/11\\\/16\\\/ana-darritchon-destaco-la-importancia-de-la-muestra-de-educacion-y-trabajo\\\/\",\"url\":\"https:\\\/\\\/noticiasmercedinas.com\\\/site\\\/2018\\\/11\\\/16\\\/ana-darritchon-destaco-la-importancia-de-la-muestra-de-educacion-y-trabajo\\\/\",\"name\":\"Ana Darritchon destac\u00f3 la importancia de la Muestra de Educaci\u00f3n y Trabajo\",\"isPartOf\":{\"@id\":\"https:\\\/\\\/noticiasmercedinas.com\\\/site\\\/#website\"},\"primaryImageOfPage\":{\"@id\":\"https:\\\/\\\/noticiasmercedinas.com\\\/site\\\/2018\\\/11\\\/16\\\/ana-darritchon-destaco-la-importancia-de-la-muestra-de-educacion-y-trabajo\\\/#primaryimage\"},\"image\":{\"@id\":\"https:\\\/\\\/noticiasmercedinas.com\\\/site\\\/2018\\\/11\\\/16\\\/ana-darritchon-destaco-la-importancia-de-la-muestra-de-educacion-y-trabajo\\\/#primaryimage\"},\"thumbnailUrl\":\"https:\\\/\\\/noticiasmercedinas.com\\\/site\\\/wp-content\\\/uploads\\\/2018\\\/11\\\/28888b12-a902-428b-bde7-5ed271f6cf76.jpg\",\"datePublished\":\"2018-11-16T18:35:06+00:00\",\"dateModified\":\"2018-11-17T00:49:57+00:00\",\"breadcrumb\":{\"@id\":\"https:\\\/\\\/noticiasmercedinas.com\\\/site\\\/2018\\\/11\\\/16\\\/ana-darritchon-destaco-la-importancia-de-la-muestra-de-educacion-y-trabajo\\\/#breadcrumb\"},\"inLanguage\":\"es\",\"potentialAction\":[{\"@type\":\"ReadAction\",\"target\":[\"https:\\\/\\\/noticiasmercedinas.com\\\/site\\\/2018\\\/11\\\/16\\\/ana-darritchon-destaco-la-importancia-de-la-muestra-de-educacion-y-trabajo\\\/\"]}]},{\"@type\":\"ImageObject\",\"inLanguage\":\"es\",\"@id\":\"https:\\\/\\\/noticiasmercedinas.com\\\/site\\\/2018\\\/11\\\/16\\\/ana-darritchon-destaco-la-importancia-de-la-muestra-de-educacion-y-trabajo\\\/#primaryimage\",\"url\":\"https:\\\/\\\/noticiasmercedinas.com\\\/site\\\/wp-content\\\/uploads\\\/2018\\\/11\\\/28888b12-a902-428b-bde7-5ed271f6cf76.jpg\",\"contentUrl\":\"https:\\\/\\\/noticiasmercedinas.com\\\/site\\\/wp-content\\\/uploads\\\/2018\\\/11\\\/28888b12-a902-428b-bde7-5ed271f6cf76.jpg\",\"width\":640,\"height\":362},{\"@type\":\"BreadcrumbList\",\"@id\":\"https:\\\/\\\/noticiasmercedinas.com\\\/site\\\/2018\\\/11\\\/16\\\/ana-darritchon-destaco-la-importancia-de-la-muestra-de-educacion-y-trabajo\\\/#breadcrumb\",\"itemListElement\":[{\"@type\":\"ListItem\",\"position\":1,\"name\":\"Portada\",\"item\":\"https:\\\/\\\/noticiasmercedinas.com\\\/site\\\/\"},{\"@type\":\"ListItem\",\"position\":2,\"name\":\"Ana Darritchon destac\u00f3 la importancia de la Muestra de Educaci\u00f3n y Trabajo\"}]},{\"@type\":\"WebSite\",\"@id\":\"https:\\\/\\\/noticiasmercedinas.com\\\/site\\\/#website\",\"url\":\"https:\\\/\\\/noticiasmercedinas.com\\\/site\\\/\",\"name\":\"NOTICIASMERCEDINAS.COM\",\"description\":\"Mercedes, Buenos Aires, Argentina\",\"publisher\":{\"@id\":\"https:\\\/\\\/noticiasmercedinas.com\\\/site\\\/#organization\"},\"potentialAction\":[{\"@type\":\"SearchAction\",\"target\":{\"@type\":\"EntryPoint\",\"urlTemplate\":\"https:\\\/\\\/noticiasmercedinas.com\\\/site\\\/?s={search_term_string}\"},\"query-input\":{\"@type\":\"PropertyValueSpecification\",\"valueRequired\":true,\"valueName\":\"search_term_string\"}}],\"inLanguage\":\"es\"},{\"@type\":\"Organization\",\"@id\":\"https:\\\/\\\/noticiasmercedinas.com\\\/site\\\/#organization\",\"name\":\"NOTICIASMERCEDINAS.COM\",\"url\":\"https:\\\/\\\/noticiasmercedinas.com\\\/site\\\/\",\"logo\":{\"@type\":\"ImageObject\",\"inLanguage\":\"es\",\"@id\":\"https:\\\/\\\/noticiasmercedinas.com\\\/site\\\/#\\\/schema\\\/logo\\\/image\\\/\",\"url\":\"https:\\\/\\\/noticiasmercedinas.com\\\/site\\\/wp-content\\\/uploads\\\/2020\\\/06\\\/LOGO-512.jpg\",\"contentUrl\":\"https:\\\/\\\/noticiasmercedinas.com\\\/site\\\/wp-content\\\/uploads\\\/2020\\\/06\\\/LOGO-512.jpg\",\"width\":512,\"height\":512,\"caption\":\"NOTICIASMERCEDINAS.COM\"},\"image\":{\"@id\":\"https:\\\/\\\/noticiasmercedinas.com\\\/site\\\/#\\\/schema\\\/logo\\\/image\\\/\"},\"sameAs\":[\"https:\\\/\\\/www.facebook.com\\\/noticiasmercedinas\\\/\",\"https:\\\/\\\/x.com\\\/notmercedinas\",\"https:\\\/\\\/www.instagram.com\\\/noticiasmercedinas\\\/\"]},{\"@type\":\"Person\",\"@id\":\"https:\\\/\\\/noticiasmercedinas.com\\\/site\\\/#\\\/schema\\\/person\\\/d481a9696a5feaec13a60e2bbd991a6a\",\"name\":\"Cristian Falabella NOTICIASMERCEDINAS.COM\",\"image\":{\"@type\":\"ImageObject\",\"inLanguage\":\"es\",\"@id\":\"https:\\\/\\\/secure.gravatar.com\\\/avatar\\\/0dbbfc45970cc46bcd0e57766228574ff3511d6eed045b182f536f0f478c1f06?s=96&d=mm&r=g\",\"url\":\"https:\\\/\\\/secure.gravatar.com\\\/avatar\\\/0dbbfc45970cc46bcd0e57766228574ff3511d6eed045b182f536f0f478c1f06?s=96&d=mm&r=g\",\"contentUrl\":\"https:\\\/\\\/secure.gravatar.com\\\/avatar\\\/0dbbfc45970cc46bcd0e57766228574ff3511d6eed045b182f536f0f478c1f06?s=96&d=mm&r=g\",\"caption\":\"Cristian Falabella NOTICIASMERCEDINAS.COM\"},\"description\":\"Periodista, editor de Noticias Mercedinas. Pas\u00f3 por varias redacciones y emprendimientos de prensa, en distintos formatos y \u00e9pocas. Se especializ\u00f3 --y sigue haci\u00e9ndolo-- en comunicaci\u00f3n en la web y en junio de 2006 fund\u00f3 este diario digital.\",\"sameAs\":[\"https:\\\/\\\/noticiasmercedinas.com\",\"https:\\\/\\\/www.facebook.com\\\/cristian.falabella\",\"https:\\\/\\\/www.instagram.com\\\/noticiasmercedinas\\\/\",\"https:\\\/\\\/x.com\\\/https:\\\/\\\/twitter.com\\\/NOTMERCEDINAS\"],\"url\":\"https:\\\/\\\/noticiasmercedinas.com\\\/site\\\/author\\\/as000384\\\/\"}]}<\/script>\n<!-- \/ Yoast SEO plugin. -->","yoast_head_json":{"title":"Ana Darritchon destac\u00f3 la importancia de la Muestra de Educaci\u00f3n y Trabajo","robots":{"index":"index","follow":"follow","max-snippet":"max-snippet:-1","max-image-preview":"max-image-preview:large","max-video-preview":"max-video-preview:-1"},"canonical":"https:\/\/noticiasmercedinas.com\/site\/2018\/11\/16\/ana-darritchon-destaco-la-importancia-de-la-muestra-de-educacion-y-trabajo\/","og_locale":"es_ES","og_type":"article","og_title":"Ana Darritchon destac\u00f3 la importancia de la Muestra de Educaci\u00f3n y Trabajo","og_description":"\u201cEs bueno que los chicos puedan ver en un solo lugar muchas opciones para poder despu\u00e9s definir su futuro\u201d, valor\u00f3 la presidente del Consejo Escolar. La 5a Exposici\u00f3n sobre avenida 29 se lleva adelante este viernes La presidenta del Consejo Escolar, Ana Darritchon, estuvo participando de la apertura de la Muestra de Educaci\u00f3n y Trabajo [&hellip;]","og_url":"https:\/\/noticiasmercedinas.com\/site\/2018\/11\/16\/ana-darritchon-destaco-la-importancia-de-la-muestra-de-educacion-y-trabajo\/","og_site_name":"NOTICIASMERCEDINAS.COM","article_publisher":"https:\/\/www.facebook.com\/noticiasmercedinas\/","article_author":"https:\/\/www.facebook.com\/cristian.falabella","article_published_time":"2018-11-16T18:35:06+00:00","article_modified_time":"2018-11-17T00:49:57+00:00","og_image":[{"width":640,"height":362,"url":"https:\/\/noticiasmercedinas.com\/site\/wp-content\/uploads\/2018\/11\/28888b12-a902-428b-bde7-5ed271f6cf76.jpg","type":"image\/jpeg"}],"author":"Cristian Falabella NOTICIASMERCEDINAS.COM","twitter_card":"summary_large_image","twitter_creator":"@https:\/\/twitter.com\/NOTMERCEDINAS","twitter_site":"@notmercedinas","twitter_misc":{"Escrito por":"Cristian Falabella NOTICIASMERCEDINAS.COM","Tiempo de lectura":"2 minutos"},"schema":{"@context":"https:\/\/schema.org","@graph":[{"@type":"Article","@id":"https:\/\/noticiasmercedinas.com\/site\/2018\/11\/16\/ana-darritchon-destaco-la-importancia-de-la-muestra-de-educacion-y-trabajo\/#article","isPartOf":{"@id":"https:\/\/noticiasmercedinas.com\/site\/2018\/11\/16\/ana-darritchon-destaco-la-importancia-de-la-muestra-de-educacion-y-trabajo\/"},"author":{"name":"Cristian Falabella NOTICIASMERCEDINAS.COM","@id":"https:\/\/noticiasmercedinas.com\/site\/#\/schema\/person\/d481a9696a5feaec13a60e2bbd991a6a"},"headline":"Ana Darritchon destac\u00f3 la importancia de la Muestra de Educaci\u00f3n y Trabajo","datePublished":"2018-11-16T18:35:06+00:00","dateModified":"2018-11-17T00:49:57+00:00","mainEntityOfPage":{"@id":"https:\/\/noticiasmercedinas.com\/site\/2018\/11\/16\/ana-darritchon-destaco-la-importancia-de-la-muestra-de-educacion-y-trabajo\/"},"wordCount":439,"commentCount":1,"publisher":{"@id":"https:\/\/noticiasmercedinas.com\/site\/#organization"},"image":{"@id":"https:\/\/noticiasmercedinas.com\/site\/2018\/11\/16\/ana-darritchon-destaco-la-importancia-de-la-muestra-de-educacion-y-trabajo\/#primaryimage"},"thumbnailUrl":"https:\/\/noticiasmercedinas.com\/site\/wp-content\/uploads\/2018\/11\/28888b12-a902-428b-bde7-5ed271f6cf76.jpg","keywords":["Ana Darritchon","cfp 402","consejo escolar","copret","educacion","Muestra de Educaci\u00f3n y Trabajo"],"articleSection":["Sociedad"],"inLanguage":"es","potentialAction":[{"@type":"CommentAction","name":"Comment","target":["https:\/\/noticiasmercedinas.com\/site\/2018\/11\/16\/ana-darritchon-destaco-la-importancia-de-la-muestra-de-educacion-y-trabajo\/#respond"]}]},{"@type":"WebPage","@id":"https:\/\/noticiasmercedinas.com\/site\/2018\/11\/16\/ana-darritchon-destaco-la-importancia-de-la-muestra-de-educacion-y-trabajo\/","url":"https:\/\/noticiasmercedinas.com\/site\/2018\/11\/16\/ana-darritchon-destaco-la-importancia-de-la-muestra-de-educacion-y-trabajo\/","name":"Ana Darritchon destac\u00f3 la importancia de la Muestra de Educaci\u00f3n y Trabajo","isPartOf":{"@id":"https:\/\/noticiasmercedinas.com\/site\/#website"},"primaryImageOfPage":{"@id":"https:\/\/noticiasmercedinas.com\/site\/2018\/11\/16\/ana-darritchon-destaco-la-importancia-de-la-muestra-de-educacion-y-trabajo\/#primaryimage"},"image":{"@id":"https:\/\/noticiasmercedinas.com\/site\/2018\/11\/16\/ana-darritchon-destaco-la-importancia-de-la-muestra-de-educacion-y-trabajo\/#primaryimage"},"thumbnailUrl":"https:\/\/noticiasmercedinas.com\/site\/wp-content\/uploads\/2018\/11\/28888b12-a902-428b-bde7-5ed271f6cf76.jpg","datePublished":"2018-11-16T18:35:06+00:00","dateModified":"2018-11-17T00:49:57+00:00","breadcrumb":{"@id":"https:\/\/noticiasmercedinas.com\/site\/2018\/11\/16\/ana-darritchon-destaco-la-importancia-de-la-muestra-de-educacion-y-trabajo\/#breadcrumb"},"inLanguage":"es","potentialAction":[{"@type":"ReadAction","target":["https:\/\/noticiasmercedinas.com\/site\/2018\/11\/16\/ana-darritchon-destaco-la-importancia-de-la-muestra-de-educacion-y-trabajo\/"]}]},{"@type":"ImageObject","inLanguage":"es","@id":"https:\/\/noticiasmercedinas.com\/site\/2018\/11\/16\/ana-darritchon-destaco-la-importancia-de-la-muestra-de-educacion-y-trabajo\/#primaryimage","url":"https:\/\/noticiasmercedinas.com\/site\/wp-content\/uploads\/2018\/11\/28888b12-a902-428b-bde7-5ed271f6cf76.jpg","contentUrl":"https:\/\/noticiasmercedinas.com\/site\/wp-content\/uploads\/2018\/11\/28888b12-a902-428b-bde7-5ed271f6cf76.jpg","width":640,"height":362},{"@type":"BreadcrumbList","@id":"https:\/\/noticiasmercedinas.com\/site\/2018\/11\/16\/ana-darritchon-destaco-la-importancia-de-la-muestra-de-educacion-y-trabajo\/#breadcrumb","itemListElement":[{"@type":"ListItem","position":1,"name":"Portada","item":"https:\/\/noticiasmercedinas.com\/site\/"},{"@type":"ListItem","position":2,"name":"Ana Darritchon destac\u00f3 la importancia de la Muestra de Educaci\u00f3n y Trabajo"}]},{"@type":"WebSite","@id":"https:\/\/noticiasmercedinas.com\/site\/#website","url":"https:\/\/noticiasmercedinas.com\/site\/","name":"NOTICIASMERCEDINAS.COM","description":"Mercedes, Buenos Aires, Argentina","publisher":{"@id":"https:\/\/noticiasmercedinas.com\/site\/#organization"},"potentialAction":[{"@type":"SearchAction","target":{"@type":"EntryPoint","urlTemplate":"https:\/\/noticiasmercedinas.com\/site\/?s={search_term_string}"},"query-input":{"@type":"PropertyValueSpecification","valueRequired":true,"valueName":"search_term_string"}}],"inLanguage":"es"},{"@type":"Organization","@id":"https:\/\/noticiasmercedinas.com\/site\/#organization","name":"NOTICIASMERCEDINAS.COM","url":"https:\/\/noticiasmercedinas.com\/site\/","logo":{"@type":"ImageObject","inLanguage":"es","@id":"https:\/\/noticiasmercedinas.com\/site\/#\/schema\/logo\/image\/","url":"https:\/\/noticiasmercedinas.com\/site\/wp-content\/uploads\/2020\/06\/LOGO-512.jpg","contentUrl":"https:\/\/noticiasmercedinas.com\/site\/wp-content\/uploads\/2020\/06\/LOGO-512.jpg","width":512,"height":512,"caption":"NOTICIASMERCEDINAS.COM"},"image":{"@id":"https:\/\/noticiasmercedinas.com\/site\/#\/schema\/logo\/image\/"},"sameAs":["https:\/\/www.facebook.com\/noticiasmercedinas\/","https:\/\/x.com\/notmercedinas","https:\/\/www.instagram.com\/noticiasmercedinas\/"]},{"@type":"Person","@id":"https:\/\/noticiasmercedinas.com\/site\/#\/schema\/person\/d481a9696a5feaec13a60e2bbd991a6a","name":"Cristian Falabella NOTICIASMERCEDINAS.COM","image":{"@type":"ImageObject","inLanguage":"es","@id":"https:\/\/secure.gravatar.com\/avatar\/0dbbfc45970cc46bcd0e57766228574ff3511d6eed045b182f536f0f478c1f06?s=96&d=mm&r=g","url":"https:\/\/secure.gravatar.com\/avatar\/0dbbfc45970cc46bcd0e57766228574ff3511d6eed045b182f536f0f478c1f06?s=96&d=mm&r=g","contentUrl":"https:\/\/secure.gravatar.com\/avatar\/0dbbfc45970cc46bcd0e57766228574ff3511d6eed045b182f536f0f478c1f06?s=96&d=mm&r=g","caption":"Cristian Falabella NOTICIASMERCEDINAS.COM"},"description":"Periodista, editor de Noticias Mercedinas. Pas\u00f3 por varias redacciones y emprendimientos de prensa, en distintos formatos y \u00e9pocas. Se especializ\u00f3 --y sigue haci\u00e9ndolo-- en comunicaci\u00f3n en la web y en junio de 2006 fund\u00f3 este diario digital.","sameAs":["https:\/\/noticiasmercedinas.com","https:\/\/www.facebook.com\/cristian.falabella","https:\/\/www.instagram.com\/noticiasmercedinas\/","https:\/\/x.com\/https:\/\/twitter.com\/NOTMERCEDINAS"],"url":"https:\/\/noticiasmercedinas.com\/site\/author\/as000384\/"}]}},"amp_enabled":true,"_links":{"self":[{"href":"https:\/\/noticiasmercedinas.com\/site\/wp-json\/wp\/v2\/posts\/6921","targetHints":{"allow":["GET"]}}],"collection":[{"href":"https:\/\/noticiasmercedinas.com\/site\/wp-json\/wp\/v2\/posts"}],"about":[{"href":"https:\/\/noticiasmercedinas.com\/site\/wp-json\/wp\/v2\/types\/post"}],"author":[{"embeddable":true,"href":"https:\/\/noticiasmercedinas.com\/site\/wp-json\/wp\/v2\/users\/2"}],"replies":[{"embeddable":true,"href":"https:\/\/noticiasmercedinas.com\/site\/wp-json\/wp\/v2\/comments?post=6921"}],"version-history":[{"count":2,"href":"https:\/\/noticiasmercedinas.com\/site\/wp-json\/wp\/v2\/posts\/6921\/revisions"}],"predecessor-version":[{"id":6931,"href":"https:\/\/noticiasmercedinas.com\/site\/wp-json\/wp\/v2\/posts\/6921\/revisions\/6931"}],"wp:featuredmedia":[{"embeddable":true,"href":"https:\/\/noticiasmercedinas.com\/site\/wp-json\/wp\/v2\/media\/6923"}],"wp:attachment":[{"href":"https:\/\/noticiasmercedinas.com\/site\/wp-json\/wp\/v2\/media?parent=6921"}],"wp:term":[{"taxonomy":"category","embeddable":true,"href":"https:\/\/noticiasmercedinas.com\/site\/wp-json\/wp\/v2\/categories?post=6921"},{"taxonomy":"post_tag","embeddable":true,"href":"https:\/\/noticiasmercedinas.com\/site\/wp-json\/wp\/v2\/tags?post=6921"}],"curies":[{"name":"wp","href":"https:\/\/api.w.org\/{rel}","templated":true}]}}