{"id":69249,"date":"2021-06-15T10:45:27","date_gmt":"2021-06-15T13:45:27","guid":{"rendered":"https:\/\/noticiasmercedinas.com\/site\/?p=69249"},"modified":"2021-06-15T10:45:27","modified_gmt":"2021-06-15T13:45:27","slug":"tres-clasificados-tiene-la-region-bonaerense","status":"publish","type":"post","link":"https:\/\/noticiasmercedinas.com\/site\/2021\/06\/15\/tres-clasificados-tiene-la-region-bonaerense\/","title":{"rendered":"Tres clasificados tiene la Regi\u00f3n Bonaerense"},"content":{"rendered":"<figure id=\"attachment_69250\" aria-describedby=\"caption-attachment-69250\" style=\"width: 960px\" class=\"wp-caption alignnone\"><img loading=\"lazy\" decoding=\"async\" class=\"wp-image-69250 size-full\" src=\"https:\/\/noticiasmercedinas.com\/site\/wp-content\/uploads\/2021\/06\/200960562_2752450111734177_2508613588508168596_n.jpg\" alt=\"\" width=\"960\" height=\"540\" srcset=\"https:\/\/noticiasmercedinas.com\/site\/wp-content\/uploads\/2021\/06\/200960562_2752450111734177_2508613588508168596_n.jpg 960w, https:\/\/noticiasmercedinas.com\/site\/wp-content\/uploads\/2021\/06\/200960562_2752450111734177_2508613588508168596_n-300x169.jpg 300w, https:\/\/noticiasmercedinas.com\/site\/wp-content\/uploads\/2021\/06\/200960562_2752450111734177_2508613588508168596_n-768x432.jpg 768w, https:\/\/noticiasmercedinas.com\/site\/wp-content\/uploads\/2021\/06\/200960562_2752450111734177_2508613588508168596_n-640x360.jpg 640w, https:\/\/noticiasmercedinas.com\/site\/wp-content\/uploads\/2021\/06\/200960562_2752450111734177_2508613588508168596_n-681x383.jpg 681w\" sizes=\"auto, (max-width: 960px) 100vw, 960px\" \/><figcaption id=\"caption-attachment-69250\" class=\"wp-caption-text\">Z\u00e1rate y Col\u00f3n jugaron ayer (Foto Z\u00e1rate B\u00e1squet).<\/figcaption><\/figure>\n<p>Sobre el cierre de la jornada del lunes 14 se jugaron m\u00e1s partidos pendientes correspondientes a la Regi\u00f3n Bonaerense del Torneo Federal de b\u00e1squet. Ya sin chances Col\u00f3n de Chivilcoy fue visitante de un Z\u00e1rate B\u00e1sket que termin\u00f3 alcanzando el pasaporte a la pr\u00f3xima instancia.<\/p>\n<p>Aunque el \u201cLe\u00f3n\u201d arranc\u00f3 mejor un 15-17 en el primer cuarto, revirtiendo la historia Z\u00e1rate por 25-14 para cerrase 40-31la primera parte a favor de los due\u00f1os de casa que jugaron en el gimnasio de Paran\u00e1. Una remontada 14-16 oblig\u00f3 a los zarate\u00f1os a cerrar el partido 21-14 para un final de 75-61.<\/p>\n<p>El mercedino Francisco Dinova logr\u00f3 13 puntos, siendo el segundo m\u00e1ximo anotador de Col\u00f3n que s\u00f3lo le queda el encuentro ante Uni\u00f3n de Mar del Plata en el Barca el venidero mi\u00e9rcoles 23 desde la hora 18. Ayer tambi\u00e9n hubo m\u00e1s b\u00e1squet con triunfo de Uni\u00f3n como visitante 78-75 sobre Estudiantes.<\/p>\n<p>En tanto, Derqui se impuso 85 a 75 sobre SOMISA. Al momento los clasificados son Pergamino, Uni\u00f3n y Z\u00e1rate, quedando por resolverse un lugar que se lo disputan Derqui y Estudiantes en un certamen que volver\u00e1 a tener acci\u00f3n en el correr de la semana.<\/p>\n<p><strong>Posiciones:<\/strong> 1\u00b0 Pergamino 26 puntos, 2\u00b0 Uni\u00f3n de Mar del Plata 25, 3\u00b0 Z\u00e1rate 23, 4\u00b0 Estudiantes de La Plata y Presidente Derqui 22, 6\u00b0 Regatas de San Nicol\u00e1s 20, 7\u00b0 Col\u00f3n de Chivilcoy 15, 8\u00b0 Belgrano de San Nicol\u00e1s 19 y 9\u00b0 SOMISA de San Nicol\u00e1s 18 unidades.<\/p>\n","protected":false},"excerpt":{"rendered":"<p>\u25a0 Ayer Z\u00e1rate por momentos vio complicado el resultando ante un Col\u00f3n ya sin chances. Francisco Dinova aport\u00f3 13 puntos. Est\u00e1n en lo que vendr\u00e1 Pergamino, Uni\u00f3n de Mar del Plata y Z\u00e1rate. Queda juegos por disputar.<\/p>\n","protected":false},"author":6,"featured_media":69250,"comment_status":"open","ping_status":"open","sticky":false,"template":"","format":"standard","meta":{"footnotes":""},"categories":[5],"tags":[1091,11815,11814],"class_list":["post-69249","post","type-post","status-publish","format-standard","has-post-thumbnail","hentry","category-deportes","tag-basquet","tag-colon-de-chivilcoy","tag-francisco-dinova"],"yoast_head":"<!-- This site is optimized with the Yoast SEO plugin v27.5 - https:\/\/yoast.com\/product\/yoast-seo-wordpress\/ -->\n<title>Tres clasificados tiene la Regi\u00f3n Bonaerense<\/title>\n<meta name=\"robots\" content=\"index, follow, max-snippet:-1, max-image-preview:large, max-video-preview:-1\" \/>\n<link rel=\"canonical\" href=\"https:\/\/noticiasmercedinas.com\/site\/2021\/06\/15\/tres-clasificados-tiene-la-region-bonaerense\/\" \/>\n<meta property=\"og:locale\" content=\"es_ES\" \/>\n<meta property=\"og:type\" content=\"article\" \/>\n<meta property=\"og:title\" content=\"Tres clasificados tiene la Regi\u00f3n Bonaerense\" \/>\n<meta property=\"og:description\" content=\"\u25a0 Ayer Z\u00e1rate por momentos vio complicado el resultando ante un Col\u00f3n ya sin chances. Francisco Dinova aport\u00f3 13 puntos. Est\u00e1n en lo que vendr\u00e1 Pergamino, Uni\u00f3n de Mar del Plata y Z\u00e1rate. Queda juegos por disputar.\" \/>\n<meta property=\"og:url\" content=\"https:\/\/noticiasmercedinas.com\/site\/2021\/06\/15\/tres-clasificados-tiene-la-region-bonaerense\/\" \/>\n<meta property=\"og:site_name\" content=\"NOTICIASMERCEDINAS.COM\" \/>\n<meta property=\"article:publisher\" content=\"https:\/\/www.facebook.com\/noticiasmercedinas\/\" \/>\n<meta property=\"article:published_time\" content=\"2021-06-15T13:45:27+00:00\" \/>\n<meta property=\"og:image\" content=\"https:\/\/noticiasmercedinas.com\/site\/wp-content\/uploads\/2021\/06\/200960562_2752450111734177_2508613588508168596_n.jpg\" \/>\n\t<meta property=\"og:image:width\" content=\"960\" \/>\n\t<meta property=\"og:image:height\" content=\"540\" \/>\n\t<meta property=\"og:image:type\" content=\"image\/jpeg\" \/>\n<meta name=\"author\" content=\"Juan Dagnino NOTICIASMERCEDINAS.COM\" \/>\n<meta name=\"twitter:card\" content=\"summary_large_image\" \/>\n<meta name=\"twitter:creator\" content=\"@notmercedinas\" \/>\n<meta name=\"twitter:site\" content=\"@notmercedinas\" \/>\n<meta name=\"twitter:label1\" content=\"Escrito por\" \/>\n\t<meta name=\"twitter:data1\" content=\"Juan Dagnino NOTICIASMERCEDINAS.COM\" \/>\n\t<meta name=\"twitter:label2\" content=\"Tiempo de lectura\" \/>\n\t<meta name=\"twitter:data2\" content=\"2 minutos\" \/>\n<script type=\"application\/ld+json\" class=\"yoast-schema-graph\">{\"@context\":\"https:\\\/\\\/schema.org\",\"@graph\":[{\"@type\":\"Article\",\"@id\":\"https:\\\/\\\/noticiasmercedinas.com\\\/site\\\/2021\\\/06\\\/15\\\/tres-clasificados-tiene-la-region-bonaerense\\\/#article\",\"isPartOf\":{\"@id\":\"https:\\\/\\\/noticiasmercedinas.com\\\/site\\\/2021\\\/06\\\/15\\\/tres-clasificados-tiene-la-region-bonaerense\\\/\"},\"author\":{\"name\":\"Juan Dagnino NOTICIASMERCEDINAS.COM\",\"@id\":\"https:\\\/\\\/noticiasmercedinas.com\\\/site\\\/#\\\/schema\\\/person\\\/8f2f09d666ef40986eba4a5e6f2a06f9\"},\"headline\":\"Tres clasificados tiene la Regi\u00f3n Bonaerense\",\"datePublished\":\"2021-06-15T13:45:27+00:00\",\"mainEntityOfPage\":{\"@id\":\"https:\\\/\\\/noticiasmercedinas.com\\\/site\\\/2021\\\/06\\\/15\\\/tres-clasificados-tiene-la-region-bonaerense\\\/\"},\"wordCount\":277,\"commentCount\":0,\"publisher\":{\"@id\":\"https:\\\/\\\/noticiasmercedinas.com\\\/site\\\/#organization\"},\"image\":{\"@id\":\"https:\\\/\\\/noticiasmercedinas.com\\\/site\\\/2021\\\/06\\\/15\\\/tres-clasificados-tiene-la-region-bonaerense\\\/#primaryimage\"},\"thumbnailUrl\":\"https:\\\/\\\/noticiasmercedinas.com\\\/site\\\/wp-content\\\/uploads\\\/2021\\\/06\\\/200960562_2752450111734177_2508613588508168596_n.jpg\",\"keywords\":[\"b\u00e1squet\",\"colon de chivilcoy\",\"francisco dinova\"],\"articleSection\":[\"Deportes\"],\"inLanguage\":\"es\",\"potentialAction\":[{\"@type\":\"CommentAction\",\"name\":\"Comment\",\"target\":[\"https:\\\/\\\/noticiasmercedinas.com\\\/site\\\/2021\\\/06\\\/15\\\/tres-clasificados-tiene-la-region-bonaerense\\\/#respond\"]}]},{\"@type\":\"WebPage\",\"@id\":\"https:\\\/\\\/noticiasmercedinas.com\\\/site\\\/2021\\\/06\\\/15\\\/tres-clasificados-tiene-la-region-bonaerense\\\/\",\"url\":\"https:\\\/\\\/noticiasmercedinas.com\\\/site\\\/2021\\\/06\\\/15\\\/tres-clasificados-tiene-la-region-bonaerense\\\/\",\"name\":\"Tres clasificados tiene la Regi\u00f3n Bonaerense\",\"isPartOf\":{\"@id\":\"https:\\\/\\\/noticiasmercedinas.com\\\/site\\\/#website\"},\"primaryImageOfPage\":{\"@id\":\"https:\\\/\\\/noticiasmercedinas.com\\\/site\\\/2021\\\/06\\\/15\\\/tres-clasificados-tiene-la-region-bonaerense\\\/#primaryimage\"},\"image\":{\"@id\":\"https:\\\/\\\/noticiasmercedinas.com\\\/site\\\/2021\\\/06\\\/15\\\/tres-clasificados-tiene-la-region-bonaerense\\\/#primaryimage\"},\"thumbnailUrl\":\"https:\\\/\\\/noticiasmercedinas.com\\\/site\\\/wp-content\\\/uploads\\\/2021\\\/06\\\/200960562_2752450111734177_2508613588508168596_n.jpg\",\"datePublished\":\"2021-06-15T13:45:27+00:00\",\"breadcrumb\":{\"@id\":\"https:\\\/\\\/noticiasmercedinas.com\\\/site\\\/2021\\\/06\\\/15\\\/tres-clasificados-tiene-la-region-bonaerense\\\/#breadcrumb\"},\"inLanguage\":\"es\",\"potentialAction\":[{\"@type\":\"ReadAction\",\"target\":[\"https:\\\/\\\/noticiasmercedinas.com\\\/site\\\/2021\\\/06\\\/15\\\/tres-clasificados-tiene-la-region-bonaerense\\\/\"]}]},{\"@type\":\"ImageObject\",\"inLanguage\":\"es\",\"@id\":\"https:\\\/\\\/noticiasmercedinas.com\\\/site\\\/2021\\\/06\\\/15\\\/tres-clasificados-tiene-la-region-bonaerense\\\/#primaryimage\",\"url\":\"https:\\\/\\\/noticiasmercedinas.com\\\/site\\\/wp-content\\\/uploads\\\/2021\\\/06\\\/200960562_2752450111734177_2508613588508168596_n.jpg\",\"contentUrl\":\"https:\\\/\\\/noticiasmercedinas.com\\\/site\\\/wp-content\\\/uploads\\\/2021\\\/06\\\/200960562_2752450111734177_2508613588508168596_n.jpg\",\"width\":960,\"height\":540},{\"@type\":\"BreadcrumbList\",\"@id\":\"https:\\\/\\\/noticiasmercedinas.com\\\/site\\\/2021\\\/06\\\/15\\\/tres-clasificados-tiene-la-region-bonaerense\\\/#breadcrumb\",\"itemListElement\":[{\"@type\":\"ListItem\",\"position\":1,\"name\":\"Portada\",\"item\":\"https:\\\/\\\/noticiasmercedinas.com\\\/site\\\/\"},{\"@type\":\"ListItem\",\"position\":2,\"name\":\"Tres clasificados tiene la Regi\u00f3n Bonaerense\"}]},{\"@type\":\"WebSite\",\"@id\":\"https:\\\/\\\/noticiasmercedinas.com\\\/site\\\/#website\",\"url\":\"https:\\\/\\\/noticiasmercedinas.com\\\/site\\\/\",\"name\":\"NOTICIASMERCEDINAS.COM\",\"description\":\"Mercedes, Buenos Aires, Argentina\",\"publisher\":{\"@id\":\"https:\\\/\\\/noticiasmercedinas.com\\\/site\\\/#organization\"},\"potentialAction\":[{\"@type\":\"SearchAction\",\"target\":{\"@type\":\"EntryPoint\",\"urlTemplate\":\"https:\\\/\\\/noticiasmercedinas.com\\\/site\\\/?s={search_term_string}\"},\"query-input\":{\"@type\":\"PropertyValueSpecification\",\"valueRequired\":true,\"valueName\":\"search_term_string\"}}],\"inLanguage\":\"es\"},{\"@type\":\"Organization\",\"@id\":\"https:\\\/\\\/noticiasmercedinas.com\\\/site\\\/#organization\",\"name\":\"NOTICIASMERCEDINAS.COM\",\"url\":\"https:\\\/\\\/noticiasmercedinas.com\\\/site\\\/\",\"logo\":{\"@type\":\"ImageObject\",\"inLanguage\":\"es\",\"@id\":\"https:\\\/\\\/noticiasmercedinas.com\\\/site\\\/#\\\/schema\\\/logo\\\/image\\\/\",\"url\":\"https:\\\/\\\/noticiasmercedinas.com\\\/site\\\/wp-content\\\/uploads\\\/2020\\\/06\\\/LOGO-512.jpg\",\"contentUrl\":\"https:\\\/\\\/noticiasmercedinas.com\\\/site\\\/wp-content\\\/uploads\\\/2020\\\/06\\\/LOGO-512.jpg\",\"width\":512,\"height\":512,\"caption\":\"NOTICIASMERCEDINAS.COM\"},\"image\":{\"@id\":\"https:\\\/\\\/noticiasmercedinas.com\\\/site\\\/#\\\/schema\\\/logo\\\/image\\\/\"},\"sameAs\":[\"https:\\\/\\\/www.facebook.com\\\/noticiasmercedinas\\\/\",\"https:\\\/\\\/x.com\\\/notmercedinas\",\"https:\\\/\\\/www.instagram.com\\\/noticiasmercedinas\\\/\"]},{\"@type\":\"Person\",\"@id\":\"https:\\\/\\\/noticiasmercedinas.com\\\/site\\\/#\\\/schema\\\/person\\\/8f2f09d666ef40986eba4a5e6f2a06f9\",\"name\":\"Juan Dagnino NOTICIASMERCEDINAS.COM\",\"image\":{\"@type\":\"ImageObject\",\"inLanguage\":\"es\",\"@id\":\"https:\\\/\\\/secure.gravatar.com\\\/avatar\\\/fc7059a769f5a3cae65fadb228a3e4accf3a64b4b2305020d0a27e6d5333c91b?s=96&d=mm&r=g\",\"url\":\"https:\\\/\\\/secure.gravatar.com\\\/avatar\\\/fc7059a769f5a3cae65fadb228a3e4accf3a64b4b2305020d0a27e6d5333c91b?s=96&d=mm&r=g\",\"contentUrl\":\"https:\\\/\\\/secure.gravatar.com\\\/avatar\\\/fc7059a769f5a3cae65fadb228a3e4accf3a64b4b2305020d0a27e6d5333c91b?s=96&d=mm&r=g\",\"caption\":\"Juan Dagnino NOTICIASMERCEDINAS.COM\"},\"url\":\"https:\\\/\\\/noticiasmercedinas.com\\\/site\\\/author\\\/juandagnino\\\/\"}]}<\/script>\n<!-- \/ Yoast SEO plugin. -->","yoast_head_json":{"title":"Tres clasificados tiene la Regi\u00f3n Bonaerense","robots":{"index":"index","follow":"follow","max-snippet":"max-snippet:-1","max-image-preview":"max-image-preview:large","max-video-preview":"max-video-preview:-1"},"canonical":"https:\/\/noticiasmercedinas.com\/site\/2021\/06\/15\/tres-clasificados-tiene-la-region-bonaerense\/","og_locale":"es_ES","og_type":"article","og_title":"Tres clasificados tiene la Regi\u00f3n Bonaerense","og_description":"\u25a0 Ayer Z\u00e1rate por momentos vio complicado el resultando ante un Col\u00f3n ya sin chances. Francisco Dinova aport\u00f3 13 puntos. Est\u00e1n en lo que vendr\u00e1 Pergamino, Uni\u00f3n de Mar del Plata y Z\u00e1rate. Queda juegos por disputar.","og_url":"https:\/\/noticiasmercedinas.com\/site\/2021\/06\/15\/tres-clasificados-tiene-la-region-bonaerense\/","og_site_name":"NOTICIASMERCEDINAS.COM","article_publisher":"https:\/\/www.facebook.com\/noticiasmercedinas\/","article_published_time":"2021-06-15T13:45:27+00:00","og_image":[{"width":960,"height":540,"url":"https:\/\/noticiasmercedinas.com\/site\/wp-content\/uploads\/2021\/06\/200960562_2752450111734177_2508613588508168596_n.jpg","type":"image\/jpeg"}],"author":"Juan Dagnino NOTICIASMERCEDINAS.COM","twitter_card":"summary_large_image","twitter_creator":"@notmercedinas","twitter_site":"@notmercedinas","twitter_misc":{"Escrito por":"Juan Dagnino NOTICIASMERCEDINAS.COM","Tiempo de lectura":"2 minutos"},"schema":{"@context":"https:\/\/schema.org","@graph":[{"@type":"Article","@id":"https:\/\/noticiasmercedinas.com\/site\/2021\/06\/15\/tres-clasificados-tiene-la-region-bonaerense\/#article","isPartOf":{"@id":"https:\/\/noticiasmercedinas.com\/site\/2021\/06\/15\/tres-clasificados-tiene-la-region-bonaerense\/"},"author":{"name":"Juan Dagnino NOTICIASMERCEDINAS.COM","@id":"https:\/\/noticiasmercedinas.com\/site\/#\/schema\/person\/8f2f09d666ef40986eba4a5e6f2a06f9"},"headline":"Tres clasificados tiene la Regi\u00f3n Bonaerense","datePublished":"2021-06-15T13:45:27+00:00","mainEntityOfPage":{"@id":"https:\/\/noticiasmercedinas.com\/site\/2021\/06\/15\/tres-clasificados-tiene-la-region-bonaerense\/"},"wordCount":277,"commentCount":0,"publisher":{"@id":"https:\/\/noticiasmercedinas.com\/site\/#organization"},"image":{"@id":"https:\/\/noticiasmercedinas.com\/site\/2021\/06\/15\/tres-clasificados-tiene-la-region-bonaerense\/#primaryimage"},"thumbnailUrl":"https:\/\/noticiasmercedinas.com\/site\/wp-content\/uploads\/2021\/06\/200960562_2752450111734177_2508613588508168596_n.jpg","keywords":["b\u00e1squet","colon de chivilcoy","francisco dinova"],"articleSection":["Deportes"],"inLanguage":"es","potentialAction":[{"@type":"CommentAction","name":"Comment","target":["https:\/\/noticiasmercedinas.com\/site\/2021\/06\/15\/tres-clasificados-tiene-la-region-bonaerense\/#respond"]}]},{"@type":"WebPage","@id":"https:\/\/noticiasmercedinas.com\/site\/2021\/06\/15\/tres-clasificados-tiene-la-region-bonaerense\/","url":"https:\/\/noticiasmercedinas.com\/site\/2021\/06\/15\/tres-clasificados-tiene-la-region-bonaerense\/","name":"Tres clasificados tiene la Regi\u00f3n Bonaerense","isPartOf":{"@id":"https:\/\/noticiasmercedinas.com\/site\/#website"},"primaryImageOfPage":{"@id":"https:\/\/noticiasmercedinas.com\/site\/2021\/06\/15\/tres-clasificados-tiene-la-region-bonaerense\/#primaryimage"},"image":{"@id":"https:\/\/noticiasmercedinas.com\/site\/2021\/06\/15\/tres-clasificados-tiene-la-region-bonaerense\/#primaryimage"},"thumbnailUrl":"https:\/\/noticiasmercedinas.com\/site\/wp-content\/uploads\/2021\/06\/200960562_2752450111734177_2508613588508168596_n.jpg","datePublished":"2021-06-15T13:45:27+00:00","breadcrumb":{"@id":"https:\/\/noticiasmercedinas.com\/site\/2021\/06\/15\/tres-clasificados-tiene-la-region-bonaerense\/#breadcrumb"},"inLanguage":"es","potentialAction":[{"@type":"ReadAction","target":["https:\/\/noticiasmercedinas.com\/site\/2021\/06\/15\/tres-clasificados-tiene-la-region-bonaerense\/"]}]},{"@type":"ImageObject","inLanguage":"es","@id":"https:\/\/noticiasmercedinas.com\/site\/2021\/06\/15\/tres-clasificados-tiene-la-region-bonaerense\/#primaryimage","url":"https:\/\/noticiasmercedinas.com\/site\/wp-content\/uploads\/2021\/06\/200960562_2752450111734177_2508613588508168596_n.jpg","contentUrl":"https:\/\/noticiasmercedinas.com\/site\/wp-content\/uploads\/2021\/06\/200960562_2752450111734177_2508613588508168596_n.jpg","width":960,"height":540},{"@type":"BreadcrumbList","@id":"https:\/\/noticiasmercedinas.com\/site\/2021\/06\/15\/tres-clasificados-tiene-la-region-bonaerense\/#breadcrumb","itemListElement":[{"@type":"ListItem","position":1,"name":"Portada","item":"https:\/\/noticiasmercedinas.com\/site\/"},{"@type":"ListItem","position":2,"name":"Tres clasificados tiene la Regi\u00f3n Bonaerense"}]},{"@type":"WebSite","@id":"https:\/\/noticiasmercedinas.com\/site\/#website","url":"https:\/\/noticiasmercedinas.com\/site\/","name":"NOTICIASMERCEDINAS.COM","description":"Mercedes, Buenos Aires, Argentina","publisher":{"@id":"https:\/\/noticiasmercedinas.com\/site\/#organization"},"potentialAction":[{"@type":"SearchAction","target":{"@type":"EntryPoint","urlTemplate":"https:\/\/noticiasmercedinas.com\/site\/?s={search_term_string}"},"query-input":{"@type":"PropertyValueSpecification","valueRequired":true,"valueName":"search_term_string"}}],"inLanguage":"es"},{"@type":"Organization","@id":"https:\/\/noticiasmercedinas.com\/site\/#organization","name":"NOTICIASMERCEDINAS.COM","url":"https:\/\/noticiasmercedinas.com\/site\/","logo":{"@type":"ImageObject","inLanguage":"es","@id":"https:\/\/noticiasmercedinas.com\/site\/#\/schema\/logo\/image\/","url":"https:\/\/noticiasmercedinas.com\/site\/wp-content\/uploads\/2020\/06\/LOGO-512.jpg","contentUrl":"https:\/\/noticiasmercedinas.com\/site\/wp-content\/uploads\/2020\/06\/LOGO-512.jpg","width":512,"height":512,"caption":"NOTICIASMERCEDINAS.COM"},"image":{"@id":"https:\/\/noticiasmercedinas.com\/site\/#\/schema\/logo\/image\/"},"sameAs":["https:\/\/www.facebook.com\/noticiasmercedinas\/","https:\/\/x.com\/notmercedinas","https:\/\/www.instagram.com\/noticiasmercedinas\/"]},{"@type":"Person","@id":"https:\/\/noticiasmercedinas.com\/site\/#\/schema\/person\/8f2f09d666ef40986eba4a5e6f2a06f9","name":"Juan Dagnino NOTICIASMERCEDINAS.COM","image":{"@type":"ImageObject","inLanguage":"es","@id":"https:\/\/secure.gravatar.com\/avatar\/fc7059a769f5a3cae65fadb228a3e4accf3a64b4b2305020d0a27e6d5333c91b?s=96&d=mm&r=g","url":"https:\/\/secure.gravatar.com\/avatar\/fc7059a769f5a3cae65fadb228a3e4accf3a64b4b2305020d0a27e6d5333c91b?s=96&d=mm&r=g","contentUrl":"https:\/\/secure.gravatar.com\/avatar\/fc7059a769f5a3cae65fadb228a3e4accf3a64b4b2305020d0a27e6d5333c91b?s=96&d=mm&r=g","caption":"Juan Dagnino NOTICIASMERCEDINAS.COM"},"url":"https:\/\/noticiasmercedinas.com\/site\/author\/juandagnino\/"}]}},"amp_enabled":true,"_links":{"self":[{"href":"https:\/\/noticiasmercedinas.com\/site\/wp-json\/wp\/v2\/posts\/69249","targetHints":{"allow":["GET"]}}],"collection":[{"href":"https:\/\/noticiasmercedinas.com\/site\/wp-json\/wp\/v2\/posts"}],"about":[{"href":"https:\/\/noticiasmercedinas.com\/site\/wp-json\/wp\/v2\/types\/post"}],"author":[{"embeddable":true,"href":"https:\/\/noticiasmercedinas.com\/site\/wp-json\/wp\/v2\/users\/6"}],"replies":[{"embeddable":true,"href":"https:\/\/noticiasmercedinas.com\/site\/wp-json\/wp\/v2\/comments?post=69249"}],"version-history":[{"count":1,"href":"https:\/\/noticiasmercedinas.com\/site\/wp-json\/wp\/v2\/posts\/69249\/revisions"}],"predecessor-version":[{"id":69251,"href":"https:\/\/noticiasmercedinas.com\/site\/wp-json\/wp\/v2\/posts\/69249\/revisions\/69251"}],"wp:featuredmedia":[{"embeddable":true,"href":"https:\/\/noticiasmercedinas.com\/site\/wp-json\/wp\/v2\/media\/69250"}],"wp:attachment":[{"href":"https:\/\/noticiasmercedinas.com\/site\/wp-json\/wp\/v2\/media?parent=69249"}],"wp:term":[{"taxonomy":"category","embeddable":true,"href":"https:\/\/noticiasmercedinas.com\/site\/wp-json\/wp\/v2\/categories?post=69249"},{"taxonomy":"post_tag","embeddable":true,"href":"https:\/\/noticiasmercedinas.com\/site\/wp-json\/wp\/v2\/tags?post=69249"}],"curies":[{"name":"wp","href":"https:\/\/api.w.org\/{rel}","templated":true}]}}