{"id":69327,"date":"2021-06-16T14:49:01","date_gmt":"2021-06-16T17:49:01","guid":{"rendered":"https:\/\/noticiasmercedinas.com\/site\/?p=69327"},"modified":"2021-06-16T14:49:01","modified_gmt":"2021-06-16T17:49:01","slug":"entregaron-insumos-en-la-escuela-agrotecnica","status":"publish","type":"post","link":"https:\/\/noticiasmercedinas.com\/site\/2021\/06\/16\/entregaron-insumos-en-la-escuela-agrotecnica\/","title":{"rendered":"Entregaron insumos en la Escuela Agrot\u00e9cnica"},"content":{"rendered":"<p><img loading=\"lazy\" decoding=\"async\" class=\"alignnone size-large wp-image-69328\" src=\"https:\/\/noticiasmercedinas.com\/site\/wp-content\/uploads\/2021\/06\/E3tRH6oXwAEqYS_-1024x461.jpg\" alt=\"\" width=\"640\" height=\"288\" srcset=\"https:\/\/noticiasmercedinas.com\/site\/wp-content\/uploads\/2021\/06\/E3tRH6oXwAEqYS_-1024x461.jpg 1024w, https:\/\/noticiasmercedinas.com\/site\/wp-content\/uploads\/2021\/06\/E3tRH6oXwAEqYS_-300x135.jpg 300w, https:\/\/noticiasmercedinas.com\/site\/wp-content\/uploads\/2021\/06\/E3tRH6oXwAEqYS_-768x346.jpg 768w, https:\/\/noticiasmercedinas.com\/site\/wp-content\/uploads\/2021\/06\/E3tRH6oXwAEqYS_-1536x692.jpg 1536w, https:\/\/noticiasmercedinas.com\/site\/wp-content\/uploads\/2021\/06\/E3tRH6oXwAEqYS_-640x288.jpg 640w, https:\/\/noticiasmercedinas.com\/site\/wp-content\/uploads\/2021\/06\/E3tRH6oXwAEqYS_-1280x576.jpg 1280w, https:\/\/noticiasmercedinas.com\/site\/wp-content\/uploads\/2021\/06\/E3tRH6oXwAEqYS_-681x307.jpg 681w, https:\/\/noticiasmercedinas.com\/site\/wp-content\/uploads\/2021\/06\/E3tRH6oXwAEqYS_-1362x613.jpg 1362w, https:\/\/noticiasmercedinas.com\/site\/wp-content\/uploads\/2021\/06\/E3tRH6oXwAEqYS_.jpg 2048w\" sizes=\"auto, (max-width: 640px) 100vw, 640px\" \/><\/p>\n<p>D\u00edas pasados el intendente<strong> Juan Ustarroz<\/strong> visit\u00f3 la Escuela Agrot\u00e9cnica e hizo entrega de insumos otorgados por la Provincia de Buenos Aires.<\/p>\n<p>En la Escuela Agrot\u00e9cnica, junto al presidente del Consejo Escolar, Jos\u00e9 Luis Pisano, se reunieron con su directora, Paula Lossino. All\u00ed hicieron entrega de detectores digitales de mon\u00f3xido de carbono, recorrieron las obras de la energ\u00eda solar que la Provincia est\u00e1 llevando a cabo y avanzaron en distintos proyectos y planificaciones entre la instituci\u00f3n y la Comuna.<\/p>\n<p><strong>Jos\u00e9 Luis Pisano<\/strong> coment\u00f3: \u201cVinimos a fortalecer distintas cuestiones pensando en el regreso de la presencialidad de las escuelas que de a poquito vamos organizando y en dicho marco entregamos unos medidores que el gobierno provincial envi\u00f3 para detectar mon\u00f3xido de carbono que nos va a ayudar a generar espacios m\u00e1s seguros en la escuela, para el cuidado del personal docente y de los estudiantes\u201d.<\/p>\n<p>\u201cObservamos, a su vez, el proceso de la obra el\u00e9ctrica de iluminaci\u00f3n a luz solar que nos pone muy contentos y que es una inversi\u00f3n llevada a cabo por la Provincia\u201d, destac\u00f3.<\/p>\n<p>Por su parte, <strong>Paula Lossino<\/strong>, se mostr\u00f3 \u00abagradecida por esta posibilidad donde avanzamos y dialogamos much\u00edsimo, sobre distintos temas de inter\u00e9s para nuestra instituci\u00f3n\u00bb: \u00abEstoy muy contenta por los proyectos que se est\u00e1n realizando y especialmente por los que est\u00e1n en vista para concretar\u201d, dijo la directora de la instituci\u00f3n y coment\u00f3 que \u201cestos aportes son muy importantes para nosotros. Somos una escuela que tiene todo para crecer y avanzar en beneficio de nuestros estudiantes\u201d.<\/p>\n<p>En tanto, el intendente Ustarroz coment\u00f3 que \u201cdeseo antes que nada felicitar a Paula. Refleja muy bien el compromiso que hay en el sistema educativo por parte de directivos y docentes\u201d dijo y coment\u00f3 que \u201cdesde que ella inici\u00f3 su gesti\u00f3n ac\u00e1 siempre ha trabajado mucho gestionando para la escuela y eso es muy grato, ver que se preocupan, ocupan, con tanta voluntad de hacer por las escuelas\u201d y destac\u00f3 que \u201cahora es en un contexto dif\u00edcil, pero el municipio siempre intenta acompa\u00f1ar con una provincia que claramente dice presente\u201d.<\/p>\n<p>Coment\u00f3 que \u201choy adem\u00e1s estamos entregando elementos de protecci\u00f3n y prevenci\u00f3n que ayer anunci\u00f3 el gobernador Kicillof estar\u00edan disponibles para la escuela y es muy importante\u201d sostuvo y dijo que \u201cpor eso nos pone muy contentos, como, adem\u00e1s, ver el avance de otro proyecto que es la colocaci\u00f3n de paneles solares yendo a un esquema de sustentabilidad energ\u00e9tica de las escuelas\u201d.<\/p>\n<p>\u201cEstuvimos hablando con Paula sobre varios proyectos productivos que ella tiene en carpeta y habla a las claras de la capacidad que tienen las escuelas en general y en particular las escuelas t\u00e9cnicas en particular y como dec\u00eda Josi que nos reciban un s\u00e1bado tambi\u00e9n refleja el compromiso, la vocaci\u00f3n y las ganas de salir adelante y nuestro pa\u00eds, nuestra ciudad, necesita esto, mucho compromiso, vocaci\u00f3n e inversi\u00f3n y trabajo en conjunto por la educaci\u00f3n\u201d, destac\u00f3 el intendente.<\/p>\n<p>Otra instituci\u00f3n educativa que contin\u00faa articulando acciones y dispositivos con la comuna y la Provincia buscando crecer, concretar proyectos y seguir brindando una educaci\u00f3n de calidad.<\/p>\n","protected":false},"excerpt":{"rendered":"<p>\u25a0 Junto a Jos\u00e9 Luis Pisano, el intendente hizo entrega de detectores digitales de mon\u00f3xido de carbono. Adem\u00e1s recorrieron las obras de la energ\u00eda solar que la Provincia est\u00e1 llevando a cabo<\/p>\n","protected":false},"author":16,"featured_media":69328,"comment_status":"open","ping_status":"open","sticky":false,"template":"","format":"standard","meta":{"footnotes":""},"categories":[3],"tags":[267,6058,268,1077,12172],"class_list":["post-69327","post","type-post","status-publish","format-standard","has-post-thumbnail","hentry","category-sociedad","tag-consejo-escolar","tag-escuela-agrotecnica","tag-jose-luis-pisano","tag-juan-ustarroz","tag-paula-lossino"],"yoast_head":"<!-- This site is optimized with the Yoast SEO plugin v27.5 - https:\/\/yoast.com\/product\/yoast-seo-wordpress\/ -->\n<title>Entregaron insumos en la Escuela Agrot\u00e9cnica<\/title>\n<meta name=\"robots\" content=\"index, follow, max-snippet:-1, max-image-preview:large, max-video-preview:-1\" \/>\n<link rel=\"canonical\" href=\"https:\/\/noticiasmercedinas.com\/site\/2021\/06\/16\/entregaron-insumos-en-la-escuela-agrotecnica\/\" \/>\n<meta property=\"og:locale\" content=\"es_ES\" \/>\n<meta property=\"og:type\" content=\"article\" \/>\n<meta property=\"og:title\" content=\"Entregaron insumos en la Escuela Agrot\u00e9cnica\" \/>\n<meta property=\"og:description\" content=\"\u25a0 Junto a Jos\u00e9 Luis Pisano, el intendente hizo entrega de detectores digitales de mon\u00f3xido de carbono. Adem\u00e1s recorrieron las obras de la energ\u00eda solar que la Provincia est\u00e1 llevando a cabo\" \/>\n<meta property=\"og:url\" content=\"https:\/\/noticiasmercedinas.com\/site\/2021\/06\/16\/entregaron-insumos-en-la-escuela-agrotecnica\/\" \/>\n<meta property=\"og:site_name\" content=\"NOTICIASMERCEDINAS.COM\" \/>\n<meta property=\"article:publisher\" content=\"https:\/\/www.facebook.com\/noticiasmercedinas\/\" \/>\n<meta property=\"article:published_time\" content=\"2021-06-16T17:49:01+00:00\" \/>\n<meta property=\"og:image\" content=\"https:\/\/noticiasmercedinas.com\/site\/wp-content\/uploads\/2021\/06\/E3tRH6oXwAEqYS_.jpg\" \/>\n\t<meta property=\"og:image:width\" content=\"2048\" \/>\n\t<meta property=\"og:image:height\" content=\"922\" \/>\n\t<meta property=\"og:image:type\" content=\"image\/jpeg\" \/>\n<meta name=\"author\" content=\"NOTICIASMERCEDINAS.COM\" \/>\n<meta name=\"twitter:card\" content=\"summary_large_image\" \/>\n<meta name=\"twitter:creator\" content=\"@notmercedinas\" \/>\n<meta name=\"twitter:site\" content=\"@notmercedinas\" \/>\n<meta name=\"twitter:label1\" content=\"Escrito por\" \/>\n\t<meta name=\"twitter:data1\" content=\"NOTICIASMERCEDINAS.COM\" \/>\n\t<meta name=\"twitter:label2\" content=\"Tiempo de lectura\" \/>\n\t<meta name=\"twitter:data2\" content=\"3 minutos\" \/>\n<script type=\"application\/ld+json\" class=\"yoast-schema-graph\">{\"@context\":\"https:\\\/\\\/schema.org\",\"@graph\":[{\"@type\":\"Article\",\"@id\":\"https:\\\/\\\/noticiasmercedinas.com\\\/site\\\/2021\\\/06\\\/16\\\/entregaron-insumos-en-la-escuela-agrotecnica\\\/#article\",\"isPartOf\":{\"@id\":\"https:\\\/\\\/noticiasmercedinas.com\\\/site\\\/2021\\\/06\\\/16\\\/entregaron-insumos-en-la-escuela-agrotecnica\\\/\"},\"author\":{\"name\":\"NOTICIASMERCEDINAS.COM\",\"@id\":\"https:\\\/\\\/noticiasmercedinas.com\\\/site\\\/#\\\/schema\\\/person\\\/84b59c099c28ff2e8b77d4ceec5d8063\"},\"headline\":\"Entregaron insumos en la Escuela Agrot\u00e9cnica\",\"datePublished\":\"2021-06-16T17:49:01+00:00\",\"mainEntityOfPage\":{\"@id\":\"https:\\\/\\\/noticiasmercedinas.com\\\/site\\\/2021\\\/06\\\/16\\\/entregaron-insumos-en-la-escuela-agrotecnica\\\/\"},\"wordCount\":552,\"commentCount\":0,\"publisher\":{\"@id\":\"https:\\\/\\\/noticiasmercedinas.com\\\/site\\\/#organization\"},\"image\":{\"@id\":\"https:\\\/\\\/noticiasmercedinas.com\\\/site\\\/2021\\\/06\\\/16\\\/entregaron-insumos-en-la-escuela-agrotecnica\\\/#primaryimage\"},\"thumbnailUrl\":\"https:\\\/\\\/noticiasmercedinas.com\\\/site\\\/wp-content\\\/uploads\\\/2021\\\/06\\\/E3tRH6oXwAEqYS_.jpg\",\"keywords\":[\"consejo escolar\",\"Escuela Agrot\u00e9cnica\",\"jose luis pisano\",\"Juan Ustarroz\",\"paula losSino\"],\"articleSection\":[\"Sociedad\"],\"inLanguage\":\"es\",\"potentialAction\":[{\"@type\":\"CommentAction\",\"name\":\"Comment\",\"target\":[\"https:\\\/\\\/noticiasmercedinas.com\\\/site\\\/2021\\\/06\\\/16\\\/entregaron-insumos-en-la-escuela-agrotecnica\\\/#respond\"]}]},{\"@type\":\"WebPage\",\"@id\":\"https:\\\/\\\/noticiasmercedinas.com\\\/site\\\/2021\\\/06\\\/16\\\/entregaron-insumos-en-la-escuela-agrotecnica\\\/\",\"url\":\"https:\\\/\\\/noticiasmercedinas.com\\\/site\\\/2021\\\/06\\\/16\\\/entregaron-insumos-en-la-escuela-agrotecnica\\\/\",\"name\":\"Entregaron insumos en la Escuela Agrot\u00e9cnica\",\"isPartOf\":{\"@id\":\"https:\\\/\\\/noticiasmercedinas.com\\\/site\\\/#website\"},\"primaryImageOfPage\":{\"@id\":\"https:\\\/\\\/noticiasmercedinas.com\\\/site\\\/2021\\\/06\\\/16\\\/entregaron-insumos-en-la-escuela-agrotecnica\\\/#primaryimage\"},\"image\":{\"@id\":\"https:\\\/\\\/noticiasmercedinas.com\\\/site\\\/2021\\\/06\\\/16\\\/entregaron-insumos-en-la-escuela-agrotecnica\\\/#primaryimage\"},\"thumbnailUrl\":\"https:\\\/\\\/noticiasmercedinas.com\\\/site\\\/wp-content\\\/uploads\\\/2021\\\/06\\\/E3tRH6oXwAEqYS_.jpg\",\"datePublished\":\"2021-06-16T17:49:01+00:00\",\"breadcrumb\":{\"@id\":\"https:\\\/\\\/noticiasmercedinas.com\\\/site\\\/2021\\\/06\\\/16\\\/entregaron-insumos-en-la-escuela-agrotecnica\\\/#breadcrumb\"},\"inLanguage\":\"es\",\"potentialAction\":[{\"@type\":\"ReadAction\",\"target\":[\"https:\\\/\\\/noticiasmercedinas.com\\\/site\\\/2021\\\/06\\\/16\\\/entregaron-insumos-en-la-escuela-agrotecnica\\\/\"]}]},{\"@type\":\"ImageObject\",\"inLanguage\":\"es\",\"@id\":\"https:\\\/\\\/noticiasmercedinas.com\\\/site\\\/2021\\\/06\\\/16\\\/entregaron-insumos-en-la-escuela-agrotecnica\\\/#primaryimage\",\"url\":\"https:\\\/\\\/noticiasmercedinas.com\\\/site\\\/wp-content\\\/uploads\\\/2021\\\/06\\\/E3tRH6oXwAEqYS_.jpg\",\"contentUrl\":\"https:\\\/\\\/noticiasmercedinas.com\\\/site\\\/wp-content\\\/uploads\\\/2021\\\/06\\\/E3tRH6oXwAEqYS_.jpg\",\"width\":2048,\"height\":922},{\"@type\":\"BreadcrumbList\",\"@id\":\"https:\\\/\\\/noticiasmercedinas.com\\\/site\\\/2021\\\/06\\\/16\\\/entregaron-insumos-en-la-escuela-agrotecnica\\\/#breadcrumb\",\"itemListElement\":[{\"@type\":\"ListItem\",\"position\":1,\"name\":\"Portada\",\"item\":\"https:\\\/\\\/noticiasmercedinas.com\\\/site\\\/\"},{\"@type\":\"ListItem\",\"position\":2,\"name\":\"Entregaron insumos en la Escuela Agrot\u00e9cnica\"}]},{\"@type\":\"WebSite\",\"@id\":\"https:\\\/\\\/noticiasmercedinas.com\\\/site\\\/#website\",\"url\":\"https:\\\/\\\/noticiasmercedinas.com\\\/site\\\/\",\"name\":\"NOTICIASMERCEDINAS.COM\",\"description\":\"Mercedes, Buenos Aires, Argentina\",\"publisher\":{\"@id\":\"https:\\\/\\\/noticiasmercedinas.com\\\/site\\\/#organization\"},\"potentialAction\":[{\"@type\":\"SearchAction\",\"target\":{\"@type\":\"EntryPoint\",\"urlTemplate\":\"https:\\\/\\\/noticiasmercedinas.com\\\/site\\\/?s={search_term_string}\"},\"query-input\":{\"@type\":\"PropertyValueSpecification\",\"valueRequired\":true,\"valueName\":\"search_term_string\"}}],\"inLanguage\":\"es\"},{\"@type\":\"Organization\",\"@id\":\"https:\\\/\\\/noticiasmercedinas.com\\\/site\\\/#organization\",\"name\":\"NOTICIASMERCEDINAS.COM\",\"url\":\"https:\\\/\\\/noticiasmercedinas.com\\\/site\\\/\",\"logo\":{\"@type\":\"ImageObject\",\"inLanguage\":\"es\",\"@id\":\"https:\\\/\\\/noticiasmercedinas.com\\\/site\\\/#\\\/schema\\\/logo\\\/image\\\/\",\"url\":\"https:\\\/\\\/noticiasmercedinas.com\\\/site\\\/wp-content\\\/uploads\\\/2020\\\/06\\\/LOGO-512.jpg\",\"contentUrl\":\"https:\\\/\\\/noticiasmercedinas.com\\\/site\\\/wp-content\\\/uploads\\\/2020\\\/06\\\/LOGO-512.jpg\",\"width\":512,\"height\":512,\"caption\":\"NOTICIASMERCEDINAS.COM\"},\"image\":{\"@id\":\"https:\\\/\\\/noticiasmercedinas.com\\\/site\\\/#\\\/schema\\\/logo\\\/image\\\/\"},\"sameAs\":[\"https:\\\/\\\/www.facebook.com\\\/noticiasmercedinas\\\/\",\"https:\\\/\\\/x.com\\\/notmercedinas\",\"https:\\\/\\\/www.instagram.com\\\/noticiasmercedinas\\\/\"]},{\"@type\":\"Person\",\"@id\":\"https:\\\/\\\/noticiasmercedinas.com\\\/site\\\/#\\\/schema\\\/person\\\/84b59c099c28ff2e8b77d4ceec5d8063\",\"name\":\"NOTICIASMERCEDINAS.COM\",\"image\":{\"@type\":\"ImageObject\",\"inLanguage\":\"es\",\"@id\":\"https:\\\/\\\/secure.gravatar.com\\\/avatar\\\/4dfbf16b4d17945bfb6341b2d19043457132fcf478a5ee04f42e959fd8f5df0a?s=96&d=mm&r=g\",\"url\":\"https:\\\/\\\/secure.gravatar.com\\\/avatar\\\/4dfbf16b4d17945bfb6341b2d19043457132fcf478a5ee04f42e959fd8f5df0a?s=96&d=mm&r=g\",\"contentUrl\":\"https:\\\/\\\/secure.gravatar.com\\\/avatar\\\/4dfbf16b4d17945bfb6341b2d19043457132fcf478a5ee04f42e959fd8f5df0a?s=96&d=mm&r=g\",\"caption\":\"NOTICIASMERCEDINAS.COM\"},\"url\":\"https:\\\/\\\/noticiasmercedinas.com\\\/site\\\/author\\\/anonimo\\\/\"}]}<\/script>\n<!-- \/ Yoast SEO plugin. -->","yoast_head_json":{"title":"Entregaron insumos en la Escuela Agrot\u00e9cnica","robots":{"index":"index","follow":"follow","max-snippet":"max-snippet:-1","max-image-preview":"max-image-preview:large","max-video-preview":"max-video-preview:-1"},"canonical":"https:\/\/noticiasmercedinas.com\/site\/2021\/06\/16\/entregaron-insumos-en-la-escuela-agrotecnica\/","og_locale":"es_ES","og_type":"article","og_title":"Entregaron insumos en la Escuela Agrot\u00e9cnica","og_description":"\u25a0 Junto a Jos\u00e9 Luis Pisano, el intendente hizo entrega de detectores digitales de mon\u00f3xido de carbono. Adem\u00e1s recorrieron las obras de la energ\u00eda solar que la Provincia est\u00e1 llevando a cabo","og_url":"https:\/\/noticiasmercedinas.com\/site\/2021\/06\/16\/entregaron-insumos-en-la-escuela-agrotecnica\/","og_site_name":"NOTICIASMERCEDINAS.COM","article_publisher":"https:\/\/www.facebook.com\/noticiasmercedinas\/","article_published_time":"2021-06-16T17:49:01+00:00","og_image":[{"width":2048,"height":922,"url":"https:\/\/noticiasmercedinas.com\/site\/wp-content\/uploads\/2021\/06\/E3tRH6oXwAEqYS_.jpg","type":"image\/jpeg"}],"author":"NOTICIASMERCEDINAS.COM","twitter_card":"summary_large_image","twitter_creator":"@notmercedinas","twitter_site":"@notmercedinas","twitter_misc":{"Escrito por":"NOTICIASMERCEDINAS.COM","Tiempo de lectura":"3 minutos"},"schema":{"@context":"https:\/\/schema.org","@graph":[{"@type":"Article","@id":"https:\/\/noticiasmercedinas.com\/site\/2021\/06\/16\/entregaron-insumos-en-la-escuela-agrotecnica\/#article","isPartOf":{"@id":"https:\/\/noticiasmercedinas.com\/site\/2021\/06\/16\/entregaron-insumos-en-la-escuela-agrotecnica\/"},"author":{"name":"NOTICIASMERCEDINAS.COM","@id":"https:\/\/noticiasmercedinas.com\/site\/#\/schema\/person\/84b59c099c28ff2e8b77d4ceec5d8063"},"headline":"Entregaron insumos en la Escuela Agrot\u00e9cnica","datePublished":"2021-06-16T17:49:01+00:00","mainEntityOfPage":{"@id":"https:\/\/noticiasmercedinas.com\/site\/2021\/06\/16\/entregaron-insumos-en-la-escuela-agrotecnica\/"},"wordCount":552,"commentCount":0,"publisher":{"@id":"https:\/\/noticiasmercedinas.com\/site\/#organization"},"image":{"@id":"https:\/\/noticiasmercedinas.com\/site\/2021\/06\/16\/entregaron-insumos-en-la-escuela-agrotecnica\/#primaryimage"},"thumbnailUrl":"https:\/\/noticiasmercedinas.com\/site\/wp-content\/uploads\/2021\/06\/E3tRH6oXwAEqYS_.jpg","keywords":["consejo escolar","Escuela Agrot\u00e9cnica","jose luis pisano","Juan Ustarroz","paula losSino"],"articleSection":["Sociedad"],"inLanguage":"es","potentialAction":[{"@type":"CommentAction","name":"Comment","target":["https:\/\/noticiasmercedinas.com\/site\/2021\/06\/16\/entregaron-insumos-en-la-escuela-agrotecnica\/#respond"]}]},{"@type":"WebPage","@id":"https:\/\/noticiasmercedinas.com\/site\/2021\/06\/16\/entregaron-insumos-en-la-escuela-agrotecnica\/","url":"https:\/\/noticiasmercedinas.com\/site\/2021\/06\/16\/entregaron-insumos-en-la-escuela-agrotecnica\/","name":"Entregaron insumos en la Escuela Agrot\u00e9cnica","isPartOf":{"@id":"https:\/\/noticiasmercedinas.com\/site\/#website"},"primaryImageOfPage":{"@id":"https:\/\/noticiasmercedinas.com\/site\/2021\/06\/16\/entregaron-insumos-en-la-escuela-agrotecnica\/#primaryimage"},"image":{"@id":"https:\/\/noticiasmercedinas.com\/site\/2021\/06\/16\/entregaron-insumos-en-la-escuela-agrotecnica\/#primaryimage"},"thumbnailUrl":"https:\/\/noticiasmercedinas.com\/site\/wp-content\/uploads\/2021\/06\/E3tRH6oXwAEqYS_.jpg","datePublished":"2021-06-16T17:49:01+00:00","breadcrumb":{"@id":"https:\/\/noticiasmercedinas.com\/site\/2021\/06\/16\/entregaron-insumos-en-la-escuela-agrotecnica\/#breadcrumb"},"inLanguage":"es","potentialAction":[{"@type":"ReadAction","target":["https:\/\/noticiasmercedinas.com\/site\/2021\/06\/16\/entregaron-insumos-en-la-escuela-agrotecnica\/"]}]},{"@type":"ImageObject","inLanguage":"es","@id":"https:\/\/noticiasmercedinas.com\/site\/2021\/06\/16\/entregaron-insumos-en-la-escuela-agrotecnica\/#primaryimage","url":"https:\/\/noticiasmercedinas.com\/site\/wp-content\/uploads\/2021\/06\/E3tRH6oXwAEqYS_.jpg","contentUrl":"https:\/\/noticiasmercedinas.com\/site\/wp-content\/uploads\/2021\/06\/E3tRH6oXwAEqYS_.jpg","width":2048,"height":922},{"@type":"BreadcrumbList","@id":"https:\/\/noticiasmercedinas.com\/site\/2021\/06\/16\/entregaron-insumos-en-la-escuela-agrotecnica\/#breadcrumb","itemListElement":[{"@type":"ListItem","position":1,"name":"Portada","item":"https:\/\/noticiasmercedinas.com\/site\/"},{"@type":"ListItem","position":2,"name":"Entregaron insumos en la Escuela Agrot\u00e9cnica"}]},{"@type":"WebSite","@id":"https:\/\/noticiasmercedinas.com\/site\/#website","url":"https:\/\/noticiasmercedinas.com\/site\/","name":"NOTICIASMERCEDINAS.COM","description":"Mercedes, Buenos Aires, Argentina","publisher":{"@id":"https:\/\/noticiasmercedinas.com\/site\/#organization"},"potentialAction":[{"@type":"SearchAction","target":{"@type":"EntryPoint","urlTemplate":"https:\/\/noticiasmercedinas.com\/site\/?s={search_term_string}"},"query-input":{"@type":"PropertyValueSpecification","valueRequired":true,"valueName":"search_term_string"}}],"inLanguage":"es"},{"@type":"Organization","@id":"https:\/\/noticiasmercedinas.com\/site\/#organization","name":"NOTICIASMERCEDINAS.COM","url":"https:\/\/noticiasmercedinas.com\/site\/","logo":{"@type":"ImageObject","inLanguage":"es","@id":"https:\/\/noticiasmercedinas.com\/site\/#\/schema\/logo\/image\/","url":"https:\/\/noticiasmercedinas.com\/site\/wp-content\/uploads\/2020\/06\/LOGO-512.jpg","contentUrl":"https:\/\/noticiasmercedinas.com\/site\/wp-content\/uploads\/2020\/06\/LOGO-512.jpg","width":512,"height":512,"caption":"NOTICIASMERCEDINAS.COM"},"image":{"@id":"https:\/\/noticiasmercedinas.com\/site\/#\/schema\/logo\/image\/"},"sameAs":["https:\/\/www.facebook.com\/noticiasmercedinas\/","https:\/\/x.com\/notmercedinas","https:\/\/www.instagram.com\/noticiasmercedinas\/"]},{"@type":"Person","@id":"https:\/\/noticiasmercedinas.com\/site\/#\/schema\/person\/84b59c099c28ff2e8b77d4ceec5d8063","name":"NOTICIASMERCEDINAS.COM","image":{"@type":"ImageObject","inLanguage":"es","@id":"https:\/\/secure.gravatar.com\/avatar\/4dfbf16b4d17945bfb6341b2d19043457132fcf478a5ee04f42e959fd8f5df0a?s=96&d=mm&r=g","url":"https:\/\/secure.gravatar.com\/avatar\/4dfbf16b4d17945bfb6341b2d19043457132fcf478a5ee04f42e959fd8f5df0a?s=96&d=mm&r=g","contentUrl":"https:\/\/secure.gravatar.com\/avatar\/4dfbf16b4d17945bfb6341b2d19043457132fcf478a5ee04f42e959fd8f5df0a?s=96&d=mm&r=g","caption":"NOTICIASMERCEDINAS.COM"},"url":"https:\/\/noticiasmercedinas.com\/site\/author\/anonimo\/"}]}},"amp_enabled":true,"_links":{"self":[{"href":"https:\/\/noticiasmercedinas.com\/site\/wp-json\/wp\/v2\/posts\/69327","targetHints":{"allow":["GET"]}}],"collection":[{"href":"https:\/\/noticiasmercedinas.com\/site\/wp-json\/wp\/v2\/posts"}],"about":[{"href":"https:\/\/noticiasmercedinas.com\/site\/wp-json\/wp\/v2\/types\/post"}],"author":[{"embeddable":true,"href":"https:\/\/noticiasmercedinas.com\/site\/wp-json\/wp\/v2\/users\/16"}],"replies":[{"embeddable":true,"href":"https:\/\/noticiasmercedinas.com\/site\/wp-json\/wp\/v2\/comments?post=69327"}],"version-history":[{"count":1,"href":"https:\/\/noticiasmercedinas.com\/site\/wp-json\/wp\/v2\/posts\/69327\/revisions"}],"predecessor-version":[{"id":69329,"href":"https:\/\/noticiasmercedinas.com\/site\/wp-json\/wp\/v2\/posts\/69327\/revisions\/69329"}],"wp:featuredmedia":[{"embeddable":true,"href":"https:\/\/noticiasmercedinas.com\/site\/wp-json\/wp\/v2\/media\/69328"}],"wp:attachment":[{"href":"https:\/\/noticiasmercedinas.com\/site\/wp-json\/wp\/v2\/media?parent=69327"}],"wp:term":[{"taxonomy":"category","embeddable":true,"href":"https:\/\/noticiasmercedinas.com\/site\/wp-json\/wp\/v2\/categories?post=69327"},{"taxonomy":"post_tag","embeddable":true,"href":"https:\/\/noticiasmercedinas.com\/site\/wp-json\/wp\/v2\/tags?post=69327"}],"curies":[{"name":"wp","href":"https:\/\/api.w.org\/{rel}","templated":true}]}}