{"id":69421,"date":"2021-06-17T18:40:40","date_gmt":"2021-06-17T21:40:40","guid":{"rendered":"https:\/\/noticiasmercedinas.com\/site\/?p=69421"},"modified":"2021-06-19T19:51:31","modified_gmt":"2021-06-19T22:51:31","slug":"vinieron-a-robar-en-marzo-cayeron-esta-madrugada","status":"publish","type":"post","link":"https:\/\/noticiasmercedinas.com\/site\/2021\/06\/17\/vinieron-a-robar-en-marzo-cayeron-esta-madrugada\/","title":{"rendered":"Vinieron a robar en marzo, cayeron esta madrugada"},"content":{"rendered":"<p><a href=\"https:\/\/noticiasmercedinas.com\/site\/wp-content\/uploads\/2019\/02\/lupa.png\"><img loading=\"lazy\" decoding=\"async\" class=\"alignnone size-full wp-image-11873\" src=\"https:\/\/noticiasmercedinas.com\/site\/wp-content\/uploads\/2019\/02\/lupa.png\" alt=\"\" width=\"640\" height=\"314\" srcset=\"https:\/\/noticiasmercedinas.com\/site\/wp-content\/uploads\/2019\/02\/lupa.png 640w, https:\/\/noticiasmercedinas.com\/site\/wp-content\/uploads\/2019\/02\/lupa-300x147.png 300w\" sizes=\"auto, (max-width: 640px) 100vw, 640px\" \/><\/a><\/p>\n<p>Dos sujetos imputados por un robo con uso de armas perpetrado hace tres meses en una vivienda de Mercedes cayeron en el marco de una serie de allanamientos, esta madrugada, en domicilios de Monte Chingolo y de Moreno, en los que se encontr\u00f3 uno de los objetos sustra\u00eddos.<\/p>\n<p>Al menos tres hombres, uno de ellos a\u00fan no identificado, arribaron en las primeras horas del 9 de marzo en un auto gris claro a Mercedes y minutos m\u00e1s tarde llegaron a una vivienda de inmediaciones de calles 28 y 15, a la cual ingresaron por el patio trasero.<\/p>\n<p>El morador del lugar se percat\u00f3 de ruidos en la propiedad y al salir a ver qu\u00e9 ocurr\u00eda fue sorprendido por dos de los sujetos que lo obligaron a ingresar nuevamente, le ataron las manos y comenzaron a revisar la vivienda en b\u00fasqueda de elementos de valor.<\/p>\n<p>Pasado unos minutos, la v\u00edctima escuch\u00f3 que golpearon la puerta de la vivienda y creyendo que los sujetos se hab\u00edan retirado logr\u00f3 desatar sus manos. Pero al atender observ\u00f3 la presencia de una persona a quien le solicit\u00f3 ayuda.<\/p>\n<p>El sujeto simul\u00f3 llamar al 911 y enseguida la v\u00edctima fue sorprendida nuevamente por los dos malhechores quienes lo golpearon con la culata de una carabina calibre 22 que el due\u00f1o de casa ten\u00eda en su vivienda, para volver a atarlo de pies y manos. Mientras le exig\u00edan la entrega de d\u00f3lares se hicieron de un bot\u00edn de dinero, alhajas, telefon\u00eda celular y herramientas para luego darse a la fuga.<\/p>\n<blockquote><p>Se hicieron de un bot\u00edn de dinero, alhajas, telefon\u00eda celular y herramientas para luego darse a la fuga.<\/p><\/blockquote>\n<p>Intervinieron en el caso Pedro Illanes, a cargo de la Fiscal\u00eda (UFIJ) N\u00ba 3 del Departamento Judicial Mercedes, en conjunto con la Ayudant\u00eda Fiscal de Autores Ignorados, a cargo del secretario Mauricio Peralta, y Cuerpo de Instructores Departamental.<\/p>\n<p>Desde Fiscal\u00eda se impartieron diversas directivas y una vez recabados diversos elementos probatorios en conjunto con Polic\u00eda Comunal (a cargo de tareas de inteligencia), se solicit\u00f3 al Juzgado de Garant\u00edas N\u00b0 1, a cargo de Marcelo Romero, una orden de allanamiento, secuestro y detenci\u00f3n.<\/p>\n<p>Fue concedida para un domicilio en la localidad de Monte Chingolo (Lan\u00fas) y tres en la ciudad de Moreno que se efectuaron esta ma\u00f1ana con colaboraci\u00f3n de Polic\u00eda Comunal Mercedes, logrando la detenci\u00f3n de uno de los autores del hecho: en su vivienda se encontr\u00f3 un arma de fuego y un chaleco de polic\u00eda.<\/p>\n<p>En tanto, en otro domicilio se encontr\u00f3 una importante suma de dinero en efectivo y uno de los artefactos sustra\u00eddos en la vivienda de la v\u00edctima por lo que se dispuso la aprehensi\u00f3n de otro sujeto, quien adem\u00e1s est\u00e1 sindicado como posible part\u00edcipe del hecho en cuesti\u00f3n.<\/p>\n<p>Los imputados ser\u00e1n conducidos a declarar ma\u00f1ana viernes acusados de los delitos de \u201cRobo doblemente agravado por su comisi\u00f3n con escalamiento y por el uso de arma impropia\u201d.<\/p>\n","protected":false},"excerpt":{"rendered":"<p>\u25a0 Dos hombres acusados por el robo con armas a un vecino de Mercedes quedaron hoy a disposici\u00f3n de la Justicia tras una serie allanamientos en Monte Chingolo y Moreno.<\/p>\n","protected":false},"author":16,"featured_media":69534,"comment_status":"open","ping_status":"open","sticky":false,"template":"","format":"standard","meta":{"footnotes":""},"categories":[7],"tags":[4870,4960,4575],"class_list":["post-69421","post","type-post","status-publish","format-standard","has-post-thumbnail","hentry","category-policiales","tag-marcelo-romero","tag-pedro-illanes","tag-robo-agravado"],"yoast_head":"<!-- This site is optimized with the Yoast SEO plugin v27.4 - https:\/\/yoast.com\/product\/yoast-seo-wordpress\/ -->\n<title>Vinieron a robar en marzo, cayeron esta madrugada<\/title>\n<meta name=\"robots\" content=\"index, follow, max-snippet:-1, max-image-preview:large, max-video-preview:-1\" \/>\n<link rel=\"canonical\" href=\"https:\/\/noticiasmercedinas.com\/site\/2021\/06\/17\/vinieron-a-robar-en-marzo-cayeron-esta-madrugada\/\" \/>\n<meta property=\"og:locale\" content=\"es_ES\" \/>\n<meta property=\"og:type\" content=\"article\" \/>\n<meta property=\"og:title\" content=\"Vinieron a robar en marzo, cayeron esta madrugada\" \/>\n<meta property=\"og:description\" content=\"\u25a0 Dos hombres acusados por el robo con armas a un vecino de Mercedes quedaron hoy a disposici\u00f3n de la Justicia tras una serie allanamientos en Monte Chingolo y Moreno.\" \/>\n<meta property=\"og:url\" content=\"https:\/\/noticiasmercedinas.com\/site\/2021\/06\/17\/vinieron-a-robar-en-marzo-cayeron-esta-madrugada\/\" \/>\n<meta property=\"og:site_name\" content=\"NOTICIASMERCEDINAS.COM\" \/>\n<meta property=\"article:publisher\" content=\"https:\/\/www.facebook.com\/noticiasmercedinas\/\" \/>\n<meta property=\"article:published_time\" content=\"2021-06-17T21:40:40+00:00\" \/>\n<meta property=\"article:modified_time\" content=\"2021-06-19T22:51:31+00:00\" \/>\n<meta property=\"og:image\" content=\"https:\/\/noticiasmercedinas.com\/site\/wp-content\/uploads\/2021\/06\/lupa.jpg\" \/>\n\t<meta property=\"og:image:width\" content=\"640\" \/>\n\t<meta property=\"og:image:height\" content=\"350\" \/>\n\t<meta property=\"og:image:type\" content=\"image\/jpeg\" \/>\n<meta name=\"author\" content=\"NOTICIASMERCEDINAS.COM\" \/>\n<meta name=\"twitter:card\" content=\"summary_large_image\" \/>\n<meta name=\"twitter:creator\" content=\"@notmercedinas\" \/>\n<meta name=\"twitter:site\" content=\"@notmercedinas\" \/>\n<meta name=\"twitter:label1\" content=\"Escrito por\" \/>\n\t<meta name=\"twitter:data1\" content=\"NOTICIASMERCEDINAS.COM\" \/>\n\t<meta name=\"twitter:label2\" content=\"Tiempo de lectura\" \/>\n\t<meta name=\"twitter:data2\" content=\"3 minutos\" \/>\n<script type=\"application\/ld+json\" class=\"yoast-schema-graph\">{\"@context\":\"https:\\\/\\\/schema.org\",\"@graph\":[{\"@type\":\"Article\",\"@id\":\"https:\\\/\\\/noticiasmercedinas.com\\\/site\\\/2021\\\/06\\\/17\\\/vinieron-a-robar-en-marzo-cayeron-esta-madrugada\\\/#article\",\"isPartOf\":{\"@id\":\"https:\\\/\\\/noticiasmercedinas.com\\\/site\\\/2021\\\/06\\\/17\\\/vinieron-a-robar-en-marzo-cayeron-esta-madrugada\\\/\"},\"author\":{\"name\":\"NOTICIASMERCEDINAS.COM\",\"@id\":\"https:\\\/\\\/noticiasmercedinas.com\\\/site\\\/#\\\/schema\\\/person\\\/84b59c099c28ff2e8b77d4ceec5d8063\"},\"headline\":\"Vinieron a robar en marzo, cayeron esta madrugada\",\"datePublished\":\"2021-06-17T21:40:40+00:00\",\"dateModified\":\"2021-06-19T22:51:31+00:00\",\"mainEntityOfPage\":{\"@id\":\"https:\\\/\\\/noticiasmercedinas.com\\\/site\\\/2021\\\/06\\\/17\\\/vinieron-a-robar-en-marzo-cayeron-esta-madrugada\\\/\"},\"wordCount\":520,\"commentCount\":0,\"publisher\":{\"@id\":\"https:\\\/\\\/noticiasmercedinas.com\\\/site\\\/#organization\"},\"image\":{\"@id\":\"https:\\\/\\\/noticiasmercedinas.com\\\/site\\\/2021\\\/06\\\/17\\\/vinieron-a-robar-en-marzo-cayeron-esta-madrugada\\\/#primaryimage\"},\"thumbnailUrl\":\"https:\\\/\\\/noticiasmercedinas.com\\\/site\\\/wp-content\\\/uploads\\\/2021\\\/06\\\/lupa.jpg\",\"keywords\":[\"marcelo romero\",\"Pedro Illanes\",\"Robo agravado\"],\"articleSection\":[\"Seguridad\"],\"inLanguage\":\"es\",\"potentialAction\":[{\"@type\":\"CommentAction\",\"name\":\"Comment\",\"target\":[\"https:\\\/\\\/noticiasmercedinas.com\\\/site\\\/2021\\\/06\\\/17\\\/vinieron-a-robar-en-marzo-cayeron-esta-madrugada\\\/#respond\"]}]},{\"@type\":\"WebPage\",\"@id\":\"https:\\\/\\\/noticiasmercedinas.com\\\/site\\\/2021\\\/06\\\/17\\\/vinieron-a-robar-en-marzo-cayeron-esta-madrugada\\\/\",\"url\":\"https:\\\/\\\/noticiasmercedinas.com\\\/site\\\/2021\\\/06\\\/17\\\/vinieron-a-robar-en-marzo-cayeron-esta-madrugada\\\/\",\"name\":\"Vinieron a robar en marzo, cayeron esta madrugada\",\"isPartOf\":{\"@id\":\"https:\\\/\\\/noticiasmercedinas.com\\\/site\\\/#website\"},\"primaryImageOfPage\":{\"@id\":\"https:\\\/\\\/noticiasmercedinas.com\\\/site\\\/2021\\\/06\\\/17\\\/vinieron-a-robar-en-marzo-cayeron-esta-madrugada\\\/#primaryimage\"},\"image\":{\"@id\":\"https:\\\/\\\/noticiasmercedinas.com\\\/site\\\/2021\\\/06\\\/17\\\/vinieron-a-robar-en-marzo-cayeron-esta-madrugada\\\/#primaryimage\"},\"thumbnailUrl\":\"https:\\\/\\\/noticiasmercedinas.com\\\/site\\\/wp-content\\\/uploads\\\/2021\\\/06\\\/lupa.jpg\",\"datePublished\":\"2021-06-17T21:40:40+00:00\",\"dateModified\":\"2021-06-19T22:51:31+00:00\",\"breadcrumb\":{\"@id\":\"https:\\\/\\\/noticiasmercedinas.com\\\/site\\\/2021\\\/06\\\/17\\\/vinieron-a-robar-en-marzo-cayeron-esta-madrugada\\\/#breadcrumb\"},\"inLanguage\":\"es\",\"potentialAction\":[{\"@type\":\"ReadAction\",\"target\":[\"https:\\\/\\\/noticiasmercedinas.com\\\/site\\\/2021\\\/06\\\/17\\\/vinieron-a-robar-en-marzo-cayeron-esta-madrugada\\\/\"]}]},{\"@type\":\"ImageObject\",\"inLanguage\":\"es\",\"@id\":\"https:\\\/\\\/noticiasmercedinas.com\\\/site\\\/2021\\\/06\\\/17\\\/vinieron-a-robar-en-marzo-cayeron-esta-madrugada\\\/#primaryimage\",\"url\":\"https:\\\/\\\/noticiasmercedinas.com\\\/site\\\/wp-content\\\/uploads\\\/2021\\\/06\\\/lupa.jpg\",\"contentUrl\":\"https:\\\/\\\/noticiasmercedinas.com\\\/site\\\/wp-content\\\/uploads\\\/2021\\\/06\\\/lupa.jpg\",\"width\":640,\"height\":350},{\"@type\":\"BreadcrumbList\",\"@id\":\"https:\\\/\\\/noticiasmercedinas.com\\\/site\\\/2021\\\/06\\\/17\\\/vinieron-a-robar-en-marzo-cayeron-esta-madrugada\\\/#breadcrumb\",\"itemListElement\":[{\"@type\":\"ListItem\",\"position\":1,\"name\":\"Portada\",\"item\":\"https:\\\/\\\/noticiasmercedinas.com\\\/site\\\/\"},{\"@type\":\"ListItem\",\"position\":2,\"name\":\"Vinieron a robar en marzo, cayeron esta madrugada\"}]},{\"@type\":\"WebSite\",\"@id\":\"https:\\\/\\\/noticiasmercedinas.com\\\/site\\\/#website\",\"url\":\"https:\\\/\\\/noticiasmercedinas.com\\\/site\\\/\",\"name\":\"NOTICIASMERCEDINAS.COM\",\"description\":\"Mercedes, Buenos Aires, Argentina\",\"publisher\":{\"@id\":\"https:\\\/\\\/noticiasmercedinas.com\\\/site\\\/#organization\"},\"potentialAction\":[{\"@type\":\"SearchAction\",\"target\":{\"@type\":\"EntryPoint\",\"urlTemplate\":\"https:\\\/\\\/noticiasmercedinas.com\\\/site\\\/?s={search_term_string}\"},\"query-input\":{\"@type\":\"PropertyValueSpecification\",\"valueRequired\":true,\"valueName\":\"search_term_string\"}}],\"inLanguage\":\"es\"},{\"@type\":\"Organization\",\"@id\":\"https:\\\/\\\/noticiasmercedinas.com\\\/site\\\/#organization\",\"name\":\"NOTICIASMERCEDINAS.COM\",\"url\":\"https:\\\/\\\/noticiasmercedinas.com\\\/site\\\/\",\"logo\":{\"@type\":\"ImageObject\",\"inLanguage\":\"es\",\"@id\":\"https:\\\/\\\/noticiasmercedinas.com\\\/site\\\/#\\\/schema\\\/logo\\\/image\\\/\",\"url\":\"https:\\\/\\\/noticiasmercedinas.com\\\/site\\\/wp-content\\\/uploads\\\/2020\\\/06\\\/LOGO-512.jpg\",\"contentUrl\":\"https:\\\/\\\/noticiasmercedinas.com\\\/site\\\/wp-content\\\/uploads\\\/2020\\\/06\\\/LOGO-512.jpg\",\"width\":512,\"height\":512,\"caption\":\"NOTICIASMERCEDINAS.COM\"},\"image\":{\"@id\":\"https:\\\/\\\/noticiasmercedinas.com\\\/site\\\/#\\\/schema\\\/logo\\\/image\\\/\"},\"sameAs\":[\"https:\\\/\\\/www.facebook.com\\\/noticiasmercedinas\\\/\",\"https:\\\/\\\/x.com\\\/notmercedinas\",\"https:\\\/\\\/www.instagram.com\\\/noticiasmercedinas\\\/\"]},{\"@type\":\"Person\",\"@id\":\"https:\\\/\\\/noticiasmercedinas.com\\\/site\\\/#\\\/schema\\\/person\\\/84b59c099c28ff2e8b77d4ceec5d8063\",\"name\":\"NOTICIASMERCEDINAS.COM\",\"image\":{\"@type\":\"ImageObject\",\"inLanguage\":\"es\",\"@id\":\"https:\\\/\\\/secure.gravatar.com\\\/avatar\\\/4dfbf16b4d17945bfb6341b2d19043457132fcf478a5ee04f42e959fd8f5df0a?s=96&d=mm&r=g\",\"url\":\"https:\\\/\\\/secure.gravatar.com\\\/avatar\\\/4dfbf16b4d17945bfb6341b2d19043457132fcf478a5ee04f42e959fd8f5df0a?s=96&d=mm&r=g\",\"contentUrl\":\"https:\\\/\\\/secure.gravatar.com\\\/avatar\\\/4dfbf16b4d17945bfb6341b2d19043457132fcf478a5ee04f42e959fd8f5df0a?s=96&d=mm&r=g\",\"caption\":\"NOTICIASMERCEDINAS.COM\"},\"url\":\"https:\\\/\\\/noticiasmercedinas.com\\\/site\\\/author\\\/anonimo\\\/\"}]}<\/script>\n<!-- \/ Yoast SEO plugin. -->","yoast_head_json":{"title":"Vinieron a robar en marzo, cayeron esta madrugada","robots":{"index":"index","follow":"follow","max-snippet":"max-snippet:-1","max-image-preview":"max-image-preview:large","max-video-preview":"max-video-preview:-1"},"canonical":"https:\/\/noticiasmercedinas.com\/site\/2021\/06\/17\/vinieron-a-robar-en-marzo-cayeron-esta-madrugada\/","og_locale":"es_ES","og_type":"article","og_title":"Vinieron a robar en marzo, cayeron esta madrugada","og_description":"\u25a0 Dos hombres acusados por el robo con armas a un vecino de Mercedes quedaron hoy a disposici\u00f3n de la Justicia tras una serie allanamientos en Monte Chingolo y Moreno.","og_url":"https:\/\/noticiasmercedinas.com\/site\/2021\/06\/17\/vinieron-a-robar-en-marzo-cayeron-esta-madrugada\/","og_site_name":"NOTICIASMERCEDINAS.COM","article_publisher":"https:\/\/www.facebook.com\/noticiasmercedinas\/","article_published_time":"2021-06-17T21:40:40+00:00","article_modified_time":"2021-06-19T22:51:31+00:00","og_image":[{"width":640,"height":350,"url":"https:\/\/noticiasmercedinas.com\/site\/wp-content\/uploads\/2021\/06\/lupa.jpg","type":"image\/jpeg"}],"author":"NOTICIASMERCEDINAS.COM","twitter_card":"summary_large_image","twitter_creator":"@notmercedinas","twitter_site":"@notmercedinas","twitter_misc":{"Escrito por":"NOTICIASMERCEDINAS.COM","Tiempo de lectura":"3 minutos"},"schema":{"@context":"https:\/\/schema.org","@graph":[{"@type":"Article","@id":"https:\/\/noticiasmercedinas.com\/site\/2021\/06\/17\/vinieron-a-robar-en-marzo-cayeron-esta-madrugada\/#article","isPartOf":{"@id":"https:\/\/noticiasmercedinas.com\/site\/2021\/06\/17\/vinieron-a-robar-en-marzo-cayeron-esta-madrugada\/"},"author":{"name":"NOTICIASMERCEDINAS.COM","@id":"https:\/\/noticiasmercedinas.com\/site\/#\/schema\/person\/84b59c099c28ff2e8b77d4ceec5d8063"},"headline":"Vinieron a robar en marzo, cayeron esta madrugada","datePublished":"2021-06-17T21:40:40+00:00","dateModified":"2021-06-19T22:51:31+00:00","mainEntityOfPage":{"@id":"https:\/\/noticiasmercedinas.com\/site\/2021\/06\/17\/vinieron-a-robar-en-marzo-cayeron-esta-madrugada\/"},"wordCount":520,"commentCount":0,"publisher":{"@id":"https:\/\/noticiasmercedinas.com\/site\/#organization"},"image":{"@id":"https:\/\/noticiasmercedinas.com\/site\/2021\/06\/17\/vinieron-a-robar-en-marzo-cayeron-esta-madrugada\/#primaryimage"},"thumbnailUrl":"https:\/\/noticiasmercedinas.com\/site\/wp-content\/uploads\/2021\/06\/lupa.jpg","keywords":["marcelo romero","Pedro Illanes","Robo agravado"],"articleSection":["Seguridad"],"inLanguage":"es","potentialAction":[{"@type":"CommentAction","name":"Comment","target":["https:\/\/noticiasmercedinas.com\/site\/2021\/06\/17\/vinieron-a-robar-en-marzo-cayeron-esta-madrugada\/#respond"]}]},{"@type":"WebPage","@id":"https:\/\/noticiasmercedinas.com\/site\/2021\/06\/17\/vinieron-a-robar-en-marzo-cayeron-esta-madrugada\/","url":"https:\/\/noticiasmercedinas.com\/site\/2021\/06\/17\/vinieron-a-robar-en-marzo-cayeron-esta-madrugada\/","name":"Vinieron a robar en marzo, cayeron esta madrugada","isPartOf":{"@id":"https:\/\/noticiasmercedinas.com\/site\/#website"},"primaryImageOfPage":{"@id":"https:\/\/noticiasmercedinas.com\/site\/2021\/06\/17\/vinieron-a-robar-en-marzo-cayeron-esta-madrugada\/#primaryimage"},"image":{"@id":"https:\/\/noticiasmercedinas.com\/site\/2021\/06\/17\/vinieron-a-robar-en-marzo-cayeron-esta-madrugada\/#primaryimage"},"thumbnailUrl":"https:\/\/noticiasmercedinas.com\/site\/wp-content\/uploads\/2021\/06\/lupa.jpg","datePublished":"2021-06-17T21:40:40+00:00","dateModified":"2021-06-19T22:51:31+00:00","breadcrumb":{"@id":"https:\/\/noticiasmercedinas.com\/site\/2021\/06\/17\/vinieron-a-robar-en-marzo-cayeron-esta-madrugada\/#breadcrumb"},"inLanguage":"es","potentialAction":[{"@type":"ReadAction","target":["https:\/\/noticiasmercedinas.com\/site\/2021\/06\/17\/vinieron-a-robar-en-marzo-cayeron-esta-madrugada\/"]}]},{"@type":"ImageObject","inLanguage":"es","@id":"https:\/\/noticiasmercedinas.com\/site\/2021\/06\/17\/vinieron-a-robar-en-marzo-cayeron-esta-madrugada\/#primaryimage","url":"https:\/\/noticiasmercedinas.com\/site\/wp-content\/uploads\/2021\/06\/lupa.jpg","contentUrl":"https:\/\/noticiasmercedinas.com\/site\/wp-content\/uploads\/2021\/06\/lupa.jpg","width":640,"height":350},{"@type":"BreadcrumbList","@id":"https:\/\/noticiasmercedinas.com\/site\/2021\/06\/17\/vinieron-a-robar-en-marzo-cayeron-esta-madrugada\/#breadcrumb","itemListElement":[{"@type":"ListItem","position":1,"name":"Portada","item":"https:\/\/noticiasmercedinas.com\/site\/"},{"@type":"ListItem","position":2,"name":"Vinieron a robar en marzo, cayeron esta madrugada"}]},{"@type":"WebSite","@id":"https:\/\/noticiasmercedinas.com\/site\/#website","url":"https:\/\/noticiasmercedinas.com\/site\/","name":"NOTICIASMERCEDINAS.COM","description":"Mercedes, Buenos Aires, Argentina","publisher":{"@id":"https:\/\/noticiasmercedinas.com\/site\/#organization"},"potentialAction":[{"@type":"SearchAction","target":{"@type":"EntryPoint","urlTemplate":"https:\/\/noticiasmercedinas.com\/site\/?s={search_term_string}"},"query-input":{"@type":"PropertyValueSpecification","valueRequired":true,"valueName":"search_term_string"}}],"inLanguage":"es"},{"@type":"Organization","@id":"https:\/\/noticiasmercedinas.com\/site\/#organization","name":"NOTICIASMERCEDINAS.COM","url":"https:\/\/noticiasmercedinas.com\/site\/","logo":{"@type":"ImageObject","inLanguage":"es","@id":"https:\/\/noticiasmercedinas.com\/site\/#\/schema\/logo\/image\/","url":"https:\/\/noticiasmercedinas.com\/site\/wp-content\/uploads\/2020\/06\/LOGO-512.jpg","contentUrl":"https:\/\/noticiasmercedinas.com\/site\/wp-content\/uploads\/2020\/06\/LOGO-512.jpg","width":512,"height":512,"caption":"NOTICIASMERCEDINAS.COM"},"image":{"@id":"https:\/\/noticiasmercedinas.com\/site\/#\/schema\/logo\/image\/"},"sameAs":["https:\/\/www.facebook.com\/noticiasmercedinas\/","https:\/\/x.com\/notmercedinas","https:\/\/www.instagram.com\/noticiasmercedinas\/"]},{"@type":"Person","@id":"https:\/\/noticiasmercedinas.com\/site\/#\/schema\/person\/84b59c099c28ff2e8b77d4ceec5d8063","name":"NOTICIASMERCEDINAS.COM","image":{"@type":"ImageObject","inLanguage":"es","@id":"https:\/\/secure.gravatar.com\/avatar\/4dfbf16b4d17945bfb6341b2d19043457132fcf478a5ee04f42e959fd8f5df0a?s=96&d=mm&r=g","url":"https:\/\/secure.gravatar.com\/avatar\/4dfbf16b4d17945bfb6341b2d19043457132fcf478a5ee04f42e959fd8f5df0a?s=96&d=mm&r=g","contentUrl":"https:\/\/secure.gravatar.com\/avatar\/4dfbf16b4d17945bfb6341b2d19043457132fcf478a5ee04f42e959fd8f5df0a?s=96&d=mm&r=g","caption":"NOTICIASMERCEDINAS.COM"},"url":"https:\/\/noticiasmercedinas.com\/site\/author\/anonimo\/"}]}},"amp_enabled":true,"_links":{"self":[{"href":"https:\/\/noticiasmercedinas.com\/site\/wp-json\/wp\/v2\/posts\/69421","targetHints":{"allow":["GET"]}}],"collection":[{"href":"https:\/\/noticiasmercedinas.com\/site\/wp-json\/wp\/v2\/posts"}],"about":[{"href":"https:\/\/noticiasmercedinas.com\/site\/wp-json\/wp\/v2\/types\/post"}],"author":[{"embeddable":true,"href":"https:\/\/noticiasmercedinas.com\/site\/wp-json\/wp\/v2\/users\/16"}],"replies":[{"embeddable":true,"href":"https:\/\/noticiasmercedinas.com\/site\/wp-json\/wp\/v2\/comments?post=69421"}],"version-history":[{"count":2,"href":"https:\/\/noticiasmercedinas.com\/site\/wp-json\/wp\/v2\/posts\/69421\/revisions"}],"predecessor-version":[{"id":69423,"href":"https:\/\/noticiasmercedinas.com\/site\/wp-json\/wp\/v2\/posts\/69421\/revisions\/69423"}],"wp:featuredmedia":[{"embeddable":true,"href":"https:\/\/noticiasmercedinas.com\/site\/wp-json\/wp\/v2\/media\/69534"}],"wp:attachment":[{"href":"https:\/\/noticiasmercedinas.com\/site\/wp-json\/wp\/v2\/media?parent=69421"}],"wp:term":[{"taxonomy":"category","embeddable":true,"href":"https:\/\/noticiasmercedinas.com\/site\/wp-json\/wp\/v2\/categories?post=69421"},{"taxonomy":"post_tag","embeddable":true,"href":"https:\/\/noticiasmercedinas.com\/site\/wp-json\/wp\/v2\/tags?post=69421"}],"curies":[{"name":"wp","href":"https:\/\/api.w.org\/{rel}","templated":true}]}}