{"id":69693,"date":"2021-06-23T16:46:07","date_gmt":"2021-06-23T19:46:07","guid":{"rendered":"https:\/\/noticiasmercedinas.com\/site\/?p=69693"},"modified":"2021-06-23T16:46:07","modified_gmt":"2021-06-23T19:46:07","slug":"mercedes-es-parte-de-licitacion-de-obras-viales-por-380-millones-de-pesos","status":"publish","type":"post","link":"https:\/\/noticiasmercedinas.com\/site\/2021\/06\/23\/mercedes-es-parte-de-licitacion-de-obras-viales-por-380-millones-de-pesos\/","title":{"rendered":"Mercedes es parte de licitaci\u00f3n de obras viales por 380 millones de pesos"},"content":{"rendered":"<p><img loading=\"lazy\" decoding=\"async\" class=\"alignnone size-full wp-image-69695\" src=\"https:\/\/noticiasmercedinas.com\/site\/wp-content\/uploads\/2021\/06\/image-5.png\" alt=\"\" width=\"700\" height=\"484\" srcset=\"https:\/\/noticiasmercedinas.com\/site\/wp-content\/uploads\/2021\/06\/image-5.png 700w, https:\/\/noticiasmercedinas.com\/site\/wp-content\/uploads\/2021\/06\/image-5-300x207.png 300w, https:\/\/noticiasmercedinas.com\/site\/wp-content\/uploads\/2021\/06\/image-5-640x443.png 640w, https:\/\/noticiasmercedinas.com\/site\/wp-content\/uploads\/2021\/06\/image-5-681x471.png 681w\" sizes=\"auto, (max-width: 700px) 100vw, 700px\" \/><\/p>\n<p>La Direcci\u00f3n de Vialidad de la Provincia de Buenos Aires, dependiente de la Subsecretar\u00eda de Obras P\u00fablicas, licit\u00f3 obras de infraestructura vial para cuatro partidos del interior de la provincia. Se trata de intervenciones que se realizar\u00e1n en Mercedes, Chascom\u00fas, Exaltaci\u00f3n de la Cruz y Lincoln y mejorar\u00e1n la circulaci\u00f3n en rutas y caminos. El intendente Juan Ustarroz particip\u00f3 de manera virtual del acto licitatorio.<\/p>\n<p>El titular de Vialidad, Gerardo Tarchinale, expres\u00f3: \u201cEstos caminos de la red vial provincial son muy transitados y permiten la conexi\u00f3n con numerosos establecimientos educativos\u201d. Tambi\u00e9n manifest\u00f3 que \u00abla gesti\u00f3n del Gobernador Kicilloff le est\u00e1 dando un fuerte impulso a la obra p\u00fablica con el objetivo de mejorar la calidad de vida de las y los ciudadanos\u201d.<\/p>\n<p>Las obras licitadas se enmarcan dentro del Plan Integral de mejora en Caminos Rurales, que la repartici\u00f3n lleva adelante en la red vial provincial de tierra. Las intervenciones mejorar\u00e1n la transitabilidad de veh\u00edculos livianos y pesados, aumentando la conectividad entre localidades y parajes. Adem\u00e1s, aportar\u00e1n a la educaci\u00f3n ya que se realizar\u00e1n mejoras en los ingresos y egresos a jardines y escuelas rurales. Tambi\u00e9n tendr\u00e1n un impacto directo en el sistema productivo regional, teniendo en cuenta la intensa circulaci\u00f3n de camiones de carga y maquinaria agr\u00edcola.<\/p>\n<p><strong>Ruta Provincial N\u00b020<br \/>\n<\/strong>Se licit\u00f3 la obra de \u201cEstabilizado de la Ruta Provincial 20\u201d, en el tramo que inicia en la intersecci\u00f3n con la Ruta Provincial 2 y que culmina en el empalme con la Escuela Rural N\u00b018, en el partido de Chascom\u00fas.<\/p>\n<p>La obra -que tendr\u00e1 una longitud de 15,40 km- resulta importante ya que vincula a los partidos de Magdalena, Chascom\u00fas y General Paz. Por otra parte, al tratarse de una zona agro-ganadera, permitir\u00e1 una mejor circulaci\u00f3n de veh\u00edculos pesados y livianos y se asegurar\u00e1 el ingreso y egreso a la Escuela Primaria N\u00b08. El presupuesto oficial asciende a $71.443.815,46 y se presentaron 8 ofertas.<\/p>\n<p><strong>Ruta Provincial N\u00b070<br \/>\n<\/strong>Se licit\u00f3 el \u201cEstabilizado de la Ruta Provincial N\u00b0 70\u201d, en el tramo que inicia en la intersecci\u00f3n con Las Toscas y que finaliza en el empalme de dicho corredor con Mart\u00ednez de Hoz. La longitud total es de 17km. El presupuesto oficial asciende a $79.443.452,59\u00a0 y se presentaron 3 oferentes.<\/p>\n<p><img loading=\"lazy\" decoding=\"async\" class=\"alignnone size-full wp-image-69694\" src=\"https:\/\/noticiasmercedinas.com\/site\/wp-content\/uploads\/2021\/06\/MapaCAMINO071-02TRRP41-LIMITEPDOLUJAN.jpg\" alt=\"\" width=\"841\" height=\"595\" srcset=\"https:\/\/noticiasmercedinas.com\/site\/wp-content\/uploads\/2021\/06\/MapaCAMINO071-02TRRP41-LIMITEPDOLUJAN.jpg 841w, https:\/\/noticiasmercedinas.com\/site\/wp-content\/uploads\/2021\/06\/MapaCAMINO071-02TRRP41-LIMITEPDOLUJAN-300x212.jpg 300w, https:\/\/noticiasmercedinas.com\/site\/wp-content\/uploads\/2021\/06\/MapaCAMINO071-02TRRP41-LIMITEPDOLUJAN-768x543.jpg 768w, https:\/\/noticiasmercedinas.com\/site\/wp-content\/uploads\/2021\/06\/MapaCAMINO071-02TRRP41-LIMITEPDOLUJAN-640x453.jpg 640w, https:\/\/noticiasmercedinas.com\/site\/wp-content\/uploads\/2021\/06\/MapaCAMINO071-02TRRP41-LIMITEPDOLUJAN-681x482.jpg 681w\" sizes=\"auto, (max-width: 841px) 100vw, 841px\" \/><\/p>\n<p><strong>Caminos Rurales<br \/>\n<\/strong>Se llev\u00f3 a cabo el acto de licitaci\u00f3n de la obra de \u201cEstabilizado del Camino Provincial 071-04\u201d, en el tramo que inicia en la intersecci\u00f3n del Camino 071-04 y la Ruta Provincial 42 y que finaliza en el empalme de la Ruta Provincial 42 y la Estaci\u00f3n M. J. Garc\u00eda, en el partido de Mercedes.<\/p>\n<p>Esta obra de 11,5 km de longitud, brinda diversos beneficios, ya que es un tramo que frecuentan muchos veh\u00edculos livianos y pesados. Asimismo, dicha traza tiene conectividad con cinco establecimientos educativos, y las mejoras facilitar\u00e1n el acceso a los mismos. El presupuesto oficial es de $57.919.389,40 y se presentaron 4 oferentes.<\/p>\n<p>Posteriormente, se licit\u00f3 la obra de \u201cEstabilizado del Camino 031-04\u201d, en el tramo que inicia en la intersecci\u00f3n con Capilla del Se\u00f1or y que finaliza en el empalme con la Estaci\u00f3n Diego Gaynor, en el partido de Exaltaci\u00f3n de la Cruz.<\/p>\n<p>La longitud de la misma es de 12,5 Km y es de gran importancia para mejorar la conectividad entre la localidad de Diego Gayner y Capilla del Se\u00f1or, acortando la distancia de circular por la Ruta Provincial 192 y la Ruta Nacional 8.<\/p>\n<p>Esta obra aporta a la educaci\u00f3n ya que asegurar\u00e1 el ingreso y egreso a los establecimientos escolares que se encuentran en inmediaciones del camino, garantizando su accesibilidad durante los d\u00edas de lluvia. El presupuesto oficial es de $64.451.015,21 y se presentaron 6 oferentes.<\/p>\n<p>Para el mismo partido se licit\u00f3 la obra de estabilizado de un Camino Municipal que comunica Capilla del Se\u00f1or con la Ruta Nacional 193. La longitud del mismo es de 10,7 km y el presupuesto oficial es de $50.829.943,94 y se presentaron 7 ofertas.<\/p>\n<blockquote class=\"td_quote_box td_box_center\"><p>Ver m\u00e1s<br \/>\n<a href=\"https:\/\/noticiasmercedinas.com\/site\/2021\/06\/19\/anuncian-importantes-obras-de-mejoras-para-los-caminos-rurales\/\">Anuncian importantes obras de mejoras para los caminos rurales<\/a><\/p><\/blockquote>\n<p>Por \u00faltimo, se llev\u00f3 adelante la licitaci\u00f3n de la obra de \u201cEstabilizado del Camino 071-02\u201d, en el tramo que inicia en la intersecci\u00f3n de dicho camino con la Ruta Provincial 41 y finaliza en su intersecci\u00f3n con el l\u00edmite de Luj\u00e1n, en jurisdicci\u00f3n de Mercedes, con una longitud de 12 km. El presupuesto oficial es de $59.564.060,76 y se presentaron 4 ofertas.<\/p>\n<p>Las obras a desarrollar en los caminos rurales de la red vial provincial, contemplan la colocaci\u00f3n de barandas met\u00e1licas de defensa vehicular y la se\u00f1alizaci\u00f3n vertical, lo que mejorar\u00e1 la seguridad vial. Asimismo, se prev\u00e9 la reubicaci\u00f3n y construcci\u00f3n de nuevas alcantarillas para mejorar el escurrimiento de las aguas.<\/p>\n<p>De manera presencial participaron del acto la subadministradora de Vialidad, Silvia Okita; y el gerente T\u00e9cnico de la Repartici\u00f3n, Pablo Morano. Por su parte, lo hicieron a trav\u00e9s de videollamada, el presidente de la Autoridad del Agua de la provincia, Luis Siri; el intendente de Chascom\u00fas, Javier Gast\u00f3n; su par de Exaltaci\u00f3n de la Cruz, Diego Nanni; el jefe comunal de Mercedes, Juan Ignacio Ustarroz, y el secretario de Obras P\u00fablicas de dicho municipio, Luis Ponce; el secretario de Obras P\u00fablicas de Lincoln, Roberto Cosentino, junto al secretario de Vialidad del mismo distrito, Salvador S\u00e1nchez; y representantes de las empresas oferentes.<\/p>\n<p><iframe loading=\"lazy\" src=\"https:\/\/www.google.com\/maps\/d\/embed?mid=1thAl24wknxWfgPjHzIiNOw_3wq6xCTpR\" width=\"640\" height=\"480\"><\/iframe><\/p>\n","protected":false},"excerpt":{"rendered":"<p>\u25a0 En las ciudades de Mercedes, Chascom\u00fas, Exaltaci\u00f3n de la Cruz y Lincoln. Mejorar\u00e1n la circulaci\u00f3n en rutas y caminos. Ustarroz particip\u00f3 de manera virtual del acto licitatorio.<\/p>\n","protected":false},"author":16,"featured_media":69695,"comment_status":"open","ping_status":"open","sticky":false,"template":"","format":"standard","meta":{"footnotes":""},"categories":[3],"tags":[3020,14,36],"class_list":["post-69693","post","type-post","status-publish","format-standard","has-post-thumbnail","hentry","category-sociedad","tag-caminos-rurales","tag-licitacion","tag-obras"],"yoast_head":"<!-- This site is optimized with the Yoast SEO plugin v27.4 - https:\/\/yoast.com\/product\/yoast-seo-wordpress\/ -->\n<title>Mercedes es parte de licitaci\u00f3n de obras viales por 380 millones de pesos<\/title>\n<meta name=\"robots\" content=\"index, follow, max-snippet:-1, max-image-preview:large, max-video-preview:-1\" \/>\n<link rel=\"canonical\" href=\"https:\/\/noticiasmercedinas.com\/site\/2021\/06\/23\/mercedes-es-parte-de-licitacion-de-obras-viales-por-380-millones-de-pesos\/\" \/>\n<meta property=\"og:locale\" content=\"es_ES\" \/>\n<meta property=\"og:type\" content=\"article\" \/>\n<meta property=\"og:title\" content=\"Mercedes es parte de licitaci\u00f3n de obras viales por 380 millones de pesos\" \/>\n<meta property=\"og:description\" content=\"\u25a0 En las ciudades de Mercedes, Chascom\u00fas, Exaltaci\u00f3n de la Cruz y Lincoln. Mejorar\u00e1n la circulaci\u00f3n en rutas y caminos. Ustarroz particip\u00f3 de manera virtual del acto licitatorio.\" \/>\n<meta property=\"og:url\" content=\"https:\/\/noticiasmercedinas.com\/site\/2021\/06\/23\/mercedes-es-parte-de-licitacion-de-obras-viales-por-380-millones-de-pesos\/\" \/>\n<meta property=\"og:site_name\" content=\"NOTICIASMERCEDINAS.COM\" \/>\n<meta property=\"article:publisher\" content=\"https:\/\/www.facebook.com\/noticiasmercedinas\/\" \/>\n<meta property=\"article:published_time\" content=\"2021-06-23T19:46:07+00:00\" \/>\n<meta property=\"og:image\" content=\"https:\/\/noticiasmercedinas.com\/site\/wp-content\/uploads\/2021\/06\/image-5.png\" \/>\n\t<meta property=\"og:image:width\" content=\"700\" \/>\n\t<meta property=\"og:image:height\" content=\"484\" \/>\n\t<meta property=\"og:image:type\" content=\"image\/png\" \/>\n<meta name=\"author\" content=\"NOTICIASMERCEDINAS.COM\" \/>\n<meta name=\"twitter:card\" content=\"summary_large_image\" \/>\n<meta name=\"twitter:creator\" content=\"@notmercedinas\" \/>\n<meta name=\"twitter:site\" content=\"@notmercedinas\" \/>\n<meta name=\"twitter:label1\" content=\"Escrito por\" \/>\n\t<meta name=\"twitter:data1\" content=\"NOTICIASMERCEDINAS.COM\" \/>\n\t<meta name=\"twitter:label2\" content=\"Tiempo de lectura\" \/>\n\t<meta name=\"twitter:data2\" content=\"5 minutos\" \/>\n<script type=\"application\/ld+json\" class=\"yoast-schema-graph\">{\"@context\":\"https:\\\/\\\/schema.org\",\"@graph\":[{\"@type\":\"Article\",\"@id\":\"https:\\\/\\\/noticiasmercedinas.com\\\/site\\\/2021\\\/06\\\/23\\\/mercedes-es-parte-de-licitacion-de-obras-viales-por-380-millones-de-pesos\\\/#article\",\"isPartOf\":{\"@id\":\"https:\\\/\\\/noticiasmercedinas.com\\\/site\\\/2021\\\/06\\\/23\\\/mercedes-es-parte-de-licitacion-de-obras-viales-por-380-millones-de-pesos\\\/\"},\"author\":{\"name\":\"NOTICIASMERCEDINAS.COM\",\"@id\":\"https:\\\/\\\/noticiasmercedinas.com\\\/site\\\/#\\\/schema\\\/person\\\/84b59c099c28ff2e8b77d4ceec5d8063\"},\"headline\":\"Mercedes es parte de licitaci\u00f3n de obras viales por 380 millones de pesos\",\"datePublished\":\"2021-06-23T19:46:07+00:00\",\"mainEntityOfPage\":{\"@id\":\"https:\\\/\\\/noticiasmercedinas.com\\\/site\\\/2021\\\/06\\\/23\\\/mercedes-es-parte-de-licitacion-de-obras-viales-por-380-millones-de-pesos\\\/\"},\"wordCount\":924,\"commentCount\":0,\"publisher\":{\"@id\":\"https:\\\/\\\/noticiasmercedinas.com\\\/site\\\/#organization\"},\"image\":{\"@id\":\"https:\\\/\\\/noticiasmercedinas.com\\\/site\\\/2021\\\/06\\\/23\\\/mercedes-es-parte-de-licitacion-de-obras-viales-por-380-millones-de-pesos\\\/#primaryimage\"},\"thumbnailUrl\":\"https:\\\/\\\/noticiasmercedinas.com\\\/site\\\/wp-content\\\/uploads\\\/2021\\\/06\\\/image-5.png\",\"keywords\":[\"caminos rurales\",\"licitacion\",\"obras\"],\"articleSection\":[\"Sociedad\"],\"inLanguage\":\"es\",\"potentialAction\":[{\"@type\":\"CommentAction\",\"name\":\"Comment\",\"target\":[\"https:\\\/\\\/noticiasmercedinas.com\\\/site\\\/2021\\\/06\\\/23\\\/mercedes-es-parte-de-licitacion-de-obras-viales-por-380-millones-de-pesos\\\/#respond\"]}]},{\"@type\":\"WebPage\",\"@id\":\"https:\\\/\\\/noticiasmercedinas.com\\\/site\\\/2021\\\/06\\\/23\\\/mercedes-es-parte-de-licitacion-de-obras-viales-por-380-millones-de-pesos\\\/\",\"url\":\"https:\\\/\\\/noticiasmercedinas.com\\\/site\\\/2021\\\/06\\\/23\\\/mercedes-es-parte-de-licitacion-de-obras-viales-por-380-millones-de-pesos\\\/\",\"name\":\"Mercedes es parte de licitaci\u00f3n de obras viales por 380 millones de pesos\",\"isPartOf\":{\"@id\":\"https:\\\/\\\/noticiasmercedinas.com\\\/site\\\/#website\"},\"primaryImageOfPage\":{\"@id\":\"https:\\\/\\\/noticiasmercedinas.com\\\/site\\\/2021\\\/06\\\/23\\\/mercedes-es-parte-de-licitacion-de-obras-viales-por-380-millones-de-pesos\\\/#primaryimage\"},\"image\":{\"@id\":\"https:\\\/\\\/noticiasmercedinas.com\\\/site\\\/2021\\\/06\\\/23\\\/mercedes-es-parte-de-licitacion-de-obras-viales-por-380-millones-de-pesos\\\/#primaryimage\"},\"thumbnailUrl\":\"https:\\\/\\\/noticiasmercedinas.com\\\/site\\\/wp-content\\\/uploads\\\/2021\\\/06\\\/image-5.png\",\"datePublished\":\"2021-06-23T19:46:07+00:00\",\"breadcrumb\":{\"@id\":\"https:\\\/\\\/noticiasmercedinas.com\\\/site\\\/2021\\\/06\\\/23\\\/mercedes-es-parte-de-licitacion-de-obras-viales-por-380-millones-de-pesos\\\/#breadcrumb\"},\"inLanguage\":\"es\",\"potentialAction\":[{\"@type\":\"ReadAction\",\"target\":[\"https:\\\/\\\/noticiasmercedinas.com\\\/site\\\/2021\\\/06\\\/23\\\/mercedes-es-parte-de-licitacion-de-obras-viales-por-380-millones-de-pesos\\\/\"]}]},{\"@type\":\"ImageObject\",\"inLanguage\":\"es\",\"@id\":\"https:\\\/\\\/noticiasmercedinas.com\\\/site\\\/2021\\\/06\\\/23\\\/mercedes-es-parte-de-licitacion-de-obras-viales-por-380-millones-de-pesos\\\/#primaryimage\",\"url\":\"https:\\\/\\\/noticiasmercedinas.com\\\/site\\\/wp-content\\\/uploads\\\/2021\\\/06\\\/image-5.png\",\"contentUrl\":\"https:\\\/\\\/noticiasmercedinas.com\\\/site\\\/wp-content\\\/uploads\\\/2021\\\/06\\\/image-5.png\",\"width\":700,\"height\":484},{\"@type\":\"BreadcrumbList\",\"@id\":\"https:\\\/\\\/noticiasmercedinas.com\\\/site\\\/2021\\\/06\\\/23\\\/mercedes-es-parte-de-licitacion-de-obras-viales-por-380-millones-de-pesos\\\/#breadcrumb\",\"itemListElement\":[{\"@type\":\"ListItem\",\"position\":1,\"name\":\"Portada\",\"item\":\"https:\\\/\\\/noticiasmercedinas.com\\\/site\\\/\"},{\"@type\":\"ListItem\",\"position\":2,\"name\":\"Mercedes es parte de licitaci\u00f3n de obras viales por 380 millones de pesos\"}]},{\"@type\":\"WebSite\",\"@id\":\"https:\\\/\\\/noticiasmercedinas.com\\\/site\\\/#website\",\"url\":\"https:\\\/\\\/noticiasmercedinas.com\\\/site\\\/\",\"name\":\"NOTICIASMERCEDINAS.COM\",\"description\":\"Mercedes, Buenos Aires, Argentina\",\"publisher\":{\"@id\":\"https:\\\/\\\/noticiasmercedinas.com\\\/site\\\/#organization\"},\"potentialAction\":[{\"@type\":\"SearchAction\",\"target\":{\"@type\":\"EntryPoint\",\"urlTemplate\":\"https:\\\/\\\/noticiasmercedinas.com\\\/site\\\/?s={search_term_string}\"},\"query-input\":{\"@type\":\"PropertyValueSpecification\",\"valueRequired\":true,\"valueName\":\"search_term_string\"}}],\"inLanguage\":\"es\"},{\"@type\":\"Organization\",\"@id\":\"https:\\\/\\\/noticiasmercedinas.com\\\/site\\\/#organization\",\"name\":\"NOTICIASMERCEDINAS.COM\",\"url\":\"https:\\\/\\\/noticiasmercedinas.com\\\/site\\\/\",\"logo\":{\"@type\":\"ImageObject\",\"inLanguage\":\"es\",\"@id\":\"https:\\\/\\\/noticiasmercedinas.com\\\/site\\\/#\\\/schema\\\/logo\\\/image\\\/\",\"url\":\"https:\\\/\\\/noticiasmercedinas.com\\\/site\\\/wp-content\\\/uploads\\\/2020\\\/06\\\/LOGO-512.jpg\",\"contentUrl\":\"https:\\\/\\\/noticiasmercedinas.com\\\/site\\\/wp-content\\\/uploads\\\/2020\\\/06\\\/LOGO-512.jpg\",\"width\":512,\"height\":512,\"caption\":\"NOTICIASMERCEDINAS.COM\"},\"image\":{\"@id\":\"https:\\\/\\\/noticiasmercedinas.com\\\/site\\\/#\\\/schema\\\/logo\\\/image\\\/\"},\"sameAs\":[\"https:\\\/\\\/www.facebook.com\\\/noticiasmercedinas\\\/\",\"https:\\\/\\\/x.com\\\/notmercedinas\",\"https:\\\/\\\/www.instagram.com\\\/noticiasmercedinas\\\/\"]},{\"@type\":\"Person\",\"@id\":\"https:\\\/\\\/noticiasmercedinas.com\\\/site\\\/#\\\/schema\\\/person\\\/84b59c099c28ff2e8b77d4ceec5d8063\",\"name\":\"NOTICIASMERCEDINAS.COM\",\"image\":{\"@type\":\"ImageObject\",\"inLanguage\":\"es\",\"@id\":\"https:\\\/\\\/secure.gravatar.com\\\/avatar\\\/4dfbf16b4d17945bfb6341b2d19043457132fcf478a5ee04f42e959fd8f5df0a?s=96&d=mm&r=g\",\"url\":\"https:\\\/\\\/secure.gravatar.com\\\/avatar\\\/4dfbf16b4d17945bfb6341b2d19043457132fcf478a5ee04f42e959fd8f5df0a?s=96&d=mm&r=g\",\"contentUrl\":\"https:\\\/\\\/secure.gravatar.com\\\/avatar\\\/4dfbf16b4d17945bfb6341b2d19043457132fcf478a5ee04f42e959fd8f5df0a?s=96&d=mm&r=g\",\"caption\":\"NOTICIASMERCEDINAS.COM\"},\"url\":\"https:\\\/\\\/noticiasmercedinas.com\\\/site\\\/author\\\/anonimo\\\/\"}]}<\/script>\n<!-- \/ Yoast SEO plugin. -->","yoast_head_json":{"title":"Mercedes es parte de licitaci\u00f3n de obras viales por 380 millones de pesos","robots":{"index":"index","follow":"follow","max-snippet":"max-snippet:-1","max-image-preview":"max-image-preview:large","max-video-preview":"max-video-preview:-1"},"canonical":"https:\/\/noticiasmercedinas.com\/site\/2021\/06\/23\/mercedes-es-parte-de-licitacion-de-obras-viales-por-380-millones-de-pesos\/","og_locale":"es_ES","og_type":"article","og_title":"Mercedes es parte de licitaci\u00f3n de obras viales por 380 millones de pesos","og_description":"\u25a0 En las ciudades de Mercedes, Chascom\u00fas, Exaltaci\u00f3n de la Cruz y Lincoln. Mejorar\u00e1n la circulaci\u00f3n en rutas y caminos. Ustarroz particip\u00f3 de manera virtual del acto licitatorio.","og_url":"https:\/\/noticiasmercedinas.com\/site\/2021\/06\/23\/mercedes-es-parte-de-licitacion-de-obras-viales-por-380-millones-de-pesos\/","og_site_name":"NOTICIASMERCEDINAS.COM","article_publisher":"https:\/\/www.facebook.com\/noticiasmercedinas\/","article_published_time":"2021-06-23T19:46:07+00:00","og_image":[{"width":700,"height":484,"url":"https:\/\/noticiasmercedinas.com\/site\/wp-content\/uploads\/2021\/06\/image-5.png","type":"image\/png"}],"author":"NOTICIASMERCEDINAS.COM","twitter_card":"summary_large_image","twitter_creator":"@notmercedinas","twitter_site":"@notmercedinas","twitter_misc":{"Escrito por":"NOTICIASMERCEDINAS.COM","Tiempo de lectura":"5 minutos"},"schema":{"@context":"https:\/\/schema.org","@graph":[{"@type":"Article","@id":"https:\/\/noticiasmercedinas.com\/site\/2021\/06\/23\/mercedes-es-parte-de-licitacion-de-obras-viales-por-380-millones-de-pesos\/#article","isPartOf":{"@id":"https:\/\/noticiasmercedinas.com\/site\/2021\/06\/23\/mercedes-es-parte-de-licitacion-de-obras-viales-por-380-millones-de-pesos\/"},"author":{"name":"NOTICIASMERCEDINAS.COM","@id":"https:\/\/noticiasmercedinas.com\/site\/#\/schema\/person\/84b59c099c28ff2e8b77d4ceec5d8063"},"headline":"Mercedes es parte de licitaci\u00f3n de obras viales por 380 millones de pesos","datePublished":"2021-06-23T19:46:07+00:00","mainEntityOfPage":{"@id":"https:\/\/noticiasmercedinas.com\/site\/2021\/06\/23\/mercedes-es-parte-de-licitacion-de-obras-viales-por-380-millones-de-pesos\/"},"wordCount":924,"commentCount":0,"publisher":{"@id":"https:\/\/noticiasmercedinas.com\/site\/#organization"},"image":{"@id":"https:\/\/noticiasmercedinas.com\/site\/2021\/06\/23\/mercedes-es-parte-de-licitacion-de-obras-viales-por-380-millones-de-pesos\/#primaryimage"},"thumbnailUrl":"https:\/\/noticiasmercedinas.com\/site\/wp-content\/uploads\/2021\/06\/image-5.png","keywords":["caminos rurales","licitacion","obras"],"articleSection":["Sociedad"],"inLanguage":"es","potentialAction":[{"@type":"CommentAction","name":"Comment","target":["https:\/\/noticiasmercedinas.com\/site\/2021\/06\/23\/mercedes-es-parte-de-licitacion-de-obras-viales-por-380-millones-de-pesos\/#respond"]}]},{"@type":"WebPage","@id":"https:\/\/noticiasmercedinas.com\/site\/2021\/06\/23\/mercedes-es-parte-de-licitacion-de-obras-viales-por-380-millones-de-pesos\/","url":"https:\/\/noticiasmercedinas.com\/site\/2021\/06\/23\/mercedes-es-parte-de-licitacion-de-obras-viales-por-380-millones-de-pesos\/","name":"Mercedes es parte de licitaci\u00f3n de obras viales por 380 millones de pesos","isPartOf":{"@id":"https:\/\/noticiasmercedinas.com\/site\/#website"},"primaryImageOfPage":{"@id":"https:\/\/noticiasmercedinas.com\/site\/2021\/06\/23\/mercedes-es-parte-de-licitacion-de-obras-viales-por-380-millones-de-pesos\/#primaryimage"},"image":{"@id":"https:\/\/noticiasmercedinas.com\/site\/2021\/06\/23\/mercedes-es-parte-de-licitacion-de-obras-viales-por-380-millones-de-pesos\/#primaryimage"},"thumbnailUrl":"https:\/\/noticiasmercedinas.com\/site\/wp-content\/uploads\/2021\/06\/image-5.png","datePublished":"2021-06-23T19:46:07+00:00","breadcrumb":{"@id":"https:\/\/noticiasmercedinas.com\/site\/2021\/06\/23\/mercedes-es-parte-de-licitacion-de-obras-viales-por-380-millones-de-pesos\/#breadcrumb"},"inLanguage":"es","potentialAction":[{"@type":"ReadAction","target":["https:\/\/noticiasmercedinas.com\/site\/2021\/06\/23\/mercedes-es-parte-de-licitacion-de-obras-viales-por-380-millones-de-pesos\/"]}]},{"@type":"ImageObject","inLanguage":"es","@id":"https:\/\/noticiasmercedinas.com\/site\/2021\/06\/23\/mercedes-es-parte-de-licitacion-de-obras-viales-por-380-millones-de-pesos\/#primaryimage","url":"https:\/\/noticiasmercedinas.com\/site\/wp-content\/uploads\/2021\/06\/image-5.png","contentUrl":"https:\/\/noticiasmercedinas.com\/site\/wp-content\/uploads\/2021\/06\/image-5.png","width":700,"height":484},{"@type":"BreadcrumbList","@id":"https:\/\/noticiasmercedinas.com\/site\/2021\/06\/23\/mercedes-es-parte-de-licitacion-de-obras-viales-por-380-millones-de-pesos\/#breadcrumb","itemListElement":[{"@type":"ListItem","position":1,"name":"Portada","item":"https:\/\/noticiasmercedinas.com\/site\/"},{"@type":"ListItem","position":2,"name":"Mercedes es parte de licitaci\u00f3n de obras viales por 380 millones de pesos"}]},{"@type":"WebSite","@id":"https:\/\/noticiasmercedinas.com\/site\/#website","url":"https:\/\/noticiasmercedinas.com\/site\/","name":"NOTICIASMERCEDINAS.COM","description":"Mercedes, Buenos Aires, Argentina","publisher":{"@id":"https:\/\/noticiasmercedinas.com\/site\/#organization"},"potentialAction":[{"@type":"SearchAction","target":{"@type":"EntryPoint","urlTemplate":"https:\/\/noticiasmercedinas.com\/site\/?s={search_term_string}"},"query-input":{"@type":"PropertyValueSpecification","valueRequired":true,"valueName":"search_term_string"}}],"inLanguage":"es"},{"@type":"Organization","@id":"https:\/\/noticiasmercedinas.com\/site\/#organization","name":"NOTICIASMERCEDINAS.COM","url":"https:\/\/noticiasmercedinas.com\/site\/","logo":{"@type":"ImageObject","inLanguage":"es","@id":"https:\/\/noticiasmercedinas.com\/site\/#\/schema\/logo\/image\/","url":"https:\/\/noticiasmercedinas.com\/site\/wp-content\/uploads\/2020\/06\/LOGO-512.jpg","contentUrl":"https:\/\/noticiasmercedinas.com\/site\/wp-content\/uploads\/2020\/06\/LOGO-512.jpg","width":512,"height":512,"caption":"NOTICIASMERCEDINAS.COM"},"image":{"@id":"https:\/\/noticiasmercedinas.com\/site\/#\/schema\/logo\/image\/"},"sameAs":["https:\/\/www.facebook.com\/noticiasmercedinas\/","https:\/\/x.com\/notmercedinas","https:\/\/www.instagram.com\/noticiasmercedinas\/"]},{"@type":"Person","@id":"https:\/\/noticiasmercedinas.com\/site\/#\/schema\/person\/84b59c099c28ff2e8b77d4ceec5d8063","name":"NOTICIASMERCEDINAS.COM","image":{"@type":"ImageObject","inLanguage":"es","@id":"https:\/\/secure.gravatar.com\/avatar\/4dfbf16b4d17945bfb6341b2d19043457132fcf478a5ee04f42e959fd8f5df0a?s=96&d=mm&r=g","url":"https:\/\/secure.gravatar.com\/avatar\/4dfbf16b4d17945bfb6341b2d19043457132fcf478a5ee04f42e959fd8f5df0a?s=96&d=mm&r=g","contentUrl":"https:\/\/secure.gravatar.com\/avatar\/4dfbf16b4d17945bfb6341b2d19043457132fcf478a5ee04f42e959fd8f5df0a?s=96&d=mm&r=g","caption":"NOTICIASMERCEDINAS.COM"},"url":"https:\/\/noticiasmercedinas.com\/site\/author\/anonimo\/"}]}},"amp_enabled":true,"_links":{"self":[{"href":"https:\/\/noticiasmercedinas.com\/site\/wp-json\/wp\/v2\/posts\/69693","targetHints":{"allow":["GET"]}}],"collection":[{"href":"https:\/\/noticiasmercedinas.com\/site\/wp-json\/wp\/v2\/posts"}],"about":[{"href":"https:\/\/noticiasmercedinas.com\/site\/wp-json\/wp\/v2\/types\/post"}],"author":[{"embeddable":true,"href":"https:\/\/noticiasmercedinas.com\/site\/wp-json\/wp\/v2\/users\/16"}],"replies":[{"embeddable":true,"href":"https:\/\/noticiasmercedinas.com\/site\/wp-json\/wp\/v2\/comments?post=69693"}],"version-history":[{"count":1,"href":"https:\/\/noticiasmercedinas.com\/site\/wp-json\/wp\/v2\/posts\/69693\/revisions"}],"predecessor-version":[{"id":69696,"href":"https:\/\/noticiasmercedinas.com\/site\/wp-json\/wp\/v2\/posts\/69693\/revisions\/69696"}],"wp:featuredmedia":[{"embeddable":true,"href":"https:\/\/noticiasmercedinas.com\/site\/wp-json\/wp\/v2\/media\/69695"}],"wp:attachment":[{"href":"https:\/\/noticiasmercedinas.com\/site\/wp-json\/wp\/v2\/media?parent=69693"}],"wp:term":[{"taxonomy":"category","embeddable":true,"href":"https:\/\/noticiasmercedinas.com\/site\/wp-json\/wp\/v2\/categories?post=69693"},{"taxonomy":"post_tag","embeddable":true,"href":"https:\/\/noticiasmercedinas.com\/site\/wp-json\/wp\/v2\/tags?post=69693"}],"curies":[{"name":"wp","href":"https:\/\/api.w.org\/{rel}","templated":true}]}}