{"id":69819,"date":"2021-06-25T17:58:57","date_gmt":"2021-06-25T20:58:57","guid":{"rendered":"https:\/\/noticiasmercedinas.com\/site\/?p=69819"},"modified":"2021-06-25T18:00:08","modified_gmt":"2021-06-25T21:00:08","slug":"mas-hogares-de-suipacha-conectados-via-fibra-optica","status":"publish","type":"post","link":"https:\/\/noticiasmercedinas.com\/site\/2021\/06\/25\/mas-hogares-de-suipacha-conectados-via-fibra-optica\/","title":{"rendered":"M\u00e1s hogares de Suipacha conectados v\u00eda fibra \u00f3ptica"},"content":{"rendered":"<p><img loading=\"lazy\" decoding=\"async\" class=\"alignnone size-full wp-image-69820\" src=\"https:\/\/noticiasmercedinas.com\/site\/wp-content\/uploads\/2021\/06\/suipachaFO.jpg\" alt=\"\" width=\"640\" height=\"354\" srcset=\"https:\/\/noticiasmercedinas.com\/site\/wp-content\/uploads\/2021\/06\/suipachaFO.jpg 640w, https:\/\/noticiasmercedinas.com\/site\/wp-content\/uploads\/2021\/06\/suipachaFO-300x166.jpg 300w\" sizes=\"auto, (max-width: 640px) 100vw, 640px\" \/><\/p>\n<p>Ya son 200 las locaciones (hogares, empresas y entidades) de Suipacha que transformaron su red de cobre por un acceso v\u00eda fibra \u00f3ptica, aprovechando de esta forma, todo el potencial de una tecnolog\u00eda que responde a las exigencias de usuarios que necesitan conectividad de alta performance.<\/p>\n<p>La Cooperativa de Electricidad, Obras P\u00fablicas y Otros Servicios de J. J. Almeyra y Suipacha (COESA) viene incorporando infraestructura acorde para operar su red local de fibra \u00f3ptica desde hace algunos a\u00f1os, una decisi\u00f3n impulsada por los t\u00e9cnicos a cargo del Servicio de Internet y acompa\u00f1ada por el Consejo de Administraci\u00f3n.<\/p>\n<p>El barrio \u201cLas Quintas\u201d ha sido el sector recientemente incorporado. La nueva red se extiende desde la calle 9 de Julio por la calle Salta hasta Colectividad Vasca, y desde all\u00ed, hasta la calle Tucum\u00e1n, ramific\u00e1ndose por todas las intersecciones adyacentes. Esta zona cuenta con acceso a Internet a trav\u00e9s de antenas colocadas en los hogares, un sistema alternativo destinado a establecimientos rurales y sectores periurbanos, sin el tendido de una red de cable.<\/p>\n<p>La extensi\u00f3n de la red para cubrir el barrio \u00abLas Quintas\u00bb implic\u00f3 la colocaci\u00f3n de 1700 metros de fibra \u00f3ptica. La obra fue dise\u00f1ada y llevada a cabo, en su totalidad, por personal t\u00e9cnico y el plantel de operarios de COESA.<\/p>\n<p>A partir de ahora, los vecinos de Las Quintas podr\u00e1n optar por acceso a Internet v\u00eda fibra \u00f3ptica o bien conservar su conexi\u00f3n por antena, destac\u00f3<strong> Juan Cruz Calvo<\/strong>, encargado del servicio. El t\u00e9cnico de CoesaNet tambi\u00e9n comparti\u00f3 informaci\u00f3n sobre las caracter\u00edsticas de la tecnolog\u00eda de fibra \u00f3ptica al hogar, tambi\u00e9n conocida en el \u00e1mbito de las telecomunicaciones y la inform\u00e1tica como conexi\u00f3n FTTH.<\/p>\n<p><img loading=\"lazy\" decoding=\"async\" class=\"alignnone wp-image-69821\" src=\"https:\/\/noticiasmercedinas.com\/site\/wp-content\/uploads\/2021\/06\/optica.jpg\" alt=\"\" width=\"640\" height=\"342\" srcset=\"https:\/\/noticiasmercedinas.com\/site\/wp-content\/uploads\/2021\/06\/optica.jpg 601w, https:\/\/noticiasmercedinas.com\/site\/wp-content\/uploads\/2021\/06\/optica-300x160.jpg 300w\" sizes=\"auto, (max-width: 640px) 100vw, 640px\" \/><\/p>\n<p>\u201cLas conexiones FTTH est\u00e1n remplazando tecnolog\u00eda que empieza a quedar obsoleta dado que la demanda de Internet es cada vez m\u00e1s alta. En los hogares las familias est\u00e1n conectadas gran parte del d\u00eda y utilizan m\u00faltiples dispositivos simult\u00e1neamente para hacerlo. El uso de Internet pas\u00f3 a ser una herramienta de trabajo, para la educaci\u00f3n y el entretenimiento\u201d, aclara.<\/p>\n<p>\u201cServicio de transmisi\u00f3n de datos de pulso continuo como las populares plataformas de streaming de Netflix, Amazon Prime, HBO Max o bien de video conferencia grupales como Zoom o Google Meet, ya son parte de la vida cotidiana de las personas. Por esa raz\u00f3n, la infraestructura debe acompa\u00f1ar ese crecimiento exponencial que se sab\u00eda iba a tener Internet. No obstante, se debe continuar con los avances dado que en la actualidad estamos en los albores de lo que ser\u00e1 el uso de Internet en el futuro.\u201d<\/p>\n<p>El joven t\u00e9cnico de CoesaNet se siente orgulloso de los progresos que tuvo la Cooperativa en esta \u00e1rea, por ello destaca que \u201cCOESA est\u00e1 bien preparada, porque en su momento los t\u00e9cnicos a cargo del servicio supieron capacitarse y el Consejo de Administraci\u00f3n tom\u00f3 la decisi\u00f3n de realizar las inversiones necesarias\u201d, y prosigue su explicaci\u00f3n afirmando: \u201cNuestra red de fibra \u00f3ptica ofrece 30 y 50 megas, contamos con tres proveedores mayoristas de banda ancha y una conexi\u00f3n \u201cLan to Lan\u201d con la Cooperativa de Luj\u00e1n\u201d.<\/p>\n","protected":false},"excerpt":{"rendered":"<p>\u25a0 Las conexiones de Internet en el hogar a trav\u00e9s de est\u00e1 avanzada tecnolog\u00eda contin\u00faan increment\u00e1ndose a partir de inversiones y obras realizadas por COESA. La cooperativa anunci\u00f3 recientemente la incorporaci\u00f3n del barrio Las Quintas\u00a0<\/p>\n","protected":false},"author":16,"featured_media":69820,"comment_status":"open","ping_status":"open","sticky":false,"template":"","format":"standard","meta":{"footnotes":""},"categories":[139],"tags":[12246,12247,8532,6135,1095],"class_list":["post-69819","post","type-post","status-publish","format-standard","has-post-thumbnail","hentry","category-regionales","tag-coesa","tag-coesanet","tag-cooperativa","tag-fibra-optica","tag-suipacha"],"yoast_head":"<!-- This site is optimized with the Yoast SEO plugin v27.4 - https:\/\/yoast.com\/product\/yoast-seo-wordpress\/ -->\n<title>M\u00e1s hogares de Suipacha conectados v\u00eda fibra \u00f3ptica<\/title>\n<meta name=\"robots\" content=\"index, follow, max-snippet:-1, max-image-preview:large, max-video-preview:-1\" \/>\n<link rel=\"canonical\" href=\"https:\/\/noticiasmercedinas.com\/site\/2021\/06\/25\/mas-hogares-de-suipacha-conectados-via-fibra-optica\/\" \/>\n<meta property=\"og:locale\" content=\"es_ES\" \/>\n<meta property=\"og:type\" content=\"article\" \/>\n<meta property=\"og:title\" content=\"M\u00e1s hogares de Suipacha conectados v\u00eda fibra \u00f3ptica\" \/>\n<meta property=\"og:description\" content=\"\u25a0 Las conexiones de Internet en el hogar a trav\u00e9s de est\u00e1 avanzada tecnolog\u00eda contin\u00faan increment\u00e1ndose a partir de inversiones y obras realizadas por COESA. La cooperativa anunci\u00f3 recientemente la incorporaci\u00f3n del barrio Las Quintas\u00a0\" \/>\n<meta property=\"og:url\" content=\"https:\/\/noticiasmercedinas.com\/site\/2021\/06\/25\/mas-hogares-de-suipacha-conectados-via-fibra-optica\/\" \/>\n<meta property=\"og:site_name\" content=\"NOTICIASMERCEDINAS.COM\" \/>\n<meta property=\"article:publisher\" content=\"https:\/\/www.facebook.com\/noticiasmercedinas\/\" \/>\n<meta property=\"article:published_time\" content=\"2021-06-25T20:58:57+00:00\" \/>\n<meta property=\"article:modified_time\" content=\"2021-06-25T21:00:08+00:00\" \/>\n<meta property=\"og:image\" content=\"https:\/\/noticiasmercedinas.com\/site\/wp-content\/uploads\/2021\/06\/suipachaFO.jpg\" \/>\n\t<meta property=\"og:image:width\" content=\"640\" \/>\n\t<meta property=\"og:image:height\" content=\"354\" \/>\n\t<meta property=\"og:image:type\" content=\"image\/jpeg\" \/>\n<meta name=\"author\" content=\"NOTICIASMERCEDINAS.COM\" \/>\n<meta name=\"twitter:card\" content=\"summary_large_image\" \/>\n<meta name=\"twitter:creator\" content=\"@notmercedinas\" \/>\n<meta name=\"twitter:site\" content=\"@notmercedinas\" \/>\n<meta name=\"twitter:label1\" content=\"Escrito por\" \/>\n\t<meta name=\"twitter:data1\" content=\"NOTICIASMERCEDINAS.COM\" \/>\n\t<meta name=\"twitter:label2\" content=\"Tiempo de lectura\" \/>\n\t<meta name=\"twitter:data2\" content=\"3 minutos\" \/>\n<script type=\"application\/ld+json\" class=\"yoast-schema-graph\">{\"@context\":\"https:\\\/\\\/schema.org\",\"@graph\":[{\"@type\":\"Article\",\"@id\":\"https:\\\/\\\/noticiasmercedinas.com\\\/site\\\/2021\\\/06\\\/25\\\/mas-hogares-de-suipacha-conectados-via-fibra-optica\\\/#article\",\"isPartOf\":{\"@id\":\"https:\\\/\\\/noticiasmercedinas.com\\\/site\\\/2021\\\/06\\\/25\\\/mas-hogares-de-suipacha-conectados-via-fibra-optica\\\/\"},\"author\":{\"name\":\"NOTICIASMERCEDINAS.COM\",\"@id\":\"https:\\\/\\\/noticiasmercedinas.com\\\/site\\\/#\\\/schema\\\/person\\\/84b59c099c28ff2e8b77d4ceec5d8063\"},\"headline\":\"M\u00e1s hogares de Suipacha conectados v\u00eda fibra \u00f3ptica\",\"datePublished\":\"2021-06-25T20:58:57+00:00\",\"dateModified\":\"2021-06-25T21:00:08+00:00\",\"mainEntityOfPage\":{\"@id\":\"https:\\\/\\\/noticiasmercedinas.com\\\/site\\\/2021\\\/06\\\/25\\\/mas-hogares-de-suipacha-conectados-via-fibra-optica\\\/\"},\"wordCount\":555,\"commentCount\":0,\"publisher\":{\"@id\":\"https:\\\/\\\/noticiasmercedinas.com\\\/site\\\/#organization\"},\"image\":{\"@id\":\"https:\\\/\\\/noticiasmercedinas.com\\\/site\\\/2021\\\/06\\\/25\\\/mas-hogares-de-suipacha-conectados-via-fibra-optica\\\/#primaryimage\"},\"thumbnailUrl\":\"https:\\\/\\\/noticiasmercedinas.com\\\/site\\\/wp-content\\\/uploads\\\/2021\\\/06\\\/suipachaFO.jpg\",\"keywords\":[\"coesa\",\"CoesaNet\",\"cooperativa\",\"fibra optica\",\"suipacha\"],\"articleSection\":[\"Regionales\"],\"inLanguage\":\"es\",\"potentialAction\":[{\"@type\":\"CommentAction\",\"name\":\"Comment\",\"target\":[\"https:\\\/\\\/noticiasmercedinas.com\\\/site\\\/2021\\\/06\\\/25\\\/mas-hogares-de-suipacha-conectados-via-fibra-optica\\\/#respond\"]}]},{\"@type\":\"WebPage\",\"@id\":\"https:\\\/\\\/noticiasmercedinas.com\\\/site\\\/2021\\\/06\\\/25\\\/mas-hogares-de-suipacha-conectados-via-fibra-optica\\\/\",\"url\":\"https:\\\/\\\/noticiasmercedinas.com\\\/site\\\/2021\\\/06\\\/25\\\/mas-hogares-de-suipacha-conectados-via-fibra-optica\\\/\",\"name\":\"M\u00e1s hogares de Suipacha conectados v\u00eda fibra \u00f3ptica\",\"isPartOf\":{\"@id\":\"https:\\\/\\\/noticiasmercedinas.com\\\/site\\\/#website\"},\"primaryImageOfPage\":{\"@id\":\"https:\\\/\\\/noticiasmercedinas.com\\\/site\\\/2021\\\/06\\\/25\\\/mas-hogares-de-suipacha-conectados-via-fibra-optica\\\/#primaryimage\"},\"image\":{\"@id\":\"https:\\\/\\\/noticiasmercedinas.com\\\/site\\\/2021\\\/06\\\/25\\\/mas-hogares-de-suipacha-conectados-via-fibra-optica\\\/#primaryimage\"},\"thumbnailUrl\":\"https:\\\/\\\/noticiasmercedinas.com\\\/site\\\/wp-content\\\/uploads\\\/2021\\\/06\\\/suipachaFO.jpg\",\"datePublished\":\"2021-06-25T20:58:57+00:00\",\"dateModified\":\"2021-06-25T21:00:08+00:00\",\"breadcrumb\":{\"@id\":\"https:\\\/\\\/noticiasmercedinas.com\\\/site\\\/2021\\\/06\\\/25\\\/mas-hogares-de-suipacha-conectados-via-fibra-optica\\\/#breadcrumb\"},\"inLanguage\":\"es\",\"potentialAction\":[{\"@type\":\"ReadAction\",\"target\":[\"https:\\\/\\\/noticiasmercedinas.com\\\/site\\\/2021\\\/06\\\/25\\\/mas-hogares-de-suipacha-conectados-via-fibra-optica\\\/\"]}]},{\"@type\":\"ImageObject\",\"inLanguage\":\"es\",\"@id\":\"https:\\\/\\\/noticiasmercedinas.com\\\/site\\\/2021\\\/06\\\/25\\\/mas-hogares-de-suipacha-conectados-via-fibra-optica\\\/#primaryimage\",\"url\":\"https:\\\/\\\/noticiasmercedinas.com\\\/site\\\/wp-content\\\/uploads\\\/2021\\\/06\\\/suipachaFO.jpg\",\"contentUrl\":\"https:\\\/\\\/noticiasmercedinas.com\\\/site\\\/wp-content\\\/uploads\\\/2021\\\/06\\\/suipachaFO.jpg\",\"width\":640,\"height\":354},{\"@type\":\"BreadcrumbList\",\"@id\":\"https:\\\/\\\/noticiasmercedinas.com\\\/site\\\/2021\\\/06\\\/25\\\/mas-hogares-de-suipacha-conectados-via-fibra-optica\\\/#breadcrumb\",\"itemListElement\":[{\"@type\":\"ListItem\",\"position\":1,\"name\":\"Portada\",\"item\":\"https:\\\/\\\/noticiasmercedinas.com\\\/site\\\/\"},{\"@type\":\"ListItem\",\"position\":2,\"name\":\"M\u00e1s hogares de Suipacha conectados v\u00eda fibra \u00f3ptica\"}]},{\"@type\":\"WebSite\",\"@id\":\"https:\\\/\\\/noticiasmercedinas.com\\\/site\\\/#website\",\"url\":\"https:\\\/\\\/noticiasmercedinas.com\\\/site\\\/\",\"name\":\"NOTICIASMERCEDINAS.COM\",\"description\":\"Mercedes, Buenos Aires, Argentina\",\"publisher\":{\"@id\":\"https:\\\/\\\/noticiasmercedinas.com\\\/site\\\/#organization\"},\"potentialAction\":[{\"@type\":\"SearchAction\",\"target\":{\"@type\":\"EntryPoint\",\"urlTemplate\":\"https:\\\/\\\/noticiasmercedinas.com\\\/site\\\/?s={search_term_string}\"},\"query-input\":{\"@type\":\"PropertyValueSpecification\",\"valueRequired\":true,\"valueName\":\"search_term_string\"}}],\"inLanguage\":\"es\"},{\"@type\":\"Organization\",\"@id\":\"https:\\\/\\\/noticiasmercedinas.com\\\/site\\\/#organization\",\"name\":\"NOTICIASMERCEDINAS.COM\",\"url\":\"https:\\\/\\\/noticiasmercedinas.com\\\/site\\\/\",\"logo\":{\"@type\":\"ImageObject\",\"inLanguage\":\"es\",\"@id\":\"https:\\\/\\\/noticiasmercedinas.com\\\/site\\\/#\\\/schema\\\/logo\\\/image\\\/\",\"url\":\"https:\\\/\\\/noticiasmercedinas.com\\\/site\\\/wp-content\\\/uploads\\\/2020\\\/06\\\/LOGO-512.jpg\",\"contentUrl\":\"https:\\\/\\\/noticiasmercedinas.com\\\/site\\\/wp-content\\\/uploads\\\/2020\\\/06\\\/LOGO-512.jpg\",\"width\":512,\"height\":512,\"caption\":\"NOTICIASMERCEDINAS.COM\"},\"image\":{\"@id\":\"https:\\\/\\\/noticiasmercedinas.com\\\/site\\\/#\\\/schema\\\/logo\\\/image\\\/\"},\"sameAs\":[\"https:\\\/\\\/www.facebook.com\\\/noticiasmercedinas\\\/\",\"https:\\\/\\\/x.com\\\/notmercedinas\",\"https:\\\/\\\/www.instagram.com\\\/noticiasmercedinas\\\/\"]},{\"@type\":\"Person\",\"@id\":\"https:\\\/\\\/noticiasmercedinas.com\\\/site\\\/#\\\/schema\\\/person\\\/84b59c099c28ff2e8b77d4ceec5d8063\",\"name\":\"NOTICIASMERCEDINAS.COM\",\"image\":{\"@type\":\"ImageObject\",\"inLanguage\":\"es\",\"@id\":\"https:\\\/\\\/secure.gravatar.com\\\/avatar\\\/4dfbf16b4d17945bfb6341b2d19043457132fcf478a5ee04f42e959fd8f5df0a?s=96&d=mm&r=g\",\"url\":\"https:\\\/\\\/secure.gravatar.com\\\/avatar\\\/4dfbf16b4d17945bfb6341b2d19043457132fcf478a5ee04f42e959fd8f5df0a?s=96&d=mm&r=g\",\"contentUrl\":\"https:\\\/\\\/secure.gravatar.com\\\/avatar\\\/4dfbf16b4d17945bfb6341b2d19043457132fcf478a5ee04f42e959fd8f5df0a?s=96&d=mm&r=g\",\"caption\":\"NOTICIASMERCEDINAS.COM\"},\"url\":\"https:\\\/\\\/noticiasmercedinas.com\\\/site\\\/author\\\/anonimo\\\/\"}]}<\/script>\n<!-- \/ Yoast SEO plugin. -->","yoast_head_json":{"title":"M\u00e1s hogares de Suipacha conectados v\u00eda fibra \u00f3ptica","robots":{"index":"index","follow":"follow","max-snippet":"max-snippet:-1","max-image-preview":"max-image-preview:large","max-video-preview":"max-video-preview:-1"},"canonical":"https:\/\/noticiasmercedinas.com\/site\/2021\/06\/25\/mas-hogares-de-suipacha-conectados-via-fibra-optica\/","og_locale":"es_ES","og_type":"article","og_title":"M\u00e1s hogares de Suipacha conectados v\u00eda fibra \u00f3ptica","og_description":"\u25a0 Las conexiones de Internet en el hogar a trav\u00e9s de est\u00e1 avanzada tecnolog\u00eda contin\u00faan increment\u00e1ndose a partir de inversiones y obras realizadas por COESA. La cooperativa anunci\u00f3 recientemente la incorporaci\u00f3n del barrio Las Quintas\u00a0","og_url":"https:\/\/noticiasmercedinas.com\/site\/2021\/06\/25\/mas-hogares-de-suipacha-conectados-via-fibra-optica\/","og_site_name":"NOTICIASMERCEDINAS.COM","article_publisher":"https:\/\/www.facebook.com\/noticiasmercedinas\/","article_published_time":"2021-06-25T20:58:57+00:00","article_modified_time":"2021-06-25T21:00:08+00:00","og_image":[{"width":640,"height":354,"url":"https:\/\/noticiasmercedinas.com\/site\/wp-content\/uploads\/2021\/06\/suipachaFO.jpg","type":"image\/jpeg"}],"author":"NOTICIASMERCEDINAS.COM","twitter_card":"summary_large_image","twitter_creator":"@notmercedinas","twitter_site":"@notmercedinas","twitter_misc":{"Escrito por":"NOTICIASMERCEDINAS.COM","Tiempo de lectura":"3 minutos"},"schema":{"@context":"https:\/\/schema.org","@graph":[{"@type":"Article","@id":"https:\/\/noticiasmercedinas.com\/site\/2021\/06\/25\/mas-hogares-de-suipacha-conectados-via-fibra-optica\/#article","isPartOf":{"@id":"https:\/\/noticiasmercedinas.com\/site\/2021\/06\/25\/mas-hogares-de-suipacha-conectados-via-fibra-optica\/"},"author":{"name":"NOTICIASMERCEDINAS.COM","@id":"https:\/\/noticiasmercedinas.com\/site\/#\/schema\/person\/84b59c099c28ff2e8b77d4ceec5d8063"},"headline":"M\u00e1s hogares de Suipacha conectados v\u00eda fibra \u00f3ptica","datePublished":"2021-06-25T20:58:57+00:00","dateModified":"2021-06-25T21:00:08+00:00","mainEntityOfPage":{"@id":"https:\/\/noticiasmercedinas.com\/site\/2021\/06\/25\/mas-hogares-de-suipacha-conectados-via-fibra-optica\/"},"wordCount":555,"commentCount":0,"publisher":{"@id":"https:\/\/noticiasmercedinas.com\/site\/#organization"},"image":{"@id":"https:\/\/noticiasmercedinas.com\/site\/2021\/06\/25\/mas-hogares-de-suipacha-conectados-via-fibra-optica\/#primaryimage"},"thumbnailUrl":"https:\/\/noticiasmercedinas.com\/site\/wp-content\/uploads\/2021\/06\/suipachaFO.jpg","keywords":["coesa","CoesaNet","cooperativa","fibra optica","suipacha"],"articleSection":["Regionales"],"inLanguage":"es","potentialAction":[{"@type":"CommentAction","name":"Comment","target":["https:\/\/noticiasmercedinas.com\/site\/2021\/06\/25\/mas-hogares-de-suipacha-conectados-via-fibra-optica\/#respond"]}]},{"@type":"WebPage","@id":"https:\/\/noticiasmercedinas.com\/site\/2021\/06\/25\/mas-hogares-de-suipacha-conectados-via-fibra-optica\/","url":"https:\/\/noticiasmercedinas.com\/site\/2021\/06\/25\/mas-hogares-de-suipacha-conectados-via-fibra-optica\/","name":"M\u00e1s hogares de Suipacha conectados v\u00eda fibra \u00f3ptica","isPartOf":{"@id":"https:\/\/noticiasmercedinas.com\/site\/#website"},"primaryImageOfPage":{"@id":"https:\/\/noticiasmercedinas.com\/site\/2021\/06\/25\/mas-hogares-de-suipacha-conectados-via-fibra-optica\/#primaryimage"},"image":{"@id":"https:\/\/noticiasmercedinas.com\/site\/2021\/06\/25\/mas-hogares-de-suipacha-conectados-via-fibra-optica\/#primaryimage"},"thumbnailUrl":"https:\/\/noticiasmercedinas.com\/site\/wp-content\/uploads\/2021\/06\/suipachaFO.jpg","datePublished":"2021-06-25T20:58:57+00:00","dateModified":"2021-06-25T21:00:08+00:00","breadcrumb":{"@id":"https:\/\/noticiasmercedinas.com\/site\/2021\/06\/25\/mas-hogares-de-suipacha-conectados-via-fibra-optica\/#breadcrumb"},"inLanguage":"es","potentialAction":[{"@type":"ReadAction","target":["https:\/\/noticiasmercedinas.com\/site\/2021\/06\/25\/mas-hogares-de-suipacha-conectados-via-fibra-optica\/"]}]},{"@type":"ImageObject","inLanguage":"es","@id":"https:\/\/noticiasmercedinas.com\/site\/2021\/06\/25\/mas-hogares-de-suipacha-conectados-via-fibra-optica\/#primaryimage","url":"https:\/\/noticiasmercedinas.com\/site\/wp-content\/uploads\/2021\/06\/suipachaFO.jpg","contentUrl":"https:\/\/noticiasmercedinas.com\/site\/wp-content\/uploads\/2021\/06\/suipachaFO.jpg","width":640,"height":354},{"@type":"BreadcrumbList","@id":"https:\/\/noticiasmercedinas.com\/site\/2021\/06\/25\/mas-hogares-de-suipacha-conectados-via-fibra-optica\/#breadcrumb","itemListElement":[{"@type":"ListItem","position":1,"name":"Portada","item":"https:\/\/noticiasmercedinas.com\/site\/"},{"@type":"ListItem","position":2,"name":"M\u00e1s hogares de Suipacha conectados v\u00eda fibra \u00f3ptica"}]},{"@type":"WebSite","@id":"https:\/\/noticiasmercedinas.com\/site\/#website","url":"https:\/\/noticiasmercedinas.com\/site\/","name":"NOTICIASMERCEDINAS.COM","description":"Mercedes, Buenos Aires, Argentina","publisher":{"@id":"https:\/\/noticiasmercedinas.com\/site\/#organization"},"potentialAction":[{"@type":"SearchAction","target":{"@type":"EntryPoint","urlTemplate":"https:\/\/noticiasmercedinas.com\/site\/?s={search_term_string}"},"query-input":{"@type":"PropertyValueSpecification","valueRequired":true,"valueName":"search_term_string"}}],"inLanguage":"es"},{"@type":"Organization","@id":"https:\/\/noticiasmercedinas.com\/site\/#organization","name":"NOTICIASMERCEDINAS.COM","url":"https:\/\/noticiasmercedinas.com\/site\/","logo":{"@type":"ImageObject","inLanguage":"es","@id":"https:\/\/noticiasmercedinas.com\/site\/#\/schema\/logo\/image\/","url":"https:\/\/noticiasmercedinas.com\/site\/wp-content\/uploads\/2020\/06\/LOGO-512.jpg","contentUrl":"https:\/\/noticiasmercedinas.com\/site\/wp-content\/uploads\/2020\/06\/LOGO-512.jpg","width":512,"height":512,"caption":"NOTICIASMERCEDINAS.COM"},"image":{"@id":"https:\/\/noticiasmercedinas.com\/site\/#\/schema\/logo\/image\/"},"sameAs":["https:\/\/www.facebook.com\/noticiasmercedinas\/","https:\/\/x.com\/notmercedinas","https:\/\/www.instagram.com\/noticiasmercedinas\/"]},{"@type":"Person","@id":"https:\/\/noticiasmercedinas.com\/site\/#\/schema\/person\/84b59c099c28ff2e8b77d4ceec5d8063","name":"NOTICIASMERCEDINAS.COM","image":{"@type":"ImageObject","inLanguage":"es","@id":"https:\/\/secure.gravatar.com\/avatar\/4dfbf16b4d17945bfb6341b2d19043457132fcf478a5ee04f42e959fd8f5df0a?s=96&d=mm&r=g","url":"https:\/\/secure.gravatar.com\/avatar\/4dfbf16b4d17945bfb6341b2d19043457132fcf478a5ee04f42e959fd8f5df0a?s=96&d=mm&r=g","contentUrl":"https:\/\/secure.gravatar.com\/avatar\/4dfbf16b4d17945bfb6341b2d19043457132fcf478a5ee04f42e959fd8f5df0a?s=96&d=mm&r=g","caption":"NOTICIASMERCEDINAS.COM"},"url":"https:\/\/noticiasmercedinas.com\/site\/author\/anonimo\/"}]}},"amp_enabled":true,"_links":{"self":[{"href":"https:\/\/noticiasmercedinas.com\/site\/wp-json\/wp\/v2\/posts\/69819","targetHints":{"allow":["GET"]}}],"collection":[{"href":"https:\/\/noticiasmercedinas.com\/site\/wp-json\/wp\/v2\/posts"}],"about":[{"href":"https:\/\/noticiasmercedinas.com\/site\/wp-json\/wp\/v2\/types\/post"}],"author":[{"embeddable":true,"href":"https:\/\/noticiasmercedinas.com\/site\/wp-json\/wp\/v2\/users\/16"}],"replies":[{"embeddable":true,"href":"https:\/\/noticiasmercedinas.com\/site\/wp-json\/wp\/v2\/comments?post=69819"}],"version-history":[{"count":2,"href":"https:\/\/noticiasmercedinas.com\/site\/wp-json\/wp\/v2\/posts\/69819\/revisions"}],"predecessor-version":[{"id":69823,"href":"https:\/\/noticiasmercedinas.com\/site\/wp-json\/wp\/v2\/posts\/69819\/revisions\/69823"}],"wp:featuredmedia":[{"embeddable":true,"href":"https:\/\/noticiasmercedinas.com\/site\/wp-json\/wp\/v2\/media\/69820"}],"wp:attachment":[{"href":"https:\/\/noticiasmercedinas.com\/site\/wp-json\/wp\/v2\/media?parent=69819"}],"wp:term":[{"taxonomy":"category","embeddable":true,"href":"https:\/\/noticiasmercedinas.com\/site\/wp-json\/wp\/v2\/categories?post=69819"},{"taxonomy":"post_tag","embeddable":true,"href":"https:\/\/noticiasmercedinas.com\/site\/wp-json\/wp\/v2\/tags?post=69819"}],"curies":[{"name":"wp","href":"https:\/\/api.w.org\/{rel}","templated":true}]}}