{"id":69885,"date":"2021-06-26T20:55:38","date_gmt":"2021-06-26T23:55:38","guid":{"rendered":"https:\/\/noticiasmercedinas.com\/site\/?p=69885"},"modified":"2021-06-26T21:08:08","modified_gmt":"2021-06-27T00:08:08","slug":"convocan-a-quienes-quieran-adoptar-a-una-adolescente","status":"publish","type":"post","link":"https:\/\/noticiasmercedinas.com\/site\/2021\/06\/26\/convocan-a-quienes-quieran-adoptar-a-una-adolescente\/","title":{"rendered":"Convocan a quienes quieran adoptar a una adolescente"},"content":{"rendered":"<p><img loading=\"lazy\" decoding=\"async\" class=\"alignnone wp-image-69887\" src=\"https:\/\/noticiasmercedinas.com\/site\/wp-content\/uploads\/2021\/06\/adop.jpg\" alt=\"\" width=\"640\" height=\"411\" srcset=\"https:\/\/noticiasmercedinas.com\/site\/wp-content\/uploads\/2021\/06\/adop.jpg 512w, https:\/\/noticiasmercedinas.com\/site\/wp-content\/uploads\/2021\/06\/adop-300x194.jpg 300w, https:\/\/noticiasmercedinas.com\/site\/wp-content\/uploads\/2021\/06\/adop-341x220.jpg 341w\" sizes=\"auto, (max-width: 640px) 100vw, 640px\" \/><\/p>\n<p>Desde el Juzgado de Familia 2 de Mercedes se est\u00e1 convocando a postulantes a guarda de una menor de 15 a\u00f1os de edad, con fines de adopci\u00f3n, y\/o a personas que quieran ofrecerse como referentes afectivos, tutores o figuras an\u00e1logas de cuidado. La b\u00fasqueda est\u00e1 orientada a \u201cproyectos monoparentales masculinos sin hijos\u201d, lo que significa que se busca que sea una pareja conformada por dos varones la que se encargue de la adolescente.<\/p>\n<p>Se trata de la menor N. A., quien es seg\u00fan los datos que el Juzgado proporciona una \u201cadolescente activa y extrovertida que se preocupa por el bienestar de los dem\u00e1s\u201d.<\/p>\n<p>Asimismo en la b\u00fasqueda de la familia adoptiva de la joven indican que esta es \u201csociable, comprensiva y reflexiva\u201d.<\/p>\n<p>\u201cPuede mantener di\u00e1logo tanto con sus compa\u00f1eros como con los adultos. Cursa tercer a\u00f1o de la escuela secundaria, teniendo buen desempe\u00f1o. Recientemente ha comenzado un taller de peluquer\u00eda ya que siempre fue su deseo aprender el oficio\u201d, agregan sobre las caracter\u00edsticas de la joven.<\/p>\n<p>\u201cEn la faz deportiva concurre a hockey, disfrutando tambi\u00e9n de las actividades manuales. Adem\u00e1s le gusta escribir obras de teatro y cuentos infantiles. No presenta problemas de salud, se encuentra trabajando su historia familiar y mantiene v\u00ednculo con sus hermanas mayores\u201d, concluye la convocatoria.<\/p>\n<p>Juzgado de Familia 2: calle 23 N\u00ba 280, Mercedes. Tel\u00e9fono 02324-427477. Email: juzfam2-me@jusbuenosaires.gov.ar<\/p>\n<p><img loading=\"lazy\" decoding=\"async\" class=\"alignnone wp-image-69886\" src=\"https:\/\/noticiasmercedinas.com\/site\/wp-content\/uploads\/2021\/06\/vinculos.jpg\" alt=\"\" width=\"640\" height=\"421\" srcset=\"https:\/\/noticiasmercedinas.com\/site\/wp-content\/uploads\/2021\/06\/vinculos.jpg 523w, https:\/\/noticiasmercedinas.com\/site\/wp-content\/uploads\/2021\/06\/vinculos-300x197.jpg 300w\" sizes=\"auto, (max-width: 640px) 100vw, 640px\" \/><\/p>\n","protected":false},"excerpt":{"rendered":"<p>\u25a0 Desde el Juzgado de Familia 2 se busca que sea una pareja conformada por dos varones la que se encargue. En la b\u00fasqueda de la familia adoptiva de la joven indican que esta es \u201csociable, comprensiva y reflexiva\u201d.<\/p>\n","protected":false},"author":16,"featured_media":69887,"comment_status":"open","ping_status":"open","sticky":false,"template":"","format":"standard","meta":{"footnotes":""},"categories":[3],"tags":[3996,5681],"class_list":["post-69885","post","type-post","status-publish","format-standard","has-post-thumbnail","hentry","category-sociedad","tag-adopcion","tag-juzgado-de-familia"],"yoast_head":"<!-- This site is optimized with the Yoast SEO plugin v27.5 - https:\/\/yoast.com\/product\/yoast-seo-wordpress\/ -->\n<title>Convocan a quienes quieran adoptar a una adolescente<\/title>\n<meta name=\"robots\" content=\"index, follow, max-snippet:-1, max-image-preview:large, max-video-preview:-1\" \/>\n<link rel=\"canonical\" href=\"https:\/\/noticiasmercedinas.com\/site\/2021\/06\/26\/convocan-a-quienes-quieran-adoptar-a-una-adolescente\/\" \/>\n<meta property=\"og:locale\" content=\"es_ES\" \/>\n<meta property=\"og:type\" content=\"article\" \/>\n<meta property=\"og:title\" content=\"Convocan a quienes quieran adoptar a una adolescente\" \/>\n<meta property=\"og:description\" content=\"\u25a0 Desde el Juzgado de Familia 2 se busca que sea una pareja conformada por dos varones la que se encargue. En la b\u00fasqueda de la familia adoptiva de la joven indican que esta es \u201csociable, comprensiva y reflexiva\u201d.\" \/>\n<meta property=\"og:url\" content=\"https:\/\/noticiasmercedinas.com\/site\/2021\/06\/26\/convocan-a-quienes-quieran-adoptar-a-una-adolescente\/\" \/>\n<meta property=\"og:site_name\" content=\"NOTICIASMERCEDINAS.COM\" \/>\n<meta property=\"article:publisher\" content=\"https:\/\/www.facebook.com\/noticiasmercedinas\/\" \/>\n<meta property=\"article:published_time\" content=\"2021-06-26T23:55:38+00:00\" \/>\n<meta property=\"article:modified_time\" content=\"2021-06-27T00:08:08+00:00\" \/>\n<meta property=\"og:image\" content=\"https:\/\/noticiasmercedinas.com\/site\/wp-content\/uploads\/2021\/06\/adop.jpg\" \/>\n\t<meta property=\"og:image:width\" content=\"512\" \/>\n\t<meta property=\"og:image:height\" content=\"329\" \/>\n\t<meta property=\"og:image:type\" content=\"image\/jpeg\" \/>\n<meta name=\"author\" content=\"NOTICIASMERCEDINAS.COM\" \/>\n<meta name=\"twitter:card\" content=\"summary_large_image\" \/>\n<meta name=\"twitter:creator\" content=\"@notmercedinas\" \/>\n<meta name=\"twitter:site\" content=\"@notmercedinas\" \/>\n<meta name=\"twitter:label1\" content=\"Escrito por\" \/>\n\t<meta name=\"twitter:data1\" content=\"NOTICIASMERCEDINAS.COM\" \/>\n\t<meta name=\"twitter:label2\" content=\"Tiempo de lectura\" \/>\n\t<meta name=\"twitter:data2\" content=\"2 minutos\" \/>\n<script type=\"application\/ld+json\" class=\"yoast-schema-graph\">{\"@context\":\"https:\\\/\\\/schema.org\",\"@graph\":[{\"@type\":\"Article\",\"@id\":\"https:\\\/\\\/noticiasmercedinas.com\\\/site\\\/2021\\\/06\\\/26\\\/convocan-a-quienes-quieran-adoptar-a-una-adolescente\\\/#article\",\"isPartOf\":{\"@id\":\"https:\\\/\\\/noticiasmercedinas.com\\\/site\\\/2021\\\/06\\\/26\\\/convocan-a-quienes-quieran-adoptar-a-una-adolescente\\\/\"},\"author\":{\"name\":\"NOTICIASMERCEDINAS.COM\",\"@id\":\"https:\\\/\\\/noticiasmercedinas.com\\\/site\\\/#\\\/schema\\\/person\\\/84b59c099c28ff2e8b77d4ceec5d8063\"},\"headline\":\"Convocan a quienes quieran adoptar a una adolescente\",\"datePublished\":\"2021-06-26T23:55:38+00:00\",\"dateModified\":\"2021-06-27T00:08:08+00:00\",\"mainEntityOfPage\":{\"@id\":\"https:\\\/\\\/noticiasmercedinas.com\\\/site\\\/2021\\\/06\\\/26\\\/convocan-a-quienes-quieran-adoptar-a-una-adolescente\\\/\"},\"wordCount\":248,\"commentCount\":0,\"publisher\":{\"@id\":\"https:\\\/\\\/noticiasmercedinas.com\\\/site\\\/#organization\"},\"image\":{\"@id\":\"https:\\\/\\\/noticiasmercedinas.com\\\/site\\\/2021\\\/06\\\/26\\\/convocan-a-quienes-quieran-adoptar-a-una-adolescente\\\/#primaryimage\"},\"thumbnailUrl\":\"https:\\\/\\\/noticiasmercedinas.com\\\/site\\\/wp-content\\\/uploads\\\/2021\\\/06\\\/adop.jpg\",\"keywords\":[\"adopcion\",\"juzgado de familia\"],\"articleSection\":[\"Sociedad\"],\"inLanguage\":\"es\",\"potentialAction\":[{\"@type\":\"CommentAction\",\"name\":\"Comment\",\"target\":[\"https:\\\/\\\/noticiasmercedinas.com\\\/site\\\/2021\\\/06\\\/26\\\/convocan-a-quienes-quieran-adoptar-a-una-adolescente\\\/#respond\"]}]},{\"@type\":\"WebPage\",\"@id\":\"https:\\\/\\\/noticiasmercedinas.com\\\/site\\\/2021\\\/06\\\/26\\\/convocan-a-quienes-quieran-adoptar-a-una-adolescente\\\/\",\"url\":\"https:\\\/\\\/noticiasmercedinas.com\\\/site\\\/2021\\\/06\\\/26\\\/convocan-a-quienes-quieran-adoptar-a-una-adolescente\\\/\",\"name\":\"Convocan a quienes quieran adoptar a una adolescente\",\"isPartOf\":{\"@id\":\"https:\\\/\\\/noticiasmercedinas.com\\\/site\\\/#website\"},\"primaryImageOfPage\":{\"@id\":\"https:\\\/\\\/noticiasmercedinas.com\\\/site\\\/2021\\\/06\\\/26\\\/convocan-a-quienes-quieran-adoptar-a-una-adolescente\\\/#primaryimage\"},\"image\":{\"@id\":\"https:\\\/\\\/noticiasmercedinas.com\\\/site\\\/2021\\\/06\\\/26\\\/convocan-a-quienes-quieran-adoptar-a-una-adolescente\\\/#primaryimage\"},\"thumbnailUrl\":\"https:\\\/\\\/noticiasmercedinas.com\\\/site\\\/wp-content\\\/uploads\\\/2021\\\/06\\\/adop.jpg\",\"datePublished\":\"2021-06-26T23:55:38+00:00\",\"dateModified\":\"2021-06-27T00:08:08+00:00\",\"breadcrumb\":{\"@id\":\"https:\\\/\\\/noticiasmercedinas.com\\\/site\\\/2021\\\/06\\\/26\\\/convocan-a-quienes-quieran-adoptar-a-una-adolescente\\\/#breadcrumb\"},\"inLanguage\":\"es\",\"potentialAction\":[{\"@type\":\"ReadAction\",\"target\":[\"https:\\\/\\\/noticiasmercedinas.com\\\/site\\\/2021\\\/06\\\/26\\\/convocan-a-quienes-quieran-adoptar-a-una-adolescente\\\/\"]}]},{\"@type\":\"ImageObject\",\"inLanguage\":\"es\",\"@id\":\"https:\\\/\\\/noticiasmercedinas.com\\\/site\\\/2021\\\/06\\\/26\\\/convocan-a-quienes-quieran-adoptar-a-una-adolescente\\\/#primaryimage\",\"url\":\"https:\\\/\\\/noticiasmercedinas.com\\\/site\\\/wp-content\\\/uploads\\\/2021\\\/06\\\/adop.jpg\",\"contentUrl\":\"https:\\\/\\\/noticiasmercedinas.com\\\/site\\\/wp-content\\\/uploads\\\/2021\\\/06\\\/adop.jpg\",\"width\":512,\"height\":329},{\"@type\":\"BreadcrumbList\",\"@id\":\"https:\\\/\\\/noticiasmercedinas.com\\\/site\\\/2021\\\/06\\\/26\\\/convocan-a-quienes-quieran-adoptar-a-una-adolescente\\\/#breadcrumb\",\"itemListElement\":[{\"@type\":\"ListItem\",\"position\":1,\"name\":\"Portada\",\"item\":\"https:\\\/\\\/noticiasmercedinas.com\\\/site\\\/\"},{\"@type\":\"ListItem\",\"position\":2,\"name\":\"Convocan a quienes quieran adoptar a una adolescente\"}]},{\"@type\":\"WebSite\",\"@id\":\"https:\\\/\\\/noticiasmercedinas.com\\\/site\\\/#website\",\"url\":\"https:\\\/\\\/noticiasmercedinas.com\\\/site\\\/\",\"name\":\"NOTICIASMERCEDINAS.COM\",\"description\":\"Mercedes, Buenos Aires, Argentina\",\"publisher\":{\"@id\":\"https:\\\/\\\/noticiasmercedinas.com\\\/site\\\/#organization\"},\"potentialAction\":[{\"@type\":\"SearchAction\",\"target\":{\"@type\":\"EntryPoint\",\"urlTemplate\":\"https:\\\/\\\/noticiasmercedinas.com\\\/site\\\/?s={search_term_string}\"},\"query-input\":{\"@type\":\"PropertyValueSpecification\",\"valueRequired\":true,\"valueName\":\"search_term_string\"}}],\"inLanguage\":\"es\"},{\"@type\":\"Organization\",\"@id\":\"https:\\\/\\\/noticiasmercedinas.com\\\/site\\\/#organization\",\"name\":\"NOTICIASMERCEDINAS.COM\",\"url\":\"https:\\\/\\\/noticiasmercedinas.com\\\/site\\\/\",\"logo\":{\"@type\":\"ImageObject\",\"inLanguage\":\"es\",\"@id\":\"https:\\\/\\\/noticiasmercedinas.com\\\/site\\\/#\\\/schema\\\/logo\\\/image\\\/\",\"url\":\"https:\\\/\\\/noticiasmercedinas.com\\\/site\\\/wp-content\\\/uploads\\\/2020\\\/06\\\/LOGO-512.jpg\",\"contentUrl\":\"https:\\\/\\\/noticiasmercedinas.com\\\/site\\\/wp-content\\\/uploads\\\/2020\\\/06\\\/LOGO-512.jpg\",\"width\":512,\"height\":512,\"caption\":\"NOTICIASMERCEDINAS.COM\"},\"image\":{\"@id\":\"https:\\\/\\\/noticiasmercedinas.com\\\/site\\\/#\\\/schema\\\/logo\\\/image\\\/\"},\"sameAs\":[\"https:\\\/\\\/www.facebook.com\\\/noticiasmercedinas\\\/\",\"https:\\\/\\\/x.com\\\/notmercedinas\",\"https:\\\/\\\/www.instagram.com\\\/noticiasmercedinas\\\/\"]},{\"@type\":\"Person\",\"@id\":\"https:\\\/\\\/noticiasmercedinas.com\\\/site\\\/#\\\/schema\\\/person\\\/84b59c099c28ff2e8b77d4ceec5d8063\",\"name\":\"NOTICIASMERCEDINAS.COM\",\"image\":{\"@type\":\"ImageObject\",\"inLanguage\":\"es\",\"@id\":\"https:\\\/\\\/secure.gravatar.com\\\/avatar\\\/4dfbf16b4d17945bfb6341b2d19043457132fcf478a5ee04f42e959fd8f5df0a?s=96&d=mm&r=g\",\"url\":\"https:\\\/\\\/secure.gravatar.com\\\/avatar\\\/4dfbf16b4d17945bfb6341b2d19043457132fcf478a5ee04f42e959fd8f5df0a?s=96&d=mm&r=g\",\"contentUrl\":\"https:\\\/\\\/secure.gravatar.com\\\/avatar\\\/4dfbf16b4d17945bfb6341b2d19043457132fcf478a5ee04f42e959fd8f5df0a?s=96&d=mm&r=g\",\"caption\":\"NOTICIASMERCEDINAS.COM\"},\"url\":\"https:\\\/\\\/noticiasmercedinas.com\\\/site\\\/author\\\/anonimo\\\/\"}]}<\/script>\n<!-- \/ Yoast SEO plugin. -->","yoast_head_json":{"title":"Convocan a quienes quieran adoptar a una adolescente","robots":{"index":"index","follow":"follow","max-snippet":"max-snippet:-1","max-image-preview":"max-image-preview:large","max-video-preview":"max-video-preview:-1"},"canonical":"https:\/\/noticiasmercedinas.com\/site\/2021\/06\/26\/convocan-a-quienes-quieran-adoptar-a-una-adolescente\/","og_locale":"es_ES","og_type":"article","og_title":"Convocan a quienes quieran adoptar a una adolescente","og_description":"\u25a0 Desde el Juzgado de Familia 2 se busca que sea una pareja conformada por dos varones la que se encargue. En la b\u00fasqueda de la familia adoptiva de la joven indican que esta es \u201csociable, comprensiva y reflexiva\u201d.","og_url":"https:\/\/noticiasmercedinas.com\/site\/2021\/06\/26\/convocan-a-quienes-quieran-adoptar-a-una-adolescente\/","og_site_name":"NOTICIASMERCEDINAS.COM","article_publisher":"https:\/\/www.facebook.com\/noticiasmercedinas\/","article_published_time":"2021-06-26T23:55:38+00:00","article_modified_time":"2021-06-27T00:08:08+00:00","og_image":[{"width":512,"height":329,"url":"https:\/\/noticiasmercedinas.com\/site\/wp-content\/uploads\/2021\/06\/adop.jpg","type":"image\/jpeg"}],"author":"NOTICIASMERCEDINAS.COM","twitter_card":"summary_large_image","twitter_creator":"@notmercedinas","twitter_site":"@notmercedinas","twitter_misc":{"Escrito por":"NOTICIASMERCEDINAS.COM","Tiempo de lectura":"2 minutos"},"schema":{"@context":"https:\/\/schema.org","@graph":[{"@type":"Article","@id":"https:\/\/noticiasmercedinas.com\/site\/2021\/06\/26\/convocan-a-quienes-quieran-adoptar-a-una-adolescente\/#article","isPartOf":{"@id":"https:\/\/noticiasmercedinas.com\/site\/2021\/06\/26\/convocan-a-quienes-quieran-adoptar-a-una-adolescente\/"},"author":{"name":"NOTICIASMERCEDINAS.COM","@id":"https:\/\/noticiasmercedinas.com\/site\/#\/schema\/person\/84b59c099c28ff2e8b77d4ceec5d8063"},"headline":"Convocan a quienes quieran adoptar a una adolescente","datePublished":"2021-06-26T23:55:38+00:00","dateModified":"2021-06-27T00:08:08+00:00","mainEntityOfPage":{"@id":"https:\/\/noticiasmercedinas.com\/site\/2021\/06\/26\/convocan-a-quienes-quieran-adoptar-a-una-adolescente\/"},"wordCount":248,"commentCount":0,"publisher":{"@id":"https:\/\/noticiasmercedinas.com\/site\/#organization"},"image":{"@id":"https:\/\/noticiasmercedinas.com\/site\/2021\/06\/26\/convocan-a-quienes-quieran-adoptar-a-una-adolescente\/#primaryimage"},"thumbnailUrl":"https:\/\/noticiasmercedinas.com\/site\/wp-content\/uploads\/2021\/06\/adop.jpg","keywords":["adopcion","juzgado de familia"],"articleSection":["Sociedad"],"inLanguage":"es","potentialAction":[{"@type":"CommentAction","name":"Comment","target":["https:\/\/noticiasmercedinas.com\/site\/2021\/06\/26\/convocan-a-quienes-quieran-adoptar-a-una-adolescente\/#respond"]}]},{"@type":"WebPage","@id":"https:\/\/noticiasmercedinas.com\/site\/2021\/06\/26\/convocan-a-quienes-quieran-adoptar-a-una-adolescente\/","url":"https:\/\/noticiasmercedinas.com\/site\/2021\/06\/26\/convocan-a-quienes-quieran-adoptar-a-una-adolescente\/","name":"Convocan a quienes quieran adoptar a una adolescente","isPartOf":{"@id":"https:\/\/noticiasmercedinas.com\/site\/#website"},"primaryImageOfPage":{"@id":"https:\/\/noticiasmercedinas.com\/site\/2021\/06\/26\/convocan-a-quienes-quieran-adoptar-a-una-adolescente\/#primaryimage"},"image":{"@id":"https:\/\/noticiasmercedinas.com\/site\/2021\/06\/26\/convocan-a-quienes-quieran-adoptar-a-una-adolescente\/#primaryimage"},"thumbnailUrl":"https:\/\/noticiasmercedinas.com\/site\/wp-content\/uploads\/2021\/06\/adop.jpg","datePublished":"2021-06-26T23:55:38+00:00","dateModified":"2021-06-27T00:08:08+00:00","breadcrumb":{"@id":"https:\/\/noticiasmercedinas.com\/site\/2021\/06\/26\/convocan-a-quienes-quieran-adoptar-a-una-adolescente\/#breadcrumb"},"inLanguage":"es","potentialAction":[{"@type":"ReadAction","target":["https:\/\/noticiasmercedinas.com\/site\/2021\/06\/26\/convocan-a-quienes-quieran-adoptar-a-una-adolescente\/"]}]},{"@type":"ImageObject","inLanguage":"es","@id":"https:\/\/noticiasmercedinas.com\/site\/2021\/06\/26\/convocan-a-quienes-quieran-adoptar-a-una-adolescente\/#primaryimage","url":"https:\/\/noticiasmercedinas.com\/site\/wp-content\/uploads\/2021\/06\/adop.jpg","contentUrl":"https:\/\/noticiasmercedinas.com\/site\/wp-content\/uploads\/2021\/06\/adop.jpg","width":512,"height":329},{"@type":"BreadcrumbList","@id":"https:\/\/noticiasmercedinas.com\/site\/2021\/06\/26\/convocan-a-quienes-quieran-adoptar-a-una-adolescente\/#breadcrumb","itemListElement":[{"@type":"ListItem","position":1,"name":"Portada","item":"https:\/\/noticiasmercedinas.com\/site\/"},{"@type":"ListItem","position":2,"name":"Convocan a quienes quieran adoptar a una adolescente"}]},{"@type":"WebSite","@id":"https:\/\/noticiasmercedinas.com\/site\/#website","url":"https:\/\/noticiasmercedinas.com\/site\/","name":"NOTICIASMERCEDINAS.COM","description":"Mercedes, Buenos Aires, Argentina","publisher":{"@id":"https:\/\/noticiasmercedinas.com\/site\/#organization"},"potentialAction":[{"@type":"SearchAction","target":{"@type":"EntryPoint","urlTemplate":"https:\/\/noticiasmercedinas.com\/site\/?s={search_term_string}"},"query-input":{"@type":"PropertyValueSpecification","valueRequired":true,"valueName":"search_term_string"}}],"inLanguage":"es"},{"@type":"Organization","@id":"https:\/\/noticiasmercedinas.com\/site\/#organization","name":"NOTICIASMERCEDINAS.COM","url":"https:\/\/noticiasmercedinas.com\/site\/","logo":{"@type":"ImageObject","inLanguage":"es","@id":"https:\/\/noticiasmercedinas.com\/site\/#\/schema\/logo\/image\/","url":"https:\/\/noticiasmercedinas.com\/site\/wp-content\/uploads\/2020\/06\/LOGO-512.jpg","contentUrl":"https:\/\/noticiasmercedinas.com\/site\/wp-content\/uploads\/2020\/06\/LOGO-512.jpg","width":512,"height":512,"caption":"NOTICIASMERCEDINAS.COM"},"image":{"@id":"https:\/\/noticiasmercedinas.com\/site\/#\/schema\/logo\/image\/"},"sameAs":["https:\/\/www.facebook.com\/noticiasmercedinas\/","https:\/\/x.com\/notmercedinas","https:\/\/www.instagram.com\/noticiasmercedinas\/"]},{"@type":"Person","@id":"https:\/\/noticiasmercedinas.com\/site\/#\/schema\/person\/84b59c099c28ff2e8b77d4ceec5d8063","name":"NOTICIASMERCEDINAS.COM","image":{"@type":"ImageObject","inLanguage":"es","@id":"https:\/\/secure.gravatar.com\/avatar\/4dfbf16b4d17945bfb6341b2d19043457132fcf478a5ee04f42e959fd8f5df0a?s=96&d=mm&r=g","url":"https:\/\/secure.gravatar.com\/avatar\/4dfbf16b4d17945bfb6341b2d19043457132fcf478a5ee04f42e959fd8f5df0a?s=96&d=mm&r=g","contentUrl":"https:\/\/secure.gravatar.com\/avatar\/4dfbf16b4d17945bfb6341b2d19043457132fcf478a5ee04f42e959fd8f5df0a?s=96&d=mm&r=g","caption":"NOTICIASMERCEDINAS.COM"},"url":"https:\/\/noticiasmercedinas.com\/site\/author\/anonimo\/"}]}},"amp_enabled":true,"_links":{"self":[{"href":"https:\/\/noticiasmercedinas.com\/site\/wp-json\/wp\/v2\/posts\/69885","targetHints":{"allow":["GET"]}}],"collection":[{"href":"https:\/\/noticiasmercedinas.com\/site\/wp-json\/wp\/v2\/posts"}],"about":[{"href":"https:\/\/noticiasmercedinas.com\/site\/wp-json\/wp\/v2\/types\/post"}],"author":[{"embeddable":true,"href":"https:\/\/noticiasmercedinas.com\/site\/wp-json\/wp\/v2\/users\/16"}],"replies":[{"embeddable":true,"href":"https:\/\/noticiasmercedinas.com\/site\/wp-json\/wp\/v2\/comments?post=69885"}],"version-history":[{"count":2,"href":"https:\/\/noticiasmercedinas.com\/site\/wp-json\/wp\/v2\/posts\/69885\/revisions"}],"predecessor-version":[{"id":69889,"href":"https:\/\/noticiasmercedinas.com\/site\/wp-json\/wp\/v2\/posts\/69885\/revisions\/69889"}],"wp:featuredmedia":[{"embeddable":true,"href":"https:\/\/noticiasmercedinas.com\/site\/wp-json\/wp\/v2\/media\/69887"}],"wp:attachment":[{"href":"https:\/\/noticiasmercedinas.com\/site\/wp-json\/wp\/v2\/media?parent=69885"}],"wp:term":[{"taxonomy":"category","embeddable":true,"href":"https:\/\/noticiasmercedinas.com\/site\/wp-json\/wp\/v2\/categories?post=69885"},{"taxonomy":"post_tag","embeddable":true,"href":"https:\/\/noticiasmercedinas.com\/site\/wp-json\/wp\/v2\/tags?post=69885"}],"curies":[{"name":"wp","href":"https:\/\/api.w.org\/{rel}","templated":true}]}}