{"id":71114,"date":"2021-07-18T19:23:36","date_gmt":"2021-07-18T22:23:36","guid":{"rendered":"https:\/\/noticiasmercedinas.com\/site\/?p=71114"},"modified":"2021-07-18T19:23:36","modified_gmt":"2021-07-18T22:23:36","slug":"tomas-jofre-jerarquizan-y-reabren-estacion-de-trenes","status":"publish","type":"post","link":"https:\/\/noticiasmercedinas.com\/site\/2021\/07\/18\/tomas-jofre-jerarquizan-y-reabren-estacion-de-trenes\/","title":{"rendered":"Tom\u00e1s Jofr\u00e9: jerarquizan y reabren estaci\u00f3n de trenes"},"content":{"rendered":"<p><img loading=\"lazy\" decoding=\"async\" class=\"alignnone size-full wp-image-71117\" src=\"https:\/\/noticiasmercedinas.com\/site\/wp-content\/uploads\/2021\/07\/DSC08733.jpg\" alt=\"\" width=\"922\" height=\"615\" srcset=\"https:\/\/noticiasmercedinas.com\/site\/wp-content\/uploads\/2021\/07\/DSC08733.jpg 922w, https:\/\/noticiasmercedinas.com\/site\/wp-content\/uploads\/2021\/07\/DSC08733-300x200.jpg 300w, https:\/\/noticiasmercedinas.com\/site\/wp-content\/uploads\/2021\/07\/DSC08733-768x512.jpg 768w, https:\/\/noticiasmercedinas.com\/site\/wp-content\/uploads\/2021\/07\/DSC08733-640x427.jpg 640w, https:\/\/noticiasmercedinas.com\/site\/wp-content\/uploads\/2021\/07\/DSC08733-681x454.jpg 681w\" sizes=\"auto, (max-width: 922px) 100vw, 922px\" \/><\/p>\n<p>El intendente Juan Ustarroz recibi\u00f3 este domingo a funcionarios de Trenes Argentinos para la reapertura de la recuperada estaci\u00f3n de trenes de Tom\u00e1s Jofr\u00e9. Adem\u00e1s, se present\u00f3 un ambicioso plan de infraestructura para las estaciones de Jofr\u00e9 y Altamira. En el lugar ya funciona, tambi\u00e9n, un sector wi-fi y nuevas c\u00e1maras de seguridad. Fueron parte de la actividad el funcionario nacional Mart\u00edn Pastor que expuso el ante proyecto de obra, el director de Turismo, Mart\u00edn Boragno, y la secretaria de Gobierno, Clara Zunino.<\/p>\n<p>Quien primero tom\u00f3 la palabra fue Mart\u00edn Boragno, director de Turismo. \u201cEstamos content\u00edsimos porque despu\u00e9s de mucho proyectar y planificar nos encontramos en el marco de la semana de vacaciones de invierno con esta puesta en valor de la Estaci\u00f3n de Tom\u00e1s Jofr\u00e9, su jerarquizaci\u00f3n y recupero patrimonial de un s\u00edmbolo hist\u00f3rico del pueblo, con adem\u00e1s la posibilidad de disfrutar del lugar con el Mercado Sustentable y los productores agroecol\u00f3gicos todos los domingos generando trabajo y este, en espacial, con el Paseo del Jacarand\u00e1 complement\u00e1ndose con la conocida plaza de Tom\u00e1s Jofr\u00e9 y sus 105 artesanos\u201d, manifest\u00f3 el funcionario.<\/p>\n<p>\u201cEste espacio recuperado para las y los vecinos es algo que nos enorgullece y en los personales deseo remarcar la tarea de las y los trabajadores municipales, los cooperativistas, que desde hace 4 meses que pudimos acceder a este lugar no dejaron de trabajar para ponerlo en valor\u201d, narr\u00f3 y destac\u00f3 a \u201cTom\u00e1s Heinrich, maestro carpintero que recuper\u00f3 las aberturas, los sectores originales de madera, a la comunidad de Jofr\u00e9 que siempre nos acompa\u00f1aron\u201d.<\/p>\n<p>\u201cEn lo personal haber nacido en esta localidad y haber vivido el momento en que dej\u00f3 de funcionar el tren es algo que me emociona much\u00edsimo y pido permiso para contar que esta ma\u00f1ana hablaba con mi mam\u00e1 y mi pap\u00e1 y agradec\u00edan y felicitaban por esto, por recuperar el patrimonio, la historia, los lugares compartidos. Nos llena de orgullo y por eso quer\u00eda contar que esta ma\u00f1ana, mi pap\u00e1, como tantos otros vecinos del lugar, con sus 86 a\u00f1os, se emocion\u00f3 hasta las l\u00e1grimas y me resulta sumamente simb\u00f3lico\u201d, sostuvo el director de Turismo, contando una experiencia que grafica muchas otras.<\/p>\n<p><img loading=\"lazy\" decoding=\"async\" class=\"alignnone size-full wp-image-71116\" src=\"https:\/\/noticiasmercedinas.com\/site\/wp-content\/uploads\/2021\/07\/DJI_20210718_154456_54.jpg\" alt=\"\" width=\"820\" height=\"615\" srcset=\"https:\/\/noticiasmercedinas.com\/site\/wp-content\/uploads\/2021\/07\/DJI_20210718_154456_54.jpg 820w, https:\/\/noticiasmercedinas.com\/site\/wp-content\/uploads\/2021\/07\/DJI_20210718_154456_54-300x225.jpg 300w, https:\/\/noticiasmercedinas.com\/site\/wp-content\/uploads\/2021\/07\/DJI_20210718_154456_54-768x576.jpg 768w, https:\/\/noticiasmercedinas.com\/site\/wp-content\/uploads\/2021\/07\/DJI_20210718_154456_54-80x60.jpg 80w, https:\/\/noticiasmercedinas.com\/site\/wp-content\/uploads\/2021\/07\/DJI_20210718_154456_54-160x120.jpg 160w, https:\/\/noticiasmercedinas.com\/site\/wp-content\/uploads\/2021\/07\/DJI_20210718_154456_54-100x75.jpg 100w, https:\/\/noticiasmercedinas.com\/site\/wp-content\/uploads\/2021\/07\/DJI_20210718_154456_54-200x150.jpg 200w, https:\/\/noticiasmercedinas.com\/site\/wp-content\/uploads\/2021\/07\/DJI_20210718_154456_54-180x135.jpg 180w, https:\/\/noticiasmercedinas.com\/site\/wp-content\/uploads\/2021\/07\/DJI_20210718_154456_54-360x270.jpg 360w, https:\/\/noticiasmercedinas.com\/site\/wp-content\/uploads\/2021\/07\/DJI_20210718_154456_54-238x178.jpg 238w, https:\/\/noticiasmercedinas.com\/site\/wp-content\/uploads\/2021\/07\/DJI_20210718_154456_54-476x356.jpg 476w, https:\/\/noticiasmercedinas.com\/site\/wp-content\/uploads\/2021\/07\/DJI_20210718_154456_54-640x480.jpg 640w, https:\/\/noticiasmercedinas.com\/site\/wp-content\/uploads\/2021\/07\/DJI_20210718_154456_54-681x511.jpg 681w\" sizes=\"auto, (max-width: 820px) 100vw, 820px\" \/><\/p>\n<p>Por su parte, Mart\u00edn Pastor, de Trenes Argentinos, cont\u00f3: \u201cEstamos felices porque nos invitaron a participar de esta jornada y queremos contarles que venimos trabajando fuertemente en el relevamiento completo e integral de la estaci\u00f3n, tanto de Jofr\u00e9 como de Altamira, para poder poner en valor ambos espacios\u201d.<\/p>\n<p>\u201cEstamos trabajando en los anteproyectos para generar una estaci\u00f3n y en el futuro concretar el medio de transporte tur\u00edstico que conecte las localidades rurales as\u00ed que muy felices y toralmente agradecidos\u201d, dijo.<\/p>\n<p>\u201cHace rato venimos recorriendo el tramo y la zona con la Municipalidad para tener las determinaciones t\u00e9cnicas para intervenir y poner en valor todo y estamos muy avanzados en el relevamiento del espacio tanto urban\u00edstico como ferroviario para ampliar este espacio que la verdad, intendente, es muy aconsejable para venir y visitar\u201d, destac\u00f3 Mart\u00edn Pastor, funcionario y t\u00e9cnico de Trenes Argentinos.<\/p>\n<p><img loading=\"lazy\" decoding=\"async\" class=\"alignnone size-full wp-image-71118\" src=\"https:\/\/noticiasmercedinas.com\/site\/wp-content\/uploads\/2021\/07\/218320682_4156337104460083_4354613451687365459_n.jpg\" alt=\"\" width=\"581\" height=\"581\" srcset=\"https:\/\/noticiasmercedinas.com\/site\/wp-content\/uploads\/2021\/07\/218320682_4156337104460083_4354613451687365459_n.jpg 581w, https:\/\/noticiasmercedinas.com\/site\/wp-content\/uploads\/2021\/07\/218320682_4156337104460083_4354613451687365459_n-300x300.jpg 300w, https:\/\/noticiasmercedinas.com\/site\/wp-content\/uploads\/2021\/07\/218320682_4156337104460083_4354613451687365459_n-150x150.jpg 150w\" sizes=\"auto, (max-width: 581px) 100vw, 581px\" \/><\/p>\n<p>Por su parte, el intendente Ustarroz dej\u00f3 su saludo a Dami\u00e1n Contreras y a cada uno de los que estuvieron trabajando. \u00abEs domingo y contamos con la presencia de funcionarios nacionales trayendo propuestas y planes para concretar en conjunto con la ciudad de Mercedes, por eso para nosotros esto es un gran orgullo, y denota mucho compromiso y profesionalismo\u00bb, mencion\u00f3.<\/p>\n<p>Tambi\u00e9n record\u00f3 que \u201ces algo integral esta actividad, el jueves pasado estuvimos con la UBA y el sector tur\u00edstico presentando una plataforma digital y actividades de promoci\u00f3n y protecci\u00f3n del sector y ahora con este domingo lleno de actividades y la reapertura de esta Estaci\u00f3n que recupera su esplendor y es algo sumamente importante, as\u00ed como hace unos a\u00f1os recuperamos La Trocha recuperar este predio para todo el pueblo y el turismo es muy valioso\u201d. E indic\u00f3 que \u201cver el Vivi Mercedes, el Descubr\u00ed Mercedes, es porque en la agenda post pandemia el turismo, el empleo, la puesta en valor de los lugares hist\u00f3ricos es un camino a seguir\u201d, mencionando su agradecimiento al gobierno nacional por el acompa\u00f1amiento y apoyo constante al pueblo de Mercedes.<\/p>\n<p><strong>Actividades<\/strong><br \/>\nAdem\u00e1s de la apertura de la Estaci\u00f3n, recuperada y puesta en valor, se pudo disfrutar del Mercado Sustentable, el Paseo del Jacarand\u00e1, el Paseo de Artesanos y una muestra art\u00edstica a cargo del Museo del Arte.<\/p>\n<p>En el polo gastron\u00f3mico, tambi\u00e9n, se vivi\u00f3 un domingo completo con turistas cuyas reservas previas se distribuyeron en los distintos restaurantes y sectores de comida del pueblo.<\/p>\n<p><img loading=\"lazy\" decoding=\"async\" class=\"alignnone size-full wp-image-71119\" src=\"https:\/\/noticiasmercedinas.com\/site\/wp-content\/uploads\/2021\/07\/218198813_4156336877793439_6492243772369005087_n.jpg\" alt=\"\" width=\"581\" height=\"581\" srcset=\"https:\/\/noticiasmercedinas.com\/site\/wp-content\/uploads\/2021\/07\/218198813_4156336877793439_6492243772369005087_n.jpg 581w, https:\/\/noticiasmercedinas.com\/site\/wp-content\/uploads\/2021\/07\/218198813_4156336877793439_6492243772369005087_n-300x300.jpg 300w, https:\/\/noticiasmercedinas.com\/site\/wp-content\/uploads\/2021\/07\/218198813_4156336877793439_6492243772369005087_n-150x150.jpg 150w\" sizes=\"auto, (max-width: 581px) 100vw, 581px\" \/><\/p>\n","protected":false},"excerpt":{"rendered":"<p>\u25a0 Funcionarios de Trenes Argentinos fueron parte de la reapertura de la recuperada estaci\u00f3n de trenes de Tom\u00e1s Jofr\u00e9. Adem\u00e1s, se present\u00f3 un ambicioso plan de infraestructura para las estaciones de Jofr\u00e9 y Altamira<\/p>\n","protected":false},"author":16,"featured_media":71117,"comment_status":"open","ping_status":"open","sticky":false,"template":"","format":"standard","meta":{"footnotes":""},"categories":[3],"tags":[2553,199,1116,3163],"class_list":["post-71114","post","type-post","status-publish","format-standard","has-post-thumbnail","hentry","category-sociedad","tag-altamira","tag-tomas-jofre","tag-tren","tag-trenes-argentinos"],"yoast_head":"<!-- This site is optimized with the Yoast SEO plugin v27.5 - https:\/\/yoast.com\/product\/yoast-seo-wordpress\/ -->\n<title>Tom\u00e1s Jofr\u00e9: jerarquizan y reabren estaci\u00f3n de trenes<\/title>\n<meta name=\"robots\" content=\"index, follow, max-snippet:-1, max-image-preview:large, max-video-preview:-1\" \/>\n<link rel=\"canonical\" href=\"https:\/\/noticiasmercedinas.com\/site\/2021\/07\/18\/tomas-jofre-jerarquizan-y-reabren-estacion-de-trenes\/\" \/>\n<meta property=\"og:locale\" content=\"es_ES\" \/>\n<meta property=\"og:type\" content=\"article\" \/>\n<meta property=\"og:title\" content=\"Tom\u00e1s Jofr\u00e9: jerarquizan y reabren estaci\u00f3n de trenes\" \/>\n<meta property=\"og:description\" content=\"\u25a0 Funcionarios de Trenes Argentinos fueron parte de la reapertura de la recuperada estaci\u00f3n de trenes de Tom\u00e1s Jofr\u00e9. Adem\u00e1s, se present\u00f3 un ambicioso plan de infraestructura para las estaciones de Jofr\u00e9 y Altamira\" \/>\n<meta property=\"og:url\" content=\"https:\/\/noticiasmercedinas.com\/site\/2021\/07\/18\/tomas-jofre-jerarquizan-y-reabren-estacion-de-trenes\/\" \/>\n<meta property=\"og:site_name\" content=\"NOTICIASMERCEDINAS.COM\" \/>\n<meta property=\"article:publisher\" content=\"https:\/\/www.facebook.com\/noticiasmercedinas\/\" \/>\n<meta property=\"article:published_time\" content=\"2021-07-18T22:23:36+00:00\" \/>\n<meta property=\"og:image\" content=\"https:\/\/noticiasmercedinas.com\/site\/wp-content\/uploads\/2021\/07\/DSC08733.jpg\" \/>\n\t<meta property=\"og:image:width\" content=\"922\" \/>\n\t<meta property=\"og:image:height\" content=\"615\" \/>\n\t<meta property=\"og:image:type\" content=\"image\/jpeg\" \/>\n<meta name=\"author\" content=\"NOTICIASMERCEDINAS.COM\" \/>\n<meta name=\"twitter:card\" content=\"summary_large_image\" \/>\n<meta name=\"twitter:creator\" content=\"@notmercedinas\" \/>\n<meta name=\"twitter:site\" content=\"@notmercedinas\" \/>\n<meta name=\"twitter:label1\" content=\"Escrito por\" \/>\n\t<meta name=\"twitter:data1\" content=\"NOTICIASMERCEDINAS.COM\" \/>\n\t<meta name=\"twitter:label2\" content=\"Tiempo de lectura\" \/>\n\t<meta name=\"twitter:data2\" content=\"5 minutos\" \/>\n<script type=\"application\/ld+json\" class=\"yoast-schema-graph\">{\"@context\":\"https:\\\/\\\/schema.org\",\"@graph\":[{\"@type\":\"Article\",\"@id\":\"https:\\\/\\\/noticiasmercedinas.com\\\/site\\\/2021\\\/07\\\/18\\\/tomas-jofre-jerarquizan-y-reabren-estacion-de-trenes\\\/#article\",\"isPartOf\":{\"@id\":\"https:\\\/\\\/noticiasmercedinas.com\\\/site\\\/2021\\\/07\\\/18\\\/tomas-jofre-jerarquizan-y-reabren-estacion-de-trenes\\\/\"},\"author\":{\"name\":\"NOTICIASMERCEDINAS.COM\",\"@id\":\"https:\\\/\\\/noticiasmercedinas.com\\\/site\\\/#\\\/schema\\\/person\\\/84b59c099c28ff2e8b77d4ceec5d8063\"},\"headline\":\"Tom\u00e1s Jofr\u00e9: jerarquizan y reabren estaci\u00f3n de trenes\",\"datePublished\":\"2021-07-18T22:23:36+00:00\",\"mainEntityOfPage\":{\"@id\":\"https:\\\/\\\/noticiasmercedinas.com\\\/site\\\/2021\\\/07\\\/18\\\/tomas-jofre-jerarquizan-y-reabren-estacion-de-trenes\\\/\"},\"wordCount\":806,\"commentCount\":0,\"publisher\":{\"@id\":\"https:\\\/\\\/noticiasmercedinas.com\\\/site\\\/#organization\"},\"image\":{\"@id\":\"https:\\\/\\\/noticiasmercedinas.com\\\/site\\\/2021\\\/07\\\/18\\\/tomas-jofre-jerarquizan-y-reabren-estacion-de-trenes\\\/#primaryimage\"},\"thumbnailUrl\":\"https:\\\/\\\/noticiasmercedinas.com\\\/site\\\/wp-content\\\/uploads\\\/2021\\\/07\\\/DSC08733.jpg\",\"keywords\":[\"altamira\",\"tomas jofre\",\"Tren\",\"Trenes Argentinos\"],\"articleSection\":[\"Sociedad\"],\"inLanguage\":\"es\",\"potentialAction\":[{\"@type\":\"CommentAction\",\"name\":\"Comment\",\"target\":[\"https:\\\/\\\/noticiasmercedinas.com\\\/site\\\/2021\\\/07\\\/18\\\/tomas-jofre-jerarquizan-y-reabren-estacion-de-trenes\\\/#respond\"]}]},{\"@type\":\"WebPage\",\"@id\":\"https:\\\/\\\/noticiasmercedinas.com\\\/site\\\/2021\\\/07\\\/18\\\/tomas-jofre-jerarquizan-y-reabren-estacion-de-trenes\\\/\",\"url\":\"https:\\\/\\\/noticiasmercedinas.com\\\/site\\\/2021\\\/07\\\/18\\\/tomas-jofre-jerarquizan-y-reabren-estacion-de-trenes\\\/\",\"name\":\"Tom\u00e1s Jofr\u00e9: jerarquizan y reabren estaci\u00f3n de trenes\",\"isPartOf\":{\"@id\":\"https:\\\/\\\/noticiasmercedinas.com\\\/site\\\/#website\"},\"primaryImageOfPage\":{\"@id\":\"https:\\\/\\\/noticiasmercedinas.com\\\/site\\\/2021\\\/07\\\/18\\\/tomas-jofre-jerarquizan-y-reabren-estacion-de-trenes\\\/#primaryimage\"},\"image\":{\"@id\":\"https:\\\/\\\/noticiasmercedinas.com\\\/site\\\/2021\\\/07\\\/18\\\/tomas-jofre-jerarquizan-y-reabren-estacion-de-trenes\\\/#primaryimage\"},\"thumbnailUrl\":\"https:\\\/\\\/noticiasmercedinas.com\\\/site\\\/wp-content\\\/uploads\\\/2021\\\/07\\\/DSC08733.jpg\",\"datePublished\":\"2021-07-18T22:23:36+00:00\",\"breadcrumb\":{\"@id\":\"https:\\\/\\\/noticiasmercedinas.com\\\/site\\\/2021\\\/07\\\/18\\\/tomas-jofre-jerarquizan-y-reabren-estacion-de-trenes\\\/#breadcrumb\"},\"inLanguage\":\"es\",\"potentialAction\":[{\"@type\":\"ReadAction\",\"target\":[\"https:\\\/\\\/noticiasmercedinas.com\\\/site\\\/2021\\\/07\\\/18\\\/tomas-jofre-jerarquizan-y-reabren-estacion-de-trenes\\\/\"]}]},{\"@type\":\"ImageObject\",\"inLanguage\":\"es\",\"@id\":\"https:\\\/\\\/noticiasmercedinas.com\\\/site\\\/2021\\\/07\\\/18\\\/tomas-jofre-jerarquizan-y-reabren-estacion-de-trenes\\\/#primaryimage\",\"url\":\"https:\\\/\\\/noticiasmercedinas.com\\\/site\\\/wp-content\\\/uploads\\\/2021\\\/07\\\/DSC08733.jpg\",\"contentUrl\":\"https:\\\/\\\/noticiasmercedinas.com\\\/site\\\/wp-content\\\/uploads\\\/2021\\\/07\\\/DSC08733.jpg\",\"width\":922,\"height\":615},{\"@type\":\"BreadcrumbList\",\"@id\":\"https:\\\/\\\/noticiasmercedinas.com\\\/site\\\/2021\\\/07\\\/18\\\/tomas-jofre-jerarquizan-y-reabren-estacion-de-trenes\\\/#breadcrumb\",\"itemListElement\":[{\"@type\":\"ListItem\",\"position\":1,\"name\":\"Portada\",\"item\":\"https:\\\/\\\/noticiasmercedinas.com\\\/site\\\/\"},{\"@type\":\"ListItem\",\"position\":2,\"name\":\"Tom\u00e1s Jofr\u00e9: jerarquizan y reabren estaci\u00f3n de trenes\"}]},{\"@type\":\"WebSite\",\"@id\":\"https:\\\/\\\/noticiasmercedinas.com\\\/site\\\/#website\",\"url\":\"https:\\\/\\\/noticiasmercedinas.com\\\/site\\\/\",\"name\":\"NOTICIASMERCEDINAS.COM\",\"description\":\"Mercedes, Buenos Aires, Argentina\",\"publisher\":{\"@id\":\"https:\\\/\\\/noticiasmercedinas.com\\\/site\\\/#organization\"},\"potentialAction\":[{\"@type\":\"SearchAction\",\"target\":{\"@type\":\"EntryPoint\",\"urlTemplate\":\"https:\\\/\\\/noticiasmercedinas.com\\\/site\\\/?s={search_term_string}\"},\"query-input\":{\"@type\":\"PropertyValueSpecification\",\"valueRequired\":true,\"valueName\":\"search_term_string\"}}],\"inLanguage\":\"es\"},{\"@type\":\"Organization\",\"@id\":\"https:\\\/\\\/noticiasmercedinas.com\\\/site\\\/#organization\",\"name\":\"NOTICIASMERCEDINAS.COM\",\"url\":\"https:\\\/\\\/noticiasmercedinas.com\\\/site\\\/\",\"logo\":{\"@type\":\"ImageObject\",\"inLanguage\":\"es\",\"@id\":\"https:\\\/\\\/noticiasmercedinas.com\\\/site\\\/#\\\/schema\\\/logo\\\/image\\\/\",\"url\":\"https:\\\/\\\/noticiasmercedinas.com\\\/site\\\/wp-content\\\/uploads\\\/2020\\\/06\\\/LOGO-512.jpg\",\"contentUrl\":\"https:\\\/\\\/noticiasmercedinas.com\\\/site\\\/wp-content\\\/uploads\\\/2020\\\/06\\\/LOGO-512.jpg\",\"width\":512,\"height\":512,\"caption\":\"NOTICIASMERCEDINAS.COM\"},\"image\":{\"@id\":\"https:\\\/\\\/noticiasmercedinas.com\\\/site\\\/#\\\/schema\\\/logo\\\/image\\\/\"},\"sameAs\":[\"https:\\\/\\\/www.facebook.com\\\/noticiasmercedinas\\\/\",\"https:\\\/\\\/x.com\\\/notmercedinas\",\"https:\\\/\\\/www.instagram.com\\\/noticiasmercedinas\\\/\"]},{\"@type\":\"Person\",\"@id\":\"https:\\\/\\\/noticiasmercedinas.com\\\/site\\\/#\\\/schema\\\/person\\\/84b59c099c28ff2e8b77d4ceec5d8063\",\"name\":\"NOTICIASMERCEDINAS.COM\",\"image\":{\"@type\":\"ImageObject\",\"inLanguage\":\"es\",\"@id\":\"https:\\\/\\\/secure.gravatar.com\\\/avatar\\\/4dfbf16b4d17945bfb6341b2d19043457132fcf478a5ee04f42e959fd8f5df0a?s=96&d=mm&r=g\",\"url\":\"https:\\\/\\\/secure.gravatar.com\\\/avatar\\\/4dfbf16b4d17945bfb6341b2d19043457132fcf478a5ee04f42e959fd8f5df0a?s=96&d=mm&r=g\",\"contentUrl\":\"https:\\\/\\\/secure.gravatar.com\\\/avatar\\\/4dfbf16b4d17945bfb6341b2d19043457132fcf478a5ee04f42e959fd8f5df0a?s=96&d=mm&r=g\",\"caption\":\"NOTICIASMERCEDINAS.COM\"},\"url\":\"https:\\\/\\\/noticiasmercedinas.com\\\/site\\\/author\\\/anonimo\\\/\"}]}<\/script>\n<!-- \/ Yoast SEO plugin. -->","yoast_head_json":{"title":"Tom\u00e1s Jofr\u00e9: jerarquizan y reabren estaci\u00f3n de trenes","robots":{"index":"index","follow":"follow","max-snippet":"max-snippet:-1","max-image-preview":"max-image-preview:large","max-video-preview":"max-video-preview:-1"},"canonical":"https:\/\/noticiasmercedinas.com\/site\/2021\/07\/18\/tomas-jofre-jerarquizan-y-reabren-estacion-de-trenes\/","og_locale":"es_ES","og_type":"article","og_title":"Tom\u00e1s Jofr\u00e9: jerarquizan y reabren estaci\u00f3n de trenes","og_description":"\u25a0 Funcionarios de Trenes Argentinos fueron parte de la reapertura de la recuperada estaci\u00f3n de trenes de Tom\u00e1s Jofr\u00e9. Adem\u00e1s, se present\u00f3 un ambicioso plan de infraestructura para las estaciones de Jofr\u00e9 y Altamira","og_url":"https:\/\/noticiasmercedinas.com\/site\/2021\/07\/18\/tomas-jofre-jerarquizan-y-reabren-estacion-de-trenes\/","og_site_name":"NOTICIASMERCEDINAS.COM","article_publisher":"https:\/\/www.facebook.com\/noticiasmercedinas\/","article_published_time":"2021-07-18T22:23:36+00:00","og_image":[{"width":922,"height":615,"url":"https:\/\/noticiasmercedinas.com\/site\/wp-content\/uploads\/2021\/07\/DSC08733.jpg","type":"image\/jpeg"}],"author":"NOTICIASMERCEDINAS.COM","twitter_card":"summary_large_image","twitter_creator":"@notmercedinas","twitter_site":"@notmercedinas","twitter_misc":{"Escrito por":"NOTICIASMERCEDINAS.COM","Tiempo de lectura":"5 minutos"},"schema":{"@context":"https:\/\/schema.org","@graph":[{"@type":"Article","@id":"https:\/\/noticiasmercedinas.com\/site\/2021\/07\/18\/tomas-jofre-jerarquizan-y-reabren-estacion-de-trenes\/#article","isPartOf":{"@id":"https:\/\/noticiasmercedinas.com\/site\/2021\/07\/18\/tomas-jofre-jerarquizan-y-reabren-estacion-de-trenes\/"},"author":{"name":"NOTICIASMERCEDINAS.COM","@id":"https:\/\/noticiasmercedinas.com\/site\/#\/schema\/person\/84b59c099c28ff2e8b77d4ceec5d8063"},"headline":"Tom\u00e1s Jofr\u00e9: jerarquizan y reabren estaci\u00f3n de trenes","datePublished":"2021-07-18T22:23:36+00:00","mainEntityOfPage":{"@id":"https:\/\/noticiasmercedinas.com\/site\/2021\/07\/18\/tomas-jofre-jerarquizan-y-reabren-estacion-de-trenes\/"},"wordCount":806,"commentCount":0,"publisher":{"@id":"https:\/\/noticiasmercedinas.com\/site\/#organization"},"image":{"@id":"https:\/\/noticiasmercedinas.com\/site\/2021\/07\/18\/tomas-jofre-jerarquizan-y-reabren-estacion-de-trenes\/#primaryimage"},"thumbnailUrl":"https:\/\/noticiasmercedinas.com\/site\/wp-content\/uploads\/2021\/07\/DSC08733.jpg","keywords":["altamira","tomas jofre","Tren","Trenes Argentinos"],"articleSection":["Sociedad"],"inLanguage":"es","potentialAction":[{"@type":"CommentAction","name":"Comment","target":["https:\/\/noticiasmercedinas.com\/site\/2021\/07\/18\/tomas-jofre-jerarquizan-y-reabren-estacion-de-trenes\/#respond"]}]},{"@type":"WebPage","@id":"https:\/\/noticiasmercedinas.com\/site\/2021\/07\/18\/tomas-jofre-jerarquizan-y-reabren-estacion-de-trenes\/","url":"https:\/\/noticiasmercedinas.com\/site\/2021\/07\/18\/tomas-jofre-jerarquizan-y-reabren-estacion-de-trenes\/","name":"Tom\u00e1s Jofr\u00e9: jerarquizan y reabren estaci\u00f3n de trenes","isPartOf":{"@id":"https:\/\/noticiasmercedinas.com\/site\/#website"},"primaryImageOfPage":{"@id":"https:\/\/noticiasmercedinas.com\/site\/2021\/07\/18\/tomas-jofre-jerarquizan-y-reabren-estacion-de-trenes\/#primaryimage"},"image":{"@id":"https:\/\/noticiasmercedinas.com\/site\/2021\/07\/18\/tomas-jofre-jerarquizan-y-reabren-estacion-de-trenes\/#primaryimage"},"thumbnailUrl":"https:\/\/noticiasmercedinas.com\/site\/wp-content\/uploads\/2021\/07\/DSC08733.jpg","datePublished":"2021-07-18T22:23:36+00:00","breadcrumb":{"@id":"https:\/\/noticiasmercedinas.com\/site\/2021\/07\/18\/tomas-jofre-jerarquizan-y-reabren-estacion-de-trenes\/#breadcrumb"},"inLanguage":"es","potentialAction":[{"@type":"ReadAction","target":["https:\/\/noticiasmercedinas.com\/site\/2021\/07\/18\/tomas-jofre-jerarquizan-y-reabren-estacion-de-trenes\/"]}]},{"@type":"ImageObject","inLanguage":"es","@id":"https:\/\/noticiasmercedinas.com\/site\/2021\/07\/18\/tomas-jofre-jerarquizan-y-reabren-estacion-de-trenes\/#primaryimage","url":"https:\/\/noticiasmercedinas.com\/site\/wp-content\/uploads\/2021\/07\/DSC08733.jpg","contentUrl":"https:\/\/noticiasmercedinas.com\/site\/wp-content\/uploads\/2021\/07\/DSC08733.jpg","width":922,"height":615},{"@type":"BreadcrumbList","@id":"https:\/\/noticiasmercedinas.com\/site\/2021\/07\/18\/tomas-jofre-jerarquizan-y-reabren-estacion-de-trenes\/#breadcrumb","itemListElement":[{"@type":"ListItem","position":1,"name":"Portada","item":"https:\/\/noticiasmercedinas.com\/site\/"},{"@type":"ListItem","position":2,"name":"Tom\u00e1s Jofr\u00e9: jerarquizan y reabren estaci\u00f3n de trenes"}]},{"@type":"WebSite","@id":"https:\/\/noticiasmercedinas.com\/site\/#website","url":"https:\/\/noticiasmercedinas.com\/site\/","name":"NOTICIASMERCEDINAS.COM","description":"Mercedes, Buenos Aires, Argentina","publisher":{"@id":"https:\/\/noticiasmercedinas.com\/site\/#organization"},"potentialAction":[{"@type":"SearchAction","target":{"@type":"EntryPoint","urlTemplate":"https:\/\/noticiasmercedinas.com\/site\/?s={search_term_string}"},"query-input":{"@type":"PropertyValueSpecification","valueRequired":true,"valueName":"search_term_string"}}],"inLanguage":"es"},{"@type":"Organization","@id":"https:\/\/noticiasmercedinas.com\/site\/#organization","name":"NOTICIASMERCEDINAS.COM","url":"https:\/\/noticiasmercedinas.com\/site\/","logo":{"@type":"ImageObject","inLanguage":"es","@id":"https:\/\/noticiasmercedinas.com\/site\/#\/schema\/logo\/image\/","url":"https:\/\/noticiasmercedinas.com\/site\/wp-content\/uploads\/2020\/06\/LOGO-512.jpg","contentUrl":"https:\/\/noticiasmercedinas.com\/site\/wp-content\/uploads\/2020\/06\/LOGO-512.jpg","width":512,"height":512,"caption":"NOTICIASMERCEDINAS.COM"},"image":{"@id":"https:\/\/noticiasmercedinas.com\/site\/#\/schema\/logo\/image\/"},"sameAs":["https:\/\/www.facebook.com\/noticiasmercedinas\/","https:\/\/x.com\/notmercedinas","https:\/\/www.instagram.com\/noticiasmercedinas\/"]},{"@type":"Person","@id":"https:\/\/noticiasmercedinas.com\/site\/#\/schema\/person\/84b59c099c28ff2e8b77d4ceec5d8063","name":"NOTICIASMERCEDINAS.COM","image":{"@type":"ImageObject","inLanguage":"es","@id":"https:\/\/secure.gravatar.com\/avatar\/4dfbf16b4d17945bfb6341b2d19043457132fcf478a5ee04f42e959fd8f5df0a?s=96&d=mm&r=g","url":"https:\/\/secure.gravatar.com\/avatar\/4dfbf16b4d17945bfb6341b2d19043457132fcf478a5ee04f42e959fd8f5df0a?s=96&d=mm&r=g","contentUrl":"https:\/\/secure.gravatar.com\/avatar\/4dfbf16b4d17945bfb6341b2d19043457132fcf478a5ee04f42e959fd8f5df0a?s=96&d=mm&r=g","caption":"NOTICIASMERCEDINAS.COM"},"url":"https:\/\/noticiasmercedinas.com\/site\/author\/anonimo\/"}]}},"amp_enabled":true,"_links":{"self":[{"href":"https:\/\/noticiasmercedinas.com\/site\/wp-json\/wp\/v2\/posts\/71114","targetHints":{"allow":["GET"]}}],"collection":[{"href":"https:\/\/noticiasmercedinas.com\/site\/wp-json\/wp\/v2\/posts"}],"about":[{"href":"https:\/\/noticiasmercedinas.com\/site\/wp-json\/wp\/v2\/types\/post"}],"author":[{"embeddable":true,"href":"https:\/\/noticiasmercedinas.com\/site\/wp-json\/wp\/v2\/users\/16"}],"replies":[{"embeddable":true,"href":"https:\/\/noticiasmercedinas.com\/site\/wp-json\/wp\/v2\/comments?post=71114"}],"version-history":[{"count":1,"href":"https:\/\/noticiasmercedinas.com\/site\/wp-json\/wp\/v2\/posts\/71114\/revisions"}],"predecessor-version":[{"id":71120,"href":"https:\/\/noticiasmercedinas.com\/site\/wp-json\/wp\/v2\/posts\/71114\/revisions\/71120"}],"wp:featuredmedia":[{"embeddable":true,"href":"https:\/\/noticiasmercedinas.com\/site\/wp-json\/wp\/v2\/media\/71117"}],"wp:attachment":[{"href":"https:\/\/noticiasmercedinas.com\/site\/wp-json\/wp\/v2\/media?parent=71114"}],"wp:term":[{"taxonomy":"category","embeddable":true,"href":"https:\/\/noticiasmercedinas.com\/site\/wp-json\/wp\/v2\/categories?post=71114"},{"taxonomy":"post_tag","embeddable":true,"href":"https:\/\/noticiasmercedinas.com\/site\/wp-json\/wp\/v2\/tags?post=71114"}],"curies":[{"name":"wp","href":"https:\/\/api.w.org\/{rel}","templated":true}]}}