{"id":71267,"date":"2021-07-20T19:30:00","date_gmt":"2021-07-20T22:30:00","guid":{"rendered":"https:\/\/noticiasmercedinas.com\/site\/?p=71267"},"modified":"2021-07-20T19:30:00","modified_gmt":"2021-07-20T22:30:00","slug":"arranco-el-disfrute-familiar-con-actividades-culturales-en-vacaciones","status":"publish","type":"post","link":"https:\/\/noticiasmercedinas.com\/site\/2021\/07\/20\/arranco-el-disfrute-familiar-con-actividades-culturales-en-vacaciones\/","title":{"rendered":"Arranc\u00f3 el disfrute familiar con actividades culturales en vacaciones"},"content":{"rendered":"<p><img loading=\"lazy\" decoding=\"async\" class=\"alignnone size-full wp-image-71269\" src=\"https:\/\/noticiasmercedinas.com\/site\/wp-content\/uploads\/2021\/07\/DSC08899.jpg\" alt=\"\" width=\"922\" height=\"615\" srcset=\"https:\/\/noticiasmercedinas.com\/site\/wp-content\/uploads\/2021\/07\/DSC08899.jpg 922w, https:\/\/noticiasmercedinas.com\/site\/wp-content\/uploads\/2021\/07\/DSC08899-300x200.jpg 300w, https:\/\/noticiasmercedinas.com\/site\/wp-content\/uploads\/2021\/07\/DSC08899-768x512.jpg 768w, https:\/\/noticiasmercedinas.com\/site\/wp-content\/uploads\/2021\/07\/DSC08899-640x427.jpg 640w, https:\/\/noticiasmercedinas.com\/site\/wp-content\/uploads\/2021\/07\/DSC08899-681x454.jpg 681w\" sizes=\"auto, (max-width: 922px) 100vw, 922px\" \/><\/p>\n<p>Durante estas vacaciones de invierno, y mediante cuidados sanitarios protocolizados, el Municipio de Mercedes desarrolla m\u00faltiples actividades para toda la familia, ni\u00f1os y ni\u00f1as. Al aire libre y buscando la recreaci\u00f3n, el juego y aprendizaje.<\/p>\n<p><strong>Luc\u00eda Capaccio<\/strong>, quien es directora de Cultura, unas de las \u00e1reas encargadas en la planificaci\u00f3n y ejecuci\u00f3n de las mismas, se\u00f1al\u00f3 : \u201cComo todos los a\u00f1os -exceptuando los m\u00e1s complicados por la pandemia- vamos con las distintas \u00e1reas preparando alternativas para las infancias y todas las familias\u201d.<\/p>\n<p>\u201cEste a\u00f1o desde la Direcci\u00f3n de Ni\u00f1ez y Adolescencia, en conjunto con Salud, Educaci\u00f3n, Servicios P\u00fablicos, Deportes y Cultura, preparamos distintas propuestas, siempre en espacios seguros y preparados. Recreamos lugares de aprendizaje y de encuentro para las infancias que tanto lo necesitan, con todos los protocolos garantizados, pidi\u00e9ndoles a las familias que sean consientes al momento de visitar cada espacio para que estas acciones se puedan seguir desarrollando\u201d, dijo.<\/p>\n<p>\u201cCreemos que es muy necesario generar todo este tipo de espacios, donde ya hace mucho tiempo estamos transcurriendo esta pandemia, por eso pensamos estos lugares de aprendizaje y entretenimiento para todas las familias\u201d, asegur\u00f3 Capaccio.<\/p>\n<p>\u201cLa actividad del \u00e1rea de cultura se va a proponer en el play\u00f3n del parque (viejo) donde estaba la cantina, donde todo el equipo, junto a servicios p\u00fablicos, est\u00e1n armando un especie de circo al aire libre, sin carpa (por la situaci\u00f3n epidemiol\u00f3gica) donde habr\u00e1, de mi\u00e9rcoles a domingo, las pr\u00f3ximas dos semanas, dos funciones, a las 14:00 la primera y a las 15:30 la segunda\u201d, explic\u00f3 y agreg\u00f3: \u201cLe pedimos a las familias que vayan media hora antes de cada funci\u00f3n, para poder recibir la entrada. Se har\u00e1 con modalidad burbuja, cada familia podr\u00e1 sentarse. Una vez que se llena se cierra hasta la pr\u00f3xima funci\u00f3n\u201d.<\/p>\n<p>\u201cTodas las actividades son para toda la familia, libres y gratuitas, y en caso de lluvia se suspenden porque se realizan al aire libre\u201d, se\u00f1al\u00f3 Capaccio.<\/p>\n<p><strong>El Ameghino sale a la calle<\/strong><br \/>\nPor otro lado, Luc\u00eda Capaccio cont\u00f3 la actividad que se desarrollar\u00e1 durante estas vacaciones, denominada \u201cEl Ameghino sale a la calle\u201d: \u201cTodos los a\u00f1os el Ameghino explota porque ofrecen actividades hermosas, y a partir de este mi\u00e9rcoles comienzan a partir de las 14:00 horas, donde habr\u00e1 \u201cBicisaurios\u201d, taller de m\u00e1scaras de dinosaurios, bibliotecas, contar\u00e1n cuentos, todas se realizar\u00e1n mediante protocolos, por lo que pedimos a quienes concurran, el uso de barbijo y distanciamiento para que se puedan llevar adelante\u201d.<\/p>\n<p><img loading=\"lazy\" decoding=\"async\" class=\"alignnone size-full wp-image-71268\" src=\"https:\/\/noticiasmercedinas.com\/site\/wp-content\/uploads\/2021\/07\/DSC08901.jpg\" alt=\"\" width=\"922\" height=\"615\" srcset=\"https:\/\/noticiasmercedinas.com\/site\/wp-content\/uploads\/2021\/07\/DSC08901.jpg 922w, https:\/\/noticiasmercedinas.com\/site\/wp-content\/uploads\/2021\/07\/DSC08901-300x200.jpg 300w, https:\/\/noticiasmercedinas.com\/site\/wp-content\/uploads\/2021\/07\/DSC08901-768x512.jpg 768w, https:\/\/noticiasmercedinas.com\/site\/wp-content\/uploads\/2021\/07\/DSC08901-640x427.jpg 640w, https:\/\/noticiasmercedinas.com\/site\/wp-content\/uploads\/2021\/07\/DSC08901-681x454.jpg 681w\" sizes=\"auto, (max-width: 922px) 100vw, 922px\" \/><\/p>\n","protected":false},"excerpt":{"rendered":"<p>Durante estas vacaciones de invierno, y mediante cuidados sanitarios protocolizados, el Municipio de Mercedes desarrolla m\u00faltiples actividades para toda la familia, ni\u00f1os y ni\u00f1as. Al aire libre y buscando la recreaci\u00f3n, el juego y aprendizaje. Luc\u00eda Capaccio, quien es directora de Cultura, unas de las \u00e1reas encargadas en la planificaci\u00f3n y ejecuci\u00f3n de las mismas, [&hellip;]<\/p>\n","protected":false},"author":16,"featured_media":71269,"comment_status":"open","ping_status":"open","sticky":false,"template":"","format":"standard","meta":{"footnotes":""},"categories":[4],"tags":[3070,510,6805,2192,2927,2749],"class_list":["post-71267","post","type-post","status-publish","format-standard","has-post-thumbnail","hentry","category-cultura","tag-circo","tag-cultura","tag-estacion-juego","tag-lucia-capaccio","tag-museo-ameghino","tag-vacaciones"],"yoast_head":"<!-- This site is optimized with the Yoast SEO plugin v27.5 - https:\/\/yoast.com\/product\/yoast-seo-wordpress\/ -->\n<title>Arranc\u00f3 el disfrute familiar con actividades culturales en vacaciones<\/title>\n<meta name=\"robots\" content=\"index, follow, max-snippet:-1, max-image-preview:large, max-video-preview:-1\" \/>\n<link rel=\"canonical\" href=\"https:\/\/noticiasmercedinas.com\/site\/2021\/07\/20\/arranco-el-disfrute-familiar-con-actividades-culturales-en-vacaciones\/\" \/>\n<meta property=\"og:locale\" content=\"es_ES\" \/>\n<meta property=\"og:type\" content=\"article\" \/>\n<meta property=\"og:title\" content=\"Arranc\u00f3 el disfrute familiar con actividades culturales en vacaciones\" \/>\n<meta property=\"og:description\" content=\"Durante estas vacaciones de invierno, y mediante cuidados sanitarios protocolizados, el Municipio de Mercedes desarrolla m\u00faltiples actividades para toda la familia, ni\u00f1os y ni\u00f1as. Al aire libre y buscando la recreaci\u00f3n, el juego y aprendizaje. Luc\u00eda Capaccio, quien es directora de Cultura, unas de las \u00e1reas encargadas en la planificaci\u00f3n y ejecuci\u00f3n de las mismas, [&hellip;]\" \/>\n<meta property=\"og:url\" content=\"https:\/\/noticiasmercedinas.com\/site\/2021\/07\/20\/arranco-el-disfrute-familiar-con-actividades-culturales-en-vacaciones\/\" \/>\n<meta property=\"og:site_name\" content=\"NOTICIASMERCEDINAS.COM\" \/>\n<meta property=\"article:publisher\" content=\"https:\/\/www.facebook.com\/noticiasmercedinas\/\" \/>\n<meta property=\"article:published_time\" content=\"2021-07-20T22:30:00+00:00\" \/>\n<meta property=\"og:image\" content=\"https:\/\/noticiasmercedinas.com\/site\/wp-content\/uploads\/2021\/07\/DSC08899.jpg\" \/>\n\t<meta property=\"og:image:width\" content=\"922\" \/>\n\t<meta property=\"og:image:height\" content=\"615\" \/>\n\t<meta property=\"og:image:type\" content=\"image\/jpeg\" \/>\n<meta name=\"author\" content=\"NOTICIASMERCEDINAS.COM\" \/>\n<meta name=\"twitter:card\" content=\"summary_large_image\" \/>\n<meta name=\"twitter:creator\" content=\"@notmercedinas\" \/>\n<meta name=\"twitter:site\" content=\"@notmercedinas\" \/>\n<meta name=\"twitter:label1\" content=\"Escrito por\" \/>\n\t<meta name=\"twitter:data1\" content=\"NOTICIASMERCEDINAS.COM\" \/>\n\t<meta name=\"twitter:label2\" content=\"Tiempo de lectura\" \/>\n\t<meta name=\"twitter:data2\" content=\"3 minutos\" \/>\n<script type=\"application\/ld+json\" class=\"yoast-schema-graph\">{\"@context\":\"https:\\\/\\\/schema.org\",\"@graph\":[{\"@type\":\"Article\",\"@id\":\"https:\\\/\\\/noticiasmercedinas.com\\\/site\\\/2021\\\/07\\\/20\\\/arranco-el-disfrute-familiar-con-actividades-culturales-en-vacaciones\\\/#article\",\"isPartOf\":{\"@id\":\"https:\\\/\\\/noticiasmercedinas.com\\\/site\\\/2021\\\/07\\\/20\\\/arranco-el-disfrute-familiar-con-actividades-culturales-en-vacaciones\\\/\"},\"author\":{\"name\":\"NOTICIASMERCEDINAS.COM\",\"@id\":\"https:\\\/\\\/noticiasmercedinas.com\\\/site\\\/#\\\/schema\\\/person\\\/84b59c099c28ff2e8b77d4ceec5d8063\"},\"headline\":\"Arranc\u00f3 el disfrute familiar con actividades culturales en vacaciones\",\"datePublished\":\"2021-07-20T22:30:00+00:00\",\"mainEntityOfPage\":{\"@id\":\"https:\\\/\\\/noticiasmercedinas.com\\\/site\\\/2021\\\/07\\\/20\\\/arranco-el-disfrute-familiar-con-actividades-culturales-en-vacaciones\\\/\"},\"wordCount\":442,\"commentCount\":0,\"publisher\":{\"@id\":\"https:\\\/\\\/noticiasmercedinas.com\\\/site\\\/#organization\"},\"image\":{\"@id\":\"https:\\\/\\\/noticiasmercedinas.com\\\/site\\\/2021\\\/07\\\/20\\\/arranco-el-disfrute-familiar-con-actividades-culturales-en-vacaciones\\\/#primaryimage\"},\"thumbnailUrl\":\"https:\\\/\\\/noticiasmercedinas.com\\\/site\\\/wp-content\\\/uploads\\\/2021\\\/07\\\/DSC08899.jpg\",\"keywords\":[\"circo\",\"cultura\",\"estacion juego\",\"Luc\u00eda Capaccio\",\"museo ameghino\",\"vacaciones\"],\"articleSection\":[\"Cultura\"],\"inLanguage\":\"es\",\"potentialAction\":[{\"@type\":\"CommentAction\",\"name\":\"Comment\",\"target\":[\"https:\\\/\\\/noticiasmercedinas.com\\\/site\\\/2021\\\/07\\\/20\\\/arranco-el-disfrute-familiar-con-actividades-culturales-en-vacaciones\\\/#respond\"]}]},{\"@type\":\"WebPage\",\"@id\":\"https:\\\/\\\/noticiasmercedinas.com\\\/site\\\/2021\\\/07\\\/20\\\/arranco-el-disfrute-familiar-con-actividades-culturales-en-vacaciones\\\/\",\"url\":\"https:\\\/\\\/noticiasmercedinas.com\\\/site\\\/2021\\\/07\\\/20\\\/arranco-el-disfrute-familiar-con-actividades-culturales-en-vacaciones\\\/\",\"name\":\"Arranc\u00f3 el disfrute familiar con actividades culturales en vacaciones\",\"isPartOf\":{\"@id\":\"https:\\\/\\\/noticiasmercedinas.com\\\/site\\\/#website\"},\"primaryImageOfPage\":{\"@id\":\"https:\\\/\\\/noticiasmercedinas.com\\\/site\\\/2021\\\/07\\\/20\\\/arranco-el-disfrute-familiar-con-actividades-culturales-en-vacaciones\\\/#primaryimage\"},\"image\":{\"@id\":\"https:\\\/\\\/noticiasmercedinas.com\\\/site\\\/2021\\\/07\\\/20\\\/arranco-el-disfrute-familiar-con-actividades-culturales-en-vacaciones\\\/#primaryimage\"},\"thumbnailUrl\":\"https:\\\/\\\/noticiasmercedinas.com\\\/site\\\/wp-content\\\/uploads\\\/2021\\\/07\\\/DSC08899.jpg\",\"datePublished\":\"2021-07-20T22:30:00+00:00\",\"breadcrumb\":{\"@id\":\"https:\\\/\\\/noticiasmercedinas.com\\\/site\\\/2021\\\/07\\\/20\\\/arranco-el-disfrute-familiar-con-actividades-culturales-en-vacaciones\\\/#breadcrumb\"},\"inLanguage\":\"es\",\"potentialAction\":[{\"@type\":\"ReadAction\",\"target\":[\"https:\\\/\\\/noticiasmercedinas.com\\\/site\\\/2021\\\/07\\\/20\\\/arranco-el-disfrute-familiar-con-actividades-culturales-en-vacaciones\\\/\"]}]},{\"@type\":\"ImageObject\",\"inLanguage\":\"es\",\"@id\":\"https:\\\/\\\/noticiasmercedinas.com\\\/site\\\/2021\\\/07\\\/20\\\/arranco-el-disfrute-familiar-con-actividades-culturales-en-vacaciones\\\/#primaryimage\",\"url\":\"https:\\\/\\\/noticiasmercedinas.com\\\/site\\\/wp-content\\\/uploads\\\/2021\\\/07\\\/DSC08899.jpg\",\"contentUrl\":\"https:\\\/\\\/noticiasmercedinas.com\\\/site\\\/wp-content\\\/uploads\\\/2021\\\/07\\\/DSC08899.jpg\",\"width\":922,\"height\":615},{\"@type\":\"BreadcrumbList\",\"@id\":\"https:\\\/\\\/noticiasmercedinas.com\\\/site\\\/2021\\\/07\\\/20\\\/arranco-el-disfrute-familiar-con-actividades-culturales-en-vacaciones\\\/#breadcrumb\",\"itemListElement\":[{\"@type\":\"ListItem\",\"position\":1,\"name\":\"Portada\",\"item\":\"https:\\\/\\\/noticiasmercedinas.com\\\/site\\\/\"},{\"@type\":\"ListItem\",\"position\":2,\"name\":\"Arranc\u00f3 el disfrute familiar con actividades culturales en vacaciones\"}]},{\"@type\":\"WebSite\",\"@id\":\"https:\\\/\\\/noticiasmercedinas.com\\\/site\\\/#website\",\"url\":\"https:\\\/\\\/noticiasmercedinas.com\\\/site\\\/\",\"name\":\"NOTICIASMERCEDINAS.COM\",\"description\":\"Mercedes, Buenos Aires, Argentina\",\"publisher\":{\"@id\":\"https:\\\/\\\/noticiasmercedinas.com\\\/site\\\/#organization\"},\"potentialAction\":[{\"@type\":\"SearchAction\",\"target\":{\"@type\":\"EntryPoint\",\"urlTemplate\":\"https:\\\/\\\/noticiasmercedinas.com\\\/site\\\/?s={search_term_string}\"},\"query-input\":{\"@type\":\"PropertyValueSpecification\",\"valueRequired\":true,\"valueName\":\"search_term_string\"}}],\"inLanguage\":\"es\"},{\"@type\":\"Organization\",\"@id\":\"https:\\\/\\\/noticiasmercedinas.com\\\/site\\\/#organization\",\"name\":\"NOTICIASMERCEDINAS.COM\",\"url\":\"https:\\\/\\\/noticiasmercedinas.com\\\/site\\\/\",\"logo\":{\"@type\":\"ImageObject\",\"inLanguage\":\"es\",\"@id\":\"https:\\\/\\\/noticiasmercedinas.com\\\/site\\\/#\\\/schema\\\/logo\\\/image\\\/\",\"url\":\"https:\\\/\\\/noticiasmercedinas.com\\\/site\\\/wp-content\\\/uploads\\\/2020\\\/06\\\/LOGO-512.jpg\",\"contentUrl\":\"https:\\\/\\\/noticiasmercedinas.com\\\/site\\\/wp-content\\\/uploads\\\/2020\\\/06\\\/LOGO-512.jpg\",\"width\":512,\"height\":512,\"caption\":\"NOTICIASMERCEDINAS.COM\"},\"image\":{\"@id\":\"https:\\\/\\\/noticiasmercedinas.com\\\/site\\\/#\\\/schema\\\/logo\\\/image\\\/\"},\"sameAs\":[\"https:\\\/\\\/www.facebook.com\\\/noticiasmercedinas\\\/\",\"https:\\\/\\\/x.com\\\/notmercedinas\",\"https:\\\/\\\/www.instagram.com\\\/noticiasmercedinas\\\/\"]},{\"@type\":\"Person\",\"@id\":\"https:\\\/\\\/noticiasmercedinas.com\\\/site\\\/#\\\/schema\\\/person\\\/84b59c099c28ff2e8b77d4ceec5d8063\",\"name\":\"NOTICIASMERCEDINAS.COM\",\"image\":{\"@type\":\"ImageObject\",\"inLanguage\":\"es\",\"@id\":\"https:\\\/\\\/secure.gravatar.com\\\/avatar\\\/4dfbf16b4d17945bfb6341b2d19043457132fcf478a5ee04f42e959fd8f5df0a?s=96&d=mm&r=g\",\"url\":\"https:\\\/\\\/secure.gravatar.com\\\/avatar\\\/4dfbf16b4d17945bfb6341b2d19043457132fcf478a5ee04f42e959fd8f5df0a?s=96&d=mm&r=g\",\"contentUrl\":\"https:\\\/\\\/secure.gravatar.com\\\/avatar\\\/4dfbf16b4d17945bfb6341b2d19043457132fcf478a5ee04f42e959fd8f5df0a?s=96&d=mm&r=g\",\"caption\":\"NOTICIASMERCEDINAS.COM\"},\"url\":\"https:\\\/\\\/noticiasmercedinas.com\\\/site\\\/author\\\/anonimo\\\/\"}]}<\/script>\n<!-- \/ Yoast SEO plugin. -->","yoast_head_json":{"title":"Arranc\u00f3 el disfrute familiar con actividades culturales en vacaciones","robots":{"index":"index","follow":"follow","max-snippet":"max-snippet:-1","max-image-preview":"max-image-preview:large","max-video-preview":"max-video-preview:-1"},"canonical":"https:\/\/noticiasmercedinas.com\/site\/2021\/07\/20\/arranco-el-disfrute-familiar-con-actividades-culturales-en-vacaciones\/","og_locale":"es_ES","og_type":"article","og_title":"Arranc\u00f3 el disfrute familiar con actividades culturales en vacaciones","og_description":"Durante estas vacaciones de invierno, y mediante cuidados sanitarios protocolizados, el Municipio de Mercedes desarrolla m\u00faltiples actividades para toda la familia, ni\u00f1os y ni\u00f1as. Al aire libre y buscando la recreaci\u00f3n, el juego y aprendizaje. Luc\u00eda Capaccio, quien es directora de Cultura, unas de las \u00e1reas encargadas en la planificaci\u00f3n y ejecuci\u00f3n de las mismas, [&hellip;]","og_url":"https:\/\/noticiasmercedinas.com\/site\/2021\/07\/20\/arranco-el-disfrute-familiar-con-actividades-culturales-en-vacaciones\/","og_site_name":"NOTICIASMERCEDINAS.COM","article_publisher":"https:\/\/www.facebook.com\/noticiasmercedinas\/","article_published_time":"2021-07-20T22:30:00+00:00","og_image":[{"width":922,"height":615,"url":"https:\/\/noticiasmercedinas.com\/site\/wp-content\/uploads\/2021\/07\/DSC08899.jpg","type":"image\/jpeg"}],"author":"NOTICIASMERCEDINAS.COM","twitter_card":"summary_large_image","twitter_creator":"@notmercedinas","twitter_site":"@notmercedinas","twitter_misc":{"Escrito por":"NOTICIASMERCEDINAS.COM","Tiempo de lectura":"3 minutos"},"schema":{"@context":"https:\/\/schema.org","@graph":[{"@type":"Article","@id":"https:\/\/noticiasmercedinas.com\/site\/2021\/07\/20\/arranco-el-disfrute-familiar-con-actividades-culturales-en-vacaciones\/#article","isPartOf":{"@id":"https:\/\/noticiasmercedinas.com\/site\/2021\/07\/20\/arranco-el-disfrute-familiar-con-actividades-culturales-en-vacaciones\/"},"author":{"name":"NOTICIASMERCEDINAS.COM","@id":"https:\/\/noticiasmercedinas.com\/site\/#\/schema\/person\/84b59c099c28ff2e8b77d4ceec5d8063"},"headline":"Arranc\u00f3 el disfrute familiar con actividades culturales en vacaciones","datePublished":"2021-07-20T22:30:00+00:00","mainEntityOfPage":{"@id":"https:\/\/noticiasmercedinas.com\/site\/2021\/07\/20\/arranco-el-disfrute-familiar-con-actividades-culturales-en-vacaciones\/"},"wordCount":442,"commentCount":0,"publisher":{"@id":"https:\/\/noticiasmercedinas.com\/site\/#organization"},"image":{"@id":"https:\/\/noticiasmercedinas.com\/site\/2021\/07\/20\/arranco-el-disfrute-familiar-con-actividades-culturales-en-vacaciones\/#primaryimage"},"thumbnailUrl":"https:\/\/noticiasmercedinas.com\/site\/wp-content\/uploads\/2021\/07\/DSC08899.jpg","keywords":["circo","cultura","estacion juego","Luc\u00eda Capaccio","museo ameghino","vacaciones"],"articleSection":["Cultura"],"inLanguage":"es","potentialAction":[{"@type":"CommentAction","name":"Comment","target":["https:\/\/noticiasmercedinas.com\/site\/2021\/07\/20\/arranco-el-disfrute-familiar-con-actividades-culturales-en-vacaciones\/#respond"]}]},{"@type":"WebPage","@id":"https:\/\/noticiasmercedinas.com\/site\/2021\/07\/20\/arranco-el-disfrute-familiar-con-actividades-culturales-en-vacaciones\/","url":"https:\/\/noticiasmercedinas.com\/site\/2021\/07\/20\/arranco-el-disfrute-familiar-con-actividades-culturales-en-vacaciones\/","name":"Arranc\u00f3 el disfrute familiar con actividades culturales en vacaciones","isPartOf":{"@id":"https:\/\/noticiasmercedinas.com\/site\/#website"},"primaryImageOfPage":{"@id":"https:\/\/noticiasmercedinas.com\/site\/2021\/07\/20\/arranco-el-disfrute-familiar-con-actividades-culturales-en-vacaciones\/#primaryimage"},"image":{"@id":"https:\/\/noticiasmercedinas.com\/site\/2021\/07\/20\/arranco-el-disfrute-familiar-con-actividades-culturales-en-vacaciones\/#primaryimage"},"thumbnailUrl":"https:\/\/noticiasmercedinas.com\/site\/wp-content\/uploads\/2021\/07\/DSC08899.jpg","datePublished":"2021-07-20T22:30:00+00:00","breadcrumb":{"@id":"https:\/\/noticiasmercedinas.com\/site\/2021\/07\/20\/arranco-el-disfrute-familiar-con-actividades-culturales-en-vacaciones\/#breadcrumb"},"inLanguage":"es","potentialAction":[{"@type":"ReadAction","target":["https:\/\/noticiasmercedinas.com\/site\/2021\/07\/20\/arranco-el-disfrute-familiar-con-actividades-culturales-en-vacaciones\/"]}]},{"@type":"ImageObject","inLanguage":"es","@id":"https:\/\/noticiasmercedinas.com\/site\/2021\/07\/20\/arranco-el-disfrute-familiar-con-actividades-culturales-en-vacaciones\/#primaryimage","url":"https:\/\/noticiasmercedinas.com\/site\/wp-content\/uploads\/2021\/07\/DSC08899.jpg","contentUrl":"https:\/\/noticiasmercedinas.com\/site\/wp-content\/uploads\/2021\/07\/DSC08899.jpg","width":922,"height":615},{"@type":"BreadcrumbList","@id":"https:\/\/noticiasmercedinas.com\/site\/2021\/07\/20\/arranco-el-disfrute-familiar-con-actividades-culturales-en-vacaciones\/#breadcrumb","itemListElement":[{"@type":"ListItem","position":1,"name":"Portada","item":"https:\/\/noticiasmercedinas.com\/site\/"},{"@type":"ListItem","position":2,"name":"Arranc\u00f3 el disfrute familiar con actividades culturales en vacaciones"}]},{"@type":"WebSite","@id":"https:\/\/noticiasmercedinas.com\/site\/#website","url":"https:\/\/noticiasmercedinas.com\/site\/","name":"NOTICIASMERCEDINAS.COM","description":"Mercedes, Buenos Aires, Argentina","publisher":{"@id":"https:\/\/noticiasmercedinas.com\/site\/#organization"},"potentialAction":[{"@type":"SearchAction","target":{"@type":"EntryPoint","urlTemplate":"https:\/\/noticiasmercedinas.com\/site\/?s={search_term_string}"},"query-input":{"@type":"PropertyValueSpecification","valueRequired":true,"valueName":"search_term_string"}}],"inLanguage":"es"},{"@type":"Organization","@id":"https:\/\/noticiasmercedinas.com\/site\/#organization","name":"NOTICIASMERCEDINAS.COM","url":"https:\/\/noticiasmercedinas.com\/site\/","logo":{"@type":"ImageObject","inLanguage":"es","@id":"https:\/\/noticiasmercedinas.com\/site\/#\/schema\/logo\/image\/","url":"https:\/\/noticiasmercedinas.com\/site\/wp-content\/uploads\/2020\/06\/LOGO-512.jpg","contentUrl":"https:\/\/noticiasmercedinas.com\/site\/wp-content\/uploads\/2020\/06\/LOGO-512.jpg","width":512,"height":512,"caption":"NOTICIASMERCEDINAS.COM"},"image":{"@id":"https:\/\/noticiasmercedinas.com\/site\/#\/schema\/logo\/image\/"},"sameAs":["https:\/\/www.facebook.com\/noticiasmercedinas\/","https:\/\/x.com\/notmercedinas","https:\/\/www.instagram.com\/noticiasmercedinas\/"]},{"@type":"Person","@id":"https:\/\/noticiasmercedinas.com\/site\/#\/schema\/person\/84b59c099c28ff2e8b77d4ceec5d8063","name":"NOTICIASMERCEDINAS.COM","image":{"@type":"ImageObject","inLanguage":"es","@id":"https:\/\/secure.gravatar.com\/avatar\/4dfbf16b4d17945bfb6341b2d19043457132fcf478a5ee04f42e959fd8f5df0a?s=96&d=mm&r=g","url":"https:\/\/secure.gravatar.com\/avatar\/4dfbf16b4d17945bfb6341b2d19043457132fcf478a5ee04f42e959fd8f5df0a?s=96&d=mm&r=g","contentUrl":"https:\/\/secure.gravatar.com\/avatar\/4dfbf16b4d17945bfb6341b2d19043457132fcf478a5ee04f42e959fd8f5df0a?s=96&d=mm&r=g","caption":"NOTICIASMERCEDINAS.COM"},"url":"https:\/\/noticiasmercedinas.com\/site\/author\/anonimo\/"}]}},"amp_enabled":true,"_links":{"self":[{"href":"https:\/\/noticiasmercedinas.com\/site\/wp-json\/wp\/v2\/posts\/71267","targetHints":{"allow":["GET"]}}],"collection":[{"href":"https:\/\/noticiasmercedinas.com\/site\/wp-json\/wp\/v2\/posts"}],"about":[{"href":"https:\/\/noticiasmercedinas.com\/site\/wp-json\/wp\/v2\/types\/post"}],"author":[{"embeddable":true,"href":"https:\/\/noticiasmercedinas.com\/site\/wp-json\/wp\/v2\/users\/16"}],"replies":[{"embeddable":true,"href":"https:\/\/noticiasmercedinas.com\/site\/wp-json\/wp\/v2\/comments?post=71267"}],"version-history":[{"count":1,"href":"https:\/\/noticiasmercedinas.com\/site\/wp-json\/wp\/v2\/posts\/71267\/revisions"}],"predecessor-version":[{"id":71270,"href":"https:\/\/noticiasmercedinas.com\/site\/wp-json\/wp\/v2\/posts\/71267\/revisions\/71270"}],"wp:featuredmedia":[{"embeddable":true,"href":"https:\/\/noticiasmercedinas.com\/site\/wp-json\/wp\/v2\/media\/71269"}],"wp:attachment":[{"href":"https:\/\/noticiasmercedinas.com\/site\/wp-json\/wp\/v2\/media?parent=71267"}],"wp:term":[{"taxonomy":"category","embeddable":true,"href":"https:\/\/noticiasmercedinas.com\/site\/wp-json\/wp\/v2\/categories?post=71267"},{"taxonomy":"post_tag","embeddable":true,"href":"https:\/\/noticiasmercedinas.com\/site\/wp-json\/wp\/v2\/tags?post=71267"}],"curies":[{"name":"wp","href":"https:\/\/api.w.org\/{rel}","templated":true}]}}