{"id":71377,"date":"2021-07-23T13:00:52","date_gmt":"2021-07-23T16:00:52","guid":{"rendered":"https:\/\/noticiasmercedinas.com\/site\/?p=71377"},"modified":"2021-07-23T13:00:52","modified_gmt":"2021-07-23T16:00:52","slug":"concejales-piden-reubicar-la-escuela-de-estetica-1","status":"publish","type":"post","link":"https:\/\/noticiasmercedinas.com\/site\/2021\/07\/23\/concejales-piden-reubicar-la-escuela-de-estetica-1\/","title":{"rendered":"Concejales piden reubicar la Escuela de Est\u00e9tica 1"},"content":{"rendered":"<p><img loading=\"lazy\" decoding=\"async\" class=\"alignnone size-full wp-image-71378\" src=\"https:\/\/noticiasmercedinas.com\/site\/wp-content\/uploads\/2021\/07\/81293990_10159433933973298_7157785027118366720_n.jpg\" alt=\"\" width=\"948\" height=\"562\" srcset=\"https:\/\/noticiasmercedinas.com\/site\/wp-content\/uploads\/2021\/07\/81293990_10159433933973298_7157785027118366720_n.jpg 948w, https:\/\/noticiasmercedinas.com\/site\/wp-content\/uploads\/2021\/07\/81293990_10159433933973298_7157785027118366720_n-300x178.jpg 300w, https:\/\/noticiasmercedinas.com\/site\/wp-content\/uploads\/2021\/07\/81293990_10159433933973298_7157785027118366720_n-768x455.jpg 768w, https:\/\/noticiasmercedinas.com\/site\/wp-content\/uploads\/2021\/07\/81293990_10159433933973298_7157785027118366720_n-640x379.jpg 640w, https:\/\/noticiasmercedinas.com\/site\/wp-content\/uploads\/2021\/07\/81293990_10159433933973298_7157785027118366720_n-681x404.jpg 681w\" sizes=\"auto, (max-width: 948px) 100vw, 948px\" \/><\/p>\n<p>Mediante un proyecto de resoluci\u00f3n los concejales de Juntos por el Cambio solicitan evaluar la reubicaci\u00f3n de la Escuela de Est\u00e9tica 1. Esto, en vista de la situaci\u00f3n y condiciones en la que se encuentra.<\/p>\n<p>Entre los considerandos del texto que presentaron en el Legislativo los ediles recordaron que la Escuela de Educaci\u00f3n Est\u00e9tica n\u00b01 fue creada el 30 de septiembre del a\u00f1o 2009 y que funciona en un espacio dentro de lo que hoy es el ex Instituto Mart\u00edn Rodr\u00edguez.<\/p>\n<p>\u201cLa Escuela de Est\u00e9tica n\u00b01 es una Instituci\u00f3n Educativa de ense\u00f1anza gratuita dependiente de la DGCYE, pero que el espacio f\u00edsico donde funciona depende exclusivamente de la Municipalidad de Mercedes\u201d, indicaron y recordaron que su objetivo es \u201calfabetizar en los lenguajes art\u00edsticos\u201d para Nivel Inicial y Nivel Primario (Talleres de Expresi\u00f3n Pl\u00e1stica &#8211; Expresi\u00f3n Musical &#8211; Expresi\u00f3n Corporal y Expresi\u00f3n Dram\u00e1tica), y Nivel Secundario (Teatro \u2013 Literatura &#8211; Canto y Coro &#8211; Danza Contempor\u00e1nea).<\/p>\n<p>\u201cLa escuela no posee la cantidad de aulas necesarias para todos los lenguajes que brinda ni tampoco las aulas re\u00fanen las condiciones necesarias para el adecuado desarrollo de los talleres, por ejemplo: en su ac\u00fastica &#8211; contaminaci\u00f3n sonora ya que las paredes son tabiques de madera\u201d, plantearon los ediles y remarcaron, adem\u00e1s, que la escuela tiene \u201cgoteras, desprendimiento de mamposter\u00eda y falta de gas\u201d.<\/p>\n<p>El Proyecto de Resoluci\u00f3n es el siguiente<\/p>\n<p><em>Art. 1. El Honorable Concejo Deliberante ver\u00eda con agrado que el gobierno municipal eval\u00fae la posibilidad de reubicar f\u00edsicamente a la Escuela de Est\u00e9tica n\u00ba1, dentro de la ciudad de Mercedes, para que puedan tener un espacio digno y que sea favorable a los procesos pedag\u00f3gicos. <\/em><\/p>\n<p><em>Art. 2. Los vistos y considerando forman parte de la misma. <\/em><\/p>\n<p><em>Art. 3. De forma.<\/em><\/p>\n","protected":false},"excerpt":{"rendered":"<p>\u25a0 Juntos por el Cambio plantea que el Ejecutivo eval\u00fae la posibilidad de reubicarla f\u00edsicamente, para que puedan \u00abtener un espacio digno y que sea favorable a los procesos pedag\u00f3gicos\u00bb.<\/p>\n","protected":false},"author":16,"featured_media":71378,"comment_status":"open","ping_status":"open","sticky":false,"template":"","format":"standard","meta":{"footnotes":""},"categories":[16],"tags":[243,9020,5269],"class_list":["post-71377","post","type-post","status-publish","format-standard","has-post-thumbnail","hentry","category-politica","tag-concejo-deliberante","tag-escuela-de-educacion-estetica","tag-juntos-por-el-cambio"],"yoast_head":"<!-- This site is optimized with the Yoast SEO plugin v27.4 - https:\/\/yoast.com\/product\/yoast-seo-wordpress\/ -->\n<title>Concejales piden reubicar la Escuela de Est\u00e9tica 1<\/title>\n<meta name=\"robots\" content=\"index, follow, max-snippet:-1, max-image-preview:large, max-video-preview:-1\" \/>\n<link rel=\"canonical\" href=\"https:\/\/noticiasmercedinas.com\/site\/2021\/07\/23\/concejales-piden-reubicar-la-escuela-de-estetica-1\/\" \/>\n<meta property=\"og:locale\" content=\"es_ES\" \/>\n<meta property=\"og:type\" content=\"article\" \/>\n<meta property=\"og:title\" content=\"Concejales piden reubicar la Escuela de Est\u00e9tica 1\" \/>\n<meta property=\"og:description\" content=\"\u25a0 Juntos por el Cambio plantea que el Ejecutivo eval\u00fae la posibilidad de reubicarla f\u00edsicamente, para que puedan &quot;tener un espacio digno y que sea favorable a los procesos pedag\u00f3gicos&quot;.\" \/>\n<meta property=\"og:url\" content=\"https:\/\/noticiasmercedinas.com\/site\/2021\/07\/23\/concejales-piden-reubicar-la-escuela-de-estetica-1\/\" \/>\n<meta property=\"og:site_name\" content=\"NOTICIASMERCEDINAS.COM\" \/>\n<meta property=\"article:publisher\" content=\"https:\/\/www.facebook.com\/noticiasmercedinas\/\" \/>\n<meta property=\"article:published_time\" content=\"2021-07-23T16:00:52+00:00\" \/>\n<meta property=\"og:image\" content=\"https:\/\/noticiasmercedinas.com\/site\/wp-content\/uploads\/2021\/07\/81293990_10159433933973298_7157785027118366720_n.jpg\" \/>\n\t<meta property=\"og:image:width\" content=\"948\" \/>\n\t<meta property=\"og:image:height\" content=\"562\" \/>\n\t<meta property=\"og:image:type\" content=\"image\/jpeg\" \/>\n<meta name=\"author\" content=\"NOTICIASMERCEDINAS.COM\" \/>\n<meta name=\"twitter:card\" content=\"summary_large_image\" \/>\n<meta name=\"twitter:creator\" content=\"@notmercedinas\" \/>\n<meta name=\"twitter:site\" content=\"@notmercedinas\" \/>\n<meta name=\"twitter:label1\" content=\"Escrito por\" \/>\n\t<meta name=\"twitter:data1\" content=\"NOTICIASMERCEDINAS.COM\" \/>\n\t<meta name=\"twitter:label2\" content=\"Tiempo de lectura\" \/>\n\t<meta name=\"twitter:data2\" content=\"2 minutos\" \/>\n<script type=\"application\/ld+json\" class=\"yoast-schema-graph\">{\"@context\":\"https:\\\/\\\/schema.org\",\"@graph\":[{\"@type\":\"Article\",\"@id\":\"https:\\\/\\\/noticiasmercedinas.com\\\/site\\\/2021\\\/07\\\/23\\\/concejales-piden-reubicar-la-escuela-de-estetica-1\\\/#article\",\"isPartOf\":{\"@id\":\"https:\\\/\\\/noticiasmercedinas.com\\\/site\\\/2021\\\/07\\\/23\\\/concejales-piden-reubicar-la-escuela-de-estetica-1\\\/\"},\"author\":{\"name\":\"NOTICIASMERCEDINAS.COM\",\"@id\":\"https:\\\/\\\/noticiasmercedinas.com\\\/site\\\/#\\\/schema\\\/person\\\/84b59c099c28ff2e8b77d4ceec5d8063\"},\"headline\":\"Concejales piden reubicar la Escuela de Est\u00e9tica 1\",\"datePublished\":\"2021-07-23T16:00:52+00:00\",\"mainEntityOfPage\":{\"@id\":\"https:\\\/\\\/noticiasmercedinas.com\\\/site\\\/2021\\\/07\\\/23\\\/concejales-piden-reubicar-la-escuela-de-estetica-1\\\/\"},\"wordCount\":320,\"commentCount\":0,\"publisher\":{\"@id\":\"https:\\\/\\\/noticiasmercedinas.com\\\/site\\\/#organization\"},\"image\":{\"@id\":\"https:\\\/\\\/noticiasmercedinas.com\\\/site\\\/2021\\\/07\\\/23\\\/concejales-piden-reubicar-la-escuela-de-estetica-1\\\/#primaryimage\"},\"thumbnailUrl\":\"https:\\\/\\\/noticiasmercedinas.com\\\/site\\\/wp-content\\\/uploads\\\/2021\\\/07\\\/81293990_10159433933973298_7157785027118366720_n.jpg\",\"keywords\":[\"concejo deliberante\",\"escuela de Educaci\u00f3n Est\u00e9tica\",\"juntos por el cambio\"],\"articleSection\":[\"Politica\"],\"inLanguage\":\"es\",\"potentialAction\":[{\"@type\":\"CommentAction\",\"name\":\"Comment\",\"target\":[\"https:\\\/\\\/noticiasmercedinas.com\\\/site\\\/2021\\\/07\\\/23\\\/concejales-piden-reubicar-la-escuela-de-estetica-1\\\/#respond\"]}]},{\"@type\":\"WebPage\",\"@id\":\"https:\\\/\\\/noticiasmercedinas.com\\\/site\\\/2021\\\/07\\\/23\\\/concejales-piden-reubicar-la-escuela-de-estetica-1\\\/\",\"url\":\"https:\\\/\\\/noticiasmercedinas.com\\\/site\\\/2021\\\/07\\\/23\\\/concejales-piden-reubicar-la-escuela-de-estetica-1\\\/\",\"name\":\"Concejales piden reubicar la Escuela de Est\u00e9tica 1\",\"isPartOf\":{\"@id\":\"https:\\\/\\\/noticiasmercedinas.com\\\/site\\\/#website\"},\"primaryImageOfPage\":{\"@id\":\"https:\\\/\\\/noticiasmercedinas.com\\\/site\\\/2021\\\/07\\\/23\\\/concejales-piden-reubicar-la-escuela-de-estetica-1\\\/#primaryimage\"},\"image\":{\"@id\":\"https:\\\/\\\/noticiasmercedinas.com\\\/site\\\/2021\\\/07\\\/23\\\/concejales-piden-reubicar-la-escuela-de-estetica-1\\\/#primaryimage\"},\"thumbnailUrl\":\"https:\\\/\\\/noticiasmercedinas.com\\\/site\\\/wp-content\\\/uploads\\\/2021\\\/07\\\/81293990_10159433933973298_7157785027118366720_n.jpg\",\"datePublished\":\"2021-07-23T16:00:52+00:00\",\"breadcrumb\":{\"@id\":\"https:\\\/\\\/noticiasmercedinas.com\\\/site\\\/2021\\\/07\\\/23\\\/concejales-piden-reubicar-la-escuela-de-estetica-1\\\/#breadcrumb\"},\"inLanguage\":\"es\",\"potentialAction\":[{\"@type\":\"ReadAction\",\"target\":[\"https:\\\/\\\/noticiasmercedinas.com\\\/site\\\/2021\\\/07\\\/23\\\/concejales-piden-reubicar-la-escuela-de-estetica-1\\\/\"]}]},{\"@type\":\"ImageObject\",\"inLanguage\":\"es\",\"@id\":\"https:\\\/\\\/noticiasmercedinas.com\\\/site\\\/2021\\\/07\\\/23\\\/concejales-piden-reubicar-la-escuela-de-estetica-1\\\/#primaryimage\",\"url\":\"https:\\\/\\\/noticiasmercedinas.com\\\/site\\\/wp-content\\\/uploads\\\/2021\\\/07\\\/81293990_10159433933973298_7157785027118366720_n.jpg\",\"contentUrl\":\"https:\\\/\\\/noticiasmercedinas.com\\\/site\\\/wp-content\\\/uploads\\\/2021\\\/07\\\/81293990_10159433933973298_7157785027118366720_n.jpg\",\"width\":948,\"height\":562},{\"@type\":\"BreadcrumbList\",\"@id\":\"https:\\\/\\\/noticiasmercedinas.com\\\/site\\\/2021\\\/07\\\/23\\\/concejales-piden-reubicar-la-escuela-de-estetica-1\\\/#breadcrumb\",\"itemListElement\":[{\"@type\":\"ListItem\",\"position\":1,\"name\":\"Portada\",\"item\":\"https:\\\/\\\/noticiasmercedinas.com\\\/site\\\/\"},{\"@type\":\"ListItem\",\"position\":2,\"name\":\"Concejales piden reubicar la Escuela de Est\u00e9tica 1\"}]},{\"@type\":\"WebSite\",\"@id\":\"https:\\\/\\\/noticiasmercedinas.com\\\/site\\\/#website\",\"url\":\"https:\\\/\\\/noticiasmercedinas.com\\\/site\\\/\",\"name\":\"NOTICIASMERCEDINAS.COM\",\"description\":\"Mercedes, Buenos Aires, Argentina\",\"publisher\":{\"@id\":\"https:\\\/\\\/noticiasmercedinas.com\\\/site\\\/#organization\"},\"potentialAction\":[{\"@type\":\"SearchAction\",\"target\":{\"@type\":\"EntryPoint\",\"urlTemplate\":\"https:\\\/\\\/noticiasmercedinas.com\\\/site\\\/?s={search_term_string}\"},\"query-input\":{\"@type\":\"PropertyValueSpecification\",\"valueRequired\":true,\"valueName\":\"search_term_string\"}}],\"inLanguage\":\"es\"},{\"@type\":\"Organization\",\"@id\":\"https:\\\/\\\/noticiasmercedinas.com\\\/site\\\/#organization\",\"name\":\"NOTICIASMERCEDINAS.COM\",\"url\":\"https:\\\/\\\/noticiasmercedinas.com\\\/site\\\/\",\"logo\":{\"@type\":\"ImageObject\",\"inLanguage\":\"es\",\"@id\":\"https:\\\/\\\/noticiasmercedinas.com\\\/site\\\/#\\\/schema\\\/logo\\\/image\\\/\",\"url\":\"https:\\\/\\\/noticiasmercedinas.com\\\/site\\\/wp-content\\\/uploads\\\/2020\\\/06\\\/LOGO-512.jpg\",\"contentUrl\":\"https:\\\/\\\/noticiasmercedinas.com\\\/site\\\/wp-content\\\/uploads\\\/2020\\\/06\\\/LOGO-512.jpg\",\"width\":512,\"height\":512,\"caption\":\"NOTICIASMERCEDINAS.COM\"},\"image\":{\"@id\":\"https:\\\/\\\/noticiasmercedinas.com\\\/site\\\/#\\\/schema\\\/logo\\\/image\\\/\"},\"sameAs\":[\"https:\\\/\\\/www.facebook.com\\\/noticiasmercedinas\\\/\",\"https:\\\/\\\/x.com\\\/notmercedinas\",\"https:\\\/\\\/www.instagram.com\\\/noticiasmercedinas\\\/\"]},{\"@type\":\"Person\",\"@id\":\"https:\\\/\\\/noticiasmercedinas.com\\\/site\\\/#\\\/schema\\\/person\\\/84b59c099c28ff2e8b77d4ceec5d8063\",\"name\":\"NOTICIASMERCEDINAS.COM\",\"image\":{\"@type\":\"ImageObject\",\"inLanguage\":\"es\",\"@id\":\"https:\\\/\\\/secure.gravatar.com\\\/avatar\\\/4dfbf16b4d17945bfb6341b2d19043457132fcf478a5ee04f42e959fd8f5df0a?s=96&d=mm&r=g\",\"url\":\"https:\\\/\\\/secure.gravatar.com\\\/avatar\\\/4dfbf16b4d17945bfb6341b2d19043457132fcf478a5ee04f42e959fd8f5df0a?s=96&d=mm&r=g\",\"contentUrl\":\"https:\\\/\\\/secure.gravatar.com\\\/avatar\\\/4dfbf16b4d17945bfb6341b2d19043457132fcf478a5ee04f42e959fd8f5df0a?s=96&d=mm&r=g\",\"caption\":\"NOTICIASMERCEDINAS.COM\"},\"url\":\"https:\\\/\\\/noticiasmercedinas.com\\\/site\\\/author\\\/anonimo\\\/\"}]}<\/script>\n<!-- \/ Yoast SEO plugin. -->","yoast_head_json":{"title":"Concejales piden reubicar la Escuela de Est\u00e9tica 1","robots":{"index":"index","follow":"follow","max-snippet":"max-snippet:-1","max-image-preview":"max-image-preview:large","max-video-preview":"max-video-preview:-1"},"canonical":"https:\/\/noticiasmercedinas.com\/site\/2021\/07\/23\/concejales-piden-reubicar-la-escuela-de-estetica-1\/","og_locale":"es_ES","og_type":"article","og_title":"Concejales piden reubicar la Escuela de Est\u00e9tica 1","og_description":"\u25a0 Juntos por el Cambio plantea que el Ejecutivo eval\u00fae la posibilidad de reubicarla f\u00edsicamente, para que puedan \"tener un espacio digno y que sea favorable a los procesos pedag\u00f3gicos\".","og_url":"https:\/\/noticiasmercedinas.com\/site\/2021\/07\/23\/concejales-piden-reubicar-la-escuela-de-estetica-1\/","og_site_name":"NOTICIASMERCEDINAS.COM","article_publisher":"https:\/\/www.facebook.com\/noticiasmercedinas\/","article_published_time":"2021-07-23T16:00:52+00:00","og_image":[{"width":948,"height":562,"url":"https:\/\/noticiasmercedinas.com\/site\/wp-content\/uploads\/2021\/07\/81293990_10159433933973298_7157785027118366720_n.jpg","type":"image\/jpeg"}],"author":"NOTICIASMERCEDINAS.COM","twitter_card":"summary_large_image","twitter_creator":"@notmercedinas","twitter_site":"@notmercedinas","twitter_misc":{"Escrito por":"NOTICIASMERCEDINAS.COM","Tiempo de lectura":"2 minutos"},"schema":{"@context":"https:\/\/schema.org","@graph":[{"@type":"Article","@id":"https:\/\/noticiasmercedinas.com\/site\/2021\/07\/23\/concejales-piden-reubicar-la-escuela-de-estetica-1\/#article","isPartOf":{"@id":"https:\/\/noticiasmercedinas.com\/site\/2021\/07\/23\/concejales-piden-reubicar-la-escuela-de-estetica-1\/"},"author":{"name":"NOTICIASMERCEDINAS.COM","@id":"https:\/\/noticiasmercedinas.com\/site\/#\/schema\/person\/84b59c099c28ff2e8b77d4ceec5d8063"},"headline":"Concejales piden reubicar la Escuela de Est\u00e9tica 1","datePublished":"2021-07-23T16:00:52+00:00","mainEntityOfPage":{"@id":"https:\/\/noticiasmercedinas.com\/site\/2021\/07\/23\/concejales-piden-reubicar-la-escuela-de-estetica-1\/"},"wordCount":320,"commentCount":0,"publisher":{"@id":"https:\/\/noticiasmercedinas.com\/site\/#organization"},"image":{"@id":"https:\/\/noticiasmercedinas.com\/site\/2021\/07\/23\/concejales-piden-reubicar-la-escuela-de-estetica-1\/#primaryimage"},"thumbnailUrl":"https:\/\/noticiasmercedinas.com\/site\/wp-content\/uploads\/2021\/07\/81293990_10159433933973298_7157785027118366720_n.jpg","keywords":["concejo deliberante","escuela de Educaci\u00f3n Est\u00e9tica","juntos por el cambio"],"articleSection":["Politica"],"inLanguage":"es","potentialAction":[{"@type":"CommentAction","name":"Comment","target":["https:\/\/noticiasmercedinas.com\/site\/2021\/07\/23\/concejales-piden-reubicar-la-escuela-de-estetica-1\/#respond"]}]},{"@type":"WebPage","@id":"https:\/\/noticiasmercedinas.com\/site\/2021\/07\/23\/concejales-piden-reubicar-la-escuela-de-estetica-1\/","url":"https:\/\/noticiasmercedinas.com\/site\/2021\/07\/23\/concejales-piden-reubicar-la-escuela-de-estetica-1\/","name":"Concejales piden reubicar la Escuela de Est\u00e9tica 1","isPartOf":{"@id":"https:\/\/noticiasmercedinas.com\/site\/#website"},"primaryImageOfPage":{"@id":"https:\/\/noticiasmercedinas.com\/site\/2021\/07\/23\/concejales-piden-reubicar-la-escuela-de-estetica-1\/#primaryimage"},"image":{"@id":"https:\/\/noticiasmercedinas.com\/site\/2021\/07\/23\/concejales-piden-reubicar-la-escuela-de-estetica-1\/#primaryimage"},"thumbnailUrl":"https:\/\/noticiasmercedinas.com\/site\/wp-content\/uploads\/2021\/07\/81293990_10159433933973298_7157785027118366720_n.jpg","datePublished":"2021-07-23T16:00:52+00:00","breadcrumb":{"@id":"https:\/\/noticiasmercedinas.com\/site\/2021\/07\/23\/concejales-piden-reubicar-la-escuela-de-estetica-1\/#breadcrumb"},"inLanguage":"es","potentialAction":[{"@type":"ReadAction","target":["https:\/\/noticiasmercedinas.com\/site\/2021\/07\/23\/concejales-piden-reubicar-la-escuela-de-estetica-1\/"]}]},{"@type":"ImageObject","inLanguage":"es","@id":"https:\/\/noticiasmercedinas.com\/site\/2021\/07\/23\/concejales-piden-reubicar-la-escuela-de-estetica-1\/#primaryimage","url":"https:\/\/noticiasmercedinas.com\/site\/wp-content\/uploads\/2021\/07\/81293990_10159433933973298_7157785027118366720_n.jpg","contentUrl":"https:\/\/noticiasmercedinas.com\/site\/wp-content\/uploads\/2021\/07\/81293990_10159433933973298_7157785027118366720_n.jpg","width":948,"height":562},{"@type":"BreadcrumbList","@id":"https:\/\/noticiasmercedinas.com\/site\/2021\/07\/23\/concejales-piden-reubicar-la-escuela-de-estetica-1\/#breadcrumb","itemListElement":[{"@type":"ListItem","position":1,"name":"Portada","item":"https:\/\/noticiasmercedinas.com\/site\/"},{"@type":"ListItem","position":2,"name":"Concejales piden reubicar la Escuela de Est\u00e9tica 1"}]},{"@type":"WebSite","@id":"https:\/\/noticiasmercedinas.com\/site\/#website","url":"https:\/\/noticiasmercedinas.com\/site\/","name":"NOTICIASMERCEDINAS.COM","description":"Mercedes, Buenos Aires, Argentina","publisher":{"@id":"https:\/\/noticiasmercedinas.com\/site\/#organization"},"potentialAction":[{"@type":"SearchAction","target":{"@type":"EntryPoint","urlTemplate":"https:\/\/noticiasmercedinas.com\/site\/?s={search_term_string}"},"query-input":{"@type":"PropertyValueSpecification","valueRequired":true,"valueName":"search_term_string"}}],"inLanguage":"es"},{"@type":"Organization","@id":"https:\/\/noticiasmercedinas.com\/site\/#organization","name":"NOTICIASMERCEDINAS.COM","url":"https:\/\/noticiasmercedinas.com\/site\/","logo":{"@type":"ImageObject","inLanguage":"es","@id":"https:\/\/noticiasmercedinas.com\/site\/#\/schema\/logo\/image\/","url":"https:\/\/noticiasmercedinas.com\/site\/wp-content\/uploads\/2020\/06\/LOGO-512.jpg","contentUrl":"https:\/\/noticiasmercedinas.com\/site\/wp-content\/uploads\/2020\/06\/LOGO-512.jpg","width":512,"height":512,"caption":"NOTICIASMERCEDINAS.COM"},"image":{"@id":"https:\/\/noticiasmercedinas.com\/site\/#\/schema\/logo\/image\/"},"sameAs":["https:\/\/www.facebook.com\/noticiasmercedinas\/","https:\/\/x.com\/notmercedinas","https:\/\/www.instagram.com\/noticiasmercedinas\/"]},{"@type":"Person","@id":"https:\/\/noticiasmercedinas.com\/site\/#\/schema\/person\/84b59c099c28ff2e8b77d4ceec5d8063","name":"NOTICIASMERCEDINAS.COM","image":{"@type":"ImageObject","inLanguage":"es","@id":"https:\/\/secure.gravatar.com\/avatar\/4dfbf16b4d17945bfb6341b2d19043457132fcf478a5ee04f42e959fd8f5df0a?s=96&d=mm&r=g","url":"https:\/\/secure.gravatar.com\/avatar\/4dfbf16b4d17945bfb6341b2d19043457132fcf478a5ee04f42e959fd8f5df0a?s=96&d=mm&r=g","contentUrl":"https:\/\/secure.gravatar.com\/avatar\/4dfbf16b4d17945bfb6341b2d19043457132fcf478a5ee04f42e959fd8f5df0a?s=96&d=mm&r=g","caption":"NOTICIASMERCEDINAS.COM"},"url":"https:\/\/noticiasmercedinas.com\/site\/author\/anonimo\/"}]}},"amp_enabled":true,"_links":{"self":[{"href":"https:\/\/noticiasmercedinas.com\/site\/wp-json\/wp\/v2\/posts\/71377","targetHints":{"allow":["GET"]}}],"collection":[{"href":"https:\/\/noticiasmercedinas.com\/site\/wp-json\/wp\/v2\/posts"}],"about":[{"href":"https:\/\/noticiasmercedinas.com\/site\/wp-json\/wp\/v2\/types\/post"}],"author":[{"embeddable":true,"href":"https:\/\/noticiasmercedinas.com\/site\/wp-json\/wp\/v2\/users\/16"}],"replies":[{"embeddable":true,"href":"https:\/\/noticiasmercedinas.com\/site\/wp-json\/wp\/v2\/comments?post=71377"}],"version-history":[{"count":1,"href":"https:\/\/noticiasmercedinas.com\/site\/wp-json\/wp\/v2\/posts\/71377\/revisions"}],"predecessor-version":[{"id":71379,"href":"https:\/\/noticiasmercedinas.com\/site\/wp-json\/wp\/v2\/posts\/71377\/revisions\/71379"}],"wp:featuredmedia":[{"embeddable":true,"href":"https:\/\/noticiasmercedinas.com\/site\/wp-json\/wp\/v2\/media\/71378"}],"wp:attachment":[{"href":"https:\/\/noticiasmercedinas.com\/site\/wp-json\/wp\/v2\/media?parent=71377"}],"wp:term":[{"taxonomy":"category","embeddable":true,"href":"https:\/\/noticiasmercedinas.com\/site\/wp-json\/wp\/v2\/categories?post=71377"},{"taxonomy":"post_tag","embeddable":true,"href":"https:\/\/noticiasmercedinas.com\/site\/wp-json\/wp\/v2\/tags?post=71377"}],"curies":[{"name":"wp","href":"https:\/\/api.w.org\/{rel}","templated":true}]}}