{"id":71391,"date":"2021-07-23T14:56:05","date_gmt":"2021-07-23T17:56:05","guid":{"rendered":"https:\/\/noticiasmercedinas.com\/site\/?p=71391"},"modified":"2021-07-23T14:56:34","modified_gmt":"2021-07-23T17:56:34","slug":"club-mercedes-cumplio-con-la-asamblea","status":"publish","type":"post","link":"https:\/\/noticiasmercedinas.com\/site\/2021\/07\/23\/club-mercedes-cumplio-con-la-asamblea\/","title":{"rendered":"Club Mercedes cumpli\u00f3 con la asamblea"},"content":{"rendered":"<figure id=\"attachment_71392\" aria-describedby=\"caption-attachment-71392\" style=\"width: 640px\" class=\"wp-caption alignnone\"><img loading=\"lazy\" decoding=\"async\" class=\"wp-image-71392 size-full\" src=\"https:\/\/noticiasmercedinas.com\/site\/wp-content\/uploads\/2021\/07\/pisoni.jpg\" alt=\"\" width=\"640\" height=\"530\" srcset=\"https:\/\/noticiasmercedinas.com\/site\/wp-content\/uploads\/2021\/07\/pisoni.jpg 640w, https:\/\/noticiasmercedinas.com\/site\/wp-content\/uploads\/2021\/07\/pisoni-300x248.jpg 300w\" sizes=\"auto, (max-width: 640px) 100vw, 640px\" \/><figcaption id=\"caption-attachment-71392\" class=\"wp-caption-text\">Guido Pisoni sigue en el cargo de presidente.<\/figcaption><\/figure>\n<p>D\u00edas atr\u00e1s, en Club Mercedes llev\u00f3 adelante la Asamblea General Ordinaria en su campo de deportes de H\u00e9roes de Malvinas y 60, que en principio se hab\u00eda anunciado para el pasado 23 de mayo, aunque por cuestiones que tienen que ver con la pandemia no pudo concretarse en fecha.<\/p>\n<p>En el encuentro de socios y comisi\u00f3n directiva se aprob\u00f3 la memoria y balance como tambi\u00e9n se dio la renovaci\u00f3n de comisi\u00f3n directiva, continuando en el cargo de presidente Guido Pisoni. Adem\u00e1s se aprob\u00f3 la posible participaci\u00f3n de la entidad en la Primera D.<\/p>\n<p>Este \u00faltimo fue uno de los requisitos que solicit\u00f3 la Asociaci\u00f3n del F\u00fatbol Argentino, a la hora de tramitar una invitaci\u00f3n a la categor\u00eda amateur que al momento no se confirm\u00f3 que clubes ser\u00e1n tenidos en cuenta. En referencia a la Comisi\u00f3n Directiva la siguiente es la n\u00f3mina:<\/p>\n<p>Presidente Guido Pisoni.<br \/>\nVicepresidente: Domingo De paola.<br \/>\nSecretario: Juan Musso.<br \/>\nProsecretario: Ignacio Buzalino.<br \/>\nTesorero: Juan Arriola.<br \/>\nProtesorero: Luis Fiorelli.<br \/>\n1\u00b0 Vocal: Diego Gim\u00e9nez.<br \/>\n2\u00b0 Vocal Valeria Rodr\u00edguez.<br \/>\n3\u00b0 Leda Pisoni.<br \/>\n1\u00b0 Vocal suplente: R\u00faben Santa Cruz.<br \/>\n2\u00b0 Vocal suplente: Gonzalo R\u00e9vora.<br \/>\n3\u00b0 Vocal Suplente: Germ\u00e1n Santos.<br \/>\nRevisor de cuentas: Luis Ponce.<br \/>\nRevisor de cuentas: Estefan\u00eda Gim\u00e9nez.<br \/>\nRevisor de cuentas: Santiago R\u00e9vora.<br \/>\nRevisor de cuentas suplente: Julio Pecorelli.<br \/>\nRevisor de cuentas suplente: C\u00e9sar Sanmart\u00edn.<\/p>\n","protected":false},"excerpt":{"rendered":"<p>\u25a0 Se renov\u00f3 la comisi\u00f3n directiva para continuar como presidente Guido Pisoni. Se aprob\u00f3 memoria y balance como tambi\u00e9n el posible ingreso a la Primera D de AFA. Todo fue en el campo de deportes. <\/p>\n","protected":false},"author":6,"featured_media":71392,"comment_status":"open","ping_status":"open","sticky":false,"template":"","format":"standard","meta":{"footnotes":""},"categories":[5],"tags":[453,135,11935],"class_list":["post-71391","post","type-post","status-publish","format-standard","has-post-thumbnail","hentry","category-deportes","tag-asamblea","tag-club-mercedes","tag-primera-d"],"yoast_head":"<!-- This site is optimized with the Yoast SEO plugin v27.5 - https:\/\/yoast.com\/product\/yoast-seo-wordpress\/ -->\n<title>Club Mercedes cumpli\u00f3 con la asamblea<\/title>\n<meta name=\"robots\" content=\"index, follow, max-snippet:-1, max-image-preview:large, max-video-preview:-1\" \/>\n<link rel=\"canonical\" href=\"https:\/\/noticiasmercedinas.com\/site\/2021\/07\/23\/club-mercedes-cumplio-con-la-asamblea\/\" \/>\n<meta property=\"og:locale\" content=\"es_ES\" \/>\n<meta property=\"og:type\" content=\"article\" \/>\n<meta property=\"og:title\" content=\"Club Mercedes cumpli\u00f3 con la asamblea\" \/>\n<meta property=\"og:description\" content=\"\u25a0 Se renov\u00f3 la comisi\u00f3n directiva para continuar como presidente Guido Pisoni. Se aprob\u00f3 memoria y balance como tambi\u00e9n el posible ingreso a la Primera D de AFA. Todo fue en el campo de deportes.\" \/>\n<meta property=\"og:url\" content=\"https:\/\/noticiasmercedinas.com\/site\/2021\/07\/23\/club-mercedes-cumplio-con-la-asamblea\/\" \/>\n<meta property=\"og:site_name\" content=\"NOTICIASMERCEDINAS.COM\" \/>\n<meta property=\"article:publisher\" content=\"https:\/\/www.facebook.com\/noticiasmercedinas\/\" \/>\n<meta property=\"article:published_time\" content=\"2021-07-23T17:56:05+00:00\" \/>\n<meta property=\"article:modified_time\" content=\"2021-07-23T17:56:34+00:00\" \/>\n<meta property=\"og:image\" content=\"https:\/\/noticiasmercedinas.com\/site\/wp-content\/uploads\/2021\/07\/pisoni.jpg\" \/>\n\t<meta property=\"og:image:width\" content=\"640\" \/>\n\t<meta property=\"og:image:height\" content=\"530\" \/>\n\t<meta property=\"og:image:type\" content=\"image\/jpeg\" \/>\n<meta name=\"author\" content=\"Juan Dagnino NOTICIASMERCEDINAS.COM\" \/>\n<meta name=\"twitter:card\" content=\"summary_large_image\" \/>\n<meta name=\"twitter:creator\" content=\"@notmercedinas\" \/>\n<meta name=\"twitter:site\" content=\"@notmercedinas\" \/>\n<meta name=\"twitter:label1\" content=\"Escrito por\" \/>\n\t<meta name=\"twitter:data1\" content=\"Juan Dagnino NOTICIASMERCEDINAS.COM\" \/>\n\t<meta name=\"twitter:label2\" content=\"Tiempo de lectura\" \/>\n\t<meta name=\"twitter:data2\" content=\"2 minutos\" \/>\n<script type=\"application\/ld+json\" class=\"yoast-schema-graph\">{\"@context\":\"https:\\\/\\\/schema.org\",\"@graph\":[{\"@type\":\"Article\",\"@id\":\"https:\\\/\\\/noticiasmercedinas.com\\\/site\\\/2021\\\/07\\\/23\\\/club-mercedes-cumplio-con-la-asamblea\\\/#article\",\"isPartOf\":{\"@id\":\"https:\\\/\\\/noticiasmercedinas.com\\\/site\\\/2021\\\/07\\\/23\\\/club-mercedes-cumplio-con-la-asamblea\\\/\"},\"author\":{\"name\":\"Juan Dagnino NOTICIASMERCEDINAS.COM\",\"@id\":\"https:\\\/\\\/noticiasmercedinas.com\\\/site\\\/#\\\/schema\\\/person\\\/8f2f09d666ef40986eba4a5e6f2a06f9\"},\"headline\":\"Club Mercedes cumpli\u00f3 con la asamblea\",\"datePublished\":\"2021-07-23T17:56:05+00:00\",\"dateModified\":\"2021-07-23T17:56:34+00:00\",\"mainEntityOfPage\":{\"@id\":\"https:\\\/\\\/noticiasmercedinas.com\\\/site\\\/2021\\\/07\\\/23\\\/club-mercedes-cumplio-con-la-asamblea\\\/\"},\"wordCount\":254,\"commentCount\":0,\"publisher\":{\"@id\":\"https:\\\/\\\/noticiasmercedinas.com\\\/site\\\/#organization\"},\"image\":{\"@id\":\"https:\\\/\\\/noticiasmercedinas.com\\\/site\\\/2021\\\/07\\\/23\\\/club-mercedes-cumplio-con-la-asamblea\\\/#primaryimage\"},\"thumbnailUrl\":\"https:\\\/\\\/noticiasmercedinas.com\\\/site\\\/wp-content\\\/uploads\\\/2021\\\/07\\\/pisoni.jpg\",\"keywords\":[\"asamblea\",\"club mercedes\",\"Primera D\"],\"articleSection\":[\"Deportes\"],\"inLanguage\":\"es\",\"potentialAction\":[{\"@type\":\"CommentAction\",\"name\":\"Comment\",\"target\":[\"https:\\\/\\\/noticiasmercedinas.com\\\/site\\\/2021\\\/07\\\/23\\\/club-mercedes-cumplio-con-la-asamblea\\\/#respond\"]}]},{\"@type\":\"WebPage\",\"@id\":\"https:\\\/\\\/noticiasmercedinas.com\\\/site\\\/2021\\\/07\\\/23\\\/club-mercedes-cumplio-con-la-asamblea\\\/\",\"url\":\"https:\\\/\\\/noticiasmercedinas.com\\\/site\\\/2021\\\/07\\\/23\\\/club-mercedes-cumplio-con-la-asamblea\\\/\",\"name\":\"Club Mercedes cumpli\u00f3 con la asamblea\",\"isPartOf\":{\"@id\":\"https:\\\/\\\/noticiasmercedinas.com\\\/site\\\/#website\"},\"primaryImageOfPage\":{\"@id\":\"https:\\\/\\\/noticiasmercedinas.com\\\/site\\\/2021\\\/07\\\/23\\\/club-mercedes-cumplio-con-la-asamblea\\\/#primaryimage\"},\"image\":{\"@id\":\"https:\\\/\\\/noticiasmercedinas.com\\\/site\\\/2021\\\/07\\\/23\\\/club-mercedes-cumplio-con-la-asamblea\\\/#primaryimage\"},\"thumbnailUrl\":\"https:\\\/\\\/noticiasmercedinas.com\\\/site\\\/wp-content\\\/uploads\\\/2021\\\/07\\\/pisoni.jpg\",\"datePublished\":\"2021-07-23T17:56:05+00:00\",\"dateModified\":\"2021-07-23T17:56:34+00:00\",\"breadcrumb\":{\"@id\":\"https:\\\/\\\/noticiasmercedinas.com\\\/site\\\/2021\\\/07\\\/23\\\/club-mercedes-cumplio-con-la-asamblea\\\/#breadcrumb\"},\"inLanguage\":\"es\",\"potentialAction\":[{\"@type\":\"ReadAction\",\"target\":[\"https:\\\/\\\/noticiasmercedinas.com\\\/site\\\/2021\\\/07\\\/23\\\/club-mercedes-cumplio-con-la-asamblea\\\/\"]}]},{\"@type\":\"ImageObject\",\"inLanguage\":\"es\",\"@id\":\"https:\\\/\\\/noticiasmercedinas.com\\\/site\\\/2021\\\/07\\\/23\\\/club-mercedes-cumplio-con-la-asamblea\\\/#primaryimage\",\"url\":\"https:\\\/\\\/noticiasmercedinas.com\\\/site\\\/wp-content\\\/uploads\\\/2021\\\/07\\\/pisoni.jpg\",\"contentUrl\":\"https:\\\/\\\/noticiasmercedinas.com\\\/site\\\/wp-content\\\/uploads\\\/2021\\\/07\\\/pisoni.jpg\",\"width\":640,\"height\":530},{\"@type\":\"BreadcrumbList\",\"@id\":\"https:\\\/\\\/noticiasmercedinas.com\\\/site\\\/2021\\\/07\\\/23\\\/club-mercedes-cumplio-con-la-asamblea\\\/#breadcrumb\",\"itemListElement\":[{\"@type\":\"ListItem\",\"position\":1,\"name\":\"Portada\",\"item\":\"https:\\\/\\\/noticiasmercedinas.com\\\/site\\\/\"},{\"@type\":\"ListItem\",\"position\":2,\"name\":\"Club Mercedes cumpli\u00f3 con la asamblea\"}]},{\"@type\":\"WebSite\",\"@id\":\"https:\\\/\\\/noticiasmercedinas.com\\\/site\\\/#website\",\"url\":\"https:\\\/\\\/noticiasmercedinas.com\\\/site\\\/\",\"name\":\"NOTICIASMERCEDINAS.COM\",\"description\":\"Mercedes, Buenos Aires, Argentina\",\"publisher\":{\"@id\":\"https:\\\/\\\/noticiasmercedinas.com\\\/site\\\/#organization\"},\"potentialAction\":[{\"@type\":\"SearchAction\",\"target\":{\"@type\":\"EntryPoint\",\"urlTemplate\":\"https:\\\/\\\/noticiasmercedinas.com\\\/site\\\/?s={search_term_string}\"},\"query-input\":{\"@type\":\"PropertyValueSpecification\",\"valueRequired\":true,\"valueName\":\"search_term_string\"}}],\"inLanguage\":\"es\"},{\"@type\":\"Organization\",\"@id\":\"https:\\\/\\\/noticiasmercedinas.com\\\/site\\\/#organization\",\"name\":\"NOTICIASMERCEDINAS.COM\",\"url\":\"https:\\\/\\\/noticiasmercedinas.com\\\/site\\\/\",\"logo\":{\"@type\":\"ImageObject\",\"inLanguage\":\"es\",\"@id\":\"https:\\\/\\\/noticiasmercedinas.com\\\/site\\\/#\\\/schema\\\/logo\\\/image\\\/\",\"url\":\"https:\\\/\\\/noticiasmercedinas.com\\\/site\\\/wp-content\\\/uploads\\\/2020\\\/06\\\/LOGO-512.jpg\",\"contentUrl\":\"https:\\\/\\\/noticiasmercedinas.com\\\/site\\\/wp-content\\\/uploads\\\/2020\\\/06\\\/LOGO-512.jpg\",\"width\":512,\"height\":512,\"caption\":\"NOTICIASMERCEDINAS.COM\"},\"image\":{\"@id\":\"https:\\\/\\\/noticiasmercedinas.com\\\/site\\\/#\\\/schema\\\/logo\\\/image\\\/\"},\"sameAs\":[\"https:\\\/\\\/www.facebook.com\\\/noticiasmercedinas\\\/\",\"https:\\\/\\\/x.com\\\/notmercedinas\",\"https:\\\/\\\/www.instagram.com\\\/noticiasmercedinas\\\/\"]},{\"@type\":\"Person\",\"@id\":\"https:\\\/\\\/noticiasmercedinas.com\\\/site\\\/#\\\/schema\\\/person\\\/8f2f09d666ef40986eba4a5e6f2a06f9\",\"name\":\"Juan Dagnino NOTICIASMERCEDINAS.COM\",\"image\":{\"@type\":\"ImageObject\",\"inLanguage\":\"es\",\"@id\":\"https:\\\/\\\/secure.gravatar.com\\\/avatar\\\/fc7059a769f5a3cae65fadb228a3e4accf3a64b4b2305020d0a27e6d5333c91b?s=96&d=mm&r=g\",\"url\":\"https:\\\/\\\/secure.gravatar.com\\\/avatar\\\/fc7059a769f5a3cae65fadb228a3e4accf3a64b4b2305020d0a27e6d5333c91b?s=96&d=mm&r=g\",\"contentUrl\":\"https:\\\/\\\/secure.gravatar.com\\\/avatar\\\/fc7059a769f5a3cae65fadb228a3e4accf3a64b4b2305020d0a27e6d5333c91b?s=96&d=mm&r=g\",\"caption\":\"Juan Dagnino NOTICIASMERCEDINAS.COM\"},\"url\":\"https:\\\/\\\/noticiasmercedinas.com\\\/site\\\/author\\\/juandagnino\\\/\"}]}<\/script>\n<!-- \/ Yoast SEO plugin. -->","yoast_head_json":{"title":"Club Mercedes cumpli\u00f3 con la asamblea","robots":{"index":"index","follow":"follow","max-snippet":"max-snippet:-1","max-image-preview":"max-image-preview:large","max-video-preview":"max-video-preview:-1"},"canonical":"https:\/\/noticiasmercedinas.com\/site\/2021\/07\/23\/club-mercedes-cumplio-con-la-asamblea\/","og_locale":"es_ES","og_type":"article","og_title":"Club Mercedes cumpli\u00f3 con la asamblea","og_description":"\u25a0 Se renov\u00f3 la comisi\u00f3n directiva para continuar como presidente Guido Pisoni. Se aprob\u00f3 memoria y balance como tambi\u00e9n el posible ingreso a la Primera D de AFA. Todo fue en el campo de deportes.","og_url":"https:\/\/noticiasmercedinas.com\/site\/2021\/07\/23\/club-mercedes-cumplio-con-la-asamblea\/","og_site_name":"NOTICIASMERCEDINAS.COM","article_publisher":"https:\/\/www.facebook.com\/noticiasmercedinas\/","article_published_time":"2021-07-23T17:56:05+00:00","article_modified_time":"2021-07-23T17:56:34+00:00","og_image":[{"width":640,"height":530,"url":"https:\/\/noticiasmercedinas.com\/site\/wp-content\/uploads\/2021\/07\/pisoni.jpg","type":"image\/jpeg"}],"author":"Juan Dagnino NOTICIASMERCEDINAS.COM","twitter_card":"summary_large_image","twitter_creator":"@notmercedinas","twitter_site":"@notmercedinas","twitter_misc":{"Escrito por":"Juan Dagnino NOTICIASMERCEDINAS.COM","Tiempo de lectura":"2 minutos"},"schema":{"@context":"https:\/\/schema.org","@graph":[{"@type":"Article","@id":"https:\/\/noticiasmercedinas.com\/site\/2021\/07\/23\/club-mercedes-cumplio-con-la-asamblea\/#article","isPartOf":{"@id":"https:\/\/noticiasmercedinas.com\/site\/2021\/07\/23\/club-mercedes-cumplio-con-la-asamblea\/"},"author":{"name":"Juan Dagnino NOTICIASMERCEDINAS.COM","@id":"https:\/\/noticiasmercedinas.com\/site\/#\/schema\/person\/8f2f09d666ef40986eba4a5e6f2a06f9"},"headline":"Club Mercedes cumpli\u00f3 con la asamblea","datePublished":"2021-07-23T17:56:05+00:00","dateModified":"2021-07-23T17:56:34+00:00","mainEntityOfPage":{"@id":"https:\/\/noticiasmercedinas.com\/site\/2021\/07\/23\/club-mercedes-cumplio-con-la-asamblea\/"},"wordCount":254,"commentCount":0,"publisher":{"@id":"https:\/\/noticiasmercedinas.com\/site\/#organization"},"image":{"@id":"https:\/\/noticiasmercedinas.com\/site\/2021\/07\/23\/club-mercedes-cumplio-con-la-asamblea\/#primaryimage"},"thumbnailUrl":"https:\/\/noticiasmercedinas.com\/site\/wp-content\/uploads\/2021\/07\/pisoni.jpg","keywords":["asamblea","club mercedes","Primera D"],"articleSection":["Deportes"],"inLanguage":"es","potentialAction":[{"@type":"CommentAction","name":"Comment","target":["https:\/\/noticiasmercedinas.com\/site\/2021\/07\/23\/club-mercedes-cumplio-con-la-asamblea\/#respond"]}]},{"@type":"WebPage","@id":"https:\/\/noticiasmercedinas.com\/site\/2021\/07\/23\/club-mercedes-cumplio-con-la-asamblea\/","url":"https:\/\/noticiasmercedinas.com\/site\/2021\/07\/23\/club-mercedes-cumplio-con-la-asamblea\/","name":"Club Mercedes cumpli\u00f3 con la asamblea","isPartOf":{"@id":"https:\/\/noticiasmercedinas.com\/site\/#website"},"primaryImageOfPage":{"@id":"https:\/\/noticiasmercedinas.com\/site\/2021\/07\/23\/club-mercedes-cumplio-con-la-asamblea\/#primaryimage"},"image":{"@id":"https:\/\/noticiasmercedinas.com\/site\/2021\/07\/23\/club-mercedes-cumplio-con-la-asamblea\/#primaryimage"},"thumbnailUrl":"https:\/\/noticiasmercedinas.com\/site\/wp-content\/uploads\/2021\/07\/pisoni.jpg","datePublished":"2021-07-23T17:56:05+00:00","dateModified":"2021-07-23T17:56:34+00:00","breadcrumb":{"@id":"https:\/\/noticiasmercedinas.com\/site\/2021\/07\/23\/club-mercedes-cumplio-con-la-asamblea\/#breadcrumb"},"inLanguage":"es","potentialAction":[{"@type":"ReadAction","target":["https:\/\/noticiasmercedinas.com\/site\/2021\/07\/23\/club-mercedes-cumplio-con-la-asamblea\/"]}]},{"@type":"ImageObject","inLanguage":"es","@id":"https:\/\/noticiasmercedinas.com\/site\/2021\/07\/23\/club-mercedes-cumplio-con-la-asamblea\/#primaryimage","url":"https:\/\/noticiasmercedinas.com\/site\/wp-content\/uploads\/2021\/07\/pisoni.jpg","contentUrl":"https:\/\/noticiasmercedinas.com\/site\/wp-content\/uploads\/2021\/07\/pisoni.jpg","width":640,"height":530},{"@type":"BreadcrumbList","@id":"https:\/\/noticiasmercedinas.com\/site\/2021\/07\/23\/club-mercedes-cumplio-con-la-asamblea\/#breadcrumb","itemListElement":[{"@type":"ListItem","position":1,"name":"Portada","item":"https:\/\/noticiasmercedinas.com\/site\/"},{"@type":"ListItem","position":2,"name":"Club Mercedes cumpli\u00f3 con la asamblea"}]},{"@type":"WebSite","@id":"https:\/\/noticiasmercedinas.com\/site\/#website","url":"https:\/\/noticiasmercedinas.com\/site\/","name":"NOTICIASMERCEDINAS.COM","description":"Mercedes, Buenos Aires, Argentina","publisher":{"@id":"https:\/\/noticiasmercedinas.com\/site\/#organization"},"potentialAction":[{"@type":"SearchAction","target":{"@type":"EntryPoint","urlTemplate":"https:\/\/noticiasmercedinas.com\/site\/?s={search_term_string}"},"query-input":{"@type":"PropertyValueSpecification","valueRequired":true,"valueName":"search_term_string"}}],"inLanguage":"es"},{"@type":"Organization","@id":"https:\/\/noticiasmercedinas.com\/site\/#organization","name":"NOTICIASMERCEDINAS.COM","url":"https:\/\/noticiasmercedinas.com\/site\/","logo":{"@type":"ImageObject","inLanguage":"es","@id":"https:\/\/noticiasmercedinas.com\/site\/#\/schema\/logo\/image\/","url":"https:\/\/noticiasmercedinas.com\/site\/wp-content\/uploads\/2020\/06\/LOGO-512.jpg","contentUrl":"https:\/\/noticiasmercedinas.com\/site\/wp-content\/uploads\/2020\/06\/LOGO-512.jpg","width":512,"height":512,"caption":"NOTICIASMERCEDINAS.COM"},"image":{"@id":"https:\/\/noticiasmercedinas.com\/site\/#\/schema\/logo\/image\/"},"sameAs":["https:\/\/www.facebook.com\/noticiasmercedinas\/","https:\/\/x.com\/notmercedinas","https:\/\/www.instagram.com\/noticiasmercedinas\/"]},{"@type":"Person","@id":"https:\/\/noticiasmercedinas.com\/site\/#\/schema\/person\/8f2f09d666ef40986eba4a5e6f2a06f9","name":"Juan Dagnino NOTICIASMERCEDINAS.COM","image":{"@type":"ImageObject","inLanguage":"es","@id":"https:\/\/secure.gravatar.com\/avatar\/fc7059a769f5a3cae65fadb228a3e4accf3a64b4b2305020d0a27e6d5333c91b?s=96&d=mm&r=g","url":"https:\/\/secure.gravatar.com\/avatar\/fc7059a769f5a3cae65fadb228a3e4accf3a64b4b2305020d0a27e6d5333c91b?s=96&d=mm&r=g","contentUrl":"https:\/\/secure.gravatar.com\/avatar\/fc7059a769f5a3cae65fadb228a3e4accf3a64b4b2305020d0a27e6d5333c91b?s=96&d=mm&r=g","caption":"Juan Dagnino NOTICIASMERCEDINAS.COM"},"url":"https:\/\/noticiasmercedinas.com\/site\/author\/juandagnino\/"}]}},"amp_enabled":true,"_links":{"self":[{"href":"https:\/\/noticiasmercedinas.com\/site\/wp-json\/wp\/v2\/posts\/71391","targetHints":{"allow":["GET"]}}],"collection":[{"href":"https:\/\/noticiasmercedinas.com\/site\/wp-json\/wp\/v2\/posts"}],"about":[{"href":"https:\/\/noticiasmercedinas.com\/site\/wp-json\/wp\/v2\/types\/post"}],"author":[{"embeddable":true,"href":"https:\/\/noticiasmercedinas.com\/site\/wp-json\/wp\/v2\/users\/6"}],"replies":[{"embeddable":true,"href":"https:\/\/noticiasmercedinas.com\/site\/wp-json\/wp\/v2\/comments?post=71391"}],"version-history":[{"count":1,"href":"https:\/\/noticiasmercedinas.com\/site\/wp-json\/wp\/v2\/posts\/71391\/revisions"}],"predecessor-version":[{"id":71393,"href":"https:\/\/noticiasmercedinas.com\/site\/wp-json\/wp\/v2\/posts\/71391\/revisions\/71393"}],"wp:featuredmedia":[{"embeddable":true,"href":"https:\/\/noticiasmercedinas.com\/site\/wp-json\/wp\/v2\/media\/71392"}],"wp:attachment":[{"href":"https:\/\/noticiasmercedinas.com\/site\/wp-json\/wp\/v2\/media?parent=71391"}],"wp:term":[{"taxonomy":"category","embeddable":true,"href":"https:\/\/noticiasmercedinas.com\/site\/wp-json\/wp\/v2\/categories?post=71391"},{"taxonomy":"post_tag","embeddable":true,"href":"https:\/\/noticiasmercedinas.com\/site\/wp-json\/wp\/v2\/tags?post=71391"}],"curies":[{"name":"wp","href":"https:\/\/api.w.org\/{rel}","templated":true}]}}