{"id":71485,"date":"2021-07-25T19:59:48","date_gmt":"2021-07-25T22:59:48","guid":{"rendered":"https:\/\/noticiasmercedinas.com\/site\/?p=71485"},"modified":"2021-07-25T20:02:38","modified_gmt":"2021-07-25T23:02:38","slug":"mercedinos-participan-en-cantata-de-apoyo-al-pueblo-colombiano","status":"publish","type":"post","link":"https:\/\/noticiasmercedinas.com\/site\/2021\/07\/25\/mercedinos-participan-en-cantata-de-apoyo-al-pueblo-colombiano\/","title":{"rendered":"Mercedinos participan en cantata de apoyo al pueblo colombiano"},"content":{"rendered":"<p><a href=\"https:\/\/noticiasmercedinas.com\/site\/wp-content\/uploads\/2021\/07\/colombia-2434912_640.jpg\"><img loading=\"lazy\" decoding=\"async\" class=\"alignnone size-full wp-image-71486\" src=\"https:\/\/noticiasmercedinas.com\/site\/wp-content\/uploads\/2021\/07\/colombia-2434912_640.jpg\" alt=\"\" width=\"640\" height=\"400\" srcset=\"https:\/\/noticiasmercedinas.com\/site\/wp-content\/uploads\/2021\/07\/colombia-2434912_640.jpg 640w, https:\/\/noticiasmercedinas.com\/site\/wp-content\/uploads\/2021\/07\/colombia-2434912_640-300x188.jpg 300w\" sizes=\"auto, (max-width: 640px) 100vw, 640px\" \/><\/a><\/p>\n<p>Integrantes de la Organizaci\u00f3n \u201cEl Negro Olmedo\u201d de Mercedes participar\u00e1n del estreno mundial de la \u201cCantata por el R\u00edo Cauca\u201d, que se realizar\u00e1 el lunes 26 de Julio a las 15 horas (Argentina), por el <a href=\"https:\/\/www.youtube.com\/channel\/UCj8DPPjvQFZU5xERU-NZWaA\/videos\">canal de YouTube \u201cOrganizaci\u00f3n TV\u201d<\/a>.<\/p>\n<p>Marisa Ivaldi, Camila Morales y Fabi\u00e1n Morales, con m\u00fasica de Charly Vera, se sumar\u00e1n a la presentaci\u00f3n realizada por el colectivo \u201cVoces Latinoamericanas por Colombia y el Cauca\u201d, en apoyo al pueblo colombiano.<\/p>\n<blockquote><p>Marisa Ivaldi, Camila Morales y Fabi\u00e1n Morales, con m\u00fasica de Charly Vera, se sumar\u00e1n a la presentaci\u00f3n.<\/p><\/blockquote>\n<p>La obra rinde homenaje al r\u00edo, al poeta Le\u00f3n de Greiff, que fue su amigo y le cant\u00f3 al pueblo depositario del r\u00edo y patria del poeta: Bolombolo. La \u00abCantata\u00bb es un reto esc\u00e9nico al que responden con una creaci\u00f3n colectiva artistas de Colombia, Cuba, El Salvador, Nicaragua, M\u00e9xico, Ecuador, Chile y Argentina.<\/p>\n<p>Se trata de una propuesta que naci\u00f3 del litoral caribe, justo enfrente de Bocas de Ceniza, el sitio d\u00f3nde el r\u00edo Grande de la Magdalena entrega sus aguas al Caribe. El Magdalena trae en s\u00ed todas las aguas de sus afluentes. Las ha recogido a lo largo de sus 1528 kil\u00f3metros. Ah\u00ed tambi\u00e9n est\u00e1 el tributo del r\u00edo Cauca.<\/p>\n<p>El legendario Bredunco fue llamado durante la conquista espa\u00f1ola, r\u00edo Santa Marta por su hermandad con La Magdalena. Sin embargo, los ind\u00edgenas rescataron el nombre de su valeroso l\u00edder, el cacique Cauca que se impuso finalmente.<\/p>\n","protected":false},"excerpt":{"rendered":"<p>\u25a0 Integrantes de la Organizaci\u00f3n \u201cEl Negro Olmedo\u201d se sumar\u00e1n ma\u00f1ana a un estreno mundial, con artistas de ocho pa\u00edses latinoamericanos.<\/p>\n","protected":false},"author":16,"featured_media":71486,"comment_status":"open","ping_status":"open","sticky":false,"template":"","format":"standard","meta":{"footnotes":""},"categories":[4],"tags":[12450,6855,482,12451,81],"class_list":["post-71485","post","type-post","status-publish","format-standard","has-post-thumbnail","hentry","category-cultura","tag-cantata","tag-colombia","tag-organizacion-el-negro-olmedo","tag-rio-cauca","tag-solidaridad"],"yoast_head":"<!-- This site is optimized with the Yoast SEO plugin v27.4 - https:\/\/yoast.com\/product\/yoast-seo-wordpress\/ -->\n<title>Mercedinos participan en cantata de apoyo al pueblo colombiano<\/title>\n<meta name=\"robots\" content=\"index, follow, max-snippet:-1, max-image-preview:large, max-video-preview:-1\" \/>\n<link rel=\"canonical\" href=\"https:\/\/noticiasmercedinas.com\/site\/2021\/07\/25\/mercedinos-participan-en-cantata-de-apoyo-al-pueblo-colombiano\/\" \/>\n<meta property=\"og:locale\" content=\"es_ES\" \/>\n<meta property=\"og:type\" content=\"article\" \/>\n<meta property=\"og:title\" content=\"Mercedinos participan en cantata de apoyo al pueblo colombiano\" \/>\n<meta property=\"og:description\" content=\"\u25a0 Integrantes de la Organizaci\u00f3n \u201cEl Negro Olmedo\u201d se sumar\u00e1n ma\u00f1ana a un estreno mundial, con artistas de ocho pa\u00edses latinoamericanos.\" \/>\n<meta property=\"og:url\" content=\"https:\/\/noticiasmercedinas.com\/site\/2021\/07\/25\/mercedinos-participan-en-cantata-de-apoyo-al-pueblo-colombiano\/\" \/>\n<meta property=\"og:site_name\" content=\"NOTICIASMERCEDINAS.COM\" \/>\n<meta property=\"article:publisher\" content=\"https:\/\/www.facebook.com\/noticiasmercedinas\/\" \/>\n<meta property=\"article:published_time\" content=\"2021-07-25T22:59:48+00:00\" \/>\n<meta property=\"article:modified_time\" content=\"2021-07-25T23:02:38+00:00\" \/>\n<meta property=\"og:image\" content=\"https:\/\/noticiasmercedinas.com\/site\/wp-content\/uploads\/2021\/07\/colombia-2434912_640.jpg\" \/>\n\t<meta property=\"og:image:width\" content=\"640\" \/>\n\t<meta property=\"og:image:height\" content=\"400\" \/>\n\t<meta property=\"og:image:type\" content=\"image\/jpeg\" \/>\n<meta name=\"author\" content=\"NOTICIASMERCEDINAS.COM\" \/>\n<meta name=\"twitter:card\" content=\"summary_large_image\" \/>\n<meta name=\"twitter:creator\" content=\"@notmercedinas\" \/>\n<meta name=\"twitter:site\" content=\"@notmercedinas\" \/>\n<meta name=\"twitter:label1\" content=\"Escrito por\" \/>\n\t<meta name=\"twitter:data1\" content=\"NOTICIASMERCEDINAS.COM\" \/>\n\t<meta name=\"twitter:label2\" content=\"Tiempo de lectura\" \/>\n\t<meta name=\"twitter:data2\" content=\"2 minutos\" \/>\n<script type=\"application\/ld+json\" class=\"yoast-schema-graph\">{\"@context\":\"https:\\\/\\\/schema.org\",\"@graph\":[{\"@type\":\"Article\",\"@id\":\"https:\\\/\\\/noticiasmercedinas.com\\\/site\\\/2021\\\/07\\\/25\\\/mercedinos-participan-en-cantata-de-apoyo-al-pueblo-colombiano\\\/#article\",\"isPartOf\":{\"@id\":\"https:\\\/\\\/noticiasmercedinas.com\\\/site\\\/2021\\\/07\\\/25\\\/mercedinos-participan-en-cantata-de-apoyo-al-pueblo-colombiano\\\/\"},\"author\":{\"name\":\"NOTICIASMERCEDINAS.COM\",\"@id\":\"https:\\\/\\\/noticiasmercedinas.com\\\/site\\\/#\\\/schema\\\/person\\\/84b59c099c28ff2e8b77d4ceec5d8063\"},\"headline\":\"Mercedinos participan en cantata de apoyo al pueblo colombiano\",\"datePublished\":\"2021-07-25T22:59:48+00:00\",\"dateModified\":\"2021-07-25T23:02:38+00:00\",\"mainEntityOfPage\":{\"@id\":\"https:\\\/\\\/noticiasmercedinas.com\\\/site\\\/2021\\\/07\\\/25\\\/mercedinos-participan-en-cantata-de-apoyo-al-pueblo-colombiano\\\/\"},\"wordCount\":271,\"commentCount\":0,\"publisher\":{\"@id\":\"https:\\\/\\\/noticiasmercedinas.com\\\/site\\\/#organization\"},\"image\":{\"@id\":\"https:\\\/\\\/noticiasmercedinas.com\\\/site\\\/2021\\\/07\\\/25\\\/mercedinos-participan-en-cantata-de-apoyo-al-pueblo-colombiano\\\/#primaryimage\"},\"thumbnailUrl\":\"https:\\\/\\\/noticiasmercedinas.com\\\/site\\\/wp-content\\\/uploads\\\/2021\\\/07\\\/colombia-2434912_640.jpg\",\"keywords\":[\"Cantata\",\"colombia\",\"organizacion el negro olmedo\",\"R\u00edo Cauca\",\"solidaridad\"],\"articleSection\":[\"Cultura\"],\"inLanguage\":\"es\",\"potentialAction\":[{\"@type\":\"CommentAction\",\"name\":\"Comment\",\"target\":[\"https:\\\/\\\/noticiasmercedinas.com\\\/site\\\/2021\\\/07\\\/25\\\/mercedinos-participan-en-cantata-de-apoyo-al-pueblo-colombiano\\\/#respond\"]}]},{\"@type\":\"WebPage\",\"@id\":\"https:\\\/\\\/noticiasmercedinas.com\\\/site\\\/2021\\\/07\\\/25\\\/mercedinos-participan-en-cantata-de-apoyo-al-pueblo-colombiano\\\/\",\"url\":\"https:\\\/\\\/noticiasmercedinas.com\\\/site\\\/2021\\\/07\\\/25\\\/mercedinos-participan-en-cantata-de-apoyo-al-pueblo-colombiano\\\/\",\"name\":\"Mercedinos participan en cantata de apoyo al pueblo colombiano\",\"isPartOf\":{\"@id\":\"https:\\\/\\\/noticiasmercedinas.com\\\/site\\\/#website\"},\"primaryImageOfPage\":{\"@id\":\"https:\\\/\\\/noticiasmercedinas.com\\\/site\\\/2021\\\/07\\\/25\\\/mercedinos-participan-en-cantata-de-apoyo-al-pueblo-colombiano\\\/#primaryimage\"},\"image\":{\"@id\":\"https:\\\/\\\/noticiasmercedinas.com\\\/site\\\/2021\\\/07\\\/25\\\/mercedinos-participan-en-cantata-de-apoyo-al-pueblo-colombiano\\\/#primaryimage\"},\"thumbnailUrl\":\"https:\\\/\\\/noticiasmercedinas.com\\\/site\\\/wp-content\\\/uploads\\\/2021\\\/07\\\/colombia-2434912_640.jpg\",\"datePublished\":\"2021-07-25T22:59:48+00:00\",\"dateModified\":\"2021-07-25T23:02:38+00:00\",\"breadcrumb\":{\"@id\":\"https:\\\/\\\/noticiasmercedinas.com\\\/site\\\/2021\\\/07\\\/25\\\/mercedinos-participan-en-cantata-de-apoyo-al-pueblo-colombiano\\\/#breadcrumb\"},\"inLanguage\":\"es\",\"potentialAction\":[{\"@type\":\"ReadAction\",\"target\":[\"https:\\\/\\\/noticiasmercedinas.com\\\/site\\\/2021\\\/07\\\/25\\\/mercedinos-participan-en-cantata-de-apoyo-al-pueblo-colombiano\\\/\"]}]},{\"@type\":\"ImageObject\",\"inLanguage\":\"es\",\"@id\":\"https:\\\/\\\/noticiasmercedinas.com\\\/site\\\/2021\\\/07\\\/25\\\/mercedinos-participan-en-cantata-de-apoyo-al-pueblo-colombiano\\\/#primaryimage\",\"url\":\"https:\\\/\\\/noticiasmercedinas.com\\\/site\\\/wp-content\\\/uploads\\\/2021\\\/07\\\/colombia-2434912_640.jpg\",\"contentUrl\":\"https:\\\/\\\/noticiasmercedinas.com\\\/site\\\/wp-content\\\/uploads\\\/2021\\\/07\\\/colombia-2434912_640.jpg\",\"width\":640,\"height\":400},{\"@type\":\"BreadcrumbList\",\"@id\":\"https:\\\/\\\/noticiasmercedinas.com\\\/site\\\/2021\\\/07\\\/25\\\/mercedinos-participan-en-cantata-de-apoyo-al-pueblo-colombiano\\\/#breadcrumb\",\"itemListElement\":[{\"@type\":\"ListItem\",\"position\":1,\"name\":\"Portada\",\"item\":\"https:\\\/\\\/noticiasmercedinas.com\\\/site\\\/\"},{\"@type\":\"ListItem\",\"position\":2,\"name\":\"Mercedinos participan en cantata de apoyo al pueblo colombiano\"}]},{\"@type\":\"WebSite\",\"@id\":\"https:\\\/\\\/noticiasmercedinas.com\\\/site\\\/#website\",\"url\":\"https:\\\/\\\/noticiasmercedinas.com\\\/site\\\/\",\"name\":\"NOTICIASMERCEDINAS.COM\",\"description\":\"Mercedes, Buenos Aires, Argentina\",\"publisher\":{\"@id\":\"https:\\\/\\\/noticiasmercedinas.com\\\/site\\\/#organization\"},\"potentialAction\":[{\"@type\":\"SearchAction\",\"target\":{\"@type\":\"EntryPoint\",\"urlTemplate\":\"https:\\\/\\\/noticiasmercedinas.com\\\/site\\\/?s={search_term_string}\"},\"query-input\":{\"@type\":\"PropertyValueSpecification\",\"valueRequired\":true,\"valueName\":\"search_term_string\"}}],\"inLanguage\":\"es\"},{\"@type\":\"Organization\",\"@id\":\"https:\\\/\\\/noticiasmercedinas.com\\\/site\\\/#organization\",\"name\":\"NOTICIASMERCEDINAS.COM\",\"url\":\"https:\\\/\\\/noticiasmercedinas.com\\\/site\\\/\",\"logo\":{\"@type\":\"ImageObject\",\"inLanguage\":\"es\",\"@id\":\"https:\\\/\\\/noticiasmercedinas.com\\\/site\\\/#\\\/schema\\\/logo\\\/image\\\/\",\"url\":\"https:\\\/\\\/noticiasmercedinas.com\\\/site\\\/wp-content\\\/uploads\\\/2020\\\/06\\\/LOGO-512.jpg\",\"contentUrl\":\"https:\\\/\\\/noticiasmercedinas.com\\\/site\\\/wp-content\\\/uploads\\\/2020\\\/06\\\/LOGO-512.jpg\",\"width\":512,\"height\":512,\"caption\":\"NOTICIASMERCEDINAS.COM\"},\"image\":{\"@id\":\"https:\\\/\\\/noticiasmercedinas.com\\\/site\\\/#\\\/schema\\\/logo\\\/image\\\/\"},\"sameAs\":[\"https:\\\/\\\/www.facebook.com\\\/noticiasmercedinas\\\/\",\"https:\\\/\\\/x.com\\\/notmercedinas\",\"https:\\\/\\\/www.instagram.com\\\/noticiasmercedinas\\\/\"]},{\"@type\":\"Person\",\"@id\":\"https:\\\/\\\/noticiasmercedinas.com\\\/site\\\/#\\\/schema\\\/person\\\/84b59c099c28ff2e8b77d4ceec5d8063\",\"name\":\"NOTICIASMERCEDINAS.COM\",\"image\":{\"@type\":\"ImageObject\",\"inLanguage\":\"es\",\"@id\":\"https:\\\/\\\/secure.gravatar.com\\\/avatar\\\/4dfbf16b4d17945bfb6341b2d19043457132fcf478a5ee04f42e959fd8f5df0a?s=96&d=mm&r=g\",\"url\":\"https:\\\/\\\/secure.gravatar.com\\\/avatar\\\/4dfbf16b4d17945bfb6341b2d19043457132fcf478a5ee04f42e959fd8f5df0a?s=96&d=mm&r=g\",\"contentUrl\":\"https:\\\/\\\/secure.gravatar.com\\\/avatar\\\/4dfbf16b4d17945bfb6341b2d19043457132fcf478a5ee04f42e959fd8f5df0a?s=96&d=mm&r=g\",\"caption\":\"NOTICIASMERCEDINAS.COM\"},\"url\":\"https:\\\/\\\/noticiasmercedinas.com\\\/site\\\/author\\\/anonimo\\\/\"}]}<\/script>\n<!-- \/ Yoast SEO plugin. -->","yoast_head_json":{"title":"Mercedinos participan en cantata de apoyo al pueblo colombiano","robots":{"index":"index","follow":"follow","max-snippet":"max-snippet:-1","max-image-preview":"max-image-preview:large","max-video-preview":"max-video-preview:-1"},"canonical":"https:\/\/noticiasmercedinas.com\/site\/2021\/07\/25\/mercedinos-participan-en-cantata-de-apoyo-al-pueblo-colombiano\/","og_locale":"es_ES","og_type":"article","og_title":"Mercedinos participan en cantata de apoyo al pueblo colombiano","og_description":"\u25a0 Integrantes de la Organizaci\u00f3n \u201cEl Negro Olmedo\u201d se sumar\u00e1n ma\u00f1ana a un estreno mundial, con artistas de ocho pa\u00edses latinoamericanos.","og_url":"https:\/\/noticiasmercedinas.com\/site\/2021\/07\/25\/mercedinos-participan-en-cantata-de-apoyo-al-pueblo-colombiano\/","og_site_name":"NOTICIASMERCEDINAS.COM","article_publisher":"https:\/\/www.facebook.com\/noticiasmercedinas\/","article_published_time":"2021-07-25T22:59:48+00:00","article_modified_time":"2021-07-25T23:02:38+00:00","og_image":[{"width":640,"height":400,"url":"https:\/\/noticiasmercedinas.com\/site\/wp-content\/uploads\/2021\/07\/colombia-2434912_640.jpg","type":"image\/jpeg"}],"author":"NOTICIASMERCEDINAS.COM","twitter_card":"summary_large_image","twitter_creator":"@notmercedinas","twitter_site":"@notmercedinas","twitter_misc":{"Escrito por":"NOTICIASMERCEDINAS.COM","Tiempo de lectura":"2 minutos"},"schema":{"@context":"https:\/\/schema.org","@graph":[{"@type":"Article","@id":"https:\/\/noticiasmercedinas.com\/site\/2021\/07\/25\/mercedinos-participan-en-cantata-de-apoyo-al-pueblo-colombiano\/#article","isPartOf":{"@id":"https:\/\/noticiasmercedinas.com\/site\/2021\/07\/25\/mercedinos-participan-en-cantata-de-apoyo-al-pueblo-colombiano\/"},"author":{"name":"NOTICIASMERCEDINAS.COM","@id":"https:\/\/noticiasmercedinas.com\/site\/#\/schema\/person\/84b59c099c28ff2e8b77d4ceec5d8063"},"headline":"Mercedinos participan en cantata de apoyo al pueblo colombiano","datePublished":"2021-07-25T22:59:48+00:00","dateModified":"2021-07-25T23:02:38+00:00","mainEntityOfPage":{"@id":"https:\/\/noticiasmercedinas.com\/site\/2021\/07\/25\/mercedinos-participan-en-cantata-de-apoyo-al-pueblo-colombiano\/"},"wordCount":271,"commentCount":0,"publisher":{"@id":"https:\/\/noticiasmercedinas.com\/site\/#organization"},"image":{"@id":"https:\/\/noticiasmercedinas.com\/site\/2021\/07\/25\/mercedinos-participan-en-cantata-de-apoyo-al-pueblo-colombiano\/#primaryimage"},"thumbnailUrl":"https:\/\/noticiasmercedinas.com\/site\/wp-content\/uploads\/2021\/07\/colombia-2434912_640.jpg","keywords":["Cantata","colombia","organizacion el negro olmedo","R\u00edo Cauca","solidaridad"],"articleSection":["Cultura"],"inLanguage":"es","potentialAction":[{"@type":"CommentAction","name":"Comment","target":["https:\/\/noticiasmercedinas.com\/site\/2021\/07\/25\/mercedinos-participan-en-cantata-de-apoyo-al-pueblo-colombiano\/#respond"]}]},{"@type":"WebPage","@id":"https:\/\/noticiasmercedinas.com\/site\/2021\/07\/25\/mercedinos-participan-en-cantata-de-apoyo-al-pueblo-colombiano\/","url":"https:\/\/noticiasmercedinas.com\/site\/2021\/07\/25\/mercedinos-participan-en-cantata-de-apoyo-al-pueblo-colombiano\/","name":"Mercedinos participan en cantata de apoyo al pueblo colombiano","isPartOf":{"@id":"https:\/\/noticiasmercedinas.com\/site\/#website"},"primaryImageOfPage":{"@id":"https:\/\/noticiasmercedinas.com\/site\/2021\/07\/25\/mercedinos-participan-en-cantata-de-apoyo-al-pueblo-colombiano\/#primaryimage"},"image":{"@id":"https:\/\/noticiasmercedinas.com\/site\/2021\/07\/25\/mercedinos-participan-en-cantata-de-apoyo-al-pueblo-colombiano\/#primaryimage"},"thumbnailUrl":"https:\/\/noticiasmercedinas.com\/site\/wp-content\/uploads\/2021\/07\/colombia-2434912_640.jpg","datePublished":"2021-07-25T22:59:48+00:00","dateModified":"2021-07-25T23:02:38+00:00","breadcrumb":{"@id":"https:\/\/noticiasmercedinas.com\/site\/2021\/07\/25\/mercedinos-participan-en-cantata-de-apoyo-al-pueblo-colombiano\/#breadcrumb"},"inLanguage":"es","potentialAction":[{"@type":"ReadAction","target":["https:\/\/noticiasmercedinas.com\/site\/2021\/07\/25\/mercedinos-participan-en-cantata-de-apoyo-al-pueblo-colombiano\/"]}]},{"@type":"ImageObject","inLanguage":"es","@id":"https:\/\/noticiasmercedinas.com\/site\/2021\/07\/25\/mercedinos-participan-en-cantata-de-apoyo-al-pueblo-colombiano\/#primaryimage","url":"https:\/\/noticiasmercedinas.com\/site\/wp-content\/uploads\/2021\/07\/colombia-2434912_640.jpg","contentUrl":"https:\/\/noticiasmercedinas.com\/site\/wp-content\/uploads\/2021\/07\/colombia-2434912_640.jpg","width":640,"height":400},{"@type":"BreadcrumbList","@id":"https:\/\/noticiasmercedinas.com\/site\/2021\/07\/25\/mercedinos-participan-en-cantata-de-apoyo-al-pueblo-colombiano\/#breadcrumb","itemListElement":[{"@type":"ListItem","position":1,"name":"Portada","item":"https:\/\/noticiasmercedinas.com\/site\/"},{"@type":"ListItem","position":2,"name":"Mercedinos participan en cantata de apoyo al pueblo colombiano"}]},{"@type":"WebSite","@id":"https:\/\/noticiasmercedinas.com\/site\/#website","url":"https:\/\/noticiasmercedinas.com\/site\/","name":"NOTICIASMERCEDINAS.COM","description":"Mercedes, Buenos Aires, Argentina","publisher":{"@id":"https:\/\/noticiasmercedinas.com\/site\/#organization"},"potentialAction":[{"@type":"SearchAction","target":{"@type":"EntryPoint","urlTemplate":"https:\/\/noticiasmercedinas.com\/site\/?s={search_term_string}"},"query-input":{"@type":"PropertyValueSpecification","valueRequired":true,"valueName":"search_term_string"}}],"inLanguage":"es"},{"@type":"Organization","@id":"https:\/\/noticiasmercedinas.com\/site\/#organization","name":"NOTICIASMERCEDINAS.COM","url":"https:\/\/noticiasmercedinas.com\/site\/","logo":{"@type":"ImageObject","inLanguage":"es","@id":"https:\/\/noticiasmercedinas.com\/site\/#\/schema\/logo\/image\/","url":"https:\/\/noticiasmercedinas.com\/site\/wp-content\/uploads\/2020\/06\/LOGO-512.jpg","contentUrl":"https:\/\/noticiasmercedinas.com\/site\/wp-content\/uploads\/2020\/06\/LOGO-512.jpg","width":512,"height":512,"caption":"NOTICIASMERCEDINAS.COM"},"image":{"@id":"https:\/\/noticiasmercedinas.com\/site\/#\/schema\/logo\/image\/"},"sameAs":["https:\/\/www.facebook.com\/noticiasmercedinas\/","https:\/\/x.com\/notmercedinas","https:\/\/www.instagram.com\/noticiasmercedinas\/"]},{"@type":"Person","@id":"https:\/\/noticiasmercedinas.com\/site\/#\/schema\/person\/84b59c099c28ff2e8b77d4ceec5d8063","name":"NOTICIASMERCEDINAS.COM","image":{"@type":"ImageObject","inLanguage":"es","@id":"https:\/\/secure.gravatar.com\/avatar\/4dfbf16b4d17945bfb6341b2d19043457132fcf478a5ee04f42e959fd8f5df0a?s=96&d=mm&r=g","url":"https:\/\/secure.gravatar.com\/avatar\/4dfbf16b4d17945bfb6341b2d19043457132fcf478a5ee04f42e959fd8f5df0a?s=96&d=mm&r=g","contentUrl":"https:\/\/secure.gravatar.com\/avatar\/4dfbf16b4d17945bfb6341b2d19043457132fcf478a5ee04f42e959fd8f5df0a?s=96&d=mm&r=g","caption":"NOTICIASMERCEDINAS.COM"},"url":"https:\/\/noticiasmercedinas.com\/site\/author\/anonimo\/"}]}},"amp_enabled":true,"_links":{"self":[{"href":"https:\/\/noticiasmercedinas.com\/site\/wp-json\/wp\/v2\/posts\/71485","targetHints":{"allow":["GET"]}}],"collection":[{"href":"https:\/\/noticiasmercedinas.com\/site\/wp-json\/wp\/v2\/posts"}],"about":[{"href":"https:\/\/noticiasmercedinas.com\/site\/wp-json\/wp\/v2\/types\/post"}],"author":[{"embeddable":true,"href":"https:\/\/noticiasmercedinas.com\/site\/wp-json\/wp\/v2\/users\/16"}],"replies":[{"embeddable":true,"href":"https:\/\/noticiasmercedinas.com\/site\/wp-json\/wp\/v2\/comments?post=71485"}],"version-history":[{"count":3,"href":"https:\/\/noticiasmercedinas.com\/site\/wp-json\/wp\/v2\/posts\/71485\/revisions"}],"predecessor-version":[{"id":71489,"href":"https:\/\/noticiasmercedinas.com\/site\/wp-json\/wp\/v2\/posts\/71485\/revisions\/71489"}],"wp:featuredmedia":[{"embeddable":true,"href":"https:\/\/noticiasmercedinas.com\/site\/wp-json\/wp\/v2\/media\/71486"}],"wp:attachment":[{"href":"https:\/\/noticiasmercedinas.com\/site\/wp-json\/wp\/v2\/media?parent=71485"}],"wp:term":[{"taxonomy":"category","embeddable":true,"href":"https:\/\/noticiasmercedinas.com\/site\/wp-json\/wp\/v2\/categories?post=71485"},{"taxonomy":"post_tag","embeddable":true,"href":"https:\/\/noticiasmercedinas.com\/site\/wp-json\/wp\/v2\/tags?post=71485"}],"curies":[{"name":"wp","href":"https:\/\/api.w.org\/{rel}","templated":true}]}}