{"id":71625,"date":"2021-07-28T13:06:48","date_gmt":"2021-07-28T16:06:48","guid":{"rendered":"https:\/\/noticiasmercedinas.com\/site\/?p=71625"},"modified":"2021-07-28T13:06:48","modified_gmt":"2021-07-28T16:06:48","slug":"hepatitis-una-lucha-que-continua-y-no-puede-esperar","status":"publish","type":"post","link":"https:\/\/noticiasmercedinas.com\/site\/2021\/07\/28\/hepatitis-una-lucha-que-continua-y-no-puede-esperar\/","title":{"rendered":"Hepatitis: una lucha que contin\u00faa y no puede esperar"},"content":{"rendered":"<p><a href=\"https:\/\/noticiasmercedinas.com\/site\/wp-content\/uploads\/2021\/07\/blood-4039751_640.jpg\"><img loading=\"lazy\" decoding=\"async\" class=\"alignnone size-full wp-image-71626\" src=\"https:\/\/noticiasmercedinas.com\/site\/wp-content\/uploads\/2021\/07\/blood-4039751_640.jpg\" alt=\"\" width=\"640\" height=\"405\" srcset=\"https:\/\/noticiasmercedinas.com\/site\/wp-content\/uploads\/2021\/07\/blood-4039751_640.jpg 640w, https:\/\/noticiasmercedinas.com\/site\/wp-content\/uploads\/2021\/07\/blood-4039751_640-300x190.jpg 300w\" sizes=\"auto, (max-width: 640px) 100vw, 640px\" \/><\/a><\/p>\n<p>Como cada a\u00f1o, el 28 de julio se celebra el D\u00eda Mundial de la Hepatitis en conmemoraci\u00f3n al Dr. Baruch Blumberg, quien descubri\u00f3 el virus de la hepatitis B y dise\u00f1\u00f3 las pruebas de diagn\u00f3stico, adem\u00e1s de la vacuna. La Dra. Valeria El Haj, Directora M\u00e9dica Nacional de OSPEDYC, explica qu\u00e9 medidas podemos tomar para prevenir esta enfermedad.<\/p>\n<p>Frente al contexto pand\u00e9mico a nivel mundial, en esta fecha se impulsa a\u00fan con mayor vigor la concienciaci\u00f3n sobre las hepatitis v\u00edricas, que inflaman el h\u00edgado y causan enfermedades como el c\u00e1ncer.<\/p>\n<p>Seg\u00fan estimaciones recientes de la Organizaci\u00f3n Mundial de la Salud (OMS), estas enfermedades virales del h\u00edgado aquejan a 325 millones de personas con sus cepas B y C, provocando un estimado de 1,4 millones de defunciones anuales.<\/p>\n<blockquote><p>Estas enfermedades virales del h\u00edgado aquejan a 325 millones de personas provocando un estimado de 1,4 millones de defunciones anuales.<\/p><\/blockquote>\n<p>\u201cSe reconocen cinco virus que pueden causar hepatitis, pero los m\u00e1s habituales son reconocidos como A, B y C; y una infecci\u00f3n con cualquiera de estas tres variantes puede ser un serio problema de salud. Este padecimiento ataca a actividades esenciales del h\u00edgado, como la desintoxicaci\u00f3n de la sangre, el almacenamiento de vitaminas y la producci\u00f3n de hormonas que generan graves disfunciones org\u00e1nicas \u201c, sostiene la Dra. Valeria El Haj, Directora M\u00e9dica Nacional de OSPEDYC.<\/p>\n<p>La preocupaci\u00f3n de la OMS es constante, debido a que, en su fase inicial, los s\u00edntomas son similares a los de un cuadro gripal, astenia y tambi\u00e9n pueden presentarse otros signos como orina oscura, urticaria, prurito, heces de color claro, la coloraci\u00f3n amarillenta de la piel, los ojos y la lengua.<\/p>\n<p>A pesar del contexto desfavorable de la pandemia, se contin\u00faan haciendo los esfuerzos necesarios para cumplir con la Agenda 2030 de la OMS para el Desarrollo Sostenible con la implementaci\u00f3n de una estrategia mundial contra las hepatitis virales.<\/p>\n<p>Por eso, y sobre todo considerando la situaci\u00f3n actual, es necesario informarse sobre cu\u00e1les son las medidas que podemos implementar para disminuir su impacto.<\/p>\n<p>\u00bfQu\u00e9 medidas podemos tomar para prevenirla?<\/p>\n<p>&#8211; En principio es necesario el compromiso de los Estados porque la primera instancia se trata de un buen nivel de higiene, entendi\u00e9ndolo de un modo amplio, ya que integra no solo la necesidad del constante lavado de manos, sino acciones que necesitan de infraestructura como el acceso al agua potable, necesaria para el consumo y limpieza de los alimentos, reposici\u00f3n h\u00eddrica diaria, etc.<\/p>\n<p>&#8211; Protecci\u00f3n sexual: debido a que la transmisi\u00f3n de algunas de ellas, como la hepatitis B se produce por contacto con fluidos infectados, como saliva, semen, etc.<\/p>\n<p>&#8211; No compartir elementos de higiene personal como cepillo de dientes y tener cuidado con el uso de jeringas u objetos punzantes, como en el caso de la realizaci\u00f3n de tatuajes.<\/p>\n<p>&#8211; Controlar el consumo de alcohol, medicamentos y el sobrepeso, ya que son agravantes de los s\u00edntomas.<\/p>\n<p>&#8211; Respetar el calendario de vacunaci\u00f3n: la vacuna contra la hepatitis B debe aplicarse a todos los beb\u00e9s al nacer y a los adultos en riesgo, en tanto que la vacuna contra la hepatitis A debe aplicarse a todos los beb\u00e9s al a\u00f1o de nacimiento. La hepatitis C no tiene vacuna, pero ya se desarrollaron tratamientos para combatir la enfermedad.<\/p>\n<p>\u201cHoy en d\u00eda, las hepatitis B y C se pueden tratar, ya que los prestadores de salud cuentan con instrumentos para combatir la enfermedad, y, por primera vez, la hepatitis C es curable\u201d, aclara la Dra. Valeria El Haj, Directora M\u00e9dica Nacional de OSPEDYC, \u201cAun as\u00ed, seg\u00fan las estimaciones m\u00e1s recientes de la OMS, en toda la regi\u00f3n de las Am\u00e9ricas se producen cada a\u00f1o 67.000 nuevas infecciones por el virus de la hepatitis C, y las muertes ascienden a las 84.000 anuales\u201d.<\/p>\n<p><strong>Sobre OSPEDYC<\/strong><\/p>\n<p>OSPEDYC es una obra social con origen en UTEDYC- Uni\u00f3n Trabajadores de Entidades Deportivas y Civiles-, creada para cuidar la salud de sus beneficiarios, as\u00ed como tambi\u00e9n la de sus afiliados voluntarios. Fiel a sus valores -solidaridad, igualdad y eficiencia-, OSPEDYC ofrece un servicio de cobertura m\u00e9dica nacional para la atenci\u00f3n integral de todos sus usuarios. Con m\u00e1s de 120 mil afiliados, 13 centros m\u00e9dicos propios y un desarrollo continuo en materia de infraestructura, servicios, equipamiento tecnol\u00f3gico y recursos humanos, OSPEDYC se posiciona como una instituci\u00f3n l\u00edder dentro del sistema de seguridad social.<\/p>\n","protected":false},"excerpt":{"rendered":"<p>\u25a0 Hoy se celebra el D\u00eda Mundial de la Hepatitis. La Directora M\u00e9dica Nacional de la obra social OSPEDYC explica qu\u00e9 medidas podemos tomar para prevenir esta enfermedad.<\/p>\n","protected":false},"author":16,"featured_media":71626,"comment_status":"open","ping_status":"open","sticky":false,"template":"","format":"standard","meta":{"footnotes":""},"categories":[8992],"tags":[12472,12470,12471],"class_list":["post-71625","post","type-post","status-publish","format-standard","has-post-thumbnail","hentry","category-bienestar","tag-hepatitis","tag-ospedyc","tag-utedyc"],"yoast_head":"<!-- This site is optimized with the Yoast SEO plugin v27.5 - https:\/\/yoast.com\/product\/yoast-seo-wordpress\/ -->\n<title>Hepatitis: una lucha que contin\u00faa y no puede esperar<\/title>\n<meta name=\"robots\" content=\"index, follow, max-snippet:-1, max-image-preview:large, max-video-preview:-1\" \/>\n<link rel=\"canonical\" href=\"https:\/\/noticiasmercedinas.com\/site\/2021\/07\/28\/hepatitis-una-lucha-que-continua-y-no-puede-esperar\/\" \/>\n<meta property=\"og:locale\" content=\"es_ES\" \/>\n<meta property=\"og:type\" content=\"article\" \/>\n<meta property=\"og:title\" content=\"Hepatitis: una lucha que contin\u00faa y no puede esperar\" \/>\n<meta property=\"og:description\" content=\"\u25a0 Hoy se celebra el D\u00eda Mundial de la Hepatitis. La Directora M\u00e9dica Nacional de la obra social OSPEDYC explica qu\u00e9 medidas podemos tomar para prevenir esta enfermedad.\" \/>\n<meta property=\"og:url\" content=\"https:\/\/noticiasmercedinas.com\/site\/2021\/07\/28\/hepatitis-una-lucha-que-continua-y-no-puede-esperar\/\" \/>\n<meta property=\"og:site_name\" content=\"NOTICIASMERCEDINAS.COM\" \/>\n<meta property=\"article:publisher\" content=\"https:\/\/www.facebook.com\/noticiasmercedinas\/\" \/>\n<meta property=\"article:published_time\" content=\"2021-07-28T16:06:48+00:00\" \/>\n<meta property=\"og:image\" content=\"https:\/\/noticiasmercedinas.com\/site\/wp-content\/uploads\/2021\/07\/blood-4039751_640.jpg\" \/>\n\t<meta property=\"og:image:width\" content=\"640\" \/>\n\t<meta property=\"og:image:height\" content=\"405\" \/>\n\t<meta property=\"og:image:type\" content=\"image\/jpeg\" \/>\n<meta name=\"author\" content=\"NOTICIASMERCEDINAS.COM\" \/>\n<meta name=\"twitter:card\" content=\"summary_large_image\" \/>\n<meta name=\"twitter:creator\" content=\"@notmercedinas\" \/>\n<meta name=\"twitter:site\" content=\"@notmercedinas\" \/>\n<meta name=\"twitter:label1\" content=\"Escrito por\" \/>\n\t<meta name=\"twitter:data1\" content=\"NOTICIASMERCEDINAS.COM\" \/>\n\t<meta name=\"twitter:label2\" content=\"Tiempo de lectura\" \/>\n\t<meta name=\"twitter:data2\" content=\"4 minutos\" \/>\n<script type=\"application\/ld+json\" class=\"yoast-schema-graph\">{\"@context\":\"https:\\\/\\\/schema.org\",\"@graph\":[{\"@type\":\"Article\",\"@id\":\"https:\\\/\\\/noticiasmercedinas.com\\\/site\\\/2021\\\/07\\\/28\\\/hepatitis-una-lucha-que-continua-y-no-puede-esperar\\\/#article\",\"isPartOf\":{\"@id\":\"https:\\\/\\\/noticiasmercedinas.com\\\/site\\\/2021\\\/07\\\/28\\\/hepatitis-una-lucha-que-continua-y-no-puede-esperar\\\/\"},\"author\":{\"name\":\"NOTICIASMERCEDINAS.COM\",\"@id\":\"https:\\\/\\\/noticiasmercedinas.com\\\/site\\\/#\\\/schema\\\/person\\\/84b59c099c28ff2e8b77d4ceec5d8063\"},\"headline\":\"Hepatitis: una lucha que contin\u00faa y no puede esperar\",\"datePublished\":\"2021-07-28T16:06:48+00:00\",\"mainEntityOfPage\":{\"@id\":\"https:\\\/\\\/noticiasmercedinas.com\\\/site\\\/2021\\\/07\\\/28\\\/hepatitis-una-lucha-que-continua-y-no-puede-esperar\\\/\"},\"wordCount\":775,\"commentCount\":0,\"publisher\":{\"@id\":\"https:\\\/\\\/noticiasmercedinas.com\\\/site\\\/#organization\"},\"image\":{\"@id\":\"https:\\\/\\\/noticiasmercedinas.com\\\/site\\\/2021\\\/07\\\/28\\\/hepatitis-una-lucha-que-continua-y-no-puede-esperar\\\/#primaryimage\"},\"thumbnailUrl\":\"https:\\\/\\\/noticiasmercedinas.com\\\/site\\\/wp-content\\\/uploads\\\/2021\\\/07\\\/blood-4039751_640.jpg\",\"keywords\":[\"Hepatitis\",\"OSPEDYC\",\"UTEDYC\"],\"articleSection\":[\"Bienestar\"],\"inLanguage\":\"es\",\"potentialAction\":[{\"@type\":\"CommentAction\",\"name\":\"Comment\",\"target\":[\"https:\\\/\\\/noticiasmercedinas.com\\\/site\\\/2021\\\/07\\\/28\\\/hepatitis-una-lucha-que-continua-y-no-puede-esperar\\\/#respond\"]}]},{\"@type\":\"WebPage\",\"@id\":\"https:\\\/\\\/noticiasmercedinas.com\\\/site\\\/2021\\\/07\\\/28\\\/hepatitis-una-lucha-que-continua-y-no-puede-esperar\\\/\",\"url\":\"https:\\\/\\\/noticiasmercedinas.com\\\/site\\\/2021\\\/07\\\/28\\\/hepatitis-una-lucha-que-continua-y-no-puede-esperar\\\/\",\"name\":\"Hepatitis: una lucha que contin\u00faa y no puede esperar\",\"isPartOf\":{\"@id\":\"https:\\\/\\\/noticiasmercedinas.com\\\/site\\\/#website\"},\"primaryImageOfPage\":{\"@id\":\"https:\\\/\\\/noticiasmercedinas.com\\\/site\\\/2021\\\/07\\\/28\\\/hepatitis-una-lucha-que-continua-y-no-puede-esperar\\\/#primaryimage\"},\"image\":{\"@id\":\"https:\\\/\\\/noticiasmercedinas.com\\\/site\\\/2021\\\/07\\\/28\\\/hepatitis-una-lucha-que-continua-y-no-puede-esperar\\\/#primaryimage\"},\"thumbnailUrl\":\"https:\\\/\\\/noticiasmercedinas.com\\\/site\\\/wp-content\\\/uploads\\\/2021\\\/07\\\/blood-4039751_640.jpg\",\"datePublished\":\"2021-07-28T16:06:48+00:00\",\"breadcrumb\":{\"@id\":\"https:\\\/\\\/noticiasmercedinas.com\\\/site\\\/2021\\\/07\\\/28\\\/hepatitis-una-lucha-que-continua-y-no-puede-esperar\\\/#breadcrumb\"},\"inLanguage\":\"es\",\"potentialAction\":[{\"@type\":\"ReadAction\",\"target\":[\"https:\\\/\\\/noticiasmercedinas.com\\\/site\\\/2021\\\/07\\\/28\\\/hepatitis-una-lucha-que-continua-y-no-puede-esperar\\\/\"]}]},{\"@type\":\"ImageObject\",\"inLanguage\":\"es\",\"@id\":\"https:\\\/\\\/noticiasmercedinas.com\\\/site\\\/2021\\\/07\\\/28\\\/hepatitis-una-lucha-que-continua-y-no-puede-esperar\\\/#primaryimage\",\"url\":\"https:\\\/\\\/noticiasmercedinas.com\\\/site\\\/wp-content\\\/uploads\\\/2021\\\/07\\\/blood-4039751_640.jpg\",\"contentUrl\":\"https:\\\/\\\/noticiasmercedinas.com\\\/site\\\/wp-content\\\/uploads\\\/2021\\\/07\\\/blood-4039751_640.jpg\",\"width\":640,\"height\":405},{\"@type\":\"BreadcrumbList\",\"@id\":\"https:\\\/\\\/noticiasmercedinas.com\\\/site\\\/2021\\\/07\\\/28\\\/hepatitis-una-lucha-que-continua-y-no-puede-esperar\\\/#breadcrumb\",\"itemListElement\":[{\"@type\":\"ListItem\",\"position\":1,\"name\":\"Portada\",\"item\":\"https:\\\/\\\/noticiasmercedinas.com\\\/site\\\/\"},{\"@type\":\"ListItem\",\"position\":2,\"name\":\"Hepatitis: una lucha que contin\u00faa y no puede esperar\"}]},{\"@type\":\"WebSite\",\"@id\":\"https:\\\/\\\/noticiasmercedinas.com\\\/site\\\/#website\",\"url\":\"https:\\\/\\\/noticiasmercedinas.com\\\/site\\\/\",\"name\":\"NOTICIASMERCEDINAS.COM\",\"description\":\"Mercedes, Buenos Aires, Argentina\",\"publisher\":{\"@id\":\"https:\\\/\\\/noticiasmercedinas.com\\\/site\\\/#organization\"},\"potentialAction\":[{\"@type\":\"SearchAction\",\"target\":{\"@type\":\"EntryPoint\",\"urlTemplate\":\"https:\\\/\\\/noticiasmercedinas.com\\\/site\\\/?s={search_term_string}\"},\"query-input\":{\"@type\":\"PropertyValueSpecification\",\"valueRequired\":true,\"valueName\":\"search_term_string\"}}],\"inLanguage\":\"es\"},{\"@type\":\"Organization\",\"@id\":\"https:\\\/\\\/noticiasmercedinas.com\\\/site\\\/#organization\",\"name\":\"NOTICIASMERCEDINAS.COM\",\"url\":\"https:\\\/\\\/noticiasmercedinas.com\\\/site\\\/\",\"logo\":{\"@type\":\"ImageObject\",\"inLanguage\":\"es\",\"@id\":\"https:\\\/\\\/noticiasmercedinas.com\\\/site\\\/#\\\/schema\\\/logo\\\/image\\\/\",\"url\":\"https:\\\/\\\/noticiasmercedinas.com\\\/site\\\/wp-content\\\/uploads\\\/2020\\\/06\\\/LOGO-512.jpg\",\"contentUrl\":\"https:\\\/\\\/noticiasmercedinas.com\\\/site\\\/wp-content\\\/uploads\\\/2020\\\/06\\\/LOGO-512.jpg\",\"width\":512,\"height\":512,\"caption\":\"NOTICIASMERCEDINAS.COM\"},\"image\":{\"@id\":\"https:\\\/\\\/noticiasmercedinas.com\\\/site\\\/#\\\/schema\\\/logo\\\/image\\\/\"},\"sameAs\":[\"https:\\\/\\\/www.facebook.com\\\/noticiasmercedinas\\\/\",\"https:\\\/\\\/x.com\\\/notmercedinas\",\"https:\\\/\\\/www.instagram.com\\\/noticiasmercedinas\\\/\"]},{\"@type\":\"Person\",\"@id\":\"https:\\\/\\\/noticiasmercedinas.com\\\/site\\\/#\\\/schema\\\/person\\\/84b59c099c28ff2e8b77d4ceec5d8063\",\"name\":\"NOTICIASMERCEDINAS.COM\",\"image\":{\"@type\":\"ImageObject\",\"inLanguage\":\"es\",\"@id\":\"https:\\\/\\\/secure.gravatar.com\\\/avatar\\\/4dfbf16b4d17945bfb6341b2d19043457132fcf478a5ee04f42e959fd8f5df0a?s=96&d=mm&r=g\",\"url\":\"https:\\\/\\\/secure.gravatar.com\\\/avatar\\\/4dfbf16b4d17945bfb6341b2d19043457132fcf478a5ee04f42e959fd8f5df0a?s=96&d=mm&r=g\",\"contentUrl\":\"https:\\\/\\\/secure.gravatar.com\\\/avatar\\\/4dfbf16b4d17945bfb6341b2d19043457132fcf478a5ee04f42e959fd8f5df0a?s=96&d=mm&r=g\",\"caption\":\"NOTICIASMERCEDINAS.COM\"},\"url\":\"https:\\\/\\\/noticiasmercedinas.com\\\/site\\\/author\\\/anonimo\\\/\"}]}<\/script>\n<!-- \/ Yoast SEO plugin. -->","yoast_head_json":{"title":"Hepatitis: una lucha que contin\u00faa y no puede esperar","robots":{"index":"index","follow":"follow","max-snippet":"max-snippet:-1","max-image-preview":"max-image-preview:large","max-video-preview":"max-video-preview:-1"},"canonical":"https:\/\/noticiasmercedinas.com\/site\/2021\/07\/28\/hepatitis-una-lucha-que-continua-y-no-puede-esperar\/","og_locale":"es_ES","og_type":"article","og_title":"Hepatitis: una lucha que contin\u00faa y no puede esperar","og_description":"\u25a0 Hoy se celebra el D\u00eda Mundial de la Hepatitis. La Directora M\u00e9dica Nacional de la obra social OSPEDYC explica qu\u00e9 medidas podemos tomar para prevenir esta enfermedad.","og_url":"https:\/\/noticiasmercedinas.com\/site\/2021\/07\/28\/hepatitis-una-lucha-que-continua-y-no-puede-esperar\/","og_site_name":"NOTICIASMERCEDINAS.COM","article_publisher":"https:\/\/www.facebook.com\/noticiasmercedinas\/","article_published_time":"2021-07-28T16:06:48+00:00","og_image":[{"width":640,"height":405,"url":"https:\/\/noticiasmercedinas.com\/site\/wp-content\/uploads\/2021\/07\/blood-4039751_640.jpg","type":"image\/jpeg"}],"author":"NOTICIASMERCEDINAS.COM","twitter_card":"summary_large_image","twitter_creator":"@notmercedinas","twitter_site":"@notmercedinas","twitter_misc":{"Escrito por":"NOTICIASMERCEDINAS.COM","Tiempo de lectura":"4 minutos"},"schema":{"@context":"https:\/\/schema.org","@graph":[{"@type":"Article","@id":"https:\/\/noticiasmercedinas.com\/site\/2021\/07\/28\/hepatitis-una-lucha-que-continua-y-no-puede-esperar\/#article","isPartOf":{"@id":"https:\/\/noticiasmercedinas.com\/site\/2021\/07\/28\/hepatitis-una-lucha-que-continua-y-no-puede-esperar\/"},"author":{"name":"NOTICIASMERCEDINAS.COM","@id":"https:\/\/noticiasmercedinas.com\/site\/#\/schema\/person\/84b59c099c28ff2e8b77d4ceec5d8063"},"headline":"Hepatitis: una lucha que contin\u00faa y no puede esperar","datePublished":"2021-07-28T16:06:48+00:00","mainEntityOfPage":{"@id":"https:\/\/noticiasmercedinas.com\/site\/2021\/07\/28\/hepatitis-una-lucha-que-continua-y-no-puede-esperar\/"},"wordCount":775,"commentCount":0,"publisher":{"@id":"https:\/\/noticiasmercedinas.com\/site\/#organization"},"image":{"@id":"https:\/\/noticiasmercedinas.com\/site\/2021\/07\/28\/hepatitis-una-lucha-que-continua-y-no-puede-esperar\/#primaryimage"},"thumbnailUrl":"https:\/\/noticiasmercedinas.com\/site\/wp-content\/uploads\/2021\/07\/blood-4039751_640.jpg","keywords":["Hepatitis","OSPEDYC","UTEDYC"],"articleSection":["Bienestar"],"inLanguage":"es","potentialAction":[{"@type":"CommentAction","name":"Comment","target":["https:\/\/noticiasmercedinas.com\/site\/2021\/07\/28\/hepatitis-una-lucha-que-continua-y-no-puede-esperar\/#respond"]}]},{"@type":"WebPage","@id":"https:\/\/noticiasmercedinas.com\/site\/2021\/07\/28\/hepatitis-una-lucha-que-continua-y-no-puede-esperar\/","url":"https:\/\/noticiasmercedinas.com\/site\/2021\/07\/28\/hepatitis-una-lucha-que-continua-y-no-puede-esperar\/","name":"Hepatitis: una lucha que contin\u00faa y no puede esperar","isPartOf":{"@id":"https:\/\/noticiasmercedinas.com\/site\/#website"},"primaryImageOfPage":{"@id":"https:\/\/noticiasmercedinas.com\/site\/2021\/07\/28\/hepatitis-una-lucha-que-continua-y-no-puede-esperar\/#primaryimage"},"image":{"@id":"https:\/\/noticiasmercedinas.com\/site\/2021\/07\/28\/hepatitis-una-lucha-que-continua-y-no-puede-esperar\/#primaryimage"},"thumbnailUrl":"https:\/\/noticiasmercedinas.com\/site\/wp-content\/uploads\/2021\/07\/blood-4039751_640.jpg","datePublished":"2021-07-28T16:06:48+00:00","breadcrumb":{"@id":"https:\/\/noticiasmercedinas.com\/site\/2021\/07\/28\/hepatitis-una-lucha-que-continua-y-no-puede-esperar\/#breadcrumb"},"inLanguage":"es","potentialAction":[{"@type":"ReadAction","target":["https:\/\/noticiasmercedinas.com\/site\/2021\/07\/28\/hepatitis-una-lucha-que-continua-y-no-puede-esperar\/"]}]},{"@type":"ImageObject","inLanguage":"es","@id":"https:\/\/noticiasmercedinas.com\/site\/2021\/07\/28\/hepatitis-una-lucha-que-continua-y-no-puede-esperar\/#primaryimage","url":"https:\/\/noticiasmercedinas.com\/site\/wp-content\/uploads\/2021\/07\/blood-4039751_640.jpg","contentUrl":"https:\/\/noticiasmercedinas.com\/site\/wp-content\/uploads\/2021\/07\/blood-4039751_640.jpg","width":640,"height":405},{"@type":"BreadcrumbList","@id":"https:\/\/noticiasmercedinas.com\/site\/2021\/07\/28\/hepatitis-una-lucha-que-continua-y-no-puede-esperar\/#breadcrumb","itemListElement":[{"@type":"ListItem","position":1,"name":"Portada","item":"https:\/\/noticiasmercedinas.com\/site\/"},{"@type":"ListItem","position":2,"name":"Hepatitis: una lucha que contin\u00faa y no puede esperar"}]},{"@type":"WebSite","@id":"https:\/\/noticiasmercedinas.com\/site\/#website","url":"https:\/\/noticiasmercedinas.com\/site\/","name":"NOTICIASMERCEDINAS.COM","description":"Mercedes, Buenos Aires, Argentina","publisher":{"@id":"https:\/\/noticiasmercedinas.com\/site\/#organization"},"potentialAction":[{"@type":"SearchAction","target":{"@type":"EntryPoint","urlTemplate":"https:\/\/noticiasmercedinas.com\/site\/?s={search_term_string}"},"query-input":{"@type":"PropertyValueSpecification","valueRequired":true,"valueName":"search_term_string"}}],"inLanguage":"es"},{"@type":"Organization","@id":"https:\/\/noticiasmercedinas.com\/site\/#organization","name":"NOTICIASMERCEDINAS.COM","url":"https:\/\/noticiasmercedinas.com\/site\/","logo":{"@type":"ImageObject","inLanguage":"es","@id":"https:\/\/noticiasmercedinas.com\/site\/#\/schema\/logo\/image\/","url":"https:\/\/noticiasmercedinas.com\/site\/wp-content\/uploads\/2020\/06\/LOGO-512.jpg","contentUrl":"https:\/\/noticiasmercedinas.com\/site\/wp-content\/uploads\/2020\/06\/LOGO-512.jpg","width":512,"height":512,"caption":"NOTICIASMERCEDINAS.COM"},"image":{"@id":"https:\/\/noticiasmercedinas.com\/site\/#\/schema\/logo\/image\/"},"sameAs":["https:\/\/www.facebook.com\/noticiasmercedinas\/","https:\/\/x.com\/notmercedinas","https:\/\/www.instagram.com\/noticiasmercedinas\/"]},{"@type":"Person","@id":"https:\/\/noticiasmercedinas.com\/site\/#\/schema\/person\/84b59c099c28ff2e8b77d4ceec5d8063","name":"NOTICIASMERCEDINAS.COM","image":{"@type":"ImageObject","inLanguage":"es","@id":"https:\/\/secure.gravatar.com\/avatar\/4dfbf16b4d17945bfb6341b2d19043457132fcf478a5ee04f42e959fd8f5df0a?s=96&d=mm&r=g","url":"https:\/\/secure.gravatar.com\/avatar\/4dfbf16b4d17945bfb6341b2d19043457132fcf478a5ee04f42e959fd8f5df0a?s=96&d=mm&r=g","contentUrl":"https:\/\/secure.gravatar.com\/avatar\/4dfbf16b4d17945bfb6341b2d19043457132fcf478a5ee04f42e959fd8f5df0a?s=96&d=mm&r=g","caption":"NOTICIASMERCEDINAS.COM"},"url":"https:\/\/noticiasmercedinas.com\/site\/author\/anonimo\/"}]}},"amp_enabled":true,"_links":{"self":[{"href":"https:\/\/noticiasmercedinas.com\/site\/wp-json\/wp\/v2\/posts\/71625","targetHints":{"allow":["GET"]}}],"collection":[{"href":"https:\/\/noticiasmercedinas.com\/site\/wp-json\/wp\/v2\/posts"}],"about":[{"href":"https:\/\/noticiasmercedinas.com\/site\/wp-json\/wp\/v2\/types\/post"}],"author":[{"embeddable":true,"href":"https:\/\/noticiasmercedinas.com\/site\/wp-json\/wp\/v2\/users\/16"}],"replies":[{"embeddable":true,"href":"https:\/\/noticiasmercedinas.com\/site\/wp-json\/wp\/v2\/comments?post=71625"}],"version-history":[{"count":1,"href":"https:\/\/noticiasmercedinas.com\/site\/wp-json\/wp\/v2\/posts\/71625\/revisions"}],"predecessor-version":[{"id":71627,"href":"https:\/\/noticiasmercedinas.com\/site\/wp-json\/wp\/v2\/posts\/71625\/revisions\/71627"}],"wp:featuredmedia":[{"embeddable":true,"href":"https:\/\/noticiasmercedinas.com\/site\/wp-json\/wp\/v2\/media\/71626"}],"wp:attachment":[{"href":"https:\/\/noticiasmercedinas.com\/site\/wp-json\/wp\/v2\/media?parent=71625"}],"wp:term":[{"taxonomy":"category","embeddable":true,"href":"https:\/\/noticiasmercedinas.com\/site\/wp-json\/wp\/v2\/categories?post=71625"},{"taxonomy":"post_tag","embeddable":true,"href":"https:\/\/noticiasmercedinas.com\/site\/wp-json\/wp\/v2\/tags?post=71625"}],"curies":[{"name":"wp","href":"https:\/\/api.w.org\/{rel}","templated":true}]}}