{"id":71963,"date":"2021-08-04T13:31:14","date_gmt":"2021-08-04T16:31:14","guid":{"rendered":"https:\/\/noticiasmercedinas.com\/site\/?p=71963"},"modified":"2021-08-04T13:49:18","modified_gmt":"2021-08-04T16:49:18","slug":"jovenes-plantaron-arboles-contra-el-cambio-climatico","status":"publish","type":"post","link":"https:\/\/noticiasmercedinas.com\/site\/2021\/08\/04\/jovenes-plantaron-arboles-contra-el-cambio-climatico\/","title":{"rendered":"J\u00f3venes plantaron \u00e1rboles contra el cambio clim\u00e1tico"},"content":{"rendered":"<p><a href=\"https:\/\/noticiasmercedinas.com\/site\/wp-content\/uploads\/2021\/08\/photo1628087402.jpeg\"><img loading=\"lazy\" decoding=\"async\" class=\"alignnone size-full wp-image-71964\" src=\"https:\/\/noticiasmercedinas.com\/site\/wp-content\/uploads\/2021\/08\/photo1628087402.jpeg\" alt=\"\" width=\"1280\" height=\"725\" srcset=\"https:\/\/noticiasmercedinas.com\/site\/wp-content\/uploads\/2021\/08\/photo1628087402.jpeg 1280w, https:\/\/noticiasmercedinas.com\/site\/wp-content\/uploads\/2021\/08\/photo1628087402-300x170.jpeg 300w, https:\/\/noticiasmercedinas.com\/site\/wp-content\/uploads\/2021\/08\/photo1628087402-1024x580.jpeg 1024w, https:\/\/noticiasmercedinas.com\/site\/wp-content\/uploads\/2021\/08\/photo1628087402-768x435.jpeg 768w, https:\/\/noticiasmercedinas.com\/site\/wp-content\/uploads\/2021\/08\/photo1628087402-640x363.jpeg 640w, https:\/\/noticiasmercedinas.com\/site\/wp-content\/uploads\/2021\/08\/photo1628087402-681x386.jpeg 681w\" sizes=\"auto, (max-width: 1280px) 100vw, 1280px\" \/><\/a><\/p>\n<p>Trabajadores voluntarios de Asez Wao, grupo intemacional formado por los j\u00f3venes de la Iglesia de Dios Sociedad Misionera Mundial, en conjunto con la Direcci\u00f3n de Medioambiente, realizaron la campa\u00f1a de concientizaci\u00f3n titulada \u00abBosque de la Madre\u00bb.<\/p>\n<p>Como parte de las actividades previstas, el jueves los participantes plantaron m\u00e1s de 15 \u00e1rboles nativos de tres especies diferentes, provistos por la Municipalidad, en Avenida Acceso sur entre Avenida 2 y calle 110.<\/p>\n<p>La municipalidad emiti\u00f3 un certificado de reconocimiento por la obra y el representante de la Direcci\u00f3n de Medio Ambiente, Juan Cruz Mend\u00eda, resalt\u00f3 que \u00abla solidaridad, el amor, el compromiso, la cooperaci\u00f3n y la visi\u00f3n a futuro son importantes para generar el cambio.<\/p>\n<p>\u201cLa transformaci\u00f3n de las personas generar\u00e1 el cambio en el medio ambiente\u00bb, expres\u00f3 Lucila Villoslada, coordinadora de Juventud. Y Beltr\u00e1n Acero, de Asez Wao, manifest\u00f3 que \u00ablos j\u00f3venes deseamos promover la vida\u201d y entreg\u00f3 sus palabras de agradecimiento a los miembros de la Municipalidad.<\/p>\n<p><a href=\"https:\/\/noticiasmercedinas.com\/site\/wp-content\/uploads\/2021\/08\/photo1628087447-1.jpeg\"><img loading=\"lazy\" decoding=\"async\" class=\"alignnone size-full wp-image-71965\" src=\"https:\/\/noticiasmercedinas.com\/site\/wp-content\/uploads\/2021\/08\/photo1628087447-1.jpeg\" alt=\"\" width=\"1040\" height=\"780\" srcset=\"https:\/\/noticiasmercedinas.com\/site\/wp-content\/uploads\/2021\/08\/photo1628087447-1.jpeg 1040w, https:\/\/noticiasmercedinas.com\/site\/wp-content\/uploads\/2021\/08\/photo1628087447-1-300x225.jpeg 300w, https:\/\/noticiasmercedinas.com\/site\/wp-content\/uploads\/2021\/08\/photo1628087447-1-1024x768.jpeg 1024w, https:\/\/noticiasmercedinas.com\/site\/wp-content\/uploads\/2021\/08\/photo1628087447-1-768x576.jpeg 768w, https:\/\/noticiasmercedinas.com\/site\/wp-content\/uploads\/2021\/08\/photo1628087447-1-80x60.jpeg 80w, https:\/\/noticiasmercedinas.com\/site\/wp-content\/uploads\/2021\/08\/photo1628087447-1-160x120.jpeg 160w, https:\/\/noticiasmercedinas.com\/site\/wp-content\/uploads\/2021\/08\/photo1628087447-1-100x75.jpeg 100w, https:\/\/noticiasmercedinas.com\/site\/wp-content\/uploads\/2021\/08\/photo1628087447-1-200x150.jpeg 200w, https:\/\/noticiasmercedinas.com\/site\/wp-content\/uploads\/2021\/08\/photo1628087447-1-180x135.jpeg 180w, https:\/\/noticiasmercedinas.com\/site\/wp-content\/uploads\/2021\/08\/photo1628087447-1-360x270.jpeg 360w, https:\/\/noticiasmercedinas.com\/site\/wp-content\/uploads\/2021\/08\/photo1628087447-1-238x178.jpeg 238w, https:\/\/noticiasmercedinas.com\/site\/wp-content\/uploads\/2021\/08\/photo1628087447-1-476x356.jpeg 476w, https:\/\/noticiasmercedinas.com\/site\/wp-content\/uploads\/2021\/08\/photo1628087447-1-640x480.jpeg 640w, https:\/\/noticiasmercedinas.com\/site\/wp-content\/uploads\/2021\/08\/photo1628087447-1-681x511.jpeg 681w\" sizes=\"auto, (max-width: 1040px) 100vw, 1040px\" \/><\/a><\/p>\n<blockquote><p>Beltr\u00e1n Acero, de Asez Wao, manifest\u00f3 que \u00ablos j\u00f3venes deseamos promover la vida\u201d.<\/p><\/blockquote>\n<p>Desde la organizaci\u00f3n recordaron que debido al cambio clim\u00e1tico, a causa de la desforestaci\u00f3n de arboles, la emisi\u00f3n de gases invernaderos ha ido en considerable aumento en los \u00faltimos a\u00f1os. El m\u00e9todo m\u00e1s efectivo para combatir el cambio clim\u00e1tico es la plantaci\u00f3n de \u00e1rboles, ya que los mismos absorben el di\u00f3xido de carbono (CO2) de la atm\u00f3sfera, reduciendo y manteniendo la temperatura del planeta a un nivel adecuado para el desarrollo de la vida.<\/p>\n<p>Los miembros de ASEZ WAO buscan combatir el cambio clim\u00e1tico y reducir los gases de efecto invernadero mediante la plantaci\u00f3n de \u00e1rboles en distintos pa\u00edses y comunidades de la aldea global.<\/p>\n","protected":false},"excerpt":{"rendered":"<p>\u25a0 Fue una iniciativa del Grupo Asez Wao, que cont\u00f3 con apoyo del Municipio. Colocaron especies nativas en el Acceso Sur.<\/p>\n","protected":false},"author":16,"featured_media":71964,"comment_status":"open","ping_status":"open","sticky":false,"template":"","format":"standard","meta":{"footnotes":""},"categories":[5754],"tags":[1347,12464,307],"class_list":["post-71963","post","type-post","status-publish","format-standard","has-post-thumbnail","hentry","category-medio-ambiente","tag-ambiente","tag-asez-wao","tag-cambio-climatico"],"yoast_head":"<!-- This site is optimized with the Yoast SEO plugin v27.5 - https:\/\/yoast.com\/product\/yoast-seo-wordpress\/ -->\n<title>J\u00f3venes plantaron \u00e1rboles contra el cambio clim\u00e1tico<\/title>\n<meta name=\"robots\" content=\"index, follow, max-snippet:-1, max-image-preview:large, max-video-preview:-1\" \/>\n<link rel=\"canonical\" href=\"https:\/\/noticiasmercedinas.com\/site\/2021\/08\/04\/jovenes-plantaron-arboles-contra-el-cambio-climatico\/\" \/>\n<meta property=\"og:locale\" content=\"es_ES\" \/>\n<meta property=\"og:type\" content=\"article\" \/>\n<meta property=\"og:title\" content=\"J\u00f3venes plantaron \u00e1rboles contra el cambio clim\u00e1tico\" \/>\n<meta property=\"og:description\" content=\"\u25a0 Fue una iniciativa del Grupo Asez Wao, que cont\u00f3 con apoyo del Municipio. Colocaron especies nativas en el Acceso Sur.\" \/>\n<meta property=\"og:url\" content=\"https:\/\/noticiasmercedinas.com\/site\/2021\/08\/04\/jovenes-plantaron-arboles-contra-el-cambio-climatico\/\" \/>\n<meta property=\"og:site_name\" content=\"NOTICIASMERCEDINAS.COM\" \/>\n<meta property=\"article:publisher\" content=\"https:\/\/www.facebook.com\/noticiasmercedinas\/\" \/>\n<meta property=\"article:published_time\" content=\"2021-08-04T16:31:14+00:00\" \/>\n<meta property=\"article:modified_time\" content=\"2021-08-04T16:49:18+00:00\" \/>\n<meta property=\"og:image\" content=\"https:\/\/noticiasmercedinas.com\/site\/wp-content\/uploads\/2021\/08\/photo1628087402.jpeg\" \/>\n\t<meta property=\"og:image:width\" content=\"1280\" \/>\n\t<meta property=\"og:image:height\" content=\"725\" \/>\n\t<meta property=\"og:image:type\" content=\"image\/jpeg\" \/>\n<meta name=\"author\" content=\"NOTICIASMERCEDINAS.COM\" \/>\n<meta name=\"twitter:card\" content=\"summary_large_image\" \/>\n<meta name=\"twitter:creator\" content=\"@notmercedinas\" \/>\n<meta name=\"twitter:site\" content=\"@notmercedinas\" \/>\n<meta name=\"twitter:label1\" content=\"Escrito por\" \/>\n\t<meta name=\"twitter:data1\" content=\"NOTICIASMERCEDINAS.COM\" \/>\n\t<meta name=\"twitter:label2\" content=\"Tiempo de lectura\" \/>\n\t<meta name=\"twitter:data2\" content=\"2 minutos\" \/>\n<script type=\"application\/ld+json\" class=\"yoast-schema-graph\">{\"@context\":\"https:\\\/\\\/schema.org\",\"@graph\":[{\"@type\":\"Article\",\"@id\":\"https:\\\/\\\/noticiasmercedinas.com\\\/site\\\/2021\\\/08\\\/04\\\/jovenes-plantaron-arboles-contra-el-cambio-climatico\\\/#article\",\"isPartOf\":{\"@id\":\"https:\\\/\\\/noticiasmercedinas.com\\\/site\\\/2021\\\/08\\\/04\\\/jovenes-plantaron-arboles-contra-el-cambio-climatico\\\/\"},\"author\":{\"name\":\"NOTICIASMERCEDINAS.COM\",\"@id\":\"https:\\\/\\\/noticiasmercedinas.com\\\/site\\\/#\\\/schema\\\/person\\\/84b59c099c28ff2e8b77d4ceec5d8063\"},\"headline\":\"J\u00f3venes plantaron \u00e1rboles contra el cambio clim\u00e1tico\",\"datePublished\":\"2021-08-04T16:31:14+00:00\",\"dateModified\":\"2021-08-04T16:49:18+00:00\",\"mainEntityOfPage\":{\"@id\":\"https:\\\/\\\/noticiasmercedinas.com\\\/site\\\/2021\\\/08\\\/04\\\/jovenes-plantaron-arboles-contra-el-cambio-climatico\\\/\"},\"wordCount\":309,\"commentCount\":0,\"publisher\":{\"@id\":\"https:\\\/\\\/noticiasmercedinas.com\\\/site\\\/#organization\"},\"image\":{\"@id\":\"https:\\\/\\\/noticiasmercedinas.com\\\/site\\\/2021\\\/08\\\/04\\\/jovenes-plantaron-arboles-contra-el-cambio-climatico\\\/#primaryimage\"},\"thumbnailUrl\":\"https:\\\/\\\/noticiasmercedinas.com\\\/site\\\/wp-content\\\/uploads\\\/2021\\\/08\\\/photo1628087402.jpeg\",\"keywords\":[\"ambiente\",\"asez wao\",\"cambio climatico\"],\"articleSection\":[\"Ambiente\"],\"inLanguage\":\"es\",\"potentialAction\":[{\"@type\":\"CommentAction\",\"name\":\"Comment\",\"target\":[\"https:\\\/\\\/noticiasmercedinas.com\\\/site\\\/2021\\\/08\\\/04\\\/jovenes-plantaron-arboles-contra-el-cambio-climatico\\\/#respond\"]}]},{\"@type\":\"WebPage\",\"@id\":\"https:\\\/\\\/noticiasmercedinas.com\\\/site\\\/2021\\\/08\\\/04\\\/jovenes-plantaron-arboles-contra-el-cambio-climatico\\\/\",\"url\":\"https:\\\/\\\/noticiasmercedinas.com\\\/site\\\/2021\\\/08\\\/04\\\/jovenes-plantaron-arboles-contra-el-cambio-climatico\\\/\",\"name\":\"J\u00f3venes plantaron \u00e1rboles contra el cambio clim\u00e1tico\",\"isPartOf\":{\"@id\":\"https:\\\/\\\/noticiasmercedinas.com\\\/site\\\/#website\"},\"primaryImageOfPage\":{\"@id\":\"https:\\\/\\\/noticiasmercedinas.com\\\/site\\\/2021\\\/08\\\/04\\\/jovenes-plantaron-arboles-contra-el-cambio-climatico\\\/#primaryimage\"},\"image\":{\"@id\":\"https:\\\/\\\/noticiasmercedinas.com\\\/site\\\/2021\\\/08\\\/04\\\/jovenes-plantaron-arboles-contra-el-cambio-climatico\\\/#primaryimage\"},\"thumbnailUrl\":\"https:\\\/\\\/noticiasmercedinas.com\\\/site\\\/wp-content\\\/uploads\\\/2021\\\/08\\\/photo1628087402.jpeg\",\"datePublished\":\"2021-08-04T16:31:14+00:00\",\"dateModified\":\"2021-08-04T16:49:18+00:00\",\"breadcrumb\":{\"@id\":\"https:\\\/\\\/noticiasmercedinas.com\\\/site\\\/2021\\\/08\\\/04\\\/jovenes-plantaron-arboles-contra-el-cambio-climatico\\\/#breadcrumb\"},\"inLanguage\":\"es\",\"potentialAction\":[{\"@type\":\"ReadAction\",\"target\":[\"https:\\\/\\\/noticiasmercedinas.com\\\/site\\\/2021\\\/08\\\/04\\\/jovenes-plantaron-arboles-contra-el-cambio-climatico\\\/\"]}]},{\"@type\":\"ImageObject\",\"inLanguage\":\"es\",\"@id\":\"https:\\\/\\\/noticiasmercedinas.com\\\/site\\\/2021\\\/08\\\/04\\\/jovenes-plantaron-arboles-contra-el-cambio-climatico\\\/#primaryimage\",\"url\":\"https:\\\/\\\/noticiasmercedinas.com\\\/site\\\/wp-content\\\/uploads\\\/2021\\\/08\\\/photo1628087402.jpeg\",\"contentUrl\":\"https:\\\/\\\/noticiasmercedinas.com\\\/site\\\/wp-content\\\/uploads\\\/2021\\\/08\\\/photo1628087402.jpeg\",\"width\":1280,\"height\":725},{\"@type\":\"BreadcrumbList\",\"@id\":\"https:\\\/\\\/noticiasmercedinas.com\\\/site\\\/2021\\\/08\\\/04\\\/jovenes-plantaron-arboles-contra-el-cambio-climatico\\\/#breadcrumb\",\"itemListElement\":[{\"@type\":\"ListItem\",\"position\":1,\"name\":\"Portada\",\"item\":\"https:\\\/\\\/noticiasmercedinas.com\\\/site\\\/\"},{\"@type\":\"ListItem\",\"position\":2,\"name\":\"J\u00f3venes plantaron \u00e1rboles contra el cambio clim\u00e1tico\"}]},{\"@type\":\"WebSite\",\"@id\":\"https:\\\/\\\/noticiasmercedinas.com\\\/site\\\/#website\",\"url\":\"https:\\\/\\\/noticiasmercedinas.com\\\/site\\\/\",\"name\":\"NOTICIASMERCEDINAS.COM\",\"description\":\"Mercedes, Buenos Aires, Argentina\",\"publisher\":{\"@id\":\"https:\\\/\\\/noticiasmercedinas.com\\\/site\\\/#organization\"},\"potentialAction\":[{\"@type\":\"SearchAction\",\"target\":{\"@type\":\"EntryPoint\",\"urlTemplate\":\"https:\\\/\\\/noticiasmercedinas.com\\\/site\\\/?s={search_term_string}\"},\"query-input\":{\"@type\":\"PropertyValueSpecification\",\"valueRequired\":true,\"valueName\":\"search_term_string\"}}],\"inLanguage\":\"es\"},{\"@type\":\"Organization\",\"@id\":\"https:\\\/\\\/noticiasmercedinas.com\\\/site\\\/#organization\",\"name\":\"NOTICIASMERCEDINAS.COM\",\"url\":\"https:\\\/\\\/noticiasmercedinas.com\\\/site\\\/\",\"logo\":{\"@type\":\"ImageObject\",\"inLanguage\":\"es\",\"@id\":\"https:\\\/\\\/noticiasmercedinas.com\\\/site\\\/#\\\/schema\\\/logo\\\/image\\\/\",\"url\":\"https:\\\/\\\/noticiasmercedinas.com\\\/site\\\/wp-content\\\/uploads\\\/2020\\\/06\\\/LOGO-512.jpg\",\"contentUrl\":\"https:\\\/\\\/noticiasmercedinas.com\\\/site\\\/wp-content\\\/uploads\\\/2020\\\/06\\\/LOGO-512.jpg\",\"width\":512,\"height\":512,\"caption\":\"NOTICIASMERCEDINAS.COM\"},\"image\":{\"@id\":\"https:\\\/\\\/noticiasmercedinas.com\\\/site\\\/#\\\/schema\\\/logo\\\/image\\\/\"},\"sameAs\":[\"https:\\\/\\\/www.facebook.com\\\/noticiasmercedinas\\\/\",\"https:\\\/\\\/x.com\\\/notmercedinas\",\"https:\\\/\\\/www.instagram.com\\\/noticiasmercedinas\\\/\"]},{\"@type\":\"Person\",\"@id\":\"https:\\\/\\\/noticiasmercedinas.com\\\/site\\\/#\\\/schema\\\/person\\\/84b59c099c28ff2e8b77d4ceec5d8063\",\"name\":\"NOTICIASMERCEDINAS.COM\",\"image\":{\"@type\":\"ImageObject\",\"inLanguage\":\"es\",\"@id\":\"https:\\\/\\\/secure.gravatar.com\\\/avatar\\\/4dfbf16b4d17945bfb6341b2d19043457132fcf478a5ee04f42e959fd8f5df0a?s=96&d=mm&r=g\",\"url\":\"https:\\\/\\\/secure.gravatar.com\\\/avatar\\\/4dfbf16b4d17945bfb6341b2d19043457132fcf478a5ee04f42e959fd8f5df0a?s=96&d=mm&r=g\",\"contentUrl\":\"https:\\\/\\\/secure.gravatar.com\\\/avatar\\\/4dfbf16b4d17945bfb6341b2d19043457132fcf478a5ee04f42e959fd8f5df0a?s=96&d=mm&r=g\",\"caption\":\"NOTICIASMERCEDINAS.COM\"},\"url\":\"https:\\\/\\\/noticiasmercedinas.com\\\/site\\\/author\\\/anonimo\\\/\"}]}<\/script>\n<!-- \/ Yoast SEO plugin. -->","yoast_head_json":{"title":"J\u00f3venes plantaron \u00e1rboles contra el cambio clim\u00e1tico","robots":{"index":"index","follow":"follow","max-snippet":"max-snippet:-1","max-image-preview":"max-image-preview:large","max-video-preview":"max-video-preview:-1"},"canonical":"https:\/\/noticiasmercedinas.com\/site\/2021\/08\/04\/jovenes-plantaron-arboles-contra-el-cambio-climatico\/","og_locale":"es_ES","og_type":"article","og_title":"J\u00f3venes plantaron \u00e1rboles contra el cambio clim\u00e1tico","og_description":"\u25a0 Fue una iniciativa del Grupo Asez Wao, que cont\u00f3 con apoyo del Municipio. Colocaron especies nativas en el Acceso Sur.","og_url":"https:\/\/noticiasmercedinas.com\/site\/2021\/08\/04\/jovenes-plantaron-arboles-contra-el-cambio-climatico\/","og_site_name":"NOTICIASMERCEDINAS.COM","article_publisher":"https:\/\/www.facebook.com\/noticiasmercedinas\/","article_published_time":"2021-08-04T16:31:14+00:00","article_modified_time":"2021-08-04T16:49:18+00:00","og_image":[{"width":1280,"height":725,"url":"https:\/\/noticiasmercedinas.com\/site\/wp-content\/uploads\/2021\/08\/photo1628087402.jpeg","type":"image\/jpeg"}],"author":"NOTICIASMERCEDINAS.COM","twitter_card":"summary_large_image","twitter_creator":"@notmercedinas","twitter_site":"@notmercedinas","twitter_misc":{"Escrito por":"NOTICIASMERCEDINAS.COM","Tiempo de lectura":"2 minutos"},"schema":{"@context":"https:\/\/schema.org","@graph":[{"@type":"Article","@id":"https:\/\/noticiasmercedinas.com\/site\/2021\/08\/04\/jovenes-plantaron-arboles-contra-el-cambio-climatico\/#article","isPartOf":{"@id":"https:\/\/noticiasmercedinas.com\/site\/2021\/08\/04\/jovenes-plantaron-arboles-contra-el-cambio-climatico\/"},"author":{"name":"NOTICIASMERCEDINAS.COM","@id":"https:\/\/noticiasmercedinas.com\/site\/#\/schema\/person\/84b59c099c28ff2e8b77d4ceec5d8063"},"headline":"J\u00f3venes plantaron \u00e1rboles contra el cambio clim\u00e1tico","datePublished":"2021-08-04T16:31:14+00:00","dateModified":"2021-08-04T16:49:18+00:00","mainEntityOfPage":{"@id":"https:\/\/noticiasmercedinas.com\/site\/2021\/08\/04\/jovenes-plantaron-arboles-contra-el-cambio-climatico\/"},"wordCount":309,"commentCount":0,"publisher":{"@id":"https:\/\/noticiasmercedinas.com\/site\/#organization"},"image":{"@id":"https:\/\/noticiasmercedinas.com\/site\/2021\/08\/04\/jovenes-plantaron-arboles-contra-el-cambio-climatico\/#primaryimage"},"thumbnailUrl":"https:\/\/noticiasmercedinas.com\/site\/wp-content\/uploads\/2021\/08\/photo1628087402.jpeg","keywords":["ambiente","asez wao","cambio climatico"],"articleSection":["Ambiente"],"inLanguage":"es","potentialAction":[{"@type":"CommentAction","name":"Comment","target":["https:\/\/noticiasmercedinas.com\/site\/2021\/08\/04\/jovenes-plantaron-arboles-contra-el-cambio-climatico\/#respond"]}]},{"@type":"WebPage","@id":"https:\/\/noticiasmercedinas.com\/site\/2021\/08\/04\/jovenes-plantaron-arboles-contra-el-cambio-climatico\/","url":"https:\/\/noticiasmercedinas.com\/site\/2021\/08\/04\/jovenes-plantaron-arboles-contra-el-cambio-climatico\/","name":"J\u00f3venes plantaron \u00e1rboles contra el cambio clim\u00e1tico","isPartOf":{"@id":"https:\/\/noticiasmercedinas.com\/site\/#website"},"primaryImageOfPage":{"@id":"https:\/\/noticiasmercedinas.com\/site\/2021\/08\/04\/jovenes-plantaron-arboles-contra-el-cambio-climatico\/#primaryimage"},"image":{"@id":"https:\/\/noticiasmercedinas.com\/site\/2021\/08\/04\/jovenes-plantaron-arboles-contra-el-cambio-climatico\/#primaryimage"},"thumbnailUrl":"https:\/\/noticiasmercedinas.com\/site\/wp-content\/uploads\/2021\/08\/photo1628087402.jpeg","datePublished":"2021-08-04T16:31:14+00:00","dateModified":"2021-08-04T16:49:18+00:00","breadcrumb":{"@id":"https:\/\/noticiasmercedinas.com\/site\/2021\/08\/04\/jovenes-plantaron-arboles-contra-el-cambio-climatico\/#breadcrumb"},"inLanguage":"es","potentialAction":[{"@type":"ReadAction","target":["https:\/\/noticiasmercedinas.com\/site\/2021\/08\/04\/jovenes-plantaron-arboles-contra-el-cambio-climatico\/"]}]},{"@type":"ImageObject","inLanguage":"es","@id":"https:\/\/noticiasmercedinas.com\/site\/2021\/08\/04\/jovenes-plantaron-arboles-contra-el-cambio-climatico\/#primaryimage","url":"https:\/\/noticiasmercedinas.com\/site\/wp-content\/uploads\/2021\/08\/photo1628087402.jpeg","contentUrl":"https:\/\/noticiasmercedinas.com\/site\/wp-content\/uploads\/2021\/08\/photo1628087402.jpeg","width":1280,"height":725},{"@type":"BreadcrumbList","@id":"https:\/\/noticiasmercedinas.com\/site\/2021\/08\/04\/jovenes-plantaron-arboles-contra-el-cambio-climatico\/#breadcrumb","itemListElement":[{"@type":"ListItem","position":1,"name":"Portada","item":"https:\/\/noticiasmercedinas.com\/site\/"},{"@type":"ListItem","position":2,"name":"J\u00f3venes plantaron \u00e1rboles contra el cambio clim\u00e1tico"}]},{"@type":"WebSite","@id":"https:\/\/noticiasmercedinas.com\/site\/#website","url":"https:\/\/noticiasmercedinas.com\/site\/","name":"NOTICIASMERCEDINAS.COM","description":"Mercedes, Buenos Aires, Argentina","publisher":{"@id":"https:\/\/noticiasmercedinas.com\/site\/#organization"},"potentialAction":[{"@type":"SearchAction","target":{"@type":"EntryPoint","urlTemplate":"https:\/\/noticiasmercedinas.com\/site\/?s={search_term_string}"},"query-input":{"@type":"PropertyValueSpecification","valueRequired":true,"valueName":"search_term_string"}}],"inLanguage":"es"},{"@type":"Organization","@id":"https:\/\/noticiasmercedinas.com\/site\/#organization","name":"NOTICIASMERCEDINAS.COM","url":"https:\/\/noticiasmercedinas.com\/site\/","logo":{"@type":"ImageObject","inLanguage":"es","@id":"https:\/\/noticiasmercedinas.com\/site\/#\/schema\/logo\/image\/","url":"https:\/\/noticiasmercedinas.com\/site\/wp-content\/uploads\/2020\/06\/LOGO-512.jpg","contentUrl":"https:\/\/noticiasmercedinas.com\/site\/wp-content\/uploads\/2020\/06\/LOGO-512.jpg","width":512,"height":512,"caption":"NOTICIASMERCEDINAS.COM"},"image":{"@id":"https:\/\/noticiasmercedinas.com\/site\/#\/schema\/logo\/image\/"},"sameAs":["https:\/\/www.facebook.com\/noticiasmercedinas\/","https:\/\/x.com\/notmercedinas","https:\/\/www.instagram.com\/noticiasmercedinas\/"]},{"@type":"Person","@id":"https:\/\/noticiasmercedinas.com\/site\/#\/schema\/person\/84b59c099c28ff2e8b77d4ceec5d8063","name":"NOTICIASMERCEDINAS.COM","image":{"@type":"ImageObject","inLanguage":"es","@id":"https:\/\/secure.gravatar.com\/avatar\/4dfbf16b4d17945bfb6341b2d19043457132fcf478a5ee04f42e959fd8f5df0a?s=96&d=mm&r=g","url":"https:\/\/secure.gravatar.com\/avatar\/4dfbf16b4d17945bfb6341b2d19043457132fcf478a5ee04f42e959fd8f5df0a?s=96&d=mm&r=g","contentUrl":"https:\/\/secure.gravatar.com\/avatar\/4dfbf16b4d17945bfb6341b2d19043457132fcf478a5ee04f42e959fd8f5df0a?s=96&d=mm&r=g","caption":"NOTICIASMERCEDINAS.COM"},"url":"https:\/\/noticiasmercedinas.com\/site\/author\/anonimo\/"}]}},"amp_enabled":true,"_links":{"self":[{"href":"https:\/\/noticiasmercedinas.com\/site\/wp-json\/wp\/v2\/posts\/71963","targetHints":{"allow":["GET"]}}],"collection":[{"href":"https:\/\/noticiasmercedinas.com\/site\/wp-json\/wp\/v2\/posts"}],"about":[{"href":"https:\/\/noticiasmercedinas.com\/site\/wp-json\/wp\/v2\/types\/post"}],"author":[{"embeddable":true,"href":"https:\/\/noticiasmercedinas.com\/site\/wp-json\/wp\/v2\/users\/16"}],"replies":[{"embeddable":true,"href":"https:\/\/noticiasmercedinas.com\/site\/wp-json\/wp\/v2\/comments?post=71963"}],"version-history":[{"count":2,"href":"https:\/\/noticiasmercedinas.com\/site\/wp-json\/wp\/v2\/posts\/71963\/revisions"}],"predecessor-version":[{"id":71967,"href":"https:\/\/noticiasmercedinas.com\/site\/wp-json\/wp\/v2\/posts\/71963\/revisions\/71967"}],"wp:featuredmedia":[{"embeddable":true,"href":"https:\/\/noticiasmercedinas.com\/site\/wp-json\/wp\/v2\/media\/71964"}],"wp:attachment":[{"href":"https:\/\/noticiasmercedinas.com\/site\/wp-json\/wp\/v2\/media?parent=71963"}],"wp:term":[{"taxonomy":"category","embeddable":true,"href":"https:\/\/noticiasmercedinas.com\/site\/wp-json\/wp\/v2\/categories?post=71963"},{"taxonomy":"post_tag","embeddable":true,"href":"https:\/\/noticiasmercedinas.com\/site\/wp-json\/wp\/v2\/tags?post=71963"}],"curies":[{"name":"wp","href":"https:\/\/api.w.org\/{rel}","templated":true}]}}