{"id":72094,"date":"2021-08-06T16:17:11","date_gmt":"2021-08-06T19:17:11","guid":{"rendered":"https:\/\/noticiasmercedinas.com\/site\/?p=72094"},"modified":"2021-08-06T16:18:24","modified_gmt":"2021-08-06T19:18:24","slug":"pedro-cejas-abre-el-camino-de-la-victoria-para-banfield","status":"publish","type":"post","link":"https:\/\/noticiasmercedinas.com\/site\/2021\/08\/06\/pedro-cejas-abre-el-camino-de-la-victoria-para-banfield\/","title":{"rendered":"Pedro Cejas abre el camino de la victoria para Banfield"},"content":{"rendered":"<figure id=\"attachment_72095\" aria-describedby=\"caption-attachment-72095\" style=\"width: 640px\" class=\"wp-caption alignnone\"><img loading=\"lazy\" decoding=\"async\" class=\"wp-image-72095 size-full\" src=\"https:\/\/noticiasmercedinas.com\/site\/wp-content\/uploads\/2021\/08\/cejas.jpg\" alt=\"\" width=\"640\" height=\"427\" srcset=\"https:\/\/noticiasmercedinas.com\/site\/wp-content\/uploads\/2021\/08\/cejas.jpg 640w, https:\/\/noticiasmercedinas.com\/site\/wp-content\/uploads\/2021\/08\/cejas-300x200.jpg 300w\" sizes=\"auto, (max-width: 640px) 100vw, 640px\" \/><figcaption id=\"caption-attachment-72095\" class=\"wp-caption-text\">Cejas en la definici\u00f3n para su gol (Foto Prensa Banfield).<\/figcaption><\/figure>\n<p>Este viernes se concret\u00f3 en el torneo de Reserva de la Liga Profesional por la quinta fecha, d\u00e1ndose la continuidad en la titularidad del delantero Pedro Cejas, mercedino, en un Banfield que recibi\u00f3 a Talleres de C\u00f3rdoba.<\/p>\n<p>Luego de un primer tiempo sin goles, a los 15\u2019 del complemento Cejas sobresali\u00f3 con su definici\u00f3n para el 1-0 del \u201cTaladro\u201d, actuando durante los 90 minutos. Luego vendr\u00edan los tantos de A. Ovejero e I. Rodr\u00edguez para el 3-0.<\/p>\n<p>Con este resultado Banfield llega a los 12 puntos, como River que gan\u00f3 1-0 en Mendoza a Godoy Cruz, estando ausente Daniel Lucero quien se recupera de una pubalgia. El puntero del certamen es Gimnasia con 13 unidades.<\/p>\n<p>Lo que vienen por la sexta fecha es Argentinos vs. Banfield, River vs. V\u00e9lez aguard\u00e1ndose el regreso del \u201cKeko\u201d. Este viernes Defensa y Justicia en Mar del Plata le gan\u00f3 2-1 a Aldosivi sin Vitetta en el Halc\u00f3n, lo que viene es Sarmiento en Varela.<\/p>\n","protected":false},"excerpt":{"rendered":"<p>\u25a0 Esta ma\u00f1ana abri\u00f3 el marcador en el encuentro de Reserva que finaliz\u00f3 3-0 sobre Talleres de C\u00f3rdoba. El \u201cTaladro\u201d marcha segundo en un auspicioso inicio de torneo junto a River y a s\u00f3lo un punto del l\u00edder Gimnasia.<\/p>\n","protected":false},"author":6,"featured_media":72095,"comment_status":"open","ping_status":"open","sticky":false,"template":"","format":"standard","meta":{"footnotes":""},"categories":[5],"tags":[5541,10570,11355,592],"class_list":["post-72094","post","type-post","status-publish","format-standard","has-post-thumbnail","hentry","category-deportes","tag-daniel-lucero","tag-liga-profesional","tag-pedro-cejas","tag-reserva"],"yoast_head":"<!-- This site is optimized with the Yoast SEO plugin v27.4 - https:\/\/yoast.com\/product\/yoast-seo-wordpress\/ -->\n<title>Pedro Cejas abre el camino de la victoria para Banfield<\/title>\n<meta name=\"robots\" content=\"index, follow, max-snippet:-1, max-image-preview:large, max-video-preview:-1\" \/>\n<link rel=\"canonical\" href=\"https:\/\/noticiasmercedinas.com\/site\/2021\/08\/06\/pedro-cejas-abre-el-camino-de-la-victoria-para-banfield\/\" \/>\n<meta property=\"og:locale\" content=\"es_ES\" \/>\n<meta property=\"og:type\" content=\"article\" \/>\n<meta property=\"og:title\" content=\"Pedro Cejas abre el camino de la victoria para Banfield\" \/>\n<meta property=\"og:description\" content=\"\u25a0 Esta ma\u00f1ana abri\u00f3 el marcador en el encuentro de Reserva que finaliz\u00f3 3-0 sobre Talleres de C\u00f3rdoba. El \u201cTaladro\u201d marcha segundo en un auspicioso inicio de torneo junto a River y a s\u00f3lo un punto del l\u00edder Gimnasia.\" \/>\n<meta property=\"og:url\" content=\"https:\/\/noticiasmercedinas.com\/site\/2021\/08\/06\/pedro-cejas-abre-el-camino-de-la-victoria-para-banfield\/\" \/>\n<meta property=\"og:site_name\" content=\"NOTICIASMERCEDINAS.COM\" \/>\n<meta property=\"article:publisher\" content=\"https:\/\/www.facebook.com\/noticiasmercedinas\/\" \/>\n<meta property=\"article:published_time\" content=\"2021-08-06T19:17:11+00:00\" \/>\n<meta property=\"article:modified_time\" content=\"2021-08-06T19:18:24+00:00\" \/>\n<meta property=\"og:image\" content=\"https:\/\/noticiasmercedinas.com\/site\/wp-content\/uploads\/2021\/08\/cejas.jpg\" \/>\n\t<meta property=\"og:image:width\" content=\"640\" \/>\n\t<meta property=\"og:image:height\" content=\"427\" \/>\n\t<meta property=\"og:image:type\" content=\"image\/jpeg\" \/>\n<meta name=\"author\" content=\"Juan Dagnino NOTICIASMERCEDINAS.COM\" \/>\n<meta name=\"twitter:card\" content=\"summary_large_image\" \/>\n<meta name=\"twitter:creator\" content=\"@notmercedinas\" \/>\n<meta name=\"twitter:site\" content=\"@notmercedinas\" \/>\n<meta name=\"twitter:label1\" content=\"Escrito por\" \/>\n\t<meta name=\"twitter:data1\" content=\"Juan Dagnino NOTICIASMERCEDINAS.COM\" \/>\n\t<meta name=\"twitter:label2\" content=\"Tiempo de lectura\" \/>\n\t<meta name=\"twitter:data2\" content=\"1 minuto\" \/>\n<script type=\"application\/ld+json\" class=\"yoast-schema-graph\">{\"@context\":\"https:\\\/\\\/schema.org\",\"@graph\":[{\"@type\":\"Article\",\"@id\":\"https:\\\/\\\/noticiasmercedinas.com\\\/site\\\/2021\\\/08\\\/06\\\/pedro-cejas-abre-el-camino-de-la-victoria-para-banfield\\\/#article\",\"isPartOf\":{\"@id\":\"https:\\\/\\\/noticiasmercedinas.com\\\/site\\\/2021\\\/08\\\/06\\\/pedro-cejas-abre-el-camino-de-la-victoria-para-banfield\\\/\"},\"author\":{\"name\":\"Juan Dagnino NOTICIASMERCEDINAS.COM\",\"@id\":\"https:\\\/\\\/noticiasmercedinas.com\\\/site\\\/#\\\/schema\\\/person\\\/8f2f09d666ef40986eba4a5e6f2a06f9\"},\"headline\":\"Pedro Cejas abre el camino de la victoria para Banfield\",\"datePublished\":\"2021-08-06T19:17:11+00:00\",\"dateModified\":\"2021-08-06T19:18:24+00:00\",\"mainEntityOfPage\":{\"@id\":\"https:\\\/\\\/noticiasmercedinas.com\\\/site\\\/2021\\\/08\\\/06\\\/pedro-cejas-abre-el-camino-de-la-victoria-para-banfield\\\/\"},\"wordCount\":192,\"commentCount\":0,\"publisher\":{\"@id\":\"https:\\\/\\\/noticiasmercedinas.com\\\/site\\\/#organization\"},\"image\":{\"@id\":\"https:\\\/\\\/noticiasmercedinas.com\\\/site\\\/2021\\\/08\\\/06\\\/pedro-cejas-abre-el-camino-de-la-victoria-para-banfield\\\/#primaryimage\"},\"thumbnailUrl\":\"https:\\\/\\\/noticiasmercedinas.com\\\/site\\\/wp-content\\\/uploads\\\/2021\\\/08\\\/cejas.jpg\",\"keywords\":[\"Daniel Lucero\",\"liga profesional\",\"pedro cejas\",\"reserva\"],\"articleSection\":[\"Deportes\"],\"inLanguage\":\"es\",\"potentialAction\":[{\"@type\":\"CommentAction\",\"name\":\"Comment\",\"target\":[\"https:\\\/\\\/noticiasmercedinas.com\\\/site\\\/2021\\\/08\\\/06\\\/pedro-cejas-abre-el-camino-de-la-victoria-para-banfield\\\/#respond\"]}]},{\"@type\":\"WebPage\",\"@id\":\"https:\\\/\\\/noticiasmercedinas.com\\\/site\\\/2021\\\/08\\\/06\\\/pedro-cejas-abre-el-camino-de-la-victoria-para-banfield\\\/\",\"url\":\"https:\\\/\\\/noticiasmercedinas.com\\\/site\\\/2021\\\/08\\\/06\\\/pedro-cejas-abre-el-camino-de-la-victoria-para-banfield\\\/\",\"name\":\"Pedro Cejas abre el camino de la victoria para Banfield\",\"isPartOf\":{\"@id\":\"https:\\\/\\\/noticiasmercedinas.com\\\/site\\\/#website\"},\"primaryImageOfPage\":{\"@id\":\"https:\\\/\\\/noticiasmercedinas.com\\\/site\\\/2021\\\/08\\\/06\\\/pedro-cejas-abre-el-camino-de-la-victoria-para-banfield\\\/#primaryimage\"},\"image\":{\"@id\":\"https:\\\/\\\/noticiasmercedinas.com\\\/site\\\/2021\\\/08\\\/06\\\/pedro-cejas-abre-el-camino-de-la-victoria-para-banfield\\\/#primaryimage\"},\"thumbnailUrl\":\"https:\\\/\\\/noticiasmercedinas.com\\\/site\\\/wp-content\\\/uploads\\\/2021\\\/08\\\/cejas.jpg\",\"datePublished\":\"2021-08-06T19:17:11+00:00\",\"dateModified\":\"2021-08-06T19:18:24+00:00\",\"breadcrumb\":{\"@id\":\"https:\\\/\\\/noticiasmercedinas.com\\\/site\\\/2021\\\/08\\\/06\\\/pedro-cejas-abre-el-camino-de-la-victoria-para-banfield\\\/#breadcrumb\"},\"inLanguage\":\"es\",\"potentialAction\":[{\"@type\":\"ReadAction\",\"target\":[\"https:\\\/\\\/noticiasmercedinas.com\\\/site\\\/2021\\\/08\\\/06\\\/pedro-cejas-abre-el-camino-de-la-victoria-para-banfield\\\/\"]}]},{\"@type\":\"ImageObject\",\"inLanguage\":\"es\",\"@id\":\"https:\\\/\\\/noticiasmercedinas.com\\\/site\\\/2021\\\/08\\\/06\\\/pedro-cejas-abre-el-camino-de-la-victoria-para-banfield\\\/#primaryimage\",\"url\":\"https:\\\/\\\/noticiasmercedinas.com\\\/site\\\/wp-content\\\/uploads\\\/2021\\\/08\\\/cejas.jpg\",\"contentUrl\":\"https:\\\/\\\/noticiasmercedinas.com\\\/site\\\/wp-content\\\/uploads\\\/2021\\\/08\\\/cejas.jpg\",\"width\":640,\"height\":427},{\"@type\":\"BreadcrumbList\",\"@id\":\"https:\\\/\\\/noticiasmercedinas.com\\\/site\\\/2021\\\/08\\\/06\\\/pedro-cejas-abre-el-camino-de-la-victoria-para-banfield\\\/#breadcrumb\",\"itemListElement\":[{\"@type\":\"ListItem\",\"position\":1,\"name\":\"Portada\",\"item\":\"https:\\\/\\\/noticiasmercedinas.com\\\/site\\\/\"},{\"@type\":\"ListItem\",\"position\":2,\"name\":\"Pedro Cejas abre el camino de la victoria para Banfield\"}]},{\"@type\":\"WebSite\",\"@id\":\"https:\\\/\\\/noticiasmercedinas.com\\\/site\\\/#website\",\"url\":\"https:\\\/\\\/noticiasmercedinas.com\\\/site\\\/\",\"name\":\"NOTICIASMERCEDINAS.COM\",\"description\":\"Mercedes, Buenos Aires, Argentina\",\"publisher\":{\"@id\":\"https:\\\/\\\/noticiasmercedinas.com\\\/site\\\/#organization\"},\"potentialAction\":[{\"@type\":\"SearchAction\",\"target\":{\"@type\":\"EntryPoint\",\"urlTemplate\":\"https:\\\/\\\/noticiasmercedinas.com\\\/site\\\/?s={search_term_string}\"},\"query-input\":{\"@type\":\"PropertyValueSpecification\",\"valueRequired\":true,\"valueName\":\"search_term_string\"}}],\"inLanguage\":\"es\"},{\"@type\":\"Organization\",\"@id\":\"https:\\\/\\\/noticiasmercedinas.com\\\/site\\\/#organization\",\"name\":\"NOTICIASMERCEDINAS.COM\",\"url\":\"https:\\\/\\\/noticiasmercedinas.com\\\/site\\\/\",\"logo\":{\"@type\":\"ImageObject\",\"inLanguage\":\"es\",\"@id\":\"https:\\\/\\\/noticiasmercedinas.com\\\/site\\\/#\\\/schema\\\/logo\\\/image\\\/\",\"url\":\"https:\\\/\\\/noticiasmercedinas.com\\\/site\\\/wp-content\\\/uploads\\\/2020\\\/06\\\/LOGO-512.jpg\",\"contentUrl\":\"https:\\\/\\\/noticiasmercedinas.com\\\/site\\\/wp-content\\\/uploads\\\/2020\\\/06\\\/LOGO-512.jpg\",\"width\":512,\"height\":512,\"caption\":\"NOTICIASMERCEDINAS.COM\"},\"image\":{\"@id\":\"https:\\\/\\\/noticiasmercedinas.com\\\/site\\\/#\\\/schema\\\/logo\\\/image\\\/\"},\"sameAs\":[\"https:\\\/\\\/www.facebook.com\\\/noticiasmercedinas\\\/\",\"https:\\\/\\\/x.com\\\/notmercedinas\",\"https:\\\/\\\/www.instagram.com\\\/noticiasmercedinas\\\/\"]},{\"@type\":\"Person\",\"@id\":\"https:\\\/\\\/noticiasmercedinas.com\\\/site\\\/#\\\/schema\\\/person\\\/8f2f09d666ef40986eba4a5e6f2a06f9\",\"name\":\"Juan Dagnino NOTICIASMERCEDINAS.COM\",\"image\":{\"@type\":\"ImageObject\",\"inLanguage\":\"es\",\"@id\":\"https:\\\/\\\/secure.gravatar.com\\\/avatar\\\/fc7059a769f5a3cae65fadb228a3e4accf3a64b4b2305020d0a27e6d5333c91b?s=96&d=mm&r=g\",\"url\":\"https:\\\/\\\/secure.gravatar.com\\\/avatar\\\/fc7059a769f5a3cae65fadb228a3e4accf3a64b4b2305020d0a27e6d5333c91b?s=96&d=mm&r=g\",\"contentUrl\":\"https:\\\/\\\/secure.gravatar.com\\\/avatar\\\/fc7059a769f5a3cae65fadb228a3e4accf3a64b4b2305020d0a27e6d5333c91b?s=96&d=mm&r=g\",\"caption\":\"Juan Dagnino NOTICIASMERCEDINAS.COM\"},\"url\":\"https:\\\/\\\/noticiasmercedinas.com\\\/site\\\/author\\\/juandagnino\\\/\"}]}<\/script>\n<!-- \/ Yoast SEO plugin. -->","yoast_head_json":{"title":"Pedro Cejas abre el camino de la victoria para Banfield","robots":{"index":"index","follow":"follow","max-snippet":"max-snippet:-1","max-image-preview":"max-image-preview:large","max-video-preview":"max-video-preview:-1"},"canonical":"https:\/\/noticiasmercedinas.com\/site\/2021\/08\/06\/pedro-cejas-abre-el-camino-de-la-victoria-para-banfield\/","og_locale":"es_ES","og_type":"article","og_title":"Pedro Cejas abre el camino de la victoria para Banfield","og_description":"\u25a0 Esta ma\u00f1ana abri\u00f3 el marcador en el encuentro de Reserva que finaliz\u00f3 3-0 sobre Talleres de C\u00f3rdoba. El \u201cTaladro\u201d marcha segundo en un auspicioso inicio de torneo junto a River y a s\u00f3lo un punto del l\u00edder Gimnasia.","og_url":"https:\/\/noticiasmercedinas.com\/site\/2021\/08\/06\/pedro-cejas-abre-el-camino-de-la-victoria-para-banfield\/","og_site_name":"NOTICIASMERCEDINAS.COM","article_publisher":"https:\/\/www.facebook.com\/noticiasmercedinas\/","article_published_time":"2021-08-06T19:17:11+00:00","article_modified_time":"2021-08-06T19:18:24+00:00","og_image":[{"width":640,"height":427,"url":"https:\/\/noticiasmercedinas.com\/site\/wp-content\/uploads\/2021\/08\/cejas.jpg","type":"image\/jpeg"}],"author":"Juan Dagnino NOTICIASMERCEDINAS.COM","twitter_card":"summary_large_image","twitter_creator":"@notmercedinas","twitter_site":"@notmercedinas","twitter_misc":{"Escrito por":"Juan Dagnino NOTICIASMERCEDINAS.COM","Tiempo de lectura":"1 minuto"},"schema":{"@context":"https:\/\/schema.org","@graph":[{"@type":"Article","@id":"https:\/\/noticiasmercedinas.com\/site\/2021\/08\/06\/pedro-cejas-abre-el-camino-de-la-victoria-para-banfield\/#article","isPartOf":{"@id":"https:\/\/noticiasmercedinas.com\/site\/2021\/08\/06\/pedro-cejas-abre-el-camino-de-la-victoria-para-banfield\/"},"author":{"name":"Juan Dagnino NOTICIASMERCEDINAS.COM","@id":"https:\/\/noticiasmercedinas.com\/site\/#\/schema\/person\/8f2f09d666ef40986eba4a5e6f2a06f9"},"headline":"Pedro Cejas abre el camino de la victoria para Banfield","datePublished":"2021-08-06T19:17:11+00:00","dateModified":"2021-08-06T19:18:24+00:00","mainEntityOfPage":{"@id":"https:\/\/noticiasmercedinas.com\/site\/2021\/08\/06\/pedro-cejas-abre-el-camino-de-la-victoria-para-banfield\/"},"wordCount":192,"commentCount":0,"publisher":{"@id":"https:\/\/noticiasmercedinas.com\/site\/#organization"},"image":{"@id":"https:\/\/noticiasmercedinas.com\/site\/2021\/08\/06\/pedro-cejas-abre-el-camino-de-la-victoria-para-banfield\/#primaryimage"},"thumbnailUrl":"https:\/\/noticiasmercedinas.com\/site\/wp-content\/uploads\/2021\/08\/cejas.jpg","keywords":["Daniel Lucero","liga profesional","pedro cejas","reserva"],"articleSection":["Deportes"],"inLanguage":"es","potentialAction":[{"@type":"CommentAction","name":"Comment","target":["https:\/\/noticiasmercedinas.com\/site\/2021\/08\/06\/pedro-cejas-abre-el-camino-de-la-victoria-para-banfield\/#respond"]}]},{"@type":"WebPage","@id":"https:\/\/noticiasmercedinas.com\/site\/2021\/08\/06\/pedro-cejas-abre-el-camino-de-la-victoria-para-banfield\/","url":"https:\/\/noticiasmercedinas.com\/site\/2021\/08\/06\/pedro-cejas-abre-el-camino-de-la-victoria-para-banfield\/","name":"Pedro Cejas abre el camino de la victoria para Banfield","isPartOf":{"@id":"https:\/\/noticiasmercedinas.com\/site\/#website"},"primaryImageOfPage":{"@id":"https:\/\/noticiasmercedinas.com\/site\/2021\/08\/06\/pedro-cejas-abre-el-camino-de-la-victoria-para-banfield\/#primaryimage"},"image":{"@id":"https:\/\/noticiasmercedinas.com\/site\/2021\/08\/06\/pedro-cejas-abre-el-camino-de-la-victoria-para-banfield\/#primaryimage"},"thumbnailUrl":"https:\/\/noticiasmercedinas.com\/site\/wp-content\/uploads\/2021\/08\/cejas.jpg","datePublished":"2021-08-06T19:17:11+00:00","dateModified":"2021-08-06T19:18:24+00:00","breadcrumb":{"@id":"https:\/\/noticiasmercedinas.com\/site\/2021\/08\/06\/pedro-cejas-abre-el-camino-de-la-victoria-para-banfield\/#breadcrumb"},"inLanguage":"es","potentialAction":[{"@type":"ReadAction","target":["https:\/\/noticiasmercedinas.com\/site\/2021\/08\/06\/pedro-cejas-abre-el-camino-de-la-victoria-para-banfield\/"]}]},{"@type":"ImageObject","inLanguage":"es","@id":"https:\/\/noticiasmercedinas.com\/site\/2021\/08\/06\/pedro-cejas-abre-el-camino-de-la-victoria-para-banfield\/#primaryimage","url":"https:\/\/noticiasmercedinas.com\/site\/wp-content\/uploads\/2021\/08\/cejas.jpg","contentUrl":"https:\/\/noticiasmercedinas.com\/site\/wp-content\/uploads\/2021\/08\/cejas.jpg","width":640,"height":427},{"@type":"BreadcrumbList","@id":"https:\/\/noticiasmercedinas.com\/site\/2021\/08\/06\/pedro-cejas-abre-el-camino-de-la-victoria-para-banfield\/#breadcrumb","itemListElement":[{"@type":"ListItem","position":1,"name":"Portada","item":"https:\/\/noticiasmercedinas.com\/site\/"},{"@type":"ListItem","position":2,"name":"Pedro Cejas abre el camino de la victoria para Banfield"}]},{"@type":"WebSite","@id":"https:\/\/noticiasmercedinas.com\/site\/#website","url":"https:\/\/noticiasmercedinas.com\/site\/","name":"NOTICIASMERCEDINAS.COM","description":"Mercedes, Buenos Aires, Argentina","publisher":{"@id":"https:\/\/noticiasmercedinas.com\/site\/#organization"},"potentialAction":[{"@type":"SearchAction","target":{"@type":"EntryPoint","urlTemplate":"https:\/\/noticiasmercedinas.com\/site\/?s={search_term_string}"},"query-input":{"@type":"PropertyValueSpecification","valueRequired":true,"valueName":"search_term_string"}}],"inLanguage":"es"},{"@type":"Organization","@id":"https:\/\/noticiasmercedinas.com\/site\/#organization","name":"NOTICIASMERCEDINAS.COM","url":"https:\/\/noticiasmercedinas.com\/site\/","logo":{"@type":"ImageObject","inLanguage":"es","@id":"https:\/\/noticiasmercedinas.com\/site\/#\/schema\/logo\/image\/","url":"https:\/\/noticiasmercedinas.com\/site\/wp-content\/uploads\/2020\/06\/LOGO-512.jpg","contentUrl":"https:\/\/noticiasmercedinas.com\/site\/wp-content\/uploads\/2020\/06\/LOGO-512.jpg","width":512,"height":512,"caption":"NOTICIASMERCEDINAS.COM"},"image":{"@id":"https:\/\/noticiasmercedinas.com\/site\/#\/schema\/logo\/image\/"},"sameAs":["https:\/\/www.facebook.com\/noticiasmercedinas\/","https:\/\/x.com\/notmercedinas","https:\/\/www.instagram.com\/noticiasmercedinas\/"]},{"@type":"Person","@id":"https:\/\/noticiasmercedinas.com\/site\/#\/schema\/person\/8f2f09d666ef40986eba4a5e6f2a06f9","name":"Juan Dagnino NOTICIASMERCEDINAS.COM","image":{"@type":"ImageObject","inLanguage":"es","@id":"https:\/\/secure.gravatar.com\/avatar\/fc7059a769f5a3cae65fadb228a3e4accf3a64b4b2305020d0a27e6d5333c91b?s=96&d=mm&r=g","url":"https:\/\/secure.gravatar.com\/avatar\/fc7059a769f5a3cae65fadb228a3e4accf3a64b4b2305020d0a27e6d5333c91b?s=96&d=mm&r=g","contentUrl":"https:\/\/secure.gravatar.com\/avatar\/fc7059a769f5a3cae65fadb228a3e4accf3a64b4b2305020d0a27e6d5333c91b?s=96&d=mm&r=g","caption":"Juan Dagnino NOTICIASMERCEDINAS.COM"},"url":"https:\/\/noticiasmercedinas.com\/site\/author\/juandagnino\/"}]}},"amp_enabled":true,"_links":{"self":[{"href":"https:\/\/noticiasmercedinas.com\/site\/wp-json\/wp\/v2\/posts\/72094","targetHints":{"allow":["GET"]}}],"collection":[{"href":"https:\/\/noticiasmercedinas.com\/site\/wp-json\/wp\/v2\/posts"}],"about":[{"href":"https:\/\/noticiasmercedinas.com\/site\/wp-json\/wp\/v2\/types\/post"}],"author":[{"embeddable":true,"href":"https:\/\/noticiasmercedinas.com\/site\/wp-json\/wp\/v2\/users\/6"}],"replies":[{"embeddable":true,"href":"https:\/\/noticiasmercedinas.com\/site\/wp-json\/wp\/v2\/comments?post=72094"}],"version-history":[{"count":2,"href":"https:\/\/noticiasmercedinas.com\/site\/wp-json\/wp\/v2\/posts\/72094\/revisions"}],"predecessor-version":[{"id":72097,"href":"https:\/\/noticiasmercedinas.com\/site\/wp-json\/wp\/v2\/posts\/72094\/revisions\/72097"}],"wp:featuredmedia":[{"embeddable":true,"href":"https:\/\/noticiasmercedinas.com\/site\/wp-json\/wp\/v2\/media\/72095"}],"wp:attachment":[{"href":"https:\/\/noticiasmercedinas.com\/site\/wp-json\/wp\/v2\/media?parent=72094"}],"wp:term":[{"taxonomy":"category","embeddable":true,"href":"https:\/\/noticiasmercedinas.com\/site\/wp-json\/wp\/v2\/categories?post=72094"},{"taxonomy":"post_tag","embeddable":true,"href":"https:\/\/noticiasmercedinas.com\/site\/wp-json\/wp\/v2\/tags?post=72094"}],"curies":[{"name":"wp","href":"https:\/\/api.w.org\/{rel}","templated":true}]}}