{"id":72431,"date":"2021-08-11T15:51:20","date_gmt":"2021-08-11T18:51:20","guid":{"rendered":"https:\/\/noticiasmercedinas.com\/site\/?p=72431"},"modified":"2021-08-11T15:53:28","modified_gmt":"2021-08-11T18:53:28","slug":"locutor-fernando-pachiani-sera-premiado-con-el-caduceo","status":"publish","type":"post","link":"https:\/\/noticiasmercedinas.com\/site\/2021\/08\/11\/locutor-fernando-pachiani-sera-premiado-con-el-caduceo\/","title":{"rendered":"Locutor Fernando Pachiani ser\u00e1 premiado con el Caduceo"},"content":{"rendered":"<p><img loading=\"lazy\" decoding=\"async\" class=\"alignnone size-full wp-image-72432\" src=\"https:\/\/noticiasmercedinas.com\/site\/wp-content\/uploads\/2021\/08\/fernando_pachiani.jpg\" alt=\"\" width=\"640\" height=\"470\" srcset=\"https:\/\/noticiasmercedinas.com\/site\/wp-content\/uploads\/2021\/08\/fernando_pachiani.jpg 640w, https:\/\/noticiasmercedinas.com\/site\/wp-content\/uploads\/2021\/08\/fernando_pachiani-300x220.jpg 300w, https:\/\/noticiasmercedinas.com\/site\/wp-content\/uploads\/2021\/08\/fernando_pachiani-80x60.jpg 80w\" sizes=\"auto, (max-width: 640px) 100vw, 640px\" \/><\/p>\n<audio class=\"wp-audio-shortcode\" id=\"audio-72431-1\" preload=\"none\" style=\"width: 100%;\" controls=\"controls\"><source type=\"audio\/mpeg\" src=\"https:\/\/noticiasmercedinas.com\/site\/wp-content\/uploads\/2021\/08\/fernando_pachiani.mp3?_=1\" \/><a href=\"https:\/\/noticiasmercedinas.com\/site\/wp-content\/uploads\/2021\/08\/fernando_pachiani.mp3\">https:\/\/noticiasmercedinas.com\/site\/wp-content\/uploads\/2021\/08\/fernando_pachiani.mp3<\/a><\/audio>\n<p>El jueves 16 de septiembre el locutor <strong>Fernando Pachiani<\/strong> recibir\u00e1 el premio Caduceo, en una entrega con ceremonia virtual. \u201cUn premio como este no queda solo en la estatuilla y en el diploma sino que es un compromiso a seguir apostando al trabajo y tratar de superarse\u201d, dijo Pachiani, conductor de \u201cPor el Buen Camino\u201d, programa que va por FM Santa Mar\u00eda, entrevistado por este medio.<\/p>\n<p>Fernando Pachiani fue galardonado por el Consejo Profesional de Ciencias Econ\u00f3micas de la Provincia de Buenos Aires como mejor labor en conducci\u00f3n masculina en radio por su programa. Este a\u00f1o ser\u00e1 la entrega XXIX de los premios Caduceo y se llevar\u00e1 a cabo en una ceremonia virtual, dado el contexto, el pr\u00f3ximo jueves 16 de septiembre a las 19.30.<\/p>\n<p>\u201cEl premio me hace muy feliz, es uno de los premios m\u00e1s esperados en la provincia, el m\u00e1s importante en cada uno de los rubros para los medios y comunicadores de la provincia. Y haberlo recibido por la labor en conducci\u00f3n masculina en radio es un orgullo y una satisfacci\u00f3n\u201d, afirm\u00f3 Pachiani.<\/p>\n<blockquote><p>Este a\u00f1o ser\u00e1 la entrega XXIX de los premios Caduceo y se llevar\u00e1 a cabo en una ceremonia virtual, dado el contexto, el pr\u00f3ximo jueves 16 de septiembre a las 19.30.<\/p><\/blockquote>\n<p>En este sentido, el reconocido profesional, que est\u00e1 cumpliendo 25 a\u00f1os como locutor nacional, destac\u00f3 que este premio reconoce el trabajo del conductor, pero este \u201clo puede hacer din\u00e1mico y ameno si tiene con qu\u00e9, si tiene un buen operador, buenos columnistas como en mi caso. Por eso aprovecho para agradecer a FM Santa Mar\u00eda por la puesta al aire del programa y a su director Alfredo Uncal que me permite trabajar con total libertad, y a cada uno de los columnistas, que son todos profesionales y siento que este premio es tambi\u00e9n de ellos\u201d.<\/p>\n<p>\u201cYo estoy cumpliendo 25 a\u00f1os de locutor nacional. Me recib\u00ed en diciembre de 1996 y estoy recibiendo este premio en un a\u00f1o tan importante\u201d, remarc\u00f3 Pachiani, quien vio sucederse vertiginosamente muchos adelantos tecnol\u00f3gicos en el ejercicio de la profesi\u00f3n, por lo que atraves\u00f3 distintas etapas que van desde los \u201cchusmitos\u201d del circuito cerrado al streaming por internet, pasando por la Frecuencia Modulada y siendo protagonista de la primera emisi\u00f3n local en ese formato.<\/p>\n<p>\u201cEs cierto, vengo de la \u00e9poca del chusmito\u201d, reconoci\u00f3, \u201caunque era muy joven. Ten\u00eda 18 a\u00f1os cuando empec\u00e9 a trabajar en Oral M\u00fasica Hogar, y fue justamente Alfredo Uncal que viv\u00eda enfrente de mi casa, conoc\u00eda mi pasi\u00f3n, y me llev\u00f3 a Oral. Y a partir de all\u00ed Oscar Pozzi me fue ense\u00f1ando el manejo de la radio y como desempe\u00f1arme en un micr\u00f3fono\u201d, record\u00f3 Pachiani y detall\u00f3 otros pasos radiales en su trayectoria: \u201cEstuve en LE 7, emisora de Luis Lorenzo, en CCL2 cuando era circuito cerrado por cable y en la primera emisi\u00f3n de Frecuencia Modulada en la 98.5 FM Mercedes: estaba en el programa de la ma\u00f1ana y me toc\u00f3 anunciar ese cambio y transmitir por primera vez en Frecuencia Modulada\u201d, dijo y agreg\u00f3 que tambi\u00e9n estuvo en Luj\u00e1n en FM Fant\u00e1stica, y en Radio Vida entre otras, con muchos programas.<\/p>\n<p>\u201cEstoy contento por esto, muy agradecido a los oyentes y a los entrevistados en la secci\u00f3n <em>Mercedinos por el mundo<\/em>, que engalanan el programa y lo hacen distinto\u201d, concluy\u00f3 el ganador del Caduceo.<\/p>\n<p>&nbsp;<\/p>\n","protected":false},"excerpt":{"rendered":"<p>\u25a0 El conductor de \u201cPor el Buen Camino\u201d, programa que va por FM Santa Mar\u00eda, fue reconocido como la mejor labor en conducci\u00f3n. Pas\u00f3 de las \u00e9pocas del circuito cerrado al streaming y supo profesionalizar su pasi\u00f3n.<\/p>\n","protected":false},"author":2,"featured_media":72432,"comment_status":"open","ping_status":"open","sticky":false,"template":"","format":"standard","meta":{"footnotes":""},"categories":[4210],"tags":[1380,553,8754,6417,554],"class_list":["post-72431","post","type-post","status-publish","format-standard","has-post-thumbnail","hentry","category-medios","tag-fernando-pachiani","tag-fm-santa-maria","tag-por-el-buen-camino","tag-premios-caduceo","tag-radio"],"yoast_head":"<!-- This site is optimized with the Yoast SEO plugin v27.5 - https:\/\/yoast.com\/product\/yoast-seo-wordpress\/ -->\n<title>Locutor Fernando Pachiani ser\u00e1 premiado con el Caduceo<\/title>\n<meta name=\"robots\" content=\"index, follow, max-snippet:-1, max-image-preview:large, max-video-preview:-1\" \/>\n<link rel=\"canonical\" href=\"https:\/\/noticiasmercedinas.com\/site\/2021\/08\/11\/locutor-fernando-pachiani-sera-premiado-con-el-caduceo\/\" \/>\n<meta property=\"og:locale\" content=\"es_ES\" \/>\n<meta property=\"og:type\" content=\"article\" \/>\n<meta property=\"og:title\" content=\"Locutor Fernando Pachiani ser\u00e1 premiado con el Caduceo\" \/>\n<meta property=\"og:description\" content=\"\u25a0 El conductor de \u201cPor el Buen Camino\u201d, programa que va por FM Santa Mar\u00eda, fue reconocido como la mejor labor en conducci\u00f3n. Pas\u00f3 de las \u00e9pocas del circuito cerrado al streaming y supo profesionalizar su pasi\u00f3n.\" \/>\n<meta property=\"og:url\" content=\"https:\/\/noticiasmercedinas.com\/site\/2021\/08\/11\/locutor-fernando-pachiani-sera-premiado-con-el-caduceo\/\" \/>\n<meta property=\"og:site_name\" content=\"NOTICIASMERCEDINAS.COM\" \/>\n<meta property=\"article:publisher\" content=\"https:\/\/www.facebook.com\/noticiasmercedinas\/\" \/>\n<meta property=\"article:author\" content=\"https:\/\/www.facebook.com\/cristian.falabella\" \/>\n<meta property=\"article:published_time\" content=\"2021-08-11T18:51:20+00:00\" \/>\n<meta property=\"article:modified_time\" content=\"2021-08-11T18:53:28+00:00\" \/>\n<meta property=\"og:image\" content=\"https:\/\/noticiasmercedinas.com\/site\/wp-content\/uploads\/2021\/08\/fernando_pachiani.jpg\" \/>\n\t<meta property=\"og:image:width\" content=\"640\" \/>\n\t<meta property=\"og:image:height\" content=\"470\" \/>\n\t<meta property=\"og:image:type\" content=\"image\/jpeg\" \/>\n<meta name=\"author\" content=\"Cristian Falabella NOTICIASMERCEDINAS.COM\" \/>\n<meta name=\"twitter:card\" content=\"summary_large_image\" \/>\n<meta name=\"twitter:creator\" content=\"@https:\/\/twitter.com\/NOTMERCEDINAS\" \/>\n<meta name=\"twitter:site\" content=\"@notmercedinas\" \/>\n<meta name=\"twitter:label1\" content=\"Escrito por\" \/>\n\t<meta name=\"twitter:data1\" content=\"Cristian Falabella NOTICIASMERCEDINAS.COM\" \/>\n\t<meta name=\"twitter:label2\" content=\"Tiempo de lectura\" \/>\n\t<meta name=\"twitter:data2\" content=\"3 minutos\" \/>\n<script type=\"application\/ld+json\" class=\"yoast-schema-graph\">{\"@context\":\"https:\\\/\\\/schema.org\",\"@graph\":[{\"@type\":\"Article\",\"@id\":\"https:\\\/\\\/noticiasmercedinas.com\\\/site\\\/2021\\\/08\\\/11\\\/locutor-fernando-pachiani-sera-premiado-con-el-caduceo\\\/#article\",\"isPartOf\":{\"@id\":\"https:\\\/\\\/noticiasmercedinas.com\\\/site\\\/2021\\\/08\\\/11\\\/locutor-fernando-pachiani-sera-premiado-con-el-caduceo\\\/\"},\"author\":{\"name\":\"Cristian Falabella NOTICIASMERCEDINAS.COM\",\"@id\":\"https:\\\/\\\/noticiasmercedinas.com\\\/site\\\/#\\\/schema\\\/person\\\/d481a9696a5feaec13a60e2bbd991a6a\"},\"headline\":\"Locutor Fernando Pachiani ser\u00e1 premiado con el Caduceo\",\"datePublished\":\"2021-08-11T18:51:20+00:00\",\"dateModified\":\"2021-08-11T18:53:28+00:00\",\"mainEntityOfPage\":{\"@id\":\"https:\\\/\\\/noticiasmercedinas.com\\\/site\\\/2021\\\/08\\\/11\\\/locutor-fernando-pachiani-sera-premiado-con-el-caduceo\\\/\"},\"wordCount\":598,\"commentCount\":0,\"publisher\":{\"@id\":\"https:\\\/\\\/noticiasmercedinas.com\\\/site\\\/#organization\"},\"image\":{\"@id\":\"https:\\\/\\\/noticiasmercedinas.com\\\/site\\\/2021\\\/08\\\/11\\\/locutor-fernando-pachiani-sera-premiado-con-el-caduceo\\\/#primaryimage\"},\"thumbnailUrl\":\"https:\\\/\\\/noticiasmercedinas.com\\\/site\\\/wp-content\\\/uploads\\\/2021\\\/08\\\/fernando_pachiani.jpg\",\"keywords\":[\"fernando Pachiani\",\"fm santa maria\",\"por el buen camino\",\"premios caduceo\",\"radio\"],\"articleSection\":[\"Medios\"],\"inLanguage\":\"es\",\"potentialAction\":[{\"@type\":\"CommentAction\",\"name\":\"Comment\",\"target\":[\"https:\\\/\\\/noticiasmercedinas.com\\\/site\\\/2021\\\/08\\\/11\\\/locutor-fernando-pachiani-sera-premiado-con-el-caduceo\\\/#respond\"]}]},{\"@type\":\"WebPage\",\"@id\":\"https:\\\/\\\/noticiasmercedinas.com\\\/site\\\/2021\\\/08\\\/11\\\/locutor-fernando-pachiani-sera-premiado-con-el-caduceo\\\/\",\"url\":\"https:\\\/\\\/noticiasmercedinas.com\\\/site\\\/2021\\\/08\\\/11\\\/locutor-fernando-pachiani-sera-premiado-con-el-caduceo\\\/\",\"name\":\"Locutor Fernando Pachiani ser\u00e1 premiado con el Caduceo\",\"isPartOf\":{\"@id\":\"https:\\\/\\\/noticiasmercedinas.com\\\/site\\\/#website\"},\"primaryImageOfPage\":{\"@id\":\"https:\\\/\\\/noticiasmercedinas.com\\\/site\\\/2021\\\/08\\\/11\\\/locutor-fernando-pachiani-sera-premiado-con-el-caduceo\\\/#primaryimage\"},\"image\":{\"@id\":\"https:\\\/\\\/noticiasmercedinas.com\\\/site\\\/2021\\\/08\\\/11\\\/locutor-fernando-pachiani-sera-premiado-con-el-caduceo\\\/#primaryimage\"},\"thumbnailUrl\":\"https:\\\/\\\/noticiasmercedinas.com\\\/site\\\/wp-content\\\/uploads\\\/2021\\\/08\\\/fernando_pachiani.jpg\",\"datePublished\":\"2021-08-11T18:51:20+00:00\",\"dateModified\":\"2021-08-11T18:53:28+00:00\",\"breadcrumb\":{\"@id\":\"https:\\\/\\\/noticiasmercedinas.com\\\/site\\\/2021\\\/08\\\/11\\\/locutor-fernando-pachiani-sera-premiado-con-el-caduceo\\\/#breadcrumb\"},\"inLanguage\":\"es\",\"potentialAction\":[{\"@type\":\"ReadAction\",\"target\":[\"https:\\\/\\\/noticiasmercedinas.com\\\/site\\\/2021\\\/08\\\/11\\\/locutor-fernando-pachiani-sera-premiado-con-el-caduceo\\\/\"]}]},{\"@type\":\"ImageObject\",\"inLanguage\":\"es\",\"@id\":\"https:\\\/\\\/noticiasmercedinas.com\\\/site\\\/2021\\\/08\\\/11\\\/locutor-fernando-pachiani-sera-premiado-con-el-caduceo\\\/#primaryimage\",\"url\":\"https:\\\/\\\/noticiasmercedinas.com\\\/site\\\/wp-content\\\/uploads\\\/2021\\\/08\\\/fernando_pachiani.jpg\",\"contentUrl\":\"https:\\\/\\\/noticiasmercedinas.com\\\/site\\\/wp-content\\\/uploads\\\/2021\\\/08\\\/fernando_pachiani.jpg\",\"width\":640,\"height\":470},{\"@type\":\"BreadcrumbList\",\"@id\":\"https:\\\/\\\/noticiasmercedinas.com\\\/site\\\/2021\\\/08\\\/11\\\/locutor-fernando-pachiani-sera-premiado-con-el-caduceo\\\/#breadcrumb\",\"itemListElement\":[{\"@type\":\"ListItem\",\"position\":1,\"name\":\"Portada\",\"item\":\"https:\\\/\\\/noticiasmercedinas.com\\\/site\\\/\"},{\"@type\":\"ListItem\",\"position\":2,\"name\":\"Locutor Fernando Pachiani ser\u00e1 premiado con el Caduceo\"}]},{\"@type\":\"WebSite\",\"@id\":\"https:\\\/\\\/noticiasmercedinas.com\\\/site\\\/#website\",\"url\":\"https:\\\/\\\/noticiasmercedinas.com\\\/site\\\/\",\"name\":\"NOTICIASMERCEDINAS.COM\",\"description\":\"Mercedes, Buenos Aires, Argentina\",\"publisher\":{\"@id\":\"https:\\\/\\\/noticiasmercedinas.com\\\/site\\\/#organization\"},\"potentialAction\":[{\"@type\":\"SearchAction\",\"target\":{\"@type\":\"EntryPoint\",\"urlTemplate\":\"https:\\\/\\\/noticiasmercedinas.com\\\/site\\\/?s={search_term_string}\"},\"query-input\":{\"@type\":\"PropertyValueSpecification\",\"valueRequired\":true,\"valueName\":\"search_term_string\"}}],\"inLanguage\":\"es\"},{\"@type\":\"Organization\",\"@id\":\"https:\\\/\\\/noticiasmercedinas.com\\\/site\\\/#organization\",\"name\":\"NOTICIASMERCEDINAS.COM\",\"url\":\"https:\\\/\\\/noticiasmercedinas.com\\\/site\\\/\",\"logo\":{\"@type\":\"ImageObject\",\"inLanguage\":\"es\",\"@id\":\"https:\\\/\\\/noticiasmercedinas.com\\\/site\\\/#\\\/schema\\\/logo\\\/image\\\/\",\"url\":\"https:\\\/\\\/noticiasmercedinas.com\\\/site\\\/wp-content\\\/uploads\\\/2020\\\/06\\\/LOGO-512.jpg\",\"contentUrl\":\"https:\\\/\\\/noticiasmercedinas.com\\\/site\\\/wp-content\\\/uploads\\\/2020\\\/06\\\/LOGO-512.jpg\",\"width\":512,\"height\":512,\"caption\":\"NOTICIASMERCEDINAS.COM\"},\"image\":{\"@id\":\"https:\\\/\\\/noticiasmercedinas.com\\\/site\\\/#\\\/schema\\\/logo\\\/image\\\/\"},\"sameAs\":[\"https:\\\/\\\/www.facebook.com\\\/noticiasmercedinas\\\/\",\"https:\\\/\\\/x.com\\\/notmercedinas\",\"https:\\\/\\\/www.instagram.com\\\/noticiasmercedinas\\\/\"]},{\"@type\":\"Person\",\"@id\":\"https:\\\/\\\/noticiasmercedinas.com\\\/site\\\/#\\\/schema\\\/person\\\/d481a9696a5feaec13a60e2bbd991a6a\",\"name\":\"Cristian Falabella NOTICIASMERCEDINAS.COM\",\"image\":{\"@type\":\"ImageObject\",\"inLanguage\":\"es\",\"@id\":\"https:\\\/\\\/secure.gravatar.com\\\/avatar\\\/0dbbfc45970cc46bcd0e57766228574ff3511d6eed045b182f536f0f478c1f06?s=96&d=mm&r=g\",\"url\":\"https:\\\/\\\/secure.gravatar.com\\\/avatar\\\/0dbbfc45970cc46bcd0e57766228574ff3511d6eed045b182f536f0f478c1f06?s=96&d=mm&r=g\",\"contentUrl\":\"https:\\\/\\\/secure.gravatar.com\\\/avatar\\\/0dbbfc45970cc46bcd0e57766228574ff3511d6eed045b182f536f0f478c1f06?s=96&d=mm&r=g\",\"caption\":\"Cristian Falabella NOTICIASMERCEDINAS.COM\"},\"description\":\"Periodista, editor de Noticias Mercedinas. Pas\u00f3 por varias redacciones y emprendimientos de prensa, en distintos formatos y \u00e9pocas. Se especializ\u00f3 --y sigue haci\u00e9ndolo-- en comunicaci\u00f3n en la web y en junio de 2006 fund\u00f3 este diario digital.\",\"sameAs\":[\"https:\\\/\\\/noticiasmercedinas.com\",\"https:\\\/\\\/www.facebook.com\\\/cristian.falabella\",\"https:\\\/\\\/www.instagram.com\\\/noticiasmercedinas\\\/\",\"https:\\\/\\\/x.com\\\/https:\\\/\\\/twitter.com\\\/NOTMERCEDINAS\"],\"url\":\"https:\\\/\\\/noticiasmercedinas.com\\\/site\\\/author\\\/as000384\\\/\"}]}<\/script>\n<!-- \/ Yoast SEO plugin. -->","yoast_head_json":{"title":"Locutor Fernando Pachiani ser\u00e1 premiado con el Caduceo","robots":{"index":"index","follow":"follow","max-snippet":"max-snippet:-1","max-image-preview":"max-image-preview:large","max-video-preview":"max-video-preview:-1"},"canonical":"https:\/\/noticiasmercedinas.com\/site\/2021\/08\/11\/locutor-fernando-pachiani-sera-premiado-con-el-caduceo\/","og_locale":"es_ES","og_type":"article","og_title":"Locutor Fernando Pachiani ser\u00e1 premiado con el Caduceo","og_description":"\u25a0 El conductor de \u201cPor el Buen Camino\u201d, programa que va por FM Santa Mar\u00eda, fue reconocido como la mejor labor en conducci\u00f3n. Pas\u00f3 de las \u00e9pocas del circuito cerrado al streaming y supo profesionalizar su pasi\u00f3n.","og_url":"https:\/\/noticiasmercedinas.com\/site\/2021\/08\/11\/locutor-fernando-pachiani-sera-premiado-con-el-caduceo\/","og_site_name":"NOTICIASMERCEDINAS.COM","article_publisher":"https:\/\/www.facebook.com\/noticiasmercedinas\/","article_author":"https:\/\/www.facebook.com\/cristian.falabella","article_published_time":"2021-08-11T18:51:20+00:00","article_modified_time":"2021-08-11T18:53:28+00:00","og_image":[{"width":640,"height":470,"url":"https:\/\/noticiasmercedinas.com\/site\/wp-content\/uploads\/2021\/08\/fernando_pachiani.jpg","type":"image\/jpeg"}],"author":"Cristian Falabella NOTICIASMERCEDINAS.COM","twitter_card":"summary_large_image","twitter_creator":"@https:\/\/twitter.com\/NOTMERCEDINAS","twitter_site":"@notmercedinas","twitter_misc":{"Escrito por":"Cristian Falabella NOTICIASMERCEDINAS.COM","Tiempo de lectura":"3 minutos"},"schema":{"@context":"https:\/\/schema.org","@graph":[{"@type":"Article","@id":"https:\/\/noticiasmercedinas.com\/site\/2021\/08\/11\/locutor-fernando-pachiani-sera-premiado-con-el-caduceo\/#article","isPartOf":{"@id":"https:\/\/noticiasmercedinas.com\/site\/2021\/08\/11\/locutor-fernando-pachiani-sera-premiado-con-el-caduceo\/"},"author":{"name":"Cristian Falabella NOTICIASMERCEDINAS.COM","@id":"https:\/\/noticiasmercedinas.com\/site\/#\/schema\/person\/d481a9696a5feaec13a60e2bbd991a6a"},"headline":"Locutor Fernando Pachiani ser\u00e1 premiado con el Caduceo","datePublished":"2021-08-11T18:51:20+00:00","dateModified":"2021-08-11T18:53:28+00:00","mainEntityOfPage":{"@id":"https:\/\/noticiasmercedinas.com\/site\/2021\/08\/11\/locutor-fernando-pachiani-sera-premiado-con-el-caduceo\/"},"wordCount":598,"commentCount":0,"publisher":{"@id":"https:\/\/noticiasmercedinas.com\/site\/#organization"},"image":{"@id":"https:\/\/noticiasmercedinas.com\/site\/2021\/08\/11\/locutor-fernando-pachiani-sera-premiado-con-el-caduceo\/#primaryimage"},"thumbnailUrl":"https:\/\/noticiasmercedinas.com\/site\/wp-content\/uploads\/2021\/08\/fernando_pachiani.jpg","keywords":["fernando Pachiani","fm santa maria","por el buen camino","premios caduceo","radio"],"articleSection":["Medios"],"inLanguage":"es","potentialAction":[{"@type":"CommentAction","name":"Comment","target":["https:\/\/noticiasmercedinas.com\/site\/2021\/08\/11\/locutor-fernando-pachiani-sera-premiado-con-el-caduceo\/#respond"]}]},{"@type":"WebPage","@id":"https:\/\/noticiasmercedinas.com\/site\/2021\/08\/11\/locutor-fernando-pachiani-sera-premiado-con-el-caduceo\/","url":"https:\/\/noticiasmercedinas.com\/site\/2021\/08\/11\/locutor-fernando-pachiani-sera-premiado-con-el-caduceo\/","name":"Locutor Fernando Pachiani ser\u00e1 premiado con el Caduceo","isPartOf":{"@id":"https:\/\/noticiasmercedinas.com\/site\/#website"},"primaryImageOfPage":{"@id":"https:\/\/noticiasmercedinas.com\/site\/2021\/08\/11\/locutor-fernando-pachiani-sera-premiado-con-el-caduceo\/#primaryimage"},"image":{"@id":"https:\/\/noticiasmercedinas.com\/site\/2021\/08\/11\/locutor-fernando-pachiani-sera-premiado-con-el-caduceo\/#primaryimage"},"thumbnailUrl":"https:\/\/noticiasmercedinas.com\/site\/wp-content\/uploads\/2021\/08\/fernando_pachiani.jpg","datePublished":"2021-08-11T18:51:20+00:00","dateModified":"2021-08-11T18:53:28+00:00","breadcrumb":{"@id":"https:\/\/noticiasmercedinas.com\/site\/2021\/08\/11\/locutor-fernando-pachiani-sera-premiado-con-el-caduceo\/#breadcrumb"},"inLanguage":"es","potentialAction":[{"@type":"ReadAction","target":["https:\/\/noticiasmercedinas.com\/site\/2021\/08\/11\/locutor-fernando-pachiani-sera-premiado-con-el-caduceo\/"]}]},{"@type":"ImageObject","inLanguage":"es","@id":"https:\/\/noticiasmercedinas.com\/site\/2021\/08\/11\/locutor-fernando-pachiani-sera-premiado-con-el-caduceo\/#primaryimage","url":"https:\/\/noticiasmercedinas.com\/site\/wp-content\/uploads\/2021\/08\/fernando_pachiani.jpg","contentUrl":"https:\/\/noticiasmercedinas.com\/site\/wp-content\/uploads\/2021\/08\/fernando_pachiani.jpg","width":640,"height":470},{"@type":"BreadcrumbList","@id":"https:\/\/noticiasmercedinas.com\/site\/2021\/08\/11\/locutor-fernando-pachiani-sera-premiado-con-el-caduceo\/#breadcrumb","itemListElement":[{"@type":"ListItem","position":1,"name":"Portada","item":"https:\/\/noticiasmercedinas.com\/site\/"},{"@type":"ListItem","position":2,"name":"Locutor Fernando Pachiani ser\u00e1 premiado con el Caduceo"}]},{"@type":"WebSite","@id":"https:\/\/noticiasmercedinas.com\/site\/#website","url":"https:\/\/noticiasmercedinas.com\/site\/","name":"NOTICIASMERCEDINAS.COM","description":"Mercedes, Buenos Aires, Argentina","publisher":{"@id":"https:\/\/noticiasmercedinas.com\/site\/#organization"},"potentialAction":[{"@type":"SearchAction","target":{"@type":"EntryPoint","urlTemplate":"https:\/\/noticiasmercedinas.com\/site\/?s={search_term_string}"},"query-input":{"@type":"PropertyValueSpecification","valueRequired":true,"valueName":"search_term_string"}}],"inLanguage":"es"},{"@type":"Organization","@id":"https:\/\/noticiasmercedinas.com\/site\/#organization","name":"NOTICIASMERCEDINAS.COM","url":"https:\/\/noticiasmercedinas.com\/site\/","logo":{"@type":"ImageObject","inLanguage":"es","@id":"https:\/\/noticiasmercedinas.com\/site\/#\/schema\/logo\/image\/","url":"https:\/\/noticiasmercedinas.com\/site\/wp-content\/uploads\/2020\/06\/LOGO-512.jpg","contentUrl":"https:\/\/noticiasmercedinas.com\/site\/wp-content\/uploads\/2020\/06\/LOGO-512.jpg","width":512,"height":512,"caption":"NOTICIASMERCEDINAS.COM"},"image":{"@id":"https:\/\/noticiasmercedinas.com\/site\/#\/schema\/logo\/image\/"},"sameAs":["https:\/\/www.facebook.com\/noticiasmercedinas\/","https:\/\/x.com\/notmercedinas","https:\/\/www.instagram.com\/noticiasmercedinas\/"]},{"@type":"Person","@id":"https:\/\/noticiasmercedinas.com\/site\/#\/schema\/person\/d481a9696a5feaec13a60e2bbd991a6a","name":"Cristian Falabella NOTICIASMERCEDINAS.COM","image":{"@type":"ImageObject","inLanguage":"es","@id":"https:\/\/secure.gravatar.com\/avatar\/0dbbfc45970cc46bcd0e57766228574ff3511d6eed045b182f536f0f478c1f06?s=96&d=mm&r=g","url":"https:\/\/secure.gravatar.com\/avatar\/0dbbfc45970cc46bcd0e57766228574ff3511d6eed045b182f536f0f478c1f06?s=96&d=mm&r=g","contentUrl":"https:\/\/secure.gravatar.com\/avatar\/0dbbfc45970cc46bcd0e57766228574ff3511d6eed045b182f536f0f478c1f06?s=96&d=mm&r=g","caption":"Cristian Falabella NOTICIASMERCEDINAS.COM"},"description":"Periodista, editor de Noticias Mercedinas. Pas\u00f3 por varias redacciones y emprendimientos de prensa, en distintos formatos y \u00e9pocas. Se especializ\u00f3 --y sigue haci\u00e9ndolo-- en comunicaci\u00f3n en la web y en junio de 2006 fund\u00f3 este diario digital.","sameAs":["https:\/\/noticiasmercedinas.com","https:\/\/www.facebook.com\/cristian.falabella","https:\/\/www.instagram.com\/noticiasmercedinas\/","https:\/\/x.com\/https:\/\/twitter.com\/NOTMERCEDINAS"],"url":"https:\/\/noticiasmercedinas.com\/site\/author\/as000384\/"}]}},"amp_enabled":true,"_links":{"self":[{"href":"https:\/\/noticiasmercedinas.com\/site\/wp-json\/wp\/v2\/posts\/72431","targetHints":{"allow":["GET"]}}],"collection":[{"href":"https:\/\/noticiasmercedinas.com\/site\/wp-json\/wp\/v2\/posts"}],"about":[{"href":"https:\/\/noticiasmercedinas.com\/site\/wp-json\/wp\/v2\/types\/post"}],"author":[{"embeddable":true,"href":"https:\/\/noticiasmercedinas.com\/site\/wp-json\/wp\/v2\/users\/2"}],"replies":[{"embeddable":true,"href":"https:\/\/noticiasmercedinas.com\/site\/wp-json\/wp\/v2\/comments?post=72431"}],"version-history":[{"count":2,"href":"https:\/\/noticiasmercedinas.com\/site\/wp-json\/wp\/v2\/posts\/72431\/revisions"}],"predecessor-version":[{"id":72435,"href":"https:\/\/noticiasmercedinas.com\/site\/wp-json\/wp\/v2\/posts\/72431\/revisions\/72435"}],"wp:featuredmedia":[{"embeddable":true,"href":"https:\/\/noticiasmercedinas.com\/site\/wp-json\/wp\/v2\/media\/72432"}],"wp:attachment":[{"href":"https:\/\/noticiasmercedinas.com\/site\/wp-json\/wp\/v2\/media?parent=72431"}],"wp:term":[{"taxonomy":"category","embeddable":true,"href":"https:\/\/noticiasmercedinas.com\/site\/wp-json\/wp\/v2\/categories?post=72431"},{"taxonomy":"post_tag","embeddable":true,"href":"https:\/\/noticiasmercedinas.com\/site\/wp-json\/wp\/v2\/tags?post=72431"}],"curies":[{"name":"wp","href":"https:\/\/api.w.org\/{rel}","templated":true}]}}