{"id":72859,"date":"2021-08-18T16:00:57","date_gmt":"2021-08-18T19:00:57","guid":{"rendered":"https:\/\/noticiasmercedinas.com\/site\/?p=72859"},"modified":"2021-08-18T16:00:57","modified_gmt":"2021-08-18T19:00:57","slug":"abren-concesionario-oficial-volvo-trucks-y-buses-en-chivilcoy","status":"publish","type":"post","link":"https:\/\/noticiasmercedinas.com\/site\/2021\/08\/18\/abren-concesionario-oficial-volvo-trucks-y-buses-en-chivilcoy\/","title":{"rendered":"Abren concesionario oficial Volvo Trucks y Buses en Chivilcoy"},"content":{"rendered":"<p><img loading=\"lazy\" decoding=\"async\" class=\"alignnone size-full wp-image-72860\" src=\"https:\/\/noticiasmercedinas.com\/site\/wp-content\/uploads\/2021\/08\/4-1.jpg\" alt=\"\" width=\"640\" height=\"394\" srcset=\"https:\/\/noticiasmercedinas.com\/site\/wp-content\/uploads\/2021\/08\/4-1.jpg 640w, https:\/\/noticiasmercedinas.com\/site\/wp-content\/uploads\/2021\/08\/4-1-300x185.jpg 300w\" sizes=\"auto, (max-width: 640px) 100vw, 640px\" \/><\/p>\n<p><strong>Volvo Trucks y Buses<\/strong> sigue creciendo en forma sostenida en el pa\u00eds, afianz\u00e1ndose como un actor referente del transporte de carga en Argentina. A poco del lanzamiento de su nueva l\u00ednea de camiones, la marca sigue expandiendo sus puntos de atenci\u00f3n y servicio con un nuevo concesionario oficial integral de Sueca Veh\u00edculos Pesados, ubicado en Ruta 5 km 158 en la ciudad de Chivilcoy, provincia de Buenos Aires. Con la expansi\u00f3n de este nuevo concesionario, la marca ya cuenta con 30 puntos de atenci\u00f3n, entre concesionarios integrales y talleres en todo el pa\u00eds.<\/p>\n<p><strong>Federico R\u00edos<\/strong>, Director General de Sueca Veh\u00edculos Pesados, coment\u00f3: \u201cSeguimos invirtiendo en el desarrollo para brindar soporte a nuestros clientes. Sumamos un nuevo punto de atenci\u00f3n y servicio en una zona clave para el transporte pesado y estrat\u00e9gica en cobertura para los clientes del centro y oeste de la provincia de Buenos Aires, que mejorar\u00e1 la atenci\u00f3n en ciudades como Chivilcoy, Alberti, Bragado, 25 de mayo, Chacabuco, 9 de Julio, Carlos Casares, Trenque Lauquen, entre otras, tanto en ventas como en servicio de postventa. Esta nueva sucursal contribuir\u00e1 a seguir aumentando la disponibilidad de las unidades con un punto de atenci\u00f3n m\u00e1s cercano a la operaci\u00f3n de nuestros clientes\u201d.<\/p>\n<p>Sueca es concesionario oficial de la marca Volvo desde hace 15 a\u00f1os y con esta nueva apertura, ya son tres los puntos de atenci\u00f3n y servicio en CABA y Provincia de Buenos Aires: Olavarr\u00eda 2341 Km 39, Au Acceso Oeste, Moreno; Larraz\u00e1bal 2742, CABA y ahora Ruta 5 km 158, Chivilcoy.<\/p>\n<p>El nuevo concesionario de Chivilcoy ofrece soluciones integrales, es decir, que los servicios prestados son los mismos que los ofrecidos en casa central ubicada en la localidad de Moreno, entre los que se destacan las ventas de camiones y buses 0 Km y camiones usados, un amplio stock de repuestos y atenci\u00f3n de servicios, reparaciones,\u00a0garant\u00edas y contratos de mantenimiento.<\/p>\n<blockquote><p>Sueca es concesionario oficial de la marca Volvo desde hace 15 a\u00f1os y con esta nueva apertura, ya son tres los puntos de atenci\u00f3n y servicio en CABA y Provincia de Buenos Aires: Olavarr\u00eda 2341 Km 39, Au Acceso Oeste, Moreno; Larraz\u00e1bal 2742, CABA y ahora Ruta 5 km 158, Chivilcoy.<\/p><\/blockquote>\n<p><img loading=\"lazy\" decoding=\"async\" class=\"alignnone size-full wp-image-72861\" src=\"https:\/\/noticiasmercedinas.com\/site\/wp-content\/uploads\/2021\/08\/1-3.jpg\" alt=\"\" width=\"640\" height=\"405\" srcset=\"https:\/\/noticiasmercedinas.com\/site\/wp-content\/uploads\/2021\/08\/1-3.jpg 640w, https:\/\/noticiasmercedinas.com\/site\/wp-content\/uploads\/2021\/08\/1-3-300x190.jpg 300w\" sizes=\"auto, (max-width: 640px) 100vw, 640px\" \/><\/p>\n<p>\u201cVolvo prioriza la calidad, la eficiencia y el rendimiento. Brindar cada vez m\u00e1s puntos de atenci\u00f3n en puntos estrat\u00e9gicos permite acompa\u00f1ar el crecimiento de unidades de la marca que se viene dando en los \u00faltimos a\u00f1os y enfocar en maximizar su rendimiento. Esta apertura es un paso m\u00e1s en la apuesta conjunta de crecer y desarrollarnos en el mercado argentino\u201d, coment\u00f3 <strong>Juan Artola<\/strong>, director de Desarrollo de Red de Volvo Trucks y Buses Argentina.<\/p>\n<p>El nuevo concesionario cuenta con oficinas de atenci\u00f3n comercial, dep\u00f3sito de repuestos, taller con 5 bah\u00edas de trabajo y fosa para camiones, sala de\u00a0choferes y sala de capacitaci\u00f3n para poder brindar los cursos de conducci\u00f3n eficiente y seguros que la marca brinda de manera gratuita a trav\u00e9s de la red de concesionarios oficiales.<\/p>\n<p><strong>Gabriel Angulo<\/strong>, director de Servicios, destac\u00f3: \u201cCada vez vemos m\u00e1s unidades Volvo en nuestras rutas. Nuestra red crece a la par, mejorando la provisi\u00f3n de repuestos y brindando servicios y asistencia cada vez m\u00e1s \u00e1gil y cercana de nuestros clientes, priorizando siempre garantizar la disponibilidad de las unidades, para que tanto los camiones como los buses est\u00e9n donde tienen que estar: transportando\u201d.<\/p>\n<p>De esta forma, Volvo contin\u00faa desarrollando soluciones en funci\u00f3n a las necesidades de los clientes, invirtiendo en su red de servicios posventa, apostando por la calidad de atenci\u00f3n en los servicios y la confiabilidad de los repuestos, para lograr el m\u00e1ximo rendimiento de las unidades y rentabilidad del negocio.<\/p>\n<p><a href=\"http:\/\/www.volvobuses.com.ar\"><strong>www.volvobuses.com.ar<\/strong><\/a><\/p>\n<p><strong><a href=\"http:\/\/www.facebook.com\/VolvoTrucksyBusesArg\">www.facebook.com\/VolvoTrucksyBusesArg<\/a><\/strong><\/p>\n<p><strong><a href=\"http:\/\/www.youtube.com\/VolvoTrucksArgentina\">www.youtube.com\/VolvoTrucksArgentina<\/a><\/strong><\/p>\n<p><a href=\"https:\/\/www.instagram.com\/volvotrucksar\/\"><strong>Twitter\/Instagram @VolvoTrucksAR<\/strong><\/a><\/p>\n<p><strong><a href=\"http:\/\/www.linkedin.com\/company\/volvotrucksbusesarg\">www.linkedin.com\/company\/volvotrucksbusesarg<\/a><\/strong><\/p>\n<p><img loading=\"lazy\" decoding=\"async\" class=\"alignnone size-full wp-image-72862\" src=\"https:\/\/noticiasmercedinas.com\/site\/wp-content\/uploads\/2021\/08\/2-2.jpg\" alt=\"\" width=\"640\" height=\"428\" srcset=\"https:\/\/noticiasmercedinas.com\/site\/wp-content\/uploads\/2021\/08\/2-2.jpg 640w, https:\/\/noticiasmercedinas.com\/site\/wp-content\/uploads\/2021\/08\/2-2-300x201.jpg 300w, https:\/\/noticiasmercedinas.com\/site\/wp-content\/uploads\/2021\/08\/2-2-537x360.jpg 537w\" sizes=\"auto, (max-width: 640px) 100vw, 640px\" \/><\/p>\n","protected":false},"excerpt":{"rendered":"<p>\u25a0\u00a0Con la visi\u00f3n puesta en el crecimiento a mediano y largo plazo, la apertura del nuevo concesionario oficial de Sueca Veh\u00edculos Pesados permite a la marca contar con instalaciones en la ruta 5, en una zona clave de la provincia<\/p>\n","protected":false},"author":16,"featured_media":72860,"comment_status":"open","ping_status":"open","sticky":false,"template":"","format":"standard","meta":{"footnotes":""},"categories":[74],"tags":[1761,2742,2741,1869,6315,3509,1872,3708,203,12596,12597,12595,12594,1334,12593,12592,12591],"class_list":["post-72859","post","type-post","status-publish","format-standard","has-post-thumbnail","hentry","category-emprendimientos","tag-25-de-mayo","tag-9-de-julio","tag-alberti","tag-bragado","tag-buses","tag-camiones","tag-carlos-casares","tag-chacabuco","tag-chivilcoy","tag-federico-rios","tag-gabriel-angulo","tag-juan-artola","tag-sueca","tag-trenque-lauquen","tag-trucks","tag-volvo","tag-volvo-trucks-y-buses"],"yoast_head":"<!-- This site is optimized with the Yoast SEO plugin v27.5 - https:\/\/yoast.com\/product\/yoast-seo-wordpress\/ -->\n<title>Abren concesionario oficial Volvo Trucks y Buses en Chivilcoy<\/title>\n<meta name=\"robots\" content=\"index, follow, max-snippet:-1, max-image-preview:large, max-video-preview:-1\" \/>\n<link rel=\"canonical\" href=\"https:\/\/noticiasmercedinas.com\/site\/2021\/08\/18\/abren-concesionario-oficial-volvo-trucks-y-buses-en-chivilcoy\/\" \/>\n<meta property=\"og:locale\" content=\"es_ES\" \/>\n<meta property=\"og:type\" content=\"article\" \/>\n<meta property=\"og:title\" content=\"Abren concesionario oficial Volvo Trucks y Buses en Chivilcoy\" \/>\n<meta property=\"og:description\" content=\"\u25a0\u00a0Con la visi\u00f3n puesta en el crecimiento a mediano y largo plazo, la apertura del nuevo concesionario oficial de Sueca Veh\u00edculos Pesados permite a la marca contar con instalaciones en la ruta 5, en una zona clave de la provincia\" \/>\n<meta property=\"og:url\" content=\"https:\/\/noticiasmercedinas.com\/site\/2021\/08\/18\/abren-concesionario-oficial-volvo-trucks-y-buses-en-chivilcoy\/\" \/>\n<meta property=\"og:site_name\" content=\"NOTICIASMERCEDINAS.COM\" \/>\n<meta property=\"article:publisher\" content=\"https:\/\/www.facebook.com\/noticiasmercedinas\/\" \/>\n<meta property=\"article:published_time\" content=\"2021-08-18T19:00:57+00:00\" \/>\n<meta property=\"og:image\" content=\"https:\/\/noticiasmercedinas.com\/site\/wp-content\/uploads\/2021\/08\/4-1.jpg\" \/>\n\t<meta property=\"og:image:width\" content=\"640\" \/>\n\t<meta property=\"og:image:height\" content=\"394\" \/>\n\t<meta property=\"og:image:type\" content=\"image\/jpeg\" \/>\n<meta name=\"author\" content=\"NOTICIASMERCEDINAS.COM\" \/>\n<meta name=\"twitter:card\" content=\"summary_large_image\" \/>\n<meta name=\"twitter:creator\" content=\"@notmercedinas\" \/>\n<meta name=\"twitter:site\" content=\"@notmercedinas\" \/>\n<meta name=\"twitter:label1\" content=\"Escrito por\" \/>\n\t<meta name=\"twitter:data1\" content=\"NOTICIASMERCEDINAS.COM\" \/>\n\t<meta name=\"twitter:label2\" content=\"Tiempo de lectura\" \/>\n\t<meta name=\"twitter:data2\" content=\"4 minutos\" \/>\n<script type=\"application\/ld+json\" class=\"yoast-schema-graph\">{\"@context\":\"https:\\\/\\\/schema.org\",\"@graph\":[{\"@type\":\"Article\",\"@id\":\"https:\\\/\\\/noticiasmercedinas.com\\\/site\\\/2021\\\/08\\\/18\\\/abren-concesionario-oficial-volvo-trucks-y-buses-en-chivilcoy\\\/#article\",\"isPartOf\":{\"@id\":\"https:\\\/\\\/noticiasmercedinas.com\\\/site\\\/2021\\\/08\\\/18\\\/abren-concesionario-oficial-volvo-trucks-y-buses-en-chivilcoy\\\/\"},\"author\":{\"name\":\"NOTICIASMERCEDINAS.COM\",\"@id\":\"https:\\\/\\\/noticiasmercedinas.com\\\/site\\\/#\\\/schema\\\/person\\\/84b59c099c28ff2e8b77d4ceec5d8063\"},\"headline\":\"Abren concesionario oficial Volvo Trucks y Buses en Chivilcoy\",\"datePublished\":\"2021-08-18T19:00:57+00:00\",\"mainEntityOfPage\":{\"@id\":\"https:\\\/\\\/noticiasmercedinas.com\\\/site\\\/2021\\\/08\\\/18\\\/abren-concesionario-oficial-volvo-trucks-y-buses-en-chivilcoy\\\/\"},\"wordCount\":659,\"commentCount\":0,\"publisher\":{\"@id\":\"https:\\\/\\\/noticiasmercedinas.com\\\/site\\\/#organization\"},\"image\":{\"@id\":\"https:\\\/\\\/noticiasmercedinas.com\\\/site\\\/2021\\\/08\\\/18\\\/abren-concesionario-oficial-volvo-trucks-y-buses-en-chivilcoy\\\/#primaryimage\"},\"thumbnailUrl\":\"https:\\\/\\\/noticiasmercedinas.com\\\/site\\\/wp-content\\\/uploads\\\/2021\\\/08\\\/4-1.jpg\",\"keywords\":[\"25 de mayo\",\"9 de Julio\",\"Alberti\",\"Bragado\",\"buses\",\"Camiones\",\"carlos casares\",\"Chacabuco\",\"chivilcoy\",\"Federico R\u00edos\",\"Gabriel Angulo\",\"Juan Artola\",\"Sueca\",\"trenque lauquen\",\"trucks\",\"volvo\",\"Volvo Trucks y Buses\"],\"articleSection\":[\"Emprendimientos\"],\"inLanguage\":\"es\",\"potentialAction\":[{\"@type\":\"CommentAction\",\"name\":\"Comment\",\"target\":[\"https:\\\/\\\/noticiasmercedinas.com\\\/site\\\/2021\\\/08\\\/18\\\/abren-concesionario-oficial-volvo-trucks-y-buses-en-chivilcoy\\\/#respond\"]}]},{\"@type\":\"WebPage\",\"@id\":\"https:\\\/\\\/noticiasmercedinas.com\\\/site\\\/2021\\\/08\\\/18\\\/abren-concesionario-oficial-volvo-trucks-y-buses-en-chivilcoy\\\/\",\"url\":\"https:\\\/\\\/noticiasmercedinas.com\\\/site\\\/2021\\\/08\\\/18\\\/abren-concesionario-oficial-volvo-trucks-y-buses-en-chivilcoy\\\/\",\"name\":\"Abren concesionario oficial Volvo Trucks y Buses en Chivilcoy\",\"isPartOf\":{\"@id\":\"https:\\\/\\\/noticiasmercedinas.com\\\/site\\\/#website\"},\"primaryImageOfPage\":{\"@id\":\"https:\\\/\\\/noticiasmercedinas.com\\\/site\\\/2021\\\/08\\\/18\\\/abren-concesionario-oficial-volvo-trucks-y-buses-en-chivilcoy\\\/#primaryimage\"},\"image\":{\"@id\":\"https:\\\/\\\/noticiasmercedinas.com\\\/site\\\/2021\\\/08\\\/18\\\/abren-concesionario-oficial-volvo-trucks-y-buses-en-chivilcoy\\\/#primaryimage\"},\"thumbnailUrl\":\"https:\\\/\\\/noticiasmercedinas.com\\\/site\\\/wp-content\\\/uploads\\\/2021\\\/08\\\/4-1.jpg\",\"datePublished\":\"2021-08-18T19:00:57+00:00\",\"breadcrumb\":{\"@id\":\"https:\\\/\\\/noticiasmercedinas.com\\\/site\\\/2021\\\/08\\\/18\\\/abren-concesionario-oficial-volvo-trucks-y-buses-en-chivilcoy\\\/#breadcrumb\"},\"inLanguage\":\"es\",\"potentialAction\":[{\"@type\":\"ReadAction\",\"target\":[\"https:\\\/\\\/noticiasmercedinas.com\\\/site\\\/2021\\\/08\\\/18\\\/abren-concesionario-oficial-volvo-trucks-y-buses-en-chivilcoy\\\/\"]}]},{\"@type\":\"ImageObject\",\"inLanguage\":\"es\",\"@id\":\"https:\\\/\\\/noticiasmercedinas.com\\\/site\\\/2021\\\/08\\\/18\\\/abren-concesionario-oficial-volvo-trucks-y-buses-en-chivilcoy\\\/#primaryimage\",\"url\":\"https:\\\/\\\/noticiasmercedinas.com\\\/site\\\/wp-content\\\/uploads\\\/2021\\\/08\\\/4-1.jpg\",\"contentUrl\":\"https:\\\/\\\/noticiasmercedinas.com\\\/site\\\/wp-content\\\/uploads\\\/2021\\\/08\\\/4-1.jpg\",\"width\":640,\"height\":394},{\"@type\":\"BreadcrumbList\",\"@id\":\"https:\\\/\\\/noticiasmercedinas.com\\\/site\\\/2021\\\/08\\\/18\\\/abren-concesionario-oficial-volvo-trucks-y-buses-en-chivilcoy\\\/#breadcrumb\",\"itemListElement\":[{\"@type\":\"ListItem\",\"position\":1,\"name\":\"Portada\",\"item\":\"https:\\\/\\\/noticiasmercedinas.com\\\/site\\\/\"},{\"@type\":\"ListItem\",\"position\":2,\"name\":\"Abren concesionario oficial Volvo Trucks y Buses en Chivilcoy\"}]},{\"@type\":\"WebSite\",\"@id\":\"https:\\\/\\\/noticiasmercedinas.com\\\/site\\\/#website\",\"url\":\"https:\\\/\\\/noticiasmercedinas.com\\\/site\\\/\",\"name\":\"NOTICIASMERCEDINAS.COM\",\"description\":\"Mercedes, Buenos Aires, Argentina\",\"publisher\":{\"@id\":\"https:\\\/\\\/noticiasmercedinas.com\\\/site\\\/#organization\"},\"potentialAction\":[{\"@type\":\"SearchAction\",\"target\":{\"@type\":\"EntryPoint\",\"urlTemplate\":\"https:\\\/\\\/noticiasmercedinas.com\\\/site\\\/?s={search_term_string}\"},\"query-input\":{\"@type\":\"PropertyValueSpecification\",\"valueRequired\":true,\"valueName\":\"search_term_string\"}}],\"inLanguage\":\"es\"},{\"@type\":\"Organization\",\"@id\":\"https:\\\/\\\/noticiasmercedinas.com\\\/site\\\/#organization\",\"name\":\"NOTICIASMERCEDINAS.COM\",\"url\":\"https:\\\/\\\/noticiasmercedinas.com\\\/site\\\/\",\"logo\":{\"@type\":\"ImageObject\",\"inLanguage\":\"es\",\"@id\":\"https:\\\/\\\/noticiasmercedinas.com\\\/site\\\/#\\\/schema\\\/logo\\\/image\\\/\",\"url\":\"https:\\\/\\\/noticiasmercedinas.com\\\/site\\\/wp-content\\\/uploads\\\/2020\\\/06\\\/LOGO-512.jpg\",\"contentUrl\":\"https:\\\/\\\/noticiasmercedinas.com\\\/site\\\/wp-content\\\/uploads\\\/2020\\\/06\\\/LOGO-512.jpg\",\"width\":512,\"height\":512,\"caption\":\"NOTICIASMERCEDINAS.COM\"},\"image\":{\"@id\":\"https:\\\/\\\/noticiasmercedinas.com\\\/site\\\/#\\\/schema\\\/logo\\\/image\\\/\"},\"sameAs\":[\"https:\\\/\\\/www.facebook.com\\\/noticiasmercedinas\\\/\",\"https:\\\/\\\/x.com\\\/notmercedinas\",\"https:\\\/\\\/www.instagram.com\\\/noticiasmercedinas\\\/\"]},{\"@type\":\"Person\",\"@id\":\"https:\\\/\\\/noticiasmercedinas.com\\\/site\\\/#\\\/schema\\\/person\\\/84b59c099c28ff2e8b77d4ceec5d8063\",\"name\":\"NOTICIASMERCEDINAS.COM\",\"image\":{\"@type\":\"ImageObject\",\"inLanguage\":\"es\",\"@id\":\"https:\\\/\\\/secure.gravatar.com\\\/avatar\\\/4dfbf16b4d17945bfb6341b2d19043457132fcf478a5ee04f42e959fd8f5df0a?s=96&d=mm&r=g\",\"url\":\"https:\\\/\\\/secure.gravatar.com\\\/avatar\\\/4dfbf16b4d17945bfb6341b2d19043457132fcf478a5ee04f42e959fd8f5df0a?s=96&d=mm&r=g\",\"contentUrl\":\"https:\\\/\\\/secure.gravatar.com\\\/avatar\\\/4dfbf16b4d17945bfb6341b2d19043457132fcf478a5ee04f42e959fd8f5df0a?s=96&d=mm&r=g\",\"caption\":\"NOTICIASMERCEDINAS.COM\"},\"url\":\"https:\\\/\\\/noticiasmercedinas.com\\\/site\\\/author\\\/anonimo\\\/\"}]}<\/script>\n<!-- \/ Yoast SEO plugin. -->","yoast_head_json":{"title":"Abren concesionario oficial Volvo Trucks y Buses en Chivilcoy","robots":{"index":"index","follow":"follow","max-snippet":"max-snippet:-1","max-image-preview":"max-image-preview:large","max-video-preview":"max-video-preview:-1"},"canonical":"https:\/\/noticiasmercedinas.com\/site\/2021\/08\/18\/abren-concesionario-oficial-volvo-trucks-y-buses-en-chivilcoy\/","og_locale":"es_ES","og_type":"article","og_title":"Abren concesionario oficial Volvo Trucks y Buses en Chivilcoy","og_description":"\u25a0\u00a0Con la visi\u00f3n puesta en el crecimiento a mediano y largo plazo, la apertura del nuevo concesionario oficial de Sueca Veh\u00edculos Pesados permite a la marca contar con instalaciones en la ruta 5, en una zona clave de la provincia","og_url":"https:\/\/noticiasmercedinas.com\/site\/2021\/08\/18\/abren-concesionario-oficial-volvo-trucks-y-buses-en-chivilcoy\/","og_site_name":"NOTICIASMERCEDINAS.COM","article_publisher":"https:\/\/www.facebook.com\/noticiasmercedinas\/","article_published_time":"2021-08-18T19:00:57+00:00","og_image":[{"width":640,"height":394,"url":"https:\/\/noticiasmercedinas.com\/site\/wp-content\/uploads\/2021\/08\/4-1.jpg","type":"image\/jpeg"}],"author":"NOTICIASMERCEDINAS.COM","twitter_card":"summary_large_image","twitter_creator":"@notmercedinas","twitter_site":"@notmercedinas","twitter_misc":{"Escrito por":"NOTICIASMERCEDINAS.COM","Tiempo de lectura":"4 minutos"},"schema":{"@context":"https:\/\/schema.org","@graph":[{"@type":"Article","@id":"https:\/\/noticiasmercedinas.com\/site\/2021\/08\/18\/abren-concesionario-oficial-volvo-trucks-y-buses-en-chivilcoy\/#article","isPartOf":{"@id":"https:\/\/noticiasmercedinas.com\/site\/2021\/08\/18\/abren-concesionario-oficial-volvo-trucks-y-buses-en-chivilcoy\/"},"author":{"name":"NOTICIASMERCEDINAS.COM","@id":"https:\/\/noticiasmercedinas.com\/site\/#\/schema\/person\/84b59c099c28ff2e8b77d4ceec5d8063"},"headline":"Abren concesionario oficial Volvo Trucks y Buses en Chivilcoy","datePublished":"2021-08-18T19:00:57+00:00","mainEntityOfPage":{"@id":"https:\/\/noticiasmercedinas.com\/site\/2021\/08\/18\/abren-concesionario-oficial-volvo-trucks-y-buses-en-chivilcoy\/"},"wordCount":659,"commentCount":0,"publisher":{"@id":"https:\/\/noticiasmercedinas.com\/site\/#organization"},"image":{"@id":"https:\/\/noticiasmercedinas.com\/site\/2021\/08\/18\/abren-concesionario-oficial-volvo-trucks-y-buses-en-chivilcoy\/#primaryimage"},"thumbnailUrl":"https:\/\/noticiasmercedinas.com\/site\/wp-content\/uploads\/2021\/08\/4-1.jpg","keywords":["25 de mayo","9 de Julio","Alberti","Bragado","buses","Camiones","carlos casares","Chacabuco","chivilcoy","Federico R\u00edos","Gabriel Angulo","Juan Artola","Sueca","trenque lauquen","trucks","volvo","Volvo Trucks y Buses"],"articleSection":["Emprendimientos"],"inLanguage":"es","potentialAction":[{"@type":"CommentAction","name":"Comment","target":["https:\/\/noticiasmercedinas.com\/site\/2021\/08\/18\/abren-concesionario-oficial-volvo-trucks-y-buses-en-chivilcoy\/#respond"]}]},{"@type":"WebPage","@id":"https:\/\/noticiasmercedinas.com\/site\/2021\/08\/18\/abren-concesionario-oficial-volvo-trucks-y-buses-en-chivilcoy\/","url":"https:\/\/noticiasmercedinas.com\/site\/2021\/08\/18\/abren-concesionario-oficial-volvo-trucks-y-buses-en-chivilcoy\/","name":"Abren concesionario oficial Volvo Trucks y Buses en Chivilcoy","isPartOf":{"@id":"https:\/\/noticiasmercedinas.com\/site\/#website"},"primaryImageOfPage":{"@id":"https:\/\/noticiasmercedinas.com\/site\/2021\/08\/18\/abren-concesionario-oficial-volvo-trucks-y-buses-en-chivilcoy\/#primaryimage"},"image":{"@id":"https:\/\/noticiasmercedinas.com\/site\/2021\/08\/18\/abren-concesionario-oficial-volvo-trucks-y-buses-en-chivilcoy\/#primaryimage"},"thumbnailUrl":"https:\/\/noticiasmercedinas.com\/site\/wp-content\/uploads\/2021\/08\/4-1.jpg","datePublished":"2021-08-18T19:00:57+00:00","breadcrumb":{"@id":"https:\/\/noticiasmercedinas.com\/site\/2021\/08\/18\/abren-concesionario-oficial-volvo-trucks-y-buses-en-chivilcoy\/#breadcrumb"},"inLanguage":"es","potentialAction":[{"@type":"ReadAction","target":["https:\/\/noticiasmercedinas.com\/site\/2021\/08\/18\/abren-concesionario-oficial-volvo-trucks-y-buses-en-chivilcoy\/"]}]},{"@type":"ImageObject","inLanguage":"es","@id":"https:\/\/noticiasmercedinas.com\/site\/2021\/08\/18\/abren-concesionario-oficial-volvo-trucks-y-buses-en-chivilcoy\/#primaryimage","url":"https:\/\/noticiasmercedinas.com\/site\/wp-content\/uploads\/2021\/08\/4-1.jpg","contentUrl":"https:\/\/noticiasmercedinas.com\/site\/wp-content\/uploads\/2021\/08\/4-1.jpg","width":640,"height":394},{"@type":"BreadcrumbList","@id":"https:\/\/noticiasmercedinas.com\/site\/2021\/08\/18\/abren-concesionario-oficial-volvo-trucks-y-buses-en-chivilcoy\/#breadcrumb","itemListElement":[{"@type":"ListItem","position":1,"name":"Portada","item":"https:\/\/noticiasmercedinas.com\/site\/"},{"@type":"ListItem","position":2,"name":"Abren concesionario oficial Volvo Trucks y Buses en Chivilcoy"}]},{"@type":"WebSite","@id":"https:\/\/noticiasmercedinas.com\/site\/#website","url":"https:\/\/noticiasmercedinas.com\/site\/","name":"NOTICIASMERCEDINAS.COM","description":"Mercedes, Buenos Aires, Argentina","publisher":{"@id":"https:\/\/noticiasmercedinas.com\/site\/#organization"},"potentialAction":[{"@type":"SearchAction","target":{"@type":"EntryPoint","urlTemplate":"https:\/\/noticiasmercedinas.com\/site\/?s={search_term_string}"},"query-input":{"@type":"PropertyValueSpecification","valueRequired":true,"valueName":"search_term_string"}}],"inLanguage":"es"},{"@type":"Organization","@id":"https:\/\/noticiasmercedinas.com\/site\/#organization","name":"NOTICIASMERCEDINAS.COM","url":"https:\/\/noticiasmercedinas.com\/site\/","logo":{"@type":"ImageObject","inLanguage":"es","@id":"https:\/\/noticiasmercedinas.com\/site\/#\/schema\/logo\/image\/","url":"https:\/\/noticiasmercedinas.com\/site\/wp-content\/uploads\/2020\/06\/LOGO-512.jpg","contentUrl":"https:\/\/noticiasmercedinas.com\/site\/wp-content\/uploads\/2020\/06\/LOGO-512.jpg","width":512,"height":512,"caption":"NOTICIASMERCEDINAS.COM"},"image":{"@id":"https:\/\/noticiasmercedinas.com\/site\/#\/schema\/logo\/image\/"},"sameAs":["https:\/\/www.facebook.com\/noticiasmercedinas\/","https:\/\/x.com\/notmercedinas","https:\/\/www.instagram.com\/noticiasmercedinas\/"]},{"@type":"Person","@id":"https:\/\/noticiasmercedinas.com\/site\/#\/schema\/person\/84b59c099c28ff2e8b77d4ceec5d8063","name":"NOTICIASMERCEDINAS.COM","image":{"@type":"ImageObject","inLanguage":"es","@id":"https:\/\/secure.gravatar.com\/avatar\/4dfbf16b4d17945bfb6341b2d19043457132fcf478a5ee04f42e959fd8f5df0a?s=96&d=mm&r=g","url":"https:\/\/secure.gravatar.com\/avatar\/4dfbf16b4d17945bfb6341b2d19043457132fcf478a5ee04f42e959fd8f5df0a?s=96&d=mm&r=g","contentUrl":"https:\/\/secure.gravatar.com\/avatar\/4dfbf16b4d17945bfb6341b2d19043457132fcf478a5ee04f42e959fd8f5df0a?s=96&d=mm&r=g","caption":"NOTICIASMERCEDINAS.COM"},"url":"https:\/\/noticiasmercedinas.com\/site\/author\/anonimo\/"}]}},"amp_enabled":true,"_links":{"self":[{"href":"https:\/\/noticiasmercedinas.com\/site\/wp-json\/wp\/v2\/posts\/72859","targetHints":{"allow":["GET"]}}],"collection":[{"href":"https:\/\/noticiasmercedinas.com\/site\/wp-json\/wp\/v2\/posts"}],"about":[{"href":"https:\/\/noticiasmercedinas.com\/site\/wp-json\/wp\/v2\/types\/post"}],"author":[{"embeddable":true,"href":"https:\/\/noticiasmercedinas.com\/site\/wp-json\/wp\/v2\/users\/16"}],"replies":[{"embeddable":true,"href":"https:\/\/noticiasmercedinas.com\/site\/wp-json\/wp\/v2\/comments?post=72859"}],"version-history":[{"count":1,"href":"https:\/\/noticiasmercedinas.com\/site\/wp-json\/wp\/v2\/posts\/72859\/revisions"}],"predecessor-version":[{"id":72863,"href":"https:\/\/noticiasmercedinas.com\/site\/wp-json\/wp\/v2\/posts\/72859\/revisions\/72863"}],"wp:featuredmedia":[{"embeddable":true,"href":"https:\/\/noticiasmercedinas.com\/site\/wp-json\/wp\/v2\/media\/72860"}],"wp:attachment":[{"href":"https:\/\/noticiasmercedinas.com\/site\/wp-json\/wp\/v2\/media?parent=72859"}],"wp:term":[{"taxonomy":"category","embeddable":true,"href":"https:\/\/noticiasmercedinas.com\/site\/wp-json\/wp\/v2\/categories?post=72859"},{"taxonomy":"post_tag","embeddable":true,"href":"https:\/\/noticiasmercedinas.com\/site\/wp-json\/wp\/v2\/tags?post=72859"}],"curies":[{"name":"wp","href":"https:\/\/api.w.org\/{rel}","templated":true}]}}