{"id":72935,"date":"2021-08-19T21:35:47","date_gmt":"2021-08-20T00:35:47","guid":{"rendered":"https:\/\/noticiasmercedinas.com\/site\/?p=72935"},"modified":"2021-08-19T21:35:47","modified_gmt":"2021-08-20T00:35:47","slug":"sum-bioconstruido-del-penaloza-tambien-sera-sede-de-un-centro-educativo-complementario","status":"publish","type":"post","link":"https:\/\/noticiasmercedinas.com\/site\/2021\/08\/19\/sum-bioconstruido-del-penaloza-tambien-sera-sede-de-un-centro-educativo-complementario\/","title":{"rendered":"SUM bioconstruido del Pe\u00f1aloza tambi\u00e9n ser\u00e1 sede de un Centro Educativo Complementario"},"content":{"rendered":"<p><img loading=\"lazy\" decoding=\"async\" class=\"alignnone size-full wp-image-72936\" src=\"https:\/\/noticiasmercedinas.com\/site\/wp-content\/uploads\/2021\/08\/DSC01207.jpg\" alt=\"\" width=\"922\" height=\"615\" srcset=\"https:\/\/noticiasmercedinas.com\/site\/wp-content\/uploads\/2021\/08\/DSC01207.jpg 922w, https:\/\/noticiasmercedinas.com\/site\/wp-content\/uploads\/2021\/08\/DSC01207-300x200.jpg 300w, https:\/\/noticiasmercedinas.com\/site\/wp-content\/uploads\/2021\/08\/DSC01207-768x512.jpg 768w, https:\/\/noticiasmercedinas.com\/site\/wp-content\/uploads\/2021\/08\/DSC01207-640x427.jpg 640w, https:\/\/noticiasmercedinas.com\/site\/wp-content\/uploads\/2021\/08\/DSC01207-681x454.jpg 681w\" sizes=\"auto, (max-width: 922px) 100vw, 922px\" \/><\/p>\n<p>El Municipio de Mercedes a trav\u00e9s del \u00e1rea de Desarrollo Social culmin\u00f3 el primer SUM realizado con la t\u00e9cnica de bioconstrucci\u00f3n. Este nuevo y primer edificio llevado adelante de esta manera fue elaborado por el grupo de trabajo \u201cMujeres Alba\u00f1ilas\u201d. Este espacio significar\u00e1 para los vecinos del barrio un lugar de encuentro, como as\u00ed tambi\u00e9n podr\u00e1n desarrollar los diferentes programas municipales, entre ellos \u201cMercedes Aprende Unida\u201d.<\/p>\n<p>El intendente Juan Ignacio Ustarroz se hizo presente en el lugar y se\u00f1al\u00f3: \u201cQuiero felicitar a todo este gran equipo humano, esta es la primera casa de bioconstrucci\u00f3n de la ciudad de Mercedes, que comenz\u00f3 con una capacitaci\u00f3n. Fueron aprendiendo muy r\u00e1pido, trabajaron de manera muy organizada y unida, donde hoy podemos ver los resultados de ese gran trabajo\u201d.<\/p>\n<p>\u201cHan hecho una construcci\u00f3n de calidad y calidez que refleja el amor que se puso en el trabajo de todos los d\u00edas\u201d, asegur\u00f3 el intendente Ustarroz y agreg\u00f3: \u201cEstamos muy felices por los vecinos del barrio Pe\u00f1aloza, quienes no ten\u00edan un lugar propio. Ac\u00e1 va a funcionar un espacio del programa \u201cMercedes Aprende Unida\u201d donde se brindar\u00e1 apoyo escolar, por lo que para nosotros es muy importante que, en toda la ciudad, todos los barrios, existan estos lugares comunes, donde, adem\u00e1s, se puedan desarrollar estos programas municipales\u201d.<\/p>\n<blockquote><p>Las alba\u00f1ilas son Natalia Becerra, Sonia Barrionuevo, Daniela Gioia, Nora Far\u00edas Flores, Elisa Centuri\u00f3n, Anal\u00eda Maidana, Paula Ag\u00fcero, Federica Bobadilla con el acompa\u00f1amiento de Marcos Rodr\u00edguez.<\/p><\/blockquote>\n<p>Asimismo, la secretaria de Desarrollo Social, Jorgelina Silva cont\u00f3: \u201cEste ser\u00e1 el primer espacio que tendr\u00e1 el barrio Pe\u00f1aloza para que los vecinos puedan reunirse, realizando desde un cumplea\u00f1os hasta participar del apoyo escolar. Como as\u00ed tambi\u00e9n, es el primer edificio municipal construido con t\u00e9cnicas de bio-construcci\u00f3n, amigable con el ambiente, as\u00ed que es un doble orgullo\u201d y apunt\u00f3 que \u201calgunas de sus particularidades de esta construcci\u00f3n son que los pisos est\u00e1n hechos con materiales reciclados, las paredes con adobe y barro, se utilizaron ladrillos ecol\u00f3gicos, el biodigestor, la estufa, estufa pellets, donde todo tiene que ver con la sustentabilidad\u201d.<\/p>\n<p>Este grupo de trabajadoras denominadas \u201cMujeres Alba\u00f1ilas\u201d manifestaron: \u201cEsto es algo maravilloso, cuando comenzamos con este proyecto, donde ninguna ten\u00eda experiencia con esta t\u00e9cnica \u2013bioconstrucci\u00f3n&#8211; pero comenzamos a aprender, siempre unidas, buscando las formas y se pudo hacer teniendo estos resultados\u201d.<\/p>\n<p>Las alba\u00f1ilas son Natalia Becerra, Sonia Barrionuevo, Daniela Gioia, Nora Far\u00edas Flores, Elisa Centuri\u00f3n, Anal\u00eda Maidana, Paula Ag\u00fcero, Federica Bobadilla con el acompa\u00f1amiento de Marcos Rodr\u00edguez.<\/p>\n<p>Leo Jerez, el presidente del barrio Pe\u00f1aloza, agradeci\u00f3 \u201cel apoyo de los vecinos y del municipio por todo lo que han hecho, a las mujeres alba\u00f1ilas por esta hermosa construcci\u00f3n, mismo que ser\u00e1 un gran nexo entre la Municipalidad y el barrio\u201d y destac\u00f3 que \u201cnunca hemos tenido un Estado Municipal que escuche tanto a los vecinos y eso se lo agradezco al intendente y a todo su equipo\u201d.<\/p>\n<p><img loading=\"lazy\" decoding=\"async\" class=\"alignnone size-large wp-image-72937\" src=\"https:\/\/noticiasmercedinas.com\/site\/wp-content\/uploads\/2021\/08\/photo_2021-08-18_18-19-25-1024x682.jpg\" alt=\"\" width=\"640\" height=\"426\" srcset=\"https:\/\/noticiasmercedinas.com\/site\/wp-content\/uploads\/2021\/08\/photo_2021-08-18_18-19-25-1024x682.jpg 1024w, https:\/\/noticiasmercedinas.com\/site\/wp-content\/uploads\/2021\/08\/photo_2021-08-18_18-19-25-300x200.jpg 300w, https:\/\/noticiasmercedinas.com\/site\/wp-content\/uploads\/2021\/08\/photo_2021-08-18_18-19-25-768x512.jpg 768w, https:\/\/noticiasmercedinas.com\/site\/wp-content\/uploads\/2021\/08\/photo_2021-08-18_18-19-25-640x427.jpg 640w, https:\/\/noticiasmercedinas.com\/site\/wp-content\/uploads\/2021\/08\/photo_2021-08-18_18-19-25-681x454.jpg 681w, https:\/\/noticiasmercedinas.com\/site\/wp-content\/uploads\/2021\/08\/photo_2021-08-18_18-19-25.jpg 1280w\" sizes=\"auto, (max-width: 640px) 100vw, 640px\" \/><\/p>\n","protected":false},"excerpt":{"rendered":"<p>\u25a0 La obra fue llevada adelante de esta manera por el grupo de trabajo \u201cMujeres Alba\u00f1ilas\u201d. Adem\u00e1s podr\u00e1n desarrollar los diferentes programas municipales, entre ellos \u201cMercedes Aprende Unida\u201d<\/p>\n","protected":false},"author":16,"featured_media":72936,"comment_status":"open","ping_status":"open","sticky":false,"template":"","format":"standard","meta":{"footnotes":""},"categories":[3],"tags":[8530,12607,10201],"class_list":["post-72935","post","type-post","status-publish","format-standard","has-post-thumbnail","hentry","category-sociedad","tag-bioconstruccion","tag-mujeress-albanilas","tag-sum"],"yoast_head":"<!-- This site is optimized with the Yoast SEO plugin v27.5 - https:\/\/yoast.com\/product\/yoast-seo-wordpress\/ -->\n<title>SUM bioconstruido del Pe\u00f1aloza tambi\u00e9n ser\u00e1 sede de un Centro Educativo Complementario<\/title>\n<meta name=\"robots\" content=\"index, follow, max-snippet:-1, max-image-preview:large, max-video-preview:-1\" \/>\n<link rel=\"canonical\" href=\"https:\/\/noticiasmercedinas.com\/site\/2021\/08\/19\/sum-bioconstruido-del-penaloza-tambien-sera-sede-de-un-centro-educativo-complementario\/\" \/>\n<meta property=\"og:locale\" content=\"es_ES\" \/>\n<meta property=\"og:type\" content=\"article\" \/>\n<meta property=\"og:title\" content=\"SUM bioconstruido del Pe\u00f1aloza tambi\u00e9n ser\u00e1 sede de un Centro Educativo Complementario\" \/>\n<meta property=\"og:description\" content=\"\u25a0 La obra fue llevada adelante de esta manera por el grupo de trabajo \u201cMujeres Alba\u00f1ilas\u201d. Adem\u00e1s podr\u00e1n desarrollar los diferentes programas municipales, entre ellos \u201cMercedes Aprende Unida\u201d\" \/>\n<meta property=\"og:url\" content=\"https:\/\/noticiasmercedinas.com\/site\/2021\/08\/19\/sum-bioconstruido-del-penaloza-tambien-sera-sede-de-un-centro-educativo-complementario\/\" \/>\n<meta property=\"og:site_name\" content=\"NOTICIASMERCEDINAS.COM\" \/>\n<meta property=\"article:publisher\" content=\"https:\/\/www.facebook.com\/noticiasmercedinas\/\" \/>\n<meta property=\"article:published_time\" content=\"2021-08-20T00:35:47+00:00\" \/>\n<meta property=\"og:image\" content=\"https:\/\/noticiasmercedinas.com\/site\/wp-content\/uploads\/2021\/08\/DSC01207.jpg\" \/>\n\t<meta property=\"og:image:width\" content=\"922\" \/>\n\t<meta property=\"og:image:height\" content=\"615\" \/>\n\t<meta property=\"og:image:type\" content=\"image\/jpeg\" \/>\n<meta name=\"author\" content=\"NOTICIASMERCEDINAS.COM\" \/>\n<meta name=\"twitter:card\" content=\"summary_large_image\" \/>\n<meta name=\"twitter:creator\" content=\"@notmercedinas\" \/>\n<meta name=\"twitter:site\" content=\"@notmercedinas\" \/>\n<meta name=\"twitter:label1\" content=\"Escrito por\" \/>\n\t<meta name=\"twitter:data1\" content=\"NOTICIASMERCEDINAS.COM\" \/>\n\t<meta name=\"twitter:label2\" content=\"Tiempo de lectura\" \/>\n\t<meta name=\"twitter:data2\" content=\"3 minutos\" \/>\n<script type=\"application\/ld+json\" class=\"yoast-schema-graph\">{\"@context\":\"https:\\\/\\\/schema.org\",\"@graph\":[{\"@type\":\"Article\",\"@id\":\"https:\\\/\\\/noticiasmercedinas.com\\\/site\\\/2021\\\/08\\\/19\\\/sum-bioconstruido-del-penaloza-tambien-sera-sede-de-un-centro-educativo-complementario\\\/#article\",\"isPartOf\":{\"@id\":\"https:\\\/\\\/noticiasmercedinas.com\\\/site\\\/2021\\\/08\\\/19\\\/sum-bioconstruido-del-penaloza-tambien-sera-sede-de-un-centro-educativo-complementario\\\/\"},\"author\":{\"name\":\"NOTICIASMERCEDINAS.COM\",\"@id\":\"https:\\\/\\\/noticiasmercedinas.com\\\/site\\\/#\\\/schema\\\/person\\\/84b59c099c28ff2e8b77d4ceec5d8063\"},\"headline\":\"SUM bioconstruido del Pe\u00f1aloza tambi\u00e9n ser\u00e1 sede de un Centro Educativo Complementario\",\"datePublished\":\"2021-08-20T00:35:47+00:00\",\"mainEntityOfPage\":{\"@id\":\"https:\\\/\\\/noticiasmercedinas.com\\\/site\\\/2021\\\/08\\\/19\\\/sum-bioconstruido-del-penaloza-tambien-sera-sede-de-un-centro-educativo-complementario\\\/\"},\"wordCount\":532,\"commentCount\":0,\"publisher\":{\"@id\":\"https:\\\/\\\/noticiasmercedinas.com\\\/site\\\/#organization\"},\"image\":{\"@id\":\"https:\\\/\\\/noticiasmercedinas.com\\\/site\\\/2021\\\/08\\\/19\\\/sum-bioconstruido-del-penaloza-tambien-sera-sede-de-un-centro-educativo-complementario\\\/#primaryimage\"},\"thumbnailUrl\":\"https:\\\/\\\/noticiasmercedinas.com\\\/site\\\/wp-content\\\/uploads\\\/2021\\\/08\\\/DSC01207.jpg\",\"keywords\":[\"bioconstruccion\",\"mujeress alba\u00f1ilas\",\"sum\"],\"articleSection\":[\"Sociedad\"],\"inLanguage\":\"es\",\"potentialAction\":[{\"@type\":\"CommentAction\",\"name\":\"Comment\",\"target\":[\"https:\\\/\\\/noticiasmercedinas.com\\\/site\\\/2021\\\/08\\\/19\\\/sum-bioconstruido-del-penaloza-tambien-sera-sede-de-un-centro-educativo-complementario\\\/#respond\"]}]},{\"@type\":\"WebPage\",\"@id\":\"https:\\\/\\\/noticiasmercedinas.com\\\/site\\\/2021\\\/08\\\/19\\\/sum-bioconstruido-del-penaloza-tambien-sera-sede-de-un-centro-educativo-complementario\\\/\",\"url\":\"https:\\\/\\\/noticiasmercedinas.com\\\/site\\\/2021\\\/08\\\/19\\\/sum-bioconstruido-del-penaloza-tambien-sera-sede-de-un-centro-educativo-complementario\\\/\",\"name\":\"SUM bioconstruido del Pe\u00f1aloza tambi\u00e9n ser\u00e1 sede de un Centro Educativo Complementario\",\"isPartOf\":{\"@id\":\"https:\\\/\\\/noticiasmercedinas.com\\\/site\\\/#website\"},\"primaryImageOfPage\":{\"@id\":\"https:\\\/\\\/noticiasmercedinas.com\\\/site\\\/2021\\\/08\\\/19\\\/sum-bioconstruido-del-penaloza-tambien-sera-sede-de-un-centro-educativo-complementario\\\/#primaryimage\"},\"image\":{\"@id\":\"https:\\\/\\\/noticiasmercedinas.com\\\/site\\\/2021\\\/08\\\/19\\\/sum-bioconstruido-del-penaloza-tambien-sera-sede-de-un-centro-educativo-complementario\\\/#primaryimage\"},\"thumbnailUrl\":\"https:\\\/\\\/noticiasmercedinas.com\\\/site\\\/wp-content\\\/uploads\\\/2021\\\/08\\\/DSC01207.jpg\",\"datePublished\":\"2021-08-20T00:35:47+00:00\",\"breadcrumb\":{\"@id\":\"https:\\\/\\\/noticiasmercedinas.com\\\/site\\\/2021\\\/08\\\/19\\\/sum-bioconstruido-del-penaloza-tambien-sera-sede-de-un-centro-educativo-complementario\\\/#breadcrumb\"},\"inLanguage\":\"es\",\"potentialAction\":[{\"@type\":\"ReadAction\",\"target\":[\"https:\\\/\\\/noticiasmercedinas.com\\\/site\\\/2021\\\/08\\\/19\\\/sum-bioconstruido-del-penaloza-tambien-sera-sede-de-un-centro-educativo-complementario\\\/\"]}]},{\"@type\":\"ImageObject\",\"inLanguage\":\"es\",\"@id\":\"https:\\\/\\\/noticiasmercedinas.com\\\/site\\\/2021\\\/08\\\/19\\\/sum-bioconstruido-del-penaloza-tambien-sera-sede-de-un-centro-educativo-complementario\\\/#primaryimage\",\"url\":\"https:\\\/\\\/noticiasmercedinas.com\\\/site\\\/wp-content\\\/uploads\\\/2021\\\/08\\\/DSC01207.jpg\",\"contentUrl\":\"https:\\\/\\\/noticiasmercedinas.com\\\/site\\\/wp-content\\\/uploads\\\/2021\\\/08\\\/DSC01207.jpg\",\"width\":922,\"height\":615},{\"@type\":\"BreadcrumbList\",\"@id\":\"https:\\\/\\\/noticiasmercedinas.com\\\/site\\\/2021\\\/08\\\/19\\\/sum-bioconstruido-del-penaloza-tambien-sera-sede-de-un-centro-educativo-complementario\\\/#breadcrumb\",\"itemListElement\":[{\"@type\":\"ListItem\",\"position\":1,\"name\":\"Portada\",\"item\":\"https:\\\/\\\/noticiasmercedinas.com\\\/site\\\/\"},{\"@type\":\"ListItem\",\"position\":2,\"name\":\"SUM bioconstruido del Pe\u00f1aloza tambi\u00e9n ser\u00e1 sede de un Centro Educativo Complementario\"}]},{\"@type\":\"WebSite\",\"@id\":\"https:\\\/\\\/noticiasmercedinas.com\\\/site\\\/#website\",\"url\":\"https:\\\/\\\/noticiasmercedinas.com\\\/site\\\/\",\"name\":\"NOTICIASMERCEDINAS.COM\",\"description\":\"Mercedes, Buenos Aires, Argentina\",\"publisher\":{\"@id\":\"https:\\\/\\\/noticiasmercedinas.com\\\/site\\\/#organization\"},\"potentialAction\":[{\"@type\":\"SearchAction\",\"target\":{\"@type\":\"EntryPoint\",\"urlTemplate\":\"https:\\\/\\\/noticiasmercedinas.com\\\/site\\\/?s={search_term_string}\"},\"query-input\":{\"@type\":\"PropertyValueSpecification\",\"valueRequired\":true,\"valueName\":\"search_term_string\"}}],\"inLanguage\":\"es\"},{\"@type\":\"Organization\",\"@id\":\"https:\\\/\\\/noticiasmercedinas.com\\\/site\\\/#organization\",\"name\":\"NOTICIASMERCEDINAS.COM\",\"url\":\"https:\\\/\\\/noticiasmercedinas.com\\\/site\\\/\",\"logo\":{\"@type\":\"ImageObject\",\"inLanguage\":\"es\",\"@id\":\"https:\\\/\\\/noticiasmercedinas.com\\\/site\\\/#\\\/schema\\\/logo\\\/image\\\/\",\"url\":\"https:\\\/\\\/noticiasmercedinas.com\\\/site\\\/wp-content\\\/uploads\\\/2020\\\/06\\\/LOGO-512.jpg\",\"contentUrl\":\"https:\\\/\\\/noticiasmercedinas.com\\\/site\\\/wp-content\\\/uploads\\\/2020\\\/06\\\/LOGO-512.jpg\",\"width\":512,\"height\":512,\"caption\":\"NOTICIASMERCEDINAS.COM\"},\"image\":{\"@id\":\"https:\\\/\\\/noticiasmercedinas.com\\\/site\\\/#\\\/schema\\\/logo\\\/image\\\/\"},\"sameAs\":[\"https:\\\/\\\/www.facebook.com\\\/noticiasmercedinas\\\/\",\"https:\\\/\\\/x.com\\\/notmercedinas\",\"https:\\\/\\\/www.instagram.com\\\/noticiasmercedinas\\\/\"]},{\"@type\":\"Person\",\"@id\":\"https:\\\/\\\/noticiasmercedinas.com\\\/site\\\/#\\\/schema\\\/person\\\/84b59c099c28ff2e8b77d4ceec5d8063\",\"name\":\"NOTICIASMERCEDINAS.COM\",\"image\":{\"@type\":\"ImageObject\",\"inLanguage\":\"es\",\"@id\":\"https:\\\/\\\/secure.gravatar.com\\\/avatar\\\/4dfbf16b4d17945bfb6341b2d19043457132fcf478a5ee04f42e959fd8f5df0a?s=96&d=mm&r=g\",\"url\":\"https:\\\/\\\/secure.gravatar.com\\\/avatar\\\/4dfbf16b4d17945bfb6341b2d19043457132fcf478a5ee04f42e959fd8f5df0a?s=96&d=mm&r=g\",\"contentUrl\":\"https:\\\/\\\/secure.gravatar.com\\\/avatar\\\/4dfbf16b4d17945bfb6341b2d19043457132fcf478a5ee04f42e959fd8f5df0a?s=96&d=mm&r=g\",\"caption\":\"NOTICIASMERCEDINAS.COM\"},\"url\":\"https:\\\/\\\/noticiasmercedinas.com\\\/site\\\/author\\\/anonimo\\\/\"}]}<\/script>\n<!-- \/ Yoast SEO plugin. -->","yoast_head_json":{"title":"SUM bioconstruido del Pe\u00f1aloza tambi\u00e9n ser\u00e1 sede de un Centro Educativo Complementario","robots":{"index":"index","follow":"follow","max-snippet":"max-snippet:-1","max-image-preview":"max-image-preview:large","max-video-preview":"max-video-preview:-1"},"canonical":"https:\/\/noticiasmercedinas.com\/site\/2021\/08\/19\/sum-bioconstruido-del-penaloza-tambien-sera-sede-de-un-centro-educativo-complementario\/","og_locale":"es_ES","og_type":"article","og_title":"SUM bioconstruido del Pe\u00f1aloza tambi\u00e9n ser\u00e1 sede de un Centro Educativo Complementario","og_description":"\u25a0 La obra fue llevada adelante de esta manera por el grupo de trabajo \u201cMujeres Alba\u00f1ilas\u201d. Adem\u00e1s podr\u00e1n desarrollar los diferentes programas municipales, entre ellos \u201cMercedes Aprende Unida\u201d","og_url":"https:\/\/noticiasmercedinas.com\/site\/2021\/08\/19\/sum-bioconstruido-del-penaloza-tambien-sera-sede-de-un-centro-educativo-complementario\/","og_site_name":"NOTICIASMERCEDINAS.COM","article_publisher":"https:\/\/www.facebook.com\/noticiasmercedinas\/","article_published_time":"2021-08-20T00:35:47+00:00","og_image":[{"width":922,"height":615,"url":"https:\/\/noticiasmercedinas.com\/site\/wp-content\/uploads\/2021\/08\/DSC01207.jpg","type":"image\/jpeg"}],"author":"NOTICIASMERCEDINAS.COM","twitter_card":"summary_large_image","twitter_creator":"@notmercedinas","twitter_site":"@notmercedinas","twitter_misc":{"Escrito por":"NOTICIASMERCEDINAS.COM","Tiempo de lectura":"3 minutos"},"schema":{"@context":"https:\/\/schema.org","@graph":[{"@type":"Article","@id":"https:\/\/noticiasmercedinas.com\/site\/2021\/08\/19\/sum-bioconstruido-del-penaloza-tambien-sera-sede-de-un-centro-educativo-complementario\/#article","isPartOf":{"@id":"https:\/\/noticiasmercedinas.com\/site\/2021\/08\/19\/sum-bioconstruido-del-penaloza-tambien-sera-sede-de-un-centro-educativo-complementario\/"},"author":{"name":"NOTICIASMERCEDINAS.COM","@id":"https:\/\/noticiasmercedinas.com\/site\/#\/schema\/person\/84b59c099c28ff2e8b77d4ceec5d8063"},"headline":"SUM bioconstruido del Pe\u00f1aloza tambi\u00e9n ser\u00e1 sede de un Centro Educativo Complementario","datePublished":"2021-08-20T00:35:47+00:00","mainEntityOfPage":{"@id":"https:\/\/noticiasmercedinas.com\/site\/2021\/08\/19\/sum-bioconstruido-del-penaloza-tambien-sera-sede-de-un-centro-educativo-complementario\/"},"wordCount":532,"commentCount":0,"publisher":{"@id":"https:\/\/noticiasmercedinas.com\/site\/#organization"},"image":{"@id":"https:\/\/noticiasmercedinas.com\/site\/2021\/08\/19\/sum-bioconstruido-del-penaloza-tambien-sera-sede-de-un-centro-educativo-complementario\/#primaryimage"},"thumbnailUrl":"https:\/\/noticiasmercedinas.com\/site\/wp-content\/uploads\/2021\/08\/DSC01207.jpg","keywords":["bioconstruccion","mujeress alba\u00f1ilas","sum"],"articleSection":["Sociedad"],"inLanguage":"es","potentialAction":[{"@type":"CommentAction","name":"Comment","target":["https:\/\/noticiasmercedinas.com\/site\/2021\/08\/19\/sum-bioconstruido-del-penaloza-tambien-sera-sede-de-un-centro-educativo-complementario\/#respond"]}]},{"@type":"WebPage","@id":"https:\/\/noticiasmercedinas.com\/site\/2021\/08\/19\/sum-bioconstruido-del-penaloza-tambien-sera-sede-de-un-centro-educativo-complementario\/","url":"https:\/\/noticiasmercedinas.com\/site\/2021\/08\/19\/sum-bioconstruido-del-penaloza-tambien-sera-sede-de-un-centro-educativo-complementario\/","name":"SUM bioconstruido del Pe\u00f1aloza tambi\u00e9n ser\u00e1 sede de un Centro Educativo Complementario","isPartOf":{"@id":"https:\/\/noticiasmercedinas.com\/site\/#website"},"primaryImageOfPage":{"@id":"https:\/\/noticiasmercedinas.com\/site\/2021\/08\/19\/sum-bioconstruido-del-penaloza-tambien-sera-sede-de-un-centro-educativo-complementario\/#primaryimage"},"image":{"@id":"https:\/\/noticiasmercedinas.com\/site\/2021\/08\/19\/sum-bioconstruido-del-penaloza-tambien-sera-sede-de-un-centro-educativo-complementario\/#primaryimage"},"thumbnailUrl":"https:\/\/noticiasmercedinas.com\/site\/wp-content\/uploads\/2021\/08\/DSC01207.jpg","datePublished":"2021-08-20T00:35:47+00:00","breadcrumb":{"@id":"https:\/\/noticiasmercedinas.com\/site\/2021\/08\/19\/sum-bioconstruido-del-penaloza-tambien-sera-sede-de-un-centro-educativo-complementario\/#breadcrumb"},"inLanguage":"es","potentialAction":[{"@type":"ReadAction","target":["https:\/\/noticiasmercedinas.com\/site\/2021\/08\/19\/sum-bioconstruido-del-penaloza-tambien-sera-sede-de-un-centro-educativo-complementario\/"]}]},{"@type":"ImageObject","inLanguage":"es","@id":"https:\/\/noticiasmercedinas.com\/site\/2021\/08\/19\/sum-bioconstruido-del-penaloza-tambien-sera-sede-de-un-centro-educativo-complementario\/#primaryimage","url":"https:\/\/noticiasmercedinas.com\/site\/wp-content\/uploads\/2021\/08\/DSC01207.jpg","contentUrl":"https:\/\/noticiasmercedinas.com\/site\/wp-content\/uploads\/2021\/08\/DSC01207.jpg","width":922,"height":615},{"@type":"BreadcrumbList","@id":"https:\/\/noticiasmercedinas.com\/site\/2021\/08\/19\/sum-bioconstruido-del-penaloza-tambien-sera-sede-de-un-centro-educativo-complementario\/#breadcrumb","itemListElement":[{"@type":"ListItem","position":1,"name":"Portada","item":"https:\/\/noticiasmercedinas.com\/site\/"},{"@type":"ListItem","position":2,"name":"SUM bioconstruido del Pe\u00f1aloza tambi\u00e9n ser\u00e1 sede de un Centro Educativo Complementario"}]},{"@type":"WebSite","@id":"https:\/\/noticiasmercedinas.com\/site\/#website","url":"https:\/\/noticiasmercedinas.com\/site\/","name":"NOTICIASMERCEDINAS.COM","description":"Mercedes, Buenos Aires, Argentina","publisher":{"@id":"https:\/\/noticiasmercedinas.com\/site\/#organization"},"potentialAction":[{"@type":"SearchAction","target":{"@type":"EntryPoint","urlTemplate":"https:\/\/noticiasmercedinas.com\/site\/?s={search_term_string}"},"query-input":{"@type":"PropertyValueSpecification","valueRequired":true,"valueName":"search_term_string"}}],"inLanguage":"es"},{"@type":"Organization","@id":"https:\/\/noticiasmercedinas.com\/site\/#organization","name":"NOTICIASMERCEDINAS.COM","url":"https:\/\/noticiasmercedinas.com\/site\/","logo":{"@type":"ImageObject","inLanguage":"es","@id":"https:\/\/noticiasmercedinas.com\/site\/#\/schema\/logo\/image\/","url":"https:\/\/noticiasmercedinas.com\/site\/wp-content\/uploads\/2020\/06\/LOGO-512.jpg","contentUrl":"https:\/\/noticiasmercedinas.com\/site\/wp-content\/uploads\/2020\/06\/LOGO-512.jpg","width":512,"height":512,"caption":"NOTICIASMERCEDINAS.COM"},"image":{"@id":"https:\/\/noticiasmercedinas.com\/site\/#\/schema\/logo\/image\/"},"sameAs":["https:\/\/www.facebook.com\/noticiasmercedinas\/","https:\/\/x.com\/notmercedinas","https:\/\/www.instagram.com\/noticiasmercedinas\/"]},{"@type":"Person","@id":"https:\/\/noticiasmercedinas.com\/site\/#\/schema\/person\/84b59c099c28ff2e8b77d4ceec5d8063","name":"NOTICIASMERCEDINAS.COM","image":{"@type":"ImageObject","inLanguage":"es","@id":"https:\/\/secure.gravatar.com\/avatar\/4dfbf16b4d17945bfb6341b2d19043457132fcf478a5ee04f42e959fd8f5df0a?s=96&d=mm&r=g","url":"https:\/\/secure.gravatar.com\/avatar\/4dfbf16b4d17945bfb6341b2d19043457132fcf478a5ee04f42e959fd8f5df0a?s=96&d=mm&r=g","contentUrl":"https:\/\/secure.gravatar.com\/avatar\/4dfbf16b4d17945bfb6341b2d19043457132fcf478a5ee04f42e959fd8f5df0a?s=96&d=mm&r=g","caption":"NOTICIASMERCEDINAS.COM"},"url":"https:\/\/noticiasmercedinas.com\/site\/author\/anonimo\/"}]}},"amp_enabled":true,"_links":{"self":[{"href":"https:\/\/noticiasmercedinas.com\/site\/wp-json\/wp\/v2\/posts\/72935","targetHints":{"allow":["GET"]}}],"collection":[{"href":"https:\/\/noticiasmercedinas.com\/site\/wp-json\/wp\/v2\/posts"}],"about":[{"href":"https:\/\/noticiasmercedinas.com\/site\/wp-json\/wp\/v2\/types\/post"}],"author":[{"embeddable":true,"href":"https:\/\/noticiasmercedinas.com\/site\/wp-json\/wp\/v2\/users\/16"}],"replies":[{"embeddable":true,"href":"https:\/\/noticiasmercedinas.com\/site\/wp-json\/wp\/v2\/comments?post=72935"}],"version-history":[{"count":1,"href":"https:\/\/noticiasmercedinas.com\/site\/wp-json\/wp\/v2\/posts\/72935\/revisions"}],"predecessor-version":[{"id":72938,"href":"https:\/\/noticiasmercedinas.com\/site\/wp-json\/wp\/v2\/posts\/72935\/revisions\/72938"}],"wp:featuredmedia":[{"embeddable":true,"href":"https:\/\/noticiasmercedinas.com\/site\/wp-json\/wp\/v2\/media\/72936"}],"wp:attachment":[{"href":"https:\/\/noticiasmercedinas.com\/site\/wp-json\/wp\/v2\/media?parent=72935"}],"wp:term":[{"taxonomy":"category","embeddable":true,"href":"https:\/\/noticiasmercedinas.com\/site\/wp-json\/wp\/v2\/categories?post=72935"},{"taxonomy":"post_tag","embeddable":true,"href":"https:\/\/noticiasmercedinas.com\/site\/wp-json\/wp\/v2\/tags?post=72935"}],"curies":[{"name":"wp","href":"https:\/\/api.w.org\/{rel}","templated":true}]}}