{"id":7309,"date":"2018-11-21T08:11:18","date_gmt":"2018-11-21T11:11:18","guid":{"rendered":"https:\/\/noticiasmercedinas.com\/site\/?p=7309"},"modified":"2018-11-21T08:11:18","modified_gmt":"2018-11-21T11:11:18","slug":"invitan-a-una-nueva-noche-de-los-museos","status":"publish","type":"post","link":"https:\/\/noticiasmercedinas.com\/site\/2018\/11\/21\/invitan-a-una-nueva-noche-de-los-museos\/","title":{"rendered":"Invitan a una nueva Noche de los Museos"},"content":{"rendered":"<p><img loading=\"lazy\" decoding=\"async\" class=\"alignnone size-full wp-image-7310\" src=\"https:\/\/noticiasmercedinas.com\/site\/wp-content\/uploads\/2018\/11\/46485304_780842318917131_1717623035885780992_n.jpg\" alt=\"\" width=\"679\" height=\"960\" srcset=\"https:\/\/noticiasmercedinas.com\/site\/wp-content\/uploads\/2018\/11\/46485304_780842318917131_1717623035885780992_n.jpg 679w, https:\/\/noticiasmercedinas.com\/site\/wp-content\/uploads\/2018\/11\/46485304_780842318917131_1717623035885780992_n-212x300.jpg 212w, https:\/\/noticiasmercedinas.com\/site\/wp-content\/uploads\/2018\/11\/46485304_780842318917131_1717623035885780992_n-640x905.jpg 640w\" sizes=\"auto, (max-width: 679px) 100vw, 679px\" \/><\/p>\n<p>Se viene una nueva \u201cNoche de los Museos\u201d, una propuesta para toda la familia. La Direcci\u00f3n de Cultura invita a ser parte de los distintos atractivos que tendr\u00e1n entrada libre y gratuita. Ser\u00e1 el pr\u00f3ximo s\u00e1bado 24 con actividades en los distintos complejos culturales de la ciudad.<\/p>\n<p>En el Museo Municipal de Ciencias naturales \u201cCarlos Ameghino\u201d y Museo Hist\u00f3rico Municipal \u201cDr. V\u00edctor M\u00edguez\u201d presentan \u201cManifestaciones y creencias\u201d<\/p>\n<p>A las 20.00 horas el Museo Ameghino tendr\u00e1 \u201cReno<span class=\"text_exposed_show\">vaci\u00f3n Sala de Arqueolog\u00eda: Urna Santamariana, ajuares y ofrendas funerarias\u201d con una visita guiada. Habr\u00e1 tambi\u00e9n \u201cDanza Caporal: ritmo folcl\u00f3rico boliviano del grupo \u201cUni\u00f3n caporal\u201d<\/span><\/p>\n<div class=\"text_exposed_show\">\n<p>A las 21 horas el Museo Miguez presentar\u00e1 una charla a cargo de Bozidar Darko Sustercic sobre Arte jesu\u00edtico &#8211; guaran\u00ed con la talla San Juan Bautista S XVIII, siendo patrimonio del museo. Habr\u00e1 adem\u00e1s m\u00fasica barroca con Manuel Maturo en Armonio y Cristian Lam\u00f3nica en flauta traversa<\/p>\n<p>A las 22.30 horas la cita ser\u00e1 en el Museo de Arte Municipalidad de Mercedes donde se invita a un recorrido donde la luz ser\u00e1 la protagonista, siendo algo distinto y novedoso. La actividad se desplegar\u00e1 en la Sala A \u2013 \u201cHaZ Tu LUZ\u201d con paseo l\u00fadico e interactivo y una colecci\u00f3n permanente<\/p>\n<p>A su vez en el mismo museo en la Sala B \u2013 \u201cLUZ\u00eda\u201d la importancia de la conservaci\u00f3n de los espacios culturales e instalaciones 2018 ser\u00e1 otra de las propuestas mientras que se podr\u00e1 disfrutar en Salas C y D de \u201cEl viaje de las LUZi\u00e9rnagas\u201d. Un paseo vertiginoso para so\u00f1ar, vivir y experimentar. Los espacios estar\u00e1n abiertos a partir de las 19.30 para quienes deseen iniciar su recorrida con antelaci\u00f3n.<\/p>\n<p>Una vez m\u00e1s, las actividades fomentadas desde la Municipalidad de Mercedes buscan crear atractivos para las familias de la ciudad, con la b\u00fasqueda del encuentro y el entretenimiento, de manea libre, p\u00fablica y gratuita, destac\u00f3 Marcela Brown, coordinadora de los museos de la ciudad.<\/p>\n<\/div>\n","protected":false},"excerpt":{"rendered":"<p>Se viene una nueva \u201cNoche de los Museos\u201d, una propuesta para toda la familia. La Direcci\u00f3n de Cultura invita a ser parte de los distintos atractivos que tendr\u00e1n entrada libre y gratuita. Ser\u00e1 el pr\u00f3ximo s\u00e1bado 24 con actividades en los distintos complejos culturales de la ciudad. En el Museo Municipal de Ciencias naturales \u201cCarlos [&hellip;]<\/p>\n","protected":false},"author":2,"featured_media":7310,"comment_status":"open","ping_status":"open","sticky":false,"template":"","format":"standard","meta":{"footnotes":""},"categories":[4],"tags":[87,1008,2189],"class_list":["post-7309","post","type-post","status-publish","format-standard","has-post-thumbnail","hentry","category-cultura","tag-museo-de-arte","tag-museo-historico-victor-miguez","tag-noche-de-los-museos"],"yoast_head":"<!-- This site is optimized with the Yoast SEO plugin v27.5 - https:\/\/yoast.com\/product\/yoast-seo-wordpress\/ -->\n<title>Invitan a una nueva Noche de los Museos<\/title>\n<meta name=\"robots\" content=\"index, follow, max-snippet:-1, max-image-preview:large, max-video-preview:-1\" \/>\n<link rel=\"canonical\" href=\"https:\/\/noticiasmercedinas.com\/site\/2018\/11\/21\/invitan-a-una-nueva-noche-de-los-museos\/\" \/>\n<meta property=\"og:locale\" content=\"es_ES\" \/>\n<meta property=\"og:type\" content=\"article\" \/>\n<meta property=\"og:title\" content=\"Invitan a una nueva Noche de los Museos\" \/>\n<meta property=\"og:description\" content=\"Se viene una nueva \u201cNoche de los Museos\u201d, una propuesta para toda la familia. La Direcci\u00f3n de Cultura invita a ser parte de los distintos atractivos que tendr\u00e1n entrada libre y gratuita. Ser\u00e1 el pr\u00f3ximo s\u00e1bado 24 con actividades en los distintos complejos culturales de la ciudad. En el Museo Municipal de Ciencias naturales \u201cCarlos [&hellip;]\" \/>\n<meta property=\"og:url\" content=\"https:\/\/noticiasmercedinas.com\/site\/2018\/11\/21\/invitan-a-una-nueva-noche-de-los-museos\/\" \/>\n<meta property=\"og:site_name\" content=\"NOTICIASMERCEDINAS.COM\" \/>\n<meta property=\"article:publisher\" content=\"https:\/\/www.facebook.com\/noticiasmercedinas\/\" \/>\n<meta property=\"article:author\" content=\"https:\/\/www.facebook.com\/cristian.falabella\" \/>\n<meta property=\"article:published_time\" content=\"2018-11-21T11:11:18+00:00\" \/>\n<meta property=\"og:image\" content=\"https:\/\/noticiasmercedinas.com\/site\/wp-content\/uploads\/2018\/11\/46485304_780842318917131_1717623035885780992_n.jpg\" \/>\n\t<meta property=\"og:image:width\" content=\"679\" \/>\n\t<meta property=\"og:image:height\" content=\"960\" \/>\n\t<meta property=\"og:image:type\" content=\"image\/jpeg\" \/>\n<meta name=\"author\" content=\"Cristian Falabella NOTICIASMERCEDINAS.COM\" \/>\n<meta name=\"twitter:card\" content=\"summary_large_image\" \/>\n<meta name=\"twitter:creator\" content=\"@https:\/\/twitter.com\/NOTMERCEDINAS\" \/>\n<meta name=\"twitter:site\" content=\"@notmercedinas\" \/>\n<meta name=\"twitter:label1\" content=\"Escrito por\" \/>\n\t<meta name=\"twitter:data1\" content=\"Cristian Falabella NOTICIASMERCEDINAS.COM\" \/>\n\t<meta name=\"twitter:label2\" content=\"Tiempo de lectura\" \/>\n\t<meta name=\"twitter:data2\" content=\"2 minutos\" \/>\n<script type=\"application\/ld+json\" class=\"yoast-schema-graph\">{\"@context\":\"https:\\\/\\\/schema.org\",\"@graph\":[{\"@type\":\"Article\",\"@id\":\"https:\\\/\\\/noticiasmercedinas.com\\\/site\\\/2018\\\/11\\\/21\\\/invitan-a-una-nueva-noche-de-los-museos\\\/#article\",\"isPartOf\":{\"@id\":\"https:\\\/\\\/noticiasmercedinas.com\\\/site\\\/2018\\\/11\\\/21\\\/invitan-a-una-nueva-noche-de-los-museos\\\/\"},\"author\":{\"name\":\"Cristian Falabella NOTICIASMERCEDINAS.COM\",\"@id\":\"https:\\\/\\\/noticiasmercedinas.com\\\/site\\\/#\\\/schema\\\/person\\\/d481a9696a5feaec13a60e2bbd991a6a\"},\"headline\":\"Invitan a una nueva Noche de los Museos\",\"datePublished\":\"2018-11-21T11:11:18+00:00\",\"mainEntityOfPage\":{\"@id\":\"https:\\\/\\\/noticiasmercedinas.com\\\/site\\\/2018\\\/11\\\/21\\\/invitan-a-una-nueva-noche-de-los-museos\\\/\"},\"wordCount\":343,\"commentCount\":0,\"publisher\":{\"@id\":\"https:\\\/\\\/noticiasmercedinas.com\\\/site\\\/#organization\"},\"image\":{\"@id\":\"https:\\\/\\\/noticiasmercedinas.com\\\/site\\\/2018\\\/11\\\/21\\\/invitan-a-una-nueva-noche-de-los-museos\\\/#primaryimage\"},\"thumbnailUrl\":\"https:\\\/\\\/noticiasmercedinas.com\\\/site\\\/wp-content\\\/uploads\\\/2018\\\/11\\\/46485304_780842318917131_1717623035885780992_n.jpg\",\"keywords\":[\"museo de arte\",\"Museo Hist\u00f3rico Victor Miguez\",\"noche de los museos\"],\"articleSection\":[\"Cultura\"],\"inLanguage\":\"es\",\"potentialAction\":[{\"@type\":\"CommentAction\",\"name\":\"Comment\",\"target\":[\"https:\\\/\\\/noticiasmercedinas.com\\\/site\\\/2018\\\/11\\\/21\\\/invitan-a-una-nueva-noche-de-los-museos\\\/#respond\"]}]},{\"@type\":\"WebPage\",\"@id\":\"https:\\\/\\\/noticiasmercedinas.com\\\/site\\\/2018\\\/11\\\/21\\\/invitan-a-una-nueva-noche-de-los-museos\\\/\",\"url\":\"https:\\\/\\\/noticiasmercedinas.com\\\/site\\\/2018\\\/11\\\/21\\\/invitan-a-una-nueva-noche-de-los-museos\\\/\",\"name\":\"Invitan a una nueva Noche de los Museos\",\"isPartOf\":{\"@id\":\"https:\\\/\\\/noticiasmercedinas.com\\\/site\\\/#website\"},\"primaryImageOfPage\":{\"@id\":\"https:\\\/\\\/noticiasmercedinas.com\\\/site\\\/2018\\\/11\\\/21\\\/invitan-a-una-nueva-noche-de-los-museos\\\/#primaryimage\"},\"image\":{\"@id\":\"https:\\\/\\\/noticiasmercedinas.com\\\/site\\\/2018\\\/11\\\/21\\\/invitan-a-una-nueva-noche-de-los-museos\\\/#primaryimage\"},\"thumbnailUrl\":\"https:\\\/\\\/noticiasmercedinas.com\\\/site\\\/wp-content\\\/uploads\\\/2018\\\/11\\\/46485304_780842318917131_1717623035885780992_n.jpg\",\"datePublished\":\"2018-11-21T11:11:18+00:00\",\"breadcrumb\":{\"@id\":\"https:\\\/\\\/noticiasmercedinas.com\\\/site\\\/2018\\\/11\\\/21\\\/invitan-a-una-nueva-noche-de-los-museos\\\/#breadcrumb\"},\"inLanguage\":\"es\",\"potentialAction\":[{\"@type\":\"ReadAction\",\"target\":[\"https:\\\/\\\/noticiasmercedinas.com\\\/site\\\/2018\\\/11\\\/21\\\/invitan-a-una-nueva-noche-de-los-museos\\\/\"]}]},{\"@type\":\"ImageObject\",\"inLanguage\":\"es\",\"@id\":\"https:\\\/\\\/noticiasmercedinas.com\\\/site\\\/2018\\\/11\\\/21\\\/invitan-a-una-nueva-noche-de-los-museos\\\/#primaryimage\",\"url\":\"https:\\\/\\\/noticiasmercedinas.com\\\/site\\\/wp-content\\\/uploads\\\/2018\\\/11\\\/46485304_780842318917131_1717623035885780992_n.jpg\",\"contentUrl\":\"https:\\\/\\\/noticiasmercedinas.com\\\/site\\\/wp-content\\\/uploads\\\/2018\\\/11\\\/46485304_780842318917131_1717623035885780992_n.jpg\",\"width\":679,\"height\":960},{\"@type\":\"BreadcrumbList\",\"@id\":\"https:\\\/\\\/noticiasmercedinas.com\\\/site\\\/2018\\\/11\\\/21\\\/invitan-a-una-nueva-noche-de-los-museos\\\/#breadcrumb\",\"itemListElement\":[{\"@type\":\"ListItem\",\"position\":1,\"name\":\"Portada\",\"item\":\"https:\\\/\\\/noticiasmercedinas.com\\\/site\\\/\"},{\"@type\":\"ListItem\",\"position\":2,\"name\":\"Invitan a una nueva Noche de los Museos\"}]},{\"@type\":\"WebSite\",\"@id\":\"https:\\\/\\\/noticiasmercedinas.com\\\/site\\\/#website\",\"url\":\"https:\\\/\\\/noticiasmercedinas.com\\\/site\\\/\",\"name\":\"NOTICIASMERCEDINAS.COM\",\"description\":\"Mercedes, Buenos Aires, Argentina\",\"publisher\":{\"@id\":\"https:\\\/\\\/noticiasmercedinas.com\\\/site\\\/#organization\"},\"potentialAction\":[{\"@type\":\"SearchAction\",\"target\":{\"@type\":\"EntryPoint\",\"urlTemplate\":\"https:\\\/\\\/noticiasmercedinas.com\\\/site\\\/?s={search_term_string}\"},\"query-input\":{\"@type\":\"PropertyValueSpecification\",\"valueRequired\":true,\"valueName\":\"search_term_string\"}}],\"inLanguage\":\"es\"},{\"@type\":\"Organization\",\"@id\":\"https:\\\/\\\/noticiasmercedinas.com\\\/site\\\/#organization\",\"name\":\"NOTICIASMERCEDINAS.COM\",\"url\":\"https:\\\/\\\/noticiasmercedinas.com\\\/site\\\/\",\"logo\":{\"@type\":\"ImageObject\",\"inLanguage\":\"es\",\"@id\":\"https:\\\/\\\/noticiasmercedinas.com\\\/site\\\/#\\\/schema\\\/logo\\\/image\\\/\",\"url\":\"https:\\\/\\\/noticiasmercedinas.com\\\/site\\\/wp-content\\\/uploads\\\/2020\\\/06\\\/LOGO-512.jpg\",\"contentUrl\":\"https:\\\/\\\/noticiasmercedinas.com\\\/site\\\/wp-content\\\/uploads\\\/2020\\\/06\\\/LOGO-512.jpg\",\"width\":512,\"height\":512,\"caption\":\"NOTICIASMERCEDINAS.COM\"},\"image\":{\"@id\":\"https:\\\/\\\/noticiasmercedinas.com\\\/site\\\/#\\\/schema\\\/logo\\\/image\\\/\"},\"sameAs\":[\"https:\\\/\\\/www.facebook.com\\\/noticiasmercedinas\\\/\",\"https:\\\/\\\/x.com\\\/notmercedinas\",\"https:\\\/\\\/www.instagram.com\\\/noticiasmercedinas\\\/\"]},{\"@type\":\"Person\",\"@id\":\"https:\\\/\\\/noticiasmercedinas.com\\\/site\\\/#\\\/schema\\\/person\\\/d481a9696a5feaec13a60e2bbd991a6a\",\"name\":\"Cristian Falabella NOTICIASMERCEDINAS.COM\",\"image\":{\"@type\":\"ImageObject\",\"inLanguage\":\"es\",\"@id\":\"https:\\\/\\\/secure.gravatar.com\\\/avatar\\\/0dbbfc45970cc46bcd0e57766228574ff3511d6eed045b182f536f0f478c1f06?s=96&d=mm&r=g\",\"url\":\"https:\\\/\\\/secure.gravatar.com\\\/avatar\\\/0dbbfc45970cc46bcd0e57766228574ff3511d6eed045b182f536f0f478c1f06?s=96&d=mm&r=g\",\"contentUrl\":\"https:\\\/\\\/secure.gravatar.com\\\/avatar\\\/0dbbfc45970cc46bcd0e57766228574ff3511d6eed045b182f536f0f478c1f06?s=96&d=mm&r=g\",\"caption\":\"Cristian Falabella NOTICIASMERCEDINAS.COM\"},\"description\":\"Periodista, editor de Noticias Mercedinas. Pas\u00f3 por varias redacciones y emprendimientos de prensa, en distintos formatos y \u00e9pocas. Se especializ\u00f3 --y sigue haci\u00e9ndolo-- en comunicaci\u00f3n en la web y en junio de 2006 fund\u00f3 este diario digital.\",\"sameAs\":[\"https:\\\/\\\/noticiasmercedinas.com\",\"https:\\\/\\\/www.facebook.com\\\/cristian.falabella\",\"https:\\\/\\\/www.instagram.com\\\/noticiasmercedinas\\\/\",\"https:\\\/\\\/x.com\\\/https:\\\/\\\/twitter.com\\\/NOTMERCEDINAS\"],\"url\":\"https:\\\/\\\/noticiasmercedinas.com\\\/site\\\/author\\\/as000384\\\/\"}]}<\/script>\n<!-- \/ Yoast SEO plugin. -->","yoast_head_json":{"title":"Invitan a una nueva Noche de los Museos","robots":{"index":"index","follow":"follow","max-snippet":"max-snippet:-1","max-image-preview":"max-image-preview:large","max-video-preview":"max-video-preview:-1"},"canonical":"https:\/\/noticiasmercedinas.com\/site\/2018\/11\/21\/invitan-a-una-nueva-noche-de-los-museos\/","og_locale":"es_ES","og_type":"article","og_title":"Invitan a una nueva Noche de los Museos","og_description":"Se viene una nueva \u201cNoche de los Museos\u201d, una propuesta para toda la familia. La Direcci\u00f3n de Cultura invita a ser parte de los distintos atractivos que tendr\u00e1n entrada libre y gratuita. Ser\u00e1 el pr\u00f3ximo s\u00e1bado 24 con actividades en los distintos complejos culturales de la ciudad. En el Museo Municipal de Ciencias naturales \u201cCarlos [&hellip;]","og_url":"https:\/\/noticiasmercedinas.com\/site\/2018\/11\/21\/invitan-a-una-nueva-noche-de-los-museos\/","og_site_name":"NOTICIASMERCEDINAS.COM","article_publisher":"https:\/\/www.facebook.com\/noticiasmercedinas\/","article_author":"https:\/\/www.facebook.com\/cristian.falabella","article_published_time":"2018-11-21T11:11:18+00:00","og_image":[{"width":679,"height":960,"url":"https:\/\/noticiasmercedinas.com\/site\/wp-content\/uploads\/2018\/11\/46485304_780842318917131_1717623035885780992_n.jpg","type":"image\/jpeg"}],"author":"Cristian Falabella NOTICIASMERCEDINAS.COM","twitter_card":"summary_large_image","twitter_creator":"@https:\/\/twitter.com\/NOTMERCEDINAS","twitter_site":"@notmercedinas","twitter_misc":{"Escrito por":"Cristian Falabella NOTICIASMERCEDINAS.COM","Tiempo de lectura":"2 minutos"},"schema":{"@context":"https:\/\/schema.org","@graph":[{"@type":"Article","@id":"https:\/\/noticiasmercedinas.com\/site\/2018\/11\/21\/invitan-a-una-nueva-noche-de-los-museos\/#article","isPartOf":{"@id":"https:\/\/noticiasmercedinas.com\/site\/2018\/11\/21\/invitan-a-una-nueva-noche-de-los-museos\/"},"author":{"name":"Cristian Falabella NOTICIASMERCEDINAS.COM","@id":"https:\/\/noticiasmercedinas.com\/site\/#\/schema\/person\/d481a9696a5feaec13a60e2bbd991a6a"},"headline":"Invitan a una nueva Noche de los Museos","datePublished":"2018-11-21T11:11:18+00:00","mainEntityOfPage":{"@id":"https:\/\/noticiasmercedinas.com\/site\/2018\/11\/21\/invitan-a-una-nueva-noche-de-los-museos\/"},"wordCount":343,"commentCount":0,"publisher":{"@id":"https:\/\/noticiasmercedinas.com\/site\/#organization"},"image":{"@id":"https:\/\/noticiasmercedinas.com\/site\/2018\/11\/21\/invitan-a-una-nueva-noche-de-los-museos\/#primaryimage"},"thumbnailUrl":"https:\/\/noticiasmercedinas.com\/site\/wp-content\/uploads\/2018\/11\/46485304_780842318917131_1717623035885780992_n.jpg","keywords":["museo de arte","Museo Hist\u00f3rico Victor Miguez","noche de los museos"],"articleSection":["Cultura"],"inLanguage":"es","potentialAction":[{"@type":"CommentAction","name":"Comment","target":["https:\/\/noticiasmercedinas.com\/site\/2018\/11\/21\/invitan-a-una-nueva-noche-de-los-museos\/#respond"]}]},{"@type":"WebPage","@id":"https:\/\/noticiasmercedinas.com\/site\/2018\/11\/21\/invitan-a-una-nueva-noche-de-los-museos\/","url":"https:\/\/noticiasmercedinas.com\/site\/2018\/11\/21\/invitan-a-una-nueva-noche-de-los-museos\/","name":"Invitan a una nueva Noche de los Museos","isPartOf":{"@id":"https:\/\/noticiasmercedinas.com\/site\/#website"},"primaryImageOfPage":{"@id":"https:\/\/noticiasmercedinas.com\/site\/2018\/11\/21\/invitan-a-una-nueva-noche-de-los-museos\/#primaryimage"},"image":{"@id":"https:\/\/noticiasmercedinas.com\/site\/2018\/11\/21\/invitan-a-una-nueva-noche-de-los-museos\/#primaryimage"},"thumbnailUrl":"https:\/\/noticiasmercedinas.com\/site\/wp-content\/uploads\/2018\/11\/46485304_780842318917131_1717623035885780992_n.jpg","datePublished":"2018-11-21T11:11:18+00:00","breadcrumb":{"@id":"https:\/\/noticiasmercedinas.com\/site\/2018\/11\/21\/invitan-a-una-nueva-noche-de-los-museos\/#breadcrumb"},"inLanguage":"es","potentialAction":[{"@type":"ReadAction","target":["https:\/\/noticiasmercedinas.com\/site\/2018\/11\/21\/invitan-a-una-nueva-noche-de-los-museos\/"]}]},{"@type":"ImageObject","inLanguage":"es","@id":"https:\/\/noticiasmercedinas.com\/site\/2018\/11\/21\/invitan-a-una-nueva-noche-de-los-museos\/#primaryimage","url":"https:\/\/noticiasmercedinas.com\/site\/wp-content\/uploads\/2018\/11\/46485304_780842318917131_1717623035885780992_n.jpg","contentUrl":"https:\/\/noticiasmercedinas.com\/site\/wp-content\/uploads\/2018\/11\/46485304_780842318917131_1717623035885780992_n.jpg","width":679,"height":960},{"@type":"BreadcrumbList","@id":"https:\/\/noticiasmercedinas.com\/site\/2018\/11\/21\/invitan-a-una-nueva-noche-de-los-museos\/#breadcrumb","itemListElement":[{"@type":"ListItem","position":1,"name":"Portada","item":"https:\/\/noticiasmercedinas.com\/site\/"},{"@type":"ListItem","position":2,"name":"Invitan a una nueva Noche de los Museos"}]},{"@type":"WebSite","@id":"https:\/\/noticiasmercedinas.com\/site\/#website","url":"https:\/\/noticiasmercedinas.com\/site\/","name":"NOTICIASMERCEDINAS.COM","description":"Mercedes, Buenos Aires, Argentina","publisher":{"@id":"https:\/\/noticiasmercedinas.com\/site\/#organization"},"potentialAction":[{"@type":"SearchAction","target":{"@type":"EntryPoint","urlTemplate":"https:\/\/noticiasmercedinas.com\/site\/?s={search_term_string}"},"query-input":{"@type":"PropertyValueSpecification","valueRequired":true,"valueName":"search_term_string"}}],"inLanguage":"es"},{"@type":"Organization","@id":"https:\/\/noticiasmercedinas.com\/site\/#organization","name":"NOTICIASMERCEDINAS.COM","url":"https:\/\/noticiasmercedinas.com\/site\/","logo":{"@type":"ImageObject","inLanguage":"es","@id":"https:\/\/noticiasmercedinas.com\/site\/#\/schema\/logo\/image\/","url":"https:\/\/noticiasmercedinas.com\/site\/wp-content\/uploads\/2020\/06\/LOGO-512.jpg","contentUrl":"https:\/\/noticiasmercedinas.com\/site\/wp-content\/uploads\/2020\/06\/LOGO-512.jpg","width":512,"height":512,"caption":"NOTICIASMERCEDINAS.COM"},"image":{"@id":"https:\/\/noticiasmercedinas.com\/site\/#\/schema\/logo\/image\/"},"sameAs":["https:\/\/www.facebook.com\/noticiasmercedinas\/","https:\/\/x.com\/notmercedinas","https:\/\/www.instagram.com\/noticiasmercedinas\/"]},{"@type":"Person","@id":"https:\/\/noticiasmercedinas.com\/site\/#\/schema\/person\/d481a9696a5feaec13a60e2bbd991a6a","name":"Cristian Falabella NOTICIASMERCEDINAS.COM","image":{"@type":"ImageObject","inLanguage":"es","@id":"https:\/\/secure.gravatar.com\/avatar\/0dbbfc45970cc46bcd0e57766228574ff3511d6eed045b182f536f0f478c1f06?s=96&d=mm&r=g","url":"https:\/\/secure.gravatar.com\/avatar\/0dbbfc45970cc46bcd0e57766228574ff3511d6eed045b182f536f0f478c1f06?s=96&d=mm&r=g","contentUrl":"https:\/\/secure.gravatar.com\/avatar\/0dbbfc45970cc46bcd0e57766228574ff3511d6eed045b182f536f0f478c1f06?s=96&d=mm&r=g","caption":"Cristian Falabella NOTICIASMERCEDINAS.COM"},"description":"Periodista, editor de Noticias Mercedinas. Pas\u00f3 por varias redacciones y emprendimientos de prensa, en distintos formatos y \u00e9pocas. Se especializ\u00f3 --y sigue haci\u00e9ndolo-- en comunicaci\u00f3n en la web y en junio de 2006 fund\u00f3 este diario digital.","sameAs":["https:\/\/noticiasmercedinas.com","https:\/\/www.facebook.com\/cristian.falabella","https:\/\/www.instagram.com\/noticiasmercedinas\/","https:\/\/x.com\/https:\/\/twitter.com\/NOTMERCEDINAS"],"url":"https:\/\/noticiasmercedinas.com\/site\/author\/as000384\/"}]}},"amp_enabled":true,"_links":{"self":[{"href":"https:\/\/noticiasmercedinas.com\/site\/wp-json\/wp\/v2\/posts\/7309","targetHints":{"allow":["GET"]}}],"collection":[{"href":"https:\/\/noticiasmercedinas.com\/site\/wp-json\/wp\/v2\/posts"}],"about":[{"href":"https:\/\/noticiasmercedinas.com\/site\/wp-json\/wp\/v2\/types\/post"}],"author":[{"embeddable":true,"href":"https:\/\/noticiasmercedinas.com\/site\/wp-json\/wp\/v2\/users\/2"}],"replies":[{"embeddable":true,"href":"https:\/\/noticiasmercedinas.com\/site\/wp-json\/wp\/v2\/comments?post=7309"}],"version-history":[{"count":1,"href":"https:\/\/noticiasmercedinas.com\/site\/wp-json\/wp\/v2\/posts\/7309\/revisions"}],"predecessor-version":[{"id":7311,"href":"https:\/\/noticiasmercedinas.com\/site\/wp-json\/wp\/v2\/posts\/7309\/revisions\/7311"}],"wp:featuredmedia":[{"embeddable":true,"href":"https:\/\/noticiasmercedinas.com\/site\/wp-json\/wp\/v2\/media\/7310"}],"wp:attachment":[{"href":"https:\/\/noticiasmercedinas.com\/site\/wp-json\/wp\/v2\/media?parent=7309"}],"wp:term":[{"taxonomy":"category","embeddable":true,"href":"https:\/\/noticiasmercedinas.com\/site\/wp-json\/wp\/v2\/categories?post=7309"},{"taxonomy":"post_tag","embeddable":true,"href":"https:\/\/noticiasmercedinas.com\/site\/wp-json\/wp\/v2\/tags?post=7309"}],"curies":[{"name":"wp","href":"https:\/\/api.w.org\/{rel}","templated":true}]}}