{"id":73394,"date":"2021-08-26T20:25:08","date_gmt":"2021-08-26T23:25:08","guid":{"rendered":"https:\/\/noticiasmercedinas.com\/site\/?p=73394"},"modified":"2021-08-26T20:25:08","modified_gmt":"2021-08-26T23:25:08","slug":"celebran-que-las-terapias-mercedinas-se-quedan-sin-pacientes-de-covid-19","status":"publish","type":"post","link":"https:\/\/noticiasmercedinas.com\/site\/2021\/08\/26\/celebran-que-las-terapias-mercedinas-se-quedan-sin-pacientes-de-covid-19\/","title":{"rendered":"Celebran que las terapias mercedinas se quedan sin pacientes de Covid-19"},"content":{"rendered":"<p><img loading=\"lazy\" decoding=\"async\" class=\"alignnone size-full wp-image-73395\" src=\"https:\/\/noticiasmercedinas.com\/site\/wp-content\/uploads\/2021\/08\/240178135_10159316243084054_1314274412742833991_n.jpg\" alt=\"\" width=\"761\" height=\"546\" srcset=\"https:\/\/noticiasmercedinas.com\/site\/wp-content\/uploads\/2021\/08\/240178135_10159316243084054_1314274412742833991_n.jpg 761w, https:\/\/noticiasmercedinas.com\/site\/wp-content\/uploads\/2021\/08\/240178135_10159316243084054_1314274412742833991_n-300x215.jpg 300w, https:\/\/noticiasmercedinas.com\/site\/wp-content\/uploads\/2021\/08\/240178135_10159316243084054_1314274412742833991_n-640x459.jpg 640w, https:\/\/noticiasmercedinas.com\/site\/wp-content\/uploads\/2021\/08\/240178135_10159316243084054_1314274412742833991_n-681x489.jpg 681w\" sizes=\"auto, (max-width: 761px) 100vw, 761px\" \/><\/p>\n<p>El doctor Pablo Cassiani, director del Hospital Blas L. Dubarry, celebr\u00f3 en la jornada que por primera vez en mucho tiempo desde que se agudiz\u00f3 la situaci\u00f3n de la pandemia, en Mercedes los centros de salud est\u00e1n por primera vez sin pacientes de Covid-19 en sus terapias intensivas.<\/p>\n<p>\u00abSentimientos encontrados se despiertan este jueves en nuestro querido Hospital\u00bb, dijo. \u00abPor un lado el agotamiento de nuestros equipos, que han sufrido y luchado junto a cientos de pacientes que pasaron por nuestra terapia, ayudando y salvando a muchos, y acompa\u00f1ando en sus \u00faltimos momentos a otros. Y por otro lado la alegr\u00eda de una ma\u00f1ana, la primera, sin pacientes Covid-19 internados en nuestra terapia\u00bb, explic\u00f3 el profesional.<\/p>\n<p>En este sentido, dio las gracias a todo el equipo de Terapia Intensiva del hospital Blas L. Dubarry, \u00abpor tantos d\u00edas de lucha codo a codo y sin descanso\u00bb.<\/p>\n<p>El remanso que deja la pandemia por estos d\u00edas, sin embargo, llama a pensar en no descuidarse dado que se ha confirmado la circulaci\u00f3n comunitaria en la provincia de Buenos Aires de la nueva y m\u00e1s contagiosa variante Delta.<\/p>\n","protected":false},"excerpt":{"rendered":"<p>\u25a0 Un remanso en medio de una lucha tit\u00e1nica de los equipos de salud y contenci\u00f3n. El director del Dubarry dio las gracias a todo el equipo de Terapia Intensiva del hospital, \u00abpor tantos d\u00edas de lucha codo a codo y sin descanso\u00bb.<\/p>\n","protected":false},"author":16,"featured_media":73395,"comment_status":"open","ping_status":"open","sticky":false,"template":"","format":"standard","meta":{"footnotes":""},"categories":[10],"tags":[8392,144],"class_list":["post-73394","post","type-post","status-publish","format-standard","has-post-thumbnail","hentry","category-especiales","tag-coronavirus","tag-pablo-cassiani"],"yoast_head":"<!-- This site is optimized with the Yoast SEO plugin v27.4 - https:\/\/yoast.com\/product\/yoast-seo-wordpress\/ -->\n<title>Celebran que las terapias mercedinas se quedan sin pacientes de Covid-19<\/title>\n<meta name=\"robots\" content=\"index, follow, max-snippet:-1, max-image-preview:large, max-video-preview:-1\" \/>\n<link rel=\"canonical\" href=\"https:\/\/noticiasmercedinas.com\/site\/2021\/08\/26\/celebran-que-las-terapias-mercedinas-se-quedan-sin-pacientes-de-covid-19\/\" \/>\n<meta property=\"og:locale\" content=\"es_ES\" \/>\n<meta property=\"og:type\" content=\"article\" \/>\n<meta property=\"og:title\" content=\"Celebran que las terapias mercedinas se quedan sin pacientes de Covid-19\" \/>\n<meta property=\"og:description\" content=\"\u25a0 Un remanso en medio de una lucha tit\u00e1nica de los equipos de salud y contenci\u00f3n. El director del Dubarry dio las gracias a todo el equipo de Terapia Intensiva del hospital, &quot;por tantos d\u00edas de lucha codo a codo y sin descanso&quot;.\" \/>\n<meta property=\"og:url\" content=\"https:\/\/noticiasmercedinas.com\/site\/2021\/08\/26\/celebran-que-las-terapias-mercedinas-se-quedan-sin-pacientes-de-covid-19\/\" \/>\n<meta property=\"og:site_name\" content=\"NOTICIASMERCEDINAS.COM\" \/>\n<meta property=\"article:publisher\" content=\"https:\/\/www.facebook.com\/noticiasmercedinas\/\" \/>\n<meta property=\"article:published_time\" content=\"2021-08-26T23:25:08+00:00\" \/>\n<meta property=\"og:image\" content=\"https:\/\/noticiasmercedinas.com\/site\/wp-content\/uploads\/2021\/08\/240178135_10159316243084054_1314274412742833991_n.jpg\" \/>\n\t<meta property=\"og:image:width\" content=\"761\" \/>\n\t<meta property=\"og:image:height\" content=\"546\" \/>\n\t<meta property=\"og:image:type\" content=\"image\/jpeg\" \/>\n<meta name=\"author\" content=\"NOTICIASMERCEDINAS.COM\" \/>\n<meta name=\"twitter:card\" content=\"summary_large_image\" \/>\n<meta name=\"twitter:creator\" content=\"@notmercedinas\" \/>\n<meta name=\"twitter:site\" content=\"@notmercedinas\" \/>\n<meta name=\"twitter:label1\" content=\"Escrito por\" \/>\n\t<meta name=\"twitter:data1\" content=\"NOTICIASMERCEDINAS.COM\" \/>\n\t<meta name=\"twitter:label2\" content=\"Tiempo de lectura\" \/>\n\t<meta name=\"twitter:data2\" content=\"1 minuto\" \/>\n<script type=\"application\/ld+json\" class=\"yoast-schema-graph\">{\"@context\":\"https:\\\/\\\/schema.org\",\"@graph\":[{\"@type\":\"Article\",\"@id\":\"https:\\\/\\\/noticiasmercedinas.com\\\/site\\\/2021\\\/08\\\/26\\\/celebran-que-las-terapias-mercedinas-se-quedan-sin-pacientes-de-covid-19\\\/#article\",\"isPartOf\":{\"@id\":\"https:\\\/\\\/noticiasmercedinas.com\\\/site\\\/2021\\\/08\\\/26\\\/celebran-que-las-terapias-mercedinas-se-quedan-sin-pacientes-de-covid-19\\\/\"},\"author\":{\"name\":\"NOTICIASMERCEDINAS.COM\",\"@id\":\"https:\\\/\\\/noticiasmercedinas.com\\\/site\\\/#\\\/schema\\\/person\\\/84b59c099c28ff2e8b77d4ceec5d8063\"},\"headline\":\"Celebran que las terapias mercedinas se quedan sin pacientes de Covid-19\",\"datePublished\":\"2021-08-26T23:25:08+00:00\",\"mainEntityOfPage\":{\"@id\":\"https:\\\/\\\/noticiasmercedinas.com\\\/site\\\/2021\\\/08\\\/26\\\/celebran-que-las-terapias-mercedinas-se-quedan-sin-pacientes-de-covid-19\\\/\"},\"wordCount\":204,\"commentCount\":0,\"publisher\":{\"@id\":\"https:\\\/\\\/noticiasmercedinas.com\\\/site\\\/#organization\"},\"image\":{\"@id\":\"https:\\\/\\\/noticiasmercedinas.com\\\/site\\\/2021\\\/08\\\/26\\\/celebran-que-las-terapias-mercedinas-se-quedan-sin-pacientes-de-covid-19\\\/#primaryimage\"},\"thumbnailUrl\":\"https:\\\/\\\/noticiasmercedinas.com\\\/site\\\/wp-content\\\/uploads\\\/2021\\\/08\\\/240178135_10159316243084054_1314274412742833991_n.jpg\",\"keywords\":[\"coronavirus\",\"pablo cassiani\"],\"articleSection\":[\"Covid-19\"],\"inLanguage\":\"es\",\"potentialAction\":[{\"@type\":\"CommentAction\",\"name\":\"Comment\",\"target\":[\"https:\\\/\\\/noticiasmercedinas.com\\\/site\\\/2021\\\/08\\\/26\\\/celebran-que-las-terapias-mercedinas-se-quedan-sin-pacientes-de-covid-19\\\/#respond\"]}]},{\"@type\":\"WebPage\",\"@id\":\"https:\\\/\\\/noticiasmercedinas.com\\\/site\\\/2021\\\/08\\\/26\\\/celebran-que-las-terapias-mercedinas-se-quedan-sin-pacientes-de-covid-19\\\/\",\"url\":\"https:\\\/\\\/noticiasmercedinas.com\\\/site\\\/2021\\\/08\\\/26\\\/celebran-que-las-terapias-mercedinas-se-quedan-sin-pacientes-de-covid-19\\\/\",\"name\":\"Celebran que las terapias mercedinas se quedan sin pacientes de Covid-19\",\"isPartOf\":{\"@id\":\"https:\\\/\\\/noticiasmercedinas.com\\\/site\\\/#website\"},\"primaryImageOfPage\":{\"@id\":\"https:\\\/\\\/noticiasmercedinas.com\\\/site\\\/2021\\\/08\\\/26\\\/celebran-que-las-terapias-mercedinas-se-quedan-sin-pacientes-de-covid-19\\\/#primaryimage\"},\"image\":{\"@id\":\"https:\\\/\\\/noticiasmercedinas.com\\\/site\\\/2021\\\/08\\\/26\\\/celebran-que-las-terapias-mercedinas-se-quedan-sin-pacientes-de-covid-19\\\/#primaryimage\"},\"thumbnailUrl\":\"https:\\\/\\\/noticiasmercedinas.com\\\/site\\\/wp-content\\\/uploads\\\/2021\\\/08\\\/240178135_10159316243084054_1314274412742833991_n.jpg\",\"datePublished\":\"2021-08-26T23:25:08+00:00\",\"breadcrumb\":{\"@id\":\"https:\\\/\\\/noticiasmercedinas.com\\\/site\\\/2021\\\/08\\\/26\\\/celebran-que-las-terapias-mercedinas-se-quedan-sin-pacientes-de-covid-19\\\/#breadcrumb\"},\"inLanguage\":\"es\",\"potentialAction\":[{\"@type\":\"ReadAction\",\"target\":[\"https:\\\/\\\/noticiasmercedinas.com\\\/site\\\/2021\\\/08\\\/26\\\/celebran-que-las-terapias-mercedinas-se-quedan-sin-pacientes-de-covid-19\\\/\"]}]},{\"@type\":\"ImageObject\",\"inLanguage\":\"es\",\"@id\":\"https:\\\/\\\/noticiasmercedinas.com\\\/site\\\/2021\\\/08\\\/26\\\/celebran-que-las-terapias-mercedinas-se-quedan-sin-pacientes-de-covid-19\\\/#primaryimage\",\"url\":\"https:\\\/\\\/noticiasmercedinas.com\\\/site\\\/wp-content\\\/uploads\\\/2021\\\/08\\\/240178135_10159316243084054_1314274412742833991_n.jpg\",\"contentUrl\":\"https:\\\/\\\/noticiasmercedinas.com\\\/site\\\/wp-content\\\/uploads\\\/2021\\\/08\\\/240178135_10159316243084054_1314274412742833991_n.jpg\",\"width\":761,\"height\":546},{\"@type\":\"BreadcrumbList\",\"@id\":\"https:\\\/\\\/noticiasmercedinas.com\\\/site\\\/2021\\\/08\\\/26\\\/celebran-que-las-terapias-mercedinas-se-quedan-sin-pacientes-de-covid-19\\\/#breadcrumb\",\"itemListElement\":[{\"@type\":\"ListItem\",\"position\":1,\"name\":\"Portada\",\"item\":\"https:\\\/\\\/noticiasmercedinas.com\\\/site\\\/\"},{\"@type\":\"ListItem\",\"position\":2,\"name\":\"Celebran que las terapias mercedinas se quedan sin pacientes de Covid-19\"}]},{\"@type\":\"WebSite\",\"@id\":\"https:\\\/\\\/noticiasmercedinas.com\\\/site\\\/#website\",\"url\":\"https:\\\/\\\/noticiasmercedinas.com\\\/site\\\/\",\"name\":\"NOTICIASMERCEDINAS.COM\",\"description\":\"Mercedes, Buenos Aires, Argentina\",\"publisher\":{\"@id\":\"https:\\\/\\\/noticiasmercedinas.com\\\/site\\\/#organization\"},\"potentialAction\":[{\"@type\":\"SearchAction\",\"target\":{\"@type\":\"EntryPoint\",\"urlTemplate\":\"https:\\\/\\\/noticiasmercedinas.com\\\/site\\\/?s={search_term_string}\"},\"query-input\":{\"@type\":\"PropertyValueSpecification\",\"valueRequired\":true,\"valueName\":\"search_term_string\"}}],\"inLanguage\":\"es\"},{\"@type\":\"Organization\",\"@id\":\"https:\\\/\\\/noticiasmercedinas.com\\\/site\\\/#organization\",\"name\":\"NOTICIASMERCEDINAS.COM\",\"url\":\"https:\\\/\\\/noticiasmercedinas.com\\\/site\\\/\",\"logo\":{\"@type\":\"ImageObject\",\"inLanguage\":\"es\",\"@id\":\"https:\\\/\\\/noticiasmercedinas.com\\\/site\\\/#\\\/schema\\\/logo\\\/image\\\/\",\"url\":\"https:\\\/\\\/noticiasmercedinas.com\\\/site\\\/wp-content\\\/uploads\\\/2020\\\/06\\\/LOGO-512.jpg\",\"contentUrl\":\"https:\\\/\\\/noticiasmercedinas.com\\\/site\\\/wp-content\\\/uploads\\\/2020\\\/06\\\/LOGO-512.jpg\",\"width\":512,\"height\":512,\"caption\":\"NOTICIASMERCEDINAS.COM\"},\"image\":{\"@id\":\"https:\\\/\\\/noticiasmercedinas.com\\\/site\\\/#\\\/schema\\\/logo\\\/image\\\/\"},\"sameAs\":[\"https:\\\/\\\/www.facebook.com\\\/noticiasmercedinas\\\/\",\"https:\\\/\\\/x.com\\\/notmercedinas\",\"https:\\\/\\\/www.instagram.com\\\/noticiasmercedinas\\\/\"]},{\"@type\":\"Person\",\"@id\":\"https:\\\/\\\/noticiasmercedinas.com\\\/site\\\/#\\\/schema\\\/person\\\/84b59c099c28ff2e8b77d4ceec5d8063\",\"name\":\"NOTICIASMERCEDINAS.COM\",\"image\":{\"@type\":\"ImageObject\",\"inLanguage\":\"es\",\"@id\":\"https:\\\/\\\/secure.gravatar.com\\\/avatar\\\/4dfbf16b4d17945bfb6341b2d19043457132fcf478a5ee04f42e959fd8f5df0a?s=96&d=mm&r=g\",\"url\":\"https:\\\/\\\/secure.gravatar.com\\\/avatar\\\/4dfbf16b4d17945bfb6341b2d19043457132fcf478a5ee04f42e959fd8f5df0a?s=96&d=mm&r=g\",\"contentUrl\":\"https:\\\/\\\/secure.gravatar.com\\\/avatar\\\/4dfbf16b4d17945bfb6341b2d19043457132fcf478a5ee04f42e959fd8f5df0a?s=96&d=mm&r=g\",\"caption\":\"NOTICIASMERCEDINAS.COM\"},\"url\":\"https:\\\/\\\/noticiasmercedinas.com\\\/site\\\/author\\\/anonimo\\\/\"}]}<\/script>\n<!-- \/ Yoast SEO plugin. -->","yoast_head_json":{"title":"Celebran que las terapias mercedinas se quedan sin pacientes de Covid-19","robots":{"index":"index","follow":"follow","max-snippet":"max-snippet:-1","max-image-preview":"max-image-preview:large","max-video-preview":"max-video-preview:-1"},"canonical":"https:\/\/noticiasmercedinas.com\/site\/2021\/08\/26\/celebran-que-las-terapias-mercedinas-se-quedan-sin-pacientes-de-covid-19\/","og_locale":"es_ES","og_type":"article","og_title":"Celebran que las terapias mercedinas se quedan sin pacientes de Covid-19","og_description":"\u25a0 Un remanso en medio de una lucha tit\u00e1nica de los equipos de salud y contenci\u00f3n. El director del Dubarry dio las gracias a todo el equipo de Terapia Intensiva del hospital, \"por tantos d\u00edas de lucha codo a codo y sin descanso\".","og_url":"https:\/\/noticiasmercedinas.com\/site\/2021\/08\/26\/celebran-que-las-terapias-mercedinas-se-quedan-sin-pacientes-de-covid-19\/","og_site_name":"NOTICIASMERCEDINAS.COM","article_publisher":"https:\/\/www.facebook.com\/noticiasmercedinas\/","article_published_time":"2021-08-26T23:25:08+00:00","og_image":[{"width":761,"height":546,"url":"https:\/\/noticiasmercedinas.com\/site\/wp-content\/uploads\/2021\/08\/240178135_10159316243084054_1314274412742833991_n.jpg","type":"image\/jpeg"}],"author":"NOTICIASMERCEDINAS.COM","twitter_card":"summary_large_image","twitter_creator":"@notmercedinas","twitter_site":"@notmercedinas","twitter_misc":{"Escrito por":"NOTICIASMERCEDINAS.COM","Tiempo de lectura":"1 minuto"},"schema":{"@context":"https:\/\/schema.org","@graph":[{"@type":"Article","@id":"https:\/\/noticiasmercedinas.com\/site\/2021\/08\/26\/celebran-que-las-terapias-mercedinas-se-quedan-sin-pacientes-de-covid-19\/#article","isPartOf":{"@id":"https:\/\/noticiasmercedinas.com\/site\/2021\/08\/26\/celebran-que-las-terapias-mercedinas-se-quedan-sin-pacientes-de-covid-19\/"},"author":{"name":"NOTICIASMERCEDINAS.COM","@id":"https:\/\/noticiasmercedinas.com\/site\/#\/schema\/person\/84b59c099c28ff2e8b77d4ceec5d8063"},"headline":"Celebran que las terapias mercedinas se quedan sin pacientes de Covid-19","datePublished":"2021-08-26T23:25:08+00:00","mainEntityOfPage":{"@id":"https:\/\/noticiasmercedinas.com\/site\/2021\/08\/26\/celebran-que-las-terapias-mercedinas-se-quedan-sin-pacientes-de-covid-19\/"},"wordCount":204,"commentCount":0,"publisher":{"@id":"https:\/\/noticiasmercedinas.com\/site\/#organization"},"image":{"@id":"https:\/\/noticiasmercedinas.com\/site\/2021\/08\/26\/celebran-que-las-terapias-mercedinas-se-quedan-sin-pacientes-de-covid-19\/#primaryimage"},"thumbnailUrl":"https:\/\/noticiasmercedinas.com\/site\/wp-content\/uploads\/2021\/08\/240178135_10159316243084054_1314274412742833991_n.jpg","keywords":["coronavirus","pablo cassiani"],"articleSection":["Covid-19"],"inLanguage":"es","potentialAction":[{"@type":"CommentAction","name":"Comment","target":["https:\/\/noticiasmercedinas.com\/site\/2021\/08\/26\/celebran-que-las-terapias-mercedinas-se-quedan-sin-pacientes-de-covid-19\/#respond"]}]},{"@type":"WebPage","@id":"https:\/\/noticiasmercedinas.com\/site\/2021\/08\/26\/celebran-que-las-terapias-mercedinas-se-quedan-sin-pacientes-de-covid-19\/","url":"https:\/\/noticiasmercedinas.com\/site\/2021\/08\/26\/celebran-que-las-terapias-mercedinas-se-quedan-sin-pacientes-de-covid-19\/","name":"Celebran que las terapias mercedinas se quedan sin pacientes de Covid-19","isPartOf":{"@id":"https:\/\/noticiasmercedinas.com\/site\/#website"},"primaryImageOfPage":{"@id":"https:\/\/noticiasmercedinas.com\/site\/2021\/08\/26\/celebran-que-las-terapias-mercedinas-se-quedan-sin-pacientes-de-covid-19\/#primaryimage"},"image":{"@id":"https:\/\/noticiasmercedinas.com\/site\/2021\/08\/26\/celebran-que-las-terapias-mercedinas-se-quedan-sin-pacientes-de-covid-19\/#primaryimage"},"thumbnailUrl":"https:\/\/noticiasmercedinas.com\/site\/wp-content\/uploads\/2021\/08\/240178135_10159316243084054_1314274412742833991_n.jpg","datePublished":"2021-08-26T23:25:08+00:00","breadcrumb":{"@id":"https:\/\/noticiasmercedinas.com\/site\/2021\/08\/26\/celebran-que-las-terapias-mercedinas-se-quedan-sin-pacientes-de-covid-19\/#breadcrumb"},"inLanguage":"es","potentialAction":[{"@type":"ReadAction","target":["https:\/\/noticiasmercedinas.com\/site\/2021\/08\/26\/celebran-que-las-terapias-mercedinas-se-quedan-sin-pacientes-de-covid-19\/"]}]},{"@type":"ImageObject","inLanguage":"es","@id":"https:\/\/noticiasmercedinas.com\/site\/2021\/08\/26\/celebran-que-las-terapias-mercedinas-se-quedan-sin-pacientes-de-covid-19\/#primaryimage","url":"https:\/\/noticiasmercedinas.com\/site\/wp-content\/uploads\/2021\/08\/240178135_10159316243084054_1314274412742833991_n.jpg","contentUrl":"https:\/\/noticiasmercedinas.com\/site\/wp-content\/uploads\/2021\/08\/240178135_10159316243084054_1314274412742833991_n.jpg","width":761,"height":546},{"@type":"BreadcrumbList","@id":"https:\/\/noticiasmercedinas.com\/site\/2021\/08\/26\/celebran-que-las-terapias-mercedinas-se-quedan-sin-pacientes-de-covid-19\/#breadcrumb","itemListElement":[{"@type":"ListItem","position":1,"name":"Portada","item":"https:\/\/noticiasmercedinas.com\/site\/"},{"@type":"ListItem","position":2,"name":"Celebran que las terapias mercedinas se quedan sin pacientes de Covid-19"}]},{"@type":"WebSite","@id":"https:\/\/noticiasmercedinas.com\/site\/#website","url":"https:\/\/noticiasmercedinas.com\/site\/","name":"NOTICIASMERCEDINAS.COM","description":"Mercedes, Buenos Aires, Argentina","publisher":{"@id":"https:\/\/noticiasmercedinas.com\/site\/#organization"},"potentialAction":[{"@type":"SearchAction","target":{"@type":"EntryPoint","urlTemplate":"https:\/\/noticiasmercedinas.com\/site\/?s={search_term_string}"},"query-input":{"@type":"PropertyValueSpecification","valueRequired":true,"valueName":"search_term_string"}}],"inLanguage":"es"},{"@type":"Organization","@id":"https:\/\/noticiasmercedinas.com\/site\/#organization","name":"NOTICIASMERCEDINAS.COM","url":"https:\/\/noticiasmercedinas.com\/site\/","logo":{"@type":"ImageObject","inLanguage":"es","@id":"https:\/\/noticiasmercedinas.com\/site\/#\/schema\/logo\/image\/","url":"https:\/\/noticiasmercedinas.com\/site\/wp-content\/uploads\/2020\/06\/LOGO-512.jpg","contentUrl":"https:\/\/noticiasmercedinas.com\/site\/wp-content\/uploads\/2020\/06\/LOGO-512.jpg","width":512,"height":512,"caption":"NOTICIASMERCEDINAS.COM"},"image":{"@id":"https:\/\/noticiasmercedinas.com\/site\/#\/schema\/logo\/image\/"},"sameAs":["https:\/\/www.facebook.com\/noticiasmercedinas\/","https:\/\/x.com\/notmercedinas","https:\/\/www.instagram.com\/noticiasmercedinas\/"]},{"@type":"Person","@id":"https:\/\/noticiasmercedinas.com\/site\/#\/schema\/person\/84b59c099c28ff2e8b77d4ceec5d8063","name":"NOTICIASMERCEDINAS.COM","image":{"@type":"ImageObject","inLanguage":"es","@id":"https:\/\/secure.gravatar.com\/avatar\/4dfbf16b4d17945bfb6341b2d19043457132fcf478a5ee04f42e959fd8f5df0a?s=96&d=mm&r=g","url":"https:\/\/secure.gravatar.com\/avatar\/4dfbf16b4d17945bfb6341b2d19043457132fcf478a5ee04f42e959fd8f5df0a?s=96&d=mm&r=g","contentUrl":"https:\/\/secure.gravatar.com\/avatar\/4dfbf16b4d17945bfb6341b2d19043457132fcf478a5ee04f42e959fd8f5df0a?s=96&d=mm&r=g","caption":"NOTICIASMERCEDINAS.COM"},"url":"https:\/\/noticiasmercedinas.com\/site\/author\/anonimo\/"}]}},"amp_enabled":true,"_links":{"self":[{"href":"https:\/\/noticiasmercedinas.com\/site\/wp-json\/wp\/v2\/posts\/73394","targetHints":{"allow":["GET"]}}],"collection":[{"href":"https:\/\/noticiasmercedinas.com\/site\/wp-json\/wp\/v2\/posts"}],"about":[{"href":"https:\/\/noticiasmercedinas.com\/site\/wp-json\/wp\/v2\/types\/post"}],"author":[{"embeddable":true,"href":"https:\/\/noticiasmercedinas.com\/site\/wp-json\/wp\/v2\/users\/16"}],"replies":[{"embeddable":true,"href":"https:\/\/noticiasmercedinas.com\/site\/wp-json\/wp\/v2\/comments?post=73394"}],"version-history":[{"count":1,"href":"https:\/\/noticiasmercedinas.com\/site\/wp-json\/wp\/v2\/posts\/73394\/revisions"}],"predecessor-version":[{"id":73396,"href":"https:\/\/noticiasmercedinas.com\/site\/wp-json\/wp\/v2\/posts\/73394\/revisions\/73396"}],"wp:featuredmedia":[{"embeddable":true,"href":"https:\/\/noticiasmercedinas.com\/site\/wp-json\/wp\/v2\/media\/73395"}],"wp:attachment":[{"href":"https:\/\/noticiasmercedinas.com\/site\/wp-json\/wp\/v2\/media?parent=73394"}],"wp:term":[{"taxonomy":"category","embeddable":true,"href":"https:\/\/noticiasmercedinas.com\/site\/wp-json\/wp\/v2\/categories?post=73394"},{"taxonomy":"post_tag","embeddable":true,"href":"https:\/\/noticiasmercedinas.com\/site\/wp-json\/wp\/v2\/tags?post=73394"}],"curies":[{"name":"wp","href":"https:\/\/api.w.org\/{rel}","templated":true}]}}