{"id":73476,"date":"2021-08-27T20:27:07","date_gmt":"2021-08-27T23:27:07","guid":{"rendered":"https:\/\/noticiasmercedinas.com\/site\/?p=73476"},"modified":"2021-08-28T11:55:22","modified_gmt":"2021-08-28T14:55:22","slug":"convocan-a-postulantes-a-guardas-con-fines-de-adopcion","status":"publish","type":"post","link":"https:\/\/noticiasmercedinas.com\/site\/2021\/08\/27\/convocan-a-postulantes-a-guardas-con-fines-de-adopcion\/","title":{"rendered":"Convocan a postulantes a guardas con fines de adopci\u00f3n"},"content":{"rendered":"<p><a href=\"https:\/\/noticiasmercedinas.com\/site\/wp-content\/uploads\/2019\/07\/adopcion_39125981329592214263.jpg\"><img loading=\"lazy\" decoding=\"async\" class=\"alignnone size-full wp-image-23297\" src=\"https:\/\/noticiasmercedinas.com\/site\/wp-content\/uploads\/2019\/07\/adopcion_39125981329592214263.jpg\" alt=\"\" width=\"710\" height=\"433\" srcset=\"https:\/\/noticiasmercedinas.com\/site\/wp-content\/uploads\/2019\/07\/adopcion_39125981329592214263.jpg 710w, https:\/\/noticiasmercedinas.com\/site\/wp-content\/uploads\/2019\/07\/adopcion_39125981329592214263-300x183.jpg 300w, https:\/\/noticiasmercedinas.com\/site\/wp-content\/uploads\/2019\/07\/adopcion_39125981329592214263-640x390.jpg 640w, https:\/\/noticiasmercedinas.com\/site\/wp-content\/uploads\/2019\/07\/adopcion_39125981329592214263-681x415.jpg 681w\" sizes=\"auto, (max-width: 710px) 100vw, 710px\" \/><\/a><\/p>\n<p>El Juzgado de Familia N\u00b0 1 de Mercedes convoca a postulantes a guarda con fines de adopci\u00f3n y\/o personas que quieran ofrecerse como referentes afectivos, tutores o figuras an\u00e1logas de cuidado.<\/p>\n<p>&#8211; Para S. V. nacido el 11 de enero de 2009. Es un ni\u00f1o cari\u00f1oso, que necesita mucho apoyo y acompa\u00f1amiento para poder avanzar en su desarrollo emocional y cognitivo. Se encuentra muy atrasado en el proceso de aprendizaje, para lo cual realiza tratamiento y est\u00e1 siendo acompa\u00f1ado por profesionales. Le gusta mucho ir a pescar, pasear y cocinar. Se encuentra cursando la escuela primaria.<\/p>\n<p>&#8211; Para R.R. nacido el 18 de junio de 2007. Es un adolescente afectuoso, sociable, extrovertido, respetuoso, buen compa\u00f1ero y amable. Tiene muchos deseos de formar parte de una familia adoptiva. Cursa segundo a\u00f1o del colegio secundario. Le gusta el f\u00fatbol, disfruta de escuchar m\u00fasica y mirar series y videos.<\/p>\n<p>&#8211; Para B. R. nacido el 22 de mayo de 2010. Es un ni\u00f1o introvertido, colaborador, alegre y generoso. Cursa quinto grado de la escuela primaria. Le gusta el f\u00fatbol, realizar labores en la huerta y disfruta mucho de las actividades en la pileta. Como sus hermanos tiene muchas ganas de ser parte de un proyecto adoptivo.<\/p>\n<p>&#8211; Para C. L. nacido el 25 de febrero de 2013. Se trata de un ni\u00f1o muy afectuoso y extrovertido, que al igual que sus hermanos tiene muchos deseos de integrar una familia. Cursa segundo grado de la escuela primaria. Le gustan las actividades en la huerta, el cuidado de animales y mascotas, jugar a la bolita y mirar televisi\u00f3n.<\/p>\n<p><strong>V\u00edas de Contacto:<\/strong><\/p>\n<p>\u2013 <a href=\"https:\/\/www.scba.gov.ar\/paginas.asp?id=40314\">Formulario de Presentaci\u00f3n a Convocatorias P\u00fablicas<\/a><\/p>\n<p>&#8211; Juzgado de Familia N\u00b0 1 \u2013 Mercedes. Calle 23 N\u00b0 280 de Mercedes. Tel\u00e9fono: 02324 &#8211; 43 4692 \/ 4688. Correo: <a href=\"mailto:juzfam1-me@jusbuenosaies.gov.ar\">juzfam1-me@jusbuenosaies.gov.ar<\/a><\/p>\n<p>\u2013 Registro Central de Aspirantes a Guarda con Fines de Adopci\u00f3n. Tel\u00e9fonos 0221-4224926 (directo) \u00f3 0221-4104400, interno 56037<\/p>\n","protected":false},"excerpt":{"rendered":"<p>\u25a0 Inform\u00f3 el Juzgado de Familia N\u00ba 1 de Mercedes sobre las posibles v\u00edas de contacto, a quienes quieran ofrecerse como referentes afectivos, tutores o figuras an\u00e1logas de cuidado.<\/p>\n","protected":false},"author":16,"featured_media":23297,"comment_status":"open","ping_status":"open","sticky":false,"template":"","format":"standard","meta":{"footnotes":""},"categories":[3],"tags":[3996,5681],"class_list":["post-73476","post","type-post","status-publish","format-standard","has-post-thumbnail","hentry","category-sociedad","tag-adopcion","tag-juzgado-de-familia"],"yoast_head":"<!-- This site is optimized with the Yoast SEO plugin v27.5 - https:\/\/yoast.com\/product\/yoast-seo-wordpress\/ -->\n<title>Convocan a postulantes a guardas con fines de adopci\u00f3n<\/title>\n<meta name=\"robots\" content=\"index, follow, max-snippet:-1, max-image-preview:large, max-video-preview:-1\" \/>\n<link rel=\"canonical\" href=\"https:\/\/noticiasmercedinas.com\/site\/2021\/08\/27\/convocan-a-postulantes-a-guardas-con-fines-de-adopcion\/\" \/>\n<meta property=\"og:locale\" content=\"es_ES\" \/>\n<meta property=\"og:type\" content=\"article\" \/>\n<meta property=\"og:title\" content=\"Convocan a postulantes a guardas con fines de adopci\u00f3n\" \/>\n<meta property=\"og:description\" content=\"\u25a0 Inform\u00f3 el Juzgado de Familia N\u00ba 1 de Mercedes sobre las posibles v\u00edas de contacto, a quienes quieran ofrecerse como referentes afectivos, tutores o figuras an\u00e1logas de cuidado.\" \/>\n<meta property=\"og:url\" content=\"https:\/\/noticiasmercedinas.com\/site\/2021\/08\/27\/convocan-a-postulantes-a-guardas-con-fines-de-adopcion\/\" \/>\n<meta property=\"og:site_name\" content=\"NOTICIASMERCEDINAS.COM\" \/>\n<meta property=\"article:publisher\" content=\"https:\/\/www.facebook.com\/noticiasmercedinas\/\" \/>\n<meta property=\"article:published_time\" content=\"2021-08-27T23:27:07+00:00\" \/>\n<meta property=\"article:modified_time\" content=\"2021-08-28T14:55:22+00:00\" \/>\n<meta property=\"og:image\" content=\"https:\/\/noticiasmercedinas.com\/site\/wp-content\/uploads\/2019\/07\/adopcion_39125981329592214263.jpg\" \/>\n\t<meta property=\"og:image:width\" content=\"710\" \/>\n\t<meta property=\"og:image:height\" content=\"433\" \/>\n\t<meta property=\"og:image:type\" content=\"image\/jpeg\" \/>\n<meta name=\"author\" content=\"NOTICIASMERCEDINAS.COM\" \/>\n<meta name=\"twitter:card\" content=\"summary_large_image\" \/>\n<meta name=\"twitter:creator\" content=\"@notmercedinas\" \/>\n<meta name=\"twitter:site\" content=\"@notmercedinas\" \/>\n<meta name=\"twitter:label1\" content=\"Escrito por\" \/>\n\t<meta name=\"twitter:data1\" content=\"NOTICIASMERCEDINAS.COM\" \/>\n\t<meta name=\"twitter:label2\" content=\"Tiempo de lectura\" \/>\n\t<meta name=\"twitter:data2\" content=\"2 minutos\" \/>\n<script type=\"application\/ld+json\" class=\"yoast-schema-graph\">{\"@context\":\"https:\\\/\\\/schema.org\",\"@graph\":[{\"@type\":\"Article\",\"@id\":\"https:\\\/\\\/noticiasmercedinas.com\\\/site\\\/2021\\\/08\\\/27\\\/convocan-a-postulantes-a-guardas-con-fines-de-adopcion\\\/#article\",\"isPartOf\":{\"@id\":\"https:\\\/\\\/noticiasmercedinas.com\\\/site\\\/2021\\\/08\\\/27\\\/convocan-a-postulantes-a-guardas-con-fines-de-adopcion\\\/\"},\"author\":{\"name\":\"NOTICIASMERCEDINAS.COM\",\"@id\":\"https:\\\/\\\/noticiasmercedinas.com\\\/site\\\/#\\\/schema\\\/person\\\/84b59c099c28ff2e8b77d4ceec5d8063\"},\"headline\":\"Convocan a postulantes a guardas con fines de adopci\u00f3n\",\"datePublished\":\"2021-08-27T23:27:07+00:00\",\"dateModified\":\"2021-08-28T14:55:22+00:00\",\"mainEntityOfPage\":{\"@id\":\"https:\\\/\\\/noticiasmercedinas.com\\\/site\\\/2021\\\/08\\\/27\\\/convocan-a-postulantes-a-guardas-con-fines-de-adopcion\\\/\"},\"wordCount\":328,\"commentCount\":0,\"publisher\":{\"@id\":\"https:\\\/\\\/noticiasmercedinas.com\\\/site\\\/#organization\"},\"image\":{\"@id\":\"https:\\\/\\\/noticiasmercedinas.com\\\/site\\\/2021\\\/08\\\/27\\\/convocan-a-postulantes-a-guardas-con-fines-de-adopcion\\\/#primaryimage\"},\"thumbnailUrl\":\"https:\\\/\\\/noticiasmercedinas.com\\\/site\\\/wp-content\\\/uploads\\\/2019\\\/07\\\/adopcion_39125981329592214263.jpg\",\"keywords\":[\"adopcion\",\"juzgado de familia\"],\"articleSection\":[\"Sociedad\"],\"inLanguage\":\"es\",\"potentialAction\":[{\"@type\":\"CommentAction\",\"name\":\"Comment\",\"target\":[\"https:\\\/\\\/noticiasmercedinas.com\\\/site\\\/2021\\\/08\\\/27\\\/convocan-a-postulantes-a-guardas-con-fines-de-adopcion\\\/#respond\"]}]},{\"@type\":\"WebPage\",\"@id\":\"https:\\\/\\\/noticiasmercedinas.com\\\/site\\\/2021\\\/08\\\/27\\\/convocan-a-postulantes-a-guardas-con-fines-de-adopcion\\\/\",\"url\":\"https:\\\/\\\/noticiasmercedinas.com\\\/site\\\/2021\\\/08\\\/27\\\/convocan-a-postulantes-a-guardas-con-fines-de-adopcion\\\/\",\"name\":\"Convocan a postulantes a guardas con fines de adopci\u00f3n\",\"isPartOf\":{\"@id\":\"https:\\\/\\\/noticiasmercedinas.com\\\/site\\\/#website\"},\"primaryImageOfPage\":{\"@id\":\"https:\\\/\\\/noticiasmercedinas.com\\\/site\\\/2021\\\/08\\\/27\\\/convocan-a-postulantes-a-guardas-con-fines-de-adopcion\\\/#primaryimage\"},\"image\":{\"@id\":\"https:\\\/\\\/noticiasmercedinas.com\\\/site\\\/2021\\\/08\\\/27\\\/convocan-a-postulantes-a-guardas-con-fines-de-adopcion\\\/#primaryimage\"},\"thumbnailUrl\":\"https:\\\/\\\/noticiasmercedinas.com\\\/site\\\/wp-content\\\/uploads\\\/2019\\\/07\\\/adopcion_39125981329592214263.jpg\",\"datePublished\":\"2021-08-27T23:27:07+00:00\",\"dateModified\":\"2021-08-28T14:55:22+00:00\",\"breadcrumb\":{\"@id\":\"https:\\\/\\\/noticiasmercedinas.com\\\/site\\\/2021\\\/08\\\/27\\\/convocan-a-postulantes-a-guardas-con-fines-de-adopcion\\\/#breadcrumb\"},\"inLanguage\":\"es\",\"potentialAction\":[{\"@type\":\"ReadAction\",\"target\":[\"https:\\\/\\\/noticiasmercedinas.com\\\/site\\\/2021\\\/08\\\/27\\\/convocan-a-postulantes-a-guardas-con-fines-de-adopcion\\\/\"]}]},{\"@type\":\"ImageObject\",\"inLanguage\":\"es\",\"@id\":\"https:\\\/\\\/noticiasmercedinas.com\\\/site\\\/2021\\\/08\\\/27\\\/convocan-a-postulantes-a-guardas-con-fines-de-adopcion\\\/#primaryimage\",\"url\":\"https:\\\/\\\/noticiasmercedinas.com\\\/site\\\/wp-content\\\/uploads\\\/2019\\\/07\\\/adopcion_39125981329592214263.jpg\",\"contentUrl\":\"https:\\\/\\\/noticiasmercedinas.com\\\/site\\\/wp-content\\\/uploads\\\/2019\\\/07\\\/adopcion_39125981329592214263.jpg\",\"width\":710,\"height\":433},{\"@type\":\"BreadcrumbList\",\"@id\":\"https:\\\/\\\/noticiasmercedinas.com\\\/site\\\/2021\\\/08\\\/27\\\/convocan-a-postulantes-a-guardas-con-fines-de-adopcion\\\/#breadcrumb\",\"itemListElement\":[{\"@type\":\"ListItem\",\"position\":1,\"name\":\"Portada\",\"item\":\"https:\\\/\\\/noticiasmercedinas.com\\\/site\\\/\"},{\"@type\":\"ListItem\",\"position\":2,\"name\":\"Convocan a postulantes a guardas con fines de adopci\u00f3n\"}]},{\"@type\":\"WebSite\",\"@id\":\"https:\\\/\\\/noticiasmercedinas.com\\\/site\\\/#website\",\"url\":\"https:\\\/\\\/noticiasmercedinas.com\\\/site\\\/\",\"name\":\"NOTICIASMERCEDINAS.COM\",\"description\":\"Mercedes, Buenos Aires, Argentina\",\"publisher\":{\"@id\":\"https:\\\/\\\/noticiasmercedinas.com\\\/site\\\/#organization\"},\"potentialAction\":[{\"@type\":\"SearchAction\",\"target\":{\"@type\":\"EntryPoint\",\"urlTemplate\":\"https:\\\/\\\/noticiasmercedinas.com\\\/site\\\/?s={search_term_string}\"},\"query-input\":{\"@type\":\"PropertyValueSpecification\",\"valueRequired\":true,\"valueName\":\"search_term_string\"}}],\"inLanguage\":\"es\"},{\"@type\":\"Organization\",\"@id\":\"https:\\\/\\\/noticiasmercedinas.com\\\/site\\\/#organization\",\"name\":\"NOTICIASMERCEDINAS.COM\",\"url\":\"https:\\\/\\\/noticiasmercedinas.com\\\/site\\\/\",\"logo\":{\"@type\":\"ImageObject\",\"inLanguage\":\"es\",\"@id\":\"https:\\\/\\\/noticiasmercedinas.com\\\/site\\\/#\\\/schema\\\/logo\\\/image\\\/\",\"url\":\"https:\\\/\\\/noticiasmercedinas.com\\\/site\\\/wp-content\\\/uploads\\\/2020\\\/06\\\/LOGO-512.jpg\",\"contentUrl\":\"https:\\\/\\\/noticiasmercedinas.com\\\/site\\\/wp-content\\\/uploads\\\/2020\\\/06\\\/LOGO-512.jpg\",\"width\":512,\"height\":512,\"caption\":\"NOTICIASMERCEDINAS.COM\"},\"image\":{\"@id\":\"https:\\\/\\\/noticiasmercedinas.com\\\/site\\\/#\\\/schema\\\/logo\\\/image\\\/\"},\"sameAs\":[\"https:\\\/\\\/www.facebook.com\\\/noticiasmercedinas\\\/\",\"https:\\\/\\\/x.com\\\/notmercedinas\",\"https:\\\/\\\/www.instagram.com\\\/noticiasmercedinas\\\/\"]},{\"@type\":\"Person\",\"@id\":\"https:\\\/\\\/noticiasmercedinas.com\\\/site\\\/#\\\/schema\\\/person\\\/84b59c099c28ff2e8b77d4ceec5d8063\",\"name\":\"NOTICIASMERCEDINAS.COM\",\"image\":{\"@type\":\"ImageObject\",\"inLanguage\":\"es\",\"@id\":\"https:\\\/\\\/secure.gravatar.com\\\/avatar\\\/4dfbf16b4d17945bfb6341b2d19043457132fcf478a5ee04f42e959fd8f5df0a?s=96&d=mm&r=g\",\"url\":\"https:\\\/\\\/secure.gravatar.com\\\/avatar\\\/4dfbf16b4d17945bfb6341b2d19043457132fcf478a5ee04f42e959fd8f5df0a?s=96&d=mm&r=g\",\"contentUrl\":\"https:\\\/\\\/secure.gravatar.com\\\/avatar\\\/4dfbf16b4d17945bfb6341b2d19043457132fcf478a5ee04f42e959fd8f5df0a?s=96&d=mm&r=g\",\"caption\":\"NOTICIASMERCEDINAS.COM\"},\"url\":\"https:\\\/\\\/noticiasmercedinas.com\\\/site\\\/author\\\/anonimo\\\/\"}]}<\/script>\n<!-- \/ Yoast SEO plugin. -->","yoast_head_json":{"title":"Convocan a postulantes a guardas con fines de adopci\u00f3n","robots":{"index":"index","follow":"follow","max-snippet":"max-snippet:-1","max-image-preview":"max-image-preview:large","max-video-preview":"max-video-preview:-1"},"canonical":"https:\/\/noticiasmercedinas.com\/site\/2021\/08\/27\/convocan-a-postulantes-a-guardas-con-fines-de-adopcion\/","og_locale":"es_ES","og_type":"article","og_title":"Convocan a postulantes a guardas con fines de adopci\u00f3n","og_description":"\u25a0 Inform\u00f3 el Juzgado de Familia N\u00ba 1 de Mercedes sobre las posibles v\u00edas de contacto, a quienes quieran ofrecerse como referentes afectivos, tutores o figuras an\u00e1logas de cuidado.","og_url":"https:\/\/noticiasmercedinas.com\/site\/2021\/08\/27\/convocan-a-postulantes-a-guardas-con-fines-de-adopcion\/","og_site_name":"NOTICIASMERCEDINAS.COM","article_publisher":"https:\/\/www.facebook.com\/noticiasmercedinas\/","article_published_time":"2021-08-27T23:27:07+00:00","article_modified_time":"2021-08-28T14:55:22+00:00","og_image":[{"width":710,"height":433,"url":"https:\/\/noticiasmercedinas.com\/site\/wp-content\/uploads\/2019\/07\/adopcion_39125981329592214263.jpg","type":"image\/jpeg"}],"author":"NOTICIASMERCEDINAS.COM","twitter_card":"summary_large_image","twitter_creator":"@notmercedinas","twitter_site":"@notmercedinas","twitter_misc":{"Escrito por":"NOTICIASMERCEDINAS.COM","Tiempo de lectura":"2 minutos"},"schema":{"@context":"https:\/\/schema.org","@graph":[{"@type":"Article","@id":"https:\/\/noticiasmercedinas.com\/site\/2021\/08\/27\/convocan-a-postulantes-a-guardas-con-fines-de-adopcion\/#article","isPartOf":{"@id":"https:\/\/noticiasmercedinas.com\/site\/2021\/08\/27\/convocan-a-postulantes-a-guardas-con-fines-de-adopcion\/"},"author":{"name":"NOTICIASMERCEDINAS.COM","@id":"https:\/\/noticiasmercedinas.com\/site\/#\/schema\/person\/84b59c099c28ff2e8b77d4ceec5d8063"},"headline":"Convocan a postulantes a guardas con fines de adopci\u00f3n","datePublished":"2021-08-27T23:27:07+00:00","dateModified":"2021-08-28T14:55:22+00:00","mainEntityOfPage":{"@id":"https:\/\/noticiasmercedinas.com\/site\/2021\/08\/27\/convocan-a-postulantes-a-guardas-con-fines-de-adopcion\/"},"wordCount":328,"commentCount":0,"publisher":{"@id":"https:\/\/noticiasmercedinas.com\/site\/#organization"},"image":{"@id":"https:\/\/noticiasmercedinas.com\/site\/2021\/08\/27\/convocan-a-postulantes-a-guardas-con-fines-de-adopcion\/#primaryimage"},"thumbnailUrl":"https:\/\/noticiasmercedinas.com\/site\/wp-content\/uploads\/2019\/07\/adopcion_39125981329592214263.jpg","keywords":["adopcion","juzgado de familia"],"articleSection":["Sociedad"],"inLanguage":"es","potentialAction":[{"@type":"CommentAction","name":"Comment","target":["https:\/\/noticiasmercedinas.com\/site\/2021\/08\/27\/convocan-a-postulantes-a-guardas-con-fines-de-adopcion\/#respond"]}]},{"@type":"WebPage","@id":"https:\/\/noticiasmercedinas.com\/site\/2021\/08\/27\/convocan-a-postulantes-a-guardas-con-fines-de-adopcion\/","url":"https:\/\/noticiasmercedinas.com\/site\/2021\/08\/27\/convocan-a-postulantes-a-guardas-con-fines-de-adopcion\/","name":"Convocan a postulantes a guardas con fines de adopci\u00f3n","isPartOf":{"@id":"https:\/\/noticiasmercedinas.com\/site\/#website"},"primaryImageOfPage":{"@id":"https:\/\/noticiasmercedinas.com\/site\/2021\/08\/27\/convocan-a-postulantes-a-guardas-con-fines-de-adopcion\/#primaryimage"},"image":{"@id":"https:\/\/noticiasmercedinas.com\/site\/2021\/08\/27\/convocan-a-postulantes-a-guardas-con-fines-de-adopcion\/#primaryimage"},"thumbnailUrl":"https:\/\/noticiasmercedinas.com\/site\/wp-content\/uploads\/2019\/07\/adopcion_39125981329592214263.jpg","datePublished":"2021-08-27T23:27:07+00:00","dateModified":"2021-08-28T14:55:22+00:00","breadcrumb":{"@id":"https:\/\/noticiasmercedinas.com\/site\/2021\/08\/27\/convocan-a-postulantes-a-guardas-con-fines-de-adopcion\/#breadcrumb"},"inLanguage":"es","potentialAction":[{"@type":"ReadAction","target":["https:\/\/noticiasmercedinas.com\/site\/2021\/08\/27\/convocan-a-postulantes-a-guardas-con-fines-de-adopcion\/"]}]},{"@type":"ImageObject","inLanguage":"es","@id":"https:\/\/noticiasmercedinas.com\/site\/2021\/08\/27\/convocan-a-postulantes-a-guardas-con-fines-de-adopcion\/#primaryimage","url":"https:\/\/noticiasmercedinas.com\/site\/wp-content\/uploads\/2019\/07\/adopcion_39125981329592214263.jpg","contentUrl":"https:\/\/noticiasmercedinas.com\/site\/wp-content\/uploads\/2019\/07\/adopcion_39125981329592214263.jpg","width":710,"height":433},{"@type":"BreadcrumbList","@id":"https:\/\/noticiasmercedinas.com\/site\/2021\/08\/27\/convocan-a-postulantes-a-guardas-con-fines-de-adopcion\/#breadcrumb","itemListElement":[{"@type":"ListItem","position":1,"name":"Portada","item":"https:\/\/noticiasmercedinas.com\/site\/"},{"@type":"ListItem","position":2,"name":"Convocan a postulantes a guardas con fines de adopci\u00f3n"}]},{"@type":"WebSite","@id":"https:\/\/noticiasmercedinas.com\/site\/#website","url":"https:\/\/noticiasmercedinas.com\/site\/","name":"NOTICIASMERCEDINAS.COM","description":"Mercedes, Buenos Aires, Argentina","publisher":{"@id":"https:\/\/noticiasmercedinas.com\/site\/#organization"},"potentialAction":[{"@type":"SearchAction","target":{"@type":"EntryPoint","urlTemplate":"https:\/\/noticiasmercedinas.com\/site\/?s={search_term_string}"},"query-input":{"@type":"PropertyValueSpecification","valueRequired":true,"valueName":"search_term_string"}}],"inLanguage":"es"},{"@type":"Organization","@id":"https:\/\/noticiasmercedinas.com\/site\/#organization","name":"NOTICIASMERCEDINAS.COM","url":"https:\/\/noticiasmercedinas.com\/site\/","logo":{"@type":"ImageObject","inLanguage":"es","@id":"https:\/\/noticiasmercedinas.com\/site\/#\/schema\/logo\/image\/","url":"https:\/\/noticiasmercedinas.com\/site\/wp-content\/uploads\/2020\/06\/LOGO-512.jpg","contentUrl":"https:\/\/noticiasmercedinas.com\/site\/wp-content\/uploads\/2020\/06\/LOGO-512.jpg","width":512,"height":512,"caption":"NOTICIASMERCEDINAS.COM"},"image":{"@id":"https:\/\/noticiasmercedinas.com\/site\/#\/schema\/logo\/image\/"},"sameAs":["https:\/\/www.facebook.com\/noticiasmercedinas\/","https:\/\/x.com\/notmercedinas","https:\/\/www.instagram.com\/noticiasmercedinas\/"]},{"@type":"Person","@id":"https:\/\/noticiasmercedinas.com\/site\/#\/schema\/person\/84b59c099c28ff2e8b77d4ceec5d8063","name":"NOTICIASMERCEDINAS.COM","image":{"@type":"ImageObject","inLanguage":"es","@id":"https:\/\/secure.gravatar.com\/avatar\/4dfbf16b4d17945bfb6341b2d19043457132fcf478a5ee04f42e959fd8f5df0a?s=96&d=mm&r=g","url":"https:\/\/secure.gravatar.com\/avatar\/4dfbf16b4d17945bfb6341b2d19043457132fcf478a5ee04f42e959fd8f5df0a?s=96&d=mm&r=g","contentUrl":"https:\/\/secure.gravatar.com\/avatar\/4dfbf16b4d17945bfb6341b2d19043457132fcf478a5ee04f42e959fd8f5df0a?s=96&d=mm&r=g","caption":"NOTICIASMERCEDINAS.COM"},"url":"https:\/\/noticiasmercedinas.com\/site\/author\/anonimo\/"}]}},"amp_enabled":true,"_links":{"self":[{"href":"https:\/\/noticiasmercedinas.com\/site\/wp-json\/wp\/v2\/posts\/73476","targetHints":{"allow":["GET"]}}],"collection":[{"href":"https:\/\/noticiasmercedinas.com\/site\/wp-json\/wp\/v2\/posts"}],"about":[{"href":"https:\/\/noticiasmercedinas.com\/site\/wp-json\/wp\/v2\/types\/post"}],"author":[{"embeddable":true,"href":"https:\/\/noticiasmercedinas.com\/site\/wp-json\/wp\/v2\/users\/16"}],"replies":[{"embeddable":true,"href":"https:\/\/noticiasmercedinas.com\/site\/wp-json\/wp\/v2\/comments?post=73476"}],"version-history":[{"count":3,"href":"https:\/\/noticiasmercedinas.com\/site\/wp-json\/wp\/v2\/posts\/73476\/revisions"}],"predecessor-version":[{"id":73506,"href":"https:\/\/noticiasmercedinas.com\/site\/wp-json\/wp\/v2\/posts\/73476\/revisions\/73506"}],"wp:featuredmedia":[{"embeddable":true,"href":"https:\/\/noticiasmercedinas.com\/site\/wp-json\/wp\/v2\/media\/23297"}],"wp:attachment":[{"href":"https:\/\/noticiasmercedinas.com\/site\/wp-json\/wp\/v2\/media?parent=73476"}],"wp:term":[{"taxonomy":"category","embeddable":true,"href":"https:\/\/noticiasmercedinas.com\/site\/wp-json\/wp\/v2\/categories?post=73476"},{"taxonomy":"post_tag","embeddable":true,"href":"https:\/\/noticiasmercedinas.com\/site\/wp-json\/wp\/v2\/tags?post=73476"}],"curies":[{"name":"wp","href":"https:\/\/api.w.org\/{rel}","templated":true}]}}