{"id":7357,"date":"2018-11-21T18:08:48","date_gmt":"2018-11-21T21:08:48","guid":{"rendered":"https:\/\/noticiasmercedinas.com\/site\/?p=7357"},"modified":"2018-11-24T15:20:32","modified_gmt":"2018-11-24T18:20:32","slug":"cambiemos-pide-por-el-same-el-municipio-no-envia-la-documentacion","status":"publish","type":"post","link":"https:\/\/noticiasmercedinas.com\/site\/2018\/11\/21\/cambiemos-pide-por-el-same-el-municipio-no-envia-la-documentacion\/","title":{"rendered":"Cambiemos pide por el SAME: \u201cEl municipio no env\u00eda la documentaci\u00f3n\u201d"},"content":{"rendered":"<p><strong>El concejal Gustavo Mangoni cuestion\u00f3 el no avance por parte de la comuna tras la firma del convenio, en agosto. \u201cNos parece que tres meses es mucho y la ciudad no puede esperar tanto tiempo\u201d, sostuvo<\/strong><\/p>\n<p><img loading=\"lazy\" decoding=\"async\" class=\"alignnone size-full wp-image-7359\" src=\"https:\/\/noticiasmercedinas.com\/site\/wp-content\/uploads\/2018\/11\/mangoniDSC09258.jpg\" alt=\"\" width=\"640\" height=\"419\" srcset=\"https:\/\/noticiasmercedinas.com\/site\/wp-content\/uploads\/2018\/11\/mangoniDSC09258.jpg 640w, https:\/\/noticiasmercedinas.com\/site\/wp-content\/uploads\/2018\/11\/mangoniDSC09258-300x196.jpg 300w\" sizes=\"auto, (max-width: 640px) 100vw, 640px\" \/><\/p>\n<p>Desde el <strong>Frente Cambiemos Mercedes<\/strong> comenzaron a reclamar por la necesidad de que implemente r\u00e1pidamente el SAME en la ciudad, y sostienen que este servicio de emergencias est\u00e1 demorado por falta de voluntad de la comuna.<\/p>\n<p>\u201cEn agosto se aprob\u00f3 el convenio en el Concejo Deliberante para poder contar con el SAME en nuestra ciudad, pero hasta la fecha, mientras transitamos el mes de noviembre, las Autoridades Municipales no han avanzado en la entrega de la documentaci\u00f3n requerida\u201d, plantearon a trav\u00e9s de las redes. \u201cGracias a la Gobernadora Mar\u00eda Eugenia Vidal, m\u00e1s de 10 millones de bonaerenses cuentan con este servicio y nosotros no queremos quedar fuera del mismo y sus beneficios. Por eso, cada d\u00eda m\u00e1s mercedinos queremos contar con el SAME en nuestra ciudad\u201d, indicaron.<\/p>\n<p>En este contexto, fue consultado el concejal <strong>Gustavo Mangoni<\/strong>, quien indic\u00f3 a este medio: \u201cNosotros firmamos el convenio de adhesi\u00f3n a mediados de agosto, y ya transcurrieron tres meses. <span style=\"background-color: #99cc00;\"><strong><a style=\"background-color: #99cc00;\" href=\"https:\/\/www.noticiasmercedinas.com\/180813same.htm\" target=\"_blank\" rel=\"noopener\">Lo firmamos con celeridad porque entendemos la necesidad de las ambulancias<\/a><\/strong><\/span>. La emergencia en la v\u00eda publica est\u00e1 cubierta por el hospital y este est\u00e1 desbordado\u201d.<\/p>\n<p>\u201cA tres meses no hay avance, entonces me comunico con SAME provincia con el coordinador <strong>Mart\u00edn Piazza<\/strong> y el jefe operativo <strong>Federico Villagra<\/strong>, quienes me dijeron que no han recibido la documentaci\u00f3n y que sin la documentaci\u00f3n no se puede avanzar\u201d, agreg\u00f3 Mangoni. \u201cUna vez terminada la parte administrativa para implementar el servicio lleva tres a cuatro meses, porque hay que seleccionar y capacitar al personal. Hay m\u00e9dicos, enfermeras y un grupo administrativo. El primer a\u00f1o lo paga la provincia, el municipio paga el 50 por ciento en el segundo a\u00f1o y luego en el tercer a\u00f1o el 75 por ciento. La documentaci\u00f3n est\u00e1 trabada, no est\u00e1 siendo enviada desde el municipio, junto con el convenio\u201d, cuestion\u00f3 el concejal de Cambiemos.<\/p>\n<p>\u201cEl secretario de Salud, <strong>Pablo Cassiani<\/strong>, nos dice que intenta comunicarse por v\u00eda telef\u00f3nica y no le contestan pero se queda ah\u00ed. Manda mensajes y no llega a reuniones, pero nos parece que tres meses es mucho y la ciudad no puede esperar tanto tiempo\u201d, sostuvo Mangoni.<\/p>\n<p>\u201cEsto es adem\u00e1s una fuente de trabajo, ya que habr\u00e1 entre 10 y 15 personas nuevas pagas por la provincia. Yo estoy pidiendo entrevistas al director general de SAME, <strong>Federico Pupillo<\/strong>, y qued\u00f3 que nos vamos a comunicarnos telef\u00f3nicamente para reunirnos y avanzar. Estoy ocupado en el tema\u201d, concluy\u00f3 Mangoni.<\/p>\n<p><img loading=\"lazy\" decoding=\"async\" class=\"alignnone size-full wp-image-7358\" src=\"https:\/\/noticiasmercedinas.com\/site\/wp-content\/uploads\/2018\/11\/46499333_2591268620888738_330249724835659776_n.jpg\" alt=\"\" width=\"708\" height=\"960\" srcset=\"https:\/\/noticiasmercedinas.com\/site\/wp-content\/uploads\/2018\/11\/46499333_2591268620888738_330249724835659776_n.jpg 708w, https:\/\/noticiasmercedinas.com\/site\/wp-content\/uploads\/2018\/11\/46499333_2591268620888738_330249724835659776_n-221x300.jpg 221w, https:\/\/noticiasmercedinas.com\/site\/wp-content\/uploads\/2018\/11\/46499333_2591268620888738_330249724835659776_n-640x868.jpg 640w, https:\/\/noticiasmercedinas.com\/site\/wp-content\/uploads\/2018\/11\/46499333_2591268620888738_330249724835659776_n-681x923.jpg 681w\" sizes=\"auto, (max-width: 708px) 100vw, 708px\" \/><\/p>\n","protected":false},"excerpt":{"rendered":"<p>El concejal Gustavo Mangoni cuestion\u00f3 el no avance por parte de la comuna tras la firma del convenio, en agosto. \u201cNos parece que tres meses es mucho y la ciudad no puede esperar tanto tiempo\u201d, sostuvo Desde el Frente Cambiemos Mercedes comenzaron a reclamar por la necesidad de que implemente r\u00e1pidamente el SAME en la [&hellip;]<\/p>\n","protected":false},"author":2,"featured_media":7359,"comment_status":"open","ping_status":"open","sticky":false,"template":"","format":"standard","meta":{"footnotes":""},"categories":[3],"tags":[1197,144,71,2261],"class_list":["post-7357","post","type-post","status-publish","format-standard","has-post-thumbnail","hentry","category-sociedad","tag-gustavo-mangoni","tag-pablo-cassiani","tag-salud","tag-same"],"yoast_head":"<!-- This site is optimized with the Yoast SEO plugin v27.5 - https:\/\/yoast.com\/product\/yoast-seo-wordpress\/ -->\n<title>Cambiemos pide por el SAME: \u201cEl municipio no env\u00eda la documentaci\u00f3n\u201d<\/title>\n<meta name=\"robots\" content=\"index, follow, max-snippet:-1, max-image-preview:large, max-video-preview:-1\" \/>\n<link rel=\"canonical\" href=\"https:\/\/noticiasmercedinas.com\/site\/2018\/11\/21\/cambiemos-pide-por-el-same-el-municipio-no-envia-la-documentacion\/\" \/>\n<meta property=\"og:locale\" content=\"es_ES\" \/>\n<meta property=\"og:type\" content=\"article\" \/>\n<meta property=\"og:title\" content=\"Cambiemos pide por el SAME: \u201cEl municipio no env\u00eda la documentaci\u00f3n\u201d\" \/>\n<meta property=\"og:description\" content=\"El concejal Gustavo Mangoni cuestion\u00f3 el no avance por parte de la comuna tras la firma del convenio, en agosto. \u201cNos parece que tres meses es mucho y la ciudad no puede esperar tanto tiempo\u201d, sostuvo Desde el Frente Cambiemos Mercedes comenzaron a reclamar por la necesidad de que implemente r\u00e1pidamente el SAME en la [&hellip;]\" \/>\n<meta property=\"og:url\" content=\"https:\/\/noticiasmercedinas.com\/site\/2018\/11\/21\/cambiemos-pide-por-el-same-el-municipio-no-envia-la-documentacion\/\" \/>\n<meta property=\"og:site_name\" content=\"NOTICIASMERCEDINAS.COM\" \/>\n<meta property=\"article:publisher\" content=\"https:\/\/www.facebook.com\/noticiasmercedinas\/\" \/>\n<meta property=\"article:author\" content=\"https:\/\/www.facebook.com\/cristian.falabella\" \/>\n<meta property=\"article:published_time\" content=\"2018-11-21T21:08:48+00:00\" \/>\n<meta property=\"article:modified_time\" content=\"2018-11-24T18:20:32+00:00\" \/>\n<meta property=\"og:image\" content=\"https:\/\/noticiasmercedinas.com\/site\/wp-content\/uploads\/2018\/11\/mangoniDSC09258.jpg\" \/>\n\t<meta property=\"og:image:width\" content=\"640\" \/>\n\t<meta property=\"og:image:height\" content=\"419\" \/>\n\t<meta property=\"og:image:type\" content=\"image\/jpeg\" \/>\n<meta name=\"author\" content=\"Cristian Falabella NOTICIASMERCEDINAS.COM\" \/>\n<meta name=\"twitter:card\" content=\"summary_large_image\" \/>\n<meta name=\"twitter:creator\" content=\"@https:\/\/twitter.com\/NOTMERCEDINAS\" \/>\n<meta name=\"twitter:site\" content=\"@notmercedinas\" \/>\n<meta name=\"twitter:label1\" content=\"Escrito por\" \/>\n\t<meta name=\"twitter:data1\" content=\"Cristian Falabella NOTICIASMERCEDINAS.COM\" \/>\n\t<meta name=\"twitter:label2\" content=\"Tiempo de lectura\" \/>\n\t<meta name=\"twitter:data2\" content=\"2 minutos\" \/>\n<script type=\"application\/ld+json\" class=\"yoast-schema-graph\">{\"@context\":\"https:\\\/\\\/schema.org\",\"@graph\":[{\"@type\":\"Article\",\"@id\":\"https:\\\/\\\/noticiasmercedinas.com\\\/site\\\/2018\\\/11\\\/21\\\/cambiemos-pide-por-el-same-el-municipio-no-envia-la-documentacion\\\/#article\",\"isPartOf\":{\"@id\":\"https:\\\/\\\/noticiasmercedinas.com\\\/site\\\/2018\\\/11\\\/21\\\/cambiemos-pide-por-el-same-el-municipio-no-envia-la-documentacion\\\/\"},\"author\":{\"name\":\"Cristian Falabella NOTICIASMERCEDINAS.COM\",\"@id\":\"https:\\\/\\\/noticiasmercedinas.com\\\/site\\\/#\\\/schema\\\/person\\\/d481a9696a5feaec13a60e2bbd991a6a\"},\"headline\":\"Cambiemos pide por el SAME: \u201cEl municipio no env\u00eda la documentaci\u00f3n\u201d\",\"datePublished\":\"2018-11-21T21:08:48+00:00\",\"dateModified\":\"2018-11-24T18:20:32+00:00\",\"mainEntityOfPage\":{\"@id\":\"https:\\\/\\\/noticiasmercedinas.com\\\/site\\\/2018\\\/11\\\/21\\\/cambiemos-pide-por-el-same-el-municipio-no-envia-la-documentacion\\\/\"},\"wordCount\":465,\"commentCount\":0,\"publisher\":{\"@id\":\"https:\\\/\\\/noticiasmercedinas.com\\\/site\\\/#organization\"},\"image\":{\"@id\":\"https:\\\/\\\/noticiasmercedinas.com\\\/site\\\/2018\\\/11\\\/21\\\/cambiemos-pide-por-el-same-el-municipio-no-envia-la-documentacion\\\/#primaryimage\"},\"thumbnailUrl\":\"https:\\\/\\\/noticiasmercedinas.com\\\/site\\\/wp-content\\\/uploads\\\/2018\\\/11\\\/mangoniDSC09258.jpg\",\"keywords\":[\"Gustavo Mangoni\",\"pablo cassiani\",\"salud\",\"same\"],\"articleSection\":[\"Sociedad\"],\"inLanguage\":\"es\",\"potentialAction\":[{\"@type\":\"CommentAction\",\"name\":\"Comment\",\"target\":[\"https:\\\/\\\/noticiasmercedinas.com\\\/site\\\/2018\\\/11\\\/21\\\/cambiemos-pide-por-el-same-el-municipio-no-envia-la-documentacion\\\/#respond\"]}]},{\"@type\":\"WebPage\",\"@id\":\"https:\\\/\\\/noticiasmercedinas.com\\\/site\\\/2018\\\/11\\\/21\\\/cambiemos-pide-por-el-same-el-municipio-no-envia-la-documentacion\\\/\",\"url\":\"https:\\\/\\\/noticiasmercedinas.com\\\/site\\\/2018\\\/11\\\/21\\\/cambiemos-pide-por-el-same-el-municipio-no-envia-la-documentacion\\\/\",\"name\":\"Cambiemos pide por el SAME: \u201cEl municipio no env\u00eda la documentaci\u00f3n\u201d\",\"isPartOf\":{\"@id\":\"https:\\\/\\\/noticiasmercedinas.com\\\/site\\\/#website\"},\"primaryImageOfPage\":{\"@id\":\"https:\\\/\\\/noticiasmercedinas.com\\\/site\\\/2018\\\/11\\\/21\\\/cambiemos-pide-por-el-same-el-municipio-no-envia-la-documentacion\\\/#primaryimage\"},\"image\":{\"@id\":\"https:\\\/\\\/noticiasmercedinas.com\\\/site\\\/2018\\\/11\\\/21\\\/cambiemos-pide-por-el-same-el-municipio-no-envia-la-documentacion\\\/#primaryimage\"},\"thumbnailUrl\":\"https:\\\/\\\/noticiasmercedinas.com\\\/site\\\/wp-content\\\/uploads\\\/2018\\\/11\\\/mangoniDSC09258.jpg\",\"datePublished\":\"2018-11-21T21:08:48+00:00\",\"dateModified\":\"2018-11-24T18:20:32+00:00\",\"breadcrumb\":{\"@id\":\"https:\\\/\\\/noticiasmercedinas.com\\\/site\\\/2018\\\/11\\\/21\\\/cambiemos-pide-por-el-same-el-municipio-no-envia-la-documentacion\\\/#breadcrumb\"},\"inLanguage\":\"es\",\"potentialAction\":[{\"@type\":\"ReadAction\",\"target\":[\"https:\\\/\\\/noticiasmercedinas.com\\\/site\\\/2018\\\/11\\\/21\\\/cambiemos-pide-por-el-same-el-municipio-no-envia-la-documentacion\\\/\"]}]},{\"@type\":\"ImageObject\",\"inLanguage\":\"es\",\"@id\":\"https:\\\/\\\/noticiasmercedinas.com\\\/site\\\/2018\\\/11\\\/21\\\/cambiemos-pide-por-el-same-el-municipio-no-envia-la-documentacion\\\/#primaryimage\",\"url\":\"https:\\\/\\\/noticiasmercedinas.com\\\/site\\\/wp-content\\\/uploads\\\/2018\\\/11\\\/mangoniDSC09258.jpg\",\"contentUrl\":\"https:\\\/\\\/noticiasmercedinas.com\\\/site\\\/wp-content\\\/uploads\\\/2018\\\/11\\\/mangoniDSC09258.jpg\",\"width\":640,\"height\":419},{\"@type\":\"BreadcrumbList\",\"@id\":\"https:\\\/\\\/noticiasmercedinas.com\\\/site\\\/2018\\\/11\\\/21\\\/cambiemos-pide-por-el-same-el-municipio-no-envia-la-documentacion\\\/#breadcrumb\",\"itemListElement\":[{\"@type\":\"ListItem\",\"position\":1,\"name\":\"Portada\",\"item\":\"https:\\\/\\\/noticiasmercedinas.com\\\/site\\\/\"},{\"@type\":\"ListItem\",\"position\":2,\"name\":\"Cambiemos pide por el SAME: \u201cEl municipio no env\u00eda la documentaci\u00f3n\u201d\"}]},{\"@type\":\"WebSite\",\"@id\":\"https:\\\/\\\/noticiasmercedinas.com\\\/site\\\/#website\",\"url\":\"https:\\\/\\\/noticiasmercedinas.com\\\/site\\\/\",\"name\":\"NOTICIASMERCEDINAS.COM\",\"description\":\"Mercedes, Buenos Aires, Argentina\",\"publisher\":{\"@id\":\"https:\\\/\\\/noticiasmercedinas.com\\\/site\\\/#organization\"},\"potentialAction\":[{\"@type\":\"SearchAction\",\"target\":{\"@type\":\"EntryPoint\",\"urlTemplate\":\"https:\\\/\\\/noticiasmercedinas.com\\\/site\\\/?s={search_term_string}\"},\"query-input\":{\"@type\":\"PropertyValueSpecification\",\"valueRequired\":true,\"valueName\":\"search_term_string\"}}],\"inLanguage\":\"es\"},{\"@type\":\"Organization\",\"@id\":\"https:\\\/\\\/noticiasmercedinas.com\\\/site\\\/#organization\",\"name\":\"NOTICIASMERCEDINAS.COM\",\"url\":\"https:\\\/\\\/noticiasmercedinas.com\\\/site\\\/\",\"logo\":{\"@type\":\"ImageObject\",\"inLanguage\":\"es\",\"@id\":\"https:\\\/\\\/noticiasmercedinas.com\\\/site\\\/#\\\/schema\\\/logo\\\/image\\\/\",\"url\":\"https:\\\/\\\/noticiasmercedinas.com\\\/site\\\/wp-content\\\/uploads\\\/2020\\\/06\\\/LOGO-512.jpg\",\"contentUrl\":\"https:\\\/\\\/noticiasmercedinas.com\\\/site\\\/wp-content\\\/uploads\\\/2020\\\/06\\\/LOGO-512.jpg\",\"width\":512,\"height\":512,\"caption\":\"NOTICIASMERCEDINAS.COM\"},\"image\":{\"@id\":\"https:\\\/\\\/noticiasmercedinas.com\\\/site\\\/#\\\/schema\\\/logo\\\/image\\\/\"},\"sameAs\":[\"https:\\\/\\\/www.facebook.com\\\/noticiasmercedinas\\\/\",\"https:\\\/\\\/x.com\\\/notmercedinas\",\"https:\\\/\\\/www.instagram.com\\\/noticiasmercedinas\\\/\"]},{\"@type\":\"Person\",\"@id\":\"https:\\\/\\\/noticiasmercedinas.com\\\/site\\\/#\\\/schema\\\/person\\\/d481a9696a5feaec13a60e2bbd991a6a\",\"name\":\"Cristian Falabella NOTICIASMERCEDINAS.COM\",\"image\":{\"@type\":\"ImageObject\",\"inLanguage\":\"es\",\"@id\":\"https:\\\/\\\/secure.gravatar.com\\\/avatar\\\/0dbbfc45970cc46bcd0e57766228574ff3511d6eed045b182f536f0f478c1f06?s=96&d=mm&r=g\",\"url\":\"https:\\\/\\\/secure.gravatar.com\\\/avatar\\\/0dbbfc45970cc46bcd0e57766228574ff3511d6eed045b182f536f0f478c1f06?s=96&d=mm&r=g\",\"contentUrl\":\"https:\\\/\\\/secure.gravatar.com\\\/avatar\\\/0dbbfc45970cc46bcd0e57766228574ff3511d6eed045b182f536f0f478c1f06?s=96&d=mm&r=g\",\"caption\":\"Cristian Falabella NOTICIASMERCEDINAS.COM\"},\"description\":\"Periodista, editor de Noticias Mercedinas. Pas\u00f3 por varias redacciones y emprendimientos de prensa, en distintos formatos y \u00e9pocas. Se especializ\u00f3 --y sigue haci\u00e9ndolo-- en comunicaci\u00f3n en la web y en junio de 2006 fund\u00f3 este diario digital.\",\"sameAs\":[\"https:\\\/\\\/noticiasmercedinas.com\",\"https:\\\/\\\/www.facebook.com\\\/cristian.falabella\",\"https:\\\/\\\/www.instagram.com\\\/noticiasmercedinas\\\/\",\"https:\\\/\\\/x.com\\\/https:\\\/\\\/twitter.com\\\/NOTMERCEDINAS\"],\"url\":\"https:\\\/\\\/noticiasmercedinas.com\\\/site\\\/author\\\/as000384\\\/\"}]}<\/script>\n<!-- \/ Yoast SEO plugin. -->","yoast_head_json":{"title":"Cambiemos pide por el SAME: \u201cEl municipio no env\u00eda la documentaci\u00f3n\u201d","robots":{"index":"index","follow":"follow","max-snippet":"max-snippet:-1","max-image-preview":"max-image-preview:large","max-video-preview":"max-video-preview:-1"},"canonical":"https:\/\/noticiasmercedinas.com\/site\/2018\/11\/21\/cambiemos-pide-por-el-same-el-municipio-no-envia-la-documentacion\/","og_locale":"es_ES","og_type":"article","og_title":"Cambiemos pide por el SAME: \u201cEl municipio no env\u00eda la documentaci\u00f3n\u201d","og_description":"El concejal Gustavo Mangoni cuestion\u00f3 el no avance por parte de la comuna tras la firma del convenio, en agosto. \u201cNos parece que tres meses es mucho y la ciudad no puede esperar tanto tiempo\u201d, sostuvo Desde el Frente Cambiemos Mercedes comenzaron a reclamar por la necesidad de que implemente r\u00e1pidamente el SAME en la [&hellip;]","og_url":"https:\/\/noticiasmercedinas.com\/site\/2018\/11\/21\/cambiemos-pide-por-el-same-el-municipio-no-envia-la-documentacion\/","og_site_name":"NOTICIASMERCEDINAS.COM","article_publisher":"https:\/\/www.facebook.com\/noticiasmercedinas\/","article_author":"https:\/\/www.facebook.com\/cristian.falabella","article_published_time":"2018-11-21T21:08:48+00:00","article_modified_time":"2018-11-24T18:20:32+00:00","og_image":[{"width":640,"height":419,"url":"https:\/\/noticiasmercedinas.com\/site\/wp-content\/uploads\/2018\/11\/mangoniDSC09258.jpg","type":"image\/jpeg"}],"author":"Cristian Falabella NOTICIASMERCEDINAS.COM","twitter_card":"summary_large_image","twitter_creator":"@https:\/\/twitter.com\/NOTMERCEDINAS","twitter_site":"@notmercedinas","twitter_misc":{"Escrito por":"Cristian Falabella NOTICIASMERCEDINAS.COM","Tiempo de lectura":"2 minutos"},"schema":{"@context":"https:\/\/schema.org","@graph":[{"@type":"Article","@id":"https:\/\/noticiasmercedinas.com\/site\/2018\/11\/21\/cambiemos-pide-por-el-same-el-municipio-no-envia-la-documentacion\/#article","isPartOf":{"@id":"https:\/\/noticiasmercedinas.com\/site\/2018\/11\/21\/cambiemos-pide-por-el-same-el-municipio-no-envia-la-documentacion\/"},"author":{"name":"Cristian Falabella NOTICIASMERCEDINAS.COM","@id":"https:\/\/noticiasmercedinas.com\/site\/#\/schema\/person\/d481a9696a5feaec13a60e2bbd991a6a"},"headline":"Cambiemos pide por el SAME: \u201cEl municipio no env\u00eda la documentaci\u00f3n\u201d","datePublished":"2018-11-21T21:08:48+00:00","dateModified":"2018-11-24T18:20:32+00:00","mainEntityOfPage":{"@id":"https:\/\/noticiasmercedinas.com\/site\/2018\/11\/21\/cambiemos-pide-por-el-same-el-municipio-no-envia-la-documentacion\/"},"wordCount":465,"commentCount":0,"publisher":{"@id":"https:\/\/noticiasmercedinas.com\/site\/#organization"},"image":{"@id":"https:\/\/noticiasmercedinas.com\/site\/2018\/11\/21\/cambiemos-pide-por-el-same-el-municipio-no-envia-la-documentacion\/#primaryimage"},"thumbnailUrl":"https:\/\/noticiasmercedinas.com\/site\/wp-content\/uploads\/2018\/11\/mangoniDSC09258.jpg","keywords":["Gustavo Mangoni","pablo cassiani","salud","same"],"articleSection":["Sociedad"],"inLanguage":"es","potentialAction":[{"@type":"CommentAction","name":"Comment","target":["https:\/\/noticiasmercedinas.com\/site\/2018\/11\/21\/cambiemos-pide-por-el-same-el-municipio-no-envia-la-documentacion\/#respond"]}]},{"@type":"WebPage","@id":"https:\/\/noticiasmercedinas.com\/site\/2018\/11\/21\/cambiemos-pide-por-el-same-el-municipio-no-envia-la-documentacion\/","url":"https:\/\/noticiasmercedinas.com\/site\/2018\/11\/21\/cambiemos-pide-por-el-same-el-municipio-no-envia-la-documentacion\/","name":"Cambiemos pide por el SAME: \u201cEl municipio no env\u00eda la documentaci\u00f3n\u201d","isPartOf":{"@id":"https:\/\/noticiasmercedinas.com\/site\/#website"},"primaryImageOfPage":{"@id":"https:\/\/noticiasmercedinas.com\/site\/2018\/11\/21\/cambiemos-pide-por-el-same-el-municipio-no-envia-la-documentacion\/#primaryimage"},"image":{"@id":"https:\/\/noticiasmercedinas.com\/site\/2018\/11\/21\/cambiemos-pide-por-el-same-el-municipio-no-envia-la-documentacion\/#primaryimage"},"thumbnailUrl":"https:\/\/noticiasmercedinas.com\/site\/wp-content\/uploads\/2018\/11\/mangoniDSC09258.jpg","datePublished":"2018-11-21T21:08:48+00:00","dateModified":"2018-11-24T18:20:32+00:00","breadcrumb":{"@id":"https:\/\/noticiasmercedinas.com\/site\/2018\/11\/21\/cambiemos-pide-por-el-same-el-municipio-no-envia-la-documentacion\/#breadcrumb"},"inLanguage":"es","potentialAction":[{"@type":"ReadAction","target":["https:\/\/noticiasmercedinas.com\/site\/2018\/11\/21\/cambiemos-pide-por-el-same-el-municipio-no-envia-la-documentacion\/"]}]},{"@type":"ImageObject","inLanguage":"es","@id":"https:\/\/noticiasmercedinas.com\/site\/2018\/11\/21\/cambiemos-pide-por-el-same-el-municipio-no-envia-la-documentacion\/#primaryimage","url":"https:\/\/noticiasmercedinas.com\/site\/wp-content\/uploads\/2018\/11\/mangoniDSC09258.jpg","contentUrl":"https:\/\/noticiasmercedinas.com\/site\/wp-content\/uploads\/2018\/11\/mangoniDSC09258.jpg","width":640,"height":419},{"@type":"BreadcrumbList","@id":"https:\/\/noticiasmercedinas.com\/site\/2018\/11\/21\/cambiemos-pide-por-el-same-el-municipio-no-envia-la-documentacion\/#breadcrumb","itemListElement":[{"@type":"ListItem","position":1,"name":"Portada","item":"https:\/\/noticiasmercedinas.com\/site\/"},{"@type":"ListItem","position":2,"name":"Cambiemos pide por el SAME: \u201cEl municipio no env\u00eda la documentaci\u00f3n\u201d"}]},{"@type":"WebSite","@id":"https:\/\/noticiasmercedinas.com\/site\/#website","url":"https:\/\/noticiasmercedinas.com\/site\/","name":"NOTICIASMERCEDINAS.COM","description":"Mercedes, Buenos Aires, Argentina","publisher":{"@id":"https:\/\/noticiasmercedinas.com\/site\/#organization"},"potentialAction":[{"@type":"SearchAction","target":{"@type":"EntryPoint","urlTemplate":"https:\/\/noticiasmercedinas.com\/site\/?s={search_term_string}"},"query-input":{"@type":"PropertyValueSpecification","valueRequired":true,"valueName":"search_term_string"}}],"inLanguage":"es"},{"@type":"Organization","@id":"https:\/\/noticiasmercedinas.com\/site\/#organization","name":"NOTICIASMERCEDINAS.COM","url":"https:\/\/noticiasmercedinas.com\/site\/","logo":{"@type":"ImageObject","inLanguage":"es","@id":"https:\/\/noticiasmercedinas.com\/site\/#\/schema\/logo\/image\/","url":"https:\/\/noticiasmercedinas.com\/site\/wp-content\/uploads\/2020\/06\/LOGO-512.jpg","contentUrl":"https:\/\/noticiasmercedinas.com\/site\/wp-content\/uploads\/2020\/06\/LOGO-512.jpg","width":512,"height":512,"caption":"NOTICIASMERCEDINAS.COM"},"image":{"@id":"https:\/\/noticiasmercedinas.com\/site\/#\/schema\/logo\/image\/"},"sameAs":["https:\/\/www.facebook.com\/noticiasmercedinas\/","https:\/\/x.com\/notmercedinas","https:\/\/www.instagram.com\/noticiasmercedinas\/"]},{"@type":"Person","@id":"https:\/\/noticiasmercedinas.com\/site\/#\/schema\/person\/d481a9696a5feaec13a60e2bbd991a6a","name":"Cristian Falabella NOTICIASMERCEDINAS.COM","image":{"@type":"ImageObject","inLanguage":"es","@id":"https:\/\/secure.gravatar.com\/avatar\/0dbbfc45970cc46bcd0e57766228574ff3511d6eed045b182f536f0f478c1f06?s=96&d=mm&r=g","url":"https:\/\/secure.gravatar.com\/avatar\/0dbbfc45970cc46bcd0e57766228574ff3511d6eed045b182f536f0f478c1f06?s=96&d=mm&r=g","contentUrl":"https:\/\/secure.gravatar.com\/avatar\/0dbbfc45970cc46bcd0e57766228574ff3511d6eed045b182f536f0f478c1f06?s=96&d=mm&r=g","caption":"Cristian Falabella NOTICIASMERCEDINAS.COM"},"description":"Periodista, editor de Noticias Mercedinas. Pas\u00f3 por varias redacciones y emprendimientos de prensa, en distintos formatos y \u00e9pocas. Se especializ\u00f3 --y sigue haci\u00e9ndolo-- en comunicaci\u00f3n en la web y en junio de 2006 fund\u00f3 este diario digital.","sameAs":["https:\/\/noticiasmercedinas.com","https:\/\/www.facebook.com\/cristian.falabella","https:\/\/www.instagram.com\/noticiasmercedinas\/","https:\/\/x.com\/https:\/\/twitter.com\/NOTMERCEDINAS"],"url":"https:\/\/noticiasmercedinas.com\/site\/author\/as000384\/"}]}},"amp_enabled":true,"_links":{"self":[{"href":"https:\/\/noticiasmercedinas.com\/site\/wp-json\/wp\/v2\/posts\/7357","targetHints":{"allow":["GET"]}}],"collection":[{"href":"https:\/\/noticiasmercedinas.com\/site\/wp-json\/wp\/v2\/posts"}],"about":[{"href":"https:\/\/noticiasmercedinas.com\/site\/wp-json\/wp\/v2\/types\/post"}],"author":[{"embeddable":true,"href":"https:\/\/noticiasmercedinas.com\/site\/wp-json\/wp\/v2\/users\/2"}],"replies":[{"embeddable":true,"href":"https:\/\/noticiasmercedinas.com\/site\/wp-json\/wp\/v2\/comments?post=7357"}],"version-history":[{"count":2,"href":"https:\/\/noticiasmercedinas.com\/site\/wp-json\/wp\/v2\/posts\/7357\/revisions"}],"predecessor-version":[{"id":7370,"href":"https:\/\/noticiasmercedinas.com\/site\/wp-json\/wp\/v2\/posts\/7357\/revisions\/7370"}],"wp:featuredmedia":[{"embeddable":true,"href":"https:\/\/noticiasmercedinas.com\/site\/wp-json\/wp\/v2\/media\/7359"}],"wp:attachment":[{"href":"https:\/\/noticiasmercedinas.com\/site\/wp-json\/wp\/v2\/media?parent=7357"}],"wp:term":[{"taxonomy":"category","embeddable":true,"href":"https:\/\/noticiasmercedinas.com\/site\/wp-json\/wp\/v2\/categories?post=7357"},{"taxonomy":"post_tag","embeddable":true,"href":"https:\/\/noticiasmercedinas.com\/site\/wp-json\/wp\/v2\/tags?post=7357"}],"curies":[{"name":"wp","href":"https:\/\/api.w.org\/{rel}","templated":true}]}}