{"id":73598,"date":"2021-08-29T11:51:41","date_gmt":"2021-08-29T14:51:41","guid":{"rendered":"https:\/\/noticiasmercedinas.com\/site\/?p=73598"},"modified":"2021-08-29T13:09:05","modified_gmt":"2021-08-29T16:09:05","slug":"la-flauta-magica-acerco-la-opera-a-todo-publico-en-el-parque-municipal","status":"publish","type":"post","link":"https:\/\/noticiasmercedinas.com\/site\/2021\/08\/29\/la-flauta-magica-acerco-la-opera-a-todo-publico-en-el-parque-municipal\/","title":{"rendered":"\u00abLa Flauta M\u00e1gica\u00bb acerc\u00f3 la \u00f3pera a todo p\u00fablico en el Parque Municipal"},"content":{"rendered":"<p><img loading=\"lazy\" decoding=\"async\" class=\"alignnone size-large wp-image-73595\" src=\"https:\/\/noticiasmercedinas.com\/site\/wp-content\/uploads\/2021\/08\/wp-1630243792075-1662096149-1024x577.jpg\" alt=\"\" width=\"640\" height=\"361\" srcset=\"https:\/\/noticiasmercedinas.com\/site\/wp-content\/uploads\/2021\/08\/wp-1630243792075-1662096149-1024x577.jpg 1024w, https:\/\/noticiasmercedinas.com\/site\/wp-content\/uploads\/2021\/08\/wp-1630243792075-1662096149-300x169.jpg 300w, https:\/\/noticiasmercedinas.com\/site\/wp-content\/uploads\/2021\/08\/wp-1630243792075-1662096149-768x433.jpg 768w, https:\/\/noticiasmercedinas.com\/site\/wp-content\/uploads\/2021\/08\/wp-1630243792075-1662096149-1536x866.jpg 1536w, https:\/\/noticiasmercedinas.com\/site\/wp-content\/uploads\/2021\/08\/wp-1630243792075-1662096149-2048x1154.jpg 2048w, https:\/\/noticiasmercedinas.com\/site\/wp-content\/uploads\/2021\/08\/wp-1630243792075-1662096149-640x361.jpg 640w, https:\/\/noticiasmercedinas.com\/site\/wp-content\/uploads\/2021\/08\/wp-1630243792075-1662096149-1280x721.jpg 1280w, https:\/\/noticiasmercedinas.com\/site\/wp-content\/uploads\/2021\/08\/wp-1630243792075-1662096149-681x384.jpg 681w, https:\/\/noticiasmercedinas.com\/site\/wp-content\/uploads\/2021\/08\/wp-1630243792075-1662096149-1362x768.jpg 1362w\" sizes=\"auto, (max-width: 640px) 100vw, 640px\" \/><\/p>\n<p>En el marco de una hermosa jornada vivida este s\u00e1bado en el Parque Municipal promoviendo el cuidado ambiental y el cambio clim\u00e1tico, se present\u00f3 gracias al apoyo del Ministerio de Cultura de la Naci\u00f3n y a su par de la Provincia, una propuesta cultural de primer nivel como fue la \u00f3pera \u201cLa Flauta M\u00e1gica\u201d.<\/p>\n<p>El truck con el imponente escenario m\u00f3vil se instal\u00f3 en el sector nuevo del Parque Municipal y desde las 16.30 ofreci\u00f3 su show, para los mercedinos, en el retorno de la actividad rodante de estos artistas de primer nivel internacional que hacen las delicias de grandes y chicos con esta propuesta magn\u00edfica y de divulgaci\u00f3n de un g\u00e9nero como la \u00f3pera que de esta manera llega a todo p\u00fablico.<\/p>\n<p>El Cami\u00f3n de Tecn\u00f3polis est\u00e1 preparado para montar diferentes espect\u00e1culos art\u00edsticos en espacios al aire libre, cumpliendo con estrictos protocolos de distanciamiento y prevenci\u00f3n para garantizar el cuidado del p\u00fablico y de las y los artistas. Con esta propuesta, el Parque dedicado al arte, la ciencia y la tecnolog\u00eda busca continuar con su esp\u00edritu inclusivo, acercando actividades culturales y art\u00edsticas gratuitas de calidad a ni\u00f1as, ni\u00f1os y j\u00f3venes de distintos barrios de la Provincia de Buenos Aires.<\/p>\n<p>Dirigida por <strong>Mar\u00eda Concepci\u00f3n Perre<\/strong> y <strong>Mar\u00eda de la Paz Perre<\/strong>, la adaptaci\u00f3n de la \u00f3pera cl\u00e1sica de Mozart, \u201cLa Flauta M\u00e1gica\u201d, es una versi\u00f3n en castellano destinada al p\u00fablico familiar con m\u00fasica en vivo a cargo de los pianistas del Teatro Argentino Ezequiel Fautario, Eduviges Picone, Luc\u00eda Zapata y Esteban Rajmilchuk (piano); Sebasti\u00e1n Russo y Pablo Pollitzer (tenores); Jaquelina Livieri y Marina Silva (sopranos); Leonardo Menna y Mirko Tomas  (bar\u00edtonos); Laura Pisani y Fabiola Masino (sopranos); Hern\u00e1n Iturralde y Leonardo Palma (bajos); Carolina G\u00f3mez y Susana Moreno (sopranos).<\/p>\n<p>\u201cLa Flauta M\u00e1gica\u201d cuenta las aventuras del Pr\u00edncipe Tamino, quien es convocado por la Reina de la Noche para rescatar a su hija, la Princesa Pamina. Para ello contar\u00e1 con la ayuda de su compa\u00f1ero Papageno y juntos emprender\u00e1n un viaje para liberar a la joven del castillo de Sarastro. Tras una serie de peripecias y con la ayuda de la m\u00fasica, lograr\u00e1n superar los obst\u00e1culos y celebrar un nuevo triunfo del amor.<\/p>\n<p><img loading=\"lazy\" decoding=\"async\" class=\"alignnone size-large wp-image-73594\" src=\"https:\/\/noticiasmercedinas.com\/site\/wp-content\/uploads\/2021\/08\/wp-16302437456441112823261-1024x577.jpg\" alt=\"\" width=\"640\" height=\"361\" srcset=\"https:\/\/noticiasmercedinas.com\/site\/wp-content\/uploads\/2021\/08\/wp-16302437456441112823261-1024x577.jpg 1024w, https:\/\/noticiasmercedinas.com\/site\/wp-content\/uploads\/2021\/08\/wp-16302437456441112823261-300x169.jpg 300w, https:\/\/noticiasmercedinas.com\/site\/wp-content\/uploads\/2021\/08\/wp-16302437456441112823261-768x433.jpg 768w, https:\/\/noticiasmercedinas.com\/site\/wp-content\/uploads\/2021\/08\/wp-16302437456441112823261-1536x866.jpg 1536w, https:\/\/noticiasmercedinas.com\/site\/wp-content\/uploads\/2021\/08\/wp-16302437456441112823261-2048x1154.jpg 2048w, https:\/\/noticiasmercedinas.com\/site\/wp-content\/uploads\/2021\/08\/wp-16302437456441112823261-640x361.jpg 640w, https:\/\/noticiasmercedinas.com\/site\/wp-content\/uploads\/2021\/08\/wp-16302437456441112823261-1280x721.jpg 1280w, https:\/\/noticiasmercedinas.com\/site\/wp-content\/uploads\/2021\/08\/wp-16302437456441112823261-681x384.jpg 681w, https:\/\/noticiasmercedinas.com\/site\/wp-content\/uploads\/2021\/08\/wp-16302437456441112823261-1362x768.jpg 1362w\" sizes=\"auto, (max-width: 640px) 100vw, 640px\" \/><\/p>\n<audio class=\"wp-audio-shortcode\" id=\"audio-73598-1\" preload=\"none\" style=\"width: 100%;\" controls=\"controls\"><source type=\"audio\/mpeg\" src=\"https:\/\/noticiasmercedinas.com\/site\/wp-content\/uploads\/2021\/08\/Rajmilchuk.mp3?_=1\" \/><a href=\"https:\/\/noticiasmercedinas.com\/site\/wp-content\/uploads\/2021\/08\/Rajmilchuk.mp3\">https:\/\/noticiasmercedinas.com\/site\/wp-content\/uploads\/2021\/08\/Rajmilchuk.mp3<\/a><\/audio>\n<p><strong>Esteban Rajmilchuk<\/strong>, quien ejecut\u00f3 el piano en la presentaci\u00f3n en Mercedes, coment\u00f3 a este medio tras el show: \u201cSomos diferentes pianistas que nos repartimos la tarea. Es una adaptaci\u00f3n especial para chicos hecha en castellano\u201d, y destac\u00f3: \u201cPara nosotros es una gran oportunidad de volver a reencontrarnos con el p\u00fablico. Estos proyectos son s\u00faper bienvenidos y buen\u00edsimo que el teatro salga a la comunidad de la provincia. Eso es important\u00edsimo y llevamos la artesan\u00eda que tenemos adentro a las distintas comunidades. Esto tiene mucha preparaci\u00f3n y muchas \u00e1reas que se juntan, la parte art\u00edstica, los cantantes, el acompa\u00f1amiento musical, la t\u00e9cnica con luces y sonidos, la escenograf\u00eda\u2026 y mover este proyecto que es este cami\u00f3n llevando arte y cultura a la provincia involucra a mucha gente, muchos que no se ven pero est\u00e1n detr\u00e1s trabajando para que esto se lleve a cabo y llegue a bien puerto\u201d.<\/p>\n<p>\u201cEsta gira arranc\u00f3 en enero en Tecn\u00f3polis y luego empez\u00f3 por diferentes municipios y localidades de la provincia. Y ahora estamos en este hermoso lugar, encantados de estar en Mercedes y agradecidos. La gira sigue en San Andr\u00e9s de Giles y Quilmes, entre otras localidades\u201d, anunci\u00f3 Rajmilchuk.<\/p>\n<p><img loading=\"lazy\" decoding=\"async\" class=\"alignnone size-large wp-image-73593\" src=\"https:\/\/noticiasmercedinas.com\/site\/wp-content\/uploads\/2021\/08\/wp-1630243655666-1658166420-1024x577.jpg\" alt=\"\" width=\"640\" height=\"361\" srcset=\"https:\/\/noticiasmercedinas.com\/site\/wp-content\/uploads\/2021\/08\/wp-1630243655666-1658166420-1024x577.jpg 1024w, https:\/\/noticiasmercedinas.com\/site\/wp-content\/uploads\/2021\/08\/wp-1630243655666-1658166420-300x169.jpg 300w, https:\/\/noticiasmercedinas.com\/site\/wp-content\/uploads\/2021\/08\/wp-1630243655666-1658166420-768x433.jpg 768w, https:\/\/noticiasmercedinas.com\/site\/wp-content\/uploads\/2021\/08\/wp-1630243655666-1658166420-1536x866.jpg 1536w, https:\/\/noticiasmercedinas.com\/site\/wp-content\/uploads\/2021\/08\/wp-1630243655666-1658166420-2048x1154.jpg 2048w, https:\/\/noticiasmercedinas.com\/site\/wp-content\/uploads\/2021\/08\/wp-1630243655666-1658166420-640x361.jpg 640w, https:\/\/noticiasmercedinas.com\/site\/wp-content\/uploads\/2021\/08\/wp-1630243655666-1658166420-1280x721.jpg 1280w, https:\/\/noticiasmercedinas.com\/site\/wp-content\/uploads\/2021\/08\/wp-1630243655666-1658166420-681x384.jpg 681w, https:\/\/noticiasmercedinas.com\/site\/wp-content\/uploads\/2021\/08\/wp-1630243655666-1658166420-1362x768.jpg 1362w\" sizes=\"auto, (max-width: 640px) 100vw, 640px\" \/><\/p>\n<audio class=\"wp-audio-shortcode\" id=\"audio-73598-2\" preload=\"none\" style=\"width: 100%;\" controls=\"controls\"><source type=\"audio\/mpeg\" src=\"https:\/\/noticiasmercedinas.com\/site\/wp-content\/uploads\/2021\/08\/bauer.mp3?_=2\" \/><a href=\"https:\/\/noticiasmercedinas.com\/site\/wp-content\/uploads\/2021\/08\/bauer.mp3\">https:\/\/noticiasmercedinas.com\/site\/wp-content\/uploads\/2021\/08\/bauer.mp3<\/a><\/audio>\n<p>Desde la producci\u00f3n del Teatro Argentino de Provincia, <strong>Ernesto Bauer<\/strong>, m\u00e1ximo encargado de ese espacio, remarc\u00f3, por su parte, la conjunci\u00f3n de factores que se juntan para llevar a cabo estas propuestas culturales: \u201cEl espacio que tiene Mercedes es hermos\u00edsimo, y nos alegran estas propuestas diversas que hicieron desde el municipio\u201d, dijo a este medio.<\/p>\n<p>\u201cNuestra propuesta es una coproducci\u00f3n de Tecn\u00f3polis y el Teatro Argentino. Contamos con este cami\u00f3n escenario que es una maravilla tecnol\u00f3gica y hacemos el aporte art\u00edstico, con el cuerpo del Teatro que tiene a grandes artistas, talleres en los que se realizan todo tipo de materiales para las producciones integrales del Teatro. La idea es de Naci\u00f3n y hubo una uni\u00f3n de ministerios para llevar a cabo esta propuesta. Es as\u00ed que pudimos en este momento tan dif\u00edcil incluso contratar a cantantes solistas para que se suban al escenario y demuestren lo que saben, ya que son de primer nivel internacional. Y tambi\u00e9n hemos podido reconformar el vestuario, e incluso la gente de Roper\u00eda abri\u00f3 los talleres del Teatro para que podamos acceder. Es una emoci\u00f3n llevar esta propuesta a cada municipio y especialmente hoy que retomamos luego de la segunda ola de la pandemia, que nos llev\u00f3 a todos nuevamente a nuestras casas. Es emocionante ver a las familias nuevamente y que los artistas puedan volver a subir a los escenarios, comunicarse con el p\u00fablico directamente y no mediante una pantalla, a lo que lamentablemente nos hab\u00edamos tenido que acostumbrar\u201d, expres\u00f3 Bauer.<\/p>\n<blockquote><p>\u00abEn mi gesti\u00f3n y en la que me convoc\u00f3, la propuesta es esta: llevar diversidad a todos los bonaerenses. Y la diversidad est\u00e1 compuesta por un mont\u00f3n de g\u00e9neros en los \u00e1mbitos culturales\u00bb<\/p><\/blockquote>\n<p>Por otra parte, ver de manera gratuita este tipo de espect\u00e1culo en un contexto de libre acceso no es lo corriente, sobre lo que Bauer opin\u00f3: \u201cSe dice que la \u00f3pera es un g\u00e9nero elitista, que es un g\u00e9nero que sucede dentro de un teatro para un p\u00fablico especializado. En mi gesti\u00f3n y en la que me convoc\u00f3, la propuesta es esta: llevar diversidad a todos los bonaerenses. Y la diversidad est\u00e1 compuesta por un mont\u00f3n de g\u00e9neros en los \u00e1mbitos culturales. Yo soy amante de la \u00f3pera, me dedico, soy cantante, pero soy un convencido de que la generaci\u00f3n de nuevos p\u00fablicos se logra solamente de esta manera : saliendo a convocar para que la gente pueda despu\u00e9s venir a los teatros que est\u00e1n en las ciudades grandes. Aqu\u00ed se puede disfrutar en familia, descontracturado y se invita a que el transe\u00fante se anime a escuchar una opera de Mozart, un compositor eterno y bien humano con un mensaje hermoso que dice que la m\u00fasica triunfa igual que el amor. Estamos convencidos de eso del lado art\u00edstico y de llevar propuestas de calidad gratuitas a toda la provincia\u201d, culmin\u00f3 Ernesto Bauer, director general y art\u00edstico del Teatro Argentino de La Plata.<\/p>\n","protected":false},"excerpt":{"rendered":"<p>\u25a0 En su versi\u00f3n adaptada para ni\u00f1os, la coproducci\u00f3n de Tecn\u00f3polis y el Teatro Argentino de La Plata se present\u00f3 este s\u00e1bado. Una posibilidad de que todos puedan disfrutar de Mozart y su obra.<\/p>\n","protected":false},"author":2,"featured_media":73595,"comment_status":"open","ping_status":"open","sticky":false,"template":"","format":"standard","meta":{"footnotes":""},"categories":[4],"tags":[12697,12686,12680,12685,12694,12695,12690,12681,12693,12691,12696,12687,12683,12684,11939,12692,12679,3380,12689,142,12688,12698,163,12682],"class_list":["post-73598","post","type-post","status-publish","format-standard","has-post-thumbnail","hentry","category-cultura","tag-carolina-gomez","tag-eduviges-picone","tag-ernesto-bauer","tag-ezequiel-fautario","tag-fabiola-masino","tag-hernan-iturralde","tag-jaquelina-livieri","tag-la-flauta-magica","tag-laura-pisani","tag-leonardo-menna","tag-leonardo-palma","tag-lucia-zapata","tag-maria-concepcion-perre","tag-maria-de-la-paz-perre","tag-marina-silva","tag-mirko-tomas","tag-mozart","tag-nacion","tag-pablo-pollitzer","tag-provincia","tag-sebastian-russo","tag-susana-moreno","tag-teatro-argentino","tag-tecnopolis"],"yoast_head":"<!-- This site is optimized with the Yoast SEO plugin v27.5 - https:\/\/yoast.com\/product\/yoast-seo-wordpress\/ -->\n<title>&quot;La Flauta M\u00e1gica&quot; acerc\u00f3 la \u00f3pera a todo p\u00fablico en el Parque Municipal<\/title>\n<meta name=\"robots\" content=\"index, follow, max-snippet:-1, max-image-preview:large, max-video-preview:-1\" \/>\n<link rel=\"canonical\" href=\"https:\/\/noticiasmercedinas.com\/site\/2021\/08\/29\/la-flauta-magica-acerco-la-opera-a-todo-publico-en-el-parque-municipal\/\" \/>\n<meta property=\"og:locale\" content=\"es_ES\" \/>\n<meta property=\"og:type\" content=\"article\" \/>\n<meta property=\"og:title\" content=\"&quot;La Flauta M\u00e1gica&quot; acerc\u00f3 la \u00f3pera a todo p\u00fablico en el Parque Municipal\" \/>\n<meta property=\"og:description\" content=\"\u25a0 En su versi\u00f3n adaptada para ni\u00f1os, la coproducci\u00f3n de Tecn\u00f3polis y el Teatro Argentino de La Plata se present\u00f3 este s\u00e1bado. Una posibilidad de que todos puedan disfrutar de Mozart y su obra.\" \/>\n<meta property=\"og:url\" content=\"https:\/\/noticiasmercedinas.com\/site\/2021\/08\/29\/la-flauta-magica-acerco-la-opera-a-todo-publico-en-el-parque-municipal\/\" \/>\n<meta property=\"og:site_name\" content=\"NOTICIASMERCEDINAS.COM\" \/>\n<meta property=\"article:publisher\" content=\"https:\/\/www.facebook.com\/noticiasmercedinas\/\" \/>\n<meta property=\"article:author\" content=\"https:\/\/www.facebook.com\/cristian.falabella\" \/>\n<meta property=\"article:published_time\" content=\"2021-08-29T14:51:41+00:00\" \/>\n<meta property=\"article:modified_time\" content=\"2021-08-29T16:09:05+00:00\" \/>\n<meta property=\"og:image\" content=\"https:\/\/noticiasmercedinas.com\/site\/wp-content\/uploads\/2021\/08\/wp-1630243792075-1662096149-scaled.jpg\" \/>\n\t<meta property=\"og:image:width\" content=\"2560\" \/>\n\t<meta property=\"og:image:height\" content=\"1443\" \/>\n\t<meta property=\"og:image:type\" content=\"image\/jpeg\" \/>\n<meta name=\"author\" content=\"Cristian Falabella NOTICIASMERCEDINAS.COM\" \/>\n<meta name=\"twitter:card\" content=\"summary_large_image\" \/>\n<meta name=\"twitter:creator\" content=\"@https:\/\/twitter.com\/NOTMERCEDINAS\" \/>\n<meta name=\"twitter:site\" content=\"@notmercedinas\" \/>\n<meta name=\"twitter:label1\" content=\"Escrito por\" \/>\n\t<meta name=\"twitter:data1\" content=\"Cristian Falabella NOTICIASMERCEDINAS.COM\" \/>\n\t<meta name=\"twitter:label2\" content=\"Tiempo de lectura\" \/>\n\t<meta name=\"twitter:data2\" content=\"6 minutos\" \/>\n<script type=\"application\/ld+json\" class=\"yoast-schema-graph\">{\"@context\":\"https:\\\/\\\/schema.org\",\"@graph\":[{\"@type\":\"Article\",\"@id\":\"https:\\\/\\\/noticiasmercedinas.com\\\/site\\\/2021\\\/08\\\/29\\\/la-flauta-magica-acerco-la-opera-a-todo-publico-en-el-parque-municipal\\\/#article\",\"isPartOf\":{\"@id\":\"https:\\\/\\\/noticiasmercedinas.com\\\/site\\\/2021\\\/08\\\/29\\\/la-flauta-magica-acerco-la-opera-a-todo-publico-en-el-parque-municipal\\\/\"},\"author\":{\"name\":\"Cristian Falabella NOTICIASMERCEDINAS.COM\",\"@id\":\"https:\\\/\\\/noticiasmercedinas.com\\\/site\\\/#\\\/schema\\\/person\\\/d481a9696a5feaec13a60e2bbd991a6a\"},\"headline\":\"\u00abLa Flauta M\u00e1gica\u00bb acerc\u00f3 la \u00f3pera a todo p\u00fablico en el Parque Municipal\",\"datePublished\":\"2021-08-29T14:51:41+00:00\",\"dateModified\":\"2021-08-29T16:09:05+00:00\",\"mainEntityOfPage\":{\"@id\":\"https:\\\/\\\/noticiasmercedinas.com\\\/site\\\/2021\\\/08\\\/29\\\/la-flauta-magica-acerco-la-opera-a-todo-publico-en-el-parque-municipal\\\/\"},\"wordCount\":1168,\"commentCount\":0,\"publisher\":{\"@id\":\"https:\\\/\\\/noticiasmercedinas.com\\\/site\\\/#organization\"},\"image\":{\"@id\":\"https:\\\/\\\/noticiasmercedinas.com\\\/site\\\/2021\\\/08\\\/29\\\/la-flauta-magica-acerco-la-opera-a-todo-publico-en-el-parque-municipal\\\/#primaryimage\"},\"thumbnailUrl\":\"https:\\\/\\\/noticiasmercedinas.com\\\/site\\\/wp-content\\\/uploads\\\/2021\\\/08\\\/wp-1630243792075-1662096149-scaled.jpg\",\"keywords\":[\"Carolina G\u00f3mez\",\"Eduviges Picone\",\"Ernesto Bauer\",\"Ezequiel Fautario\",\"Fabiola Masino\",\"Hern\u00e1n Iturralde\",\"Jaquelina Livieri\",\"la flauta magica\",\"Laura Pisani\",\"Leonardo Menna\",\"Leonardo Palma\",\"Luc\u00eda Zapata\",\"Mar\u00eda Concepci\u00f3n Perre\",\"Mar\u00eda de la Paz Perre\",\"Marina Silva\",\"Mirko Tomas\",\"mozart\",\"nacion\",\"Pablo Pollitzer\",\"provincia\",\"Sebasti\u00e1n Russo\",\"Susana Moreno\",\"teatro argentino\",\"tecnopolis\"],\"articleSection\":[\"Cultura\"],\"inLanguage\":\"es\",\"potentialAction\":[{\"@type\":\"CommentAction\",\"name\":\"Comment\",\"target\":[\"https:\\\/\\\/noticiasmercedinas.com\\\/site\\\/2021\\\/08\\\/29\\\/la-flauta-magica-acerco-la-opera-a-todo-publico-en-el-parque-municipal\\\/#respond\"]}]},{\"@type\":\"WebPage\",\"@id\":\"https:\\\/\\\/noticiasmercedinas.com\\\/site\\\/2021\\\/08\\\/29\\\/la-flauta-magica-acerco-la-opera-a-todo-publico-en-el-parque-municipal\\\/\",\"url\":\"https:\\\/\\\/noticiasmercedinas.com\\\/site\\\/2021\\\/08\\\/29\\\/la-flauta-magica-acerco-la-opera-a-todo-publico-en-el-parque-municipal\\\/\",\"name\":\"\\\"La Flauta M\u00e1gica\\\" acerc\u00f3 la \u00f3pera a todo p\u00fablico en el Parque Municipal\",\"isPartOf\":{\"@id\":\"https:\\\/\\\/noticiasmercedinas.com\\\/site\\\/#website\"},\"primaryImageOfPage\":{\"@id\":\"https:\\\/\\\/noticiasmercedinas.com\\\/site\\\/2021\\\/08\\\/29\\\/la-flauta-magica-acerco-la-opera-a-todo-publico-en-el-parque-municipal\\\/#primaryimage\"},\"image\":{\"@id\":\"https:\\\/\\\/noticiasmercedinas.com\\\/site\\\/2021\\\/08\\\/29\\\/la-flauta-magica-acerco-la-opera-a-todo-publico-en-el-parque-municipal\\\/#primaryimage\"},\"thumbnailUrl\":\"https:\\\/\\\/noticiasmercedinas.com\\\/site\\\/wp-content\\\/uploads\\\/2021\\\/08\\\/wp-1630243792075-1662096149-scaled.jpg\",\"datePublished\":\"2021-08-29T14:51:41+00:00\",\"dateModified\":\"2021-08-29T16:09:05+00:00\",\"breadcrumb\":{\"@id\":\"https:\\\/\\\/noticiasmercedinas.com\\\/site\\\/2021\\\/08\\\/29\\\/la-flauta-magica-acerco-la-opera-a-todo-publico-en-el-parque-municipal\\\/#breadcrumb\"},\"inLanguage\":\"es\",\"potentialAction\":[{\"@type\":\"ReadAction\",\"target\":[\"https:\\\/\\\/noticiasmercedinas.com\\\/site\\\/2021\\\/08\\\/29\\\/la-flauta-magica-acerco-la-opera-a-todo-publico-en-el-parque-municipal\\\/\"]}]},{\"@type\":\"ImageObject\",\"inLanguage\":\"es\",\"@id\":\"https:\\\/\\\/noticiasmercedinas.com\\\/site\\\/2021\\\/08\\\/29\\\/la-flauta-magica-acerco-la-opera-a-todo-publico-en-el-parque-municipal\\\/#primaryimage\",\"url\":\"https:\\\/\\\/noticiasmercedinas.com\\\/site\\\/wp-content\\\/uploads\\\/2021\\\/08\\\/wp-1630243792075-1662096149-scaled.jpg\",\"contentUrl\":\"https:\\\/\\\/noticiasmercedinas.com\\\/site\\\/wp-content\\\/uploads\\\/2021\\\/08\\\/wp-1630243792075-1662096149-scaled.jpg\",\"width\":2560,\"height\":1443},{\"@type\":\"BreadcrumbList\",\"@id\":\"https:\\\/\\\/noticiasmercedinas.com\\\/site\\\/2021\\\/08\\\/29\\\/la-flauta-magica-acerco-la-opera-a-todo-publico-en-el-parque-municipal\\\/#breadcrumb\",\"itemListElement\":[{\"@type\":\"ListItem\",\"position\":1,\"name\":\"Portada\",\"item\":\"https:\\\/\\\/noticiasmercedinas.com\\\/site\\\/\"},{\"@type\":\"ListItem\",\"position\":2,\"name\":\"\u00abLa Flauta M\u00e1gica\u00bb acerc\u00f3 la \u00f3pera a todo p\u00fablico en el Parque Municipal\"}]},{\"@type\":\"WebSite\",\"@id\":\"https:\\\/\\\/noticiasmercedinas.com\\\/site\\\/#website\",\"url\":\"https:\\\/\\\/noticiasmercedinas.com\\\/site\\\/\",\"name\":\"NOTICIASMERCEDINAS.COM\",\"description\":\"Mercedes, Buenos Aires, Argentina\",\"publisher\":{\"@id\":\"https:\\\/\\\/noticiasmercedinas.com\\\/site\\\/#organization\"},\"potentialAction\":[{\"@type\":\"SearchAction\",\"target\":{\"@type\":\"EntryPoint\",\"urlTemplate\":\"https:\\\/\\\/noticiasmercedinas.com\\\/site\\\/?s={search_term_string}\"},\"query-input\":{\"@type\":\"PropertyValueSpecification\",\"valueRequired\":true,\"valueName\":\"search_term_string\"}}],\"inLanguage\":\"es\"},{\"@type\":\"Organization\",\"@id\":\"https:\\\/\\\/noticiasmercedinas.com\\\/site\\\/#organization\",\"name\":\"NOTICIASMERCEDINAS.COM\",\"url\":\"https:\\\/\\\/noticiasmercedinas.com\\\/site\\\/\",\"logo\":{\"@type\":\"ImageObject\",\"inLanguage\":\"es\",\"@id\":\"https:\\\/\\\/noticiasmercedinas.com\\\/site\\\/#\\\/schema\\\/logo\\\/image\\\/\",\"url\":\"https:\\\/\\\/noticiasmercedinas.com\\\/site\\\/wp-content\\\/uploads\\\/2020\\\/06\\\/LOGO-512.jpg\",\"contentUrl\":\"https:\\\/\\\/noticiasmercedinas.com\\\/site\\\/wp-content\\\/uploads\\\/2020\\\/06\\\/LOGO-512.jpg\",\"width\":512,\"height\":512,\"caption\":\"NOTICIASMERCEDINAS.COM\"},\"image\":{\"@id\":\"https:\\\/\\\/noticiasmercedinas.com\\\/site\\\/#\\\/schema\\\/logo\\\/image\\\/\"},\"sameAs\":[\"https:\\\/\\\/www.facebook.com\\\/noticiasmercedinas\\\/\",\"https:\\\/\\\/x.com\\\/notmercedinas\",\"https:\\\/\\\/www.instagram.com\\\/noticiasmercedinas\\\/\"]},{\"@type\":\"Person\",\"@id\":\"https:\\\/\\\/noticiasmercedinas.com\\\/site\\\/#\\\/schema\\\/person\\\/d481a9696a5feaec13a60e2bbd991a6a\",\"name\":\"Cristian Falabella NOTICIASMERCEDINAS.COM\",\"image\":{\"@type\":\"ImageObject\",\"inLanguage\":\"es\",\"@id\":\"https:\\\/\\\/secure.gravatar.com\\\/avatar\\\/0dbbfc45970cc46bcd0e57766228574ff3511d6eed045b182f536f0f478c1f06?s=96&d=mm&r=g\",\"url\":\"https:\\\/\\\/secure.gravatar.com\\\/avatar\\\/0dbbfc45970cc46bcd0e57766228574ff3511d6eed045b182f536f0f478c1f06?s=96&d=mm&r=g\",\"contentUrl\":\"https:\\\/\\\/secure.gravatar.com\\\/avatar\\\/0dbbfc45970cc46bcd0e57766228574ff3511d6eed045b182f536f0f478c1f06?s=96&d=mm&r=g\",\"caption\":\"Cristian Falabella NOTICIASMERCEDINAS.COM\"},\"description\":\"Periodista, editor de Noticias Mercedinas. Pas\u00f3 por varias redacciones y emprendimientos de prensa, en distintos formatos y \u00e9pocas. Se especializ\u00f3 --y sigue haci\u00e9ndolo-- en comunicaci\u00f3n en la web y en junio de 2006 fund\u00f3 este diario digital.\",\"sameAs\":[\"https:\\\/\\\/noticiasmercedinas.com\",\"https:\\\/\\\/www.facebook.com\\\/cristian.falabella\",\"https:\\\/\\\/www.instagram.com\\\/noticiasmercedinas\\\/\",\"https:\\\/\\\/x.com\\\/https:\\\/\\\/twitter.com\\\/NOTMERCEDINAS\"],\"url\":\"https:\\\/\\\/noticiasmercedinas.com\\\/site\\\/author\\\/as000384\\\/\"}]}<\/script>\n<!-- \/ Yoast SEO plugin. -->","yoast_head_json":{"title":"\"La Flauta M\u00e1gica\" acerc\u00f3 la \u00f3pera a todo p\u00fablico en el Parque Municipal","robots":{"index":"index","follow":"follow","max-snippet":"max-snippet:-1","max-image-preview":"max-image-preview:large","max-video-preview":"max-video-preview:-1"},"canonical":"https:\/\/noticiasmercedinas.com\/site\/2021\/08\/29\/la-flauta-magica-acerco-la-opera-a-todo-publico-en-el-parque-municipal\/","og_locale":"es_ES","og_type":"article","og_title":"\"La Flauta M\u00e1gica\" acerc\u00f3 la \u00f3pera a todo p\u00fablico en el Parque Municipal","og_description":"\u25a0 En su versi\u00f3n adaptada para ni\u00f1os, la coproducci\u00f3n de Tecn\u00f3polis y el Teatro Argentino de La Plata se present\u00f3 este s\u00e1bado. Una posibilidad de que todos puedan disfrutar de Mozart y su obra.","og_url":"https:\/\/noticiasmercedinas.com\/site\/2021\/08\/29\/la-flauta-magica-acerco-la-opera-a-todo-publico-en-el-parque-municipal\/","og_site_name":"NOTICIASMERCEDINAS.COM","article_publisher":"https:\/\/www.facebook.com\/noticiasmercedinas\/","article_author":"https:\/\/www.facebook.com\/cristian.falabella","article_published_time":"2021-08-29T14:51:41+00:00","article_modified_time":"2021-08-29T16:09:05+00:00","og_image":[{"width":2560,"height":1443,"url":"https:\/\/noticiasmercedinas.com\/site\/wp-content\/uploads\/2021\/08\/wp-1630243792075-1662096149-scaled.jpg","type":"image\/jpeg"}],"author":"Cristian Falabella NOTICIASMERCEDINAS.COM","twitter_card":"summary_large_image","twitter_creator":"@https:\/\/twitter.com\/NOTMERCEDINAS","twitter_site":"@notmercedinas","twitter_misc":{"Escrito por":"Cristian Falabella NOTICIASMERCEDINAS.COM","Tiempo de lectura":"6 minutos"},"schema":{"@context":"https:\/\/schema.org","@graph":[{"@type":"Article","@id":"https:\/\/noticiasmercedinas.com\/site\/2021\/08\/29\/la-flauta-magica-acerco-la-opera-a-todo-publico-en-el-parque-municipal\/#article","isPartOf":{"@id":"https:\/\/noticiasmercedinas.com\/site\/2021\/08\/29\/la-flauta-magica-acerco-la-opera-a-todo-publico-en-el-parque-municipal\/"},"author":{"name":"Cristian Falabella NOTICIASMERCEDINAS.COM","@id":"https:\/\/noticiasmercedinas.com\/site\/#\/schema\/person\/d481a9696a5feaec13a60e2bbd991a6a"},"headline":"\u00abLa Flauta M\u00e1gica\u00bb acerc\u00f3 la \u00f3pera a todo p\u00fablico en el Parque Municipal","datePublished":"2021-08-29T14:51:41+00:00","dateModified":"2021-08-29T16:09:05+00:00","mainEntityOfPage":{"@id":"https:\/\/noticiasmercedinas.com\/site\/2021\/08\/29\/la-flauta-magica-acerco-la-opera-a-todo-publico-en-el-parque-municipal\/"},"wordCount":1168,"commentCount":0,"publisher":{"@id":"https:\/\/noticiasmercedinas.com\/site\/#organization"},"image":{"@id":"https:\/\/noticiasmercedinas.com\/site\/2021\/08\/29\/la-flauta-magica-acerco-la-opera-a-todo-publico-en-el-parque-municipal\/#primaryimage"},"thumbnailUrl":"https:\/\/noticiasmercedinas.com\/site\/wp-content\/uploads\/2021\/08\/wp-1630243792075-1662096149-scaled.jpg","keywords":["Carolina G\u00f3mez","Eduviges Picone","Ernesto Bauer","Ezequiel Fautario","Fabiola Masino","Hern\u00e1n Iturralde","Jaquelina Livieri","la flauta magica","Laura Pisani","Leonardo Menna","Leonardo Palma","Luc\u00eda Zapata","Mar\u00eda Concepci\u00f3n Perre","Mar\u00eda de la Paz Perre","Marina Silva","Mirko Tomas","mozart","nacion","Pablo Pollitzer","provincia","Sebasti\u00e1n Russo","Susana Moreno","teatro argentino","tecnopolis"],"articleSection":["Cultura"],"inLanguage":"es","potentialAction":[{"@type":"CommentAction","name":"Comment","target":["https:\/\/noticiasmercedinas.com\/site\/2021\/08\/29\/la-flauta-magica-acerco-la-opera-a-todo-publico-en-el-parque-municipal\/#respond"]}]},{"@type":"WebPage","@id":"https:\/\/noticiasmercedinas.com\/site\/2021\/08\/29\/la-flauta-magica-acerco-la-opera-a-todo-publico-en-el-parque-municipal\/","url":"https:\/\/noticiasmercedinas.com\/site\/2021\/08\/29\/la-flauta-magica-acerco-la-opera-a-todo-publico-en-el-parque-municipal\/","name":"\"La Flauta M\u00e1gica\" acerc\u00f3 la \u00f3pera a todo p\u00fablico en el Parque Municipal","isPartOf":{"@id":"https:\/\/noticiasmercedinas.com\/site\/#website"},"primaryImageOfPage":{"@id":"https:\/\/noticiasmercedinas.com\/site\/2021\/08\/29\/la-flauta-magica-acerco-la-opera-a-todo-publico-en-el-parque-municipal\/#primaryimage"},"image":{"@id":"https:\/\/noticiasmercedinas.com\/site\/2021\/08\/29\/la-flauta-magica-acerco-la-opera-a-todo-publico-en-el-parque-municipal\/#primaryimage"},"thumbnailUrl":"https:\/\/noticiasmercedinas.com\/site\/wp-content\/uploads\/2021\/08\/wp-1630243792075-1662096149-scaled.jpg","datePublished":"2021-08-29T14:51:41+00:00","dateModified":"2021-08-29T16:09:05+00:00","breadcrumb":{"@id":"https:\/\/noticiasmercedinas.com\/site\/2021\/08\/29\/la-flauta-magica-acerco-la-opera-a-todo-publico-en-el-parque-municipal\/#breadcrumb"},"inLanguage":"es","potentialAction":[{"@type":"ReadAction","target":["https:\/\/noticiasmercedinas.com\/site\/2021\/08\/29\/la-flauta-magica-acerco-la-opera-a-todo-publico-en-el-parque-municipal\/"]}]},{"@type":"ImageObject","inLanguage":"es","@id":"https:\/\/noticiasmercedinas.com\/site\/2021\/08\/29\/la-flauta-magica-acerco-la-opera-a-todo-publico-en-el-parque-municipal\/#primaryimage","url":"https:\/\/noticiasmercedinas.com\/site\/wp-content\/uploads\/2021\/08\/wp-1630243792075-1662096149-scaled.jpg","contentUrl":"https:\/\/noticiasmercedinas.com\/site\/wp-content\/uploads\/2021\/08\/wp-1630243792075-1662096149-scaled.jpg","width":2560,"height":1443},{"@type":"BreadcrumbList","@id":"https:\/\/noticiasmercedinas.com\/site\/2021\/08\/29\/la-flauta-magica-acerco-la-opera-a-todo-publico-en-el-parque-municipal\/#breadcrumb","itemListElement":[{"@type":"ListItem","position":1,"name":"Portada","item":"https:\/\/noticiasmercedinas.com\/site\/"},{"@type":"ListItem","position":2,"name":"\u00abLa Flauta M\u00e1gica\u00bb acerc\u00f3 la \u00f3pera a todo p\u00fablico en el Parque Municipal"}]},{"@type":"WebSite","@id":"https:\/\/noticiasmercedinas.com\/site\/#website","url":"https:\/\/noticiasmercedinas.com\/site\/","name":"NOTICIASMERCEDINAS.COM","description":"Mercedes, Buenos Aires, Argentina","publisher":{"@id":"https:\/\/noticiasmercedinas.com\/site\/#organization"},"potentialAction":[{"@type":"SearchAction","target":{"@type":"EntryPoint","urlTemplate":"https:\/\/noticiasmercedinas.com\/site\/?s={search_term_string}"},"query-input":{"@type":"PropertyValueSpecification","valueRequired":true,"valueName":"search_term_string"}}],"inLanguage":"es"},{"@type":"Organization","@id":"https:\/\/noticiasmercedinas.com\/site\/#organization","name":"NOTICIASMERCEDINAS.COM","url":"https:\/\/noticiasmercedinas.com\/site\/","logo":{"@type":"ImageObject","inLanguage":"es","@id":"https:\/\/noticiasmercedinas.com\/site\/#\/schema\/logo\/image\/","url":"https:\/\/noticiasmercedinas.com\/site\/wp-content\/uploads\/2020\/06\/LOGO-512.jpg","contentUrl":"https:\/\/noticiasmercedinas.com\/site\/wp-content\/uploads\/2020\/06\/LOGO-512.jpg","width":512,"height":512,"caption":"NOTICIASMERCEDINAS.COM"},"image":{"@id":"https:\/\/noticiasmercedinas.com\/site\/#\/schema\/logo\/image\/"},"sameAs":["https:\/\/www.facebook.com\/noticiasmercedinas\/","https:\/\/x.com\/notmercedinas","https:\/\/www.instagram.com\/noticiasmercedinas\/"]},{"@type":"Person","@id":"https:\/\/noticiasmercedinas.com\/site\/#\/schema\/person\/d481a9696a5feaec13a60e2bbd991a6a","name":"Cristian Falabella NOTICIASMERCEDINAS.COM","image":{"@type":"ImageObject","inLanguage":"es","@id":"https:\/\/secure.gravatar.com\/avatar\/0dbbfc45970cc46bcd0e57766228574ff3511d6eed045b182f536f0f478c1f06?s=96&d=mm&r=g","url":"https:\/\/secure.gravatar.com\/avatar\/0dbbfc45970cc46bcd0e57766228574ff3511d6eed045b182f536f0f478c1f06?s=96&d=mm&r=g","contentUrl":"https:\/\/secure.gravatar.com\/avatar\/0dbbfc45970cc46bcd0e57766228574ff3511d6eed045b182f536f0f478c1f06?s=96&d=mm&r=g","caption":"Cristian Falabella NOTICIASMERCEDINAS.COM"},"description":"Periodista, editor de Noticias Mercedinas. Pas\u00f3 por varias redacciones y emprendimientos de prensa, en distintos formatos y \u00e9pocas. Se especializ\u00f3 --y sigue haci\u00e9ndolo-- en comunicaci\u00f3n en la web y en junio de 2006 fund\u00f3 este diario digital.","sameAs":["https:\/\/noticiasmercedinas.com","https:\/\/www.facebook.com\/cristian.falabella","https:\/\/www.instagram.com\/noticiasmercedinas\/","https:\/\/x.com\/https:\/\/twitter.com\/NOTMERCEDINAS"],"url":"https:\/\/noticiasmercedinas.com\/site\/author\/as000384\/"}]}},"amp_enabled":true,"_links":{"self":[{"href":"https:\/\/noticiasmercedinas.com\/site\/wp-json\/wp\/v2\/posts\/73598","targetHints":{"allow":["GET"]}}],"collection":[{"href":"https:\/\/noticiasmercedinas.com\/site\/wp-json\/wp\/v2\/posts"}],"about":[{"href":"https:\/\/noticiasmercedinas.com\/site\/wp-json\/wp\/v2\/types\/post"}],"author":[{"embeddable":true,"href":"https:\/\/noticiasmercedinas.com\/site\/wp-json\/wp\/v2\/users\/2"}],"replies":[{"embeddable":true,"href":"https:\/\/noticiasmercedinas.com\/site\/wp-json\/wp\/v2\/comments?post=73598"}],"version-history":[{"count":2,"href":"https:\/\/noticiasmercedinas.com\/site\/wp-json\/wp\/v2\/posts\/73598\/revisions"}],"predecessor-version":[{"id":73605,"href":"https:\/\/noticiasmercedinas.com\/site\/wp-json\/wp\/v2\/posts\/73598\/revisions\/73605"}],"wp:featuredmedia":[{"embeddable":true,"href":"https:\/\/noticiasmercedinas.com\/site\/wp-json\/wp\/v2\/media\/73595"}],"wp:attachment":[{"href":"https:\/\/noticiasmercedinas.com\/site\/wp-json\/wp\/v2\/media?parent=73598"}],"wp:term":[{"taxonomy":"category","embeddable":true,"href":"https:\/\/noticiasmercedinas.com\/site\/wp-json\/wp\/v2\/categories?post=73598"},{"taxonomy":"post_tag","embeddable":true,"href":"https:\/\/noticiasmercedinas.com\/site\/wp-json\/wp\/v2\/tags?post=73598"}],"curies":[{"name":"wp","href":"https:\/\/api.w.org\/{rel}","templated":true}]}}