{"id":74759,"date":"2021-09-14T18:28:15","date_gmt":"2021-09-14T21:28:15","guid":{"rendered":"https:\/\/noticiasmercedinas.com\/site\/?p=74759"},"modified":"2021-09-14T18:28:15","modified_gmt":"2021-09-14T21:28:15","slug":"wado-y-el-indio-dialoguitos-en-instagram","status":"publish","type":"post","link":"https:\/\/noticiasmercedinas.com\/site\/2021\/09\/14\/wado-y-el-indio-dialoguitos-en-instagram\/","title":{"rendered":"Wado y el Indio: dialoguitos en Instagram"},"content":{"rendered":"<p><a href=\"https:\/\/noticiasmercedinas.com\/site\/wp-content\/uploads\/2021\/09\/wado_insta.jpg\"><img loading=\"lazy\" decoding=\"async\" class=\"alignnone size-full wp-image-74760\" src=\"https:\/\/noticiasmercedinas.com\/site\/wp-content\/uploads\/2021\/09\/wado_insta.jpg\" alt=\"\" width=\"839\" height=\"406\" \/><\/a><\/p>\n<p>El ministro del Interior, Eduardo Wado de Pedro, sostiene su relaci\u00f3n en redes sociales con el m\u00edtico rocker Indio Solari, en esta oportunidad mediante Instagram, plataforma en la que el cantante contest\u00f3 a una publicaci\u00f3n del funcionario oriundo de Mercedes.<\/p>\n<p>En su cuenta verificada @wadodecorrido, el Ministro hab\u00eda posteado \u201cYa vot\u00e9 en mi querida ciudad de Mercedes. Gracias a todos y todas las que est\u00e1n trabajando hoy para hacer posible la elecci\u00f3n en todo el pa\u00eds. Yendo a votar, estamos cuidando la democracia\u201d.<\/p>\n<p>Lo hizo con una \u201cselfie\u201d de la mesa de votaci\u00f3n y sus autoridades, ante lo cual @indiosolarioficial volvi\u00f3 a expresar su apoyo a Wado: \u201cSost\u00e9ngase como siempre, sereno. A usted no se le puede pedir mas\u201d. Y brome\u00f3: \u201cJaja yo se que usted me va a contestar \u2018s\u00ed se se puede\u2019\u2026\u201d<\/p>\n<blockquote><p>El Indio brome\u00f3: \u201cJaja yo se que usted me va a contestar \u2018s\u00ed se se puede\u2019\u2026\u201d<\/p><\/blockquote>\n<p>La cosa no qued\u00f3 ah\u00ed, ya que luego De Pedro replic\u00f3 al m\u00fasico: \u201cSiempre tranquilo, Indio Solari, siempre aprendiendo. Escuchando con humildad. Gracias por tus palabras y por tu amistad\u201d, escribi\u00f3.<\/p>\n<p>La relaci\u00f3n p\u00fablica entre Wado y el Indio tuvo un antecedente inmediato en junio cuando <a href=\"https:\/\/noticiasmercedinas.com\/site\/2021\/06\/30\/wado-e-indio-solari-buena-onda-en-las-redes\/\">el pol\u00edtico agradeci\u00f3 a Solari y al artista gr\u00e1fico Pablo Seraf\u00edn<\/a> por el obsequio del libro \u00abLa vida es una misi\u00f3n secreta\u00bb, que re\u00fane los textos de 25 canciones del m\u00edtico l\u00edder de \u201cLos Redondos\u201d e ilustraciones aleg\u00f3ricas del historietista.<\/p>\n<p>&nbsp;<\/p>\n<blockquote class=\"instagram-media\" style=\"background: #FFF; border: 0; border-radius: 3px; box-shadow: 0 0 1px 0 rgba(0,0,0,0.5),0 1px 10px 0 rgba(0,0,0,0.15); margin: 1px; max-width: 540px; min-width: 326px; padding: 0; width: calc(100% - 2px);\" data-instgrm-captioned=\"\" data-instgrm-permalink=\"https:\/\/www.instagram.com\/p\/CTuaLRerm03\/?utm_source=ig_embed&amp;utm_campaign=loading\" data-instgrm-version=\"13\">\n<div style=\"padding: 16px;\">\n<p>&nbsp;<\/p>\n<div style=\"display: flex; flex-direction: row; align-items: center;\">\n<div style=\"background-color: #f4f4f4; border-radius: 50%; flex-grow: 0; height: 40px; margin-right: 14px; width: 40px;\"><\/div>\n<div style=\"display: flex; flex-direction: column; flex-grow: 1; justify-content: center;\">\n<div style=\"background-color: #f4f4f4; border-radius: 4px; flex-grow: 0; height: 14px; margin-bottom: 6px; width: 100px;\"><\/div>\n<div style=\"background-color: #f4f4f4; border-radius: 4px; flex-grow: 0; height: 14px; width: 60px;\"><\/div>\n<\/div>\n<\/div>\n<div style=\"padding: 19% 0;\"><\/div>\n<div style=\"display: block; height: 50px; margin: 0 auto 12px; width: 50px;\"><\/div>\n<div style=\"padding-top: 8px;\">\n<div style=\"color: #3897f0; font-family: Arial,sans-serif; font-size: 14px; font-style: normal; font-weight: 550; line-height: 18px;\">Ver esta publicaci\u00f3n en Instagram<\/div>\n<\/div>\n<div style=\"padding: 12.5% 0;\"><\/div>\n<div style=\"display: flex; flex-direction: row; margin-bottom: 14px; align-items: center;\">\n<div>\n<div style=\"background-color: #f4f4f4; border-radius: 50%; height: 12.5px; width: 12.5px; transform: translateX(0px) translateY(7px);\"><\/div>\n<div style=\"background-color: #f4f4f4; height: 12.5px; transform: rotate(-45deg) translateX(3px) translateY(1px); width: 12.5px; flex-grow: 0; margin-right: 14px; margin-left: 2px;\"><\/div>\n<div style=\"background-color: #f4f4f4; border-radius: 50%; height: 12.5px; width: 12.5px; transform: translateX(9px) translateY(-18px);\"><\/div>\n<\/div>\n<div style=\"margin-left: 8px;\">\n<div style=\"background-color: #f4f4f4; border-radius: 50%; flex-grow: 0; height: 20px; width: 20px;\"><\/div>\n<div style=\"width: 0; height: 0; border-top: 2px solid transparent; border-left: 6px solid #f4f4f4; border-bottom: 2px solid transparent; transform: translateX(16px) translateY(-4px) rotate(30deg);\"><\/div>\n<\/div>\n<div style=\"margin-left: auto;\">\n<div style=\"width: 0px; border-top: 8px solid #F4F4F4; border-right: 8px solid transparent; transform: translateY(16px);\"><\/div>\n<div style=\"background-color: #f4f4f4; flex-grow: 0; height: 12px; width: 16px; transform: translateY(-4px);\"><\/div>\n<div style=\"width: 0; height: 0; border-top: 8px solid #F4F4F4; border-left: 8px solid transparent; transform: translateY(-4px) translateX(8px);\"><\/div>\n<\/div>\n<\/div>\n<div style=\"display: flex; flex-direction: column; flex-grow: 1; justify-content: center; margin-bottom: 24px;\">\n<div style=\"background-color: #f4f4f4; border-radius: 4px; flex-grow: 0; height: 14px; margin-bottom: 6px; width: 224px;\"><\/div>\n<div style=\"background-color: #f4f4f4; border-radius: 4px; flex-grow: 0; height: 14px; width: 144px;\"><\/div>\n<\/div>\n<p>&nbsp;<\/p>\n<p style=\"color: #c9c8cd; font-family: Arial,sans-serif; font-size: 14px; line-height: 17px; margin-bottom: 0; margin-top: 8px; overflow: hidden; padding: 8px 0 7px; text-align: center; text-overflow: ellipsis; white-space: nowrap;\"><a style=\"color: #c9c8cd; font-family: Arial,sans-serif; font-size: 14px; font-style: normal; font-weight: normal; line-height: 17px; text-decoration: none;\" href=\"https:\/\/www.instagram.com\/p\/CTuaLRerm03\/?utm_source=ig_embed&amp;utm_campaign=loading\" target=\"_blank\" rel=\"noopener\">Una publicaci\u00f3n compartida de Wado de Pedro (@wadodecorrido)<\/a><\/p>\n<\/div>\n<\/blockquote>\n<p><script async src=\"\/\/www.instagram.com\/embed.js\"><\/script><\/p>\n","protected":false},"excerpt":{"rendered":"<p>\u25a0 El ministro del Interior public\u00f3 una foto votando y el rocker le contest\u00f3 \u201ca usted no se le puede pedir m\u00e1s\u201d.<\/p>\n","protected":false},"author":3,"featured_media":74760,"comment_status":"open","ping_status":"open","sticky":false,"template":"","format":"standard","meta":{"footnotes":""},"categories":[16],"tags":[5806,12831,3046],"class_list":["post-74759","post","type-post","status-publish","format-standard","has-post-thumbnail","hentry","category-politica","tag-elecciones-paso","tag-indio","tag-wado"],"yoast_head":"<!-- This site is optimized with the Yoast SEO plugin v27.4 - https:\/\/yoast.com\/product\/yoast-seo-wordpress\/ -->\n<title>Wado y el Indio: dialoguitos en Instagram<\/title>\n<meta name=\"robots\" content=\"index, follow, max-snippet:-1, max-image-preview:large, max-video-preview:-1\" \/>\n<link rel=\"canonical\" href=\"https:\/\/noticiasmercedinas.com\/site\/2021\/09\/14\/wado-y-el-indio-dialoguitos-en-instagram\/\" \/>\n<meta property=\"og:locale\" content=\"es_ES\" \/>\n<meta property=\"og:type\" content=\"article\" \/>\n<meta property=\"og:title\" content=\"Wado y el Indio: dialoguitos en Instagram\" \/>\n<meta property=\"og:description\" content=\"\u25a0 El ministro del Interior public\u00f3 una foto votando y el rocker le contest\u00f3 \u201ca usted no se le puede pedir m\u00e1s\u201d.\" \/>\n<meta property=\"og:url\" content=\"https:\/\/noticiasmercedinas.com\/site\/2021\/09\/14\/wado-y-el-indio-dialoguitos-en-instagram\/\" \/>\n<meta property=\"og:site_name\" content=\"NOTICIASMERCEDINAS.COM\" \/>\n<meta property=\"article:publisher\" content=\"https:\/\/www.facebook.com\/noticiasmercedinas\/\" \/>\n<meta property=\"article:published_time\" content=\"2021-09-14T21:28:15+00:00\" \/>\n<meta property=\"og:image\" content=\"https:\/\/noticiasmercedinas.com\/site\/wp-content\/uploads\/2021\/09\/wado_insta-e1631654780973.jpg\" \/>\n\t<meta property=\"og:image:width\" content=\"640\" \/>\n\t<meta property=\"og:image:height\" content=\"310\" \/>\n\t<meta property=\"og:image:type\" content=\"image\/jpeg\" \/>\n<meta name=\"author\" content=\"Adrian Terrizzano NOTICIASMERCEDINAS.COM\" \/>\n<meta name=\"twitter:card\" content=\"summary_large_image\" \/>\n<meta name=\"twitter:creator\" content=\"@https:\/\/twitter.com\/AdrianTerri\" \/>\n<meta name=\"twitter:site\" content=\"@notmercedinas\" \/>\n<meta name=\"twitter:label1\" content=\"Escrito por\" \/>\n\t<meta name=\"twitter:data1\" content=\"Adrian Terrizzano NOTICIASMERCEDINAS.COM\" \/>\n\t<meta name=\"twitter:label2\" content=\"Tiempo de lectura\" \/>\n\t<meta name=\"twitter:data2\" content=\"1 minuto\" \/>\n<script type=\"application\/ld+json\" class=\"yoast-schema-graph\">{\"@context\":\"https:\\\/\\\/schema.org\",\"@graph\":[{\"@type\":\"Article\",\"@id\":\"https:\\\/\\\/noticiasmercedinas.com\\\/site\\\/2021\\\/09\\\/14\\\/wado-y-el-indio-dialoguitos-en-instagram\\\/#article\",\"isPartOf\":{\"@id\":\"https:\\\/\\\/noticiasmercedinas.com\\\/site\\\/2021\\\/09\\\/14\\\/wado-y-el-indio-dialoguitos-en-instagram\\\/\"},\"author\":{\"name\":\"Adrian Terrizzano NOTICIASMERCEDINAS.COM\",\"@id\":\"https:\\\/\\\/noticiasmercedinas.com\\\/site\\\/#\\\/schema\\\/person\\\/45cbccca776c0c5524a6d2a8f1b04acd\"},\"headline\":\"Wado y el Indio: dialoguitos en Instagram\",\"datePublished\":\"2021-09-14T21:28:15+00:00\",\"mainEntityOfPage\":{\"@id\":\"https:\\\/\\\/noticiasmercedinas.com\\\/site\\\/2021\\\/09\\\/14\\\/wado-y-el-indio-dialoguitos-en-instagram\\\/\"},\"wordCount\":280,\"commentCount\":0,\"publisher\":{\"@id\":\"https:\\\/\\\/noticiasmercedinas.com\\\/site\\\/#organization\"},\"image\":{\"@id\":\"https:\\\/\\\/noticiasmercedinas.com\\\/site\\\/2021\\\/09\\\/14\\\/wado-y-el-indio-dialoguitos-en-instagram\\\/#primaryimage\"},\"thumbnailUrl\":\"https:\\\/\\\/noticiasmercedinas.com\\\/site\\\/wp-content\\\/uploads\\\/2021\\\/09\\\/wado_insta-e1631654780973.jpg\",\"keywords\":[\"elecciones paso\",\"Indio\",\"wado\"],\"articleSection\":[\"Politica\"],\"inLanguage\":\"es\",\"potentialAction\":[{\"@type\":\"CommentAction\",\"name\":\"Comment\",\"target\":[\"https:\\\/\\\/noticiasmercedinas.com\\\/site\\\/2021\\\/09\\\/14\\\/wado-y-el-indio-dialoguitos-en-instagram\\\/#respond\"]}]},{\"@type\":\"WebPage\",\"@id\":\"https:\\\/\\\/noticiasmercedinas.com\\\/site\\\/2021\\\/09\\\/14\\\/wado-y-el-indio-dialoguitos-en-instagram\\\/\",\"url\":\"https:\\\/\\\/noticiasmercedinas.com\\\/site\\\/2021\\\/09\\\/14\\\/wado-y-el-indio-dialoguitos-en-instagram\\\/\",\"name\":\"Wado y el Indio: dialoguitos en Instagram\",\"isPartOf\":{\"@id\":\"https:\\\/\\\/noticiasmercedinas.com\\\/site\\\/#website\"},\"primaryImageOfPage\":{\"@id\":\"https:\\\/\\\/noticiasmercedinas.com\\\/site\\\/2021\\\/09\\\/14\\\/wado-y-el-indio-dialoguitos-en-instagram\\\/#primaryimage\"},\"image\":{\"@id\":\"https:\\\/\\\/noticiasmercedinas.com\\\/site\\\/2021\\\/09\\\/14\\\/wado-y-el-indio-dialoguitos-en-instagram\\\/#primaryimage\"},\"thumbnailUrl\":\"https:\\\/\\\/noticiasmercedinas.com\\\/site\\\/wp-content\\\/uploads\\\/2021\\\/09\\\/wado_insta-e1631654780973.jpg\",\"datePublished\":\"2021-09-14T21:28:15+00:00\",\"breadcrumb\":{\"@id\":\"https:\\\/\\\/noticiasmercedinas.com\\\/site\\\/2021\\\/09\\\/14\\\/wado-y-el-indio-dialoguitos-en-instagram\\\/#breadcrumb\"},\"inLanguage\":\"es\",\"potentialAction\":[{\"@type\":\"ReadAction\",\"target\":[\"https:\\\/\\\/noticiasmercedinas.com\\\/site\\\/2021\\\/09\\\/14\\\/wado-y-el-indio-dialoguitos-en-instagram\\\/\"]}]},{\"@type\":\"ImageObject\",\"inLanguage\":\"es\",\"@id\":\"https:\\\/\\\/noticiasmercedinas.com\\\/site\\\/2021\\\/09\\\/14\\\/wado-y-el-indio-dialoguitos-en-instagram\\\/#primaryimage\",\"url\":\"https:\\\/\\\/noticiasmercedinas.com\\\/site\\\/wp-content\\\/uploads\\\/2021\\\/09\\\/wado_insta-e1631654780973.jpg\",\"contentUrl\":\"https:\\\/\\\/noticiasmercedinas.com\\\/site\\\/wp-content\\\/uploads\\\/2021\\\/09\\\/wado_insta-e1631654780973.jpg\",\"width\":640,\"height\":310},{\"@type\":\"BreadcrumbList\",\"@id\":\"https:\\\/\\\/noticiasmercedinas.com\\\/site\\\/2021\\\/09\\\/14\\\/wado-y-el-indio-dialoguitos-en-instagram\\\/#breadcrumb\",\"itemListElement\":[{\"@type\":\"ListItem\",\"position\":1,\"name\":\"Portada\",\"item\":\"https:\\\/\\\/noticiasmercedinas.com\\\/site\\\/\"},{\"@type\":\"ListItem\",\"position\":2,\"name\":\"Wado y el Indio: dialoguitos en Instagram\"}]},{\"@type\":\"WebSite\",\"@id\":\"https:\\\/\\\/noticiasmercedinas.com\\\/site\\\/#website\",\"url\":\"https:\\\/\\\/noticiasmercedinas.com\\\/site\\\/\",\"name\":\"NOTICIASMERCEDINAS.COM\",\"description\":\"Mercedes, Buenos Aires, Argentina\",\"publisher\":{\"@id\":\"https:\\\/\\\/noticiasmercedinas.com\\\/site\\\/#organization\"},\"potentialAction\":[{\"@type\":\"SearchAction\",\"target\":{\"@type\":\"EntryPoint\",\"urlTemplate\":\"https:\\\/\\\/noticiasmercedinas.com\\\/site\\\/?s={search_term_string}\"},\"query-input\":{\"@type\":\"PropertyValueSpecification\",\"valueRequired\":true,\"valueName\":\"search_term_string\"}}],\"inLanguage\":\"es\"},{\"@type\":\"Organization\",\"@id\":\"https:\\\/\\\/noticiasmercedinas.com\\\/site\\\/#organization\",\"name\":\"NOTICIASMERCEDINAS.COM\",\"url\":\"https:\\\/\\\/noticiasmercedinas.com\\\/site\\\/\",\"logo\":{\"@type\":\"ImageObject\",\"inLanguage\":\"es\",\"@id\":\"https:\\\/\\\/noticiasmercedinas.com\\\/site\\\/#\\\/schema\\\/logo\\\/image\\\/\",\"url\":\"https:\\\/\\\/noticiasmercedinas.com\\\/site\\\/wp-content\\\/uploads\\\/2020\\\/06\\\/LOGO-512.jpg\",\"contentUrl\":\"https:\\\/\\\/noticiasmercedinas.com\\\/site\\\/wp-content\\\/uploads\\\/2020\\\/06\\\/LOGO-512.jpg\",\"width\":512,\"height\":512,\"caption\":\"NOTICIASMERCEDINAS.COM\"},\"image\":{\"@id\":\"https:\\\/\\\/noticiasmercedinas.com\\\/site\\\/#\\\/schema\\\/logo\\\/image\\\/\"},\"sameAs\":[\"https:\\\/\\\/www.facebook.com\\\/noticiasmercedinas\\\/\",\"https:\\\/\\\/x.com\\\/notmercedinas\",\"https:\\\/\\\/www.instagram.com\\\/noticiasmercedinas\\\/\"]},{\"@type\":\"Person\",\"@id\":\"https:\\\/\\\/noticiasmercedinas.com\\\/site\\\/#\\\/schema\\\/person\\\/45cbccca776c0c5524a6d2a8f1b04acd\",\"name\":\"Adrian Terrizzano NOTICIASMERCEDINAS.COM\",\"image\":{\"@type\":\"ImageObject\",\"inLanguage\":\"es\",\"@id\":\"https:\\\/\\\/secure.gravatar.com\\\/avatar\\\/9bfd6dcfcf5cc28d74f7cefd9e87a6220d73f42949c5456b2b67674334db8bee?s=96&d=mm&r=g\",\"url\":\"https:\\\/\\\/secure.gravatar.com\\\/avatar\\\/9bfd6dcfcf5cc28d74f7cefd9e87a6220d73f42949c5456b2b67674334db8bee?s=96&d=mm&r=g\",\"contentUrl\":\"https:\\\/\\\/secure.gravatar.com\\\/avatar\\\/9bfd6dcfcf5cc28d74f7cefd9e87a6220d73f42949c5456b2b67674334db8bee?s=96&d=mm&r=g\",\"caption\":\"Adrian Terrizzano NOTICIASMERCEDINAS.COM\"},\"description\":\"Periodista experimentado. Aprendi\u00f3 el oficio en medios gr\u00e1ficos y digitales, comerciales, institucionales y comunitarios, radio y televisi\u00f3n. Actualmente en Noticias Mercedinas, Radio L\u00edder de Luj\u00e1n y Centro de Producci\u00f3n Audiovisual UNLu.\",\"sameAs\":[\"https:\\\/\\\/www.linkedin.com\\\/in\\\/adri\u00e1n-terrizzano-53795630\\\/\",\"https:\\\/\\\/x.com\\\/https:\\\/\\\/twitter.com\\\/AdrianTerri\"],\"url\":\"https:\\\/\\\/noticiasmercedinas.com\\\/site\\\/author\\\/adrian-terrizzano\\\/\"}]}<\/script>\n<!-- \/ Yoast SEO plugin. -->","yoast_head_json":{"title":"Wado y el Indio: dialoguitos en Instagram","robots":{"index":"index","follow":"follow","max-snippet":"max-snippet:-1","max-image-preview":"max-image-preview:large","max-video-preview":"max-video-preview:-1"},"canonical":"https:\/\/noticiasmercedinas.com\/site\/2021\/09\/14\/wado-y-el-indio-dialoguitos-en-instagram\/","og_locale":"es_ES","og_type":"article","og_title":"Wado y el Indio: dialoguitos en Instagram","og_description":"\u25a0 El ministro del Interior public\u00f3 una foto votando y el rocker le contest\u00f3 \u201ca usted no se le puede pedir m\u00e1s\u201d.","og_url":"https:\/\/noticiasmercedinas.com\/site\/2021\/09\/14\/wado-y-el-indio-dialoguitos-en-instagram\/","og_site_name":"NOTICIASMERCEDINAS.COM","article_publisher":"https:\/\/www.facebook.com\/noticiasmercedinas\/","article_published_time":"2021-09-14T21:28:15+00:00","og_image":[{"width":640,"height":310,"url":"https:\/\/noticiasmercedinas.com\/site\/wp-content\/uploads\/2021\/09\/wado_insta-e1631654780973.jpg","type":"image\/jpeg"}],"author":"Adrian Terrizzano NOTICIASMERCEDINAS.COM","twitter_card":"summary_large_image","twitter_creator":"@https:\/\/twitter.com\/AdrianTerri","twitter_site":"@notmercedinas","twitter_misc":{"Escrito por":"Adrian Terrizzano NOTICIASMERCEDINAS.COM","Tiempo de lectura":"1 minuto"},"schema":{"@context":"https:\/\/schema.org","@graph":[{"@type":"Article","@id":"https:\/\/noticiasmercedinas.com\/site\/2021\/09\/14\/wado-y-el-indio-dialoguitos-en-instagram\/#article","isPartOf":{"@id":"https:\/\/noticiasmercedinas.com\/site\/2021\/09\/14\/wado-y-el-indio-dialoguitos-en-instagram\/"},"author":{"name":"Adrian Terrizzano NOTICIASMERCEDINAS.COM","@id":"https:\/\/noticiasmercedinas.com\/site\/#\/schema\/person\/45cbccca776c0c5524a6d2a8f1b04acd"},"headline":"Wado y el Indio: dialoguitos en Instagram","datePublished":"2021-09-14T21:28:15+00:00","mainEntityOfPage":{"@id":"https:\/\/noticiasmercedinas.com\/site\/2021\/09\/14\/wado-y-el-indio-dialoguitos-en-instagram\/"},"wordCount":280,"commentCount":0,"publisher":{"@id":"https:\/\/noticiasmercedinas.com\/site\/#organization"},"image":{"@id":"https:\/\/noticiasmercedinas.com\/site\/2021\/09\/14\/wado-y-el-indio-dialoguitos-en-instagram\/#primaryimage"},"thumbnailUrl":"https:\/\/noticiasmercedinas.com\/site\/wp-content\/uploads\/2021\/09\/wado_insta-e1631654780973.jpg","keywords":["elecciones paso","Indio","wado"],"articleSection":["Politica"],"inLanguage":"es","potentialAction":[{"@type":"CommentAction","name":"Comment","target":["https:\/\/noticiasmercedinas.com\/site\/2021\/09\/14\/wado-y-el-indio-dialoguitos-en-instagram\/#respond"]}]},{"@type":"WebPage","@id":"https:\/\/noticiasmercedinas.com\/site\/2021\/09\/14\/wado-y-el-indio-dialoguitos-en-instagram\/","url":"https:\/\/noticiasmercedinas.com\/site\/2021\/09\/14\/wado-y-el-indio-dialoguitos-en-instagram\/","name":"Wado y el Indio: dialoguitos en Instagram","isPartOf":{"@id":"https:\/\/noticiasmercedinas.com\/site\/#website"},"primaryImageOfPage":{"@id":"https:\/\/noticiasmercedinas.com\/site\/2021\/09\/14\/wado-y-el-indio-dialoguitos-en-instagram\/#primaryimage"},"image":{"@id":"https:\/\/noticiasmercedinas.com\/site\/2021\/09\/14\/wado-y-el-indio-dialoguitos-en-instagram\/#primaryimage"},"thumbnailUrl":"https:\/\/noticiasmercedinas.com\/site\/wp-content\/uploads\/2021\/09\/wado_insta-e1631654780973.jpg","datePublished":"2021-09-14T21:28:15+00:00","breadcrumb":{"@id":"https:\/\/noticiasmercedinas.com\/site\/2021\/09\/14\/wado-y-el-indio-dialoguitos-en-instagram\/#breadcrumb"},"inLanguage":"es","potentialAction":[{"@type":"ReadAction","target":["https:\/\/noticiasmercedinas.com\/site\/2021\/09\/14\/wado-y-el-indio-dialoguitos-en-instagram\/"]}]},{"@type":"ImageObject","inLanguage":"es","@id":"https:\/\/noticiasmercedinas.com\/site\/2021\/09\/14\/wado-y-el-indio-dialoguitos-en-instagram\/#primaryimage","url":"https:\/\/noticiasmercedinas.com\/site\/wp-content\/uploads\/2021\/09\/wado_insta-e1631654780973.jpg","contentUrl":"https:\/\/noticiasmercedinas.com\/site\/wp-content\/uploads\/2021\/09\/wado_insta-e1631654780973.jpg","width":640,"height":310},{"@type":"BreadcrumbList","@id":"https:\/\/noticiasmercedinas.com\/site\/2021\/09\/14\/wado-y-el-indio-dialoguitos-en-instagram\/#breadcrumb","itemListElement":[{"@type":"ListItem","position":1,"name":"Portada","item":"https:\/\/noticiasmercedinas.com\/site\/"},{"@type":"ListItem","position":2,"name":"Wado y el Indio: dialoguitos en Instagram"}]},{"@type":"WebSite","@id":"https:\/\/noticiasmercedinas.com\/site\/#website","url":"https:\/\/noticiasmercedinas.com\/site\/","name":"NOTICIASMERCEDINAS.COM","description":"Mercedes, Buenos Aires, Argentina","publisher":{"@id":"https:\/\/noticiasmercedinas.com\/site\/#organization"},"potentialAction":[{"@type":"SearchAction","target":{"@type":"EntryPoint","urlTemplate":"https:\/\/noticiasmercedinas.com\/site\/?s={search_term_string}"},"query-input":{"@type":"PropertyValueSpecification","valueRequired":true,"valueName":"search_term_string"}}],"inLanguage":"es"},{"@type":"Organization","@id":"https:\/\/noticiasmercedinas.com\/site\/#organization","name":"NOTICIASMERCEDINAS.COM","url":"https:\/\/noticiasmercedinas.com\/site\/","logo":{"@type":"ImageObject","inLanguage":"es","@id":"https:\/\/noticiasmercedinas.com\/site\/#\/schema\/logo\/image\/","url":"https:\/\/noticiasmercedinas.com\/site\/wp-content\/uploads\/2020\/06\/LOGO-512.jpg","contentUrl":"https:\/\/noticiasmercedinas.com\/site\/wp-content\/uploads\/2020\/06\/LOGO-512.jpg","width":512,"height":512,"caption":"NOTICIASMERCEDINAS.COM"},"image":{"@id":"https:\/\/noticiasmercedinas.com\/site\/#\/schema\/logo\/image\/"},"sameAs":["https:\/\/www.facebook.com\/noticiasmercedinas\/","https:\/\/x.com\/notmercedinas","https:\/\/www.instagram.com\/noticiasmercedinas\/"]},{"@type":"Person","@id":"https:\/\/noticiasmercedinas.com\/site\/#\/schema\/person\/45cbccca776c0c5524a6d2a8f1b04acd","name":"Adrian Terrizzano NOTICIASMERCEDINAS.COM","image":{"@type":"ImageObject","inLanguage":"es","@id":"https:\/\/secure.gravatar.com\/avatar\/9bfd6dcfcf5cc28d74f7cefd9e87a6220d73f42949c5456b2b67674334db8bee?s=96&d=mm&r=g","url":"https:\/\/secure.gravatar.com\/avatar\/9bfd6dcfcf5cc28d74f7cefd9e87a6220d73f42949c5456b2b67674334db8bee?s=96&d=mm&r=g","contentUrl":"https:\/\/secure.gravatar.com\/avatar\/9bfd6dcfcf5cc28d74f7cefd9e87a6220d73f42949c5456b2b67674334db8bee?s=96&d=mm&r=g","caption":"Adrian Terrizzano NOTICIASMERCEDINAS.COM"},"description":"Periodista experimentado. Aprendi\u00f3 el oficio en medios gr\u00e1ficos y digitales, comerciales, institucionales y comunitarios, radio y televisi\u00f3n. Actualmente en Noticias Mercedinas, Radio L\u00edder de Luj\u00e1n y Centro de Producci\u00f3n Audiovisual UNLu.","sameAs":["https:\/\/www.linkedin.com\/in\/adri\u00e1n-terrizzano-53795630\/","https:\/\/x.com\/https:\/\/twitter.com\/AdrianTerri"],"url":"https:\/\/noticiasmercedinas.com\/site\/author\/adrian-terrizzano\/"}]}},"amp_enabled":true,"_links":{"self":[{"href":"https:\/\/noticiasmercedinas.com\/site\/wp-json\/wp\/v2\/posts\/74759","targetHints":{"allow":["GET"]}}],"collection":[{"href":"https:\/\/noticiasmercedinas.com\/site\/wp-json\/wp\/v2\/posts"}],"about":[{"href":"https:\/\/noticiasmercedinas.com\/site\/wp-json\/wp\/v2\/types\/post"}],"author":[{"embeddable":true,"href":"https:\/\/noticiasmercedinas.com\/site\/wp-json\/wp\/v2\/users\/3"}],"replies":[{"embeddable":true,"href":"https:\/\/noticiasmercedinas.com\/site\/wp-json\/wp\/v2\/comments?post=74759"}],"version-history":[{"count":2,"href":"https:\/\/noticiasmercedinas.com\/site\/wp-json\/wp\/v2\/posts\/74759\/revisions"}],"predecessor-version":[{"id":74762,"href":"https:\/\/noticiasmercedinas.com\/site\/wp-json\/wp\/v2\/posts\/74759\/revisions\/74762"}],"wp:featuredmedia":[{"embeddable":true,"href":"https:\/\/noticiasmercedinas.com\/site\/wp-json\/wp\/v2\/media\/74760"}],"wp:attachment":[{"href":"https:\/\/noticiasmercedinas.com\/site\/wp-json\/wp\/v2\/media?parent=74759"}],"wp:term":[{"taxonomy":"category","embeddable":true,"href":"https:\/\/noticiasmercedinas.com\/site\/wp-json\/wp\/v2\/categories?post=74759"},{"taxonomy":"post_tag","embeddable":true,"href":"https:\/\/noticiasmercedinas.com\/site\/wp-json\/wp\/v2\/tags?post=74759"}],"curies":[{"name":"wp","href":"https:\/\/api.w.org\/{rel}","templated":true}]}}