{"id":74791,"date":"2021-09-15T10:15:44","date_gmt":"2021-09-15T13:15:44","guid":{"rendered":"https:\/\/noticiasmercedinas.com\/site\/?p=74791"},"modified":"2021-09-15T10:16:59","modified_gmt":"2021-09-15T13:16:59","slug":"segundo-dia-consecutivo-con-cero-casos-de-coronavirus-en-mercedes","status":"publish","type":"post","link":"https:\/\/noticiasmercedinas.com\/site\/2021\/09\/15\/segundo-dia-consecutivo-con-cero-casos-de-coronavirus-en-mercedes\/","title":{"rendered":"Segundo d\u00eda consecutivo con cero casos de coronavirus en Mercedes"},"content":{"rendered":"<p><img loading=\"lazy\" decoding=\"async\" class=\"alignnone size-full wp-image-49630\" src=\"https:\/\/noticiasmercedinas.com\/site\/wp-content\/uploads\/2020\/07\/covid-06.jpg\" alt=\"\" width=\"640\" height=\"386\" srcset=\"https:\/\/noticiasmercedinas.com\/site\/wp-content\/uploads\/2020\/07\/covid-06.jpg 640w, https:\/\/noticiasmercedinas.com\/site\/wp-content\/uploads\/2020\/07\/covid-06-300x181.jpg 300w\" sizes=\"auto, (max-width: 640px) 100vw, 640px\" \/><\/p>\n<p>Una buena noticia en torno a la pandemia de coronavirus se dio este martes, ya que fue el segundo d\u00eda consecutivo con cero casos de coronavirus.<\/p>\n<p>Una vez m\u00e1s en la jornada, luego de la del lunes, no se registraron nuevos positivos de la enfermedad, se realizaron 59 testeos.<\/p>\n<p>En tanto, y siempre seg\u00fan el parte oficial emitido por el Comit\u00e9 de Crisis local, hubo tres pacientes que obtuvieron el alta en la jornada.<\/p>\n<p>De esta manera, la cifra de casos activos en la ciudad es cada vez m\u00e1s baja: est\u00e1 en 17 personas.<\/p>\n<p>\u00abVenimos de 15 semanas consecutivas de descensos de casos, lo que se traduce en menor cantidad de internaciones y menor mortalidad\u00bb, coment\u00f3 al respecto el doctor <strong>Pablo Cassiani<\/strong>, director del Hospital Blas Dubarry y uno de los que m\u00e1s ha trabajado en esta pandemia en la ciudad.<\/p>\n<figure id=\"attachment_74806\" aria-describedby=\"caption-attachment-74806\" style=\"width: 1280px\" class=\"wp-caption alignnone\"><img loading=\"lazy\" decoding=\"async\" class=\"wp-image-74806 size-full\" src=\"https:\/\/noticiasmercedinas.com\/site\/wp-content\/uploads\/2021\/09\/86e746f2-8245-49c5-a14b-24e57631d27b.jpg\" alt=\"\" width=\"1280\" height=\"506\" srcset=\"https:\/\/noticiasmercedinas.com\/site\/wp-content\/uploads\/2021\/09\/86e746f2-8245-49c5-a14b-24e57631d27b.jpg 1280w, https:\/\/noticiasmercedinas.com\/site\/wp-content\/uploads\/2021\/09\/86e746f2-8245-49c5-a14b-24e57631d27b-300x119.jpg 300w, https:\/\/noticiasmercedinas.com\/site\/wp-content\/uploads\/2021\/09\/86e746f2-8245-49c5-a14b-24e57631d27b-1024x405.jpg 1024w, https:\/\/noticiasmercedinas.com\/site\/wp-content\/uploads\/2021\/09\/86e746f2-8245-49c5-a14b-24e57631d27b-768x304.jpg 768w, https:\/\/noticiasmercedinas.com\/site\/wp-content\/uploads\/2021\/09\/86e746f2-8245-49c5-a14b-24e57631d27b-640x253.jpg 640w, https:\/\/noticiasmercedinas.com\/site\/wp-content\/uploads\/2021\/09\/86e746f2-8245-49c5-a14b-24e57631d27b-681x269.jpg 681w\" sizes=\"auto, (max-width: 1280px) 100vw, 1280px\" \/><figcaption id=\"caption-attachment-74806\" class=\"wp-caption-text\">El pico m\u00e1ximo de casos en Mercedes se dio a fines de mayo de 2021<\/figcaption><\/figure>\n<p>\u00abEsto se da en consonancia con el aumento notable de la vacunaci\u00f3n que est\u00e1 llevando a cabo el municipio a trav\u00e9s de la secretar\u00eda de Salud\u00bb, destac\u00f3 Cassiani. \u00abVemos que semana tras semana se sostiene la cantidad de personas que se testean, caracter\u00edstica distintiva con otros descensos que ocurrieron durante la pandemia. En diciembre del 2020, cuando tuvimos una ca\u00edda de los casos, tambi\u00e9n descendi\u00f3 la cantidad de gente que concurr\u00eda a testearse\u00bb.<\/p>\n<p>Adem\u00e1s el profesional remarc\u00f3 que durante el 2021 se vio fortalecido el sistema laboratorial: \u00abHemos alcanzado m\u00e1ximos hist\u00f3ricos de testeos, brindando un servicio de lunes a lunes. Es el \u00fanico lugar donde se testea los 7 d\u00edas de la semana en amplios horarios. En las ultimas 2 jornadas, no se detectaron casos positivos, aunque se teste\u00f3 mas de un centenar de mercedinos, lo cual es un dato epidemiol\u00f3gicamente significativo\u00bb, dijo.<\/p>\n<blockquote><p>En lo que va del mes de septiembre se testearon 609 vecinos y solo 35 resultaron positivos, lo que representa un 5% de positividad. Un dato muy alentador<\/p><\/blockquote>\n<p>Por otra parte, Pablo Cassiani llam\u00f3 a no bajar la guardia: \u00abEsto no quita que en las pr\u00f3ximas jornadas no tengamos casos, pero es un alivio para el sistema sanitario, para el personal de salud, para los pacientes y para nuestra comunidad\u00bb, dijo.<\/p>\n<p>\u00abNo debemos de perder de vista que estamos frente al avance de la cepa delta en nuestro pa\u00eds y en nuestra provincia. La semana pasada se comunicaron mayor cantidad de contagios de esta cepa en el territorio del AMBA, por lo cual es importante mantener las mismas medidas de cuidado que venimos sosteniendo\u00bb, complet\u00f3 el profesional.<\/p>\n<p><img loading=\"lazy\" decoding=\"async\" class=\"alignnone size-full wp-image-74792\" src=\"https:\/\/noticiasmercedinas.com\/site\/wp-content\/uploads\/2021\/09\/981e8d08-b734-48d5-82a1-ebb9f24706ae.jpg\" alt=\"\" width=\"800\" height=\"800\" srcset=\"https:\/\/noticiasmercedinas.com\/site\/wp-content\/uploads\/2021\/09\/981e8d08-b734-48d5-82a1-ebb9f24706ae.jpg 800w, https:\/\/noticiasmercedinas.com\/site\/wp-content\/uploads\/2021\/09\/981e8d08-b734-48d5-82a1-ebb9f24706ae-300x300.jpg 300w, https:\/\/noticiasmercedinas.com\/site\/wp-content\/uploads\/2021\/09\/981e8d08-b734-48d5-82a1-ebb9f24706ae-150x150.jpg 150w, https:\/\/noticiasmercedinas.com\/site\/wp-content\/uploads\/2021\/09\/981e8d08-b734-48d5-82a1-ebb9f24706ae-768x768.jpg 768w, https:\/\/noticiasmercedinas.com\/site\/wp-content\/uploads\/2021\/09\/981e8d08-b734-48d5-82a1-ebb9f24706ae-640x640.jpg 640w, https:\/\/noticiasmercedinas.com\/site\/wp-content\/uploads\/2021\/09\/981e8d08-b734-48d5-82a1-ebb9f24706ae-681x681.jpg 681w\" sizes=\"auto, (max-width: 800px) 100vw, 800px\" \/><\/p>\n","protected":false},"excerpt":{"rendered":"<p>\u25a0 Las altas se siguen otorgando y la ciudad tiene s\u00f3lo 17 casos activos. Hay un 5 por ciento de  positividad entre los testeos del mes. El director del Hospital remarc\u00f3 la influencia del avance de la vacunaci\u00f3n.<\/p>\n","protected":false},"author":2,"featured_media":49630,"comment_status":"open","ping_status":"open","sticky":false,"template":"","format":"standard","meta":{"footnotes":""},"categories":[10],"tags":[8392,144,71],"class_list":["post-74791","post","type-post","status-publish","format-standard","has-post-thumbnail","hentry","category-especiales","tag-coronavirus","tag-pablo-cassiani","tag-salud"],"yoast_head":"<!-- This site is optimized with the Yoast SEO plugin v27.4 - https:\/\/yoast.com\/product\/yoast-seo-wordpress\/ -->\n<title>Segundo d\u00eda consecutivo con cero casos de coronavirus en Mercedes<\/title>\n<meta name=\"robots\" content=\"index, follow, max-snippet:-1, max-image-preview:large, max-video-preview:-1\" \/>\n<link rel=\"canonical\" href=\"https:\/\/noticiasmercedinas.com\/site\/2021\/09\/15\/segundo-dia-consecutivo-con-cero-casos-de-coronavirus-en-mercedes\/\" \/>\n<meta property=\"og:locale\" content=\"es_ES\" \/>\n<meta property=\"og:type\" content=\"article\" \/>\n<meta property=\"og:title\" content=\"Segundo d\u00eda consecutivo con cero casos de coronavirus en Mercedes\" \/>\n<meta property=\"og:description\" content=\"\u25a0 Las altas se siguen otorgando y la ciudad tiene s\u00f3lo 17 casos activos. Hay un 5 por ciento de positividad entre los testeos del mes. El director del Hospital remarc\u00f3 la influencia del avance de la vacunaci\u00f3n.\" \/>\n<meta property=\"og:url\" content=\"https:\/\/noticiasmercedinas.com\/site\/2021\/09\/15\/segundo-dia-consecutivo-con-cero-casos-de-coronavirus-en-mercedes\/\" \/>\n<meta property=\"og:site_name\" content=\"NOTICIASMERCEDINAS.COM\" \/>\n<meta property=\"article:publisher\" content=\"https:\/\/www.facebook.com\/noticiasmercedinas\/\" \/>\n<meta property=\"article:author\" content=\"https:\/\/www.facebook.com\/cristian.falabella\" \/>\n<meta property=\"article:published_time\" content=\"2021-09-15T13:15:44+00:00\" \/>\n<meta property=\"article:modified_time\" content=\"2021-09-15T13:16:59+00:00\" \/>\n<meta property=\"og:image\" content=\"https:\/\/noticiasmercedinas.com\/site\/wp-content\/uploads\/2020\/07\/covid-06.jpg\" \/>\n\t<meta property=\"og:image:width\" content=\"640\" \/>\n\t<meta property=\"og:image:height\" content=\"386\" \/>\n\t<meta property=\"og:image:type\" content=\"image\/jpeg\" \/>\n<meta name=\"author\" content=\"Cristian Falabella NOTICIASMERCEDINAS.COM\" \/>\n<meta name=\"twitter:card\" content=\"summary_large_image\" \/>\n<meta name=\"twitter:creator\" content=\"@https:\/\/twitter.com\/NOTMERCEDINAS\" \/>\n<meta name=\"twitter:site\" content=\"@notmercedinas\" \/>\n<meta name=\"twitter:label1\" content=\"Escrito por\" \/>\n\t<meta name=\"twitter:data1\" content=\"Cristian Falabella NOTICIASMERCEDINAS.COM\" \/>\n\t<meta name=\"twitter:label2\" content=\"Tiempo de lectura\" \/>\n\t<meta name=\"twitter:data2\" content=\"2 minutos\" \/>\n<script type=\"application\/ld+json\" class=\"yoast-schema-graph\">{\"@context\":\"https:\\\/\\\/schema.org\",\"@graph\":[{\"@type\":\"Article\",\"@id\":\"https:\\\/\\\/noticiasmercedinas.com\\\/site\\\/2021\\\/09\\\/15\\\/segundo-dia-consecutivo-con-cero-casos-de-coronavirus-en-mercedes\\\/#article\",\"isPartOf\":{\"@id\":\"https:\\\/\\\/noticiasmercedinas.com\\\/site\\\/2021\\\/09\\\/15\\\/segundo-dia-consecutivo-con-cero-casos-de-coronavirus-en-mercedes\\\/\"},\"author\":{\"name\":\"Cristian Falabella NOTICIASMERCEDINAS.COM\",\"@id\":\"https:\\\/\\\/noticiasmercedinas.com\\\/site\\\/#\\\/schema\\\/person\\\/d481a9696a5feaec13a60e2bbd991a6a\"},\"headline\":\"Segundo d\u00eda consecutivo con cero casos de coronavirus en Mercedes\",\"datePublished\":\"2021-09-15T13:15:44+00:00\",\"dateModified\":\"2021-09-15T13:16:59+00:00\",\"mainEntityOfPage\":{\"@id\":\"https:\\\/\\\/noticiasmercedinas.com\\\/site\\\/2021\\\/09\\\/15\\\/segundo-dia-consecutivo-con-cero-casos-de-coronavirus-en-mercedes\\\/\"},\"wordCount\":453,\"commentCount\":0,\"publisher\":{\"@id\":\"https:\\\/\\\/noticiasmercedinas.com\\\/site\\\/#organization\"},\"image\":{\"@id\":\"https:\\\/\\\/noticiasmercedinas.com\\\/site\\\/2021\\\/09\\\/15\\\/segundo-dia-consecutivo-con-cero-casos-de-coronavirus-en-mercedes\\\/#primaryimage\"},\"thumbnailUrl\":\"https:\\\/\\\/noticiasmercedinas.com\\\/site\\\/wp-content\\\/uploads\\\/2020\\\/07\\\/covid-06.jpg\",\"keywords\":[\"coronavirus\",\"pablo cassiani\",\"salud\"],\"articleSection\":[\"Covid-19\"],\"inLanguage\":\"es\",\"potentialAction\":[{\"@type\":\"CommentAction\",\"name\":\"Comment\",\"target\":[\"https:\\\/\\\/noticiasmercedinas.com\\\/site\\\/2021\\\/09\\\/15\\\/segundo-dia-consecutivo-con-cero-casos-de-coronavirus-en-mercedes\\\/#respond\"]}]},{\"@type\":\"WebPage\",\"@id\":\"https:\\\/\\\/noticiasmercedinas.com\\\/site\\\/2021\\\/09\\\/15\\\/segundo-dia-consecutivo-con-cero-casos-de-coronavirus-en-mercedes\\\/\",\"url\":\"https:\\\/\\\/noticiasmercedinas.com\\\/site\\\/2021\\\/09\\\/15\\\/segundo-dia-consecutivo-con-cero-casos-de-coronavirus-en-mercedes\\\/\",\"name\":\"Segundo d\u00eda consecutivo con cero casos de coronavirus en Mercedes\",\"isPartOf\":{\"@id\":\"https:\\\/\\\/noticiasmercedinas.com\\\/site\\\/#website\"},\"primaryImageOfPage\":{\"@id\":\"https:\\\/\\\/noticiasmercedinas.com\\\/site\\\/2021\\\/09\\\/15\\\/segundo-dia-consecutivo-con-cero-casos-de-coronavirus-en-mercedes\\\/#primaryimage\"},\"image\":{\"@id\":\"https:\\\/\\\/noticiasmercedinas.com\\\/site\\\/2021\\\/09\\\/15\\\/segundo-dia-consecutivo-con-cero-casos-de-coronavirus-en-mercedes\\\/#primaryimage\"},\"thumbnailUrl\":\"https:\\\/\\\/noticiasmercedinas.com\\\/site\\\/wp-content\\\/uploads\\\/2020\\\/07\\\/covid-06.jpg\",\"datePublished\":\"2021-09-15T13:15:44+00:00\",\"dateModified\":\"2021-09-15T13:16:59+00:00\",\"breadcrumb\":{\"@id\":\"https:\\\/\\\/noticiasmercedinas.com\\\/site\\\/2021\\\/09\\\/15\\\/segundo-dia-consecutivo-con-cero-casos-de-coronavirus-en-mercedes\\\/#breadcrumb\"},\"inLanguage\":\"es\",\"potentialAction\":[{\"@type\":\"ReadAction\",\"target\":[\"https:\\\/\\\/noticiasmercedinas.com\\\/site\\\/2021\\\/09\\\/15\\\/segundo-dia-consecutivo-con-cero-casos-de-coronavirus-en-mercedes\\\/\"]}]},{\"@type\":\"ImageObject\",\"inLanguage\":\"es\",\"@id\":\"https:\\\/\\\/noticiasmercedinas.com\\\/site\\\/2021\\\/09\\\/15\\\/segundo-dia-consecutivo-con-cero-casos-de-coronavirus-en-mercedes\\\/#primaryimage\",\"url\":\"https:\\\/\\\/noticiasmercedinas.com\\\/site\\\/wp-content\\\/uploads\\\/2020\\\/07\\\/covid-06.jpg\",\"contentUrl\":\"https:\\\/\\\/noticiasmercedinas.com\\\/site\\\/wp-content\\\/uploads\\\/2020\\\/07\\\/covid-06.jpg\",\"width\":640,\"height\":386},{\"@type\":\"BreadcrumbList\",\"@id\":\"https:\\\/\\\/noticiasmercedinas.com\\\/site\\\/2021\\\/09\\\/15\\\/segundo-dia-consecutivo-con-cero-casos-de-coronavirus-en-mercedes\\\/#breadcrumb\",\"itemListElement\":[{\"@type\":\"ListItem\",\"position\":1,\"name\":\"Portada\",\"item\":\"https:\\\/\\\/noticiasmercedinas.com\\\/site\\\/\"},{\"@type\":\"ListItem\",\"position\":2,\"name\":\"Segundo d\u00eda consecutivo con cero casos de coronavirus en Mercedes\"}]},{\"@type\":\"WebSite\",\"@id\":\"https:\\\/\\\/noticiasmercedinas.com\\\/site\\\/#website\",\"url\":\"https:\\\/\\\/noticiasmercedinas.com\\\/site\\\/\",\"name\":\"NOTICIASMERCEDINAS.COM\",\"description\":\"Mercedes, Buenos Aires, Argentina\",\"publisher\":{\"@id\":\"https:\\\/\\\/noticiasmercedinas.com\\\/site\\\/#organization\"},\"potentialAction\":[{\"@type\":\"SearchAction\",\"target\":{\"@type\":\"EntryPoint\",\"urlTemplate\":\"https:\\\/\\\/noticiasmercedinas.com\\\/site\\\/?s={search_term_string}\"},\"query-input\":{\"@type\":\"PropertyValueSpecification\",\"valueRequired\":true,\"valueName\":\"search_term_string\"}}],\"inLanguage\":\"es\"},{\"@type\":\"Organization\",\"@id\":\"https:\\\/\\\/noticiasmercedinas.com\\\/site\\\/#organization\",\"name\":\"NOTICIASMERCEDINAS.COM\",\"url\":\"https:\\\/\\\/noticiasmercedinas.com\\\/site\\\/\",\"logo\":{\"@type\":\"ImageObject\",\"inLanguage\":\"es\",\"@id\":\"https:\\\/\\\/noticiasmercedinas.com\\\/site\\\/#\\\/schema\\\/logo\\\/image\\\/\",\"url\":\"https:\\\/\\\/noticiasmercedinas.com\\\/site\\\/wp-content\\\/uploads\\\/2020\\\/06\\\/LOGO-512.jpg\",\"contentUrl\":\"https:\\\/\\\/noticiasmercedinas.com\\\/site\\\/wp-content\\\/uploads\\\/2020\\\/06\\\/LOGO-512.jpg\",\"width\":512,\"height\":512,\"caption\":\"NOTICIASMERCEDINAS.COM\"},\"image\":{\"@id\":\"https:\\\/\\\/noticiasmercedinas.com\\\/site\\\/#\\\/schema\\\/logo\\\/image\\\/\"},\"sameAs\":[\"https:\\\/\\\/www.facebook.com\\\/noticiasmercedinas\\\/\",\"https:\\\/\\\/x.com\\\/notmercedinas\",\"https:\\\/\\\/www.instagram.com\\\/noticiasmercedinas\\\/\"]},{\"@type\":\"Person\",\"@id\":\"https:\\\/\\\/noticiasmercedinas.com\\\/site\\\/#\\\/schema\\\/person\\\/d481a9696a5feaec13a60e2bbd991a6a\",\"name\":\"Cristian Falabella NOTICIASMERCEDINAS.COM\",\"image\":{\"@type\":\"ImageObject\",\"inLanguage\":\"es\",\"@id\":\"https:\\\/\\\/secure.gravatar.com\\\/avatar\\\/0dbbfc45970cc46bcd0e57766228574ff3511d6eed045b182f536f0f478c1f06?s=96&d=mm&r=g\",\"url\":\"https:\\\/\\\/secure.gravatar.com\\\/avatar\\\/0dbbfc45970cc46bcd0e57766228574ff3511d6eed045b182f536f0f478c1f06?s=96&d=mm&r=g\",\"contentUrl\":\"https:\\\/\\\/secure.gravatar.com\\\/avatar\\\/0dbbfc45970cc46bcd0e57766228574ff3511d6eed045b182f536f0f478c1f06?s=96&d=mm&r=g\",\"caption\":\"Cristian Falabella NOTICIASMERCEDINAS.COM\"},\"description\":\"Periodista, editor de Noticias Mercedinas. Pas\u00f3 por varias redacciones y emprendimientos de prensa, en distintos formatos y \u00e9pocas. Se especializ\u00f3 --y sigue haci\u00e9ndolo-- en comunicaci\u00f3n en la web y en junio de 2006 fund\u00f3 este diario digital.\",\"sameAs\":[\"https:\\\/\\\/noticiasmercedinas.com\",\"https:\\\/\\\/www.facebook.com\\\/cristian.falabella\",\"https:\\\/\\\/www.instagram.com\\\/noticiasmercedinas\\\/\",\"https:\\\/\\\/x.com\\\/https:\\\/\\\/twitter.com\\\/NOTMERCEDINAS\"],\"url\":\"https:\\\/\\\/noticiasmercedinas.com\\\/site\\\/author\\\/as000384\\\/\"}]}<\/script>\n<!-- \/ Yoast SEO plugin. -->","yoast_head_json":{"title":"Segundo d\u00eda consecutivo con cero casos de coronavirus en Mercedes","robots":{"index":"index","follow":"follow","max-snippet":"max-snippet:-1","max-image-preview":"max-image-preview:large","max-video-preview":"max-video-preview:-1"},"canonical":"https:\/\/noticiasmercedinas.com\/site\/2021\/09\/15\/segundo-dia-consecutivo-con-cero-casos-de-coronavirus-en-mercedes\/","og_locale":"es_ES","og_type":"article","og_title":"Segundo d\u00eda consecutivo con cero casos de coronavirus en Mercedes","og_description":"\u25a0 Las altas se siguen otorgando y la ciudad tiene s\u00f3lo 17 casos activos. Hay un 5 por ciento de positividad entre los testeos del mes. El director del Hospital remarc\u00f3 la influencia del avance de la vacunaci\u00f3n.","og_url":"https:\/\/noticiasmercedinas.com\/site\/2021\/09\/15\/segundo-dia-consecutivo-con-cero-casos-de-coronavirus-en-mercedes\/","og_site_name":"NOTICIASMERCEDINAS.COM","article_publisher":"https:\/\/www.facebook.com\/noticiasmercedinas\/","article_author":"https:\/\/www.facebook.com\/cristian.falabella","article_published_time":"2021-09-15T13:15:44+00:00","article_modified_time":"2021-09-15T13:16:59+00:00","og_image":[{"width":640,"height":386,"url":"https:\/\/noticiasmercedinas.com\/site\/wp-content\/uploads\/2020\/07\/covid-06.jpg","type":"image\/jpeg"}],"author":"Cristian Falabella NOTICIASMERCEDINAS.COM","twitter_card":"summary_large_image","twitter_creator":"@https:\/\/twitter.com\/NOTMERCEDINAS","twitter_site":"@notmercedinas","twitter_misc":{"Escrito por":"Cristian Falabella NOTICIASMERCEDINAS.COM","Tiempo de lectura":"2 minutos"},"schema":{"@context":"https:\/\/schema.org","@graph":[{"@type":"Article","@id":"https:\/\/noticiasmercedinas.com\/site\/2021\/09\/15\/segundo-dia-consecutivo-con-cero-casos-de-coronavirus-en-mercedes\/#article","isPartOf":{"@id":"https:\/\/noticiasmercedinas.com\/site\/2021\/09\/15\/segundo-dia-consecutivo-con-cero-casos-de-coronavirus-en-mercedes\/"},"author":{"name":"Cristian Falabella NOTICIASMERCEDINAS.COM","@id":"https:\/\/noticiasmercedinas.com\/site\/#\/schema\/person\/d481a9696a5feaec13a60e2bbd991a6a"},"headline":"Segundo d\u00eda consecutivo con cero casos de coronavirus en Mercedes","datePublished":"2021-09-15T13:15:44+00:00","dateModified":"2021-09-15T13:16:59+00:00","mainEntityOfPage":{"@id":"https:\/\/noticiasmercedinas.com\/site\/2021\/09\/15\/segundo-dia-consecutivo-con-cero-casos-de-coronavirus-en-mercedes\/"},"wordCount":453,"commentCount":0,"publisher":{"@id":"https:\/\/noticiasmercedinas.com\/site\/#organization"},"image":{"@id":"https:\/\/noticiasmercedinas.com\/site\/2021\/09\/15\/segundo-dia-consecutivo-con-cero-casos-de-coronavirus-en-mercedes\/#primaryimage"},"thumbnailUrl":"https:\/\/noticiasmercedinas.com\/site\/wp-content\/uploads\/2020\/07\/covid-06.jpg","keywords":["coronavirus","pablo cassiani","salud"],"articleSection":["Covid-19"],"inLanguage":"es","potentialAction":[{"@type":"CommentAction","name":"Comment","target":["https:\/\/noticiasmercedinas.com\/site\/2021\/09\/15\/segundo-dia-consecutivo-con-cero-casos-de-coronavirus-en-mercedes\/#respond"]}]},{"@type":"WebPage","@id":"https:\/\/noticiasmercedinas.com\/site\/2021\/09\/15\/segundo-dia-consecutivo-con-cero-casos-de-coronavirus-en-mercedes\/","url":"https:\/\/noticiasmercedinas.com\/site\/2021\/09\/15\/segundo-dia-consecutivo-con-cero-casos-de-coronavirus-en-mercedes\/","name":"Segundo d\u00eda consecutivo con cero casos de coronavirus en Mercedes","isPartOf":{"@id":"https:\/\/noticiasmercedinas.com\/site\/#website"},"primaryImageOfPage":{"@id":"https:\/\/noticiasmercedinas.com\/site\/2021\/09\/15\/segundo-dia-consecutivo-con-cero-casos-de-coronavirus-en-mercedes\/#primaryimage"},"image":{"@id":"https:\/\/noticiasmercedinas.com\/site\/2021\/09\/15\/segundo-dia-consecutivo-con-cero-casos-de-coronavirus-en-mercedes\/#primaryimage"},"thumbnailUrl":"https:\/\/noticiasmercedinas.com\/site\/wp-content\/uploads\/2020\/07\/covid-06.jpg","datePublished":"2021-09-15T13:15:44+00:00","dateModified":"2021-09-15T13:16:59+00:00","breadcrumb":{"@id":"https:\/\/noticiasmercedinas.com\/site\/2021\/09\/15\/segundo-dia-consecutivo-con-cero-casos-de-coronavirus-en-mercedes\/#breadcrumb"},"inLanguage":"es","potentialAction":[{"@type":"ReadAction","target":["https:\/\/noticiasmercedinas.com\/site\/2021\/09\/15\/segundo-dia-consecutivo-con-cero-casos-de-coronavirus-en-mercedes\/"]}]},{"@type":"ImageObject","inLanguage":"es","@id":"https:\/\/noticiasmercedinas.com\/site\/2021\/09\/15\/segundo-dia-consecutivo-con-cero-casos-de-coronavirus-en-mercedes\/#primaryimage","url":"https:\/\/noticiasmercedinas.com\/site\/wp-content\/uploads\/2020\/07\/covid-06.jpg","contentUrl":"https:\/\/noticiasmercedinas.com\/site\/wp-content\/uploads\/2020\/07\/covid-06.jpg","width":640,"height":386},{"@type":"BreadcrumbList","@id":"https:\/\/noticiasmercedinas.com\/site\/2021\/09\/15\/segundo-dia-consecutivo-con-cero-casos-de-coronavirus-en-mercedes\/#breadcrumb","itemListElement":[{"@type":"ListItem","position":1,"name":"Portada","item":"https:\/\/noticiasmercedinas.com\/site\/"},{"@type":"ListItem","position":2,"name":"Segundo d\u00eda consecutivo con cero casos de coronavirus en Mercedes"}]},{"@type":"WebSite","@id":"https:\/\/noticiasmercedinas.com\/site\/#website","url":"https:\/\/noticiasmercedinas.com\/site\/","name":"NOTICIASMERCEDINAS.COM","description":"Mercedes, Buenos Aires, Argentina","publisher":{"@id":"https:\/\/noticiasmercedinas.com\/site\/#organization"},"potentialAction":[{"@type":"SearchAction","target":{"@type":"EntryPoint","urlTemplate":"https:\/\/noticiasmercedinas.com\/site\/?s={search_term_string}"},"query-input":{"@type":"PropertyValueSpecification","valueRequired":true,"valueName":"search_term_string"}}],"inLanguage":"es"},{"@type":"Organization","@id":"https:\/\/noticiasmercedinas.com\/site\/#organization","name":"NOTICIASMERCEDINAS.COM","url":"https:\/\/noticiasmercedinas.com\/site\/","logo":{"@type":"ImageObject","inLanguage":"es","@id":"https:\/\/noticiasmercedinas.com\/site\/#\/schema\/logo\/image\/","url":"https:\/\/noticiasmercedinas.com\/site\/wp-content\/uploads\/2020\/06\/LOGO-512.jpg","contentUrl":"https:\/\/noticiasmercedinas.com\/site\/wp-content\/uploads\/2020\/06\/LOGO-512.jpg","width":512,"height":512,"caption":"NOTICIASMERCEDINAS.COM"},"image":{"@id":"https:\/\/noticiasmercedinas.com\/site\/#\/schema\/logo\/image\/"},"sameAs":["https:\/\/www.facebook.com\/noticiasmercedinas\/","https:\/\/x.com\/notmercedinas","https:\/\/www.instagram.com\/noticiasmercedinas\/"]},{"@type":"Person","@id":"https:\/\/noticiasmercedinas.com\/site\/#\/schema\/person\/d481a9696a5feaec13a60e2bbd991a6a","name":"Cristian Falabella NOTICIASMERCEDINAS.COM","image":{"@type":"ImageObject","inLanguage":"es","@id":"https:\/\/secure.gravatar.com\/avatar\/0dbbfc45970cc46bcd0e57766228574ff3511d6eed045b182f536f0f478c1f06?s=96&d=mm&r=g","url":"https:\/\/secure.gravatar.com\/avatar\/0dbbfc45970cc46bcd0e57766228574ff3511d6eed045b182f536f0f478c1f06?s=96&d=mm&r=g","contentUrl":"https:\/\/secure.gravatar.com\/avatar\/0dbbfc45970cc46bcd0e57766228574ff3511d6eed045b182f536f0f478c1f06?s=96&d=mm&r=g","caption":"Cristian Falabella NOTICIASMERCEDINAS.COM"},"description":"Periodista, editor de Noticias Mercedinas. Pas\u00f3 por varias redacciones y emprendimientos de prensa, en distintos formatos y \u00e9pocas. Se especializ\u00f3 --y sigue haci\u00e9ndolo-- en comunicaci\u00f3n en la web y en junio de 2006 fund\u00f3 este diario digital.","sameAs":["https:\/\/noticiasmercedinas.com","https:\/\/www.facebook.com\/cristian.falabella","https:\/\/www.instagram.com\/noticiasmercedinas\/","https:\/\/x.com\/https:\/\/twitter.com\/NOTMERCEDINAS"],"url":"https:\/\/noticiasmercedinas.com\/site\/author\/as000384\/"}]}},"amp_enabled":true,"_links":{"self":[{"href":"https:\/\/noticiasmercedinas.com\/site\/wp-json\/wp\/v2\/posts\/74791","targetHints":{"allow":["GET"]}}],"collection":[{"href":"https:\/\/noticiasmercedinas.com\/site\/wp-json\/wp\/v2\/posts"}],"about":[{"href":"https:\/\/noticiasmercedinas.com\/site\/wp-json\/wp\/v2\/types\/post"}],"author":[{"embeddable":true,"href":"https:\/\/noticiasmercedinas.com\/site\/wp-json\/wp\/v2\/users\/2"}],"replies":[{"embeddable":true,"href":"https:\/\/noticiasmercedinas.com\/site\/wp-json\/wp\/v2\/comments?post=74791"}],"version-history":[{"count":3,"href":"https:\/\/noticiasmercedinas.com\/site\/wp-json\/wp\/v2\/posts\/74791\/revisions"}],"predecessor-version":[{"id":74808,"href":"https:\/\/noticiasmercedinas.com\/site\/wp-json\/wp\/v2\/posts\/74791\/revisions\/74808"}],"wp:featuredmedia":[{"embeddable":true,"href":"https:\/\/noticiasmercedinas.com\/site\/wp-json\/wp\/v2\/media\/49630"}],"wp:attachment":[{"href":"https:\/\/noticiasmercedinas.com\/site\/wp-json\/wp\/v2\/media?parent=74791"}],"wp:term":[{"taxonomy":"category","embeddable":true,"href":"https:\/\/noticiasmercedinas.com\/site\/wp-json\/wp\/v2\/categories?post=74791"},{"taxonomy":"post_tag","embeddable":true,"href":"https:\/\/noticiasmercedinas.com\/site\/wp-json\/wp\/v2\/tags?post=74791"}],"curies":[{"name":"wp","href":"https:\/\/api.w.org\/{rel}","templated":true}]}}