{"id":74870,"date":"2021-09-16T11:01:43","date_gmt":"2021-09-16T14:01:43","guid":{"rendered":"https:\/\/noticiasmercedinas.com\/site\/?p=74870"},"modified":"2021-09-16T11:01:43","modified_gmt":"2021-09-16T14:01:43","slug":"fue-anunciado-el-primafest-chivilcoy-2021","status":"publish","type":"post","link":"https:\/\/noticiasmercedinas.com\/site\/2021\/09\/16\/fue-anunciado-el-primafest-chivilcoy-2021\/","title":{"rendered":"Fue anunciado el \u201cPrimaFest Chivilcoy 2021\u201d"},"content":{"rendered":"<p><img loading=\"lazy\" decoding=\"async\" class=\"alignnone size-full wp-image-74871\" src=\"https:\/\/noticiasmercedinas.com\/site\/wp-content\/uploads\/2021\/09\/conferencia-cultura-anuncio-primafest-768x512-1.jpg\" alt=\"\" width=\"768\" height=\"512\" srcset=\"https:\/\/noticiasmercedinas.com\/site\/wp-content\/uploads\/2021\/09\/conferencia-cultura-anuncio-primafest-768x512-1.jpg 768w, https:\/\/noticiasmercedinas.com\/site\/wp-content\/uploads\/2021\/09\/conferencia-cultura-anuncio-primafest-768x512-1-300x200.jpg 300w, https:\/\/noticiasmercedinas.com\/site\/wp-content\/uploads\/2021\/09\/conferencia-cultura-anuncio-primafest-768x512-1-640x427.jpg 640w, https:\/\/noticiasmercedinas.com\/site\/wp-content\/uploads\/2021\/09\/conferencia-cultura-anuncio-primafest-768x512-1-681x454.jpg 681w\" sizes=\"auto, (max-width: 768px) 100vw, 768px\" \/><\/p>\n<p>El secretario de Cultura de Chivilcoy, Adri\u00e1n Vila, anunci\u00f3 el \u201cPrimaFest Chivilcoy 2021\u201d, que consistir\u00e1 en diferentes propuestas art\u00edsticas, deportivas y culturales que se desarrollar\u00e1n desde ma\u00f1ana jueves 16 de septiembre hasta el 24 de septiembre inclusive.<\/p>\n<p>En este sentido, Vila hizo extensiva la invitaci\u00f3n a toda la comunidad y record\u00f3 que las actividades se desarrollar\u00e1n de acuerdo a los protocolos vigentes.<\/p>\n<p>En relaci\u00f3n a esto, indic\u00f3: \u201cLentamente estamos tratando de volver a la normalidad, tratando de unir los espacios que ten\u00edamos inconexos con eventos que nos propon\u00edan. Por lo que juntamos todo eso y armamos esta programaci\u00f3n para salir de la pandemia y recibir la pandemia. Esto nos servir\u00e1 como una maqueta para emular a la hora de organizar el \u201cOctubre Chivilcoy\u201d, en el marco del mes del aniversario de nuestra ciudad, en donde tambi\u00e9n trataremos de unirnos para trabajar en conjunto con organizaciones y diferentes espacios culturales como en este caso\u201d.<\/p>\n<p>Respecto del cronograma, la primera actividad ser\u00e1 este jueves 16 de septiembre y ser\u00e1 la Feria de Educaci\u00f3n, Ciencia, Arte y Tecnolog\u00eda, que se llevar\u00e1 a cabo en el Anfiteatro Municipal, organizado por la Jefatura Distrital de Educaci\u00f3n. Esta actividad comienza a las 9 de la ma\u00f1ana.<\/p>\n<p>Los eventos continuar\u00e1n el s\u00e1bado 18 de septiembre con diferentes propuestas: Se realizar\u00e1 una bicicleteada familiar en el Club Renovaci\u00f3n de Moquehu\u00e1. En tanto que, en Chivilcoy se podr\u00e1 visitar la muestra \u201cLa Oscuridad es otro sol\u201d, que se encuentra en exposici\u00f3n en el Museo Pompeo Boggio; en el Parque Cielos del Sur se llevar\u00e1 a cabo una Observaci\u00f3n Astron\u00f3mica; en Encuentro por las Artes se realizar\u00e1 un show musical a cargo de la Banda \u201cChew muli wa\u201d; en el Centro Cultural \u201cNuevos Trapos\u201d se presentar\u00e1 \u201cYula Tr\u00edo\u201d; en el Teatro El Chasqui se llevar\u00e1 a cabo la obra teatral \u201cLa Prudencia\u201d; en el Bar Bairoletto se realizar\u00e1 un show musical a cargo de Nicol\u00e1s Muchiut y Federico Ratto; y en la Ronda Cultural se realizar\u00e1 una Variet\u00e9 por el 12\u00b0 Aniversario.<\/p>\n<p>En tanto, el domingo 19 de septiembre se llevar\u00e1 a cabo un show de Tango a cargo de Gabriel Sosa y Juan Mart\u00edn Franchisconi, que tendr\u00e1 lugar en el Portal del Tango; en la Escuela Nacional se podr\u00e1 visitar una muestra fotogr\u00e1fica de Emiliano Scaturro; adem\u00e1s, en el C\u00edrculo Criollo \u201cEl bozal\u201d se realizar\u00e1 una Jineteada.<\/p>\n<p>El lunes 20 de septiembre tendr\u00e1 lugar una Marat\u00f3n de Lectura en la Escuela Normal y se presentar\u00e1 la obra \u201cEl Hombrecito de Azulejo\u201d. Dicha Marat\u00f3n se realizar\u00e1 tambi\u00e9n el lunes 21, d\u00eda en que se presentar\u00e1 el show de Gulub\u00fa; adem\u00e1s, en Parque Cielos del Sur se presentar\u00e1n el Tr\u00edo Acrob\u00e1tico e Ina Solari, al igual que en el CIC Fonavi y CIC 25 de Mayo.<\/p>\n<p>Adem\u00e1s, en el marco de este D\u00eda de la Primavera tambi\u00e9n se musicalizar\u00e1n diferentes espacios p\u00fablicos como la Plaza Principal, la Plaza Espa\u00f1a y el Parque Infantil.<\/p>\n<p>El mi\u00e9rcoles 22 de septiembre la actividad tendr\u00e1 lugar en el Parque Cielos del Sur, donde se presentar\u00e1 Equinoccio.<\/p>\n<p>Finalmente, el viernes 24 en el Teatro Trac se realizar\u00e1 un concierto de guitarra cl\u00e1sica a cargo de Leo Gal\u00e1n y se llevar\u00e1 a cabo una Marat\u00f3n de Lectura con la presentaci\u00f3n de la obra \u201cEl Hombrecito del Azulejo\u201d en la Escuela Normal.<\/p>\n","protected":false},"excerpt":{"rendered":"<p>\u25a0 Ser\u00e1 con actividades art\u00edsticas, deportivas y culturales que van desde el jueves 16 hasta el viernes 24<\/p>\n","protected":false},"author":16,"featured_media":74871,"comment_status":"open","ping_status":"open","sticky":false,"template":"","format":"standard","meta":{"footnotes":""},"categories":[139],"tags":[203,198],"class_list":["post-74870","post","type-post","status-publish","format-standard","has-post-thumbnail","hentry","category-regionales","tag-chivilcoy","tag-primavera"],"yoast_head":"<!-- This site is optimized with the Yoast SEO plugin v27.5 - https:\/\/yoast.com\/product\/yoast-seo-wordpress\/ -->\n<title>Fue anunciado el \u201cPrimaFest Chivilcoy 2021\u201d<\/title>\n<meta name=\"robots\" content=\"index, follow, max-snippet:-1, max-image-preview:large, max-video-preview:-1\" \/>\n<link rel=\"canonical\" href=\"https:\/\/noticiasmercedinas.com\/site\/2021\/09\/16\/fue-anunciado-el-primafest-chivilcoy-2021\/\" \/>\n<meta property=\"og:locale\" content=\"es_ES\" \/>\n<meta property=\"og:type\" content=\"article\" \/>\n<meta property=\"og:title\" content=\"Fue anunciado el \u201cPrimaFest Chivilcoy 2021\u201d\" \/>\n<meta property=\"og:description\" content=\"\u25a0 Ser\u00e1 con actividades art\u00edsticas, deportivas y culturales que van desde el jueves 16 hasta el viernes 24\" \/>\n<meta property=\"og:url\" content=\"https:\/\/noticiasmercedinas.com\/site\/2021\/09\/16\/fue-anunciado-el-primafest-chivilcoy-2021\/\" \/>\n<meta property=\"og:site_name\" content=\"NOTICIASMERCEDINAS.COM\" \/>\n<meta property=\"article:publisher\" content=\"https:\/\/www.facebook.com\/noticiasmercedinas\/\" \/>\n<meta property=\"article:published_time\" content=\"2021-09-16T14:01:43+00:00\" \/>\n<meta property=\"og:image\" content=\"https:\/\/noticiasmercedinas.com\/site\/wp-content\/uploads\/2021\/09\/conferencia-cultura-anuncio-primafest-768x512-1.jpg\" \/>\n\t<meta property=\"og:image:width\" content=\"768\" \/>\n\t<meta property=\"og:image:height\" content=\"512\" \/>\n\t<meta property=\"og:image:type\" content=\"image\/jpeg\" \/>\n<meta name=\"author\" content=\"NOTICIASMERCEDINAS.COM\" \/>\n<meta name=\"twitter:card\" content=\"summary_large_image\" \/>\n<meta name=\"twitter:creator\" content=\"@notmercedinas\" \/>\n<meta name=\"twitter:site\" content=\"@notmercedinas\" \/>\n<meta name=\"twitter:label1\" content=\"Escrito por\" \/>\n\t<meta name=\"twitter:data1\" content=\"NOTICIASMERCEDINAS.COM\" \/>\n\t<meta name=\"twitter:label2\" content=\"Tiempo de lectura\" \/>\n\t<meta name=\"twitter:data2\" content=\"3 minutos\" \/>\n<script type=\"application\/ld+json\" class=\"yoast-schema-graph\">{\"@context\":\"https:\\\/\\\/schema.org\",\"@graph\":[{\"@type\":\"Article\",\"@id\":\"https:\\\/\\\/noticiasmercedinas.com\\\/site\\\/2021\\\/09\\\/16\\\/fue-anunciado-el-primafest-chivilcoy-2021\\\/#article\",\"isPartOf\":{\"@id\":\"https:\\\/\\\/noticiasmercedinas.com\\\/site\\\/2021\\\/09\\\/16\\\/fue-anunciado-el-primafest-chivilcoy-2021\\\/\"},\"author\":{\"name\":\"NOTICIASMERCEDINAS.COM\",\"@id\":\"https:\\\/\\\/noticiasmercedinas.com\\\/site\\\/#\\\/schema\\\/person\\\/84b59c099c28ff2e8b77d4ceec5d8063\"},\"headline\":\"Fue anunciado el \u201cPrimaFest Chivilcoy 2021\u201d\",\"datePublished\":\"2021-09-16T14:01:43+00:00\",\"mainEntityOfPage\":{\"@id\":\"https:\\\/\\\/noticiasmercedinas.com\\\/site\\\/2021\\\/09\\\/16\\\/fue-anunciado-el-primafest-chivilcoy-2021\\\/\"},\"wordCount\":582,\"commentCount\":0,\"publisher\":{\"@id\":\"https:\\\/\\\/noticiasmercedinas.com\\\/site\\\/#organization\"},\"image\":{\"@id\":\"https:\\\/\\\/noticiasmercedinas.com\\\/site\\\/2021\\\/09\\\/16\\\/fue-anunciado-el-primafest-chivilcoy-2021\\\/#primaryimage\"},\"thumbnailUrl\":\"https:\\\/\\\/noticiasmercedinas.com\\\/site\\\/wp-content\\\/uploads\\\/2021\\\/09\\\/conferencia-cultura-anuncio-primafest-768x512-1.jpg\",\"keywords\":[\"chivilcoy\",\"primavera\"],\"articleSection\":[\"Regionales\"],\"inLanguage\":\"es\",\"potentialAction\":[{\"@type\":\"CommentAction\",\"name\":\"Comment\",\"target\":[\"https:\\\/\\\/noticiasmercedinas.com\\\/site\\\/2021\\\/09\\\/16\\\/fue-anunciado-el-primafest-chivilcoy-2021\\\/#respond\"]}]},{\"@type\":\"WebPage\",\"@id\":\"https:\\\/\\\/noticiasmercedinas.com\\\/site\\\/2021\\\/09\\\/16\\\/fue-anunciado-el-primafest-chivilcoy-2021\\\/\",\"url\":\"https:\\\/\\\/noticiasmercedinas.com\\\/site\\\/2021\\\/09\\\/16\\\/fue-anunciado-el-primafest-chivilcoy-2021\\\/\",\"name\":\"Fue anunciado el \u201cPrimaFest Chivilcoy 2021\u201d\",\"isPartOf\":{\"@id\":\"https:\\\/\\\/noticiasmercedinas.com\\\/site\\\/#website\"},\"primaryImageOfPage\":{\"@id\":\"https:\\\/\\\/noticiasmercedinas.com\\\/site\\\/2021\\\/09\\\/16\\\/fue-anunciado-el-primafest-chivilcoy-2021\\\/#primaryimage\"},\"image\":{\"@id\":\"https:\\\/\\\/noticiasmercedinas.com\\\/site\\\/2021\\\/09\\\/16\\\/fue-anunciado-el-primafest-chivilcoy-2021\\\/#primaryimage\"},\"thumbnailUrl\":\"https:\\\/\\\/noticiasmercedinas.com\\\/site\\\/wp-content\\\/uploads\\\/2021\\\/09\\\/conferencia-cultura-anuncio-primafest-768x512-1.jpg\",\"datePublished\":\"2021-09-16T14:01:43+00:00\",\"breadcrumb\":{\"@id\":\"https:\\\/\\\/noticiasmercedinas.com\\\/site\\\/2021\\\/09\\\/16\\\/fue-anunciado-el-primafest-chivilcoy-2021\\\/#breadcrumb\"},\"inLanguage\":\"es\",\"potentialAction\":[{\"@type\":\"ReadAction\",\"target\":[\"https:\\\/\\\/noticiasmercedinas.com\\\/site\\\/2021\\\/09\\\/16\\\/fue-anunciado-el-primafest-chivilcoy-2021\\\/\"]}]},{\"@type\":\"ImageObject\",\"inLanguage\":\"es\",\"@id\":\"https:\\\/\\\/noticiasmercedinas.com\\\/site\\\/2021\\\/09\\\/16\\\/fue-anunciado-el-primafest-chivilcoy-2021\\\/#primaryimage\",\"url\":\"https:\\\/\\\/noticiasmercedinas.com\\\/site\\\/wp-content\\\/uploads\\\/2021\\\/09\\\/conferencia-cultura-anuncio-primafest-768x512-1.jpg\",\"contentUrl\":\"https:\\\/\\\/noticiasmercedinas.com\\\/site\\\/wp-content\\\/uploads\\\/2021\\\/09\\\/conferencia-cultura-anuncio-primafest-768x512-1.jpg\",\"width\":768,\"height\":512},{\"@type\":\"BreadcrumbList\",\"@id\":\"https:\\\/\\\/noticiasmercedinas.com\\\/site\\\/2021\\\/09\\\/16\\\/fue-anunciado-el-primafest-chivilcoy-2021\\\/#breadcrumb\",\"itemListElement\":[{\"@type\":\"ListItem\",\"position\":1,\"name\":\"Portada\",\"item\":\"https:\\\/\\\/noticiasmercedinas.com\\\/site\\\/\"},{\"@type\":\"ListItem\",\"position\":2,\"name\":\"Fue anunciado el \u201cPrimaFest Chivilcoy 2021\u201d\"}]},{\"@type\":\"WebSite\",\"@id\":\"https:\\\/\\\/noticiasmercedinas.com\\\/site\\\/#website\",\"url\":\"https:\\\/\\\/noticiasmercedinas.com\\\/site\\\/\",\"name\":\"NOTICIASMERCEDINAS.COM\",\"description\":\"Mercedes, Buenos Aires, Argentina\",\"publisher\":{\"@id\":\"https:\\\/\\\/noticiasmercedinas.com\\\/site\\\/#organization\"},\"potentialAction\":[{\"@type\":\"SearchAction\",\"target\":{\"@type\":\"EntryPoint\",\"urlTemplate\":\"https:\\\/\\\/noticiasmercedinas.com\\\/site\\\/?s={search_term_string}\"},\"query-input\":{\"@type\":\"PropertyValueSpecification\",\"valueRequired\":true,\"valueName\":\"search_term_string\"}}],\"inLanguage\":\"es\"},{\"@type\":\"Organization\",\"@id\":\"https:\\\/\\\/noticiasmercedinas.com\\\/site\\\/#organization\",\"name\":\"NOTICIASMERCEDINAS.COM\",\"url\":\"https:\\\/\\\/noticiasmercedinas.com\\\/site\\\/\",\"logo\":{\"@type\":\"ImageObject\",\"inLanguage\":\"es\",\"@id\":\"https:\\\/\\\/noticiasmercedinas.com\\\/site\\\/#\\\/schema\\\/logo\\\/image\\\/\",\"url\":\"https:\\\/\\\/noticiasmercedinas.com\\\/site\\\/wp-content\\\/uploads\\\/2020\\\/06\\\/LOGO-512.jpg\",\"contentUrl\":\"https:\\\/\\\/noticiasmercedinas.com\\\/site\\\/wp-content\\\/uploads\\\/2020\\\/06\\\/LOGO-512.jpg\",\"width\":512,\"height\":512,\"caption\":\"NOTICIASMERCEDINAS.COM\"},\"image\":{\"@id\":\"https:\\\/\\\/noticiasmercedinas.com\\\/site\\\/#\\\/schema\\\/logo\\\/image\\\/\"},\"sameAs\":[\"https:\\\/\\\/www.facebook.com\\\/noticiasmercedinas\\\/\",\"https:\\\/\\\/x.com\\\/notmercedinas\",\"https:\\\/\\\/www.instagram.com\\\/noticiasmercedinas\\\/\"]},{\"@type\":\"Person\",\"@id\":\"https:\\\/\\\/noticiasmercedinas.com\\\/site\\\/#\\\/schema\\\/person\\\/84b59c099c28ff2e8b77d4ceec5d8063\",\"name\":\"NOTICIASMERCEDINAS.COM\",\"image\":{\"@type\":\"ImageObject\",\"inLanguage\":\"es\",\"@id\":\"https:\\\/\\\/secure.gravatar.com\\\/avatar\\\/4dfbf16b4d17945bfb6341b2d19043457132fcf478a5ee04f42e959fd8f5df0a?s=96&d=mm&r=g\",\"url\":\"https:\\\/\\\/secure.gravatar.com\\\/avatar\\\/4dfbf16b4d17945bfb6341b2d19043457132fcf478a5ee04f42e959fd8f5df0a?s=96&d=mm&r=g\",\"contentUrl\":\"https:\\\/\\\/secure.gravatar.com\\\/avatar\\\/4dfbf16b4d17945bfb6341b2d19043457132fcf478a5ee04f42e959fd8f5df0a?s=96&d=mm&r=g\",\"caption\":\"NOTICIASMERCEDINAS.COM\"},\"url\":\"https:\\\/\\\/noticiasmercedinas.com\\\/site\\\/author\\\/anonimo\\\/\"}]}<\/script>\n<!-- \/ Yoast SEO plugin. -->","yoast_head_json":{"title":"Fue anunciado el \u201cPrimaFest Chivilcoy 2021\u201d","robots":{"index":"index","follow":"follow","max-snippet":"max-snippet:-1","max-image-preview":"max-image-preview:large","max-video-preview":"max-video-preview:-1"},"canonical":"https:\/\/noticiasmercedinas.com\/site\/2021\/09\/16\/fue-anunciado-el-primafest-chivilcoy-2021\/","og_locale":"es_ES","og_type":"article","og_title":"Fue anunciado el \u201cPrimaFest Chivilcoy 2021\u201d","og_description":"\u25a0 Ser\u00e1 con actividades art\u00edsticas, deportivas y culturales que van desde el jueves 16 hasta el viernes 24","og_url":"https:\/\/noticiasmercedinas.com\/site\/2021\/09\/16\/fue-anunciado-el-primafest-chivilcoy-2021\/","og_site_name":"NOTICIASMERCEDINAS.COM","article_publisher":"https:\/\/www.facebook.com\/noticiasmercedinas\/","article_published_time":"2021-09-16T14:01:43+00:00","og_image":[{"width":768,"height":512,"url":"https:\/\/noticiasmercedinas.com\/site\/wp-content\/uploads\/2021\/09\/conferencia-cultura-anuncio-primafest-768x512-1.jpg","type":"image\/jpeg"}],"author":"NOTICIASMERCEDINAS.COM","twitter_card":"summary_large_image","twitter_creator":"@notmercedinas","twitter_site":"@notmercedinas","twitter_misc":{"Escrito por":"NOTICIASMERCEDINAS.COM","Tiempo de lectura":"3 minutos"},"schema":{"@context":"https:\/\/schema.org","@graph":[{"@type":"Article","@id":"https:\/\/noticiasmercedinas.com\/site\/2021\/09\/16\/fue-anunciado-el-primafest-chivilcoy-2021\/#article","isPartOf":{"@id":"https:\/\/noticiasmercedinas.com\/site\/2021\/09\/16\/fue-anunciado-el-primafest-chivilcoy-2021\/"},"author":{"name":"NOTICIASMERCEDINAS.COM","@id":"https:\/\/noticiasmercedinas.com\/site\/#\/schema\/person\/84b59c099c28ff2e8b77d4ceec5d8063"},"headline":"Fue anunciado el \u201cPrimaFest Chivilcoy 2021\u201d","datePublished":"2021-09-16T14:01:43+00:00","mainEntityOfPage":{"@id":"https:\/\/noticiasmercedinas.com\/site\/2021\/09\/16\/fue-anunciado-el-primafest-chivilcoy-2021\/"},"wordCount":582,"commentCount":0,"publisher":{"@id":"https:\/\/noticiasmercedinas.com\/site\/#organization"},"image":{"@id":"https:\/\/noticiasmercedinas.com\/site\/2021\/09\/16\/fue-anunciado-el-primafest-chivilcoy-2021\/#primaryimage"},"thumbnailUrl":"https:\/\/noticiasmercedinas.com\/site\/wp-content\/uploads\/2021\/09\/conferencia-cultura-anuncio-primafest-768x512-1.jpg","keywords":["chivilcoy","primavera"],"articleSection":["Regionales"],"inLanguage":"es","potentialAction":[{"@type":"CommentAction","name":"Comment","target":["https:\/\/noticiasmercedinas.com\/site\/2021\/09\/16\/fue-anunciado-el-primafest-chivilcoy-2021\/#respond"]}]},{"@type":"WebPage","@id":"https:\/\/noticiasmercedinas.com\/site\/2021\/09\/16\/fue-anunciado-el-primafest-chivilcoy-2021\/","url":"https:\/\/noticiasmercedinas.com\/site\/2021\/09\/16\/fue-anunciado-el-primafest-chivilcoy-2021\/","name":"Fue anunciado el \u201cPrimaFest Chivilcoy 2021\u201d","isPartOf":{"@id":"https:\/\/noticiasmercedinas.com\/site\/#website"},"primaryImageOfPage":{"@id":"https:\/\/noticiasmercedinas.com\/site\/2021\/09\/16\/fue-anunciado-el-primafest-chivilcoy-2021\/#primaryimage"},"image":{"@id":"https:\/\/noticiasmercedinas.com\/site\/2021\/09\/16\/fue-anunciado-el-primafest-chivilcoy-2021\/#primaryimage"},"thumbnailUrl":"https:\/\/noticiasmercedinas.com\/site\/wp-content\/uploads\/2021\/09\/conferencia-cultura-anuncio-primafest-768x512-1.jpg","datePublished":"2021-09-16T14:01:43+00:00","breadcrumb":{"@id":"https:\/\/noticiasmercedinas.com\/site\/2021\/09\/16\/fue-anunciado-el-primafest-chivilcoy-2021\/#breadcrumb"},"inLanguage":"es","potentialAction":[{"@type":"ReadAction","target":["https:\/\/noticiasmercedinas.com\/site\/2021\/09\/16\/fue-anunciado-el-primafest-chivilcoy-2021\/"]}]},{"@type":"ImageObject","inLanguage":"es","@id":"https:\/\/noticiasmercedinas.com\/site\/2021\/09\/16\/fue-anunciado-el-primafest-chivilcoy-2021\/#primaryimage","url":"https:\/\/noticiasmercedinas.com\/site\/wp-content\/uploads\/2021\/09\/conferencia-cultura-anuncio-primafest-768x512-1.jpg","contentUrl":"https:\/\/noticiasmercedinas.com\/site\/wp-content\/uploads\/2021\/09\/conferencia-cultura-anuncio-primafest-768x512-1.jpg","width":768,"height":512},{"@type":"BreadcrumbList","@id":"https:\/\/noticiasmercedinas.com\/site\/2021\/09\/16\/fue-anunciado-el-primafest-chivilcoy-2021\/#breadcrumb","itemListElement":[{"@type":"ListItem","position":1,"name":"Portada","item":"https:\/\/noticiasmercedinas.com\/site\/"},{"@type":"ListItem","position":2,"name":"Fue anunciado el \u201cPrimaFest Chivilcoy 2021\u201d"}]},{"@type":"WebSite","@id":"https:\/\/noticiasmercedinas.com\/site\/#website","url":"https:\/\/noticiasmercedinas.com\/site\/","name":"NOTICIASMERCEDINAS.COM","description":"Mercedes, Buenos Aires, Argentina","publisher":{"@id":"https:\/\/noticiasmercedinas.com\/site\/#organization"},"potentialAction":[{"@type":"SearchAction","target":{"@type":"EntryPoint","urlTemplate":"https:\/\/noticiasmercedinas.com\/site\/?s={search_term_string}"},"query-input":{"@type":"PropertyValueSpecification","valueRequired":true,"valueName":"search_term_string"}}],"inLanguage":"es"},{"@type":"Organization","@id":"https:\/\/noticiasmercedinas.com\/site\/#organization","name":"NOTICIASMERCEDINAS.COM","url":"https:\/\/noticiasmercedinas.com\/site\/","logo":{"@type":"ImageObject","inLanguage":"es","@id":"https:\/\/noticiasmercedinas.com\/site\/#\/schema\/logo\/image\/","url":"https:\/\/noticiasmercedinas.com\/site\/wp-content\/uploads\/2020\/06\/LOGO-512.jpg","contentUrl":"https:\/\/noticiasmercedinas.com\/site\/wp-content\/uploads\/2020\/06\/LOGO-512.jpg","width":512,"height":512,"caption":"NOTICIASMERCEDINAS.COM"},"image":{"@id":"https:\/\/noticiasmercedinas.com\/site\/#\/schema\/logo\/image\/"},"sameAs":["https:\/\/www.facebook.com\/noticiasmercedinas\/","https:\/\/x.com\/notmercedinas","https:\/\/www.instagram.com\/noticiasmercedinas\/"]},{"@type":"Person","@id":"https:\/\/noticiasmercedinas.com\/site\/#\/schema\/person\/84b59c099c28ff2e8b77d4ceec5d8063","name":"NOTICIASMERCEDINAS.COM","image":{"@type":"ImageObject","inLanguage":"es","@id":"https:\/\/secure.gravatar.com\/avatar\/4dfbf16b4d17945bfb6341b2d19043457132fcf478a5ee04f42e959fd8f5df0a?s=96&d=mm&r=g","url":"https:\/\/secure.gravatar.com\/avatar\/4dfbf16b4d17945bfb6341b2d19043457132fcf478a5ee04f42e959fd8f5df0a?s=96&d=mm&r=g","contentUrl":"https:\/\/secure.gravatar.com\/avatar\/4dfbf16b4d17945bfb6341b2d19043457132fcf478a5ee04f42e959fd8f5df0a?s=96&d=mm&r=g","caption":"NOTICIASMERCEDINAS.COM"},"url":"https:\/\/noticiasmercedinas.com\/site\/author\/anonimo\/"}]}},"amp_enabled":true,"_links":{"self":[{"href":"https:\/\/noticiasmercedinas.com\/site\/wp-json\/wp\/v2\/posts\/74870","targetHints":{"allow":["GET"]}}],"collection":[{"href":"https:\/\/noticiasmercedinas.com\/site\/wp-json\/wp\/v2\/posts"}],"about":[{"href":"https:\/\/noticiasmercedinas.com\/site\/wp-json\/wp\/v2\/types\/post"}],"author":[{"embeddable":true,"href":"https:\/\/noticiasmercedinas.com\/site\/wp-json\/wp\/v2\/users\/16"}],"replies":[{"embeddable":true,"href":"https:\/\/noticiasmercedinas.com\/site\/wp-json\/wp\/v2\/comments?post=74870"}],"version-history":[{"count":1,"href":"https:\/\/noticiasmercedinas.com\/site\/wp-json\/wp\/v2\/posts\/74870\/revisions"}],"predecessor-version":[{"id":74872,"href":"https:\/\/noticiasmercedinas.com\/site\/wp-json\/wp\/v2\/posts\/74870\/revisions\/74872"}],"wp:featuredmedia":[{"embeddable":true,"href":"https:\/\/noticiasmercedinas.com\/site\/wp-json\/wp\/v2\/media\/74871"}],"wp:attachment":[{"href":"https:\/\/noticiasmercedinas.com\/site\/wp-json\/wp\/v2\/media?parent=74870"}],"wp:term":[{"taxonomy":"category","embeddable":true,"href":"https:\/\/noticiasmercedinas.com\/site\/wp-json\/wp\/v2\/categories?post=74870"},{"taxonomy":"post_tag","embeddable":true,"href":"https:\/\/noticiasmercedinas.com\/site\/wp-json\/wp\/v2\/tags?post=74870"}],"curies":[{"name":"wp","href":"https:\/\/api.w.org\/{rel}","templated":true}]}}