{"id":7493,"date":"2018-11-23T08:05:00","date_gmt":"2018-11-23T11:05:00","guid":{"rendered":"https:\/\/noticiasmercedinas.com\/site\/?p=7493"},"modified":"2018-11-23T08:05:00","modified_gmt":"2018-11-23T11:05:00","slug":"viernes-sin-atencion-en-bancos-provincia-y-nacion-por-paro","status":"publish","type":"post","link":"https:\/\/noticiasmercedinas.com\/site\/2018\/11\/23\/viernes-sin-atencion-en-bancos-provincia-y-nacion-por-paro\/","title":{"rendered":"Viernes sin atenci\u00f3n en bancos Provincia y Naci\u00f3n por paro"},"content":{"rendered":"<p><strong>Lo confirm\u00f3 a este medio Miguel Pastorini, de La Bancaria. La falta de cumplimiento paritario es el motivo. Trabajo cit\u00f3 a una reuni\u00f3n el mi\u00e9rcoles<\/strong><\/p>\n<p><img loading=\"lazy\" decoding=\"async\" class=\"alignnone size-large wp-image-7494\" src=\"https:\/\/noticiasmercedinas.com\/site\/wp-content\/uploads\/2018\/11\/034f9e52-771a-4b5f-915b-b470c24a6623-1024x1017.jpg\" alt=\"\" width=\"640\" height=\"636\" srcset=\"https:\/\/noticiasmercedinas.com\/site\/wp-content\/uploads\/2018\/11\/034f9e52-771a-4b5f-915b-b470c24a6623-1024x1017.jpg 1024w, https:\/\/noticiasmercedinas.com\/site\/wp-content\/uploads\/2018\/11\/034f9e52-771a-4b5f-915b-b470c24a6623-150x150.jpg 150w, https:\/\/noticiasmercedinas.com\/site\/wp-content\/uploads\/2018\/11\/034f9e52-771a-4b5f-915b-b470c24a6623-300x298.jpg 300w, https:\/\/noticiasmercedinas.com\/site\/wp-content\/uploads\/2018\/11\/034f9e52-771a-4b5f-915b-b470c24a6623-768x763.jpg 768w, https:\/\/noticiasmercedinas.com\/site\/wp-content\/uploads\/2018\/11\/034f9e52-771a-4b5f-915b-b470c24a6623-640x636.jpg 640w, https:\/\/noticiasmercedinas.com\/site\/wp-content\/uploads\/2018\/11\/034f9e52-771a-4b5f-915b-b470c24a6623-681x676.jpg 681w, https:\/\/noticiasmercedinas.com\/site\/wp-content\/uploads\/2018\/11\/034f9e52-771a-4b5f-915b-b470c24a6623.jpg 1150w\" sizes=\"auto, (max-width: 640px) 100vw, 640px\" \/><\/p>\n<p>Llamaron a un paro por 24 horas para este viernes en varios bancos del pa\u00eds, y tal cual confirm\u00f3 a este medio el dirigente de La Bancaria, <strong>Miguel Pastorini<\/strong>, la actividad se ver\u00e1 disminuida y no habr\u00e1 atenci\u00f3n al p\u00fablico en Banco Naci\u00f3n, Ciudad, Banco Provincia, BCRA y alguno m\u00e1s de \u00f3rbita provincial. De esta manera y en lo que afecta a esta ciudad, en Mercedes no habr\u00e1 atenci\u00f3n en Banco Provincia ni en el Naci\u00f3n. La falta de cumplimiento paritario es el motivo.<\/p>\n<p>\u201cNo hay excusas para los bancos que no han actualizado, como se establece coherentemente con el acuerdo paritario de abril, el salario a partir del 1\u00b0 de octubre. La Asociaci\u00f3n Bancaria ha dado todos los pasos necesarios\u201d, sostienen desde la entidad gremial.<\/p>\n<p>\u201cUna amplia mayor\u00eda de las entidades y c\u00e1maras empresarias est\u00e1 respetando lo acordado. Incluso entidades de la c\u00e1mara ABAPPRA que junto al Banco Central no lo han hecho. Ello supone de acuerdo a la legislaci\u00f3n vigente la validez de la actualizaci\u00f3n salarial suscripta para toda la actividad\u201d, agregaron en a convocatoria a un paro de 24 horas en todo el pa\u00eds a partir de la cero hora de este viernes 23 de noviembre en las entidades que se niegan a la correspondiente actualizaci\u00f3n.<\/p>\n<p>Por \u00faltimo, y tal cual inform\u00f3 Pastorini, la secretar\u00eda de Trabajo cit\u00f3 a una reuni\u00f3n el mi\u00e9rcoles a ABAPPRA y La Bancaria.<\/p>\n","protected":false},"excerpt":{"rendered":"<p>Lo confirm\u00f3 a este medio Miguel Pastorini, de La Bancaria. La falta de cumplimiento paritario es el motivo. Trabajo cit\u00f3 a una reuni\u00f3n el mi\u00e9rcoles Llamaron a un paro por 24 horas para este viernes en varios bancos del pa\u00eds, y tal cual confirm\u00f3 a este medio el dirigente de La Bancaria, Miguel Pastorini, la [&hellip;]<\/p>\n","protected":false},"author":2,"featured_media":7494,"comment_status":"open","ping_status":"open","sticky":false,"template":"","format":"standard","meta":{"footnotes":""},"categories":[3],"tags":[2354,1527,1913,843,1498,851,231],"class_list":["post-7493","post","type-post","status-publish","format-standard","has-post-thumbnail","hentry","category-sociedad","tag-banco-nacion","tag-banco-provincia","tag-bancos","tag-la-bancaria","tag-la-bancaria-seccional-chivilcoy","tag-miguel-pastorini","tag-paro"],"yoast_head":"<!-- This site is optimized with the Yoast SEO plugin v27.4 - https:\/\/yoast.com\/product\/yoast-seo-wordpress\/ -->\n<title>Viernes sin atenci\u00f3n en bancos Provincia y Naci\u00f3n por paro<\/title>\n<meta name=\"robots\" content=\"index, follow, max-snippet:-1, max-image-preview:large, max-video-preview:-1\" \/>\n<link rel=\"canonical\" href=\"https:\/\/noticiasmercedinas.com\/site\/2018\/11\/23\/viernes-sin-atencion-en-bancos-provincia-y-nacion-por-paro\/\" \/>\n<meta property=\"og:locale\" content=\"es_ES\" \/>\n<meta property=\"og:type\" content=\"article\" \/>\n<meta property=\"og:title\" content=\"Viernes sin atenci\u00f3n en bancos Provincia y Naci\u00f3n por paro\" \/>\n<meta property=\"og:description\" content=\"Lo confirm\u00f3 a este medio Miguel Pastorini, de La Bancaria. La falta de cumplimiento paritario es el motivo. Trabajo cit\u00f3 a una reuni\u00f3n el mi\u00e9rcoles Llamaron a un paro por 24 horas para este viernes en varios bancos del pa\u00eds, y tal cual confirm\u00f3 a este medio el dirigente de La Bancaria, Miguel Pastorini, la [&hellip;]\" \/>\n<meta property=\"og:url\" content=\"https:\/\/noticiasmercedinas.com\/site\/2018\/11\/23\/viernes-sin-atencion-en-bancos-provincia-y-nacion-por-paro\/\" \/>\n<meta property=\"og:site_name\" content=\"NOTICIASMERCEDINAS.COM\" \/>\n<meta property=\"article:publisher\" content=\"https:\/\/www.facebook.com\/noticiasmercedinas\/\" \/>\n<meta property=\"article:author\" content=\"https:\/\/www.facebook.com\/cristian.falabella\" \/>\n<meta property=\"article:published_time\" content=\"2018-11-23T11:05:00+00:00\" \/>\n<meta property=\"og:image\" content=\"https:\/\/noticiasmercedinas.com\/site\/wp-content\/uploads\/2018\/11\/034f9e52-771a-4b5f-915b-b470c24a6623.jpg\" \/>\n\t<meta property=\"og:image:width\" content=\"1150\" \/>\n\t<meta property=\"og:image:height\" content=\"1142\" \/>\n\t<meta property=\"og:image:type\" content=\"image\/jpeg\" \/>\n<meta name=\"author\" content=\"Cristian Falabella NOTICIASMERCEDINAS.COM\" \/>\n<meta name=\"twitter:card\" content=\"summary_large_image\" \/>\n<meta name=\"twitter:creator\" content=\"@https:\/\/twitter.com\/NOTMERCEDINAS\" \/>\n<meta name=\"twitter:site\" content=\"@notmercedinas\" \/>\n<meta name=\"twitter:label1\" content=\"Escrito por\" \/>\n\t<meta name=\"twitter:data1\" content=\"Cristian Falabella NOTICIASMERCEDINAS.COM\" \/>\n\t<meta name=\"twitter:label2\" content=\"Tiempo de lectura\" \/>\n\t<meta name=\"twitter:data2\" content=\"1 minuto\" \/>\n<script type=\"application\/ld+json\" class=\"yoast-schema-graph\">{\"@context\":\"https:\\\/\\\/schema.org\",\"@graph\":[{\"@type\":\"Article\",\"@id\":\"https:\\\/\\\/noticiasmercedinas.com\\\/site\\\/2018\\\/11\\\/23\\\/viernes-sin-atencion-en-bancos-provincia-y-nacion-por-paro\\\/#article\",\"isPartOf\":{\"@id\":\"https:\\\/\\\/noticiasmercedinas.com\\\/site\\\/2018\\\/11\\\/23\\\/viernes-sin-atencion-en-bancos-provincia-y-nacion-por-paro\\\/\"},\"author\":{\"name\":\"Cristian Falabella NOTICIASMERCEDINAS.COM\",\"@id\":\"https:\\\/\\\/noticiasmercedinas.com\\\/site\\\/#\\\/schema\\\/person\\\/d481a9696a5feaec13a60e2bbd991a6a\"},\"headline\":\"Viernes sin atenci\u00f3n en bancos Provincia y Naci\u00f3n por paro\",\"datePublished\":\"2018-11-23T11:05:00+00:00\",\"mainEntityOfPage\":{\"@id\":\"https:\\\/\\\/noticiasmercedinas.com\\\/site\\\/2018\\\/11\\\/23\\\/viernes-sin-atencion-en-bancos-provincia-y-nacion-por-paro\\\/\"},\"wordCount\":284,\"commentCount\":0,\"publisher\":{\"@id\":\"https:\\\/\\\/noticiasmercedinas.com\\\/site\\\/#organization\"},\"image\":{\"@id\":\"https:\\\/\\\/noticiasmercedinas.com\\\/site\\\/2018\\\/11\\\/23\\\/viernes-sin-atencion-en-bancos-provincia-y-nacion-por-paro\\\/#primaryimage\"},\"thumbnailUrl\":\"https:\\\/\\\/noticiasmercedinas.com\\\/site\\\/wp-content\\\/uploads\\\/2018\\\/11\\\/034f9e52-771a-4b5f-915b-b470c24a6623.jpg\",\"keywords\":[\"banco nacion\",\"banco provincia\",\"bancos\",\"la bancaria\",\"La Bancaria Seccional Chivilcoy\",\"miguel pastorini\",\"paro\"],\"articleSection\":[\"Sociedad\"],\"inLanguage\":\"es\",\"potentialAction\":[{\"@type\":\"CommentAction\",\"name\":\"Comment\",\"target\":[\"https:\\\/\\\/noticiasmercedinas.com\\\/site\\\/2018\\\/11\\\/23\\\/viernes-sin-atencion-en-bancos-provincia-y-nacion-por-paro\\\/#respond\"]}]},{\"@type\":\"WebPage\",\"@id\":\"https:\\\/\\\/noticiasmercedinas.com\\\/site\\\/2018\\\/11\\\/23\\\/viernes-sin-atencion-en-bancos-provincia-y-nacion-por-paro\\\/\",\"url\":\"https:\\\/\\\/noticiasmercedinas.com\\\/site\\\/2018\\\/11\\\/23\\\/viernes-sin-atencion-en-bancos-provincia-y-nacion-por-paro\\\/\",\"name\":\"Viernes sin atenci\u00f3n en bancos Provincia y Naci\u00f3n por paro\",\"isPartOf\":{\"@id\":\"https:\\\/\\\/noticiasmercedinas.com\\\/site\\\/#website\"},\"primaryImageOfPage\":{\"@id\":\"https:\\\/\\\/noticiasmercedinas.com\\\/site\\\/2018\\\/11\\\/23\\\/viernes-sin-atencion-en-bancos-provincia-y-nacion-por-paro\\\/#primaryimage\"},\"image\":{\"@id\":\"https:\\\/\\\/noticiasmercedinas.com\\\/site\\\/2018\\\/11\\\/23\\\/viernes-sin-atencion-en-bancos-provincia-y-nacion-por-paro\\\/#primaryimage\"},\"thumbnailUrl\":\"https:\\\/\\\/noticiasmercedinas.com\\\/site\\\/wp-content\\\/uploads\\\/2018\\\/11\\\/034f9e52-771a-4b5f-915b-b470c24a6623.jpg\",\"datePublished\":\"2018-11-23T11:05:00+00:00\",\"breadcrumb\":{\"@id\":\"https:\\\/\\\/noticiasmercedinas.com\\\/site\\\/2018\\\/11\\\/23\\\/viernes-sin-atencion-en-bancos-provincia-y-nacion-por-paro\\\/#breadcrumb\"},\"inLanguage\":\"es\",\"potentialAction\":[{\"@type\":\"ReadAction\",\"target\":[\"https:\\\/\\\/noticiasmercedinas.com\\\/site\\\/2018\\\/11\\\/23\\\/viernes-sin-atencion-en-bancos-provincia-y-nacion-por-paro\\\/\"]}]},{\"@type\":\"ImageObject\",\"inLanguage\":\"es\",\"@id\":\"https:\\\/\\\/noticiasmercedinas.com\\\/site\\\/2018\\\/11\\\/23\\\/viernes-sin-atencion-en-bancos-provincia-y-nacion-por-paro\\\/#primaryimage\",\"url\":\"https:\\\/\\\/noticiasmercedinas.com\\\/site\\\/wp-content\\\/uploads\\\/2018\\\/11\\\/034f9e52-771a-4b5f-915b-b470c24a6623.jpg\",\"contentUrl\":\"https:\\\/\\\/noticiasmercedinas.com\\\/site\\\/wp-content\\\/uploads\\\/2018\\\/11\\\/034f9e52-771a-4b5f-915b-b470c24a6623.jpg\",\"width\":1150,\"height\":1142},{\"@type\":\"BreadcrumbList\",\"@id\":\"https:\\\/\\\/noticiasmercedinas.com\\\/site\\\/2018\\\/11\\\/23\\\/viernes-sin-atencion-en-bancos-provincia-y-nacion-por-paro\\\/#breadcrumb\",\"itemListElement\":[{\"@type\":\"ListItem\",\"position\":1,\"name\":\"Portada\",\"item\":\"https:\\\/\\\/noticiasmercedinas.com\\\/site\\\/\"},{\"@type\":\"ListItem\",\"position\":2,\"name\":\"Viernes sin atenci\u00f3n en bancos Provincia y Naci\u00f3n por paro\"}]},{\"@type\":\"WebSite\",\"@id\":\"https:\\\/\\\/noticiasmercedinas.com\\\/site\\\/#website\",\"url\":\"https:\\\/\\\/noticiasmercedinas.com\\\/site\\\/\",\"name\":\"NOTICIASMERCEDINAS.COM\",\"description\":\"Mercedes, Buenos Aires, Argentina\",\"publisher\":{\"@id\":\"https:\\\/\\\/noticiasmercedinas.com\\\/site\\\/#organization\"},\"potentialAction\":[{\"@type\":\"SearchAction\",\"target\":{\"@type\":\"EntryPoint\",\"urlTemplate\":\"https:\\\/\\\/noticiasmercedinas.com\\\/site\\\/?s={search_term_string}\"},\"query-input\":{\"@type\":\"PropertyValueSpecification\",\"valueRequired\":true,\"valueName\":\"search_term_string\"}}],\"inLanguage\":\"es\"},{\"@type\":\"Organization\",\"@id\":\"https:\\\/\\\/noticiasmercedinas.com\\\/site\\\/#organization\",\"name\":\"NOTICIASMERCEDINAS.COM\",\"url\":\"https:\\\/\\\/noticiasmercedinas.com\\\/site\\\/\",\"logo\":{\"@type\":\"ImageObject\",\"inLanguage\":\"es\",\"@id\":\"https:\\\/\\\/noticiasmercedinas.com\\\/site\\\/#\\\/schema\\\/logo\\\/image\\\/\",\"url\":\"https:\\\/\\\/noticiasmercedinas.com\\\/site\\\/wp-content\\\/uploads\\\/2020\\\/06\\\/LOGO-512.jpg\",\"contentUrl\":\"https:\\\/\\\/noticiasmercedinas.com\\\/site\\\/wp-content\\\/uploads\\\/2020\\\/06\\\/LOGO-512.jpg\",\"width\":512,\"height\":512,\"caption\":\"NOTICIASMERCEDINAS.COM\"},\"image\":{\"@id\":\"https:\\\/\\\/noticiasmercedinas.com\\\/site\\\/#\\\/schema\\\/logo\\\/image\\\/\"},\"sameAs\":[\"https:\\\/\\\/www.facebook.com\\\/noticiasmercedinas\\\/\",\"https:\\\/\\\/x.com\\\/notmercedinas\",\"https:\\\/\\\/www.instagram.com\\\/noticiasmercedinas\\\/\"]},{\"@type\":\"Person\",\"@id\":\"https:\\\/\\\/noticiasmercedinas.com\\\/site\\\/#\\\/schema\\\/person\\\/d481a9696a5feaec13a60e2bbd991a6a\",\"name\":\"Cristian Falabella NOTICIASMERCEDINAS.COM\",\"image\":{\"@type\":\"ImageObject\",\"inLanguage\":\"es\",\"@id\":\"https:\\\/\\\/secure.gravatar.com\\\/avatar\\\/0dbbfc45970cc46bcd0e57766228574ff3511d6eed045b182f536f0f478c1f06?s=96&d=mm&r=g\",\"url\":\"https:\\\/\\\/secure.gravatar.com\\\/avatar\\\/0dbbfc45970cc46bcd0e57766228574ff3511d6eed045b182f536f0f478c1f06?s=96&d=mm&r=g\",\"contentUrl\":\"https:\\\/\\\/secure.gravatar.com\\\/avatar\\\/0dbbfc45970cc46bcd0e57766228574ff3511d6eed045b182f536f0f478c1f06?s=96&d=mm&r=g\",\"caption\":\"Cristian Falabella NOTICIASMERCEDINAS.COM\"},\"description\":\"Periodista, editor de Noticias Mercedinas. Pas\u00f3 por varias redacciones y emprendimientos de prensa, en distintos formatos y \u00e9pocas. Se especializ\u00f3 --y sigue haci\u00e9ndolo-- en comunicaci\u00f3n en la web y en junio de 2006 fund\u00f3 este diario digital.\",\"sameAs\":[\"https:\\\/\\\/noticiasmercedinas.com\",\"https:\\\/\\\/www.facebook.com\\\/cristian.falabella\",\"https:\\\/\\\/www.instagram.com\\\/noticiasmercedinas\\\/\",\"https:\\\/\\\/x.com\\\/https:\\\/\\\/twitter.com\\\/NOTMERCEDINAS\"],\"url\":\"https:\\\/\\\/noticiasmercedinas.com\\\/site\\\/author\\\/as000384\\\/\"}]}<\/script>\n<!-- \/ Yoast SEO plugin. -->","yoast_head_json":{"title":"Viernes sin atenci\u00f3n en bancos Provincia y Naci\u00f3n por paro","robots":{"index":"index","follow":"follow","max-snippet":"max-snippet:-1","max-image-preview":"max-image-preview:large","max-video-preview":"max-video-preview:-1"},"canonical":"https:\/\/noticiasmercedinas.com\/site\/2018\/11\/23\/viernes-sin-atencion-en-bancos-provincia-y-nacion-por-paro\/","og_locale":"es_ES","og_type":"article","og_title":"Viernes sin atenci\u00f3n en bancos Provincia y Naci\u00f3n por paro","og_description":"Lo confirm\u00f3 a este medio Miguel Pastorini, de La Bancaria. La falta de cumplimiento paritario es el motivo. Trabajo cit\u00f3 a una reuni\u00f3n el mi\u00e9rcoles Llamaron a un paro por 24 horas para este viernes en varios bancos del pa\u00eds, y tal cual confirm\u00f3 a este medio el dirigente de La Bancaria, Miguel Pastorini, la [&hellip;]","og_url":"https:\/\/noticiasmercedinas.com\/site\/2018\/11\/23\/viernes-sin-atencion-en-bancos-provincia-y-nacion-por-paro\/","og_site_name":"NOTICIASMERCEDINAS.COM","article_publisher":"https:\/\/www.facebook.com\/noticiasmercedinas\/","article_author":"https:\/\/www.facebook.com\/cristian.falabella","article_published_time":"2018-11-23T11:05:00+00:00","og_image":[{"width":1150,"height":1142,"url":"https:\/\/noticiasmercedinas.com\/site\/wp-content\/uploads\/2018\/11\/034f9e52-771a-4b5f-915b-b470c24a6623.jpg","type":"image\/jpeg"}],"author":"Cristian Falabella NOTICIASMERCEDINAS.COM","twitter_card":"summary_large_image","twitter_creator":"@https:\/\/twitter.com\/NOTMERCEDINAS","twitter_site":"@notmercedinas","twitter_misc":{"Escrito por":"Cristian Falabella NOTICIASMERCEDINAS.COM","Tiempo de lectura":"1 minuto"},"schema":{"@context":"https:\/\/schema.org","@graph":[{"@type":"Article","@id":"https:\/\/noticiasmercedinas.com\/site\/2018\/11\/23\/viernes-sin-atencion-en-bancos-provincia-y-nacion-por-paro\/#article","isPartOf":{"@id":"https:\/\/noticiasmercedinas.com\/site\/2018\/11\/23\/viernes-sin-atencion-en-bancos-provincia-y-nacion-por-paro\/"},"author":{"name":"Cristian Falabella NOTICIASMERCEDINAS.COM","@id":"https:\/\/noticiasmercedinas.com\/site\/#\/schema\/person\/d481a9696a5feaec13a60e2bbd991a6a"},"headline":"Viernes sin atenci\u00f3n en bancos Provincia y Naci\u00f3n por paro","datePublished":"2018-11-23T11:05:00+00:00","mainEntityOfPage":{"@id":"https:\/\/noticiasmercedinas.com\/site\/2018\/11\/23\/viernes-sin-atencion-en-bancos-provincia-y-nacion-por-paro\/"},"wordCount":284,"commentCount":0,"publisher":{"@id":"https:\/\/noticiasmercedinas.com\/site\/#organization"},"image":{"@id":"https:\/\/noticiasmercedinas.com\/site\/2018\/11\/23\/viernes-sin-atencion-en-bancos-provincia-y-nacion-por-paro\/#primaryimage"},"thumbnailUrl":"https:\/\/noticiasmercedinas.com\/site\/wp-content\/uploads\/2018\/11\/034f9e52-771a-4b5f-915b-b470c24a6623.jpg","keywords":["banco nacion","banco provincia","bancos","la bancaria","La Bancaria Seccional Chivilcoy","miguel pastorini","paro"],"articleSection":["Sociedad"],"inLanguage":"es","potentialAction":[{"@type":"CommentAction","name":"Comment","target":["https:\/\/noticiasmercedinas.com\/site\/2018\/11\/23\/viernes-sin-atencion-en-bancos-provincia-y-nacion-por-paro\/#respond"]}]},{"@type":"WebPage","@id":"https:\/\/noticiasmercedinas.com\/site\/2018\/11\/23\/viernes-sin-atencion-en-bancos-provincia-y-nacion-por-paro\/","url":"https:\/\/noticiasmercedinas.com\/site\/2018\/11\/23\/viernes-sin-atencion-en-bancos-provincia-y-nacion-por-paro\/","name":"Viernes sin atenci\u00f3n en bancos Provincia y Naci\u00f3n por paro","isPartOf":{"@id":"https:\/\/noticiasmercedinas.com\/site\/#website"},"primaryImageOfPage":{"@id":"https:\/\/noticiasmercedinas.com\/site\/2018\/11\/23\/viernes-sin-atencion-en-bancos-provincia-y-nacion-por-paro\/#primaryimage"},"image":{"@id":"https:\/\/noticiasmercedinas.com\/site\/2018\/11\/23\/viernes-sin-atencion-en-bancos-provincia-y-nacion-por-paro\/#primaryimage"},"thumbnailUrl":"https:\/\/noticiasmercedinas.com\/site\/wp-content\/uploads\/2018\/11\/034f9e52-771a-4b5f-915b-b470c24a6623.jpg","datePublished":"2018-11-23T11:05:00+00:00","breadcrumb":{"@id":"https:\/\/noticiasmercedinas.com\/site\/2018\/11\/23\/viernes-sin-atencion-en-bancos-provincia-y-nacion-por-paro\/#breadcrumb"},"inLanguage":"es","potentialAction":[{"@type":"ReadAction","target":["https:\/\/noticiasmercedinas.com\/site\/2018\/11\/23\/viernes-sin-atencion-en-bancos-provincia-y-nacion-por-paro\/"]}]},{"@type":"ImageObject","inLanguage":"es","@id":"https:\/\/noticiasmercedinas.com\/site\/2018\/11\/23\/viernes-sin-atencion-en-bancos-provincia-y-nacion-por-paro\/#primaryimage","url":"https:\/\/noticiasmercedinas.com\/site\/wp-content\/uploads\/2018\/11\/034f9e52-771a-4b5f-915b-b470c24a6623.jpg","contentUrl":"https:\/\/noticiasmercedinas.com\/site\/wp-content\/uploads\/2018\/11\/034f9e52-771a-4b5f-915b-b470c24a6623.jpg","width":1150,"height":1142},{"@type":"BreadcrumbList","@id":"https:\/\/noticiasmercedinas.com\/site\/2018\/11\/23\/viernes-sin-atencion-en-bancos-provincia-y-nacion-por-paro\/#breadcrumb","itemListElement":[{"@type":"ListItem","position":1,"name":"Portada","item":"https:\/\/noticiasmercedinas.com\/site\/"},{"@type":"ListItem","position":2,"name":"Viernes sin atenci\u00f3n en bancos Provincia y Naci\u00f3n por paro"}]},{"@type":"WebSite","@id":"https:\/\/noticiasmercedinas.com\/site\/#website","url":"https:\/\/noticiasmercedinas.com\/site\/","name":"NOTICIASMERCEDINAS.COM","description":"Mercedes, Buenos Aires, Argentina","publisher":{"@id":"https:\/\/noticiasmercedinas.com\/site\/#organization"},"potentialAction":[{"@type":"SearchAction","target":{"@type":"EntryPoint","urlTemplate":"https:\/\/noticiasmercedinas.com\/site\/?s={search_term_string}"},"query-input":{"@type":"PropertyValueSpecification","valueRequired":true,"valueName":"search_term_string"}}],"inLanguage":"es"},{"@type":"Organization","@id":"https:\/\/noticiasmercedinas.com\/site\/#organization","name":"NOTICIASMERCEDINAS.COM","url":"https:\/\/noticiasmercedinas.com\/site\/","logo":{"@type":"ImageObject","inLanguage":"es","@id":"https:\/\/noticiasmercedinas.com\/site\/#\/schema\/logo\/image\/","url":"https:\/\/noticiasmercedinas.com\/site\/wp-content\/uploads\/2020\/06\/LOGO-512.jpg","contentUrl":"https:\/\/noticiasmercedinas.com\/site\/wp-content\/uploads\/2020\/06\/LOGO-512.jpg","width":512,"height":512,"caption":"NOTICIASMERCEDINAS.COM"},"image":{"@id":"https:\/\/noticiasmercedinas.com\/site\/#\/schema\/logo\/image\/"},"sameAs":["https:\/\/www.facebook.com\/noticiasmercedinas\/","https:\/\/x.com\/notmercedinas","https:\/\/www.instagram.com\/noticiasmercedinas\/"]},{"@type":"Person","@id":"https:\/\/noticiasmercedinas.com\/site\/#\/schema\/person\/d481a9696a5feaec13a60e2bbd991a6a","name":"Cristian Falabella NOTICIASMERCEDINAS.COM","image":{"@type":"ImageObject","inLanguage":"es","@id":"https:\/\/secure.gravatar.com\/avatar\/0dbbfc45970cc46bcd0e57766228574ff3511d6eed045b182f536f0f478c1f06?s=96&d=mm&r=g","url":"https:\/\/secure.gravatar.com\/avatar\/0dbbfc45970cc46bcd0e57766228574ff3511d6eed045b182f536f0f478c1f06?s=96&d=mm&r=g","contentUrl":"https:\/\/secure.gravatar.com\/avatar\/0dbbfc45970cc46bcd0e57766228574ff3511d6eed045b182f536f0f478c1f06?s=96&d=mm&r=g","caption":"Cristian Falabella NOTICIASMERCEDINAS.COM"},"description":"Periodista, editor de Noticias Mercedinas. Pas\u00f3 por varias redacciones y emprendimientos de prensa, en distintos formatos y \u00e9pocas. Se especializ\u00f3 --y sigue haci\u00e9ndolo-- en comunicaci\u00f3n en la web y en junio de 2006 fund\u00f3 este diario digital.","sameAs":["https:\/\/noticiasmercedinas.com","https:\/\/www.facebook.com\/cristian.falabella","https:\/\/www.instagram.com\/noticiasmercedinas\/","https:\/\/x.com\/https:\/\/twitter.com\/NOTMERCEDINAS"],"url":"https:\/\/noticiasmercedinas.com\/site\/author\/as000384\/"}]}},"amp_enabled":true,"_links":{"self":[{"href":"https:\/\/noticiasmercedinas.com\/site\/wp-json\/wp\/v2\/posts\/7493","targetHints":{"allow":["GET"]}}],"collection":[{"href":"https:\/\/noticiasmercedinas.com\/site\/wp-json\/wp\/v2\/posts"}],"about":[{"href":"https:\/\/noticiasmercedinas.com\/site\/wp-json\/wp\/v2\/types\/post"}],"author":[{"embeddable":true,"href":"https:\/\/noticiasmercedinas.com\/site\/wp-json\/wp\/v2\/users\/2"}],"replies":[{"embeddable":true,"href":"https:\/\/noticiasmercedinas.com\/site\/wp-json\/wp\/v2\/comments?post=7493"}],"version-history":[{"count":1,"href":"https:\/\/noticiasmercedinas.com\/site\/wp-json\/wp\/v2\/posts\/7493\/revisions"}],"predecessor-version":[{"id":7495,"href":"https:\/\/noticiasmercedinas.com\/site\/wp-json\/wp\/v2\/posts\/7493\/revisions\/7495"}],"wp:featuredmedia":[{"embeddable":true,"href":"https:\/\/noticiasmercedinas.com\/site\/wp-json\/wp\/v2\/media\/7494"}],"wp:attachment":[{"href":"https:\/\/noticiasmercedinas.com\/site\/wp-json\/wp\/v2\/media?parent=7493"}],"wp:term":[{"taxonomy":"category","embeddable":true,"href":"https:\/\/noticiasmercedinas.com\/site\/wp-json\/wp\/v2\/categories?post=7493"},{"taxonomy":"post_tag","embeddable":true,"href":"https:\/\/noticiasmercedinas.com\/site\/wp-json\/wp\/v2\/tags?post=7493"}],"curies":[{"name":"wp","href":"https:\/\/api.w.org\/{rel}","templated":true}]}}