{"id":75331,"date":"2021-09-21T16:47:41","date_gmt":"2021-09-21T19:47:41","guid":{"rendered":"https:\/\/noticiasmercedinas.com\/site\/?p=75331"},"modified":"2021-09-21T16:47:41","modified_gmt":"2021-09-21T19:47:41","slug":"se-realizo-la-audiencia-publica-sobre-la-autovia-lujan-san-andres-de-giles","status":"publish","type":"post","link":"https:\/\/noticiasmercedinas.com\/site\/2021\/09\/21\/se-realizo-la-audiencia-publica-sobre-la-autovia-lujan-san-andres-de-giles\/","title":{"rendered":"Se realiz\u00f3 la Audiencia P\u00fablica sobre la Autov\u00eda Luj\u00e1n &#8211; San Andr\u00e9s de Giles"},"content":{"rendered":"<p><img loading=\"lazy\" decoding=\"async\" class=\"alignnone size-full wp-image-75332\" src=\"https:\/\/noticiasmercedinas.com\/site\/wp-content\/uploads\/2021\/09\/WhatsApp-Image-2021-09-21-at-15.14.08.jpeg\" alt=\"\" width=\"1280\" height=\"923\" srcset=\"https:\/\/noticiasmercedinas.com\/site\/wp-content\/uploads\/2021\/09\/WhatsApp-Image-2021-09-21-at-15.14.08.jpeg 1280w, https:\/\/noticiasmercedinas.com\/site\/wp-content\/uploads\/2021\/09\/WhatsApp-Image-2021-09-21-at-15.14.08-300x216.jpeg 300w, https:\/\/noticiasmercedinas.com\/site\/wp-content\/uploads\/2021\/09\/WhatsApp-Image-2021-09-21-at-15.14.08-1024x738.jpeg 1024w, https:\/\/noticiasmercedinas.com\/site\/wp-content\/uploads\/2021\/09\/WhatsApp-Image-2021-09-21-at-15.14.08-768x554.jpeg 768w, https:\/\/noticiasmercedinas.com\/site\/wp-content\/uploads\/2021\/09\/WhatsApp-Image-2021-09-21-at-15.14.08-640x462.jpeg 640w, https:\/\/noticiasmercedinas.com\/site\/wp-content\/uploads\/2021\/09\/WhatsApp-Image-2021-09-21-at-15.14.08-681x491.jpeg 681w\" sizes=\"auto, (max-width: 1280px) 100vw, 1280px\" \/><\/p>\n<p>Transmitida por el canal de Youtube del OPDS y la plataforma Webex, se realiz\u00f3 la Audiencia P\u00fablica sobre la Autov\u00eda Luj\u00e1n &#8211; San Andr\u00e9s de Giles.<\/p>\n<p>La audiencia coordinada por la abogada Claudia Spirito, cont\u00f3 con los testimonios del ingeniero Ignacio Scheffer, quien estuvo a cargo de la inspecci\u00f3n de la obra, y de la magister Rosana Ferraro, responsable del estudio de impacto ambiental.<\/p>\n<p>\u201cLo que hacemos en esta audiencia es poner en consideraci\u00f3n la realizaci\u00f3n de una obra que cont\u00f3 con el cumplimiento de las normativas vigentes\u201d, asegur\u00f3 Couyoupetrou, quien destac\u00f3 la importancia de este tipo de encuentros, rescatando \u201cel valor de estas consultas p\u00fablicas ciudadanas\u201d.<\/p>\n<p>Cabe recordar que la participaci\u00f3n ciudadana forma parte de la Resoluci\u00f3n 557\/19 del OPDS, en la que se contempla que los procedimientos de participaci\u00f3n en consultas y en audiencias p\u00fablicas forman parte del proceso para conocer la opini\u00f3n de los ciudadanos sobre los proyectos llevados a cabo en materia de obra p\u00fablica.<\/p>\n<p>Esta obra se encuentra dentro del marco normativo de la Ley 11.273 sobre Protecci\u00f3n, Mejoramiento y Restauraci\u00f3n de los Recursos Naturales y del Ambiente as\u00ed como tambi\u00e9n de la Ley 13.569 sobre Audiencias P\u00fablicas.<\/p>\n<p><img loading=\"lazy\" decoding=\"async\" class=\"alignnone size-full wp-image-75333\" src=\"https:\/\/noticiasmercedinas.com\/site\/wp-content\/uploads\/2021\/09\/WhatsApp-Image-2021-09-21-at-15.14.08-1.jpeg\" alt=\"\" width=\"1280\" height=\"1112\" srcset=\"https:\/\/noticiasmercedinas.com\/site\/wp-content\/uploads\/2021\/09\/WhatsApp-Image-2021-09-21-at-15.14.08-1.jpeg 1280w, https:\/\/noticiasmercedinas.com\/site\/wp-content\/uploads\/2021\/09\/WhatsApp-Image-2021-09-21-at-15.14.08-1-300x261.jpeg 300w, https:\/\/noticiasmercedinas.com\/site\/wp-content\/uploads\/2021\/09\/WhatsApp-Image-2021-09-21-at-15.14.08-1-1024x890.jpeg 1024w, https:\/\/noticiasmercedinas.com\/site\/wp-content\/uploads\/2021\/09\/WhatsApp-Image-2021-09-21-at-15.14.08-1-768x667.jpeg 768w, https:\/\/noticiasmercedinas.com\/site\/wp-content\/uploads\/2021\/09\/WhatsApp-Image-2021-09-21-at-15.14.08-1-640x556.jpeg 640w, https:\/\/noticiasmercedinas.com\/site\/wp-content\/uploads\/2021\/09\/WhatsApp-Image-2021-09-21-at-15.14.08-1-681x592.jpeg 681w\" sizes=\"auto, (max-width: 1280px) 100vw, 1280px\" \/><\/p>\n<p>&nbsp;<\/p>\n","protected":false},"excerpt":{"rendered":"<p>\u25a0\u00a0El encuentro que se llev\u00f3 a cabo de manera virtual, estuvo presidido por el Director Provincial de Evaluaci\u00f3n de Impacto Ambiental del OPDS, Luis Couyoupetrou y se centr\u00f3 en el Estudio de Impacto Ambiental de la obra de la Autov\u00eda Luj\u00e1n \u2013 San Andr\u00e9s de Giles en la Ruta Nacional 7.<\/p>\n","protected":false},"author":16,"featured_media":75332,"comment_status":"open","ping_status":"open","sticky":false,"template":"","format":"standard","meta":{"footnotes":""},"categories":[139],"tags":[3299,40,3828,1656],"class_list":["post-75331","post","type-post","status-publish","format-standard","has-post-thumbnail","hentry","category-regionales","tag-autovia","tag-lujan","tag-opds","tag-san-andres-de-giles"],"yoast_head":"<!-- This site is optimized with the Yoast SEO plugin v27.4 - https:\/\/yoast.com\/product\/yoast-seo-wordpress\/ -->\n<title>Se realiz\u00f3 la Audiencia P\u00fablica sobre la Autov\u00eda Luj\u00e1n - San Andr\u00e9s de Giles<\/title>\n<meta name=\"robots\" content=\"index, follow, max-snippet:-1, max-image-preview:large, max-video-preview:-1\" \/>\n<link rel=\"canonical\" href=\"https:\/\/noticiasmercedinas.com\/site\/2021\/09\/21\/se-realizo-la-audiencia-publica-sobre-la-autovia-lujan-san-andres-de-giles\/\" \/>\n<meta property=\"og:locale\" content=\"es_ES\" \/>\n<meta property=\"og:type\" content=\"article\" \/>\n<meta property=\"og:title\" content=\"Se realiz\u00f3 la Audiencia P\u00fablica sobre la Autov\u00eda Luj\u00e1n - San Andr\u00e9s de Giles\" \/>\n<meta property=\"og:description\" content=\"\u25a0\u00a0El encuentro que se llev\u00f3 a cabo de manera virtual, estuvo presidido por el Director Provincial de Evaluaci\u00f3n de Impacto Ambiental del OPDS, Luis Couyoupetrou y se centr\u00f3 en el Estudio de Impacto Ambiental de la obra de la Autov\u00eda Luj\u00e1n \u2013 San Andr\u00e9s de Giles en la Ruta Nacional 7.\" \/>\n<meta property=\"og:url\" content=\"https:\/\/noticiasmercedinas.com\/site\/2021\/09\/21\/se-realizo-la-audiencia-publica-sobre-la-autovia-lujan-san-andres-de-giles\/\" \/>\n<meta property=\"og:site_name\" content=\"NOTICIASMERCEDINAS.COM\" \/>\n<meta property=\"article:publisher\" content=\"https:\/\/www.facebook.com\/noticiasmercedinas\/\" \/>\n<meta property=\"article:published_time\" content=\"2021-09-21T19:47:41+00:00\" \/>\n<meta property=\"og:image\" content=\"https:\/\/noticiasmercedinas.com\/site\/wp-content\/uploads\/2021\/09\/WhatsApp-Image-2021-09-21-at-15.14.08.jpeg\" \/>\n\t<meta property=\"og:image:width\" content=\"1280\" \/>\n\t<meta property=\"og:image:height\" content=\"923\" \/>\n\t<meta property=\"og:image:type\" content=\"image\/jpeg\" \/>\n<meta name=\"author\" content=\"NOTICIASMERCEDINAS.COM\" \/>\n<meta name=\"twitter:card\" content=\"summary_large_image\" \/>\n<meta name=\"twitter:creator\" content=\"@notmercedinas\" \/>\n<meta name=\"twitter:site\" content=\"@notmercedinas\" \/>\n<meta name=\"twitter:label1\" content=\"Escrito por\" \/>\n\t<meta name=\"twitter:data1\" content=\"NOTICIASMERCEDINAS.COM\" \/>\n\t<meta name=\"twitter:label2\" content=\"Tiempo de lectura\" \/>\n\t<meta name=\"twitter:data2\" content=\"1 minuto\" \/>\n<script type=\"application\/ld+json\" class=\"yoast-schema-graph\">{\"@context\":\"https:\\\/\\\/schema.org\",\"@graph\":[{\"@type\":\"Article\",\"@id\":\"https:\\\/\\\/noticiasmercedinas.com\\\/site\\\/2021\\\/09\\\/21\\\/se-realizo-la-audiencia-publica-sobre-la-autovia-lujan-san-andres-de-giles\\\/#article\",\"isPartOf\":{\"@id\":\"https:\\\/\\\/noticiasmercedinas.com\\\/site\\\/2021\\\/09\\\/21\\\/se-realizo-la-audiencia-publica-sobre-la-autovia-lujan-san-andres-de-giles\\\/\"},\"author\":{\"name\":\"NOTICIASMERCEDINAS.COM\",\"@id\":\"https:\\\/\\\/noticiasmercedinas.com\\\/site\\\/#\\\/schema\\\/person\\\/84b59c099c28ff2e8b77d4ceec5d8063\"},\"headline\":\"Se realiz\u00f3 la Audiencia P\u00fablica sobre la Autov\u00eda Luj\u00e1n &#8211; San Andr\u00e9s de Giles\",\"datePublished\":\"2021-09-21T19:47:41+00:00\",\"mainEntityOfPage\":{\"@id\":\"https:\\\/\\\/noticiasmercedinas.com\\\/site\\\/2021\\\/09\\\/21\\\/se-realizo-la-audiencia-publica-sobre-la-autovia-lujan-san-andres-de-giles\\\/\"},\"wordCount\":227,\"commentCount\":0,\"publisher\":{\"@id\":\"https:\\\/\\\/noticiasmercedinas.com\\\/site\\\/#organization\"},\"image\":{\"@id\":\"https:\\\/\\\/noticiasmercedinas.com\\\/site\\\/2021\\\/09\\\/21\\\/se-realizo-la-audiencia-publica-sobre-la-autovia-lujan-san-andres-de-giles\\\/#primaryimage\"},\"thumbnailUrl\":\"https:\\\/\\\/noticiasmercedinas.com\\\/site\\\/wp-content\\\/uploads\\\/2021\\\/09\\\/WhatsApp-Image-2021-09-21-at-15.14.08.jpeg\",\"keywords\":[\"autovia\",\"lujan\",\"opds\",\"san andres de giles\"],\"articleSection\":[\"Regionales\"],\"inLanguage\":\"es\",\"potentialAction\":[{\"@type\":\"CommentAction\",\"name\":\"Comment\",\"target\":[\"https:\\\/\\\/noticiasmercedinas.com\\\/site\\\/2021\\\/09\\\/21\\\/se-realizo-la-audiencia-publica-sobre-la-autovia-lujan-san-andres-de-giles\\\/#respond\"]}]},{\"@type\":\"WebPage\",\"@id\":\"https:\\\/\\\/noticiasmercedinas.com\\\/site\\\/2021\\\/09\\\/21\\\/se-realizo-la-audiencia-publica-sobre-la-autovia-lujan-san-andres-de-giles\\\/\",\"url\":\"https:\\\/\\\/noticiasmercedinas.com\\\/site\\\/2021\\\/09\\\/21\\\/se-realizo-la-audiencia-publica-sobre-la-autovia-lujan-san-andres-de-giles\\\/\",\"name\":\"Se realiz\u00f3 la Audiencia P\u00fablica sobre la Autov\u00eda Luj\u00e1n - San Andr\u00e9s de Giles\",\"isPartOf\":{\"@id\":\"https:\\\/\\\/noticiasmercedinas.com\\\/site\\\/#website\"},\"primaryImageOfPage\":{\"@id\":\"https:\\\/\\\/noticiasmercedinas.com\\\/site\\\/2021\\\/09\\\/21\\\/se-realizo-la-audiencia-publica-sobre-la-autovia-lujan-san-andres-de-giles\\\/#primaryimage\"},\"image\":{\"@id\":\"https:\\\/\\\/noticiasmercedinas.com\\\/site\\\/2021\\\/09\\\/21\\\/se-realizo-la-audiencia-publica-sobre-la-autovia-lujan-san-andres-de-giles\\\/#primaryimage\"},\"thumbnailUrl\":\"https:\\\/\\\/noticiasmercedinas.com\\\/site\\\/wp-content\\\/uploads\\\/2021\\\/09\\\/WhatsApp-Image-2021-09-21-at-15.14.08.jpeg\",\"datePublished\":\"2021-09-21T19:47:41+00:00\",\"breadcrumb\":{\"@id\":\"https:\\\/\\\/noticiasmercedinas.com\\\/site\\\/2021\\\/09\\\/21\\\/se-realizo-la-audiencia-publica-sobre-la-autovia-lujan-san-andres-de-giles\\\/#breadcrumb\"},\"inLanguage\":\"es\",\"potentialAction\":[{\"@type\":\"ReadAction\",\"target\":[\"https:\\\/\\\/noticiasmercedinas.com\\\/site\\\/2021\\\/09\\\/21\\\/se-realizo-la-audiencia-publica-sobre-la-autovia-lujan-san-andres-de-giles\\\/\"]}]},{\"@type\":\"ImageObject\",\"inLanguage\":\"es\",\"@id\":\"https:\\\/\\\/noticiasmercedinas.com\\\/site\\\/2021\\\/09\\\/21\\\/se-realizo-la-audiencia-publica-sobre-la-autovia-lujan-san-andres-de-giles\\\/#primaryimage\",\"url\":\"https:\\\/\\\/noticiasmercedinas.com\\\/site\\\/wp-content\\\/uploads\\\/2021\\\/09\\\/WhatsApp-Image-2021-09-21-at-15.14.08.jpeg\",\"contentUrl\":\"https:\\\/\\\/noticiasmercedinas.com\\\/site\\\/wp-content\\\/uploads\\\/2021\\\/09\\\/WhatsApp-Image-2021-09-21-at-15.14.08.jpeg\",\"width\":1280,\"height\":923},{\"@type\":\"BreadcrumbList\",\"@id\":\"https:\\\/\\\/noticiasmercedinas.com\\\/site\\\/2021\\\/09\\\/21\\\/se-realizo-la-audiencia-publica-sobre-la-autovia-lujan-san-andres-de-giles\\\/#breadcrumb\",\"itemListElement\":[{\"@type\":\"ListItem\",\"position\":1,\"name\":\"Portada\",\"item\":\"https:\\\/\\\/noticiasmercedinas.com\\\/site\\\/\"},{\"@type\":\"ListItem\",\"position\":2,\"name\":\"Se realiz\u00f3 la Audiencia P\u00fablica sobre la Autov\u00eda Luj\u00e1n &#8211; San Andr\u00e9s de Giles\"}]},{\"@type\":\"WebSite\",\"@id\":\"https:\\\/\\\/noticiasmercedinas.com\\\/site\\\/#website\",\"url\":\"https:\\\/\\\/noticiasmercedinas.com\\\/site\\\/\",\"name\":\"NOTICIASMERCEDINAS.COM\",\"description\":\"Mercedes, Buenos Aires, Argentina\",\"publisher\":{\"@id\":\"https:\\\/\\\/noticiasmercedinas.com\\\/site\\\/#organization\"},\"potentialAction\":[{\"@type\":\"SearchAction\",\"target\":{\"@type\":\"EntryPoint\",\"urlTemplate\":\"https:\\\/\\\/noticiasmercedinas.com\\\/site\\\/?s={search_term_string}\"},\"query-input\":{\"@type\":\"PropertyValueSpecification\",\"valueRequired\":true,\"valueName\":\"search_term_string\"}}],\"inLanguage\":\"es\"},{\"@type\":\"Organization\",\"@id\":\"https:\\\/\\\/noticiasmercedinas.com\\\/site\\\/#organization\",\"name\":\"NOTICIASMERCEDINAS.COM\",\"url\":\"https:\\\/\\\/noticiasmercedinas.com\\\/site\\\/\",\"logo\":{\"@type\":\"ImageObject\",\"inLanguage\":\"es\",\"@id\":\"https:\\\/\\\/noticiasmercedinas.com\\\/site\\\/#\\\/schema\\\/logo\\\/image\\\/\",\"url\":\"https:\\\/\\\/noticiasmercedinas.com\\\/site\\\/wp-content\\\/uploads\\\/2020\\\/06\\\/LOGO-512.jpg\",\"contentUrl\":\"https:\\\/\\\/noticiasmercedinas.com\\\/site\\\/wp-content\\\/uploads\\\/2020\\\/06\\\/LOGO-512.jpg\",\"width\":512,\"height\":512,\"caption\":\"NOTICIASMERCEDINAS.COM\"},\"image\":{\"@id\":\"https:\\\/\\\/noticiasmercedinas.com\\\/site\\\/#\\\/schema\\\/logo\\\/image\\\/\"},\"sameAs\":[\"https:\\\/\\\/www.facebook.com\\\/noticiasmercedinas\\\/\",\"https:\\\/\\\/x.com\\\/notmercedinas\",\"https:\\\/\\\/www.instagram.com\\\/noticiasmercedinas\\\/\"]},{\"@type\":\"Person\",\"@id\":\"https:\\\/\\\/noticiasmercedinas.com\\\/site\\\/#\\\/schema\\\/person\\\/84b59c099c28ff2e8b77d4ceec5d8063\",\"name\":\"NOTICIASMERCEDINAS.COM\",\"image\":{\"@type\":\"ImageObject\",\"inLanguage\":\"es\",\"@id\":\"https:\\\/\\\/secure.gravatar.com\\\/avatar\\\/4dfbf16b4d17945bfb6341b2d19043457132fcf478a5ee04f42e959fd8f5df0a?s=96&d=mm&r=g\",\"url\":\"https:\\\/\\\/secure.gravatar.com\\\/avatar\\\/4dfbf16b4d17945bfb6341b2d19043457132fcf478a5ee04f42e959fd8f5df0a?s=96&d=mm&r=g\",\"contentUrl\":\"https:\\\/\\\/secure.gravatar.com\\\/avatar\\\/4dfbf16b4d17945bfb6341b2d19043457132fcf478a5ee04f42e959fd8f5df0a?s=96&d=mm&r=g\",\"caption\":\"NOTICIASMERCEDINAS.COM\"},\"url\":\"https:\\\/\\\/noticiasmercedinas.com\\\/site\\\/author\\\/anonimo\\\/\"}]}<\/script>\n<!-- \/ Yoast SEO plugin. -->","yoast_head_json":{"title":"Se realiz\u00f3 la Audiencia P\u00fablica sobre la Autov\u00eda Luj\u00e1n - San Andr\u00e9s de Giles","robots":{"index":"index","follow":"follow","max-snippet":"max-snippet:-1","max-image-preview":"max-image-preview:large","max-video-preview":"max-video-preview:-1"},"canonical":"https:\/\/noticiasmercedinas.com\/site\/2021\/09\/21\/se-realizo-la-audiencia-publica-sobre-la-autovia-lujan-san-andres-de-giles\/","og_locale":"es_ES","og_type":"article","og_title":"Se realiz\u00f3 la Audiencia P\u00fablica sobre la Autov\u00eda Luj\u00e1n - San Andr\u00e9s de Giles","og_description":"\u25a0\u00a0El encuentro que se llev\u00f3 a cabo de manera virtual, estuvo presidido por el Director Provincial de Evaluaci\u00f3n de Impacto Ambiental del OPDS, Luis Couyoupetrou y se centr\u00f3 en el Estudio de Impacto Ambiental de la obra de la Autov\u00eda Luj\u00e1n \u2013 San Andr\u00e9s de Giles en la Ruta Nacional 7.","og_url":"https:\/\/noticiasmercedinas.com\/site\/2021\/09\/21\/se-realizo-la-audiencia-publica-sobre-la-autovia-lujan-san-andres-de-giles\/","og_site_name":"NOTICIASMERCEDINAS.COM","article_publisher":"https:\/\/www.facebook.com\/noticiasmercedinas\/","article_published_time":"2021-09-21T19:47:41+00:00","og_image":[{"width":1280,"height":923,"url":"https:\/\/noticiasmercedinas.com\/site\/wp-content\/uploads\/2021\/09\/WhatsApp-Image-2021-09-21-at-15.14.08.jpeg","type":"image\/jpeg"}],"author":"NOTICIASMERCEDINAS.COM","twitter_card":"summary_large_image","twitter_creator":"@notmercedinas","twitter_site":"@notmercedinas","twitter_misc":{"Escrito por":"NOTICIASMERCEDINAS.COM","Tiempo de lectura":"1 minuto"},"schema":{"@context":"https:\/\/schema.org","@graph":[{"@type":"Article","@id":"https:\/\/noticiasmercedinas.com\/site\/2021\/09\/21\/se-realizo-la-audiencia-publica-sobre-la-autovia-lujan-san-andres-de-giles\/#article","isPartOf":{"@id":"https:\/\/noticiasmercedinas.com\/site\/2021\/09\/21\/se-realizo-la-audiencia-publica-sobre-la-autovia-lujan-san-andres-de-giles\/"},"author":{"name":"NOTICIASMERCEDINAS.COM","@id":"https:\/\/noticiasmercedinas.com\/site\/#\/schema\/person\/84b59c099c28ff2e8b77d4ceec5d8063"},"headline":"Se realiz\u00f3 la Audiencia P\u00fablica sobre la Autov\u00eda Luj\u00e1n &#8211; San Andr\u00e9s de Giles","datePublished":"2021-09-21T19:47:41+00:00","mainEntityOfPage":{"@id":"https:\/\/noticiasmercedinas.com\/site\/2021\/09\/21\/se-realizo-la-audiencia-publica-sobre-la-autovia-lujan-san-andres-de-giles\/"},"wordCount":227,"commentCount":0,"publisher":{"@id":"https:\/\/noticiasmercedinas.com\/site\/#organization"},"image":{"@id":"https:\/\/noticiasmercedinas.com\/site\/2021\/09\/21\/se-realizo-la-audiencia-publica-sobre-la-autovia-lujan-san-andres-de-giles\/#primaryimage"},"thumbnailUrl":"https:\/\/noticiasmercedinas.com\/site\/wp-content\/uploads\/2021\/09\/WhatsApp-Image-2021-09-21-at-15.14.08.jpeg","keywords":["autovia","lujan","opds","san andres de giles"],"articleSection":["Regionales"],"inLanguage":"es","potentialAction":[{"@type":"CommentAction","name":"Comment","target":["https:\/\/noticiasmercedinas.com\/site\/2021\/09\/21\/se-realizo-la-audiencia-publica-sobre-la-autovia-lujan-san-andres-de-giles\/#respond"]}]},{"@type":"WebPage","@id":"https:\/\/noticiasmercedinas.com\/site\/2021\/09\/21\/se-realizo-la-audiencia-publica-sobre-la-autovia-lujan-san-andres-de-giles\/","url":"https:\/\/noticiasmercedinas.com\/site\/2021\/09\/21\/se-realizo-la-audiencia-publica-sobre-la-autovia-lujan-san-andres-de-giles\/","name":"Se realiz\u00f3 la Audiencia P\u00fablica sobre la Autov\u00eda Luj\u00e1n - San Andr\u00e9s de Giles","isPartOf":{"@id":"https:\/\/noticiasmercedinas.com\/site\/#website"},"primaryImageOfPage":{"@id":"https:\/\/noticiasmercedinas.com\/site\/2021\/09\/21\/se-realizo-la-audiencia-publica-sobre-la-autovia-lujan-san-andres-de-giles\/#primaryimage"},"image":{"@id":"https:\/\/noticiasmercedinas.com\/site\/2021\/09\/21\/se-realizo-la-audiencia-publica-sobre-la-autovia-lujan-san-andres-de-giles\/#primaryimage"},"thumbnailUrl":"https:\/\/noticiasmercedinas.com\/site\/wp-content\/uploads\/2021\/09\/WhatsApp-Image-2021-09-21-at-15.14.08.jpeg","datePublished":"2021-09-21T19:47:41+00:00","breadcrumb":{"@id":"https:\/\/noticiasmercedinas.com\/site\/2021\/09\/21\/se-realizo-la-audiencia-publica-sobre-la-autovia-lujan-san-andres-de-giles\/#breadcrumb"},"inLanguage":"es","potentialAction":[{"@type":"ReadAction","target":["https:\/\/noticiasmercedinas.com\/site\/2021\/09\/21\/se-realizo-la-audiencia-publica-sobre-la-autovia-lujan-san-andres-de-giles\/"]}]},{"@type":"ImageObject","inLanguage":"es","@id":"https:\/\/noticiasmercedinas.com\/site\/2021\/09\/21\/se-realizo-la-audiencia-publica-sobre-la-autovia-lujan-san-andres-de-giles\/#primaryimage","url":"https:\/\/noticiasmercedinas.com\/site\/wp-content\/uploads\/2021\/09\/WhatsApp-Image-2021-09-21-at-15.14.08.jpeg","contentUrl":"https:\/\/noticiasmercedinas.com\/site\/wp-content\/uploads\/2021\/09\/WhatsApp-Image-2021-09-21-at-15.14.08.jpeg","width":1280,"height":923},{"@type":"BreadcrumbList","@id":"https:\/\/noticiasmercedinas.com\/site\/2021\/09\/21\/se-realizo-la-audiencia-publica-sobre-la-autovia-lujan-san-andres-de-giles\/#breadcrumb","itemListElement":[{"@type":"ListItem","position":1,"name":"Portada","item":"https:\/\/noticiasmercedinas.com\/site\/"},{"@type":"ListItem","position":2,"name":"Se realiz\u00f3 la Audiencia P\u00fablica sobre la Autov\u00eda Luj\u00e1n &#8211; San Andr\u00e9s de Giles"}]},{"@type":"WebSite","@id":"https:\/\/noticiasmercedinas.com\/site\/#website","url":"https:\/\/noticiasmercedinas.com\/site\/","name":"NOTICIASMERCEDINAS.COM","description":"Mercedes, Buenos Aires, Argentina","publisher":{"@id":"https:\/\/noticiasmercedinas.com\/site\/#organization"},"potentialAction":[{"@type":"SearchAction","target":{"@type":"EntryPoint","urlTemplate":"https:\/\/noticiasmercedinas.com\/site\/?s={search_term_string}"},"query-input":{"@type":"PropertyValueSpecification","valueRequired":true,"valueName":"search_term_string"}}],"inLanguage":"es"},{"@type":"Organization","@id":"https:\/\/noticiasmercedinas.com\/site\/#organization","name":"NOTICIASMERCEDINAS.COM","url":"https:\/\/noticiasmercedinas.com\/site\/","logo":{"@type":"ImageObject","inLanguage":"es","@id":"https:\/\/noticiasmercedinas.com\/site\/#\/schema\/logo\/image\/","url":"https:\/\/noticiasmercedinas.com\/site\/wp-content\/uploads\/2020\/06\/LOGO-512.jpg","contentUrl":"https:\/\/noticiasmercedinas.com\/site\/wp-content\/uploads\/2020\/06\/LOGO-512.jpg","width":512,"height":512,"caption":"NOTICIASMERCEDINAS.COM"},"image":{"@id":"https:\/\/noticiasmercedinas.com\/site\/#\/schema\/logo\/image\/"},"sameAs":["https:\/\/www.facebook.com\/noticiasmercedinas\/","https:\/\/x.com\/notmercedinas","https:\/\/www.instagram.com\/noticiasmercedinas\/"]},{"@type":"Person","@id":"https:\/\/noticiasmercedinas.com\/site\/#\/schema\/person\/84b59c099c28ff2e8b77d4ceec5d8063","name":"NOTICIASMERCEDINAS.COM","image":{"@type":"ImageObject","inLanguage":"es","@id":"https:\/\/secure.gravatar.com\/avatar\/4dfbf16b4d17945bfb6341b2d19043457132fcf478a5ee04f42e959fd8f5df0a?s=96&d=mm&r=g","url":"https:\/\/secure.gravatar.com\/avatar\/4dfbf16b4d17945bfb6341b2d19043457132fcf478a5ee04f42e959fd8f5df0a?s=96&d=mm&r=g","contentUrl":"https:\/\/secure.gravatar.com\/avatar\/4dfbf16b4d17945bfb6341b2d19043457132fcf478a5ee04f42e959fd8f5df0a?s=96&d=mm&r=g","caption":"NOTICIASMERCEDINAS.COM"},"url":"https:\/\/noticiasmercedinas.com\/site\/author\/anonimo\/"}]}},"amp_enabled":true,"_links":{"self":[{"href":"https:\/\/noticiasmercedinas.com\/site\/wp-json\/wp\/v2\/posts\/75331","targetHints":{"allow":["GET"]}}],"collection":[{"href":"https:\/\/noticiasmercedinas.com\/site\/wp-json\/wp\/v2\/posts"}],"about":[{"href":"https:\/\/noticiasmercedinas.com\/site\/wp-json\/wp\/v2\/types\/post"}],"author":[{"embeddable":true,"href":"https:\/\/noticiasmercedinas.com\/site\/wp-json\/wp\/v2\/users\/16"}],"replies":[{"embeddable":true,"href":"https:\/\/noticiasmercedinas.com\/site\/wp-json\/wp\/v2\/comments?post=75331"}],"version-history":[{"count":1,"href":"https:\/\/noticiasmercedinas.com\/site\/wp-json\/wp\/v2\/posts\/75331\/revisions"}],"predecessor-version":[{"id":75334,"href":"https:\/\/noticiasmercedinas.com\/site\/wp-json\/wp\/v2\/posts\/75331\/revisions\/75334"}],"wp:featuredmedia":[{"embeddable":true,"href":"https:\/\/noticiasmercedinas.com\/site\/wp-json\/wp\/v2\/media\/75332"}],"wp:attachment":[{"href":"https:\/\/noticiasmercedinas.com\/site\/wp-json\/wp\/v2\/media?parent=75331"}],"wp:term":[{"taxonomy":"category","embeddable":true,"href":"https:\/\/noticiasmercedinas.com\/site\/wp-json\/wp\/v2\/categories?post=75331"},{"taxonomy":"post_tag","embeddable":true,"href":"https:\/\/noticiasmercedinas.com\/site\/wp-json\/wp\/v2\/tags?post=75331"}],"curies":[{"name":"wp","href":"https:\/\/api.w.org\/{rel}","templated":true}]}}