{"id":75367,"date":"2021-09-22T08:53:41","date_gmt":"2021-09-22T11:53:41","guid":{"rendered":"https:\/\/noticiasmercedinas.com\/site\/?p=75367"},"modified":"2021-09-22T08:53:41","modified_gmt":"2021-09-22T11:53:41","slug":"desde-este-jueves-23-el-teatro-argentino-se-reabre-al-publico","status":"publish","type":"post","link":"https:\/\/noticiasmercedinas.com\/site\/2021\/09\/22\/desde-este-jueves-23-el-teatro-argentino-se-reabre-al-publico\/","title":{"rendered":"Desde este jueves 23 el Teatro Argentino se reabre al p\u00fablico"},"content":{"rendered":"<p><img loading=\"lazy\" decoding=\"async\" class=\"alignnone size-full wp-image-75368\" src=\"https:\/\/noticiasmercedinas.com\/site\/wp-content\/uploads\/2021\/09\/DSC04672.jpg\" alt=\"\" width=\"1342\" height=\"657\" srcset=\"https:\/\/noticiasmercedinas.com\/site\/wp-content\/uploads\/2021\/09\/DSC04672.jpg 1342w, https:\/\/noticiasmercedinas.com\/site\/wp-content\/uploads\/2021\/09\/DSC04672-300x147.jpg 300w, https:\/\/noticiasmercedinas.com\/site\/wp-content\/uploads\/2021\/09\/DSC04672-1024x501.jpg 1024w, https:\/\/noticiasmercedinas.com\/site\/wp-content\/uploads\/2021\/09\/DSC04672-768x376.jpg 768w, https:\/\/noticiasmercedinas.com\/site\/wp-content\/uploads\/2021\/09\/DSC04672-640x313.jpg 640w, https:\/\/noticiasmercedinas.com\/site\/wp-content\/uploads\/2021\/09\/DSC04672-1280x627.jpg 1280w, https:\/\/noticiasmercedinas.com\/site\/wp-content\/uploads\/2021\/09\/DSC04672-681x333.jpg 681w\" sizes=\"auto, (max-width: 1342px) 100vw, 1342px\" \/><\/p>\n<p>Luego de lo que fue un proceso de vacunaci\u00f3n intenso y sostenido en nuestra ciudad, y la importante baja de casos, desde el Municipio de Mercedes se decidi\u00f3 reabrir el Teatro Argentino a los vecinos de manera presencial.<\/p>\n<p>Este jueves 23 de septiembre, a las 21:30 horas, la sala B, nuevamente, ver\u00e1 p\u00fablico en sus butacas. La comparsa \u201cLesionados por el Corcho\u201d con su formato Dionisio Remix, estar\u00e1 dando el primer paso, luego de 17 meses de pandemia. Habr\u00e1 280 localidades que pueden ser retiradas, de manera gratuita, por la ventanilla del teatro.<\/p>\n<p>El intendente Juan Ignacio Ustarroz manifest\u00f3: \u201cMe parece importante que sea la comparsa Lesionados por el Corcho, un espacio cultural emblem\u00e1tico de los carnavales y la ciudad, quien d\u00e9 el puntapi\u00e9 inicial a esta reapertura, porque la cultura es la sonrisa\u201d y agreg\u00f3 que \u201csi hay algo que necesitamos despu\u00e9s de esta pandemia, que tanto dolor y tristeza trajo, es sobre la base la cultura, recuperar la sonrisa, el encuentro y comenzar a transitar un camino diferente\u201d.<\/p>\n<p>\u201cSobre la base de esta reapertura queremos convocar a todos los espacios culturales para trabajar desde una perspectiva de unidad en la diversidad. Creemos que hay que armar una agenda cultural mucho m\u00e1s potente para la cual necesitamos el aporte de todas las miradas\u201d afirm\u00f3 Ustarroz y destac\u00f3 que \u201cnuestro pueblo necesita estas alegr\u00edas, porque precisamos de la identidad que se forja a trav\u00e9s de la cultura\u201d.<\/p>\n<p>\u201cTenemos que proyectar un futuro mejor para nuestro pueblo, y qu\u00e9 mejor que la cultura como dinamizador del encuentro, avanzando, a su vez, con un proyecto de transformaci\u00f3n de la ciudad y recuperar todo lo que hemos perdido durante este tiempo\u201d, dijo luego y agradeci\u00f3 \u201cal pueblo de Mercedes por haber sostenido hasta este momento uno de los periodos m\u00e1s cr\u00edticos de nuestra historia, sin lugar a dudas. Pero ac\u00e1 estamos, con ganas, deseos de salir adelante, redoblar los esfuerzos, avanzar en lo importante\u201d.<\/p>\n<p>Por su parte, la directora de Cultura, Lucia Capaccio se\u00f1al\u00f3: \u201cEstamos muy felices con esta reapertura con p\u00fablico presencial, fueron 17 meses muy duros, donde realizamos streamings con bandas y durante los carnavales\u201d y agreg\u00f3 que \u201cadem\u00e1s, junto a los trabajadores del teatro y todas las \u00e1reas del municipio continuamos trabajando puertas para adentro, llevando a adelante reparaciones y arreglos del teatro, donde dentro de poco tiempo, podremos inaugurar la sala de arriba, misma que gracias al Gobierno Provincial y Nacional pudimos poner a nueva para que los artistas y vecinos de Mercedes puedan disfrutar\u201d.<\/p>\n<p>\u201cA partir de ahora hasta diciembre vamos a tener una grilla de distintas expresiones de Mercedes, siempre haciendo el foco en los artistas locales e invitando a quienes quieran venir\u201d comunic\u00f3 Capaccio e invit\u00f3 \u201ca los vecinos a que vengan este jueves, a partir de las 21:00 horas, los vamos a estar esperando en el teatro\u201d.<\/p>\n<p>Francisco Dinova, responsable de la coordinaci\u00f3n del Teatro municipal, cont\u00f3: \u201cTenemos el agrado de anunciar la reapertura y lanzamiento de la temporada 2020\/21\u201d y apunt\u00f3 que \u201cluego de 17 meses sin p\u00fablico, y gracias a la decisi\u00f3n y trabajo en conjunto del intendente Ustarroz y el \u00e1rea de cultura, se ha convocado a la comparsa \u201cLesionados por el Corcho\u201d con su formato Dionisio Remix, este jueves 21:30 horas, con entrada libre y gratuita, entradas que la gente podr\u00e1 retirar hoy mismo en la boleter\u00eda del teatro\u201d.<\/p>\n<p>\u201cHabr\u00e1 280 localidades y en caso que se agote haremos una segunda funci\u00f3n, est\u00e1n todos invitados, estamos todos muy felices de que el teatro reabra sus puertas\u201d dijo Dinova.<\/p>\n<p>Rocio, integrante de la comparsa \u201cLesionados por el Corcho\u201d, expres\u00f3: \u201cPara nosotros es un orgullo y un halago que nos convoquen para esta reapertura. Nos genera una gran emoci\u00f3n poder contar con p\u00fablico presente en este formato que es una fusi\u00f3n entre lo electr\u00f3nico, la batucada y la percusi\u00f3n, est\u00e1n todos m\u00e1s que invitados\u201d.<\/p>\n","protected":false},"excerpt":{"rendered":"<p>\u25a0 \u201cLesionados por el Corcho\u201d con su formato Dionisio Remix, estar\u00e1 dando el primer paso, luego de 17 meses de pandemia. Dar\u00e1 un show gratuito para 2380 personas.<\/p>\n","protected":false},"author":16,"featured_media":75368,"comment_status":"open","ping_status":"open","sticky":false,"template":"","format":"standard","meta":{"footnotes":""},"categories":[4],"tags":[3758,163],"class_list":["post-75367","post","type-post","status-publish","format-standard","has-post-thumbnail","hentry","category-cultura","tag-lesionados-por-el-corcho","tag-teatro-argentino"],"yoast_head":"<!-- This site is optimized with the Yoast SEO plugin v28.3 - https:\/\/yoast.com\/product\/yoast-seo-wordpress\/ -->\n<title>Desde este jueves 23 el Teatro Argentino se reabre al p\u00fablico<\/title>\n<meta name=\"robots\" content=\"index, follow, max-snippet:-1, max-image-preview:large, max-video-preview:-1\" \/>\n<link rel=\"canonical\" href=\"https:\/\/noticiasmercedinas.com\/site\/2021\/09\/22\/desde-este-jueves-23-el-teatro-argentino-se-reabre-al-publico\/\" \/>\n<meta property=\"og:locale\" content=\"es_ES\" \/>\n<meta property=\"og:type\" content=\"article\" \/>\n<meta property=\"og:title\" content=\"Desde este jueves 23 el Teatro Argentino se reabre al p\u00fablico\" \/>\n<meta property=\"og:description\" content=\"\u25a0 \u201cLesionados por el Corcho\u201d con su formato Dionisio Remix, estar\u00e1 dando el primer paso, luego de 17 meses de pandemia. Dar\u00e1 un show gratuito para 2380 personas.\" \/>\n<meta property=\"og:url\" content=\"https:\/\/noticiasmercedinas.com\/site\/2021\/09\/22\/desde-este-jueves-23-el-teatro-argentino-se-reabre-al-publico\/\" \/>\n<meta property=\"og:site_name\" content=\"NOTICIASMERCEDINAS.COM\" \/>\n<meta property=\"article:publisher\" content=\"https:\/\/www.facebook.com\/noticiasmercedinas\/\" \/>\n<meta property=\"article:published_time\" content=\"2021-09-22T11:53:41+00:00\" \/>\n<meta property=\"og:image\" content=\"https:\/\/noticiasmercedinas.com\/site\/wp-content\/uploads\/2021\/09\/DSC04672.jpg\" \/>\n\t<meta property=\"og:image:width\" content=\"1342\" \/>\n\t<meta property=\"og:image:height\" content=\"657\" \/>\n\t<meta property=\"og:image:type\" content=\"image\/jpeg\" \/>\n<meta name=\"author\" content=\"NOTICIASMERCEDINAS.COM\" \/>\n<meta name=\"twitter:card\" content=\"summary_large_image\" \/>\n<meta name=\"twitter:creator\" content=\"@notmercedinas\" \/>\n<meta name=\"twitter:site\" content=\"@notmercedinas\" \/>\n<meta name=\"twitter:label1\" content=\"Escrito por\" \/>\n\t<meta name=\"twitter:data1\" content=\"NOTICIASMERCEDINAS.COM\" \/>\n\t<meta name=\"twitter:label2\" content=\"Tiempo de lectura\" \/>\n\t<meta name=\"twitter:data2\" content=\"3 minutos\" \/>\n<script type=\"application\/ld+json\" class=\"yoast-schema-graph\">{\"@context\":\"https:\\\/\\\/schema.org\",\"@graph\":[{\"@type\":\"Article\",\"@id\":\"https:\\\/\\\/noticiasmercedinas.com\\\/site\\\/2021\\\/09\\\/22\\\/desde-este-jueves-23-el-teatro-argentino-se-reabre-al-publico\\\/#article\",\"isPartOf\":{\"@id\":\"https:\\\/\\\/noticiasmercedinas.com\\\/site\\\/2021\\\/09\\\/22\\\/desde-este-jueves-23-el-teatro-argentino-se-reabre-al-publico\\\/\"},\"author\":{\"name\":\"NOTICIASMERCEDINAS.COM\",\"@id\":\"https:\\\/\\\/noticiasmercedinas.com\\\/site\\\/#\\\/schema\\\/person\\\/84b59c099c28ff2e8b77d4ceec5d8063\"},\"headline\":\"Desde este jueves 23 el Teatro Argentino se reabre al p\u00fablico\",\"datePublished\":\"2021-09-22T11:53:41+00:00\",\"mainEntityOfPage\":{\"@id\":\"https:\\\/\\\/noticiasmercedinas.com\\\/site\\\/2021\\\/09\\\/22\\\/desde-este-jueves-23-el-teatro-argentino-se-reabre-al-publico\\\/\"},\"wordCount\":668,\"commentCount\":0,\"publisher\":{\"@id\":\"https:\\\/\\\/noticiasmercedinas.com\\\/site\\\/#organization\"},\"image\":{\"@id\":\"https:\\\/\\\/noticiasmercedinas.com\\\/site\\\/2021\\\/09\\\/22\\\/desde-este-jueves-23-el-teatro-argentino-se-reabre-al-publico\\\/#primaryimage\"},\"thumbnailUrl\":\"https:\\\/\\\/noticiasmercedinas.com\\\/site\\\/wp-content\\\/uploads\\\/2021\\\/09\\\/DSC04672.jpg\",\"keywords\":[\"lesionados por el corcho\",\"teatro argentino\"],\"articleSection\":[\"Cultura\"],\"inLanguage\":\"es\",\"potentialAction\":[{\"@type\":\"CommentAction\",\"name\":\"Comment\",\"target\":[\"https:\\\/\\\/noticiasmercedinas.com\\\/site\\\/2021\\\/09\\\/22\\\/desde-este-jueves-23-el-teatro-argentino-se-reabre-al-publico\\\/#respond\"]}]},{\"@type\":\"WebPage\",\"@id\":\"https:\\\/\\\/noticiasmercedinas.com\\\/site\\\/2021\\\/09\\\/22\\\/desde-este-jueves-23-el-teatro-argentino-se-reabre-al-publico\\\/\",\"url\":\"https:\\\/\\\/noticiasmercedinas.com\\\/site\\\/2021\\\/09\\\/22\\\/desde-este-jueves-23-el-teatro-argentino-se-reabre-al-publico\\\/\",\"name\":\"Desde este jueves 23 el Teatro Argentino se reabre al p\u00fablico\",\"isPartOf\":{\"@id\":\"https:\\\/\\\/noticiasmercedinas.com\\\/site\\\/#website\"},\"primaryImageOfPage\":{\"@id\":\"https:\\\/\\\/noticiasmercedinas.com\\\/site\\\/2021\\\/09\\\/22\\\/desde-este-jueves-23-el-teatro-argentino-se-reabre-al-publico\\\/#primaryimage\"},\"image\":{\"@id\":\"https:\\\/\\\/noticiasmercedinas.com\\\/site\\\/2021\\\/09\\\/22\\\/desde-este-jueves-23-el-teatro-argentino-se-reabre-al-publico\\\/#primaryimage\"},\"thumbnailUrl\":\"https:\\\/\\\/noticiasmercedinas.com\\\/site\\\/wp-content\\\/uploads\\\/2021\\\/09\\\/DSC04672.jpg\",\"datePublished\":\"2021-09-22T11:53:41+00:00\",\"breadcrumb\":{\"@id\":\"https:\\\/\\\/noticiasmercedinas.com\\\/site\\\/2021\\\/09\\\/22\\\/desde-este-jueves-23-el-teatro-argentino-se-reabre-al-publico\\\/#breadcrumb\"},\"inLanguage\":\"es\",\"potentialAction\":[{\"@type\":\"ReadAction\",\"target\":[\"https:\\\/\\\/noticiasmercedinas.com\\\/site\\\/2021\\\/09\\\/22\\\/desde-este-jueves-23-el-teatro-argentino-se-reabre-al-publico\\\/\"]}]},{\"@type\":\"ImageObject\",\"inLanguage\":\"es\",\"@id\":\"https:\\\/\\\/noticiasmercedinas.com\\\/site\\\/2021\\\/09\\\/22\\\/desde-este-jueves-23-el-teatro-argentino-se-reabre-al-publico\\\/#primaryimage\",\"url\":\"https:\\\/\\\/noticiasmercedinas.com\\\/site\\\/wp-content\\\/uploads\\\/2021\\\/09\\\/DSC04672.jpg\",\"contentUrl\":\"https:\\\/\\\/noticiasmercedinas.com\\\/site\\\/wp-content\\\/uploads\\\/2021\\\/09\\\/DSC04672.jpg\",\"width\":1342,\"height\":657},{\"@type\":\"BreadcrumbList\",\"@id\":\"https:\\\/\\\/noticiasmercedinas.com\\\/site\\\/2021\\\/09\\\/22\\\/desde-este-jueves-23-el-teatro-argentino-se-reabre-al-publico\\\/#breadcrumb\",\"itemListElement\":[{\"@type\":\"ListItem\",\"position\":1,\"name\":\"Portada\",\"item\":\"https:\\\/\\\/noticiasmercedinas.com\\\/site\\\/\"},{\"@type\":\"ListItem\",\"position\":2,\"name\":\"Desde este jueves 23 el Teatro Argentino se reabre al p\u00fablico\"}]},{\"@type\":\"WebSite\",\"@id\":\"https:\\\/\\\/noticiasmercedinas.com\\\/site\\\/#website\",\"url\":\"https:\\\/\\\/noticiasmercedinas.com\\\/site\\\/\",\"name\":\"NOTICIASMERCEDINAS.COM\",\"description\":\"Mercedes, Buenos Aires, Argentina\",\"publisher\":{\"@id\":\"https:\\\/\\\/noticiasmercedinas.com\\\/site\\\/#organization\"},\"potentialAction\":[{\"@type\":\"SearchAction\",\"target\":{\"@type\":\"EntryPoint\",\"urlTemplate\":\"https:\\\/\\\/noticiasmercedinas.com\\\/site\\\/?s={search_term_string}\"},\"query-input\":{\"@type\":\"PropertyValueSpecification\",\"valueRequired\":true,\"valueName\":\"search_term_string\"}}],\"inLanguage\":\"es\"},{\"@type\":\"Organization\",\"@id\":\"https:\\\/\\\/noticiasmercedinas.com\\\/site\\\/#organization\",\"name\":\"NOTICIASMERCEDINAS.COM\",\"url\":\"https:\\\/\\\/noticiasmercedinas.com\\\/site\\\/\",\"logo\":{\"@type\":\"ImageObject\",\"inLanguage\":\"es\",\"@id\":\"https:\\\/\\\/noticiasmercedinas.com\\\/site\\\/#\\\/schema\\\/logo\\\/image\\\/\",\"url\":\"https:\\\/\\\/noticiasmercedinas.com\\\/site\\\/wp-content\\\/uploads\\\/2020\\\/06\\\/LOGO-512.jpg\",\"contentUrl\":\"https:\\\/\\\/noticiasmercedinas.com\\\/site\\\/wp-content\\\/uploads\\\/2020\\\/06\\\/LOGO-512.jpg\",\"width\":512,\"height\":512,\"caption\":\"NOTICIASMERCEDINAS.COM\"},\"image\":{\"@id\":\"https:\\\/\\\/noticiasmercedinas.com\\\/site\\\/#\\\/schema\\\/logo\\\/image\\\/\"},\"sameAs\":[\"https:\\\/\\\/www.facebook.com\\\/noticiasmercedinas\\\/\",\"https:\\\/\\\/x.com\\\/notmercedinas\",\"https:\\\/\\\/www.instagram.com\\\/noticiasmercedinas\\\/\"]},{\"@type\":\"Person\",\"@id\":\"https:\\\/\\\/noticiasmercedinas.com\\\/site\\\/#\\\/schema\\\/person\\\/84b59c099c28ff2e8b77d4ceec5d8063\",\"name\":\"NOTICIASMERCEDINAS.COM\",\"image\":{\"@type\":\"ImageObject\",\"inLanguage\":\"es\",\"@id\":\"https:\\\/\\\/secure.gravatar.com\\\/avatar\\\/4dfbf16b4d17945bfb6341b2d19043457132fcf478a5ee04f42e959fd8f5df0a?s=96&d=mm&r=g\",\"url\":\"https:\\\/\\\/secure.gravatar.com\\\/avatar\\\/4dfbf16b4d17945bfb6341b2d19043457132fcf478a5ee04f42e959fd8f5df0a?s=96&d=mm&r=g\",\"contentUrl\":\"https:\\\/\\\/secure.gravatar.com\\\/avatar\\\/4dfbf16b4d17945bfb6341b2d19043457132fcf478a5ee04f42e959fd8f5df0a?s=96&d=mm&r=g\",\"caption\":\"NOTICIASMERCEDINAS.COM\"},\"url\":\"https:\\\/\\\/noticiasmercedinas.com\\\/site\\\/author\\\/anonimo\\\/\"}]}<\/script>\n<!-- \/ Yoast SEO plugin. -->","yoast_head_json":{"title":"Desde este jueves 23 el Teatro Argentino se reabre al p\u00fablico","robots":{"index":"index","follow":"follow","max-snippet":"max-snippet:-1","max-image-preview":"max-image-preview:large","max-video-preview":"max-video-preview:-1"},"canonical":"https:\/\/noticiasmercedinas.com\/site\/2021\/09\/22\/desde-este-jueves-23-el-teatro-argentino-se-reabre-al-publico\/","og_locale":"es_ES","og_type":"article","og_title":"Desde este jueves 23 el Teatro Argentino se reabre al p\u00fablico","og_description":"\u25a0 \u201cLesionados por el Corcho\u201d con su formato Dionisio Remix, estar\u00e1 dando el primer paso, luego de 17 meses de pandemia. Dar\u00e1 un show gratuito para 2380 personas.","og_url":"https:\/\/noticiasmercedinas.com\/site\/2021\/09\/22\/desde-este-jueves-23-el-teatro-argentino-se-reabre-al-publico\/","og_site_name":"NOTICIASMERCEDINAS.COM","article_publisher":"https:\/\/www.facebook.com\/noticiasmercedinas\/","article_published_time":"2021-09-22T11:53:41+00:00","og_image":[{"width":1342,"height":657,"url":"https:\/\/noticiasmercedinas.com\/site\/wp-content\/uploads\/2021\/09\/DSC04672.jpg","type":"image\/jpeg"}],"author":"NOTICIASMERCEDINAS.COM","twitter_card":"summary_large_image","twitter_creator":"@notmercedinas","twitter_site":"@notmercedinas","twitter_misc":{"Escrito por":"NOTICIASMERCEDINAS.COM","Tiempo de lectura":"3 minutos"},"schema":{"@context":"https:\/\/schema.org","@graph":[{"@type":"Article","@id":"https:\/\/noticiasmercedinas.com\/site\/2021\/09\/22\/desde-este-jueves-23-el-teatro-argentino-se-reabre-al-publico\/#article","isPartOf":{"@id":"https:\/\/noticiasmercedinas.com\/site\/2021\/09\/22\/desde-este-jueves-23-el-teatro-argentino-se-reabre-al-publico\/"},"author":{"name":"NOTICIASMERCEDINAS.COM","@id":"https:\/\/noticiasmercedinas.com\/site\/#\/schema\/person\/84b59c099c28ff2e8b77d4ceec5d8063"},"headline":"Desde este jueves 23 el Teatro Argentino se reabre al p\u00fablico","datePublished":"2021-09-22T11:53:41+00:00","mainEntityOfPage":{"@id":"https:\/\/noticiasmercedinas.com\/site\/2021\/09\/22\/desde-este-jueves-23-el-teatro-argentino-se-reabre-al-publico\/"},"wordCount":668,"commentCount":0,"publisher":{"@id":"https:\/\/noticiasmercedinas.com\/site\/#organization"},"image":{"@id":"https:\/\/noticiasmercedinas.com\/site\/2021\/09\/22\/desde-este-jueves-23-el-teatro-argentino-se-reabre-al-publico\/#primaryimage"},"thumbnailUrl":"https:\/\/noticiasmercedinas.com\/site\/wp-content\/uploads\/2021\/09\/DSC04672.jpg","keywords":["lesionados por el corcho","teatro argentino"],"articleSection":["Cultura"],"inLanguage":"es","potentialAction":[{"@type":"CommentAction","name":"Comment","target":["https:\/\/noticiasmercedinas.com\/site\/2021\/09\/22\/desde-este-jueves-23-el-teatro-argentino-se-reabre-al-publico\/#respond"]}]},{"@type":"WebPage","@id":"https:\/\/noticiasmercedinas.com\/site\/2021\/09\/22\/desde-este-jueves-23-el-teatro-argentino-se-reabre-al-publico\/","url":"https:\/\/noticiasmercedinas.com\/site\/2021\/09\/22\/desde-este-jueves-23-el-teatro-argentino-se-reabre-al-publico\/","name":"Desde este jueves 23 el Teatro Argentino se reabre al p\u00fablico","isPartOf":{"@id":"https:\/\/noticiasmercedinas.com\/site\/#website"},"primaryImageOfPage":{"@id":"https:\/\/noticiasmercedinas.com\/site\/2021\/09\/22\/desde-este-jueves-23-el-teatro-argentino-se-reabre-al-publico\/#primaryimage"},"image":{"@id":"https:\/\/noticiasmercedinas.com\/site\/2021\/09\/22\/desde-este-jueves-23-el-teatro-argentino-se-reabre-al-publico\/#primaryimage"},"thumbnailUrl":"https:\/\/noticiasmercedinas.com\/site\/wp-content\/uploads\/2021\/09\/DSC04672.jpg","datePublished":"2021-09-22T11:53:41+00:00","breadcrumb":{"@id":"https:\/\/noticiasmercedinas.com\/site\/2021\/09\/22\/desde-este-jueves-23-el-teatro-argentino-se-reabre-al-publico\/#breadcrumb"},"inLanguage":"es","potentialAction":[{"@type":"ReadAction","target":["https:\/\/noticiasmercedinas.com\/site\/2021\/09\/22\/desde-este-jueves-23-el-teatro-argentino-se-reabre-al-publico\/"]}]},{"@type":"ImageObject","inLanguage":"es","@id":"https:\/\/noticiasmercedinas.com\/site\/2021\/09\/22\/desde-este-jueves-23-el-teatro-argentino-se-reabre-al-publico\/#primaryimage","url":"https:\/\/noticiasmercedinas.com\/site\/wp-content\/uploads\/2021\/09\/DSC04672.jpg","contentUrl":"https:\/\/noticiasmercedinas.com\/site\/wp-content\/uploads\/2021\/09\/DSC04672.jpg","width":1342,"height":657},{"@type":"BreadcrumbList","@id":"https:\/\/noticiasmercedinas.com\/site\/2021\/09\/22\/desde-este-jueves-23-el-teatro-argentino-se-reabre-al-publico\/#breadcrumb","itemListElement":[{"@type":"ListItem","position":1,"name":"Portada","item":"https:\/\/noticiasmercedinas.com\/site\/"},{"@type":"ListItem","position":2,"name":"Desde este jueves 23 el Teatro Argentino se reabre al p\u00fablico"}]},{"@type":"WebSite","@id":"https:\/\/noticiasmercedinas.com\/site\/#website","url":"https:\/\/noticiasmercedinas.com\/site\/","name":"NOTICIASMERCEDINAS.COM","description":"Mercedes, Buenos Aires, Argentina","publisher":{"@id":"https:\/\/noticiasmercedinas.com\/site\/#organization"},"potentialAction":[{"@type":"SearchAction","target":{"@type":"EntryPoint","urlTemplate":"https:\/\/noticiasmercedinas.com\/site\/?s={search_term_string}"},"query-input":{"@type":"PropertyValueSpecification","valueRequired":true,"valueName":"search_term_string"}}],"inLanguage":"es"},{"@type":"Organization","@id":"https:\/\/noticiasmercedinas.com\/site\/#organization","name":"NOTICIASMERCEDINAS.COM","url":"https:\/\/noticiasmercedinas.com\/site\/","logo":{"@type":"ImageObject","inLanguage":"es","@id":"https:\/\/noticiasmercedinas.com\/site\/#\/schema\/logo\/image\/","url":"https:\/\/noticiasmercedinas.com\/site\/wp-content\/uploads\/2020\/06\/LOGO-512.jpg","contentUrl":"https:\/\/noticiasmercedinas.com\/site\/wp-content\/uploads\/2020\/06\/LOGO-512.jpg","width":512,"height":512,"caption":"NOTICIASMERCEDINAS.COM"},"image":{"@id":"https:\/\/noticiasmercedinas.com\/site\/#\/schema\/logo\/image\/"},"sameAs":["https:\/\/www.facebook.com\/noticiasmercedinas\/","https:\/\/x.com\/notmercedinas","https:\/\/www.instagram.com\/noticiasmercedinas\/"]},{"@type":"Person","@id":"https:\/\/noticiasmercedinas.com\/site\/#\/schema\/person\/84b59c099c28ff2e8b77d4ceec5d8063","name":"NOTICIASMERCEDINAS.COM","image":{"@type":"ImageObject","inLanguage":"es","@id":"https:\/\/secure.gravatar.com\/avatar\/4dfbf16b4d17945bfb6341b2d19043457132fcf478a5ee04f42e959fd8f5df0a?s=96&d=mm&r=g","url":"https:\/\/secure.gravatar.com\/avatar\/4dfbf16b4d17945bfb6341b2d19043457132fcf478a5ee04f42e959fd8f5df0a?s=96&d=mm&r=g","contentUrl":"https:\/\/secure.gravatar.com\/avatar\/4dfbf16b4d17945bfb6341b2d19043457132fcf478a5ee04f42e959fd8f5df0a?s=96&d=mm&r=g","caption":"NOTICIASMERCEDINAS.COM"},"url":"https:\/\/noticiasmercedinas.com\/site\/author\/anonimo\/"}]}},"amp_enabled":true,"_links":{"self":[{"href":"https:\/\/noticiasmercedinas.com\/site\/wp-json\/wp\/v2\/posts\/75367","targetHints":{"allow":["GET"]}}],"collection":[{"href":"https:\/\/noticiasmercedinas.com\/site\/wp-json\/wp\/v2\/posts"}],"about":[{"href":"https:\/\/noticiasmercedinas.com\/site\/wp-json\/wp\/v2\/types\/post"}],"author":[{"embeddable":true,"href":"https:\/\/noticiasmercedinas.com\/site\/wp-json\/wp\/v2\/users\/16"}],"replies":[{"embeddable":true,"href":"https:\/\/noticiasmercedinas.com\/site\/wp-json\/wp\/v2\/comments?post=75367"}],"version-history":[{"count":1,"href":"https:\/\/noticiasmercedinas.com\/site\/wp-json\/wp\/v2\/posts\/75367\/revisions"}],"predecessor-version":[{"id":75369,"href":"https:\/\/noticiasmercedinas.com\/site\/wp-json\/wp\/v2\/posts\/75367\/revisions\/75369"}],"wp:featuredmedia":[{"embeddable":true,"href":"https:\/\/noticiasmercedinas.com\/site\/wp-json\/wp\/v2\/media\/75368"}],"wp:attachment":[{"href":"https:\/\/noticiasmercedinas.com\/site\/wp-json\/wp\/v2\/media?parent=75367"}],"wp:term":[{"taxonomy":"category","embeddable":true,"href":"https:\/\/noticiasmercedinas.com\/site\/wp-json\/wp\/v2\/categories?post=75367"},{"taxonomy":"post_tag","embeddable":true,"href":"https:\/\/noticiasmercedinas.com\/site\/wp-json\/wp\/v2\/tags?post=75367"}],"curies":[{"name":"wp","href":"https:\/\/api.w.org\/{rel}","templated":true}]}}