{"id":75447,"date":"2021-09-23T11:52:13","date_gmt":"2021-09-23T14:52:13","guid":{"rendered":"https:\/\/noticiasmercedinas.com\/site\/?p=75447"},"modified":"2021-09-23T11:52:13","modified_gmt":"2021-09-23T14:52:13","slug":"mihura-en-dos-partidos-del-federal-a-y-callegari-a-la-primera-nacional","status":"publish","type":"post","link":"https:\/\/noticiasmercedinas.com\/site\/2021\/09\/23\/mihura-en-dos-partidos-del-federal-a-y-callegari-a-la-primera-nacional\/","title":{"rendered":"Mihura en dos partidos del Federal A y Callegari a la Primera Nacional"},"content":{"rendered":"<p><img loading=\"lazy\" decoding=\"async\" class=\"size-full wp-image-75448\" src=\"https:\/\/noticiasmercedinas.com\/site\/wp-content\/uploads\/2021\/09\/Depositphotos_8769772_s-2019.jpg\" alt=\"\" width=\"640\" height=\"425\" srcset=\"https:\/\/noticiasmercedinas.com\/site\/wp-content\/uploads\/2021\/09\/Depositphotos_8769772_s-2019.jpg 640w, https:\/\/noticiasmercedinas.com\/site\/wp-content\/uploads\/2021\/09\/Depositphotos_8769772_s-2019-300x199.jpg 300w\" sizes=\"auto, (max-width: 640px) 100vw, 640px\" \/><\/p>\n<p>El s\u00e1bado 25, por el Federal A entre Depro (Col\u00f3n) vs. Gimnasia (Concepci\u00f3n del Uruguay) a las 15.30 el \u00e1rbitro ser\u00e1 Gast\u00f3n Mons\u00f3n Brizuela junto a los asistentes: Mauro Ramos y Javier Mihura (Mercedes). El cuarto \u00e1rbitro: Mat\u00edas Balmaceda.<\/p>\n<p>Ya el mi\u00e9rcoles 29, por una nueva fecha del Federal A, Douglas Haig (Pergamino) vs. Depro (Col\u00f3n) a partir de las 15 con el \u00e1rbitro Maximiliano Macheroni. Los asistentes: Juan Del Fueyo y Javier Mihura (Mercedes), el cuarto \u00e1rbitro Hugo Fleitas.<\/p>\n<p>La Primera Nacional este domingo 26 de septiembre desde las 15 tendr\u00e1 el partidos entre Gimnasia (Jujuy) e Independiente (Mendoza), Jorge Bali\u00f1o ser\u00e1 el juez principal, el asistente 1 Ernesto Callegari (Mercedes) seguido de Christians Mart\u00ednez. El cuarto \u00e1rbitro Federico Guaymas.<\/p>\n","protected":false},"excerpt":{"rendered":"<p>\u25a0 Las \u00faltimas designaciones los tienen como asistentes en partidos que se jugar\u00e1n este fin de semana y el pr\u00f3ximo mi\u00e9rcoles 29. <\/p>\n","protected":false},"author":6,"featured_media":75448,"comment_status":"open","ping_status":"open","sticky":false,"template":"","format":"standard","meta":{"footnotes":""},"categories":[5],"tags":[11093,11091,11092],"class_list":["post-75447","post","type-post","status-publish","format-standard","has-post-thumbnail","hentry","category-deportes","tag-arbitros","tag-ernesto-callegari","tag-javier-mihura"],"yoast_head":"<!-- This site is optimized with the Yoast SEO plugin v27.4 - https:\/\/yoast.com\/product\/yoast-seo-wordpress\/ -->\n<title>Mihura en dos partidos del Federal A y Callegari a la Primera Nacional<\/title>\n<meta name=\"robots\" content=\"index, follow, max-snippet:-1, max-image-preview:large, max-video-preview:-1\" \/>\n<link rel=\"canonical\" href=\"https:\/\/noticiasmercedinas.com\/site\/2021\/09\/23\/mihura-en-dos-partidos-del-federal-a-y-callegari-a-la-primera-nacional\/\" \/>\n<meta property=\"og:locale\" content=\"es_ES\" \/>\n<meta property=\"og:type\" content=\"article\" \/>\n<meta property=\"og:title\" content=\"Mihura en dos partidos del Federal A y Callegari a la Primera Nacional\" \/>\n<meta property=\"og:description\" content=\"\u25a0 Las \u00faltimas designaciones los tienen como asistentes en partidos que se jugar\u00e1n este fin de semana y el pr\u00f3ximo mi\u00e9rcoles 29.\" \/>\n<meta property=\"og:url\" content=\"https:\/\/noticiasmercedinas.com\/site\/2021\/09\/23\/mihura-en-dos-partidos-del-federal-a-y-callegari-a-la-primera-nacional\/\" \/>\n<meta property=\"og:site_name\" content=\"NOTICIASMERCEDINAS.COM\" \/>\n<meta property=\"article:publisher\" content=\"https:\/\/www.facebook.com\/noticiasmercedinas\/\" \/>\n<meta property=\"article:published_time\" content=\"2021-09-23T14:52:13+00:00\" \/>\n<meta property=\"og:image\" content=\"https:\/\/noticiasmercedinas.com\/site\/wp-content\/uploads\/2021\/09\/Depositphotos_8769772_s-2019.jpg\" \/>\n\t<meta property=\"og:image:width\" content=\"640\" \/>\n\t<meta property=\"og:image:height\" content=\"425\" \/>\n\t<meta property=\"og:image:type\" content=\"image\/jpeg\" \/>\n<meta name=\"author\" content=\"Juan Dagnino NOTICIASMERCEDINAS.COM\" \/>\n<meta name=\"twitter:card\" content=\"summary_large_image\" \/>\n<meta name=\"twitter:creator\" content=\"@notmercedinas\" \/>\n<meta name=\"twitter:site\" content=\"@notmercedinas\" \/>\n<meta name=\"twitter:label1\" content=\"Escrito por\" \/>\n\t<meta name=\"twitter:data1\" content=\"Juan Dagnino NOTICIASMERCEDINAS.COM\" \/>\n\t<meta name=\"twitter:label2\" content=\"Tiempo de lectura\" \/>\n\t<meta name=\"twitter:data2\" content=\"1 minuto\" \/>\n<script type=\"application\/ld+json\" class=\"yoast-schema-graph\">{\"@context\":\"https:\\\/\\\/schema.org\",\"@graph\":[{\"@type\":\"Article\",\"@id\":\"https:\\\/\\\/noticiasmercedinas.com\\\/site\\\/2021\\\/09\\\/23\\\/mihura-en-dos-partidos-del-federal-a-y-callegari-a-la-primera-nacional\\\/#article\",\"isPartOf\":{\"@id\":\"https:\\\/\\\/noticiasmercedinas.com\\\/site\\\/2021\\\/09\\\/23\\\/mihura-en-dos-partidos-del-federal-a-y-callegari-a-la-primera-nacional\\\/\"},\"author\":{\"name\":\"Juan Dagnino NOTICIASMERCEDINAS.COM\",\"@id\":\"https:\\\/\\\/noticiasmercedinas.com\\\/site\\\/#\\\/schema\\\/person\\\/8f2f09d666ef40986eba4a5e6f2a06f9\"},\"headline\":\"Mihura en dos partidos del Federal A y Callegari a la Primera Nacional\",\"datePublished\":\"2021-09-23T14:52:13+00:00\",\"mainEntityOfPage\":{\"@id\":\"https:\\\/\\\/noticiasmercedinas.com\\\/site\\\/2021\\\/09\\\/23\\\/mihura-en-dos-partidos-del-federal-a-y-callegari-a-la-primera-nacional\\\/\"},\"wordCount\":137,\"commentCount\":0,\"publisher\":{\"@id\":\"https:\\\/\\\/noticiasmercedinas.com\\\/site\\\/#organization\"},\"image\":{\"@id\":\"https:\\\/\\\/noticiasmercedinas.com\\\/site\\\/2021\\\/09\\\/23\\\/mihura-en-dos-partidos-del-federal-a-y-callegari-a-la-primera-nacional\\\/#primaryimage\"},\"thumbnailUrl\":\"https:\\\/\\\/noticiasmercedinas.com\\\/site\\\/wp-content\\\/uploads\\\/2021\\\/09\\\/Depositphotos_8769772_s-2019.jpg\",\"keywords\":[\"arbitros\",\"ernesto callegari\",\"javier mihura\"],\"articleSection\":[\"Deportes\"],\"inLanguage\":\"es\",\"potentialAction\":[{\"@type\":\"CommentAction\",\"name\":\"Comment\",\"target\":[\"https:\\\/\\\/noticiasmercedinas.com\\\/site\\\/2021\\\/09\\\/23\\\/mihura-en-dos-partidos-del-federal-a-y-callegari-a-la-primera-nacional\\\/#respond\"]}]},{\"@type\":\"WebPage\",\"@id\":\"https:\\\/\\\/noticiasmercedinas.com\\\/site\\\/2021\\\/09\\\/23\\\/mihura-en-dos-partidos-del-federal-a-y-callegari-a-la-primera-nacional\\\/\",\"url\":\"https:\\\/\\\/noticiasmercedinas.com\\\/site\\\/2021\\\/09\\\/23\\\/mihura-en-dos-partidos-del-federal-a-y-callegari-a-la-primera-nacional\\\/\",\"name\":\"Mihura en dos partidos del Federal A y Callegari a la Primera Nacional\",\"isPartOf\":{\"@id\":\"https:\\\/\\\/noticiasmercedinas.com\\\/site\\\/#website\"},\"primaryImageOfPage\":{\"@id\":\"https:\\\/\\\/noticiasmercedinas.com\\\/site\\\/2021\\\/09\\\/23\\\/mihura-en-dos-partidos-del-federal-a-y-callegari-a-la-primera-nacional\\\/#primaryimage\"},\"image\":{\"@id\":\"https:\\\/\\\/noticiasmercedinas.com\\\/site\\\/2021\\\/09\\\/23\\\/mihura-en-dos-partidos-del-federal-a-y-callegari-a-la-primera-nacional\\\/#primaryimage\"},\"thumbnailUrl\":\"https:\\\/\\\/noticiasmercedinas.com\\\/site\\\/wp-content\\\/uploads\\\/2021\\\/09\\\/Depositphotos_8769772_s-2019.jpg\",\"datePublished\":\"2021-09-23T14:52:13+00:00\",\"breadcrumb\":{\"@id\":\"https:\\\/\\\/noticiasmercedinas.com\\\/site\\\/2021\\\/09\\\/23\\\/mihura-en-dos-partidos-del-federal-a-y-callegari-a-la-primera-nacional\\\/#breadcrumb\"},\"inLanguage\":\"es\",\"potentialAction\":[{\"@type\":\"ReadAction\",\"target\":[\"https:\\\/\\\/noticiasmercedinas.com\\\/site\\\/2021\\\/09\\\/23\\\/mihura-en-dos-partidos-del-federal-a-y-callegari-a-la-primera-nacional\\\/\"]}]},{\"@type\":\"ImageObject\",\"inLanguage\":\"es\",\"@id\":\"https:\\\/\\\/noticiasmercedinas.com\\\/site\\\/2021\\\/09\\\/23\\\/mihura-en-dos-partidos-del-federal-a-y-callegari-a-la-primera-nacional\\\/#primaryimage\",\"url\":\"https:\\\/\\\/noticiasmercedinas.com\\\/site\\\/wp-content\\\/uploads\\\/2021\\\/09\\\/Depositphotos_8769772_s-2019.jpg\",\"contentUrl\":\"https:\\\/\\\/noticiasmercedinas.com\\\/site\\\/wp-content\\\/uploads\\\/2021\\\/09\\\/Depositphotos_8769772_s-2019.jpg\",\"width\":640,\"height\":425,\"caption\":\"football referee on the line\"},{\"@type\":\"BreadcrumbList\",\"@id\":\"https:\\\/\\\/noticiasmercedinas.com\\\/site\\\/2021\\\/09\\\/23\\\/mihura-en-dos-partidos-del-federal-a-y-callegari-a-la-primera-nacional\\\/#breadcrumb\",\"itemListElement\":[{\"@type\":\"ListItem\",\"position\":1,\"name\":\"Portada\",\"item\":\"https:\\\/\\\/noticiasmercedinas.com\\\/site\\\/\"},{\"@type\":\"ListItem\",\"position\":2,\"name\":\"Mihura en dos partidos del Federal A y Callegari a la Primera Nacional\"}]},{\"@type\":\"WebSite\",\"@id\":\"https:\\\/\\\/noticiasmercedinas.com\\\/site\\\/#website\",\"url\":\"https:\\\/\\\/noticiasmercedinas.com\\\/site\\\/\",\"name\":\"NOTICIASMERCEDINAS.COM\",\"description\":\"Mercedes, Buenos Aires, Argentina\",\"publisher\":{\"@id\":\"https:\\\/\\\/noticiasmercedinas.com\\\/site\\\/#organization\"},\"potentialAction\":[{\"@type\":\"SearchAction\",\"target\":{\"@type\":\"EntryPoint\",\"urlTemplate\":\"https:\\\/\\\/noticiasmercedinas.com\\\/site\\\/?s={search_term_string}\"},\"query-input\":{\"@type\":\"PropertyValueSpecification\",\"valueRequired\":true,\"valueName\":\"search_term_string\"}}],\"inLanguage\":\"es\"},{\"@type\":\"Organization\",\"@id\":\"https:\\\/\\\/noticiasmercedinas.com\\\/site\\\/#organization\",\"name\":\"NOTICIASMERCEDINAS.COM\",\"url\":\"https:\\\/\\\/noticiasmercedinas.com\\\/site\\\/\",\"logo\":{\"@type\":\"ImageObject\",\"inLanguage\":\"es\",\"@id\":\"https:\\\/\\\/noticiasmercedinas.com\\\/site\\\/#\\\/schema\\\/logo\\\/image\\\/\",\"url\":\"https:\\\/\\\/noticiasmercedinas.com\\\/site\\\/wp-content\\\/uploads\\\/2020\\\/06\\\/LOGO-512.jpg\",\"contentUrl\":\"https:\\\/\\\/noticiasmercedinas.com\\\/site\\\/wp-content\\\/uploads\\\/2020\\\/06\\\/LOGO-512.jpg\",\"width\":512,\"height\":512,\"caption\":\"NOTICIASMERCEDINAS.COM\"},\"image\":{\"@id\":\"https:\\\/\\\/noticiasmercedinas.com\\\/site\\\/#\\\/schema\\\/logo\\\/image\\\/\"},\"sameAs\":[\"https:\\\/\\\/www.facebook.com\\\/noticiasmercedinas\\\/\",\"https:\\\/\\\/x.com\\\/notmercedinas\",\"https:\\\/\\\/www.instagram.com\\\/noticiasmercedinas\\\/\"]},{\"@type\":\"Person\",\"@id\":\"https:\\\/\\\/noticiasmercedinas.com\\\/site\\\/#\\\/schema\\\/person\\\/8f2f09d666ef40986eba4a5e6f2a06f9\",\"name\":\"Juan Dagnino NOTICIASMERCEDINAS.COM\",\"image\":{\"@type\":\"ImageObject\",\"inLanguage\":\"es\",\"@id\":\"https:\\\/\\\/secure.gravatar.com\\\/avatar\\\/fc7059a769f5a3cae65fadb228a3e4accf3a64b4b2305020d0a27e6d5333c91b?s=96&d=mm&r=g\",\"url\":\"https:\\\/\\\/secure.gravatar.com\\\/avatar\\\/fc7059a769f5a3cae65fadb228a3e4accf3a64b4b2305020d0a27e6d5333c91b?s=96&d=mm&r=g\",\"contentUrl\":\"https:\\\/\\\/secure.gravatar.com\\\/avatar\\\/fc7059a769f5a3cae65fadb228a3e4accf3a64b4b2305020d0a27e6d5333c91b?s=96&d=mm&r=g\",\"caption\":\"Juan Dagnino NOTICIASMERCEDINAS.COM\"},\"url\":\"https:\\\/\\\/noticiasmercedinas.com\\\/site\\\/author\\\/juandagnino\\\/\"}]}<\/script>\n<!-- \/ Yoast SEO plugin. -->","yoast_head_json":{"title":"Mihura en dos partidos del Federal A y Callegari a la Primera Nacional","robots":{"index":"index","follow":"follow","max-snippet":"max-snippet:-1","max-image-preview":"max-image-preview:large","max-video-preview":"max-video-preview:-1"},"canonical":"https:\/\/noticiasmercedinas.com\/site\/2021\/09\/23\/mihura-en-dos-partidos-del-federal-a-y-callegari-a-la-primera-nacional\/","og_locale":"es_ES","og_type":"article","og_title":"Mihura en dos partidos del Federal A y Callegari a la Primera Nacional","og_description":"\u25a0 Las \u00faltimas designaciones los tienen como asistentes en partidos que se jugar\u00e1n este fin de semana y el pr\u00f3ximo mi\u00e9rcoles 29.","og_url":"https:\/\/noticiasmercedinas.com\/site\/2021\/09\/23\/mihura-en-dos-partidos-del-federal-a-y-callegari-a-la-primera-nacional\/","og_site_name":"NOTICIASMERCEDINAS.COM","article_publisher":"https:\/\/www.facebook.com\/noticiasmercedinas\/","article_published_time":"2021-09-23T14:52:13+00:00","og_image":[{"width":640,"height":425,"url":"https:\/\/noticiasmercedinas.com\/site\/wp-content\/uploads\/2021\/09\/Depositphotos_8769772_s-2019.jpg","type":"image\/jpeg"}],"author":"Juan Dagnino NOTICIASMERCEDINAS.COM","twitter_card":"summary_large_image","twitter_creator":"@notmercedinas","twitter_site":"@notmercedinas","twitter_misc":{"Escrito por":"Juan Dagnino NOTICIASMERCEDINAS.COM","Tiempo de lectura":"1 minuto"},"schema":{"@context":"https:\/\/schema.org","@graph":[{"@type":"Article","@id":"https:\/\/noticiasmercedinas.com\/site\/2021\/09\/23\/mihura-en-dos-partidos-del-federal-a-y-callegari-a-la-primera-nacional\/#article","isPartOf":{"@id":"https:\/\/noticiasmercedinas.com\/site\/2021\/09\/23\/mihura-en-dos-partidos-del-federal-a-y-callegari-a-la-primera-nacional\/"},"author":{"name":"Juan Dagnino NOTICIASMERCEDINAS.COM","@id":"https:\/\/noticiasmercedinas.com\/site\/#\/schema\/person\/8f2f09d666ef40986eba4a5e6f2a06f9"},"headline":"Mihura en dos partidos del Federal A y Callegari a la Primera Nacional","datePublished":"2021-09-23T14:52:13+00:00","mainEntityOfPage":{"@id":"https:\/\/noticiasmercedinas.com\/site\/2021\/09\/23\/mihura-en-dos-partidos-del-federal-a-y-callegari-a-la-primera-nacional\/"},"wordCount":137,"commentCount":0,"publisher":{"@id":"https:\/\/noticiasmercedinas.com\/site\/#organization"},"image":{"@id":"https:\/\/noticiasmercedinas.com\/site\/2021\/09\/23\/mihura-en-dos-partidos-del-federal-a-y-callegari-a-la-primera-nacional\/#primaryimage"},"thumbnailUrl":"https:\/\/noticiasmercedinas.com\/site\/wp-content\/uploads\/2021\/09\/Depositphotos_8769772_s-2019.jpg","keywords":["arbitros","ernesto callegari","javier mihura"],"articleSection":["Deportes"],"inLanguage":"es","potentialAction":[{"@type":"CommentAction","name":"Comment","target":["https:\/\/noticiasmercedinas.com\/site\/2021\/09\/23\/mihura-en-dos-partidos-del-federal-a-y-callegari-a-la-primera-nacional\/#respond"]}]},{"@type":"WebPage","@id":"https:\/\/noticiasmercedinas.com\/site\/2021\/09\/23\/mihura-en-dos-partidos-del-federal-a-y-callegari-a-la-primera-nacional\/","url":"https:\/\/noticiasmercedinas.com\/site\/2021\/09\/23\/mihura-en-dos-partidos-del-federal-a-y-callegari-a-la-primera-nacional\/","name":"Mihura en dos partidos del Federal A y Callegari a la Primera Nacional","isPartOf":{"@id":"https:\/\/noticiasmercedinas.com\/site\/#website"},"primaryImageOfPage":{"@id":"https:\/\/noticiasmercedinas.com\/site\/2021\/09\/23\/mihura-en-dos-partidos-del-federal-a-y-callegari-a-la-primera-nacional\/#primaryimage"},"image":{"@id":"https:\/\/noticiasmercedinas.com\/site\/2021\/09\/23\/mihura-en-dos-partidos-del-federal-a-y-callegari-a-la-primera-nacional\/#primaryimage"},"thumbnailUrl":"https:\/\/noticiasmercedinas.com\/site\/wp-content\/uploads\/2021\/09\/Depositphotos_8769772_s-2019.jpg","datePublished":"2021-09-23T14:52:13+00:00","breadcrumb":{"@id":"https:\/\/noticiasmercedinas.com\/site\/2021\/09\/23\/mihura-en-dos-partidos-del-federal-a-y-callegari-a-la-primera-nacional\/#breadcrumb"},"inLanguage":"es","potentialAction":[{"@type":"ReadAction","target":["https:\/\/noticiasmercedinas.com\/site\/2021\/09\/23\/mihura-en-dos-partidos-del-federal-a-y-callegari-a-la-primera-nacional\/"]}]},{"@type":"ImageObject","inLanguage":"es","@id":"https:\/\/noticiasmercedinas.com\/site\/2021\/09\/23\/mihura-en-dos-partidos-del-federal-a-y-callegari-a-la-primera-nacional\/#primaryimage","url":"https:\/\/noticiasmercedinas.com\/site\/wp-content\/uploads\/2021\/09\/Depositphotos_8769772_s-2019.jpg","contentUrl":"https:\/\/noticiasmercedinas.com\/site\/wp-content\/uploads\/2021\/09\/Depositphotos_8769772_s-2019.jpg","width":640,"height":425,"caption":"football referee on the line"},{"@type":"BreadcrumbList","@id":"https:\/\/noticiasmercedinas.com\/site\/2021\/09\/23\/mihura-en-dos-partidos-del-federal-a-y-callegari-a-la-primera-nacional\/#breadcrumb","itemListElement":[{"@type":"ListItem","position":1,"name":"Portada","item":"https:\/\/noticiasmercedinas.com\/site\/"},{"@type":"ListItem","position":2,"name":"Mihura en dos partidos del Federal A y Callegari a la Primera Nacional"}]},{"@type":"WebSite","@id":"https:\/\/noticiasmercedinas.com\/site\/#website","url":"https:\/\/noticiasmercedinas.com\/site\/","name":"NOTICIASMERCEDINAS.COM","description":"Mercedes, Buenos Aires, Argentina","publisher":{"@id":"https:\/\/noticiasmercedinas.com\/site\/#organization"},"potentialAction":[{"@type":"SearchAction","target":{"@type":"EntryPoint","urlTemplate":"https:\/\/noticiasmercedinas.com\/site\/?s={search_term_string}"},"query-input":{"@type":"PropertyValueSpecification","valueRequired":true,"valueName":"search_term_string"}}],"inLanguage":"es"},{"@type":"Organization","@id":"https:\/\/noticiasmercedinas.com\/site\/#organization","name":"NOTICIASMERCEDINAS.COM","url":"https:\/\/noticiasmercedinas.com\/site\/","logo":{"@type":"ImageObject","inLanguage":"es","@id":"https:\/\/noticiasmercedinas.com\/site\/#\/schema\/logo\/image\/","url":"https:\/\/noticiasmercedinas.com\/site\/wp-content\/uploads\/2020\/06\/LOGO-512.jpg","contentUrl":"https:\/\/noticiasmercedinas.com\/site\/wp-content\/uploads\/2020\/06\/LOGO-512.jpg","width":512,"height":512,"caption":"NOTICIASMERCEDINAS.COM"},"image":{"@id":"https:\/\/noticiasmercedinas.com\/site\/#\/schema\/logo\/image\/"},"sameAs":["https:\/\/www.facebook.com\/noticiasmercedinas\/","https:\/\/x.com\/notmercedinas","https:\/\/www.instagram.com\/noticiasmercedinas\/"]},{"@type":"Person","@id":"https:\/\/noticiasmercedinas.com\/site\/#\/schema\/person\/8f2f09d666ef40986eba4a5e6f2a06f9","name":"Juan Dagnino NOTICIASMERCEDINAS.COM","image":{"@type":"ImageObject","inLanguage":"es","@id":"https:\/\/secure.gravatar.com\/avatar\/fc7059a769f5a3cae65fadb228a3e4accf3a64b4b2305020d0a27e6d5333c91b?s=96&d=mm&r=g","url":"https:\/\/secure.gravatar.com\/avatar\/fc7059a769f5a3cae65fadb228a3e4accf3a64b4b2305020d0a27e6d5333c91b?s=96&d=mm&r=g","contentUrl":"https:\/\/secure.gravatar.com\/avatar\/fc7059a769f5a3cae65fadb228a3e4accf3a64b4b2305020d0a27e6d5333c91b?s=96&d=mm&r=g","caption":"Juan Dagnino NOTICIASMERCEDINAS.COM"},"url":"https:\/\/noticiasmercedinas.com\/site\/author\/juandagnino\/"}]}},"amp_enabled":true,"_links":{"self":[{"href":"https:\/\/noticiasmercedinas.com\/site\/wp-json\/wp\/v2\/posts\/75447","targetHints":{"allow":["GET"]}}],"collection":[{"href":"https:\/\/noticiasmercedinas.com\/site\/wp-json\/wp\/v2\/posts"}],"about":[{"href":"https:\/\/noticiasmercedinas.com\/site\/wp-json\/wp\/v2\/types\/post"}],"author":[{"embeddable":true,"href":"https:\/\/noticiasmercedinas.com\/site\/wp-json\/wp\/v2\/users\/6"}],"replies":[{"embeddable":true,"href":"https:\/\/noticiasmercedinas.com\/site\/wp-json\/wp\/v2\/comments?post=75447"}],"version-history":[{"count":1,"href":"https:\/\/noticiasmercedinas.com\/site\/wp-json\/wp\/v2\/posts\/75447\/revisions"}],"predecessor-version":[{"id":75449,"href":"https:\/\/noticiasmercedinas.com\/site\/wp-json\/wp\/v2\/posts\/75447\/revisions\/75449"}],"wp:featuredmedia":[{"embeddable":true,"href":"https:\/\/noticiasmercedinas.com\/site\/wp-json\/wp\/v2\/media\/75448"}],"wp:attachment":[{"href":"https:\/\/noticiasmercedinas.com\/site\/wp-json\/wp\/v2\/media?parent=75447"}],"wp:term":[{"taxonomy":"category","embeddable":true,"href":"https:\/\/noticiasmercedinas.com\/site\/wp-json\/wp\/v2\/categories?post=75447"},{"taxonomy":"post_tag","embeddable":true,"href":"https:\/\/noticiasmercedinas.com\/site\/wp-json\/wp\/v2\/tags?post=75447"}],"curies":[{"name":"wp","href":"https:\/\/api.w.org\/{rel}","templated":true}]}}