{"id":7546,"date":"2018-11-24T12:08:08","date_gmt":"2018-11-24T15:08:08","guid":{"rendered":"https:\/\/noticiasmercedinas.com\/site\/?p=7546"},"modified":"2018-11-24T12:08:08","modified_gmt":"2018-11-24T15:08:08","slug":"los-caminos-son-de-dominio-publico-no-de-los-gobiernos","status":"publish","type":"post","link":"https:\/\/noticiasmercedinas.com\/site\/2018\/11\/24\/los-caminos-son-de-dominio-publico-no-de-los-gobiernos\/","title":{"rendered":"\u201cLos caminos son de dominio p\u00fablico, no de los gobiernos\u201d"},"content":{"rendered":"<p><strong>Ricardo Lasca, coordinador del Comit\u00e9 Nacional de Defensa del Usuario Vial, inform\u00f3 que iniciar\u00e1n acciones judiciales por la inconstitucionalidad de los \u201cfalsos peajes\u201d. \u201cSe nos r\u00eden en la cara\u201d, lament\u00f3.<\/strong><\/p>\n<p><a href=\"https:\/\/noticiasmercedinas.com\/site\/wp-content\/uploads\/2018\/11\/peaje_olivera2.jpg\"><img loading=\"lazy\" decoding=\"async\" class=\"alignnone size-full wp-image-7547\" src=\"https:\/\/noticiasmercedinas.com\/site\/wp-content\/uploads\/2018\/11\/peaje_olivera2.jpg\" alt=\"\" width=\"640\" height=\"360\" srcset=\"https:\/\/noticiasmercedinas.com\/site\/wp-content\/uploads\/2018\/11\/peaje_olivera2.jpg 640w, https:\/\/noticiasmercedinas.com\/site\/wp-content\/uploads\/2018\/11\/peaje_olivera2-300x169.jpg 300w\" sizes=\"auto, (max-width: 640px) 100vw, 640px\" \/><\/a><\/p>\n<p>El Comit\u00e9 Nacional de Defensa del Usuario Vial (CONADUV) prepara la presentaci\u00f3n de recursos de amparo ante la Justicia reclamando la inconstitucionalidad del sistema de \u201cfalsos peajes\u201d en las rutas.<\/p>\n<p>Ricardo Lasca, coordinador nacional del Comit\u00e9, explic\u00f3 a NOTICIASMERCEDINAS.COM que sustentan su pedido en la inexistencia de caminos alternativos y al car\u00e1cter confiscatorio del sistema de doble imposici\u00f3n que suma la recaudaci\u00f3n en las cabinas al impuesto al combustible y las tasas viales.<\/p>\n<p>\u201cLos caminos son de dominio p\u00fablico, no de los gobiernos\u201d, afirm\u00f3 Lasca y advirti\u00f3 que \u201cesto no debe ser llamado peaje; peaje es cuando una empresa construye, termina la obra, y luego recupera la inversi\u00f3n con una tarifa razonable y un camino alternativo\u201d.<\/p>\n<p>\u201cEste es un invento argentino, una especie de aduana interior que afecta a toda la comunidad por el incremento de costos del transporte\u201d, se\u00f1al\u00f3 Lasca, quien integra el CONADUV en representaci\u00f3n del Centro Argentino de Ingenieros Agr\u00f3nomos (CADIA).<\/p>\n<p>\u201cCuando usted compra un sachet de leche est\u00e1 pagando el falso peaje\u201d, subray\u00f3 y lament\u00f3 que \u201cnos castigan, nos sacan plata de todos lados, los bolsillos de la gente no dan m\u00e1s y se nos r\u00eden en la cara\u201d.<\/p>\n<p>El dirigente indic\u00f3 que llegar\u00e1n al reclamo judicial ante la falta de respuestas del Ejecutivo a las propuestas de CONADUV para la implementaci\u00f3n de un Plan Vial sin peajes y tambi\u00e9n a la indiferencia de los legisladores, que \u201ccajonean\u201d las iniciativas.<\/p>\n<p>\u201cNo nos convocan para tomar decisiones, existen alternativas pero buscan la m\u00e1s f\u00e1cil que es esquilmar a la gente y siguen con un r\u00e9gimen que ha sido un fracaso\u201d, dijo y denunci\u00f3 el \u201cfenomenal costo operativo de las estaciones de peaje trucho\u201d.<\/p>\n<p>\u201cAhora vamos a tener que padecer esta estafa de la Participaci\u00f3n P\u00fablico Privada (PPP) para seguir los negocios y negociados con la patria contratista, con los amigos del poder y el club del peaje, los mismos que nos han esquilmado los \u00faltimos 28 a\u00f1os\u201d, destac\u00f3.<\/p>\n","protected":false},"excerpt":{"rendered":"<p>Ricardo Lasca, coordinador del Comit\u00e9 Nacional de Defensa del Usuario Vial, inform\u00f3 que iniciar\u00e1n acciones judiciales por la inconstitucionalidad de los \u201cfalsos peajes\u201d. \u201cSe nos r\u00eden en la cara\u201d, lament\u00f3. El Comit\u00e9 Nacional de Defensa del Usuario Vial (CONADUV) prepara la presentaci\u00f3n de recursos de amparo ante la Justicia reclamando la inconstitucionalidad del sistema de [&hellip;]<\/p>\n","protected":false},"author":3,"featured_media":7547,"comment_status":"open","ping_status":"open","sticky":false,"template":"","format":"standard","meta":{"footnotes":""},"categories":[3],"tags":[1631,889,1972,2369],"class_list":["post-7546","post","type-post","status-publish","format-standard","has-post-thumbnail","hentry","category-sociedad","tag-autovia-5","tag-conaduv","tag-peajes","tag-ricardo-lasca"],"yoast_head":"<!-- This site is optimized with the Yoast SEO plugin v27.5 - https:\/\/yoast.com\/product\/yoast-seo-wordpress\/ -->\n<title>\u201cLos caminos son de dominio p\u00fablico, no de los gobiernos\u201d<\/title>\n<meta name=\"robots\" content=\"index, follow, max-snippet:-1, max-image-preview:large, max-video-preview:-1\" \/>\n<link rel=\"canonical\" href=\"https:\/\/noticiasmercedinas.com\/site\/2018\/11\/24\/los-caminos-son-de-dominio-publico-no-de-los-gobiernos\/\" \/>\n<meta property=\"og:locale\" content=\"es_ES\" \/>\n<meta property=\"og:type\" content=\"article\" \/>\n<meta property=\"og:title\" content=\"\u201cLos caminos son de dominio p\u00fablico, no de los gobiernos\u201d\" \/>\n<meta property=\"og:description\" content=\"Ricardo Lasca, coordinador del Comit\u00e9 Nacional de Defensa del Usuario Vial, inform\u00f3 que iniciar\u00e1n acciones judiciales por la inconstitucionalidad de los \u201cfalsos peajes\u201d. \u201cSe nos r\u00eden en la cara\u201d, lament\u00f3. El Comit\u00e9 Nacional de Defensa del Usuario Vial (CONADUV) prepara la presentaci\u00f3n de recursos de amparo ante la Justicia reclamando la inconstitucionalidad del sistema de [&hellip;]\" \/>\n<meta property=\"og:url\" content=\"https:\/\/noticiasmercedinas.com\/site\/2018\/11\/24\/los-caminos-son-de-dominio-publico-no-de-los-gobiernos\/\" \/>\n<meta property=\"og:site_name\" content=\"NOTICIASMERCEDINAS.COM\" \/>\n<meta property=\"article:publisher\" content=\"https:\/\/www.facebook.com\/noticiasmercedinas\/\" \/>\n<meta property=\"article:published_time\" content=\"2018-11-24T15:08:08+00:00\" \/>\n<meta property=\"og:image\" content=\"https:\/\/noticiasmercedinas.com\/site\/wp-content\/uploads\/2018\/11\/peaje_olivera2.jpg\" \/>\n\t<meta property=\"og:image:width\" content=\"640\" \/>\n\t<meta property=\"og:image:height\" content=\"360\" \/>\n\t<meta property=\"og:image:type\" content=\"image\/jpeg\" \/>\n<meta name=\"author\" content=\"Adrian Terrizzano NOTICIASMERCEDINAS.COM\" \/>\n<meta name=\"twitter:card\" content=\"summary_large_image\" \/>\n<meta name=\"twitter:creator\" content=\"@https:\/\/twitter.com\/AdrianTerri\" \/>\n<meta name=\"twitter:site\" content=\"@notmercedinas\" \/>\n<meta name=\"twitter:label1\" content=\"Escrito por\" \/>\n\t<meta name=\"twitter:data1\" content=\"Adrian Terrizzano NOTICIASMERCEDINAS.COM\" \/>\n\t<meta name=\"twitter:label2\" content=\"Tiempo de lectura\" \/>\n\t<meta name=\"twitter:data2\" content=\"2 minutos\" \/>\n<script type=\"application\/ld+json\" class=\"yoast-schema-graph\">{\"@context\":\"https:\\\/\\\/schema.org\",\"@graph\":[{\"@type\":\"Article\",\"@id\":\"https:\\\/\\\/noticiasmercedinas.com\\\/site\\\/2018\\\/11\\\/24\\\/los-caminos-son-de-dominio-publico-no-de-los-gobiernos\\\/#article\",\"isPartOf\":{\"@id\":\"https:\\\/\\\/noticiasmercedinas.com\\\/site\\\/2018\\\/11\\\/24\\\/los-caminos-son-de-dominio-publico-no-de-los-gobiernos\\\/\"},\"author\":{\"name\":\"Adrian Terrizzano NOTICIASMERCEDINAS.COM\",\"@id\":\"https:\\\/\\\/noticiasmercedinas.com\\\/site\\\/#\\\/schema\\\/person\\\/45cbccca776c0c5524a6d2a8f1b04acd\"},\"headline\":\"\u201cLos caminos son de dominio p\u00fablico, no de los gobiernos\u201d\",\"datePublished\":\"2018-11-24T15:08:08+00:00\",\"mainEntityOfPage\":{\"@id\":\"https:\\\/\\\/noticiasmercedinas.com\\\/site\\\/2018\\\/11\\\/24\\\/los-caminos-son-de-dominio-publico-no-de-los-gobiernos\\\/\"},\"wordCount\":384,\"commentCount\":0,\"publisher\":{\"@id\":\"https:\\\/\\\/noticiasmercedinas.com\\\/site\\\/#organization\"},\"image\":{\"@id\":\"https:\\\/\\\/noticiasmercedinas.com\\\/site\\\/2018\\\/11\\\/24\\\/los-caminos-son-de-dominio-publico-no-de-los-gobiernos\\\/#primaryimage\"},\"thumbnailUrl\":\"https:\\\/\\\/noticiasmercedinas.com\\\/site\\\/wp-content\\\/uploads\\\/2018\\\/11\\\/peaje_olivera2.jpg\",\"keywords\":[\"Autov\u00eda 5\",\"CONADUV\",\"peajes\",\"Ricardo Lasca\"],\"articleSection\":[\"Sociedad\"],\"inLanguage\":\"es\",\"potentialAction\":[{\"@type\":\"CommentAction\",\"name\":\"Comment\",\"target\":[\"https:\\\/\\\/noticiasmercedinas.com\\\/site\\\/2018\\\/11\\\/24\\\/los-caminos-son-de-dominio-publico-no-de-los-gobiernos\\\/#respond\"]}]},{\"@type\":\"WebPage\",\"@id\":\"https:\\\/\\\/noticiasmercedinas.com\\\/site\\\/2018\\\/11\\\/24\\\/los-caminos-son-de-dominio-publico-no-de-los-gobiernos\\\/\",\"url\":\"https:\\\/\\\/noticiasmercedinas.com\\\/site\\\/2018\\\/11\\\/24\\\/los-caminos-son-de-dominio-publico-no-de-los-gobiernos\\\/\",\"name\":\"\u201cLos caminos son de dominio p\u00fablico, no de los gobiernos\u201d\",\"isPartOf\":{\"@id\":\"https:\\\/\\\/noticiasmercedinas.com\\\/site\\\/#website\"},\"primaryImageOfPage\":{\"@id\":\"https:\\\/\\\/noticiasmercedinas.com\\\/site\\\/2018\\\/11\\\/24\\\/los-caminos-son-de-dominio-publico-no-de-los-gobiernos\\\/#primaryimage\"},\"image\":{\"@id\":\"https:\\\/\\\/noticiasmercedinas.com\\\/site\\\/2018\\\/11\\\/24\\\/los-caminos-son-de-dominio-publico-no-de-los-gobiernos\\\/#primaryimage\"},\"thumbnailUrl\":\"https:\\\/\\\/noticiasmercedinas.com\\\/site\\\/wp-content\\\/uploads\\\/2018\\\/11\\\/peaje_olivera2.jpg\",\"datePublished\":\"2018-11-24T15:08:08+00:00\",\"breadcrumb\":{\"@id\":\"https:\\\/\\\/noticiasmercedinas.com\\\/site\\\/2018\\\/11\\\/24\\\/los-caminos-son-de-dominio-publico-no-de-los-gobiernos\\\/#breadcrumb\"},\"inLanguage\":\"es\",\"potentialAction\":[{\"@type\":\"ReadAction\",\"target\":[\"https:\\\/\\\/noticiasmercedinas.com\\\/site\\\/2018\\\/11\\\/24\\\/los-caminos-son-de-dominio-publico-no-de-los-gobiernos\\\/\"]}]},{\"@type\":\"ImageObject\",\"inLanguage\":\"es\",\"@id\":\"https:\\\/\\\/noticiasmercedinas.com\\\/site\\\/2018\\\/11\\\/24\\\/los-caminos-son-de-dominio-publico-no-de-los-gobiernos\\\/#primaryimage\",\"url\":\"https:\\\/\\\/noticiasmercedinas.com\\\/site\\\/wp-content\\\/uploads\\\/2018\\\/11\\\/peaje_olivera2.jpg\",\"contentUrl\":\"https:\\\/\\\/noticiasmercedinas.com\\\/site\\\/wp-content\\\/uploads\\\/2018\\\/11\\\/peaje_olivera2.jpg\",\"width\":640,\"height\":360},{\"@type\":\"BreadcrumbList\",\"@id\":\"https:\\\/\\\/noticiasmercedinas.com\\\/site\\\/2018\\\/11\\\/24\\\/los-caminos-son-de-dominio-publico-no-de-los-gobiernos\\\/#breadcrumb\",\"itemListElement\":[{\"@type\":\"ListItem\",\"position\":1,\"name\":\"Portada\",\"item\":\"https:\\\/\\\/noticiasmercedinas.com\\\/site\\\/\"},{\"@type\":\"ListItem\",\"position\":2,\"name\":\"\u201cLos caminos son de dominio p\u00fablico, no de los gobiernos\u201d\"}]},{\"@type\":\"WebSite\",\"@id\":\"https:\\\/\\\/noticiasmercedinas.com\\\/site\\\/#website\",\"url\":\"https:\\\/\\\/noticiasmercedinas.com\\\/site\\\/\",\"name\":\"NOTICIASMERCEDINAS.COM\",\"description\":\"Mercedes, Buenos Aires, Argentina\",\"publisher\":{\"@id\":\"https:\\\/\\\/noticiasmercedinas.com\\\/site\\\/#organization\"},\"potentialAction\":[{\"@type\":\"SearchAction\",\"target\":{\"@type\":\"EntryPoint\",\"urlTemplate\":\"https:\\\/\\\/noticiasmercedinas.com\\\/site\\\/?s={search_term_string}\"},\"query-input\":{\"@type\":\"PropertyValueSpecification\",\"valueRequired\":true,\"valueName\":\"search_term_string\"}}],\"inLanguage\":\"es\"},{\"@type\":\"Organization\",\"@id\":\"https:\\\/\\\/noticiasmercedinas.com\\\/site\\\/#organization\",\"name\":\"NOTICIASMERCEDINAS.COM\",\"url\":\"https:\\\/\\\/noticiasmercedinas.com\\\/site\\\/\",\"logo\":{\"@type\":\"ImageObject\",\"inLanguage\":\"es\",\"@id\":\"https:\\\/\\\/noticiasmercedinas.com\\\/site\\\/#\\\/schema\\\/logo\\\/image\\\/\",\"url\":\"https:\\\/\\\/noticiasmercedinas.com\\\/site\\\/wp-content\\\/uploads\\\/2020\\\/06\\\/LOGO-512.jpg\",\"contentUrl\":\"https:\\\/\\\/noticiasmercedinas.com\\\/site\\\/wp-content\\\/uploads\\\/2020\\\/06\\\/LOGO-512.jpg\",\"width\":512,\"height\":512,\"caption\":\"NOTICIASMERCEDINAS.COM\"},\"image\":{\"@id\":\"https:\\\/\\\/noticiasmercedinas.com\\\/site\\\/#\\\/schema\\\/logo\\\/image\\\/\"},\"sameAs\":[\"https:\\\/\\\/www.facebook.com\\\/noticiasmercedinas\\\/\",\"https:\\\/\\\/x.com\\\/notmercedinas\",\"https:\\\/\\\/www.instagram.com\\\/noticiasmercedinas\\\/\"]},{\"@type\":\"Person\",\"@id\":\"https:\\\/\\\/noticiasmercedinas.com\\\/site\\\/#\\\/schema\\\/person\\\/45cbccca776c0c5524a6d2a8f1b04acd\",\"name\":\"Adrian Terrizzano NOTICIASMERCEDINAS.COM\",\"image\":{\"@type\":\"ImageObject\",\"inLanguage\":\"es\",\"@id\":\"https:\\\/\\\/secure.gravatar.com\\\/avatar\\\/9bfd6dcfcf5cc28d74f7cefd9e87a6220d73f42949c5456b2b67674334db8bee?s=96&d=mm&r=g\",\"url\":\"https:\\\/\\\/secure.gravatar.com\\\/avatar\\\/9bfd6dcfcf5cc28d74f7cefd9e87a6220d73f42949c5456b2b67674334db8bee?s=96&d=mm&r=g\",\"contentUrl\":\"https:\\\/\\\/secure.gravatar.com\\\/avatar\\\/9bfd6dcfcf5cc28d74f7cefd9e87a6220d73f42949c5456b2b67674334db8bee?s=96&d=mm&r=g\",\"caption\":\"Adrian Terrizzano NOTICIASMERCEDINAS.COM\"},\"description\":\"Periodista experimentado. Aprendi\u00f3 el oficio en medios gr\u00e1ficos y digitales, comerciales, institucionales y comunitarios, radio y televisi\u00f3n. Actualmente en Noticias Mercedinas, Radio L\u00edder de Luj\u00e1n y Centro de Producci\u00f3n Audiovisual UNLu.\",\"sameAs\":[\"https:\\\/\\\/www.linkedin.com\\\/in\\\/adri\u00e1n-terrizzano-53795630\\\/\",\"https:\\\/\\\/x.com\\\/https:\\\/\\\/twitter.com\\\/AdrianTerri\"],\"url\":\"https:\\\/\\\/noticiasmercedinas.com\\\/site\\\/author\\\/adrian-terrizzano\\\/\"}]}<\/script>\n<!-- \/ Yoast SEO plugin. -->","yoast_head_json":{"title":"\u201cLos caminos son de dominio p\u00fablico, no de los gobiernos\u201d","robots":{"index":"index","follow":"follow","max-snippet":"max-snippet:-1","max-image-preview":"max-image-preview:large","max-video-preview":"max-video-preview:-1"},"canonical":"https:\/\/noticiasmercedinas.com\/site\/2018\/11\/24\/los-caminos-son-de-dominio-publico-no-de-los-gobiernos\/","og_locale":"es_ES","og_type":"article","og_title":"\u201cLos caminos son de dominio p\u00fablico, no de los gobiernos\u201d","og_description":"Ricardo Lasca, coordinador del Comit\u00e9 Nacional de Defensa del Usuario Vial, inform\u00f3 que iniciar\u00e1n acciones judiciales por la inconstitucionalidad de los \u201cfalsos peajes\u201d. \u201cSe nos r\u00eden en la cara\u201d, lament\u00f3. El Comit\u00e9 Nacional de Defensa del Usuario Vial (CONADUV) prepara la presentaci\u00f3n de recursos de amparo ante la Justicia reclamando la inconstitucionalidad del sistema de [&hellip;]","og_url":"https:\/\/noticiasmercedinas.com\/site\/2018\/11\/24\/los-caminos-son-de-dominio-publico-no-de-los-gobiernos\/","og_site_name":"NOTICIASMERCEDINAS.COM","article_publisher":"https:\/\/www.facebook.com\/noticiasmercedinas\/","article_published_time":"2018-11-24T15:08:08+00:00","og_image":[{"width":640,"height":360,"url":"https:\/\/noticiasmercedinas.com\/site\/wp-content\/uploads\/2018\/11\/peaje_olivera2.jpg","type":"image\/jpeg"}],"author":"Adrian Terrizzano NOTICIASMERCEDINAS.COM","twitter_card":"summary_large_image","twitter_creator":"@https:\/\/twitter.com\/AdrianTerri","twitter_site":"@notmercedinas","twitter_misc":{"Escrito por":"Adrian Terrizzano NOTICIASMERCEDINAS.COM","Tiempo de lectura":"2 minutos"},"schema":{"@context":"https:\/\/schema.org","@graph":[{"@type":"Article","@id":"https:\/\/noticiasmercedinas.com\/site\/2018\/11\/24\/los-caminos-son-de-dominio-publico-no-de-los-gobiernos\/#article","isPartOf":{"@id":"https:\/\/noticiasmercedinas.com\/site\/2018\/11\/24\/los-caminos-son-de-dominio-publico-no-de-los-gobiernos\/"},"author":{"name":"Adrian Terrizzano NOTICIASMERCEDINAS.COM","@id":"https:\/\/noticiasmercedinas.com\/site\/#\/schema\/person\/45cbccca776c0c5524a6d2a8f1b04acd"},"headline":"\u201cLos caminos son de dominio p\u00fablico, no de los gobiernos\u201d","datePublished":"2018-11-24T15:08:08+00:00","mainEntityOfPage":{"@id":"https:\/\/noticiasmercedinas.com\/site\/2018\/11\/24\/los-caminos-son-de-dominio-publico-no-de-los-gobiernos\/"},"wordCount":384,"commentCount":0,"publisher":{"@id":"https:\/\/noticiasmercedinas.com\/site\/#organization"},"image":{"@id":"https:\/\/noticiasmercedinas.com\/site\/2018\/11\/24\/los-caminos-son-de-dominio-publico-no-de-los-gobiernos\/#primaryimage"},"thumbnailUrl":"https:\/\/noticiasmercedinas.com\/site\/wp-content\/uploads\/2018\/11\/peaje_olivera2.jpg","keywords":["Autov\u00eda 5","CONADUV","peajes","Ricardo Lasca"],"articleSection":["Sociedad"],"inLanguage":"es","potentialAction":[{"@type":"CommentAction","name":"Comment","target":["https:\/\/noticiasmercedinas.com\/site\/2018\/11\/24\/los-caminos-son-de-dominio-publico-no-de-los-gobiernos\/#respond"]}]},{"@type":"WebPage","@id":"https:\/\/noticiasmercedinas.com\/site\/2018\/11\/24\/los-caminos-son-de-dominio-publico-no-de-los-gobiernos\/","url":"https:\/\/noticiasmercedinas.com\/site\/2018\/11\/24\/los-caminos-son-de-dominio-publico-no-de-los-gobiernos\/","name":"\u201cLos caminos son de dominio p\u00fablico, no de los gobiernos\u201d","isPartOf":{"@id":"https:\/\/noticiasmercedinas.com\/site\/#website"},"primaryImageOfPage":{"@id":"https:\/\/noticiasmercedinas.com\/site\/2018\/11\/24\/los-caminos-son-de-dominio-publico-no-de-los-gobiernos\/#primaryimage"},"image":{"@id":"https:\/\/noticiasmercedinas.com\/site\/2018\/11\/24\/los-caminos-son-de-dominio-publico-no-de-los-gobiernos\/#primaryimage"},"thumbnailUrl":"https:\/\/noticiasmercedinas.com\/site\/wp-content\/uploads\/2018\/11\/peaje_olivera2.jpg","datePublished":"2018-11-24T15:08:08+00:00","breadcrumb":{"@id":"https:\/\/noticiasmercedinas.com\/site\/2018\/11\/24\/los-caminos-son-de-dominio-publico-no-de-los-gobiernos\/#breadcrumb"},"inLanguage":"es","potentialAction":[{"@type":"ReadAction","target":["https:\/\/noticiasmercedinas.com\/site\/2018\/11\/24\/los-caminos-son-de-dominio-publico-no-de-los-gobiernos\/"]}]},{"@type":"ImageObject","inLanguage":"es","@id":"https:\/\/noticiasmercedinas.com\/site\/2018\/11\/24\/los-caminos-son-de-dominio-publico-no-de-los-gobiernos\/#primaryimage","url":"https:\/\/noticiasmercedinas.com\/site\/wp-content\/uploads\/2018\/11\/peaje_olivera2.jpg","contentUrl":"https:\/\/noticiasmercedinas.com\/site\/wp-content\/uploads\/2018\/11\/peaje_olivera2.jpg","width":640,"height":360},{"@type":"BreadcrumbList","@id":"https:\/\/noticiasmercedinas.com\/site\/2018\/11\/24\/los-caminos-son-de-dominio-publico-no-de-los-gobiernos\/#breadcrumb","itemListElement":[{"@type":"ListItem","position":1,"name":"Portada","item":"https:\/\/noticiasmercedinas.com\/site\/"},{"@type":"ListItem","position":2,"name":"\u201cLos caminos son de dominio p\u00fablico, no de los gobiernos\u201d"}]},{"@type":"WebSite","@id":"https:\/\/noticiasmercedinas.com\/site\/#website","url":"https:\/\/noticiasmercedinas.com\/site\/","name":"NOTICIASMERCEDINAS.COM","description":"Mercedes, Buenos Aires, Argentina","publisher":{"@id":"https:\/\/noticiasmercedinas.com\/site\/#organization"},"potentialAction":[{"@type":"SearchAction","target":{"@type":"EntryPoint","urlTemplate":"https:\/\/noticiasmercedinas.com\/site\/?s={search_term_string}"},"query-input":{"@type":"PropertyValueSpecification","valueRequired":true,"valueName":"search_term_string"}}],"inLanguage":"es"},{"@type":"Organization","@id":"https:\/\/noticiasmercedinas.com\/site\/#organization","name":"NOTICIASMERCEDINAS.COM","url":"https:\/\/noticiasmercedinas.com\/site\/","logo":{"@type":"ImageObject","inLanguage":"es","@id":"https:\/\/noticiasmercedinas.com\/site\/#\/schema\/logo\/image\/","url":"https:\/\/noticiasmercedinas.com\/site\/wp-content\/uploads\/2020\/06\/LOGO-512.jpg","contentUrl":"https:\/\/noticiasmercedinas.com\/site\/wp-content\/uploads\/2020\/06\/LOGO-512.jpg","width":512,"height":512,"caption":"NOTICIASMERCEDINAS.COM"},"image":{"@id":"https:\/\/noticiasmercedinas.com\/site\/#\/schema\/logo\/image\/"},"sameAs":["https:\/\/www.facebook.com\/noticiasmercedinas\/","https:\/\/x.com\/notmercedinas","https:\/\/www.instagram.com\/noticiasmercedinas\/"]},{"@type":"Person","@id":"https:\/\/noticiasmercedinas.com\/site\/#\/schema\/person\/45cbccca776c0c5524a6d2a8f1b04acd","name":"Adrian Terrizzano NOTICIASMERCEDINAS.COM","image":{"@type":"ImageObject","inLanguage":"es","@id":"https:\/\/secure.gravatar.com\/avatar\/9bfd6dcfcf5cc28d74f7cefd9e87a6220d73f42949c5456b2b67674334db8bee?s=96&d=mm&r=g","url":"https:\/\/secure.gravatar.com\/avatar\/9bfd6dcfcf5cc28d74f7cefd9e87a6220d73f42949c5456b2b67674334db8bee?s=96&d=mm&r=g","contentUrl":"https:\/\/secure.gravatar.com\/avatar\/9bfd6dcfcf5cc28d74f7cefd9e87a6220d73f42949c5456b2b67674334db8bee?s=96&d=mm&r=g","caption":"Adrian Terrizzano NOTICIASMERCEDINAS.COM"},"description":"Periodista experimentado. Aprendi\u00f3 el oficio en medios gr\u00e1ficos y digitales, comerciales, institucionales y comunitarios, radio y televisi\u00f3n. Actualmente en Noticias Mercedinas, Radio L\u00edder de Luj\u00e1n y Centro de Producci\u00f3n Audiovisual UNLu.","sameAs":["https:\/\/www.linkedin.com\/in\/adri\u00e1n-terrizzano-53795630\/","https:\/\/x.com\/https:\/\/twitter.com\/AdrianTerri"],"url":"https:\/\/noticiasmercedinas.com\/site\/author\/adrian-terrizzano\/"}]}},"amp_enabled":true,"_links":{"self":[{"href":"https:\/\/noticiasmercedinas.com\/site\/wp-json\/wp\/v2\/posts\/7546","targetHints":{"allow":["GET"]}}],"collection":[{"href":"https:\/\/noticiasmercedinas.com\/site\/wp-json\/wp\/v2\/posts"}],"about":[{"href":"https:\/\/noticiasmercedinas.com\/site\/wp-json\/wp\/v2\/types\/post"}],"author":[{"embeddable":true,"href":"https:\/\/noticiasmercedinas.com\/site\/wp-json\/wp\/v2\/users\/3"}],"replies":[{"embeddable":true,"href":"https:\/\/noticiasmercedinas.com\/site\/wp-json\/wp\/v2\/comments?post=7546"}],"version-history":[{"count":1,"href":"https:\/\/noticiasmercedinas.com\/site\/wp-json\/wp\/v2\/posts\/7546\/revisions"}],"predecessor-version":[{"id":7548,"href":"https:\/\/noticiasmercedinas.com\/site\/wp-json\/wp\/v2\/posts\/7546\/revisions\/7548"}],"wp:featuredmedia":[{"embeddable":true,"href":"https:\/\/noticiasmercedinas.com\/site\/wp-json\/wp\/v2\/media\/7547"}],"wp:attachment":[{"href":"https:\/\/noticiasmercedinas.com\/site\/wp-json\/wp\/v2\/media?parent=7546"}],"wp:term":[{"taxonomy":"category","embeddable":true,"href":"https:\/\/noticiasmercedinas.com\/site\/wp-json\/wp\/v2\/categories?post=7546"},{"taxonomy":"post_tag","embeddable":true,"href":"https:\/\/noticiasmercedinas.com\/site\/wp-json\/wp\/v2\/tags?post=7546"}],"curies":[{"name":"wp","href":"https:\/\/api.w.org\/{rel}","templated":true}]}}