{"id":75920,"date":"2021-09-29T08:46:28","date_gmt":"2021-09-29T11:46:28","guid":{"rendered":"https:\/\/noticiasmercedinas.com\/site\/?p=75920"},"modified":"2021-09-29T08:46:28","modified_gmt":"2021-09-29T11:46:28","slug":"consejos-para-el-cuidado-de-los-recien-nacidos","status":"publish","type":"post","link":"https:\/\/noticiasmercedinas.com\/site\/2021\/09\/29\/consejos-para-el-cuidado-de-los-recien-nacidos\/","title":{"rendered":"Consejos para el cuidado de los reci\u00e9n nacidos"},"content":{"rendered":"<p><img loading=\"lazy\" decoding=\"async\" class=\"alignnone size-full wp-image-75921\" src=\"https:\/\/noticiasmercedinas.com\/site\/wp-content\/uploads\/2021\/09\/Depositphotos_162200256_s-2019.jpg\" alt=\"\" width=\"640\" height=\"427\" srcset=\"https:\/\/noticiasmercedinas.com\/site\/wp-content\/uploads\/2021\/09\/Depositphotos_162200256_s-2019.jpg 640w, https:\/\/noticiasmercedinas.com\/site\/wp-content\/uploads\/2021\/09\/Depositphotos_162200256_s-2019-300x200.jpg 300w\" sizes=\"auto, (max-width: 640px) 100vw, 640px\" \/><\/p>\n<p>La llegada del nuevo integrante, y m\u00e1s si es el primero, genera muchas inquietudes y dudas en los padres. Al verse solos con el beb\u00e9 ya en casa, aparecen los temores e inseguridades.<\/p>\n<p>Las intranquilidades m\u00e1s comunes tienen que ver con el cuidado del reci\u00e9n nacido: cu\u00e1ndo y c\u00f3mo se cortan las u\u00f1as, cada cu\u00e1nto y c\u00f3mo ba\u00f1arlos, c\u00f3mo mantener la piel del beb\u00e9 sin paspaduras, etc.<\/p>\n<p>Lee este art\u00edculo para despejar todas las dudas con respecto al cuidado de los reci\u00e9n nacidos en la casa.<\/p>\n<ul>\n<li>El cord\u00f3n umbilical: cuando el cord\u00f3n deja de recibir sangre de la mam\u00e1, comienza a petrificarse y caerse, pero hay que curarlo para que no se infecte. Seguramente en el hospital te dir\u00e1n c\u00f3mo hacerlo, pero hay muchos que dicen que algunas opciones no son tan eficaces como otras. Esto es un mito, hay un estudio de la OMS que se realiz\u00f3 con reci\u00e9n nacidos que revela que cualquier m\u00e9todo de los recomendados (en seco o con ayuda de un antis\u00e9ptico) es efectivo. Lo que hay que tener en cuenta es que el aspecto del cord\u00f3n luzca siempre normal, si supura, debes llevar a tu beb\u00e9 con un m\u00e9dico.<\/li>\n<li>La ropa: otra de las preguntas que siempre se hacen los pap\u00e1s es si abrigarlos o no. Durante los primeros d\u00edas es conveniente mantener al beb\u00e9 abrigado, porque reci\u00e9n sale del \u00fatero de su madre y es bastante el cambio de temperatura. Hay que tener en cuenta no abrigarlos de m\u00e1s. Cuando comienzan a pasar los d\u00edas, se recomienda utilizar una capa m\u00e1s que nosotros: la cantidad de ropa que tenemos puesta, pero con otra capa m\u00e1s. Otro aspecto muy importante es que la <a href=\"https:\/\/mundoinfantil.ar\/\">Ropa de Beb\u00e9<\/a> sea confortable y en lo posible de algod\u00f3n, para poder evitar alg\u00fan sarpullido o picaz\u00f3n molesta en la piel sensible que tienen los reci\u00e9n nacidos.<\/li>\n<li>El ba\u00f1o: no es necesario ba\u00f1ar al beb\u00e9 todos los d\u00edas. El ba\u00f1o reseca la piel, saca las bacterias naturales y esto puede provocar infecciones cut\u00e1neas. Lo ideal es ba\u00f1ar al beb\u00e9 cada dos o tres d\u00edas, el d\u00eda que no lo ba\u00f1amos debemos higienizar la zona del pa\u00f1al con agua y jab\u00f3n. Tambi\u00e9n hay que tener en cuenta que cuando ba\u00f1amos a nuestro beb\u00e9, hay que secarlo mucho, sobre todo en la zona de los pliegues, y vestirlo r\u00e1pido, para que no pase fr\u00edo ni se enferme.<\/li>\n<li>Las u\u00f1as: no hay una edad determinada para comenzar a cortarle las u\u00f1as a un beb\u00e9, simplemente cuando notamos que est\u00e1n largas, podemos cortarlas. Debemos tratar de que el beb\u00e9 se encuentre tranquilo, y podemos cortar con tijeras redondeadas o utilizar una lima para evitar cortes de m\u00e1s.<\/li>\n<li>Orejas, ojos y nariz: en caso de que sea necesario limpiar estas zonas, se debe hacer cuidadosamente. En los lagrimales suelen acumularse laga\u00f1as que podemos quitar suavemente con suero y gasa, desde adentro hacia afuera, para que no ingresen bacterias. Con la cera en los o\u00eddos pasa lo mismo, s\u00f3lo debemos limpiar lo que se ve, sin introducir ning\u00fan hisopo, y por \u00faltimo, para quitar los mocos que molestan al respirar es recomendable utilizar suero fisiol\u00f3gico, de a gotitas para que vaya actuando y desprendiendo cualquier obstrucci\u00f3n.<\/li>\n<\/ul>\n<p>Esperamos que les sea \u00fatil esta informaci\u00f3n sobre los cuidados de los m\u00e1s peque\u00f1os de la casa. De todos modos, a los padres primerizos, les recomendamos que est\u00e9n tranquilos, poco a poco comenzar\u00e1n a entender qu\u00e9 es lo que necesita su beb\u00e9 y en qu\u00e9 momento.<\/p>\n<p>\u00a1Mucha suerte y hasta la pr\u00f3xima!<\/p>\n","protected":false},"excerpt":{"rendered":"<p>La llegada del nuevo integrante, y m\u00e1s si es el primero, genera muchas inquietudes y dudas en los padres. Al verse solos con el beb\u00e9 ya en casa, aparecen los temores e inseguridades. Las intranquilidades m\u00e1s comunes tienen que ver con el cuidado del reci\u00e9n nacido: cu\u00e1ndo y c\u00f3mo se cortan las u\u00f1as, cada cu\u00e1nto [&hellip;]<\/p>\n","protected":false},"author":16,"featured_media":75921,"comment_status":"open","ping_status":"open","sticky":false,"template":"","format":"standard","meta":{"footnotes":""},"categories":[8992],"tags":[7841,4052,12922],"class_list":["post-75920","post","type-post","status-publish","format-standard","has-post-thumbnail","hentry","category-bienestar","tag-bebe","tag-recien-nacido","tag-ropa-de-bebe"],"yoast_head":"<!-- This site is optimized with the Yoast SEO plugin v27.5 - https:\/\/yoast.com\/product\/yoast-seo-wordpress\/ -->\n<title>Consejos para el cuidado de los reci\u00e9n nacidos<\/title>\n<meta name=\"robots\" content=\"index, follow, max-snippet:-1, max-image-preview:large, max-video-preview:-1\" \/>\n<link rel=\"canonical\" href=\"https:\/\/noticiasmercedinas.com\/site\/2021\/09\/29\/consejos-para-el-cuidado-de-los-recien-nacidos\/\" \/>\n<meta property=\"og:locale\" content=\"es_ES\" \/>\n<meta property=\"og:type\" content=\"article\" \/>\n<meta property=\"og:title\" content=\"Consejos para el cuidado de los reci\u00e9n nacidos\" \/>\n<meta property=\"og:description\" content=\"La llegada del nuevo integrante, y m\u00e1s si es el primero, genera muchas inquietudes y dudas en los padres. Al verse solos con el beb\u00e9 ya en casa, aparecen los temores e inseguridades. Las intranquilidades m\u00e1s comunes tienen que ver con el cuidado del reci\u00e9n nacido: cu\u00e1ndo y c\u00f3mo se cortan las u\u00f1as, cada cu\u00e1nto [&hellip;]\" \/>\n<meta property=\"og:url\" content=\"https:\/\/noticiasmercedinas.com\/site\/2021\/09\/29\/consejos-para-el-cuidado-de-los-recien-nacidos\/\" \/>\n<meta property=\"og:site_name\" content=\"NOTICIASMERCEDINAS.COM\" \/>\n<meta property=\"article:publisher\" content=\"https:\/\/www.facebook.com\/noticiasmercedinas\/\" \/>\n<meta property=\"article:published_time\" content=\"2021-09-29T11:46:28+00:00\" \/>\n<meta property=\"og:image\" content=\"https:\/\/noticiasmercedinas.com\/site\/wp-content\/uploads\/2021\/09\/Depositphotos_162200256_s-2019.jpg\" \/>\n\t<meta property=\"og:image:width\" content=\"640\" \/>\n\t<meta property=\"og:image:height\" content=\"427\" \/>\n\t<meta property=\"og:image:type\" content=\"image\/jpeg\" \/>\n<meta name=\"author\" content=\"NOTICIASMERCEDINAS.COM\" \/>\n<meta name=\"twitter:card\" content=\"summary_large_image\" \/>\n<meta name=\"twitter:creator\" content=\"@notmercedinas\" \/>\n<meta name=\"twitter:site\" content=\"@notmercedinas\" \/>\n<meta name=\"twitter:label1\" content=\"Escrito por\" \/>\n\t<meta name=\"twitter:data1\" content=\"NOTICIASMERCEDINAS.COM\" \/>\n\t<meta name=\"twitter:label2\" content=\"Tiempo de lectura\" \/>\n\t<meta name=\"twitter:data2\" content=\"3 minutos\" \/>\n<script type=\"application\/ld+json\" class=\"yoast-schema-graph\">{\"@context\":\"https:\\\/\\\/schema.org\",\"@graph\":[{\"@type\":\"Article\",\"@id\":\"https:\\\/\\\/noticiasmercedinas.com\\\/site\\\/2021\\\/09\\\/29\\\/consejos-para-el-cuidado-de-los-recien-nacidos\\\/#article\",\"isPartOf\":{\"@id\":\"https:\\\/\\\/noticiasmercedinas.com\\\/site\\\/2021\\\/09\\\/29\\\/consejos-para-el-cuidado-de-los-recien-nacidos\\\/\"},\"author\":{\"name\":\"NOTICIASMERCEDINAS.COM\",\"@id\":\"https:\\\/\\\/noticiasmercedinas.com\\\/site\\\/#\\\/schema\\\/person\\\/84b59c099c28ff2e8b77d4ceec5d8063\"},\"headline\":\"Consejos para el cuidado de los reci\u00e9n nacidos\",\"datePublished\":\"2021-09-29T11:46:28+00:00\",\"mainEntityOfPage\":{\"@id\":\"https:\\\/\\\/noticiasmercedinas.com\\\/site\\\/2021\\\/09\\\/29\\\/consejos-para-el-cuidado-de-los-recien-nacidos\\\/\"},\"wordCount\":654,\"commentCount\":0,\"publisher\":{\"@id\":\"https:\\\/\\\/noticiasmercedinas.com\\\/site\\\/#organization\"},\"image\":{\"@id\":\"https:\\\/\\\/noticiasmercedinas.com\\\/site\\\/2021\\\/09\\\/29\\\/consejos-para-el-cuidado-de-los-recien-nacidos\\\/#primaryimage\"},\"thumbnailUrl\":\"https:\\\/\\\/noticiasmercedinas.com\\\/site\\\/wp-content\\\/uploads\\\/2021\\\/09\\\/Depositphotos_162200256_s-2019.jpg\",\"keywords\":[\"beb\u00e9\",\"recien nacido\",\"ropa de bebe\"],\"articleSection\":[\"Bienestar\"],\"inLanguage\":\"es\",\"potentialAction\":[{\"@type\":\"CommentAction\",\"name\":\"Comment\",\"target\":[\"https:\\\/\\\/noticiasmercedinas.com\\\/site\\\/2021\\\/09\\\/29\\\/consejos-para-el-cuidado-de-los-recien-nacidos\\\/#respond\"]}]},{\"@type\":\"WebPage\",\"@id\":\"https:\\\/\\\/noticiasmercedinas.com\\\/site\\\/2021\\\/09\\\/29\\\/consejos-para-el-cuidado-de-los-recien-nacidos\\\/\",\"url\":\"https:\\\/\\\/noticiasmercedinas.com\\\/site\\\/2021\\\/09\\\/29\\\/consejos-para-el-cuidado-de-los-recien-nacidos\\\/\",\"name\":\"Consejos para el cuidado de los reci\u00e9n nacidos\",\"isPartOf\":{\"@id\":\"https:\\\/\\\/noticiasmercedinas.com\\\/site\\\/#website\"},\"primaryImageOfPage\":{\"@id\":\"https:\\\/\\\/noticiasmercedinas.com\\\/site\\\/2021\\\/09\\\/29\\\/consejos-para-el-cuidado-de-los-recien-nacidos\\\/#primaryimage\"},\"image\":{\"@id\":\"https:\\\/\\\/noticiasmercedinas.com\\\/site\\\/2021\\\/09\\\/29\\\/consejos-para-el-cuidado-de-los-recien-nacidos\\\/#primaryimage\"},\"thumbnailUrl\":\"https:\\\/\\\/noticiasmercedinas.com\\\/site\\\/wp-content\\\/uploads\\\/2021\\\/09\\\/Depositphotos_162200256_s-2019.jpg\",\"datePublished\":\"2021-09-29T11:46:28+00:00\",\"breadcrumb\":{\"@id\":\"https:\\\/\\\/noticiasmercedinas.com\\\/site\\\/2021\\\/09\\\/29\\\/consejos-para-el-cuidado-de-los-recien-nacidos\\\/#breadcrumb\"},\"inLanguage\":\"es\",\"potentialAction\":[{\"@type\":\"ReadAction\",\"target\":[\"https:\\\/\\\/noticiasmercedinas.com\\\/site\\\/2021\\\/09\\\/29\\\/consejos-para-el-cuidado-de-los-recien-nacidos\\\/\"]}]},{\"@type\":\"ImageObject\",\"inLanguage\":\"es\",\"@id\":\"https:\\\/\\\/noticiasmercedinas.com\\\/site\\\/2021\\\/09\\\/29\\\/consejos-para-el-cuidado-de-los-recien-nacidos\\\/#primaryimage\",\"url\":\"https:\\\/\\\/noticiasmercedinas.com\\\/site\\\/wp-content\\\/uploads\\\/2021\\\/09\\\/Depositphotos_162200256_s-2019.jpg\",\"contentUrl\":\"https:\\\/\\\/noticiasmercedinas.com\\\/site\\\/wp-content\\\/uploads\\\/2021\\\/09\\\/Depositphotos_162200256_s-2019.jpg\",\"width\":640,\"height\":427},{\"@type\":\"BreadcrumbList\",\"@id\":\"https:\\\/\\\/noticiasmercedinas.com\\\/site\\\/2021\\\/09\\\/29\\\/consejos-para-el-cuidado-de-los-recien-nacidos\\\/#breadcrumb\",\"itemListElement\":[{\"@type\":\"ListItem\",\"position\":1,\"name\":\"Portada\",\"item\":\"https:\\\/\\\/noticiasmercedinas.com\\\/site\\\/\"},{\"@type\":\"ListItem\",\"position\":2,\"name\":\"Consejos para el cuidado de los reci\u00e9n nacidos\"}]},{\"@type\":\"WebSite\",\"@id\":\"https:\\\/\\\/noticiasmercedinas.com\\\/site\\\/#website\",\"url\":\"https:\\\/\\\/noticiasmercedinas.com\\\/site\\\/\",\"name\":\"NOTICIASMERCEDINAS.COM\",\"description\":\"Mercedes, Buenos Aires, Argentina\",\"publisher\":{\"@id\":\"https:\\\/\\\/noticiasmercedinas.com\\\/site\\\/#organization\"},\"potentialAction\":[{\"@type\":\"SearchAction\",\"target\":{\"@type\":\"EntryPoint\",\"urlTemplate\":\"https:\\\/\\\/noticiasmercedinas.com\\\/site\\\/?s={search_term_string}\"},\"query-input\":{\"@type\":\"PropertyValueSpecification\",\"valueRequired\":true,\"valueName\":\"search_term_string\"}}],\"inLanguage\":\"es\"},{\"@type\":\"Organization\",\"@id\":\"https:\\\/\\\/noticiasmercedinas.com\\\/site\\\/#organization\",\"name\":\"NOTICIASMERCEDINAS.COM\",\"url\":\"https:\\\/\\\/noticiasmercedinas.com\\\/site\\\/\",\"logo\":{\"@type\":\"ImageObject\",\"inLanguage\":\"es\",\"@id\":\"https:\\\/\\\/noticiasmercedinas.com\\\/site\\\/#\\\/schema\\\/logo\\\/image\\\/\",\"url\":\"https:\\\/\\\/noticiasmercedinas.com\\\/site\\\/wp-content\\\/uploads\\\/2020\\\/06\\\/LOGO-512.jpg\",\"contentUrl\":\"https:\\\/\\\/noticiasmercedinas.com\\\/site\\\/wp-content\\\/uploads\\\/2020\\\/06\\\/LOGO-512.jpg\",\"width\":512,\"height\":512,\"caption\":\"NOTICIASMERCEDINAS.COM\"},\"image\":{\"@id\":\"https:\\\/\\\/noticiasmercedinas.com\\\/site\\\/#\\\/schema\\\/logo\\\/image\\\/\"},\"sameAs\":[\"https:\\\/\\\/www.facebook.com\\\/noticiasmercedinas\\\/\",\"https:\\\/\\\/x.com\\\/notmercedinas\",\"https:\\\/\\\/www.instagram.com\\\/noticiasmercedinas\\\/\"]},{\"@type\":\"Person\",\"@id\":\"https:\\\/\\\/noticiasmercedinas.com\\\/site\\\/#\\\/schema\\\/person\\\/84b59c099c28ff2e8b77d4ceec5d8063\",\"name\":\"NOTICIASMERCEDINAS.COM\",\"image\":{\"@type\":\"ImageObject\",\"inLanguage\":\"es\",\"@id\":\"https:\\\/\\\/secure.gravatar.com\\\/avatar\\\/4dfbf16b4d17945bfb6341b2d19043457132fcf478a5ee04f42e959fd8f5df0a?s=96&d=mm&r=g\",\"url\":\"https:\\\/\\\/secure.gravatar.com\\\/avatar\\\/4dfbf16b4d17945bfb6341b2d19043457132fcf478a5ee04f42e959fd8f5df0a?s=96&d=mm&r=g\",\"contentUrl\":\"https:\\\/\\\/secure.gravatar.com\\\/avatar\\\/4dfbf16b4d17945bfb6341b2d19043457132fcf478a5ee04f42e959fd8f5df0a?s=96&d=mm&r=g\",\"caption\":\"NOTICIASMERCEDINAS.COM\"},\"url\":\"https:\\\/\\\/noticiasmercedinas.com\\\/site\\\/author\\\/anonimo\\\/\"}]}<\/script>\n<!-- \/ Yoast SEO plugin. -->","yoast_head_json":{"title":"Consejos para el cuidado de los reci\u00e9n nacidos","robots":{"index":"index","follow":"follow","max-snippet":"max-snippet:-1","max-image-preview":"max-image-preview:large","max-video-preview":"max-video-preview:-1"},"canonical":"https:\/\/noticiasmercedinas.com\/site\/2021\/09\/29\/consejos-para-el-cuidado-de-los-recien-nacidos\/","og_locale":"es_ES","og_type":"article","og_title":"Consejos para el cuidado de los reci\u00e9n nacidos","og_description":"La llegada del nuevo integrante, y m\u00e1s si es el primero, genera muchas inquietudes y dudas en los padres. Al verse solos con el beb\u00e9 ya en casa, aparecen los temores e inseguridades. Las intranquilidades m\u00e1s comunes tienen que ver con el cuidado del reci\u00e9n nacido: cu\u00e1ndo y c\u00f3mo se cortan las u\u00f1as, cada cu\u00e1nto [&hellip;]","og_url":"https:\/\/noticiasmercedinas.com\/site\/2021\/09\/29\/consejos-para-el-cuidado-de-los-recien-nacidos\/","og_site_name":"NOTICIASMERCEDINAS.COM","article_publisher":"https:\/\/www.facebook.com\/noticiasmercedinas\/","article_published_time":"2021-09-29T11:46:28+00:00","og_image":[{"width":640,"height":427,"url":"https:\/\/noticiasmercedinas.com\/site\/wp-content\/uploads\/2021\/09\/Depositphotos_162200256_s-2019.jpg","type":"image\/jpeg"}],"author":"NOTICIASMERCEDINAS.COM","twitter_card":"summary_large_image","twitter_creator":"@notmercedinas","twitter_site":"@notmercedinas","twitter_misc":{"Escrito por":"NOTICIASMERCEDINAS.COM","Tiempo de lectura":"3 minutos"},"schema":{"@context":"https:\/\/schema.org","@graph":[{"@type":"Article","@id":"https:\/\/noticiasmercedinas.com\/site\/2021\/09\/29\/consejos-para-el-cuidado-de-los-recien-nacidos\/#article","isPartOf":{"@id":"https:\/\/noticiasmercedinas.com\/site\/2021\/09\/29\/consejos-para-el-cuidado-de-los-recien-nacidos\/"},"author":{"name":"NOTICIASMERCEDINAS.COM","@id":"https:\/\/noticiasmercedinas.com\/site\/#\/schema\/person\/84b59c099c28ff2e8b77d4ceec5d8063"},"headline":"Consejos para el cuidado de los reci\u00e9n nacidos","datePublished":"2021-09-29T11:46:28+00:00","mainEntityOfPage":{"@id":"https:\/\/noticiasmercedinas.com\/site\/2021\/09\/29\/consejos-para-el-cuidado-de-los-recien-nacidos\/"},"wordCount":654,"commentCount":0,"publisher":{"@id":"https:\/\/noticiasmercedinas.com\/site\/#organization"},"image":{"@id":"https:\/\/noticiasmercedinas.com\/site\/2021\/09\/29\/consejos-para-el-cuidado-de-los-recien-nacidos\/#primaryimage"},"thumbnailUrl":"https:\/\/noticiasmercedinas.com\/site\/wp-content\/uploads\/2021\/09\/Depositphotos_162200256_s-2019.jpg","keywords":["beb\u00e9","recien nacido","ropa de bebe"],"articleSection":["Bienestar"],"inLanguage":"es","potentialAction":[{"@type":"CommentAction","name":"Comment","target":["https:\/\/noticiasmercedinas.com\/site\/2021\/09\/29\/consejos-para-el-cuidado-de-los-recien-nacidos\/#respond"]}]},{"@type":"WebPage","@id":"https:\/\/noticiasmercedinas.com\/site\/2021\/09\/29\/consejos-para-el-cuidado-de-los-recien-nacidos\/","url":"https:\/\/noticiasmercedinas.com\/site\/2021\/09\/29\/consejos-para-el-cuidado-de-los-recien-nacidos\/","name":"Consejos para el cuidado de los reci\u00e9n nacidos","isPartOf":{"@id":"https:\/\/noticiasmercedinas.com\/site\/#website"},"primaryImageOfPage":{"@id":"https:\/\/noticiasmercedinas.com\/site\/2021\/09\/29\/consejos-para-el-cuidado-de-los-recien-nacidos\/#primaryimage"},"image":{"@id":"https:\/\/noticiasmercedinas.com\/site\/2021\/09\/29\/consejos-para-el-cuidado-de-los-recien-nacidos\/#primaryimage"},"thumbnailUrl":"https:\/\/noticiasmercedinas.com\/site\/wp-content\/uploads\/2021\/09\/Depositphotos_162200256_s-2019.jpg","datePublished":"2021-09-29T11:46:28+00:00","breadcrumb":{"@id":"https:\/\/noticiasmercedinas.com\/site\/2021\/09\/29\/consejos-para-el-cuidado-de-los-recien-nacidos\/#breadcrumb"},"inLanguage":"es","potentialAction":[{"@type":"ReadAction","target":["https:\/\/noticiasmercedinas.com\/site\/2021\/09\/29\/consejos-para-el-cuidado-de-los-recien-nacidos\/"]}]},{"@type":"ImageObject","inLanguage":"es","@id":"https:\/\/noticiasmercedinas.com\/site\/2021\/09\/29\/consejos-para-el-cuidado-de-los-recien-nacidos\/#primaryimage","url":"https:\/\/noticiasmercedinas.com\/site\/wp-content\/uploads\/2021\/09\/Depositphotos_162200256_s-2019.jpg","contentUrl":"https:\/\/noticiasmercedinas.com\/site\/wp-content\/uploads\/2021\/09\/Depositphotos_162200256_s-2019.jpg","width":640,"height":427},{"@type":"BreadcrumbList","@id":"https:\/\/noticiasmercedinas.com\/site\/2021\/09\/29\/consejos-para-el-cuidado-de-los-recien-nacidos\/#breadcrumb","itemListElement":[{"@type":"ListItem","position":1,"name":"Portada","item":"https:\/\/noticiasmercedinas.com\/site\/"},{"@type":"ListItem","position":2,"name":"Consejos para el cuidado de los reci\u00e9n nacidos"}]},{"@type":"WebSite","@id":"https:\/\/noticiasmercedinas.com\/site\/#website","url":"https:\/\/noticiasmercedinas.com\/site\/","name":"NOTICIASMERCEDINAS.COM","description":"Mercedes, Buenos Aires, Argentina","publisher":{"@id":"https:\/\/noticiasmercedinas.com\/site\/#organization"},"potentialAction":[{"@type":"SearchAction","target":{"@type":"EntryPoint","urlTemplate":"https:\/\/noticiasmercedinas.com\/site\/?s={search_term_string}"},"query-input":{"@type":"PropertyValueSpecification","valueRequired":true,"valueName":"search_term_string"}}],"inLanguage":"es"},{"@type":"Organization","@id":"https:\/\/noticiasmercedinas.com\/site\/#organization","name":"NOTICIASMERCEDINAS.COM","url":"https:\/\/noticiasmercedinas.com\/site\/","logo":{"@type":"ImageObject","inLanguage":"es","@id":"https:\/\/noticiasmercedinas.com\/site\/#\/schema\/logo\/image\/","url":"https:\/\/noticiasmercedinas.com\/site\/wp-content\/uploads\/2020\/06\/LOGO-512.jpg","contentUrl":"https:\/\/noticiasmercedinas.com\/site\/wp-content\/uploads\/2020\/06\/LOGO-512.jpg","width":512,"height":512,"caption":"NOTICIASMERCEDINAS.COM"},"image":{"@id":"https:\/\/noticiasmercedinas.com\/site\/#\/schema\/logo\/image\/"},"sameAs":["https:\/\/www.facebook.com\/noticiasmercedinas\/","https:\/\/x.com\/notmercedinas","https:\/\/www.instagram.com\/noticiasmercedinas\/"]},{"@type":"Person","@id":"https:\/\/noticiasmercedinas.com\/site\/#\/schema\/person\/84b59c099c28ff2e8b77d4ceec5d8063","name":"NOTICIASMERCEDINAS.COM","image":{"@type":"ImageObject","inLanguage":"es","@id":"https:\/\/secure.gravatar.com\/avatar\/4dfbf16b4d17945bfb6341b2d19043457132fcf478a5ee04f42e959fd8f5df0a?s=96&d=mm&r=g","url":"https:\/\/secure.gravatar.com\/avatar\/4dfbf16b4d17945bfb6341b2d19043457132fcf478a5ee04f42e959fd8f5df0a?s=96&d=mm&r=g","contentUrl":"https:\/\/secure.gravatar.com\/avatar\/4dfbf16b4d17945bfb6341b2d19043457132fcf478a5ee04f42e959fd8f5df0a?s=96&d=mm&r=g","caption":"NOTICIASMERCEDINAS.COM"},"url":"https:\/\/noticiasmercedinas.com\/site\/author\/anonimo\/"}]}},"amp_enabled":true,"_links":{"self":[{"href":"https:\/\/noticiasmercedinas.com\/site\/wp-json\/wp\/v2\/posts\/75920","targetHints":{"allow":["GET"]}}],"collection":[{"href":"https:\/\/noticiasmercedinas.com\/site\/wp-json\/wp\/v2\/posts"}],"about":[{"href":"https:\/\/noticiasmercedinas.com\/site\/wp-json\/wp\/v2\/types\/post"}],"author":[{"embeddable":true,"href":"https:\/\/noticiasmercedinas.com\/site\/wp-json\/wp\/v2\/users\/16"}],"replies":[{"embeddable":true,"href":"https:\/\/noticiasmercedinas.com\/site\/wp-json\/wp\/v2\/comments?post=75920"}],"version-history":[{"count":1,"href":"https:\/\/noticiasmercedinas.com\/site\/wp-json\/wp\/v2\/posts\/75920\/revisions"}],"predecessor-version":[{"id":75922,"href":"https:\/\/noticiasmercedinas.com\/site\/wp-json\/wp\/v2\/posts\/75920\/revisions\/75922"}],"wp:featuredmedia":[{"embeddable":true,"href":"https:\/\/noticiasmercedinas.com\/site\/wp-json\/wp\/v2\/media\/75921"}],"wp:attachment":[{"href":"https:\/\/noticiasmercedinas.com\/site\/wp-json\/wp\/v2\/media?parent=75920"}],"wp:term":[{"taxonomy":"category","embeddable":true,"href":"https:\/\/noticiasmercedinas.com\/site\/wp-json\/wp\/v2\/categories?post=75920"},{"taxonomy":"post_tag","embeddable":true,"href":"https:\/\/noticiasmercedinas.com\/site\/wp-json\/wp\/v2\/tags?post=75920"}],"curies":[{"name":"wp","href":"https:\/\/api.w.org\/{rel}","templated":true}]}}